{"id":12004,"date":"2022-03-02T16:35:05","date_gmt":"2022-03-02T15:35:05","guid":{"rendered":"https:\/\/www.organisator.ch\/?p=12004"},"modified":"2022-03-02T16:35:05","modified_gmt":"2022-03-02T15:35:05","slug":"goba-ag-neu-unter-dem-dach-der-f-g-pfister-stiftung","status":"publish","type":"post","link":"https:\/\/www.organisator.ch\/de\/management\/2022-03-02\/goba-ag-neu-unter-dem-dach-der-f-g-pfister-stiftung\/","title":{"rendered":"Goba AG neu unter dem Dach der F.G. Pfister Stiftung"},"content":{"rendered":"<figure id=\"attachment_12005\" aria-describedby=\"caption-attachment-12005\" style=\"width: 680px\" class=\"wp-caption alignnone\"><img loading=\"lazy\" decoding=\"async\" class=\"size-full wp-image-12005\" src=\"https:\/\/www.organisator.ch\/wp-content\/uploads\/2022\/03\/Goba-AG-neu-unter-dem-Dach-der-F.G.-Pfister-Stiftung_Organisator.jpg\" alt=\"\" width=\"680\" height=\"538\" srcset=\"https:\/\/www.organisator.ch\/wp-content\/uploads\/2022\/03\/Goba-AG-neu-unter-dem-Dach-der-F.G.-Pfister-Stiftung_Organisator.jpg 680w, https:\/\/www.organisator.ch\/wp-content\/uploads\/2022\/03\/Goba-AG-neu-unter-dem-Dach-der-F.G.-Pfister-Stiftung_Organisator-15x12.jpg 15w, https:\/\/www.organisator.ch\/wp-content\/uploads\/2022\/03\/Goba-AG-neu-unter-dem-Dach-der-F.G.-Pfister-Stiftung_Organisator-221x175.jpg 221w, https:\/\/www.organisator.ch\/wp-content\/uploads\/2022\/03\/Goba-AG-neu-unter-dem-Dach-der-F.G.-Pfister-Stiftung_Organisator-442x350.jpg 442w, https:\/\/www.organisator.ch\/wp-content\/uploads\/2022\/03\/Goba-AG-neu-unter-dem-Dach-der-F.G.-Pfister-Stiftung_Organisator-300x237.jpg 300w\" sizes=\"auto, (max-width: 680px) 100vw, 680px\" \/><figcaption id=\"caption-attachment-12005\" class=\"wp-caption-text\">Co-CEO und Miteigent\u00fcmerin Gabriela Manser verkauft 90 Prozent der Firma Goba AG an die F.G. Pfister Beteiligungen AG. (Bild: ORGANISATOR \/ Linda Pollari)<\/figcaption><\/figure>\n<p>Sie ist seit Jahren das Gesicht der Goba AG: Gabriela Manser. Sie hat den kleinen Mineralwasserproduzenten aus Gontenbad AI mit der inzwischen landesweit bekannten Marke &#8222;Flauder&#8220; zu neuer Bl\u00fcte gef\u00fchrt. Nun kommt es zur Regelung der Firmennachfolge. \u00abGoba ist eine wunderbare Firma und ein St\u00fcck Schweizer Kultur. Wir freuen uns und sind stolz, die Goba AG als erste Firma im Konsumg\u00fcterbereich neu unter dem Dach der F.G. Pfister Stiftung aufzunehmen\u00bb, sagt Rudolf Obrecht, Pr\u00e4sident der F.G. Pfister Beteiligungen AG, die als Unternehmen der F.G. Pfister Stiftung die Anteile erwirbt. Die F.G. Pfister Beteiligungen AG geh\u00f6rt zu 100% der F.G. Pfister Stiftung. Zusammen mit der der Pfister Immobilien AG ist sie unter dem Dach der F.G. Pfister Holding AG unternehmerisch t\u00e4tig.<\/p>\n<h2>Goba AG: Erfolgreiches KMU im Getr\u00e4nkesektor<\/h2>\n<p>Die Goba AG, Mineralquelle und Manufaktur, geh\u00f6rt zu den kleinsten Mineralwasserproduzenten der Schweiz. Gabriela Manser f\u00fchrt den Familienbetrieb seit 1999 in dritter Generation. Unter ihrer Gesch\u00e4ftsf\u00fchrung sowie durch spannende Innovationen hat sich die Goba AG zu einem erfolgreichen KMU im Getr\u00e4nkesektor entwickelt. Seit gut f\u00fcnf Jahren haben sich Manser und ihr Umfeld aktiv mit tragf\u00e4higen Nachfolgel\u00f6sungen besch\u00e4ftigt. \u00abMit der F.G. Pfister Stiftung hat die Goba AG den Wunschpartner gefunden, der die gleichen \u00f6kologischen, sozialen und gesellschaftlichen Werte teilt. Ausgeschlossen war ein renditeorientierter Investor. Dieser Schritt er\u00f6ffnet das n\u00e4chste Kapitel in der Entwicklung von Goba. Ein Traditions-Unternehmen und eine in einer Stiftung bewahrte Unternehmer-Tradition verbinden sich, um die Goba-Geschichte weiterzuschreiben\u00bb, so Gabriela Manser, die weiterhin als Verwaltungsratspr\u00e4sidentin und Mitglied der Gesch\u00e4ftsleitung t\u00e4tig sein wird. Sie wird sich insbesondere als treibende Kraft bei Innovationsthemen engagieren. Die Firma besch\u00e4ftigt 73 Mitarbeitende und verf\u00fcgt \u00fcber drei Standorte im Appenzellerland. Der Hauptsitz mit der Abf\u00fcllerei in Gontenbad (AI), das Logistikzentrum und die Manufaktur im B\u00fchler (AR) sowie die Erlebniswelt \u00abFlauderei\u00bb im Dorf Appenzell. Neben dem Mineralwasser ist es vor allem die Flauder-Linie, welche die Goba AG bekannt gemacht hat. Das eingespielte Team der Goba AG wird unver\u00e4ndert bestehen bleiben.<\/p>\n<h2>Partnerschaft f\u00fcr langfristige Weiterentwicklung<\/h2>\n<p>Goba wird Goba bleiben \u2013 und sich in ihrer eigenen Kultur weiter entwickeln d\u00fcrfen, so die neuen Besitzer. \u00abEin zentralistisch organisierter Mischkonzern mit riesigen Synergien ist nicht unser Ziel. Wir glauben an die Effizienz und Kraft von dezentralen Unternehmen mit ihrer eigenen Unternehmenskultur. Was wir leisten k\u00f6nnen, ist Sicherheit geben und unser Know-how sowie Netzwerk zur Verf\u00fcgung zu stellen &#8211; sofern es gew\u00fcnscht ist. Die unternehmerische Freiheit der Firmen, an denen wir uns beteiligen, ist sehr wichtig. Die F.G. Pfister Stiftung ist der Schweiz verpflichtet. Unsere Grundidee ist: kaufen, halten, ausbauen und entwickeln\u00bb, so Rudolf Obrecht. Die Expertise und das grosse Netzwerk der zur F.G Pfister Stiftung geh\u00f6renden Unternehmen werden die Goba AG bei der Erschliessung neuer Segmente und M\u00e4rkte unterst\u00fctzen k\u00f6nnen, um zukunftsorientierte Projekte voranzutreiben. Die F.G. Pfister Beteiligungen AG nimmt Einsitz in den Verwaltungsrat und sieht sich somit als Partner in der strategischen Unternehmensentwicklung.<\/p>\n<p><a href=\"https:\/\/goba-welt.ch\/\"><em>Weitere Informationen<\/em><\/a><\/p>\n","protected":false},"excerpt":{"rendered":"<p>Sie ist seit Jahren das Gesicht der Goba AG: Gabriela Manser. Sie hat den kleinen Mineralwasserproduzenten aus Gontenbad AI mit der inzwischen landesweit bekannten Marke &#8222;Flauder&#8220; zu neuer Bl\u00fcte gef\u00fchrt. Nun kommt es zur Regelung der Firmennachfolge. \u00abGoba ist eine wunderbare Firma und ein St\u00fcck Schweizer Kultur. Wir freuen uns und sind stolz, die Goba [&hellip;]<\/p>\n","protected":false},"author":4,"featured_media":12005,"comment_status":"closed","ping_status":"closed","sticky":false,"template":"","format":"standard","meta":{"_acf_changed":false,"_yoast_wpseo_focuskw":"Goba AG","_yoast_wpseo_metadesc":"Gabriela Manser, Co-CEO und Miteigent\u00fcmerin der Goba AG, verkauft 90% des Unternehmens an die F.G. Pfister Beteiligungen AG.","articlekey":"","footnotes":""},"categories":[28],"tags":[207,334,492],"class_list":["post-12004","post","type-post","status-publish","format-standard","has-post-thumbnail","hentry","category-management","tag-firmennachfolge","tag-management","tag-unternehmen"],"acf":[],"yoast_head":"<!-- This site is optimized with the Yoast SEO plugin v27.5 - https:\/\/yoast.com\/product\/yoast-seo-wordpress\/ -->\n<title>Goba AG neu unter dem Dach der F.G. Pfister Stiftung - Organisator<\/title>\n<meta name=\"description\" content=\"Gabriela Manser, Co-CEO und Miteigent\u00fcmerin der Goba AG, verkauft 90% des Unternehmens an die F.G. Pfister Beteiligungen AG.\" \/>\n<meta name=\"robots\" content=\"index, follow, max-snippet:-1, max-image-preview:large, max-video-preview:-1\" \/>\n<link rel=\"canonical\" href=\"https:\/\/www.organisator.ch\/de\/management\/2022-03-02\/goba-ag-neu-unter-dem-dach-der-f-g-pfister-stiftung\/\" \/>\n<meta property=\"og:locale\" content=\"de_DE\" \/>\n<meta property=\"og:type\" content=\"article\" \/>\n<meta property=\"og:title\" content=\"Goba AG neu unter dem Dach der F.G. Pfister Stiftung\" \/>\n<meta property=\"og:description\" content=\"Gabriela Manser, Co-CEO und Miteigent\u00fcmerin der Goba AG, verkauft 90% des Unternehmens an die F.G. Pfister Beteiligungen AG.\" \/>\n<meta property=\"og:url\" content=\"https:\/\/www.organisator.ch\/de\/management\/2022-03-02\/goba-ag-neu-unter-dem-dach-der-f-g-pfister-stiftung\/\" \/>\n<meta property=\"og:site_name\" content=\"Organisator\" \/>\n<meta property=\"article:publisher\" content=\"https:\/\/www.facebook.com\/OrganisatorFachmagazin\" \/>\n<meta property=\"article:published_time\" content=\"2022-03-02T15:35:05+00:00\" \/>\n<meta property=\"og:image\" content=\"https:\/\/www.organisator.ch\/wp-content\/uploads\/2022\/03\/Goba-AG-neu-unter-dem-Dach-der-F.G.-Pfister-Stiftung_Organisator.jpg\" \/>\n\t<meta property=\"og:image:width\" content=\"680\" \/>\n\t<meta property=\"og:image:height\" content=\"538\" \/>\n\t<meta property=\"og:image:type\" content=\"image\/jpeg\" \/>\n<meta name=\"author\" content=\"thomas.berner\" \/>\n<meta name=\"twitter:card\" content=\"summary_large_image\" \/>\n<meta name=\"twitter:title\" content=\"#Goba AG neu unter dem Dach der F.G. #Pfister Stiftung\" \/>\n<meta name=\"twitter:description\" content=\"Gabriela #Manser, Co-CEO und Miteigent\u00fcmerin der #Goba AG, verkauft 90% des Unternehmens an die F.G. #Pfister Beteiligungen AG.\" \/>\n<meta name=\"twitter:image\" content=\"https:\/\/www.organisator.ch\/wp-content\/uploads\/2022\/03\/Goba-AG-neu-unter-dem-Dach-der-F.G.-Pfister-Stiftung_Organisator.jpg\" \/>\n<script type=\"application\/ld+json\" class=\"yoast-schema-graph\">{\"@context\":\"https:\\\/\\\/schema.org\",\"@graph\":[{\"@type\":\"Article\",\"@id\":\"https:\\\/\\\/www.organisator.ch\\\/management\\\/2022-03-02\\\/goba-ag-neu-unter-dem-dach-der-f-g-pfister-stiftung\\\/#article\",\"isPartOf\":{\"@id\":\"https:\\\/\\\/www.organisator.ch\\\/management\\\/2022-03-02\\\/goba-ag-neu-unter-dem-dach-der-f-g-pfister-stiftung\\\/\"},\"author\":{\"name\":\"thomas.berner\",\"@id\":\"https:\\\/\\\/www.organisator.ch\\\/#\\\/schema\\\/person\\\/6f650f90b2842cd4c0cc334b4e36f67e\"},\"headline\":\"Goba AG neu unter dem Dach der F.G. Pfister Stiftung\",\"datePublished\":\"2022-03-02T15:35:05+00:00\",\"mainEntityOfPage\":{\"@id\":\"https:\\\/\\\/www.organisator.ch\\\/management\\\/2022-03-02\\\/goba-ag-neu-unter-dem-dach-der-f-g-pfister-stiftung\\\/\"},\"wordCount\":555,\"publisher\":{\"@id\":\"https:\\\/\\\/www.organisator.ch\\\/#organization\"},\"image\":{\"@id\":\"https:\\\/\\\/www.organisator.ch\\\/management\\\/2022-03-02\\\/goba-ag-neu-unter-dem-dach-der-f-g-pfister-stiftung\\\/#primaryimage\"},\"thumbnailUrl\":\"https:\\\/\\\/www.organisator.ch\\\/wp-content\\\/uploads\\\/2022\\\/03\\\/Goba-AG-neu-unter-dem-Dach-der-F.G.-Pfister-Stiftung_Organisator.jpg\",\"keywords\":[\"Firmennachfolge\",\"Management\",\"Unternehmen\"],\"articleSection\":[\"MANAGEMENT\"],\"inLanguage\":\"de\"},{\"@type\":\"WebPage\",\"@id\":\"https:\\\/\\\/www.organisator.ch\\\/management\\\/2022-03-02\\\/goba-ag-neu-unter-dem-dach-der-f-g-pfister-stiftung\\\/\",\"url\":\"https:\\\/\\\/www.organisator.ch\\\/management\\\/2022-03-02\\\/goba-ag-neu-unter-dem-dach-der-f-g-pfister-stiftung\\\/\",\"name\":\"Goba AG neu unter dem Dach der F.G. Pfister Stiftung - Organisator\",\"isPartOf\":{\"@id\":\"https:\\\/\\\/www.organisator.ch\\\/#website\"},\"primaryImageOfPage\":{\"@id\":\"https:\\\/\\\/www.organisator.ch\\\/management\\\/2022-03-02\\\/goba-ag-neu-unter-dem-dach-der-f-g-pfister-stiftung\\\/#primaryimage\"},\"image\":{\"@id\":\"https:\\\/\\\/www.organisator.ch\\\/management\\\/2022-03-02\\\/goba-ag-neu-unter-dem-dach-der-f-g-pfister-stiftung\\\/#primaryimage\"},\"thumbnailUrl\":\"https:\\\/\\\/www.organisator.ch\\\/wp-content\\\/uploads\\\/2022\\\/03\\\/Goba-AG-neu-unter-dem-Dach-der-F.G.-Pfister-Stiftung_Organisator.jpg\",\"datePublished\":\"2022-03-02T15:35:05+00:00\",\"description\":\"Gabriela Manser, Co-CEO und Miteigent\u00fcmerin der Goba AG, verkauft 90% des Unternehmens an die F.G. Pfister Beteiligungen AG.\",\"breadcrumb\":{\"@id\":\"https:\\\/\\\/www.organisator.ch\\\/management\\\/2022-03-02\\\/goba-ag-neu-unter-dem-dach-der-f-g-pfister-stiftung\\\/#breadcrumb\"},\"inLanguage\":\"de\",\"potentialAction\":[{\"@type\":\"ReadAction\",\"target\":[\"https:\\\/\\\/www.organisator.ch\\\/management\\\/2022-03-02\\\/goba-ag-neu-unter-dem-dach-der-f-g-pfister-stiftung\\\/\"]}]},{\"@type\":\"ImageObject\",\"inLanguage\":\"de\",\"@id\":\"https:\\\/\\\/www.organisator.ch\\\/management\\\/2022-03-02\\\/goba-ag-neu-unter-dem-dach-der-f-g-pfister-stiftung\\\/#primaryimage\",\"url\":\"https:\\\/\\\/www.organisator.ch\\\/wp-content\\\/uploads\\\/2022\\\/03\\\/Goba-AG-neu-unter-dem-Dach-der-F.G.-Pfister-Stiftung_Organisator.jpg\",\"contentUrl\":\"https:\\\/\\\/www.organisator.ch\\\/wp-content\\\/uploads\\\/2022\\\/03\\\/Goba-AG-neu-unter-dem-Dach-der-F.G.-Pfister-Stiftung_Organisator.jpg\",\"width\":680,\"height\":538,\"caption\":\"Gabriela Manser verkauft 90 Prozent ihrer Anteile an Goba AG an die F.G. Pfister Beteiligungen AG. (Bild: ORGANISATOR \\\/ Linda Pollari)\"},{\"@type\":\"BreadcrumbList\",\"@id\":\"https:\\\/\\\/www.organisator.ch\\\/management\\\/2022-03-02\\\/goba-ag-neu-unter-dem-dach-der-f-g-pfister-stiftung\\\/#breadcrumb\",\"itemListElement\":[{\"@type\":\"ListItem\",\"position\":1,\"name\":\"Home\",\"item\":\"https:\\\/\\\/www.organisator.ch\\\/\"},{\"@type\":\"ListItem\",\"position\":2,\"name\":\"Goba AG neu unter dem Dach der F.G. Pfister Stiftung\"}]},{\"@type\":\"WebSite\",\"@id\":\"https:\\\/\\\/www.organisator.ch\\\/#website\",\"url\":\"https:\\\/\\\/www.organisator.ch\\\/\",\"name\":\"Organisator\",\"description\":\"Kompetent. Praxisnah. Der ORGANISATOR bereitet in 10 Ausgaben pro Jahr die wesentlichen Themen f\u00fcr F\u00fchrungskr\u00e4fte von KMU auf.\",\"publisher\":{\"@id\":\"https:\\\/\\\/www.organisator.ch\\\/#organization\"},\"potentialAction\":[{\"@type\":\"SearchAction\",\"target\":{\"@type\":\"EntryPoint\",\"urlTemplate\":\"https:\\\/\\\/www.organisator.ch\\\/?s={search_term_string}\"},\"query-input\":{\"@type\":\"PropertyValueSpecification\",\"valueRequired\":true,\"valueName\":\"search_term_string\"}}],\"inLanguage\":\"de\"},{\"@type\":\"Organization\",\"@id\":\"https:\\\/\\\/www.organisator.ch\\\/#organization\",\"name\":\"Organisator\",\"url\":\"https:\\\/\\\/www.organisator.ch\\\/\",\"logo\":{\"@type\":\"ImageObject\",\"inLanguage\":\"de\",\"@id\":\"https:\\\/\\\/www.organisator.ch\\\/#\\\/schema\\\/logo\\\/image\\\/\",\"url\":\"https:\\\/\\\/www.organisator.ch\\\/wp-content\\\/uploads\\\/2022\\\/01\\\/Logo_Organisator_Website.png\",\"contentUrl\":\"https:\\\/\\\/www.organisator.ch\\\/wp-content\\\/uploads\\\/2022\\\/01\\\/Logo_Organisator_Website.png\",\"width\":800,\"height\":77,\"caption\":\"Organisator\"},\"image\":{\"@id\":\"https:\\\/\\\/www.organisator.ch\\\/#\\\/schema\\\/logo\\\/image\\\/\"},\"sameAs\":[\"https:\\\/\\\/www.facebook.com\\\/OrganisatorFachmagazin\",\"https:\\\/\\\/www.linkedin.com\\\/showcase\\\/organisator-das-magazin-fr-kmu\",\"https:\\\/\\\/www.xing.com\\\/news\\\/pages\\\/organisator-ch-695\",\"https:\\\/\\\/www.youtube.com\\\/channel\\\/UCGP2Sq0iWaZwT3BdIAQFYpw\"]},{\"@type\":\"Person\",\"@id\":\"https:\\\/\\\/www.organisator.ch\\\/#\\\/schema\\\/person\\\/6f650f90b2842cd4c0cc334b4e36f67e\",\"name\":\"thomas.berner\",\"image\":{\"@type\":\"ImageObject\",\"inLanguage\":\"de\",\"@id\":\"https:\\\/\\\/secure.gravatar.com\\\/avatar\\\/ac5001d2a36cb6c6cd3e50789007ffca834b477b74a2144564522e944eabff61?s=96&d=mm&r=g\",\"url\":\"https:\\\/\\\/secure.gravatar.com\\\/avatar\\\/ac5001d2a36cb6c6cd3e50789007ffca834b477b74a2144564522e944eabff61?s=96&d=mm&r=g\",\"contentUrl\":\"https:\\\/\\\/secure.gravatar.com\\\/avatar\\\/ac5001d2a36cb6c6cd3e50789007ffca834b477b74a2144564522e944eabff61?s=96&d=mm&r=g\",\"caption\":\"thomas.berner\"},\"url\":\"https:\\\/\\\/www.organisator.ch\\\/de\\\/author\\\/thomas-berner\\\/\"}]}<\/script>\n<!-- \/ Yoast SEO plugin. -->","yoast_head_json":{"title":"Goba AG neu unter dem Dach der F.G. Pfister Stiftung - Organisator","description":"Gabriela Manser, Co-CEO und Miteigent\u00fcmerin der Goba AG, verkauft 90% des Unternehmens an die F.G. Pfister Beteiligungen AG.","robots":{"index":"index","follow":"follow","max-snippet":"max-snippet:-1","max-image-preview":"max-image-preview:large","max-video-preview":"max-video-preview:-1"},"canonical":"https:\/\/www.organisator.ch\/de\/management\/2022-03-02\/goba-ag-neu-unter-dem-dach-der-f-g-pfister-stiftung\/","og_locale":"de_DE","og_type":"article","og_title":"Goba AG neu unter dem Dach der F.G. Pfister Stiftung","og_description":"Gabriela Manser, Co-CEO und Miteigent\u00fcmerin der Goba AG, verkauft 90% des Unternehmens an die F.G. Pfister Beteiligungen AG.","og_url":"https:\/\/www.organisator.ch\/de\/management\/2022-03-02\/goba-ag-neu-unter-dem-dach-der-f-g-pfister-stiftung\/","og_site_name":"Organisator","article_publisher":"https:\/\/www.facebook.com\/OrganisatorFachmagazin","article_published_time":"2022-03-02T15:35:05+00:00","og_image":[{"width":680,"height":538,"url":"https:\/\/www.organisator.ch\/wp-content\/uploads\/2022\/03\/Goba-AG-neu-unter-dem-Dach-der-F.G.-Pfister-Stiftung_Organisator.jpg","type":"image\/jpeg"}],"author":"thomas.berner","twitter_card":"summary_large_image","twitter_title":"#Goba AG neu unter dem Dach der F.G. #Pfister Stiftung","twitter_description":"Gabriela #Manser, Co-CEO und Miteigent\u00fcmerin der #Goba AG, verkauft 90% des Unternehmens an die F.G. #Pfister Beteiligungen AG.","twitter_image":"https:\/\/www.organisator.ch\/wp-content\/uploads\/2022\/03\/Goba-AG-neu-unter-dem-Dach-der-F.G.-Pfister-Stiftung_Organisator.jpg","schema":{"@context":"https:\/\/schema.org","@graph":[{"@type":"Article","@id":"https:\/\/www.organisator.ch\/management\/2022-03-02\/goba-ag-neu-unter-dem-dach-der-f-g-pfister-stiftung\/#article","isPartOf":{"@id":"https:\/\/www.organisator.ch\/management\/2022-03-02\/goba-ag-neu-unter-dem-dach-der-f-g-pfister-stiftung\/"},"author":{"name":"thomas.berner","@id":"https:\/\/www.organisator.ch\/#\/schema\/person\/6f650f90b2842cd4c0cc334b4e36f67e"},"headline":"Goba AG neu unter dem Dach der F.G. Pfister Stiftung","datePublished":"2022-03-02T15:35:05+00:00","mainEntityOfPage":{"@id":"https:\/\/www.organisator.ch\/management\/2022-03-02\/goba-ag-neu-unter-dem-dach-der-f-g-pfister-stiftung\/"},"wordCount":555,"publisher":{"@id":"https:\/\/www.organisator.ch\/#organization"},"image":{"@id":"https:\/\/www.organisator.ch\/management\/2022-03-02\/goba-ag-neu-unter-dem-dach-der-f-g-pfister-stiftung\/#primaryimage"},"thumbnailUrl":"https:\/\/www.organisator.ch\/wp-content\/uploads\/2022\/03\/Goba-AG-neu-unter-dem-Dach-der-F.G.-Pfister-Stiftung_Organisator.jpg","keywords":["Firmennachfolge","Management","Unternehmen"],"articleSection":["MANAGEMENT"],"inLanguage":"de"},{"@type":"WebPage","@id":"https:\/\/www.organisator.ch\/management\/2022-03-02\/goba-ag-neu-unter-dem-dach-der-f-g-pfister-stiftung\/","url":"https:\/\/www.organisator.ch\/management\/2022-03-02\/goba-ag-neu-unter-dem-dach-der-f-g-pfister-stiftung\/","name":"Goba AG neu unter dem Dach der F.G. Pfister Stiftung - Organisator","isPartOf":{"@id":"https:\/\/www.organisator.ch\/#website"},"primaryImageOfPage":{"@id":"https:\/\/www.organisator.ch\/management\/2022-03-02\/goba-ag-neu-unter-dem-dach-der-f-g-pfister-stiftung\/#primaryimage"},"image":{"@id":"https:\/\/www.organisator.ch\/management\/2022-03-02\/goba-ag-neu-unter-dem-dach-der-f-g-pfister-stiftung\/#primaryimage"},"thumbnailUrl":"https:\/\/www.organisator.ch\/wp-content\/uploads\/2022\/03\/Goba-AG-neu-unter-dem-Dach-der-F.G.-Pfister-Stiftung_Organisator.jpg","datePublished":"2022-03-02T15:35:05+00:00","description":"Gabriela Manser, Co-CEO und Miteigent\u00fcmerin der Goba AG, verkauft 90% des Unternehmens an die F.G. Pfister Beteiligungen AG.","breadcrumb":{"@id":"https:\/\/www.organisator.ch\/management\/2022-03-02\/goba-ag-neu-unter-dem-dach-der-f-g-pfister-stiftung\/#breadcrumb"},"inLanguage":"de","potentialAction":[{"@type":"ReadAction","target":["https:\/\/www.organisator.ch\/management\/2022-03-02\/goba-ag-neu-unter-dem-dach-der-f-g-pfister-stiftung\/"]}]},{"@type":"ImageObject","inLanguage":"de","@id":"https:\/\/www.organisator.ch\/management\/2022-03-02\/goba-ag-neu-unter-dem-dach-der-f-g-pfister-stiftung\/#primaryimage","url":"https:\/\/www.organisator.ch\/wp-content\/uploads\/2022\/03\/Goba-AG-neu-unter-dem-Dach-der-F.G.-Pfister-Stiftung_Organisator.jpg","contentUrl":"https:\/\/www.organisator.ch\/wp-content\/uploads\/2022\/03\/Goba-AG-neu-unter-dem-Dach-der-F.G.-Pfister-Stiftung_Organisator.jpg","width":680,"height":538,"caption":"Gabriela Manser verkauft 90 Prozent ihrer Anteile an Goba AG an die F.G. Pfister Beteiligungen AG. (Bild: ORGANISATOR \/ Linda Pollari)"},{"@type":"BreadcrumbList","@id":"https:\/\/www.organisator.ch\/management\/2022-03-02\/goba-ag-neu-unter-dem-dach-der-f-g-pfister-stiftung\/#breadcrumb","itemListElement":[{"@type":"ListItem","position":1,"name":"Home","item":"https:\/\/www.organisator.ch\/"},{"@type":"ListItem","position":2,"name":"Goba AG neu unter dem Dach der F.G. Pfister Stiftung"}]},{"@type":"WebSite","@id":"https:\/\/www.organisator.ch\/#website","url":"https:\/\/www.organisator.ch\/","name":"Organisator","description":"Kompetent. Praxisnah. Der ORGANISATOR bereitet in 10 Ausgaben pro Jahr die wesentlichen Themen f\u00fcr F\u00fchrungskr\u00e4fte von KMU auf.","publisher":{"@id":"https:\/\/www.organisator.ch\/#organization"},"potentialAction":[{"@type":"SearchAction","target":{"@type":"EntryPoint","urlTemplate":"https:\/\/www.organisator.ch\/?s={search_term_string}"},"query-input":{"@type":"PropertyValueSpecification","valueRequired":true,"valueName":"search_term_string"}}],"inLanguage":"de"},{"@type":"Organization","@id":"https:\/\/www.organisator.ch\/#organization","name":"Organisator","url":"https:\/\/www.organisator.ch\/","logo":{"@type":"ImageObject","inLanguage":"de","@id":"https:\/\/www.organisator.ch\/#\/schema\/logo\/image\/","url":"https:\/\/www.organisator.ch\/wp-content\/uploads\/2022\/01\/Logo_Organisator_Website.png","contentUrl":"https:\/\/www.organisator.ch\/wp-content\/uploads\/2022\/01\/Logo_Organisator_Website.png","width":800,"height":77,"caption":"Organisator"},"image":{"@id":"https:\/\/www.organisator.ch\/#\/schema\/logo\/image\/"},"sameAs":["https:\/\/www.facebook.com\/OrganisatorFachmagazin","https:\/\/www.linkedin.com\/showcase\/organisator-das-magazin-fr-kmu","https:\/\/www.xing.com\/news\/pages\/organisator-ch-695","https:\/\/www.youtube.com\/channel\/UCGP2Sq0iWaZwT3BdIAQFYpw"]},{"@type":"Person","@id":"https:\/\/www.organisator.ch\/#\/schema\/person\/6f650f90b2842cd4c0cc334b4e36f67e","name":"thomas.berner","image":{"@type":"ImageObject","inLanguage":"de","@id":"https:\/\/secure.gravatar.com\/avatar\/ac5001d2a36cb6c6cd3e50789007ffca834b477b74a2144564522e944eabff61?s=96&d=mm&r=g","url":"https:\/\/secure.gravatar.com\/avatar\/ac5001d2a36cb6c6cd3e50789007ffca834b477b74a2144564522e944eabff61?s=96&d=mm&r=g","contentUrl":"https:\/\/secure.gravatar.com\/avatar\/ac5001d2a36cb6c6cd3e50789007ffca834b477b74a2144564522e944eabff61?s=96&d=mm&r=g","caption":"thomas.berner"},"url":"https:\/\/www.organisator.ch\/de\/author\/thomas-berner\/"}]}},"_links":{"self":[{"href":"https:\/\/www.organisator.ch\/de\/wp-json\/wp\/v2\/posts\/12004","targetHints":{"allow":["GET"]}}],"collection":[{"href":"https:\/\/www.organisator.ch\/de\/wp-json\/wp\/v2\/posts"}],"about":[{"href":"https:\/\/www.organisator.ch\/de\/wp-json\/wp\/v2\/types\/post"}],"author":[{"embeddable":true,"href":"https:\/\/www.organisator.ch\/de\/wp-json\/wp\/v2\/users\/4"}],"replies":[{"embeddable":true,"href":"https:\/\/www.organisator.ch\/de\/wp-json\/wp\/v2\/comments?post=12004"}],"version-history":[{"count":1,"href":"https:\/\/www.organisator.ch\/de\/wp-json\/wp\/v2\/posts\/12004\/revisions"}],"predecessor-version":[{"id":12009,"href":"https:\/\/www.organisator.ch\/de\/wp-json\/wp\/v2\/posts\/12004\/revisions\/12009"}],"wp:featuredmedia":[{"embeddable":true,"href":"https:\/\/www.organisator.ch\/de\/wp-json\/wp\/v2\/media\/12005"}],"wp:attachment":[{"href":"https:\/\/www.organisator.ch\/de\/wp-json\/wp\/v2\/media?parent=12004"}],"wp:term":[{"taxonomy":"category","embeddable":true,"href":"https:\/\/www.organisator.ch\/de\/wp-json\/wp\/v2\/categories?post=12004"},{"taxonomy":"post_tag","embeddable":true,"href":"https:\/\/www.organisator.ch\/de\/wp-json\/wp\/v2\/tags?post=12004"}],"curies":[{"name":"wp","href":"https:\/\/api.w.org\/{rel}","templated":true}]}}