{"id":12016,"date":"2022-03-03T10:28:52","date_gmt":"2022-03-03T09:28:52","guid":{"rendered":"https:\/\/www.werbewoche.ch\/?p=166521"},"modified":"2022-03-03T14:46:03","modified_gmt":"2022-03-03T13:46:03","slug":"yellow-sorgt-bei-brugg-cables-fuer-power","status":"publish","type":"post","link":"https:\/\/www.organisator.ch\/de\/marketing\/2022-03-03\/yellow-sorgt-bei-brugg-cables-fuer-power\/","title":{"rendered":"Yellow sorgt bei Brugg Cables f\u00fcr Power"},"content":{"rendered":"<img class=\"alignnone size-full wp-image-166522\" src=\"https:\/\/www.werbewoche.ch\/wp-content\/uploads\/2022\/03\/Bildschirmfoto-2022-03-03-um-10.25.12.png\" sizes=\"(max-width: 756px) 100vw, 756px\" srcset=\"https:\/\/www.werbewoche.ch\/wp-content\/uploads\/2022\/03\/Bildschirmfoto-2022-03-03-um-10.25.12.png 756w, https:\/\/www.werbewoche.ch\/wp-content\/uploads\/2022\/03\/Bildschirmfoto-2022-03-03-um-10.25.12-600x320.png 600w, https:\/\/www.werbewoche.ch\/wp-content\/uploads\/2022\/03\/Bildschirmfoto-2022-03-03-um-10.25.12-18x10.png 18w, https:\/\/www.werbewoche.ch\/wp-content\/uploads\/2022\/03\/Bildschirmfoto-2022-03-03-um-10.25.12-328x175.png 328w, https:\/\/www.werbewoche.ch\/wp-content\/uploads\/2022\/03\/Bildschirmfoto-2022-03-03-um-10.25.12-657x350.png 657w, https:\/\/www.werbewoche.ch\/wp-content\/uploads\/2022\/03\/Bildschirmfoto-2022-03-03-um-10.25.12-300x160.png 300w\" alt=\"\" width=\"756\" height=\"403\" \/>Grundlage f\u00fcr diese Aufgabe sei ein strategisch strukturierter Prozess, mit welchem die Positionierung des Unternehmens gekl\u00e4rt und der Brand gesch\u00e4rft wird.\r\n\r\nBrugg Cables bezeichnet sich als innovativer Schweizer Kabel- und Garniturenhersteller mit umfangreichem Dienstleistungsangebot in der Energie\u00fcbertragung und -verteilung.\r\n\r\nDas Unternehmen wurde vor \u00fcber 120 Jahren von Gottlieb Suhner gegr\u00fcndet und entwickelte sich zu einem weltweit agierenden Anbieter auf Topniveau. Die Firma z\u00e4hlt rund 400 Mitarbeitende und betreibt neben dem Hauptsitz in Brugg Niederlassungen in sechs L\u00e4ndern und eine Produktion in China. Seit Anfang 2020 geh\u00f6rt das Schweizer Unternehmen zum italienischen Energieversorger Terna.\r\n\r\nNachdem die Brugg Kabel organisatorisch auf die Zukunft vorbereitet ist, sollen nun Marke und Kommunikation diesen Schritt ebenfalls vollziehen. Dazu hat sich das Management des Schweizer Kabelherstellers mit Yellow verbunden. Anhand des agentur-eigenen Markenprinzips soll der Status quo der Branche analysiert werden und daraus eine differenzierende Positionierung abgeleitet werden. Auf dieser Grundlage wird die Marke gesch\u00e4rft und die Kommunikation neu ausgerichtet. Der gesamte Erneuerungsprozess schliesst mit dem Relaunch des Brands und seinem Auftritt nach innen und aussen ab. Erste Resultate der Zusammenarbeit von Brugg Cables und Yellow werden f\u00fcr Fr\u00fchjahr 2022 angek\u00fcndigt.\r\n\r\n<hr \/>\r\n\r\n<strong>Verantwortlich bei Brugg Kabel AG:<\/strong> Samuel Ansorge (CEO), Simona Wirth und Irene Stumpo (Marketing &amp; Kommunikation).\r\n<strong>Agentur:<\/strong> Yellow\r\n\r\n&nbsp;","protected":false},"excerpt":{"rendered":"<p>Grundlage f\u00fcr diese Aufgabe sei ein strategisch strukturierter Prozess, mit welchem die Positionierung des Unternehmens gekl\u00e4rt und der Brand gesch\u00e4rft wird. Brugg Cables bezeichnet sich als innovativer Schweizer Kabel- und Garniturenhersteller mit umfangreichem Dienstleistungsangebot in der Energie\u00fcbertragung und -verteilung. Das Unternehmen wurde vor \u00fcber 120 Jahren von Gottlieb Suhner gegr\u00fcndet und entwickelte sich zu einem [\u2026]<\/p>\n","protected":false},"author":8,"featured_media":0,"comment_status":"closed","ping_status":"closed","sticky":false,"template":"","format":"standard","meta":{"_acf_changed":false,"_yoast_wpseo_focuskw":"Brugg Cables","_yoast_wpseo_metadesc":"","articlekey":"","footnotes":""},"categories":[29],"tags":[2729],"class_list":["post-12016","post","type-post","status-publish","format-standard","hentry","category-marketing","tag-yellow"],"acf":[],"yoast_head":"<!-- This site is optimized with the Yoast SEO plugin v27.5 - https:\/\/yoast.com\/product\/yoast-seo-wordpress\/ -->\n<title>Yellow sorgt bei Brugg Cables f\u00fcr Power - Organisator<\/title>\n<meta name=\"robots\" content=\"index, follow, max-snippet:-1, max-image-preview:large, max-video-preview:-1\" \/>\n<link rel=\"canonical\" href=\"https:\/\/www.organisator.ch\/de\/marketing\/2022-03-03\/yellow-sorgt-bei-brugg-cables-fuer-power\/\" \/>\n<meta property=\"og:locale\" content=\"de_DE\" \/>\n<meta property=\"og:type\" content=\"article\" \/>\n<meta property=\"og:title\" content=\"Yellow sorgt bei Brugg Cables f\u00fcr Power - Organisator\" \/>\n<meta property=\"og:description\" content=\"Grundlage f\u00fcr diese Aufgabe sei ein strategisch strukturierter Prozess, mit welchem die Positionierung des Unternehmens gekl\u00e4rt und der Brand gesch\u00e4rft wird. Brugg Cables bezeichnet sich als innovativer Schweizer Kabel- und Garniturenhersteller mit umfangreichem Dienstleistungsangebot in der Energie\u00fcbertragung und -verteilung. Das Unternehmen wurde vor \u00fcber 120 Jahren von Gottlieb Suhner gegr\u00fcndet und entwickelte sich zu einem [\u2026]\" \/>\n<meta property=\"og:url\" content=\"https:\/\/www.organisator.ch\/de\/marketing\/2022-03-03\/yellow-sorgt-bei-brugg-cables-fuer-power\/\" \/>\n<meta property=\"og:site_name\" content=\"Organisator\" \/>\n<meta property=\"article:publisher\" content=\"https:\/\/www.facebook.com\/OrganisatorFachmagazin\" \/>\n<meta property=\"article:published_time\" content=\"2022-03-03T09:28:52+00:00\" \/>\n<meta property=\"article:modified_time\" content=\"2022-03-03T13:46:03+00:00\" \/>\n<meta property=\"og:image\" content=\"https:\/\/www.werbewoche.ch\/wp-content\/uploads\/2022\/03\/Bildschirmfoto-2022-03-03-um-10.25.12.png\" \/>\n<meta name=\"author\" content=\"galledia\" \/>\n<meta name=\"twitter:card\" content=\"summary_large_image\" \/>\n<meta name=\"twitter:creator\" content=\"@admin\" \/>\n<script type=\"application\/ld+json\" class=\"yoast-schema-graph\">{\"@context\":\"https:\\\/\\\/schema.org\",\"@graph\":[{\"@type\":\"Article\",\"@id\":\"https:\\\/\\\/www.organisator.ch\\\/marketing\\\/2022-03-03\\\/yellow-sorgt-bei-brugg-cables-fuer-power\\\/#article\",\"isPartOf\":{\"@id\":\"https:\\\/\\\/www.organisator.ch\\\/marketing\\\/2022-03-03\\\/yellow-sorgt-bei-brugg-cables-fuer-power\\\/\"},\"author\":{\"name\":\"galledia\",\"@id\":\"https:\\\/\\\/www.organisator.ch\\\/#\\\/schema\\\/person\\\/4e51799071cd2dd1232ac003643ef5f0\"},\"headline\":\"Yellow sorgt bei Brugg Cables f\u00fcr Power\",\"datePublished\":\"2022-03-03T09:28:52+00:00\",\"dateModified\":\"2022-03-03T13:46:03+00:00\",\"mainEntityOfPage\":{\"@id\":\"https:\\\/\\\/www.organisator.ch\\\/marketing\\\/2022-03-03\\\/yellow-sorgt-bei-brugg-cables-fuer-power\\\/\"},\"wordCount\":220,\"publisher\":{\"@id\":\"https:\\\/\\\/www.organisator.ch\\\/#organization\"},\"image\":{\"@id\":\"https:\\\/\\\/www.organisator.ch\\\/marketing\\\/2022-03-03\\\/yellow-sorgt-bei-brugg-cables-fuer-power\\\/#primaryimage\"},\"thumbnailUrl\":\"https:\\\/\\\/www.werbewoche.ch\\\/wp-content\\\/uploads\\\/2022\\\/03\\\/Bildschirmfoto-2022-03-03-um-10.25.12.png\",\"keywords\":[\"Yellow\"],\"articleSection\":[\"MARKETING\"],\"inLanguage\":\"de\"},{\"@type\":\"WebPage\",\"@id\":\"https:\\\/\\\/www.organisator.ch\\\/marketing\\\/2022-03-03\\\/yellow-sorgt-bei-brugg-cables-fuer-power\\\/\",\"url\":\"https:\\\/\\\/www.organisator.ch\\\/marketing\\\/2022-03-03\\\/yellow-sorgt-bei-brugg-cables-fuer-power\\\/\",\"name\":\"Yellow sorgt bei Brugg Cables f\u00fcr Power - Organisator\",\"isPartOf\":{\"@id\":\"https:\\\/\\\/www.organisator.ch\\\/#website\"},\"primaryImageOfPage\":{\"@id\":\"https:\\\/\\\/www.organisator.ch\\\/marketing\\\/2022-03-03\\\/yellow-sorgt-bei-brugg-cables-fuer-power\\\/#primaryimage\"},\"image\":{\"@id\":\"https:\\\/\\\/www.organisator.ch\\\/marketing\\\/2022-03-03\\\/yellow-sorgt-bei-brugg-cables-fuer-power\\\/#primaryimage\"},\"thumbnailUrl\":\"https:\\\/\\\/www.werbewoche.ch\\\/wp-content\\\/uploads\\\/2022\\\/03\\\/Bildschirmfoto-2022-03-03-um-10.25.12.png\",\"datePublished\":\"2022-03-03T09:28:52+00:00\",\"dateModified\":\"2022-03-03T13:46:03+00:00\",\"breadcrumb\":{\"@id\":\"https:\\\/\\\/www.organisator.ch\\\/marketing\\\/2022-03-03\\\/yellow-sorgt-bei-brugg-cables-fuer-power\\\/#breadcrumb\"},\"inLanguage\":\"de\",\"potentialAction\":[{\"@type\":\"ReadAction\",\"target\":[\"https:\\\/\\\/www.organisator.ch\\\/marketing\\\/2022-03-03\\\/yellow-sorgt-bei-brugg-cables-fuer-power\\\/\"]}]},{\"@type\":\"ImageObject\",\"inLanguage\":\"de\",\"@id\":\"https:\\\/\\\/www.organisator.ch\\\/marketing\\\/2022-03-03\\\/yellow-sorgt-bei-brugg-cables-fuer-power\\\/#primaryimage\",\"url\":\"https:\\\/\\\/www.werbewoche.ch\\\/wp-content\\\/uploads\\\/2022\\\/03\\\/Bildschirmfoto-2022-03-03-um-10.25.12.png\",\"contentUrl\":\"https:\\\/\\\/www.werbewoche.ch\\\/wp-content\\\/uploads\\\/2022\\\/03\\\/Bildschirmfoto-2022-03-03-um-10.25.12.png\"},{\"@type\":\"BreadcrumbList\",\"@id\":\"https:\\\/\\\/www.organisator.ch\\\/marketing\\\/2022-03-03\\\/yellow-sorgt-bei-brugg-cables-fuer-power\\\/#breadcrumb\",\"itemListElement\":[{\"@type\":\"ListItem\",\"position\":1,\"name\":\"Home\",\"item\":\"https:\\\/\\\/www.organisator.ch\\\/\"},{\"@type\":\"ListItem\",\"position\":2,\"name\":\"Yellow sorgt bei Brugg Cables f\u00fcr Power\"}]},{\"@type\":\"WebSite\",\"@id\":\"https:\\\/\\\/www.organisator.ch\\\/#website\",\"url\":\"https:\\\/\\\/www.organisator.ch\\\/\",\"name\":\"Organisator\",\"description\":\"Kompetent. Praxisnah. Der ORGANISATOR bereitet in 10 Ausgaben pro Jahr die wesentlichen Themen f\u00fcr F\u00fchrungskr\u00e4fte von KMU auf.\",\"publisher\":{\"@id\":\"https:\\\/\\\/www.organisator.ch\\\/#organization\"},\"potentialAction\":[{\"@type\":\"SearchAction\",\"target\":{\"@type\":\"EntryPoint\",\"urlTemplate\":\"https:\\\/\\\/www.organisator.ch\\\/?s={search_term_string}\"},\"query-input\":{\"@type\":\"PropertyValueSpecification\",\"valueRequired\":true,\"valueName\":\"search_term_string\"}}],\"inLanguage\":\"de\"},{\"@type\":\"Organization\",\"@id\":\"https:\\\/\\\/www.organisator.ch\\\/#organization\",\"name\":\"Organisator\",\"url\":\"https:\\\/\\\/www.organisator.ch\\\/\",\"logo\":{\"@type\":\"ImageObject\",\"inLanguage\":\"de\",\"@id\":\"https:\\\/\\\/www.organisator.ch\\\/#\\\/schema\\\/logo\\\/image\\\/\",\"url\":\"https:\\\/\\\/www.organisator.ch\\\/wp-content\\\/uploads\\\/2022\\\/01\\\/Logo_Organisator_Website.png\",\"contentUrl\":\"https:\\\/\\\/www.organisator.ch\\\/wp-content\\\/uploads\\\/2022\\\/01\\\/Logo_Organisator_Website.png\",\"width\":800,\"height\":77,\"caption\":\"Organisator\"},\"image\":{\"@id\":\"https:\\\/\\\/www.organisator.ch\\\/#\\\/schema\\\/logo\\\/image\\\/\"},\"sameAs\":[\"https:\\\/\\\/www.facebook.com\\\/OrganisatorFachmagazin\",\"https:\\\/\\\/www.linkedin.com\\\/showcase\\\/organisator-das-magazin-fr-kmu\",\"https:\\\/\\\/www.xing.com\\\/news\\\/pages\\\/organisator-ch-695\",\"https:\\\/\\\/www.youtube.com\\\/channel\\\/UCGP2Sq0iWaZwT3BdIAQFYpw\"]},{\"@type\":\"Person\",\"@id\":\"https:\\\/\\\/www.organisator.ch\\\/#\\\/schema\\\/person\\\/4e51799071cd2dd1232ac003643ef5f0\",\"name\":\"galledia\",\"image\":{\"@type\":\"ImageObject\",\"inLanguage\":\"de\",\"@id\":\"https:\\\/\\\/secure.gravatar.com\\\/avatar\\\/78a7f90c01fc2bfc875782a0d4922b37cde2cf184ce347b91316d23cd7f69a36?s=96&d=mm&r=g\",\"url\":\"https:\\\/\\\/secure.gravatar.com\\\/avatar\\\/78a7f90c01fc2bfc875782a0d4922b37cde2cf184ce347b91316d23cd7f69a36?s=96&d=mm&r=g\",\"contentUrl\":\"https:\\\/\\\/secure.gravatar.com\\\/avatar\\\/78a7f90c01fc2bfc875782a0d4922b37cde2cf184ce347b91316d23cd7f69a36?s=96&d=mm&r=g\",\"caption\":\"galledia\"},\"sameAs\":[\"https:\\\/\\\/x.com\\\/admin\"],\"url\":\"https:\\\/\\\/www.organisator.ch\\\/de\\\/author\\\/galledia\\\/\"}]}<\/script>\n<!-- \/ Yoast SEO plugin. -->","yoast_head_json":{"title":"Yellow sorgt bei Brugg Cables f\u00fcr Power - Organisator","robots":{"index":"index","follow":"follow","max-snippet":"max-snippet:-1","max-image-preview":"max-image-preview:large","max-video-preview":"max-video-preview:-1"},"canonical":"https:\/\/www.organisator.ch\/de\/marketing\/2022-03-03\/yellow-sorgt-bei-brugg-cables-fuer-power\/","og_locale":"de_DE","og_type":"article","og_title":"Yellow sorgt bei Brugg Cables f\u00fcr Power - Organisator","og_description":"Grundlage f\u00fcr diese Aufgabe sei ein strategisch strukturierter Prozess, mit welchem die Positionierung des Unternehmens gekl\u00e4rt und der Brand gesch\u00e4rft wird. Brugg Cables bezeichnet sich als innovativer Schweizer Kabel- und Garniturenhersteller mit umfangreichem Dienstleistungsangebot in der Energie\u00fcbertragung und -verteilung. Das Unternehmen wurde vor \u00fcber 120 Jahren von Gottlieb Suhner gegr\u00fcndet und entwickelte sich zu einem [\u2026]","og_url":"https:\/\/www.organisator.ch\/de\/marketing\/2022-03-03\/yellow-sorgt-bei-brugg-cables-fuer-power\/","og_site_name":"Organisator","article_publisher":"https:\/\/www.facebook.com\/OrganisatorFachmagazin","article_published_time":"2022-03-03T09:28:52+00:00","article_modified_time":"2022-03-03T13:46:03+00:00","og_image":[{"url":"https:\/\/www.werbewoche.ch\/wp-content\/uploads\/2022\/03\/Bildschirmfoto-2022-03-03-um-10.25.12.png","type":"","width":"","height":""}],"author":"galledia","twitter_card":"summary_large_image","twitter_creator":"@admin","schema":{"@context":"https:\/\/schema.org","@graph":[{"@type":"Article","@id":"https:\/\/www.organisator.ch\/marketing\/2022-03-03\/yellow-sorgt-bei-brugg-cables-fuer-power\/#article","isPartOf":{"@id":"https:\/\/www.organisator.ch\/marketing\/2022-03-03\/yellow-sorgt-bei-brugg-cables-fuer-power\/"},"author":{"name":"galledia","@id":"https:\/\/www.organisator.ch\/#\/schema\/person\/4e51799071cd2dd1232ac003643ef5f0"},"headline":"Yellow sorgt bei Brugg Cables f\u00fcr Power","datePublished":"2022-03-03T09:28:52+00:00","dateModified":"2022-03-03T13:46:03+00:00","mainEntityOfPage":{"@id":"https:\/\/www.organisator.ch\/marketing\/2022-03-03\/yellow-sorgt-bei-brugg-cables-fuer-power\/"},"wordCount":220,"publisher":{"@id":"https:\/\/www.organisator.ch\/#organization"},"image":{"@id":"https:\/\/www.organisator.ch\/marketing\/2022-03-03\/yellow-sorgt-bei-brugg-cables-fuer-power\/#primaryimage"},"thumbnailUrl":"https:\/\/www.werbewoche.ch\/wp-content\/uploads\/2022\/03\/Bildschirmfoto-2022-03-03-um-10.25.12.png","keywords":["Yellow"],"articleSection":["MARKETING"],"inLanguage":"de"},{"@type":"WebPage","@id":"https:\/\/www.organisator.ch\/marketing\/2022-03-03\/yellow-sorgt-bei-brugg-cables-fuer-power\/","url":"https:\/\/www.organisator.ch\/marketing\/2022-03-03\/yellow-sorgt-bei-brugg-cables-fuer-power\/","name":"Yellow sorgt bei Brugg Cables f\u00fcr Power - Organisator","isPartOf":{"@id":"https:\/\/www.organisator.ch\/#website"},"primaryImageOfPage":{"@id":"https:\/\/www.organisator.ch\/marketing\/2022-03-03\/yellow-sorgt-bei-brugg-cables-fuer-power\/#primaryimage"},"image":{"@id":"https:\/\/www.organisator.ch\/marketing\/2022-03-03\/yellow-sorgt-bei-brugg-cables-fuer-power\/#primaryimage"},"thumbnailUrl":"https:\/\/www.werbewoche.ch\/wp-content\/uploads\/2022\/03\/Bildschirmfoto-2022-03-03-um-10.25.12.png","datePublished":"2022-03-03T09:28:52+00:00","dateModified":"2022-03-03T13:46:03+00:00","breadcrumb":{"@id":"https:\/\/www.organisator.ch\/marketing\/2022-03-03\/yellow-sorgt-bei-brugg-cables-fuer-power\/#breadcrumb"},"inLanguage":"de","potentialAction":[{"@type":"ReadAction","target":["https:\/\/www.organisator.ch\/marketing\/2022-03-03\/yellow-sorgt-bei-brugg-cables-fuer-power\/"]}]},{"@type":"ImageObject","inLanguage":"de","@id":"https:\/\/www.organisator.ch\/marketing\/2022-03-03\/yellow-sorgt-bei-brugg-cables-fuer-power\/#primaryimage","url":"https:\/\/www.werbewoche.ch\/wp-content\/uploads\/2022\/03\/Bildschirmfoto-2022-03-03-um-10.25.12.png","contentUrl":"https:\/\/www.werbewoche.ch\/wp-content\/uploads\/2022\/03\/Bildschirmfoto-2022-03-03-um-10.25.12.png"},{"@type":"BreadcrumbList","@id":"https:\/\/www.organisator.ch\/marketing\/2022-03-03\/yellow-sorgt-bei-brugg-cables-fuer-power\/#breadcrumb","itemListElement":[{"@type":"ListItem","position":1,"name":"Home","item":"https:\/\/www.organisator.ch\/"},{"@type":"ListItem","position":2,"name":"Yellow sorgt bei Brugg Cables f\u00fcr Power"}]},{"@type":"WebSite","@id":"https:\/\/www.organisator.ch\/#website","url":"https:\/\/www.organisator.ch\/","name":"Organisator","description":"Kompetent. Praxisnah. Der ORGANISATOR bereitet in 10 Ausgaben pro Jahr die wesentlichen Themen f\u00fcr F\u00fchrungskr\u00e4fte von KMU auf.","publisher":{"@id":"https:\/\/www.organisator.ch\/#organization"},"potentialAction":[{"@type":"SearchAction","target":{"@type":"EntryPoint","urlTemplate":"https:\/\/www.organisator.ch\/?s={search_term_string}"},"query-input":{"@type":"PropertyValueSpecification","valueRequired":true,"valueName":"search_term_string"}}],"inLanguage":"de"},{"@type":"Organization","@id":"https:\/\/www.organisator.ch\/#organization","name":"Organisator","url":"https:\/\/www.organisator.ch\/","logo":{"@type":"ImageObject","inLanguage":"de","@id":"https:\/\/www.organisator.ch\/#\/schema\/logo\/image\/","url":"https:\/\/www.organisator.ch\/wp-content\/uploads\/2022\/01\/Logo_Organisator_Website.png","contentUrl":"https:\/\/www.organisator.ch\/wp-content\/uploads\/2022\/01\/Logo_Organisator_Website.png","width":800,"height":77,"caption":"Organisator"},"image":{"@id":"https:\/\/www.organisator.ch\/#\/schema\/logo\/image\/"},"sameAs":["https:\/\/www.facebook.com\/OrganisatorFachmagazin","https:\/\/www.linkedin.com\/showcase\/organisator-das-magazin-fr-kmu","https:\/\/www.xing.com\/news\/pages\/organisator-ch-695","https:\/\/www.youtube.com\/channel\/UCGP2Sq0iWaZwT3BdIAQFYpw"]},{"@type":"Person","@id":"https:\/\/www.organisator.ch\/#\/schema\/person\/4e51799071cd2dd1232ac003643ef5f0","name":"galledia","image":{"@type":"ImageObject","inLanguage":"de","@id":"https:\/\/secure.gravatar.com\/avatar\/78a7f90c01fc2bfc875782a0d4922b37cde2cf184ce347b91316d23cd7f69a36?s=96&d=mm&r=g","url":"https:\/\/secure.gravatar.com\/avatar\/78a7f90c01fc2bfc875782a0d4922b37cde2cf184ce347b91316d23cd7f69a36?s=96&d=mm&r=g","contentUrl":"https:\/\/secure.gravatar.com\/avatar\/78a7f90c01fc2bfc875782a0d4922b37cde2cf184ce347b91316d23cd7f69a36?s=96&d=mm&r=g","caption":"galledia"},"sameAs":["https:\/\/x.com\/admin"],"url":"https:\/\/www.organisator.ch\/de\/author\/galledia\/"}]}},"_links":{"self":[{"href":"https:\/\/www.organisator.ch\/de\/wp-json\/wp\/v2\/posts\/12016","targetHints":{"allow":["GET"]}}],"collection":[{"href":"https:\/\/www.organisator.ch\/de\/wp-json\/wp\/v2\/posts"}],"about":[{"href":"https:\/\/www.organisator.ch\/de\/wp-json\/wp\/v2\/types\/post"}],"author":[{"embeddable":true,"href":"https:\/\/www.organisator.ch\/de\/wp-json\/wp\/v2\/users\/8"}],"replies":[{"embeddable":true,"href":"https:\/\/www.organisator.ch\/de\/wp-json\/wp\/v2\/comments?post=12016"}],"version-history":[{"count":2,"href":"https:\/\/www.organisator.ch\/de\/wp-json\/wp\/v2\/posts\/12016\/revisions"}],"predecessor-version":[{"id":12020,"href":"https:\/\/www.organisator.ch\/de\/wp-json\/wp\/v2\/posts\/12016\/revisions\/12020"}],"wp:attachment":[{"href":"https:\/\/www.organisator.ch\/de\/wp-json\/wp\/v2\/media?parent=12016"}],"wp:term":[{"taxonomy":"category","embeddable":true,"href":"https:\/\/www.organisator.ch\/de\/wp-json\/wp\/v2\/categories?post=12016"},{"taxonomy":"post_tag","embeddable":true,"href":"https:\/\/www.organisator.ch\/de\/wp-json\/wp\/v2\/tags?post=12016"}],"curies":[{"name":"wp","href":"https:\/\/api.w.org\/{rel}","templated":true}]}}