{"id":12028,"date":"2022-03-04T07:34:04","date_gmt":"2022-03-04T06:34:04","guid":{"rendered":"https:\/\/www.organisator.ch\/?p=12028"},"modified":"2022-03-04T16:35:10","modified_gmt":"2022-03-04T15:35:10","slug":"master-studiengang-fuer-nachhaltige-digitale-transformation","status":"publish","type":"post","link":"https:\/\/www.organisator.ch\/de\/weiterbildung\/2022-03-04\/master-studiengang-fuer-nachhaltige-digitale-transformation\/","title":{"rendered":"Master-Studiengang f\u00fcr nachhaltige digitale Transformation"},"content":{"rendered":"<figure id=\"attachment_12029\" aria-describedby=\"caption-attachment-12029\" style=\"width: 680px\" class=\"wp-caption alignnone\"><img loading=\"lazy\" decoding=\"async\" class=\"size-full wp-image-12029\" src=\"https:\/\/www.organisator.ch\/wp-content\/uploads\/2022\/03\/Master-Studiengang-fuer-nachhaltige-digitale-Transformation_Organisator.jpg\" alt=\"\" width=\"680\" height=\"433\" srcset=\"https:\/\/www.organisator.ch\/wp-content\/uploads\/2022\/03\/Master-Studiengang-fuer-nachhaltige-digitale-Transformation_Organisator.jpg 680w, https:\/\/www.organisator.ch\/wp-content\/uploads\/2022\/03\/Master-Studiengang-fuer-nachhaltige-digitale-Transformation_Organisator-18x12.jpg 18w, https:\/\/www.organisator.ch\/wp-content\/uploads\/2022\/03\/Master-Studiengang-fuer-nachhaltige-digitale-Transformation_Organisator-275x175.jpg 275w, https:\/\/www.organisator.ch\/wp-content\/uploads\/2022\/03\/Master-Studiengang-fuer-nachhaltige-digitale-Transformation_Organisator-550x350.jpg 550w, https:\/\/www.organisator.ch\/wp-content\/uploads\/2022\/03\/Master-Studiengang-fuer-nachhaltige-digitale-Transformation_Organisator-300x191.jpg 300w\" sizes=\"auto, (max-width: 680px) 100vw, 680px\" \/><figcaption id=\"caption-attachment-12029\" class=\"wp-caption-text\">Der neue Master-Studiengang &#8222;IT, Digitalization &amp; Sustainability&#8220; an der Hochschule Luzern ist international ausgerichtet. (Bild: Unsplash.com)<\/figcaption><\/figure>\n<p>Wie kann die Informatik zu einer nachhaltigen Entwicklung beitragen? Diese Frage steht im Zentrum des neuen Master \u00abIT, Digitalization &amp; Sustainability\u00bb (ITDS) der Hochschule Luzern. Der Master-Studiengang ist am Departement Informatik angesiedelt und startet im Herbstsemester 2022. \u00abNachhaltige Entwicklung und digitale Transformation sind Begriffe, die in der \u00f6ffentlichen Wahrnehmung selten zusammen gedacht werden, obwohl sie eng miteinander verkn\u00fcpft sind\u00bb, sagt Studiengangleiter Peter Wullschleger. Der neue, schweizweit einzigartige Master-Studiengang trage dieser Entwicklung Rechnung. Die Hochschule Luzern reagiere damit auch auf den zunehmenden Bedarf der Wirtschaft nach IT-Profis im Bereich nachhaltige Digitalisierung.<\/p>\n<h2>Informationstechnologien f\u00fcr mehr Nachhaltigkeit<\/h2>\n<p>Der Begriff Nachhaltigkeit geht \u00fcber die \u00f6kologische Dimension hinaus, wie Peter Wullschleger erl\u00e4utert. \u00abWir orientieren uns im Curriculum an den 17 Zielen der UNO f\u00fcr eine nachhaltige Entwicklung. Sie bilden unsere thematischen Leitplanken.\u00bb Das heisst, neben einer intakten Umwelt werden auch Aspekte wie soziale Gerechtigkeit und wirtschaftliche Entwicklung mitgedacht.<\/p>\n<p>Der Studiengangleiter liefert einige Beispiele, wie Informationstechnologien eingesetzt werden k\u00f6nnen, um die UN-Nachhaltigkeitsziele zu verfolgen:<\/p>\n<ul>\n<li>Korruption stellt auf dem Weg zu Erreichung des Nachhaltigkeitsziels \u00abFrieden, Gerechtigkeit und starke Institutionen\u00bb ein wesentliches Hindernis dar. Eine K\u00fcnstliche Intelligenz soll helfen, illegale Zahlungen aufzusp\u00fcren und so die Korruption bek\u00e4mpfen.<\/li>\n<li>Kaffeebauern im S\u00fcden profitieren oft wenig vom Produkt, das im Norden teuer verkauft wird. Digitale Zertifikate auf Basis der NFT-Technologie k\u00f6nnten sicherstellen, dass beim Anbau \u00f6kologische und soziale Standards eingehalten werden (Ziele \u00abKeine Armut\u00bb und \u00abLeben an Land\u00bb).<\/li>\n<li>Weniger Food Waste dank Apps: Die Programme informieren Nutzerinnen und Nutzer \u00fcber \u00fcbersch\u00fcssige Lebensmittel in Restaurants oder M\u00e4rkten in der Umgebung, die kostenlos abgegeben werden \u2013 und tragen damit zur Erreichung der Ziele \u00abKein Hunger\u00bb und \u00abVerantwortungsvoller Konsum und Produktion\u00bb bei.<\/li>\n<\/ul>\n<h2>International ausgerichteter Master-Studiengang<\/h2>\n<p>Die erste H\u00e4lfte des auf zwei Jahre angelegten Master-Studienganges gliedert sich in f\u00fcnf Bereiche auf: Intercultural Collaboration, Project Management &amp; Leadership, Digital Transformation, Natural Language Processing &amp; Information Systems sowie Artificial Intelligence &amp; Machine Learning. Alle Bereiche werden im Curriculum mit den UN-Nachhaltigkeitszielen verkn\u00fcpft.<\/p>\n<p>Der Master ITDS ist international ausgerichtet. Die Unterrichtssprache ist Englisch. \u00abL\u00f6sungen f\u00fcr die komplexen Fragen rund um die Thematik Nachhaltigkeit zu finden, erfordert oft l\u00e4nder-\u00fcbergreifende Kooperationen\u00bb, sagt Peter Wullschleger. Dies setze Kenntnisse aus den Bereichen interkulturelle Kompetenz, Projektmanagement und F\u00fchrung voraus. Diese spielten daher eine ebenso zentrale Rolle im Studium wie die Entwicklung der technischen F\u00e4higkeiten der Studentinnen und Studenten.<\/p>\n<p><em>Mehr Informationen: <a href=\"http:\/\/www.hslu.ch\/master-itds\">hslu.ch\/master-itds<\/a><\/em><\/p>\n","protected":false},"excerpt":{"rendered":"<p>Wie kann die Informatik zu einer nachhaltigen Entwicklung beitragen? Diese Frage steht im Zentrum des neuen Master \u00abIT, Digitalization &amp; Sustainability\u00bb (ITDS) der Hochschule Luzern. Der Master-Studiengang ist am Departement Informatik angesiedelt und startet im Herbstsemester 2022. \u00abNachhaltige Entwicklung und digitale Transformation sind Begriffe, die in der \u00f6ffentlichen Wahrnehmung selten zusammen gedacht werden, obwohl sie [&hellip;]<\/p>\n","protected":false},"author":4,"featured_media":12029,"comment_status":"closed","ping_status":"closed","sticky":false,"template":"","format":"standard","meta":{"_acf_changed":false,"_yoast_wpseo_focuskw":"Master-Studiengang","_yoast_wpseo_metadesc":"Ab Herbst 2022 bietet die Hochschule Luzern neu den Master-Studiengang \u00abIT, Digitalization & Sustainability\u00bb an.","articlekey":"","footnotes":""},"categories":[580,30],"tags":[62,156,2730,358],"class_list":["post-12028","post","type-post","status-publish","format-standard","has-post-thumbnail","hentry","category-sustainability","category-weiterbildung","tag-aus-weiterbildung","tag-digitalisierung","tag-master-studiengang","tag-nachhaltige-wirtschaft"],"acf":[],"yoast_head":"<!-- This site is optimized with the Yoast SEO plugin v27.5 - https:\/\/yoast.com\/product\/yoast-seo-wordpress\/ -->\n<title>Master-Studiengang f\u00fcr nachhaltige digitale Transformation - Organisator<\/title>\n<meta name=\"description\" content=\"Ab Herbst 2022 bietet die Hochschule Luzern neu den Master-Studiengang \u00abIT, Digitalization &amp; Sustainability\u00bb an.\" \/>\n<meta name=\"robots\" content=\"index, follow, max-snippet:-1, max-image-preview:large, max-video-preview:-1\" \/>\n<link rel=\"canonical\" href=\"https:\/\/www.organisator.ch\/de\/weiterbildung\/2022-03-04\/master-studiengang-fuer-nachhaltige-digitale-transformation\/\" \/>\n<meta property=\"og:locale\" content=\"de_DE\" \/>\n<meta property=\"og:type\" content=\"article\" \/>\n<meta property=\"og:title\" content=\"Master-Studiengang f\u00fcr nachhaltige digitale Transformation\" \/>\n<meta property=\"og:description\" content=\"Ab Herbst 2022 bietet die Hochschule Luzern neu den Master-Studiengang \u00abIT, Digitalization &amp; Sustainability\u00bb an.\" \/>\n<meta property=\"og:url\" content=\"https:\/\/www.organisator.ch\/de\/weiterbildung\/2022-03-04\/master-studiengang-fuer-nachhaltige-digitale-transformation\/\" \/>\n<meta property=\"og:site_name\" content=\"Organisator\" \/>\n<meta property=\"article:publisher\" content=\"https:\/\/www.facebook.com\/OrganisatorFachmagazin\" \/>\n<meta property=\"article:published_time\" content=\"2022-03-04T06:34:04+00:00\" \/>\n<meta property=\"article:modified_time\" content=\"2022-03-04T15:35:10+00:00\" \/>\n<meta property=\"og:image\" content=\"https:\/\/www.organisator.ch\/wp-content\/uploads\/2022\/03\/Master-Studiengang-fuer-nachhaltige-digitale-Transformation_Organisator.jpg\" \/>\n\t<meta property=\"og:image:width\" content=\"680\" \/>\n\t<meta property=\"og:image:height\" content=\"433\" \/>\n\t<meta property=\"og:image:type\" content=\"image\/jpeg\" \/>\n<meta name=\"author\" content=\"thomas.berner\" \/>\n<meta name=\"twitter:card\" content=\"summary_large_image\" \/>\n<meta name=\"twitter:title\" content=\"#Master-Studiengang f\u00fcr nachhaltige digitale #Transformation\" \/>\n<meta name=\"twitter:description\" content=\"Ab Herbst 2022 bietet die #Hochschule Luzern neu den #Master-Studiengang \u00abIT, Digitalization &amp; Sustainability\u00bb #ITDS an.\" \/>\n<meta name=\"twitter:image\" content=\"https:\/\/www.organisator.ch\/wp-content\/uploads\/2022\/03\/Master-Studiengang-fuer-nachhaltige-digitale-Transformation_Organisator.jpg\" \/>\n<script type=\"application\/ld+json\" class=\"yoast-schema-graph\">{\"@context\":\"https:\\\/\\\/schema.org\",\"@graph\":[{\"@type\":\"Article\",\"@id\":\"https:\\\/\\\/www.organisator.ch\\\/weiterbildung\\\/2022-03-04\\\/master-studiengang-fuer-nachhaltige-digitale-transformation\\\/#article\",\"isPartOf\":{\"@id\":\"https:\\\/\\\/www.organisator.ch\\\/weiterbildung\\\/2022-03-04\\\/master-studiengang-fuer-nachhaltige-digitale-transformation\\\/\"},\"author\":{\"name\":\"thomas.berner\",\"@id\":\"https:\\\/\\\/www.organisator.ch\\\/#\\\/schema\\\/person\\\/6f650f90b2842cd4c0cc334b4e36f67e\"},\"headline\":\"Master-Studiengang f\u00fcr nachhaltige digitale Transformation\",\"datePublished\":\"2022-03-04T06:34:04+00:00\",\"dateModified\":\"2022-03-04T15:35:10+00:00\",\"mainEntityOfPage\":{\"@id\":\"https:\\\/\\\/www.organisator.ch\\\/weiterbildung\\\/2022-03-04\\\/master-studiengang-fuer-nachhaltige-digitale-transformation\\\/\"},\"wordCount\":428,\"publisher\":{\"@id\":\"https:\\\/\\\/www.organisator.ch\\\/#organization\"},\"image\":{\"@id\":\"https:\\\/\\\/www.organisator.ch\\\/weiterbildung\\\/2022-03-04\\\/master-studiengang-fuer-nachhaltige-digitale-transformation\\\/#primaryimage\"},\"thumbnailUrl\":\"https:\\\/\\\/www.organisator.ch\\\/wp-content\\\/uploads\\\/2022\\\/03\\\/Master-Studiengang-fuer-nachhaltige-digitale-Transformation_Organisator.jpg\",\"keywords\":[\"Aus-\\\/Weiterbildung\",\"Digitalisierung\",\"Master-Studiengang\",\"Nachhaltige Wirtschaft\"],\"articleSection\":[\"SUSTAINABILITY\",\"WEITERBILDUNG\"],\"inLanguage\":\"de\"},{\"@type\":\"WebPage\",\"@id\":\"https:\\\/\\\/www.organisator.ch\\\/weiterbildung\\\/2022-03-04\\\/master-studiengang-fuer-nachhaltige-digitale-transformation\\\/\",\"url\":\"https:\\\/\\\/www.organisator.ch\\\/weiterbildung\\\/2022-03-04\\\/master-studiengang-fuer-nachhaltige-digitale-transformation\\\/\",\"name\":\"Master-Studiengang f\u00fcr nachhaltige digitale Transformation - Organisator\",\"isPartOf\":{\"@id\":\"https:\\\/\\\/www.organisator.ch\\\/#website\"},\"primaryImageOfPage\":{\"@id\":\"https:\\\/\\\/www.organisator.ch\\\/weiterbildung\\\/2022-03-04\\\/master-studiengang-fuer-nachhaltige-digitale-transformation\\\/#primaryimage\"},\"image\":{\"@id\":\"https:\\\/\\\/www.organisator.ch\\\/weiterbildung\\\/2022-03-04\\\/master-studiengang-fuer-nachhaltige-digitale-transformation\\\/#primaryimage\"},\"thumbnailUrl\":\"https:\\\/\\\/www.organisator.ch\\\/wp-content\\\/uploads\\\/2022\\\/03\\\/Master-Studiengang-fuer-nachhaltige-digitale-Transformation_Organisator.jpg\",\"datePublished\":\"2022-03-04T06:34:04+00:00\",\"dateModified\":\"2022-03-04T15:35:10+00:00\",\"description\":\"Ab Herbst 2022 bietet die Hochschule Luzern neu den Master-Studiengang \u00abIT, Digitalization & Sustainability\u00bb an.\",\"breadcrumb\":{\"@id\":\"https:\\\/\\\/www.organisator.ch\\\/weiterbildung\\\/2022-03-04\\\/master-studiengang-fuer-nachhaltige-digitale-transformation\\\/#breadcrumb\"},\"inLanguage\":\"de\",\"potentialAction\":[{\"@type\":\"ReadAction\",\"target\":[\"https:\\\/\\\/www.organisator.ch\\\/weiterbildung\\\/2022-03-04\\\/master-studiengang-fuer-nachhaltige-digitale-transformation\\\/\"]}]},{\"@type\":\"ImageObject\",\"inLanguage\":\"de\",\"@id\":\"https:\\\/\\\/www.organisator.ch\\\/weiterbildung\\\/2022-03-04\\\/master-studiengang-fuer-nachhaltige-digitale-transformation\\\/#primaryimage\",\"url\":\"https:\\\/\\\/www.organisator.ch\\\/wp-content\\\/uploads\\\/2022\\\/03\\\/Master-Studiengang-fuer-nachhaltige-digitale-Transformation_Organisator.jpg\",\"contentUrl\":\"https:\\\/\\\/www.organisator.ch\\\/wp-content\\\/uploads\\\/2022\\\/03\\\/Master-Studiengang-fuer-nachhaltige-digitale-Transformation_Organisator.jpg\",\"width\":680,\"height\":433,\"caption\":\"Der neue Master-Studiengang \\\"IT, Digitalization & Sustainability\\\" an der Hochschule Luzern ist international ausgerichtet. (Bild: Unsplash.com)\"},{\"@type\":\"BreadcrumbList\",\"@id\":\"https:\\\/\\\/www.organisator.ch\\\/weiterbildung\\\/2022-03-04\\\/master-studiengang-fuer-nachhaltige-digitale-transformation\\\/#breadcrumb\",\"itemListElement\":[{\"@type\":\"ListItem\",\"position\":1,\"name\":\"Home\",\"item\":\"https:\\\/\\\/www.organisator.ch\\\/\"},{\"@type\":\"ListItem\",\"position\":2,\"name\":\"Master-Studiengang f\u00fcr nachhaltige digitale Transformation\"}]},{\"@type\":\"WebSite\",\"@id\":\"https:\\\/\\\/www.organisator.ch\\\/#website\",\"url\":\"https:\\\/\\\/www.organisator.ch\\\/\",\"name\":\"Organisator\",\"description\":\"Kompetent. Praxisnah. Der ORGANISATOR bereitet in 10 Ausgaben pro Jahr die wesentlichen Themen f\u00fcr F\u00fchrungskr\u00e4fte von KMU auf.\",\"publisher\":{\"@id\":\"https:\\\/\\\/www.organisator.ch\\\/#organization\"},\"potentialAction\":[{\"@type\":\"SearchAction\",\"target\":{\"@type\":\"EntryPoint\",\"urlTemplate\":\"https:\\\/\\\/www.organisator.ch\\\/?s={search_term_string}\"},\"query-input\":{\"@type\":\"PropertyValueSpecification\",\"valueRequired\":true,\"valueName\":\"search_term_string\"}}],\"inLanguage\":\"de\"},{\"@type\":\"Organization\",\"@id\":\"https:\\\/\\\/www.organisator.ch\\\/#organization\",\"name\":\"Organisator\",\"url\":\"https:\\\/\\\/www.organisator.ch\\\/\",\"logo\":{\"@type\":\"ImageObject\",\"inLanguage\":\"de\",\"@id\":\"https:\\\/\\\/www.organisator.ch\\\/#\\\/schema\\\/logo\\\/image\\\/\",\"url\":\"https:\\\/\\\/www.organisator.ch\\\/wp-content\\\/uploads\\\/2022\\\/01\\\/Logo_Organisator_Website.png\",\"contentUrl\":\"https:\\\/\\\/www.organisator.ch\\\/wp-content\\\/uploads\\\/2022\\\/01\\\/Logo_Organisator_Website.png\",\"width\":800,\"height\":77,\"caption\":\"Organisator\"},\"image\":{\"@id\":\"https:\\\/\\\/www.organisator.ch\\\/#\\\/schema\\\/logo\\\/image\\\/\"},\"sameAs\":[\"https:\\\/\\\/www.facebook.com\\\/OrganisatorFachmagazin\",\"https:\\\/\\\/www.linkedin.com\\\/showcase\\\/organisator-das-magazin-fr-kmu\",\"https:\\\/\\\/www.xing.com\\\/news\\\/pages\\\/organisator-ch-695\",\"https:\\\/\\\/www.youtube.com\\\/channel\\\/UCGP2Sq0iWaZwT3BdIAQFYpw\"]},{\"@type\":\"Person\",\"@id\":\"https:\\\/\\\/www.organisator.ch\\\/#\\\/schema\\\/person\\\/6f650f90b2842cd4c0cc334b4e36f67e\",\"name\":\"thomas.berner\",\"image\":{\"@type\":\"ImageObject\",\"inLanguage\":\"de\",\"@id\":\"https:\\\/\\\/secure.gravatar.com\\\/avatar\\\/ac5001d2a36cb6c6cd3e50789007ffca834b477b74a2144564522e944eabff61?s=96&d=mm&r=g\",\"url\":\"https:\\\/\\\/secure.gravatar.com\\\/avatar\\\/ac5001d2a36cb6c6cd3e50789007ffca834b477b74a2144564522e944eabff61?s=96&d=mm&r=g\",\"contentUrl\":\"https:\\\/\\\/secure.gravatar.com\\\/avatar\\\/ac5001d2a36cb6c6cd3e50789007ffca834b477b74a2144564522e944eabff61?s=96&d=mm&r=g\",\"caption\":\"thomas.berner\"},\"url\":\"https:\\\/\\\/www.organisator.ch\\\/de\\\/author\\\/thomas-berner\\\/\"}]}<\/script>\n<!-- \/ Yoast SEO plugin. -->","yoast_head_json":{"title":"Master-Studiengang f\u00fcr nachhaltige digitale Transformation - Organisator","description":"Ab Herbst 2022 bietet die Hochschule Luzern neu den Master-Studiengang \u00abIT, Digitalization & Sustainability\u00bb an.","robots":{"index":"index","follow":"follow","max-snippet":"max-snippet:-1","max-image-preview":"max-image-preview:large","max-video-preview":"max-video-preview:-1"},"canonical":"https:\/\/www.organisator.ch\/de\/weiterbildung\/2022-03-04\/master-studiengang-fuer-nachhaltige-digitale-transformation\/","og_locale":"de_DE","og_type":"article","og_title":"Master-Studiengang f\u00fcr nachhaltige digitale Transformation","og_description":"Ab Herbst 2022 bietet die Hochschule Luzern neu den Master-Studiengang \u00abIT, Digitalization & Sustainability\u00bb an.","og_url":"https:\/\/www.organisator.ch\/de\/weiterbildung\/2022-03-04\/master-studiengang-fuer-nachhaltige-digitale-transformation\/","og_site_name":"Organisator","article_publisher":"https:\/\/www.facebook.com\/OrganisatorFachmagazin","article_published_time":"2022-03-04T06:34:04+00:00","article_modified_time":"2022-03-04T15:35:10+00:00","og_image":[{"width":680,"height":433,"url":"https:\/\/www.organisator.ch\/wp-content\/uploads\/2022\/03\/Master-Studiengang-fuer-nachhaltige-digitale-Transformation_Organisator.jpg","type":"image\/jpeg"}],"author":"thomas.berner","twitter_card":"summary_large_image","twitter_title":"#Master-Studiengang f\u00fcr nachhaltige digitale #Transformation","twitter_description":"Ab Herbst 2022 bietet die #Hochschule Luzern neu den #Master-Studiengang \u00abIT, Digitalization & Sustainability\u00bb #ITDS an.","twitter_image":"https:\/\/www.organisator.ch\/wp-content\/uploads\/2022\/03\/Master-Studiengang-fuer-nachhaltige-digitale-Transformation_Organisator.jpg","schema":{"@context":"https:\/\/schema.org","@graph":[{"@type":"Article","@id":"https:\/\/www.organisator.ch\/weiterbildung\/2022-03-04\/master-studiengang-fuer-nachhaltige-digitale-transformation\/#article","isPartOf":{"@id":"https:\/\/www.organisator.ch\/weiterbildung\/2022-03-04\/master-studiengang-fuer-nachhaltige-digitale-transformation\/"},"author":{"name":"thomas.berner","@id":"https:\/\/www.organisator.ch\/#\/schema\/person\/6f650f90b2842cd4c0cc334b4e36f67e"},"headline":"Master-Studiengang f\u00fcr nachhaltige digitale Transformation","datePublished":"2022-03-04T06:34:04+00:00","dateModified":"2022-03-04T15:35:10+00:00","mainEntityOfPage":{"@id":"https:\/\/www.organisator.ch\/weiterbildung\/2022-03-04\/master-studiengang-fuer-nachhaltige-digitale-transformation\/"},"wordCount":428,"publisher":{"@id":"https:\/\/www.organisator.ch\/#organization"},"image":{"@id":"https:\/\/www.organisator.ch\/weiterbildung\/2022-03-04\/master-studiengang-fuer-nachhaltige-digitale-transformation\/#primaryimage"},"thumbnailUrl":"https:\/\/www.organisator.ch\/wp-content\/uploads\/2022\/03\/Master-Studiengang-fuer-nachhaltige-digitale-Transformation_Organisator.jpg","keywords":["Aus-\/Weiterbildung","Digitalisierung","Master-Studiengang","Nachhaltige Wirtschaft"],"articleSection":["SUSTAINABILITY","WEITERBILDUNG"],"inLanguage":"de"},{"@type":"WebPage","@id":"https:\/\/www.organisator.ch\/weiterbildung\/2022-03-04\/master-studiengang-fuer-nachhaltige-digitale-transformation\/","url":"https:\/\/www.organisator.ch\/weiterbildung\/2022-03-04\/master-studiengang-fuer-nachhaltige-digitale-transformation\/","name":"Master-Studiengang f\u00fcr nachhaltige digitale Transformation - Organisator","isPartOf":{"@id":"https:\/\/www.organisator.ch\/#website"},"primaryImageOfPage":{"@id":"https:\/\/www.organisator.ch\/weiterbildung\/2022-03-04\/master-studiengang-fuer-nachhaltige-digitale-transformation\/#primaryimage"},"image":{"@id":"https:\/\/www.organisator.ch\/weiterbildung\/2022-03-04\/master-studiengang-fuer-nachhaltige-digitale-transformation\/#primaryimage"},"thumbnailUrl":"https:\/\/www.organisator.ch\/wp-content\/uploads\/2022\/03\/Master-Studiengang-fuer-nachhaltige-digitale-Transformation_Organisator.jpg","datePublished":"2022-03-04T06:34:04+00:00","dateModified":"2022-03-04T15:35:10+00:00","description":"Ab Herbst 2022 bietet die Hochschule Luzern neu den Master-Studiengang \u00abIT, Digitalization & Sustainability\u00bb an.","breadcrumb":{"@id":"https:\/\/www.organisator.ch\/weiterbildung\/2022-03-04\/master-studiengang-fuer-nachhaltige-digitale-transformation\/#breadcrumb"},"inLanguage":"de","potentialAction":[{"@type":"ReadAction","target":["https:\/\/www.organisator.ch\/weiterbildung\/2022-03-04\/master-studiengang-fuer-nachhaltige-digitale-transformation\/"]}]},{"@type":"ImageObject","inLanguage":"de","@id":"https:\/\/www.organisator.ch\/weiterbildung\/2022-03-04\/master-studiengang-fuer-nachhaltige-digitale-transformation\/#primaryimage","url":"https:\/\/www.organisator.ch\/wp-content\/uploads\/2022\/03\/Master-Studiengang-fuer-nachhaltige-digitale-Transformation_Organisator.jpg","contentUrl":"https:\/\/www.organisator.ch\/wp-content\/uploads\/2022\/03\/Master-Studiengang-fuer-nachhaltige-digitale-Transformation_Organisator.jpg","width":680,"height":433,"caption":"Der neue Master-Studiengang \"IT, Digitalization & Sustainability\" an der Hochschule Luzern ist international ausgerichtet. (Bild: Unsplash.com)"},{"@type":"BreadcrumbList","@id":"https:\/\/www.organisator.ch\/weiterbildung\/2022-03-04\/master-studiengang-fuer-nachhaltige-digitale-transformation\/#breadcrumb","itemListElement":[{"@type":"ListItem","position":1,"name":"Home","item":"https:\/\/www.organisator.ch\/"},{"@type":"ListItem","position":2,"name":"Master-Studiengang f\u00fcr nachhaltige digitale Transformation"}]},{"@type":"WebSite","@id":"https:\/\/www.organisator.ch\/#website","url":"https:\/\/www.organisator.ch\/","name":"Organisator","description":"Kompetent. Praxisnah. Der ORGANISATOR bereitet in 10 Ausgaben pro Jahr die wesentlichen Themen f\u00fcr F\u00fchrungskr\u00e4fte von KMU auf.","publisher":{"@id":"https:\/\/www.organisator.ch\/#organization"},"potentialAction":[{"@type":"SearchAction","target":{"@type":"EntryPoint","urlTemplate":"https:\/\/www.organisator.ch\/?s={search_term_string}"},"query-input":{"@type":"PropertyValueSpecification","valueRequired":true,"valueName":"search_term_string"}}],"inLanguage":"de"},{"@type":"Organization","@id":"https:\/\/www.organisator.ch\/#organization","name":"Organisator","url":"https:\/\/www.organisator.ch\/","logo":{"@type":"ImageObject","inLanguage":"de","@id":"https:\/\/www.organisator.ch\/#\/schema\/logo\/image\/","url":"https:\/\/www.organisator.ch\/wp-content\/uploads\/2022\/01\/Logo_Organisator_Website.png","contentUrl":"https:\/\/www.organisator.ch\/wp-content\/uploads\/2022\/01\/Logo_Organisator_Website.png","width":800,"height":77,"caption":"Organisator"},"image":{"@id":"https:\/\/www.organisator.ch\/#\/schema\/logo\/image\/"},"sameAs":["https:\/\/www.facebook.com\/OrganisatorFachmagazin","https:\/\/www.linkedin.com\/showcase\/organisator-das-magazin-fr-kmu","https:\/\/www.xing.com\/news\/pages\/organisator-ch-695","https:\/\/www.youtube.com\/channel\/UCGP2Sq0iWaZwT3BdIAQFYpw"]},{"@type":"Person","@id":"https:\/\/www.organisator.ch\/#\/schema\/person\/6f650f90b2842cd4c0cc334b4e36f67e","name":"thomas.berner","image":{"@type":"ImageObject","inLanguage":"de","@id":"https:\/\/secure.gravatar.com\/avatar\/ac5001d2a36cb6c6cd3e50789007ffca834b477b74a2144564522e944eabff61?s=96&d=mm&r=g","url":"https:\/\/secure.gravatar.com\/avatar\/ac5001d2a36cb6c6cd3e50789007ffca834b477b74a2144564522e944eabff61?s=96&d=mm&r=g","contentUrl":"https:\/\/secure.gravatar.com\/avatar\/ac5001d2a36cb6c6cd3e50789007ffca834b477b74a2144564522e944eabff61?s=96&d=mm&r=g","caption":"thomas.berner"},"url":"https:\/\/www.organisator.ch\/de\/author\/thomas-berner\/"}]}},"_links":{"self":[{"href":"https:\/\/www.organisator.ch\/de\/wp-json\/wp\/v2\/posts\/12028","targetHints":{"allow":["GET"]}}],"collection":[{"href":"https:\/\/www.organisator.ch\/de\/wp-json\/wp\/v2\/posts"}],"about":[{"href":"https:\/\/www.organisator.ch\/de\/wp-json\/wp\/v2\/types\/post"}],"author":[{"embeddable":true,"href":"https:\/\/www.organisator.ch\/de\/wp-json\/wp\/v2\/users\/4"}],"replies":[{"embeddable":true,"href":"https:\/\/www.organisator.ch\/de\/wp-json\/wp\/v2\/comments?post=12028"}],"version-history":[{"count":5,"href":"https:\/\/www.organisator.ch\/de\/wp-json\/wp\/v2\/posts\/12028\/revisions"}],"predecessor-version":[{"id":12040,"href":"https:\/\/www.organisator.ch\/de\/wp-json\/wp\/v2\/posts\/12028\/revisions\/12040"}],"wp:featuredmedia":[{"embeddable":true,"href":"https:\/\/www.organisator.ch\/de\/wp-json\/wp\/v2\/media\/12029"}],"wp:attachment":[{"href":"https:\/\/www.organisator.ch\/de\/wp-json\/wp\/v2\/media?parent=12028"}],"wp:term":[{"taxonomy":"category","embeddable":true,"href":"https:\/\/www.organisator.ch\/de\/wp-json\/wp\/v2\/categories?post=12028"},{"taxonomy":"post_tag","embeddable":true,"href":"https:\/\/www.organisator.ch\/de\/wp-json\/wp\/v2\/tags?post=12028"}],"curies":[{"name":"wp","href":"https:\/\/api.w.org\/{rel}","templated":true}]}}