{"id":12063,"date":"2022-03-08T11:51:25","date_gmt":"2022-03-08T10:51:25","guid":{"rendered":"https:\/\/www.organisator.ch\/?p=12063"},"modified":"2022-03-08T11:51:25","modified_gmt":"2022-03-08T10:51:25","slug":"neue-geschaeftsleitungsmitglieder-fuer-victorinox","status":"publish","type":"post","link":"https:\/\/www.organisator.ch\/de\/management\/2022-03-08\/neue-geschaeftsleitungsmitglieder-fuer-victorinox\/","title":{"rendered":"Neue Gesch\u00e4ftsleitungsmitglieder f\u00fcr Victorinox"},"content":{"rendered":"<figure id=\"attachment_12064\" aria-describedby=\"caption-attachment-12064\" style=\"width: 680px\" class=\"wp-caption alignnone\"><img loading=\"lazy\" decoding=\"async\" class=\"size-full wp-image-12064\" src=\"https:\/\/www.organisator.ch\/wp-content\/uploads\/2022\/03\/Neue-Geschaeftsleitungsmitglieder-fuer-Victorinox_Organisator.jpg\" alt=\"\" width=\"680\" height=\"840\" srcset=\"https:\/\/www.organisator.ch\/wp-content\/uploads\/2022\/03\/Neue-Geschaeftsleitungsmitglieder-fuer-Victorinox_Organisator.jpg 680w, https:\/\/www.organisator.ch\/wp-content\/uploads\/2022\/03\/Neue-Geschaeftsleitungsmitglieder-fuer-Victorinox_Organisator-10x12.jpg 10w, https:\/\/www.organisator.ch\/wp-content\/uploads\/2022\/03\/Neue-Geschaeftsleitungsmitglieder-fuer-Victorinox_Organisator-142x175.jpg 142w, https:\/\/www.organisator.ch\/wp-content\/uploads\/2022\/03\/Neue-Geschaeftsleitungsmitglieder-fuer-Victorinox_Organisator-283x350.jpg 283w, https:\/\/www.organisator.ch\/wp-content\/uploads\/2022\/03\/Neue-Geschaeftsleitungsmitglieder-fuer-Victorinox_Organisator-648x800.jpg 648w, https:\/\/www.organisator.ch\/wp-content\/uploads\/2022\/03\/Neue-Geschaeftsleitungsmitglieder-fuer-Victorinox_Organisator-300x371.jpg 300w\" sizes=\"auto, (max-width: 680px) 100vw, 680px\" \/><figcaption id=\"caption-attachment-12064\" class=\"wp-caption-text\">Victorinox hat drei neue Gesch\u00e4ftsleitungsmitglieder: Patrik Hauert (oben), Michela Argir\u00f2 (unten links) und Kilian Eyholzer. (Bilder: Victorinox)<\/figcaption><\/figure>\n<p>Drei neue Gesch\u00e4ftsleitungsmitglieder verst\u00e4rken die F\u00fchrung des weltweit t\u00e4tigen Familienunternehmens Victorinox AG. Anfang Februar 2022 ist Patrik Hauert als Chief Sales Officer gestartet und leitet die globale Vertriebsorganisation. Der geb\u00fcrtiger Schweizer verf\u00fcgt \u00fcber einen Abschluss in Business Administration und einen Executive MBA. Seine Karriere begann Hauert bei KPMG und sammelte im Anschluss bei Swarovski globale F\u00fchrungserfahrung. Zuletzt war er Chief Sales Officer und Gesch\u00e4ftsleitungsmitglied bei der St\u00f6ckli Swiss Sports AG. In der Rolle des Chief Sales Officers bei Victorinox verantwortet er nun den weltweiten Vertrieb und f\u00fchrt die Vertriebstochtergesellschaften im Ausland. Das Produktsortiment von Victorinox ist weltweit an Verkaufspunkten in mehr als 120 L\u00e4ndern erh\u00e4ltlich. In Shop-in-Shops und mehr als 50 eigenen Retail Stores an attraktiven Standorten wie Z\u00fcrich, Berlin, London, Tokyo und Hong Kong wird die Victorinox Markenwelt erlebbar gemacht. Seit 2019 wird parallel dazu auch mittels eines Franchise-Konzepts die Pr\u00e4senz kontinuierlich erweitert. Weiterhin liegt der Fokus auf der Digitalisierung und dem Ausbau der digitalen Kan\u00e4le.<\/p>\n<h2>Nachfolge im Bereich Supply Chain geregelt<\/h2>\n<p>Michela Argir\u00f2 hat im Zuge einer Nachfolgeregelung als Mitglied der Gesch\u00e4ftsleitung Mitte November 2021 den Bereich Supply Chain \u00fcbernommen. Michela Argir\u00f2 war vormals zehn Jahre Head of Supply Chain Europe beim amerikanischen Konzern Sherwin Williams. Sie verf\u00fcgt \u00fcber grosse internationale Erfahrung und ausgewiesene Expertise im Supply Chain Management. W\u00e4hrend ihrer beruflichen Laufbahn konnte sie sich grosses Wissen in den Bereichen Strategische Business Planung, Logistik und Distribution sowie Customer Service im B2C Bereich aneignen. Abgerundet wird ihr Profil mit der Erfahrung von komplexen Transformationsprojekten zur Optimierung der Kundenzufriedenheit und operativen Kosten. In den Bereich Supply Chain f\u00e4llt unter anderem das operative Gesch\u00e4ft des Victorinox Distributionszentrums in Seewen (Kanton Schwyz), das im Herbst 2020 den Betrieb aufgenommen hat und von wo aus j\u00e4hrlich bei guter Auslastung mehr als 40 Millionen Produkte pro Jahr versendet werden k\u00f6nnen.<\/p>\n<h2>Neu geschaffener Bereich &#8222;Transformation &amp; Technology&#8220;<\/h2>\n<p>Kilian Eyholzer schliesslich leitet seit Anfang des Jahres den neu geschaffenen Bereich Transformation &amp; Technology, der die Themen Innovationsmanagement, Business Services &amp; Applications, Projekt- und Prozessmanagement, Data und BI sowie IT umfasst. Kilian Eyholzer stiess nach Stationen in der Unternehmensberatung, in der Reisebranche und im E-Commerce im Jahr 2014 zu Victorinox. Als Global Head of E-Commerce baute er mit seinem Team die digitalen Kan\u00e4le und das Online-Gesch\u00e4ft bei Victorinox erfolgreich auf. Seit September 2020 leitete Kilian Eyholzer die damals neu gegr\u00fcndete Abteilung Digital Business Transformation, die per 1. Januar 2022 mit den Bereichen Global IT und Datenmanagement zusammengef\u00fchrt wurde. Eyholzer verf\u00fcgt \u00fcber einen MBA in Betriebswirtschaft und ein Doktorat in Wirtschaftsinformatik der Universit\u00e4t Bern sowie \u00fcber ein breites Praxiswissen in den Bereichen eCommerce, Digitalisierung, Business Development und Projektmanagement.<\/p>\n<h2>Neue Gesch\u00e4ftsleitungsmitglieder: &#8222;Zukunft erfolgreich mitgestalten&#8220;<\/h2>\n<p>Carl Elsener, CEO von Victorinox AG, freut sich auf die Zusammenarbeit mit den neuen Gesch\u00e4ftsleitungsmitgliedern. \u00abIch bin \u00fcberzeugt, dass sie ihr umfassendes Knowhow gewinnbringend f\u00fcr Victorinox einbringen k\u00f6nnen. Sie werden mit ihrer breiten Erfahrung dazu beitragen, die Zukunft des Unternehmens aktiv und erfolgreich mitzugestalten.\u00bb<\/p>\n<p><em>Quelle: <a href=\"http:\/\/www.victorinox.com\">Victorinox AG<\/a><\/em><\/p>\n","protected":false},"excerpt":{"rendered":"<p>Drei neue Gesch\u00e4ftsleitungsmitglieder verst\u00e4rken die F\u00fchrung des weltweit t\u00e4tigen Familienunternehmens Victorinox AG. Anfang Februar 2022 ist Patrik Hauert als Chief Sales Officer gestartet und leitet die globale Vertriebsorganisation. Der geb\u00fcrtiger Schweizer verf\u00fcgt \u00fcber einen Abschluss in Business Administration und einen Executive MBA. Seine Karriere begann Hauert bei KPMG und sammelte im Anschluss bei Swarovski globale [&hellip;]<\/p>\n","protected":false},"author":4,"featured_media":12064,"comment_status":"closed","ping_status":"closed","sticky":false,"template":"","format":"standard","meta":{"_acf_changed":false,"_yoast_wpseo_focuskw":"Gesch\u00e4ftsleitungsmitglieder","_yoast_wpseo_metadesc":"Victorinox AG erh\u00e4lt drei neue Gesch\u00e4ftsleitungsmitglieder: Patrik Hauert, Michela Argir\u00f2 und Kilian Eyholzer.","articlekey":"","footnotes":""},"categories":[28],"tags":[335,381,492],"class_list":["post-12063","post","type-post","status-publish","format-standard","has-post-thumbnail","hentry","category-management","tag-management-und-unternehmensfuehrung","tag-personalia","tag-unternehmen"],"acf":[],"yoast_head":"<!-- This site is optimized with the Yoast SEO plugin v27.5 - https:\/\/yoast.com\/product\/yoast-seo-wordpress\/ -->\n<title>Neue Gesch\u00e4ftsleitungsmitglieder f\u00fcr Victorinox - Organisator<\/title>\n<meta name=\"description\" content=\"Victorinox AG erh\u00e4lt drei neue Gesch\u00e4ftsleitungsmitglieder: Patrik Hauert, Michela Argir\u00f2 und Kilian Eyholzer.\" \/>\n<meta name=\"robots\" content=\"index, follow, max-snippet:-1, max-image-preview:large, max-video-preview:-1\" \/>\n<link rel=\"canonical\" href=\"https:\/\/www.organisator.ch\/de\/management\/2022-03-08\/neue-geschaeftsleitungsmitglieder-fuer-victorinox\/\" \/>\n<meta property=\"og:locale\" content=\"de_DE\" \/>\n<meta property=\"og:type\" content=\"article\" \/>\n<meta property=\"og:title\" content=\"Neue Gesch\u00e4ftsleitungsmitglieder f\u00fcr Victorinox\" \/>\n<meta property=\"og:description\" content=\"Victorinox AG erh\u00e4lt drei neue Gesch\u00e4ftsleitungsmitglieder: Patrik Hauert, Michela Argir\u00f2 und Kilian Eyholzer.\" \/>\n<meta property=\"og:url\" content=\"https:\/\/www.organisator.ch\/de\/management\/2022-03-08\/neue-geschaeftsleitungsmitglieder-fuer-victorinox\/\" \/>\n<meta property=\"og:site_name\" content=\"Organisator\" \/>\n<meta property=\"article:publisher\" content=\"https:\/\/www.facebook.com\/OrganisatorFachmagazin\" \/>\n<meta property=\"article:published_time\" content=\"2022-03-08T10:51:25+00:00\" \/>\n<meta property=\"og:image\" content=\"https:\/\/www.organisator.ch\/wp-content\/uploads\/2022\/03\/Neue-Geschaeftsleitungsmitglieder-fuer-Victorinox_Organisator.jpg\" \/>\n\t<meta property=\"og:image:width\" content=\"680\" \/>\n\t<meta property=\"og:image:height\" content=\"840\" \/>\n\t<meta property=\"og:image:type\" content=\"image\/jpeg\" \/>\n<meta name=\"author\" content=\"thomas.berner\" \/>\n<meta name=\"twitter:card\" content=\"summary_large_image\" \/>\n<meta name=\"twitter:title\" content=\"Neue #Gesch\u00e4ftsleitungsmitglieder f\u00fcr #Victorinox\" \/>\n<meta name=\"twitter:description\" content=\"#Victorinox AG erh\u00e4lt drei neue #Gesch\u00e4ftsleitungsmitglieder: Patrik Hauert, Michela Argir\u00f2 und Kilian Eyholzer.\" \/>\n<meta name=\"twitter:image\" content=\"https:\/\/www.organisator.ch\/wp-content\/uploads\/2022\/03\/Neue-Geschaeftsleitungsmitglieder-fuer-Victorinox_Organisator.jpg\" \/>\n<script type=\"application\/ld+json\" class=\"yoast-schema-graph\">{\"@context\":\"https:\\\/\\\/schema.org\",\"@graph\":[{\"@type\":\"Article\",\"@id\":\"https:\\\/\\\/www.organisator.ch\\\/management\\\/2022-03-08\\\/neue-geschaeftsleitungsmitglieder-fuer-victorinox\\\/#article\",\"isPartOf\":{\"@id\":\"https:\\\/\\\/www.organisator.ch\\\/management\\\/2022-03-08\\\/neue-geschaeftsleitungsmitglieder-fuer-victorinox\\\/\"},\"author\":{\"name\":\"thomas.berner\",\"@id\":\"https:\\\/\\\/www.organisator.ch\\\/#\\\/schema\\\/person\\\/6f650f90b2842cd4c0cc334b4e36f67e\"},\"headline\":\"Neue Gesch\u00e4ftsleitungsmitglieder f\u00fcr Victorinox\",\"datePublished\":\"2022-03-08T10:51:25+00:00\",\"mainEntityOfPage\":{\"@id\":\"https:\\\/\\\/www.organisator.ch\\\/management\\\/2022-03-08\\\/neue-geschaeftsleitungsmitglieder-fuer-victorinox\\\/\"},\"wordCount\":536,\"publisher\":{\"@id\":\"https:\\\/\\\/www.organisator.ch\\\/#organization\"},\"image\":{\"@id\":\"https:\\\/\\\/www.organisator.ch\\\/management\\\/2022-03-08\\\/neue-geschaeftsleitungsmitglieder-fuer-victorinox\\\/#primaryimage\"},\"thumbnailUrl\":\"https:\\\/\\\/www.organisator.ch\\\/wp-content\\\/uploads\\\/2022\\\/03\\\/Neue-Geschaeftsleitungsmitglieder-fuer-Victorinox_Organisator.jpg\",\"keywords\":[\"Management und Unternehmensf\u00fchrung\",\"Personalia\",\"Unternehmen\"],\"articleSection\":[\"MANAGEMENT\"],\"inLanguage\":\"de\"},{\"@type\":\"WebPage\",\"@id\":\"https:\\\/\\\/www.organisator.ch\\\/management\\\/2022-03-08\\\/neue-geschaeftsleitungsmitglieder-fuer-victorinox\\\/\",\"url\":\"https:\\\/\\\/www.organisator.ch\\\/management\\\/2022-03-08\\\/neue-geschaeftsleitungsmitglieder-fuer-victorinox\\\/\",\"name\":\"Neue Gesch\u00e4ftsleitungsmitglieder f\u00fcr Victorinox - Organisator\",\"isPartOf\":{\"@id\":\"https:\\\/\\\/www.organisator.ch\\\/#website\"},\"primaryImageOfPage\":{\"@id\":\"https:\\\/\\\/www.organisator.ch\\\/management\\\/2022-03-08\\\/neue-geschaeftsleitungsmitglieder-fuer-victorinox\\\/#primaryimage\"},\"image\":{\"@id\":\"https:\\\/\\\/www.organisator.ch\\\/management\\\/2022-03-08\\\/neue-geschaeftsleitungsmitglieder-fuer-victorinox\\\/#primaryimage\"},\"thumbnailUrl\":\"https:\\\/\\\/www.organisator.ch\\\/wp-content\\\/uploads\\\/2022\\\/03\\\/Neue-Geschaeftsleitungsmitglieder-fuer-Victorinox_Organisator.jpg\",\"datePublished\":\"2022-03-08T10:51:25+00:00\",\"description\":\"Victorinox AG erh\u00e4lt drei neue Gesch\u00e4ftsleitungsmitglieder: Patrik Hauert, Michela Argir\u00f2 und Kilian Eyholzer.\",\"breadcrumb\":{\"@id\":\"https:\\\/\\\/www.organisator.ch\\\/management\\\/2022-03-08\\\/neue-geschaeftsleitungsmitglieder-fuer-victorinox\\\/#breadcrumb\"},\"inLanguage\":\"de\",\"potentialAction\":[{\"@type\":\"ReadAction\",\"target\":[\"https:\\\/\\\/www.organisator.ch\\\/management\\\/2022-03-08\\\/neue-geschaeftsleitungsmitglieder-fuer-victorinox\\\/\"]}]},{\"@type\":\"ImageObject\",\"inLanguage\":\"de\",\"@id\":\"https:\\\/\\\/www.organisator.ch\\\/management\\\/2022-03-08\\\/neue-geschaeftsleitungsmitglieder-fuer-victorinox\\\/#primaryimage\",\"url\":\"https:\\\/\\\/www.organisator.ch\\\/wp-content\\\/uploads\\\/2022\\\/03\\\/Neue-Geschaeftsleitungsmitglieder-fuer-Victorinox_Organisator.jpg\",\"contentUrl\":\"https:\\\/\\\/www.organisator.ch\\\/wp-content\\\/uploads\\\/2022\\\/03\\\/Neue-Geschaeftsleitungsmitglieder-fuer-Victorinox_Organisator.jpg\",\"width\":680,\"height\":840,\"caption\":\"Victorinox hat drei neue Gesch\u00e4ftsleitungsmitglieder: Patrik Hauert (oben), Michela Argir\u00f2 (unten links) und Kilian Eyholzer. (Bilder: Victorinox)\"},{\"@type\":\"BreadcrumbList\",\"@id\":\"https:\\\/\\\/www.organisator.ch\\\/management\\\/2022-03-08\\\/neue-geschaeftsleitungsmitglieder-fuer-victorinox\\\/#breadcrumb\",\"itemListElement\":[{\"@type\":\"ListItem\",\"position\":1,\"name\":\"Home\",\"item\":\"https:\\\/\\\/www.organisator.ch\\\/\"},{\"@type\":\"ListItem\",\"position\":2,\"name\":\"Neue Gesch\u00e4ftsleitungsmitglieder f\u00fcr Victorinox\"}]},{\"@type\":\"WebSite\",\"@id\":\"https:\\\/\\\/www.organisator.ch\\\/#website\",\"url\":\"https:\\\/\\\/www.organisator.ch\\\/\",\"name\":\"Organisator\",\"description\":\"Kompetent. Praxisnah. Der ORGANISATOR bereitet in 10 Ausgaben pro Jahr die wesentlichen Themen f\u00fcr F\u00fchrungskr\u00e4fte von KMU auf.\",\"publisher\":{\"@id\":\"https:\\\/\\\/www.organisator.ch\\\/#organization\"},\"potentialAction\":[{\"@type\":\"SearchAction\",\"target\":{\"@type\":\"EntryPoint\",\"urlTemplate\":\"https:\\\/\\\/www.organisator.ch\\\/?s={search_term_string}\"},\"query-input\":{\"@type\":\"PropertyValueSpecification\",\"valueRequired\":true,\"valueName\":\"search_term_string\"}}],\"inLanguage\":\"de\"},{\"@type\":\"Organization\",\"@id\":\"https:\\\/\\\/www.organisator.ch\\\/#organization\",\"name\":\"Organisator\",\"url\":\"https:\\\/\\\/www.organisator.ch\\\/\",\"logo\":{\"@type\":\"ImageObject\",\"inLanguage\":\"de\",\"@id\":\"https:\\\/\\\/www.organisator.ch\\\/#\\\/schema\\\/logo\\\/image\\\/\",\"url\":\"https:\\\/\\\/www.organisator.ch\\\/wp-content\\\/uploads\\\/2022\\\/01\\\/Logo_Organisator_Website.png\",\"contentUrl\":\"https:\\\/\\\/www.organisator.ch\\\/wp-content\\\/uploads\\\/2022\\\/01\\\/Logo_Organisator_Website.png\",\"width\":800,\"height\":77,\"caption\":\"Organisator\"},\"image\":{\"@id\":\"https:\\\/\\\/www.organisator.ch\\\/#\\\/schema\\\/logo\\\/image\\\/\"},\"sameAs\":[\"https:\\\/\\\/www.facebook.com\\\/OrganisatorFachmagazin\",\"https:\\\/\\\/www.linkedin.com\\\/showcase\\\/organisator-das-magazin-fr-kmu\",\"https:\\\/\\\/www.xing.com\\\/news\\\/pages\\\/organisator-ch-695\",\"https:\\\/\\\/www.youtube.com\\\/channel\\\/UCGP2Sq0iWaZwT3BdIAQFYpw\"]},{\"@type\":\"Person\",\"@id\":\"https:\\\/\\\/www.organisator.ch\\\/#\\\/schema\\\/person\\\/6f650f90b2842cd4c0cc334b4e36f67e\",\"name\":\"thomas.berner\",\"image\":{\"@type\":\"ImageObject\",\"inLanguage\":\"de\",\"@id\":\"https:\\\/\\\/secure.gravatar.com\\\/avatar\\\/ac5001d2a36cb6c6cd3e50789007ffca834b477b74a2144564522e944eabff61?s=96&d=mm&r=g\",\"url\":\"https:\\\/\\\/secure.gravatar.com\\\/avatar\\\/ac5001d2a36cb6c6cd3e50789007ffca834b477b74a2144564522e944eabff61?s=96&d=mm&r=g\",\"contentUrl\":\"https:\\\/\\\/secure.gravatar.com\\\/avatar\\\/ac5001d2a36cb6c6cd3e50789007ffca834b477b74a2144564522e944eabff61?s=96&d=mm&r=g\",\"caption\":\"thomas.berner\"},\"url\":\"https:\\\/\\\/www.organisator.ch\\\/de\\\/author\\\/thomas-berner\\\/\"}]}<\/script>\n<!-- \/ Yoast SEO plugin. -->","yoast_head_json":{"title":"Neue Gesch\u00e4ftsleitungsmitglieder f\u00fcr Victorinox - Organisator","description":"Victorinox AG erh\u00e4lt drei neue Gesch\u00e4ftsleitungsmitglieder: Patrik Hauert, Michela Argir\u00f2 und Kilian Eyholzer.","robots":{"index":"index","follow":"follow","max-snippet":"max-snippet:-1","max-image-preview":"max-image-preview:large","max-video-preview":"max-video-preview:-1"},"canonical":"https:\/\/www.organisator.ch\/de\/management\/2022-03-08\/neue-geschaeftsleitungsmitglieder-fuer-victorinox\/","og_locale":"de_DE","og_type":"article","og_title":"Neue Gesch\u00e4ftsleitungsmitglieder f\u00fcr Victorinox","og_description":"Victorinox AG erh\u00e4lt drei neue Gesch\u00e4ftsleitungsmitglieder: Patrik Hauert, Michela Argir\u00f2 und Kilian Eyholzer.","og_url":"https:\/\/www.organisator.ch\/de\/management\/2022-03-08\/neue-geschaeftsleitungsmitglieder-fuer-victorinox\/","og_site_name":"Organisator","article_publisher":"https:\/\/www.facebook.com\/OrganisatorFachmagazin","article_published_time":"2022-03-08T10:51:25+00:00","og_image":[{"width":680,"height":840,"url":"https:\/\/www.organisator.ch\/wp-content\/uploads\/2022\/03\/Neue-Geschaeftsleitungsmitglieder-fuer-Victorinox_Organisator.jpg","type":"image\/jpeg"}],"author":"thomas.berner","twitter_card":"summary_large_image","twitter_title":"Neue #Gesch\u00e4ftsleitungsmitglieder f\u00fcr #Victorinox","twitter_description":"#Victorinox AG erh\u00e4lt drei neue #Gesch\u00e4ftsleitungsmitglieder: Patrik Hauert, Michela Argir\u00f2 und Kilian Eyholzer.","twitter_image":"https:\/\/www.organisator.ch\/wp-content\/uploads\/2022\/03\/Neue-Geschaeftsleitungsmitglieder-fuer-Victorinox_Organisator.jpg","schema":{"@context":"https:\/\/schema.org","@graph":[{"@type":"Article","@id":"https:\/\/www.organisator.ch\/management\/2022-03-08\/neue-geschaeftsleitungsmitglieder-fuer-victorinox\/#article","isPartOf":{"@id":"https:\/\/www.organisator.ch\/management\/2022-03-08\/neue-geschaeftsleitungsmitglieder-fuer-victorinox\/"},"author":{"name":"thomas.berner","@id":"https:\/\/www.organisator.ch\/#\/schema\/person\/6f650f90b2842cd4c0cc334b4e36f67e"},"headline":"Neue Gesch\u00e4ftsleitungsmitglieder f\u00fcr Victorinox","datePublished":"2022-03-08T10:51:25+00:00","mainEntityOfPage":{"@id":"https:\/\/www.organisator.ch\/management\/2022-03-08\/neue-geschaeftsleitungsmitglieder-fuer-victorinox\/"},"wordCount":536,"publisher":{"@id":"https:\/\/www.organisator.ch\/#organization"},"image":{"@id":"https:\/\/www.organisator.ch\/management\/2022-03-08\/neue-geschaeftsleitungsmitglieder-fuer-victorinox\/#primaryimage"},"thumbnailUrl":"https:\/\/www.organisator.ch\/wp-content\/uploads\/2022\/03\/Neue-Geschaeftsleitungsmitglieder-fuer-Victorinox_Organisator.jpg","keywords":["Management und Unternehmensf\u00fchrung","Personalia","Unternehmen"],"articleSection":["MANAGEMENT"],"inLanguage":"de"},{"@type":"WebPage","@id":"https:\/\/www.organisator.ch\/management\/2022-03-08\/neue-geschaeftsleitungsmitglieder-fuer-victorinox\/","url":"https:\/\/www.organisator.ch\/management\/2022-03-08\/neue-geschaeftsleitungsmitglieder-fuer-victorinox\/","name":"Neue Gesch\u00e4ftsleitungsmitglieder f\u00fcr Victorinox - Organisator","isPartOf":{"@id":"https:\/\/www.organisator.ch\/#website"},"primaryImageOfPage":{"@id":"https:\/\/www.organisator.ch\/management\/2022-03-08\/neue-geschaeftsleitungsmitglieder-fuer-victorinox\/#primaryimage"},"image":{"@id":"https:\/\/www.organisator.ch\/management\/2022-03-08\/neue-geschaeftsleitungsmitglieder-fuer-victorinox\/#primaryimage"},"thumbnailUrl":"https:\/\/www.organisator.ch\/wp-content\/uploads\/2022\/03\/Neue-Geschaeftsleitungsmitglieder-fuer-Victorinox_Organisator.jpg","datePublished":"2022-03-08T10:51:25+00:00","description":"Victorinox AG erh\u00e4lt drei neue Gesch\u00e4ftsleitungsmitglieder: Patrik Hauert, Michela Argir\u00f2 und Kilian Eyholzer.","breadcrumb":{"@id":"https:\/\/www.organisator.ch\/management\/2022-03-08\/neue-geschaeftsleitungsmitglieder-fuer-victorinox\/#breadcrumb"},"inLanguage":"de","potentialAction":[{"@type":"ReadAction","target":["https:\/\/www.organisator.ch\/management\/2022-03-08\/neue-geschaeftsleitungsmitglieder-fuer-victorinox\/"]}]},{"@type":"ImageObject","inLanguage":"de","@id":"https:\/\/www.organisator.ch\/management\/2022-03-08\/neue-geschaeftsleitungsmitglieder-fuer-victorinox\/#primaryimage","url":"https:\/\/www.organisator.ch\/wp-content\/uploads\/2022\/03\/Neue-Geschaeftsleitungsmitglieder-fuer-Victorinox_Organisator.jpg","contentUrl":"https:\/\/www.organisator.ch\/wp-content\/uploads\/2022\/03\/Neue-Geschaeftsleitungsmitglieder-fuer-Victorinox_Organisator.jpg","width":680,"height":840,"caption":"Victorinox hat drei neue Gesch\u00e4ftsleitungsmitglieder: Patrik Hauert (oben), Michela Argir\u00f2 (unten links) und Kilian Eyholzer. (Bilder: Victorinox)"},{"@type":"BreadcrumbList","@id":"https:\/\/www.organisator.ch\/management\/2022-03-08\/neue-geschaeftsleitungsmitglieder-fuer-victorinox\/#breadcrumb","itemListElement":[{"@type":"ListItem","position":1,"name":"Home","item":"https:\/\/www.organisator.ch\/"},{"@type":"ListItem","position":2,"name":"Neue Gesch\u00e4ftsleitungsmitglieder f\u00fcr Victorinox"}]},{"@type":"WebSite","@id":"https:\/\/www.organisator.ch\/#website","url":"https:\/\/www.organisator.ch\/","name":"Organisator","description":"Kompetent. Praxisnah. Der ORGANISATOR bereitet in 10 Ausgaben pro Jahr die wesentlichen Themen f\u00fcr F\u00fchrungskr\u00e4fte von KMU auf.","publisher":{"@id":"https:\/\/www.organisator.ch\/#organization"},"potentialAction":[{"@type":"SearchAction","target":{"@type":"EntryPoint","urlTemplate":"https:\/\/www.organisator.ch\/?s={search_term_string}"},"query-input":{"@type":"PropertyValueSpecification","valueRequired":true,"valueName":"search_term_string"}}],"inLanguage":"de"},{"@type":"Organization","@id":"https:\/\/www.organisator.ch\/#organization","name":"Organisator","url":"https:\/\/www.organisator.ch\/","logo":{"@type":"ImageObject","inLanguage":"de","@id":"https:\/\/www.organisator.ch\/#\/schema\/logo\/image\/","url":"https:\/\/www.organisator.ch\/wp-content\/uploads\/2022\/01\/Logo_Organisator_Website.png","contentUrl":"https:\/\/www.organisator.ch\/wp-content\/uploads\/2022\/01\/Logo_Organisator_Website.png","width":800,"height":77,"caption":"Organisator"},"image":{"@id":"https:\/\/www.organisator.ch\/#\/schema\/logo\/image\/"},"sameAs":["https:\/\/www.facebook.com\/OrganisatorFachmagazin","https:\/\/www.linkedin.com\/showcase\/organisator-das-magazin-fr-kmu","https:\/\/www.xing.com\/news\/pages\/organisator-ch-695","https:\/\/www.youtube.com\/channel\/UCGP2Sq0iWaZwT3BdIAQFYpw"]},{"@type":"Person","@id":"https:\/\/www.organisator.ch\/#\/schema\/person\/6f650f90b2842cd4c0cc334b4e36f67e","name":"thomas.berner","image":{"@type":"ImageObject","inLanguage":"de","@id":"https:\/\/secure.gravatar.com\/avatar\/ac5001d2a36cb6c6cd3e50789007ffca834b477b74a2144564522e944eabff61?s=96&d=mm&r=g","url":"https:\/\/secure.gravatar.com\/avatar\/ac5001d2a36cb6c6cd3e50789007ffca834b477b74a2144564522e944eabff61?s=96&d=mm&r=g","contentUrl":"https:\/\/secure.gravatar.com\/avatar\/ac5001d2a36cb6c6cd3e50789007ffca834b477b74a2144564522e944eabff61?s=96&d=mm&r=g","caption":"thomas.berner"},"url":"https:\/\/www.organisator.ch\/de\/author\/thomas-berner\/"}]}},"_links":{"self":[{"href":"https:\/\/www.organisator.ch\/de\/wp-json\/wp\/v2\/posts\/12063","targetHints":{"allow":["GET"]}}],"collection":[{"href":"https:\/\/www.organisator.ch\/de\/wp-json\/wp\/v2\/posts"}],"about":[{"href":"https:\/\/www.organisator.ch\/de\/wp-json\/wp\/v2\/types\/post"}],"author":[{"embeddable":true,"href":"https:\/\/www.organisator.ch\/de\/wp-json\/wp\/v2\/users\/4"}],"replies":[{"embeddable":true,"href":"https:\/\/www.organisator.ch\/de\/wp-json\/wp\/v2\/comments?post=12063"}],"version-history":[{"count":1,"href":"https:\/\/www.organisator.ch\/de\/wp-json\/wp\/v2\/posts\/12063\/revisions"}],"predecessor-version":[{"id":12065,"href":"https:\/\/www.organisator.ch\/de\/wp-json\/wp\/v2\/posts\/12063\/revisions\/12065"}],"wp:featuredmedia":[{"embeddable":true,"href":"https:\/\/www.organisator.ch\/de\/wp-json\/wp\/v2\/media\/12064"}],"wp:attachment":[{"href":"https:\/\/www.organisator.ch\/de\/wp-json\/wp\/v2\/media?parent=12063"}],"wp:term":[{"taxonomy":"category","embeddable":true,"href":"https:\/\/www.organisator.ch\/de\/wp-json\/wp\/v2\/categories?post=12063"},{"taxonomy":"post_tag","embeddable":true,"href":"https:\/\/www.organisator.ch\/de\/wp-json\/wp\/v2\/tags?post=12063"}],"curies":[{"name":"wp","href":"https:\/\/api.w.org\/{rel}","templated":true}]}}