{"id":12116,"date":"2022-03-14T08:11:18","date_gmt":"2022-03-14T07:11:18","guid":{"rendered":"https:\/\/www.m-q.ch\/?p=16062"},"modified":"2022-08-02T15:55:22","modified_gmt":"2022-08-02T13:55:22","slug":"virtuelle-messe-fuer-qms-software","status":"publish","type":"post","link":"https:\/\/www.organisator.ch\/de\/operational-excellence\/2022-03-14\/virtuelle-messe-fuer-qms-software\/","title":{"rendered":"Virtuelle Messe f\u00fcr QMS-Software"},"content":{"rendered":"<figure id=\"attachment_16063\" class=\"wp-caption alignnone\" style=\"width: 680px\" aria-describedby=\"caption-attachment-16063\"><img class=\"alignnone wp-image-16063 size-full\" src=\"https:\/\/www.m-q.ch\/wp-content\/uploads\/2022\/03\/Virtuelle-Messe-fuer-QMS-Software_MQ.jpg\" alt=\"Virtuelle Messe\" width=\"680\" height=\"491\" \/><figcaption id=\"caption-attachment-16063\" class=\"wp-caption-text\">Die virtuelle Messe ConSense EXPO informiert \u00fcber Neuheiten bei Qualit\u00e4tsmanagement- und integrierten Managementsystemen. (Bild: ConSense GmbH)<\/figcaption><\/figure>\r\nDie virtuelle Messe ConSense EXPO des Software-Anbieters ConSense GmbH pr\u00e4sentiert Softwarel\u00f6sungen und Dienstleistungen rund um Managementsysteme inklusive aller Neuheiten. Das Programm bietet abwechslungsreiche Live-Konferenzen, die Verleihung des 4. ConSense ScientificAward und viele M\u00f6glichkeiten zum Networking. Die Registrierung f\u00fcr den Besuch ist ab sofort unter <a href=\"https:\/\/www.consense-gmbh.de\/aktuelles\/consense-expo\/\">www.consense-gmbh.de\/expo<\/a><strong>\u00a0<\/strong>m\u00f6glich. Hier findet sich auch das gesamte Konferenzprogramm sowie die Anmeldung zu den Konferenzen.\r\n<h2><strong>Virtuelle Messe mit umfassenden Produktinformationen<\/strong><\/h2>\r\nAuf der digitalen Messe ConSense EXPO stehen Expertinnen und Experten von ConSense an verschiedenen Themenst\u00e4nden f\u00fcr pers\u00f6nliche Gespr\u00e4che bereit, z. B. zu <a href=\"https:\/\/www.consense-gmbh.de\/loesungen\/qm-software\/\">QM-Software<\/a> und zu L\u00f6sungen f\u00fcr <a href=\"https:\/\/www.consense-gmbh.de\/loesungen\/ims-integriertes-management\/\">IMS<\/a> \u2013 ganz gleich ob bestehend aus QM-System, Datenschutz-, Arbeitsschutz-, Umweltschutzmanagement oder weiteren Managementbereichen. Auch zu GxP-konformen QM-L\u00f6sungen sowie Ma\u00dfnahmen-, Schulungs- oder Risikomanagement bietet die Messe hilfreiches Informationsmaterial. Sie zeigt zudem ausf\u00fchrlich die endger\u00e4teunabh\u00e4ngige, webbasierte Managementsystem-L\u00f6sung <a href=\"https:\/\/www.consense-gmbh.de\/loesungen\/enterprise\/blick-ins-tool\/#portal\">ConSense PORTAL<\/a>, die von jedem Ort und zu jeder Zeit einen anwendungsfreundlichen Zugriff auf die gesamte digitale Dokumentation bietet. Die ConSense Hosting Services \u00fcbernehmen dabei die Bereitstellung, Sicherung, Wartung, das Monitoring und das Einspielen von Updates auf Wunsch.\r\n<h2><strong>Live-Konferenzen, Keynote, Networking und mehr<\/strong><\/h2>\r\nZu den Highlights der ConSense EXPO geh\u00f6rt ein vielf\u00e4ltiges Konferenz- und Eventprogramm, das einer Pr\u00e4senzmesse in nichts nachsteht. Die <a href=\"https:\/\/www.consense-gmbh.de\/aktuelles\/consense-expo\/konferenzen\/\">Live-Konferenzen<\/a> behandeln aktuelle Themen aus der QM-Welt. Pr\u00e4sentiert werden sie von Expertinnen und Experten f\u00fcr Managementsysteme aus namhaften Unternehmen sowie von der ConSense GmbH. So beschreibt das akkreditierte DAkkS-Kalibrierlabor Eumetron GmbH, wie es mithilfe des Integrierten Managementsystems die Einhaltung der Normvorgaben schnell und transparent nachweisen kann. F\u00fcr einen sicheren Schiffsbetrieb mit verpflichtender Dokumentation in digitaler Form und intelligentem Formularmanagement steht das Beispiel der BBC Chartering GmbH &amp; Co. KG. In einer weiteren Konferenz wird demonstriert, wie die QM-Methoden der Automotive Core Tools aus der Automobilindustrie auch in anderen Branchen f\u00fcr systematisch gute Qualit\u00e4t sorgen k\u00f6nnen. Im Anschluss an die verschiedenen Fachvortr\u00e4ge stehen die Referierenden f\u00fcr Diskussionen bereit. Networking und Erfahrungsaustausch finden in der digitalen Coffee Lounge statt. Zudem k\u00f6nnen Besucherinnen und Besucher ihr Wissen bei On-demand Webinaren vertiefen. Bestandskundinnen und -kunden der ConSense GmbH erhalten \u00fcber einen exklusiven Bereich Zugang zu Extraslots f\u00fcr Beratungssprechstunden, zus\u00e4tzliche Live-Konferenzen und der Keynote von Dr. Alexander K\u00fcnzer aus der Gesch\u00e4ftsf\u00fchrung der ConSense GmbH.\r\n<h2><strong>Verleihung des ConSense ScientificAward<\/strong><\/h2>\r\nErstmalig k\u00f6nnen die Besucher zudem live bei der Verleihung des 4. ConSense ScientificAward dabei sein. Mit dem fach\u00fcbergreifenden Wissenschaftspreis zeichnet die ConSense GmbH Abschlussarbeiten mit innovativen Ideen f\u00fcr lebendige Managementsysteme aus. Die unabh\u00e4ngige Experten-Jury, bestehend aus Prof. Dr. Mendling (Humboldt-Universit\u00e4t zu Berlin und Vorstand Gesellschaft f\u00fcr Prozessmanagement), Prof. Dr.-Ing. Rosenbaum (Hochschule f\u00fcr Technik und Wirtschaft Dresden, Fakult\u00e4t Maschinenbau) und Dr.-Ing. Sommerhoff (Leiter Innovation und Transformation der Deutschen Gesellschaft f\u00fcr Qualit\u00e4t), bewertet die eingereichten Arbeiten. Im Anschluss an die Bekanntgabe und die Verleihung stellt die Preistr\u00e4gerin oder der Preistr\u00e4ger seine pr\u00e4mierte Arbeit in einem Vortrag vor.\n<p class=\"syndicated-attribution\">Dieser Beitrag erschien urspr\u00fcnglich auf m-q.ch - <a href=\"https:\/\/www.m-q.ch\/de\/virtuelle-messe-fuer-qms-software\/\" target=\"_blank\">https:\/\/www.m-q.ch\/de\/virtuelle-messe-fuer-qms-software\/<\/a><\/p>","protected":false},"excerpt":{"rendered":"<p>Die virtuelle Messe ConSense EXPO des Software-Anbieters ConSense GmbH pr\u00e4sentiert Softwarel\u00f6sungen und Dienstleistungen rund um Managementsysteme inklusive aller Neuheiten. Das Programm bietet abwechslungsreiche Live-Konferenzen, die Verleihung des 4. ConSense ScientificAward und viele M\u00f6glichkeiten zum Networking. Die Registrierung f\u00fcr den Besuch ist ab sofort unter www.consense-gmbh.de\/expo\u00a0m\u00f6glich. Hier findet sich auch das gesamte Konferenzprogramm sowie die Anmeldung [\u2026]<\/p>\n","protected":false},"author":8,"featured_media":0,"comment_status":"closed","ping_status":"closed","sticky":false,"template":"","format":"standard","meta":{"_acf_changed":false,"_yoast_wpseo_focuskw":"Virtuelle Messe","_yoast_wpseo_metadesc":"Die ConSense GmbH f\u00fchrt eine virtuelle Messe rund um Qualit\u00e4tsmanagement- und integrierte Managementsysteme durch.","articlekey":"","footnotes":""},"categories":[582],"tags":[3285],"class_list":["post-12116","post","type-post","status-publish","format-standard","hentry","category-operational-excellence","tag-virtuelle-messe"],"acf":[],"yoast_head":"<!-- This site is optimized with the Yoast SEO plugin v27.5 - https:\/\/yoast.com\/product\/yoast-seo-wordpress\/ -->\n<title>Virtuelle Messe f\u00fcr QMS-Software - Organisator<\/title>\n<meta name=\"description\" content=\"Die ConSense GmbH f\u00fchrt eine virtuelle Messe rund um Qualit\u00e4tsmanagement- und integrierte Managementsysteme durch.\" \/>\n<meta name=\"robots\" content=\"index, follow, max-snippet:-1, max-image-preview:large, max-video-preview:-1\" \/>\n<link rel=\"canonical\" href=\"https:\/\/www.m-q.ch\/de\/virtuelle-messe-fuer-qms-software\/\" \/>\n<meta property=\"og:locale\" content=\"de_DE\" \/>\n<meta property=\"og:type\" content=\"article\" \/>\n<meta property=\"og:title\" content=\"Virtuelle Messe f\u00fcr QMS-Software - Organisator\" \/>\n<meta property=\"og:description\" content=\"Die ConSense GmbH f\u00fchrt eine virtuelle Messe rund um Qualit\u00e4tsmanagement- und integrierte Managementsysteme durch.\" \/>\n<meta property=\"og:url\" content=\"https:\/\/www.m-q.ch\/de\/virtuelle-messe-fuer-qms-software\/\" \/>\n<meta property=\"og:site_name\" content=\"Organisator\" \/>\n<meta property=\"article:publisher\" content=\"https:\/\/www.facebook.com\/OrganisatorFachmagazin\" \/>\n<meta property=\"article:published_time\" content=\"2022-03-14T07:11:18+00:00\" \/>\n<meta property=\"article:modified_time\" content=\"2022-08-02T13:55:22+00:00\" \/>\n<meta property=\"og:image\" content=\"https:\/\/www.m-q.ch\/wp-content\/uploads\/2022\/03\/Virtuelle-Messe-fuer-QMS-Software_MQ.jpg\" \/>\n<meta name=\"author\" content=\"galledia\" \/>\n<meta name=\"twitter:card\" content=\"summary_large_image\" \/>\n<meta name=\"twitter:creator\" content=\"@admin\" \/>\n<script type=\"application\/ld+json\" class=\"yoast-schema-graph\">{\"@context\":\"https:\\\/\\\/schema.org\",\"@graph\":[{\"@type\":\"Article\",\"@id\":\"https:\\\/\\\/www.m-q.ch\\\/de\\\/virtuelle-messe-fuer-qms-software\\\/#article\",\"isPartOf\":{\"@id\":\"https:\\\/\\\/www.organisator.ch\\\/operational-excellence\\\/2022-03-14\\\/virtuelle-messe-fuer-qms-software\\\/\"},\"author\":{\"name\":\"galledia\",\"@id\":\"https:\\\/\\\/www.organisator.ch\\\/#\\\/schema\\\/person\\\/4e51799071cd2dd1232ac003643ef5f0\"},\"headline\":\"Virtuelle Messe f\u00fcr QMS-Software\",\"datePublished\":\"2022-03-14T07:11:18+00:00\",\"dateModified\":\"2022-08-02T13:55:22+00:00\",\"mainEntityOfPage\":{\"@id\":\"https:\\\/\\\/www.organisator.ch\\\/operational-excellence\\\/2022-03-14\\\/virtuelle-messe-fuer-qms-software\\\/\"},\"wordCount\":518,\"publisher\":{\"@id\":\"https:\\\/\\\/www.organisator.ch\\\/#organization\"},\"image\":{\"@id\":\"https:\\\/\\\/www.m-q.ch\\\/de\\\/virtuelle-messe-fuer-qms-software\\\/#primaryimage\"},\"thumbnailUrl\":\"https:\\\/\\\/www.m-q.ch\\\/wp-content\\\/uploads\\\/2022\\\/03\\\/Virtuelle-Messe-fuer-QMS-Software_MQ.jpg\",\"keywords\":[\"Virtuelle Messe\"],\"articleSection\":[\"OPERATIONAL EXCELLENCE\"],\"inLanguage\":\"de\"},{\"@type\":\"WebPage\",\"@id\":\"https:\\\/\\\/www.organisator.ch\\\/operational-excellence\\\/2022-03-14\\\/virtuelle-messe-fuer-qms-software\\\/\",\"url\":\"https:\\\/\\\/www.m-q.ch\\\/de\\\/virtuelle-messe-fuer-qms-software\\\/\",\"name\":\"Virtuelle Messe f\u00fcr QMS-Software - Organisator\",\"isPartOf\":{\"@id\":\"https:\\\/\\\/www.organisator.ch\\\/#website\"},\"primaryImageOfPage\":{\"@id\":\"https:\\\/\\\/www.m-q.ch\\\/de\\\/virtuelle-messe-fuer-qms-software\\\/#primaryimage\"},\"image\":{\"@id\":\"https:\\\/\\\/www.m-q.ch\\\/de\\\/virtuelle-messe-fuer-qms-software\\\/#primaryimage\"},\"thumbnailUrl\":\"https:\\\/\\\/www.m-q.ch\\\/wp-content\\\/uploads\\\/2022\\\/03\\\/Virtuelle-Messe-fuer-QMS-Software_MQ.jpg\",\"datePublished\":\"2022-03-14T07:11:18+00:00\",\"dateModified\":\"2022-08-02T13:55:22+00:00\",\"description\":\"Die ConSense GmbH f\u00fchrt eine virtuelle Messe rund um Qualit\u00e4tsmanagement- und integrierte Managementsysteme durch.\",\"breadcrumb\":{\"@id\":\"https:\\\/\\\/www.m-q.ch\\\/de\\\/virtuelle-messe-fuer-qms-software\\\/#breadcrumb\"},\"inLanguage\":\"de\",\"potentialAction\":[{\"@type\":\"ReadAction\",\"target\":[\"https:\\\/\\\/www.m-q.ch\\\/de\\\/virtuelle-messe-fuer-qms-software\\\/\"]}]},{\"@type\":\"ImageObject\",\"inLanguage\":\"de\",\"@id\":\"https:\\\/\\\/www.m-q.ch\\\/de\\\/virtuelle-messe-fuer-qms-software\\\/#primaryimage\",\"url\":\"https:\\\/\\\/www.m-q.ch\\\/wp-content\\\/uploads\\\/2022\\\/03\\\/Virtuelle-Messe-fuer-QMS-Software_MQ.jpg\",\"contentUrl\":\"https:\\\/\\\/www.m-q.ch\\\/wp-content\\\/uploads\\\/2022\\\/03\\\/Virtuelle-Messe-fuer-QMS-Software_MQ.jpg\"},{\"@type\":\"BreadcrumbList\",\"@id\":\"https:\\\/\\\/www.m-q.ch\\\/de\\\/virtuelle-messe-fuer-qms-software\\\/#breadcrumb\",\"itemListElement\":[{\"@type\":\"ListItem\",\"position\":1,\"name\":\"Home\",\"item\":\"https:\\\/\\\/www.organisator.ch\\\/\"},{\"@type\":\"ListItem\",\"position\":2,\"name\":\"Virtuelle Messe f\u00fcr QMS-Software\"}]},{\"@type\":\"WebSite\",\"@id\":\"https:\\\/\\\/www.organisator.ch\\\/#website\",\"url\":\"https:\\\/\\\/www.organisator.ch\\\/\",\"name\":\"Organisator\",\"description\":\"Kompetent. Praxisnah. Der ORGANISATOR bereitet in 10 Ausgaben pro Jahr die wesentlichen Themen f\u00fcr F\u00fchrungskr\u00e4fte von KMU auf.\",\"publisher\":{\"@id\":\"https:\\\/\\\/www.organisator.ch\\\/#organization\"},\"potentialAction\":[{\"@type\":\"SearchAction\",\"target\":{\"@type\":\"EntryPoint\",\"urlTemplate\":\"https:\\\/\\\/www.organisator.ch\\\/?s={search_term_string}\"},\"query-input\":{\"@type\":\"PropertyValueSpecification\",\"valueRequired\":true,\"valueName\":\"search_term_string\"}}],\"inLanguage\":\"de\"},{\"@type\":\"Organization\",\"@id\":\"https:\\\/\\\/www.organisator.ch\\\/#organization\",\"name\":\"Organisator\",\"url\":\"https:\\\/\\\/www.organisator.ch\\\/\",\"logo\":{\"@type\":\"ImageObject\",\"inLanguage\":\"de\",\"@id\":\"https:\\\/\\\/www.organisator.ch\\\/#\\\/schema\\\/logo\\\/image\\\/\",\"url\":\"https:\\\/\\\/www.organisator.ch\\\/wp-content\\\/uploads\\\/2022\\\/01\\\/Logo_Organisator_Website.png\",\"contentUrl\":\"https:\\\/\\\/www.organisator.ch\\\/wp-content\\\/uploads\\\/2022\\\/01\\\/Logo_Organisator_Website.png\",\"width\":800,\"height\":77,\"caption\":\"Organisator\"},\"image\":{\"@id\":\"https:\\\/\\\/www.organisator.ch\\\/#\\\/schema\\\/logo\\\/image\\\/\"},\"sameAs\":[\"https:\\\/\\\/www.facebook.com\\\/OrganisatorFachmagazin\",\"https:\\\/\\\/www.linkedin.com\\\/showcase\\\/organisator-das-magazin-fr-kmu\",\"https:\\\/\\\/www.xing.com\\\/news\\\/pages\\\/organisator-ch-695\",\"https:\\\/\\\/www.youtube.com\\\/channel\\\/UCGP2Sq0iWaZwT3BdIAQFYpw\"]},{\"@type\":\"Person\",\"@id\":\"https:\\\/\\\/www.organisator.ch\\\/#\\\/schema\\\/person\\\/4e51799071cd2dd1232ac003643ef5f0\",\"name\":\"galledia\",\"image\":{\"@type\":\"ImageObject\",\"inLanguage\":\"de\",\"@id\":\"https:\\\/\\\/secure.gravatar.com\\\/avatar\\\/78a7f90c01fc2bfc875782a0d4922b37cde2cf184ce347b91316d23cd7f69a36?s=96&d=mm&r=g\",\"url\":\"https:\\\/\\\/secure.gravatar.com\\\/avatar\\\/78a7f90c01fc2bfc875782a0d4922b37cde2cf184ce347b91316d23cd7f69a36?s=96&d=mm&r=g\",\"contentUrl\":\"https:\\\/\\\/secure.gravatar.com\\\/avatar\\\/78a7f90c01fc2bfc875782a0d4922b37cde2cf184ce347b91316d23cd7f69a36?s=96&d=mm&r=g\",\"caption\":\"galledia\"},\"sameAs\":[\"https:\\\/\\\/x.com\\\/admin\"],\"url\":\"https:\\\/\\\/www.organisator.ch\\\/de\\\/author\\\/galledia\\\/\"}]}<\/script>\n<!-- \/ Yoast SEO plugin. -->","yoast_head_json":{"title":"Virtuelle Messe f\u00fcr QMS-Software - Organisator","description":"Die ConSense GmbH f\u00fchrt eine virtuelle Messe rund um Qualit\u00e4tsmanagement- und integrierte Managementsysteme durch.","robots":{"index":"index","follow":"follow","max-snippet":"max-snippet:-1","max-image-preview":"max-image-preview:large","max-video-preview":"max-video-preview:-1"},"canonical":"https:\/\/www.m-q.ch\/de\/virtuelle-messe-fuer-qms-software\/","og_locale":"de_DE","og_type":"article","og_title":"Virtuelle Messe f\u00fcr QMS-Software - Organisator","og_description":"Die ConSense GmbH f\u00fchrt eine virtuelle Messe rund um Qualit\u00e4tsmanagement- und integrierte Managementsysteme durch.","og_url":"https:\/\/www.m-q.ch\/de\/virtuelle-messe-fuer-qms-software\/","og_site_name":"Organisator","article_publisher":"https:\/\/www.facebook.com\/OrganisatorFachmagazin","article_published_time":"2022-03-14T07:11:18+00:00","article_modified_time":"2022-08-02T13:55:22+00:00","og_image":[{"url":"https:\/\/www.m-q.ch\/wp-content\/uploads\/2022\/03\/Virtuelle-Messe-fuer-QMS-Software_MQ.jpg","type":"","width":"","height":""}],"author":"galledia","twitter_card":"summary_large_image","twitter_creator":"@admin","schema":{"@context":"https:\/\/schema.org","@graph":[{"@type":"Article","@id":"https:\/\/www.m-q.ch\/de\/virtuelle-messe-fuer-qms-software\/#article","isPartOf":{"@id":"https:\/\/www.organisator.ch\/operational-excellence\/2022-03-14\/virtuelle-messe-fuer-qms-software\/"},"author":{"name":"galledia","@id":"https:\/\/www.organisator.ch\/#\/schema\/person\/4e51799071cd2dd1232ac003643ef5f0"},"headline":"Virtuelle Messe f\u00fcr QMS-Software","datePublished":"2022-03-14T07:11:18+00:00","dateModified":"2022-08-02T13:55:22+00:00","mainEntityOfPage":{"@id":"https:\/\/www.organisator.ch\/operational-excellence\/2022-03-14\/virtuelle-messe-fuer-qms-software\/"},"wordCount":518,"publisher":{"@id":"https:\/\/www.organisator.ch\/#organization"},"image":{"@id":"https:\/\/www.m-q.ch\/de\/virtuelle-messe-fuer-qms-software\/#primaryimage"},"thumbnailUrl":"https:\/\/www.m-q.ch\/wp-content\/uploads\/2022\/03\/Virtuelle-Messe-fuer-QMS-Software_MQ.jpg","keywords":["Virtuelle Messe"],"articleSection":["OPERATIONAL EXCELLENCE"],"inLanguage":"de"},{"@type":"WebPage","@id":"https:\/\/www.organisator.ch\/operational-excellence\/2022-03-14\/virtuelle-messe-fuer-qms-software\/","url":"https:\/\/www.m-q.ch\/de\/virtuelle-messe-fuer-qms-software\/","name":"Virtuelle Messe f\u00fcr QMS-Software - Organisator","isPartOf":{"@id":"https:\/\/www.organisator.ch\/#website"},"primaryImageOfPage":{"@id":"https:\/\/www.m-q.ch\/de\/virtuelle-messe-fuer-qms-software\/#primaryimage"},"image":{"@id":"https:\/\/www.m-q.ch\/de\/virtuelle-messe-fuer-qms-software\/#primaryimage"},"thumbnailUrl":"https:\/\/www.m-q.ch\/wp-content\/uploads\/2022\/03\/Virtuelle-Messe-fuer-QMS-Software_MQ.jpg","datePublished":"2022-03-14T07:11:18+00:00","dateModified":"2022-08-02T13:55:22+00:00","description":"Die ConSense GmbH f\u00fchrt eine virtuelle Messe rund um Qualit\u00e4tsmanagement- und integrierte Managementsysteme durch.","breadcrumb":{"@id":"https:\/\/www.m-q.ch\/de\/virtuelle-messe-fuer-qms-software\/#breadcrumb"},"inLanguage":"de","potentialAction":[{"@type":"ReadAction","target":["https:\/\/www.m-q.ch\/de\/virtuelle-messe-fuer-qms-software\/"]}]},{"@type":"ImageObject","inLanguage":"de","@id":"https:\/\/www.m-q.ch\/de\/virtuelle-messe-fuer-qms-software\/#primaryimage","url":"https:\/\/www.m-q.ch\/wp-content\/uploads\/2022\/03\/Virtuelle-Messe-fuer-QMS-Software_MQ.jpg","contentUrl":"https:\/\/www.m-q.ch\/wp-content\/uploads\/2022\/03\/Virtuelle-Messe-fuer-QMS-Software_MQ.jpg"},{"@type":"BreadcrumbList","@id":"https:\/\/www.m-q.ch\/de\/virtuelle-messe-fuer-qms-software\/#breadcrumb","itemListElement":[{"@type":"ListItem","position":1,"name":"Home","item":"https:\/\/www.organisator.ch\/"},{"@type":"ListItem","position":2,"name":"Virtuelle Messe f\u00fcr QMS-Software"}]},{"@type":"WebSite","@id":"https:\/\/www.organisator.ch\/#website","url":"https:\/\/www.organisator.ch\/","name":"Organisator","description":"Kompetent. Praxisnah. Der ORGANISATOR bereitet in 10 Ausgaben pro Jahr die wesentlichen Themen f\u00fcr F\u00fchrungskr\u00e4fte von KMU auf.","publisher":{"@id":"https:\/\/www.organisator.ch\/#organization"},"potentialAction":[{"@type":"SearchAction","target":{"@type":"EntryPoint","urlTemplate":"https:\/\/www.organisator.ch\/?s={search_term_string}"},"query-input":{"@type":"PropertyValueSpecification","valueRequired":true,"valueName":"search_term_string"}}],"inLanguage":"de"},{"@type":"Organization","@id":"https:\/\/www.organisator.ch\/#organization","name":"Organisator","url":"https:\/\/www.organisator.ch\/","logo":{"@type":"ImageObject","inLanguage":"de","@id":"https:\/\/www.organisator.ch\/#\/schema\/logo\/image\/","url":"https:\/\/www.organisator.ch\/wp-content\/uploads\/2022\/01\/Logo_Organisator_Website.png","contentUrl":"https:\/\/www.organisator.ch\/wp-content\/uploads\/2022\/01\/Logo_Organisator_Website.png","width":800,"height":77,"caption":"Organisator"},"image":{"@id":"https:\/\/www.organisator.ch\/#\/schema\/logo\/image\/"},"sameAs":["https:\/\/www.facebook.com\/OrganisatorFachmagazin","https:\/\/www.linkedin.com\/showcase\/organisator-das-magazin-fr-kmu","https:\/\/www.xing.com\/news\/pages\/organisator-ch-695","https:\/\/www.youtube.com\/channel\/UCGP2Sq0iWaZwT3BdIAQFYpw"]},{"@type":"Person","@id":"https:\/\/www.organisator.ch\/#\/schema\/person\/4e51799071cd2dd1232ac003643ef5f0","name":"galledia","image":{"@type":"ImageObject","inLanguage":"de","@id":"https:\/\/secure.gravatar.com\/avatar\/78a7f90c01fc2bfc875782a0d4922b37cde2cf184ce347b91316d23cd7f69a36?s=96&d=mm&r=g","url":"https:\/\/secure.gravatar.com\/avatar\/78a7f90c01fc2bfc875782a0d4922b37cde2cf184ce347b91316d23cd7f69a36?s=96&d=mm&r=g","contentUrl":"https:\/\/secure.gravatar.com\/avatar\/78a7f90c01fc2bfc875782a0d4922b37cde2cf184ce347b91316d23cd7f69a36?s=96&d=mm&r=g","caption":"galledia"},"sameAs":["https:\/\/x.com\/admin"],"url":"https:\/\/www.organisator.ch\/de\/author\/galledia\/"}]}},"_links":{"self":[{"href":"https:\/\/www.organisator.ch\/de\/wp-json\/wp\/v2\/posts\/12116","targetHints":{"allow":["GET"]}}],"collection":[{"href":"https:\/\/www.organisator.ch\/de\/wp-json\/wp\/v2\/posts"}],"about":[{"href":"https:\/\/www.organisator.ch\/de\/wp-json\/wp\/v2\/types\/post"}],"author":[{"embeddable":true,"href":"https:\/\/www.organisator.ch\/de\/wp-json\/wp\/v2\/users\/8"}],"replies":[{"embeddable":true,"href":"https:\/\/www.organisator.ch\/de\/wp-json\/wp\/v2\/comments?post=12116"}],"version-history":[{"count":4,"href":"https:\/\/www.organisator.ch\/de\/wp-json\/wp\/v2\/posts\/12116\/revisions"}],"predecessor-version":[{"id":16260,"href":"https:\/\/www.organisator.ch\/de\/wp-json\/wp\/v2\/posts\/12116\/revisions\/16260"}],"wp:attachment":[{"href":"https:\/\/www.organisator.ch\/de\/wp-json\/wp\/v2\/media?parent=12116"}],"wp:term":[{"taxonomy":"category","embeddable":true,"href":"https:\/\/www.organisator.ch\/de\/wp-json\/wp\/v2\/categories?post=12116"},{"taxonomy":"post_tag","embeddable":true,"href":"https:\/\/www.organisator.ch\/de\/wp-json\/wp\/v2\/tags?post=12116"}],"curies":[{"name":"wp","href":"https:\/\/api.w.org\/{rel}","templated":true}]}}