{"id":12141,"date":"2022-03-16T09:28:53","date_gmt":"2022-03-16T08:28:53","guid":{"rendered":"https:\/\/www.organisator.ch\/?p=12141"},"modified":"2022-03-16T09:28:53","modified_gmt":"2022-03-16T08:28:53","slug":"infoniqa-erweitert-oberste-fuehrungsebene","status":"publish","type":"post","link":"https:\/\/www.organisator.ch\/de\/management\/it\/2022-03-16\/infoniqa-erweitert-oberste-fuehrungsebene\/","title":{"rendered":"Infoniqa erweitert oberste F\u00fchrungsebene"},"content":{"rendered":"<figure id=\"attachment_12142\" aria-describedby=\"caption-attachment-12142\" style=\"width: 680px\" class=\"wp-caption alignnone\"><img loading=\"lazy\" decoding=\"async\" class=\"size-full wp-image-12142\" src=\"https:\/\/www.organisator.ch\/wp-content\/uploads\/2022\/03\/Infoniqa-erweitert-oberste-Fuehrungsebene_Organisator.jpg\" alt=\"\" width=\"680\" height=\"775\" srcset=\"https:\/\/www.organisator.ch\/wp-content\/uploads\/2022\/03\/Infoniqa-erweitert-oberste-Fuehrungsebene_Organisator.jpg 680w, https:\/\/www.organisator.ch\/wp-content\/uploads\/2022\/03\/Infoniqa-erweitert-oberste-Fuehrungsebene_Organisator-11x12.jpg 11w, https:\/\/www.organisator.ch\/wp-content\/uploads\/2022\/03\/Infoniqa-erweitert-oberste-Fuehrungsebene_Organisator-154x175.jpg 154w, https:\/\/www.organisator.ch\/wp-content\/uploads\/2022\/03\/Infoniqa-erweitert-oberste-Fuehrungsebene_Organisator-307x350.jpg 307w, https:\/\/www.organisator.ch\/wp-content\/uploads\/2022\/03\/Infoniqa-erweitert-oberste-Fuehrungsebene_Organisator-300x342.jpg 300w\" sizes=\"auto, (max-width: 680px) 100vw, 680px\" \/><figcaption id=\"caption-attachment-12142\" class=\"wp-caption-text\">Die erweiterte oberste F\u00fchrungsebene von Infoniqa: L\u00e9on Vergnes (CEO, oben links), Christopher Brezlan (CTO, oben rechts), Andrew Barton (COO, unten links) und Hans-J\u00fcrgen Wels (CPO, unten rechts). (Fotos: Infoniqa)<\/figcaption><\/figure>\n<p>Der Anbieter von Business-Software Infoniqa erweitert nach <a href=\"https:\/\/www.organisator.ch\/de\/management\/it\/2022-01-12\/infoniqa-investiert-in-schweizer-portfolio\/\">seinen vergangenen Zuk\u00e4ufen<\/a> die oberste F\u00fchrungsebene: Christopher Brezlan wurde als Chief Technical Officer (CTO) ins Management aufgenommen. Andrew Barton bekleidet k\u00fcnftig die Position des Chief Organisation Officer (COO) und Hans-J\u00fcrgen Wels verantwortet als Chief Product Officer (CPO) die gesamte Produktentwicklung.<\/p>\n<p>Der neue CTO Christopher Bezlan verantwortet den\u00a0gesamten technischen Bereich bei Infoniqa seit dem 1. November 2021. Er\u00a0agiert bereits seit 15 Jahren in verschiedenen IT-F\u00fchrungspositionen. Die vergangenen vier Jahre war er als Head of Global Engineering f\u00fcr einen multinationalen Silicon Valley Konzern t\u00e4tig und dort federf\u00fchrend f\u00fcr die AIOps Cloud Strategie bei Broadcom verantwortlich.\u00a0\u201eIch freue mich darauf, Infoniqa auf dem Weg vom Hidden Champion zum Big Player zu begleiten. Die fl\u00e4chendeckende Cloud-Ausrichtung aller L\u00f6sungen ist erst der Anfang. Infoniqa hat das Zeug zum technologischen Vorreiter im gesamten DACH-Markt\u201c, so Christopher Brezlan zu seiner neuen Herausforderung bei Infoniqa.<\/p>\n<h3>Service Excellence steigern<\/h3>\n<p>Andrew Barton wiederum steuert und optimiert seit 1. Januar 2022 als Chief Operations Officer (COO) das operative Gesch\u00e4ft inklusive aller Betriebsprozesse bei Infoniqa.\u00a0Der geb\u00fcrtige Ire blickt auf \u00fcber 15 Jahre Leitungserfahrung bei Hewlett-Packard, Tricentis und Wrike zur\u00fcck. Hier war Andrew Barton unter anderem f\u00fcr die Bereiche Customer Success, Consulting und Services Transformation verantwortlich. \u201eMit Andrew Barton an der Organisationsspitze werden wir l\u00e4nder\u00fcbergreifend eine einzigartige Service Excellence beweisen und weiterhin den Kunden in den Mittelpunkt all unserer Aktivit\u00e4ten stellen\u201c, so Infoniqa-CEO L\u00e9on Vergnes zum Neuzugang. \u201eVom ersten Augenblick an unterst\u00fctzen wir unsere Kunden transparent und schnell bei ihren Zielen, begleitet von erstklassigen Beratungs-, Support- und Delivery-Teams.\u201c<\/p>\n<p>F\u00fcr die Etablierung der Service Excellence bei Infoniqa hat Andrew Barton konkrete Pl\u00e4ne: &#8222;Das Kundenerlebnis und die Customer Journey m\u00fcssen im sich schnell wandelnden HR-Technologie- und Dienstleistungssektor erleichtert und standardisiert werden. Daf\u00fcr investieren wir in drei Hauptbereiche: Erstens bauen wir unsere hochkompetenten Serviceteams aus und starten ein Programm f\u00fcr zertifizierte Service Delivery Partner. Zweitens stellen wir sicher, dass unsere Prozesse effizient und unsere Customer Journey erstklassig ist. Und drittens f\u00fchren wir relevante Plattformen und Technologien ein, um unseren Kunden stets ein H\u00f6chstmass an Service, Qualit\u00e4t und Transparenz zu bieten.\u201c<\/p>\n<h3>Oberste F\u00fchrungsebene mit neugeschaffener Position des CPO<\/h3>\n<p>Als neuer Chief Product Officer (CPO) schliesslich besetzt Hans-J\u00fcrgen Wels seit 14. Februar 2022 eine neugeschaffene Position im Infoniqa-Management. Hans-J\u00fcrgen Wels verf\u00fcgt \u00fcber mehr als 20 Jahre Erfahrung im Produktmanagement. Nach Stationen bei proAlpha und Raiffeisen konzentrierte er sich als Co-Founder von Unycom u. a. auf den Bereich \u201eCustomer\u201c und war schliesslich als CEO f\u00fcr den Gesch\u00e4ftserfolg und das Wachstum des Unternehmens verantwortlich. &#8222;Infoniqa will in Zukunft ausschliesslich cloudbasierte L\u00f6sungen im SaaS-Betrieb oder direkt als Outsourcing-Service anbieten. Hans-J\u00fcrgen Wels als Chief Product Officer und seine Expertise in diesem Wachstumsmarkt werden Infoniqa den n\u00f6tigen Schub dazu geben&#8220;, so L\u00e9on Vergnes. Die k\u00fcnftige Strategie beinhaltet u. a. die Integration des im M\u00e4rz 2021 erworbenen Schweizer Gesch\u00e4fts der Sage Gruppe.<\/p>\n<p><em>Quelle und weitere Informationen: <a href=\"http:\/\/www.infoniqa.com\">www.infoniqa.com<\/a><\/em><\/p>\n","protected":false},"excerpt":{"rendered":"<p>Der Anbieter von Business-Software Infoniqa erweitert nach seinen vergangenen Zuk\u00e4ufen die oberste F\u00fchrungsebene: Christopher Brezlan wurde als Chief Technical Officer (CTO) ins Management aufgenommen. Andrew Barton bekleidet k\u00fcnftig die Position des Chief Organisation Officer (COO) und Hans-J\u00fcrgen Wels verantwortet als Chief Product Officer (CPO) die gesamte Produktentwicklung. Der neue CTO Christopher Bezlan verantwortet den\u00a0gesamten technischen [&hellip;]<\/p>\n","protected":false},"author":4,"featured_media":12142,"comment_status":"closed","ping_status":"closed","sticky":false,"template":"","format":"standard","meta":{"_acf_changed":false,"_yoast_wpseo_focuskw":"oberste F\u00fchrungsebene","_yoast_wpseo_metadesc":"Nach den vergangenen Firmenzuk\u00e4ufen hat sich das Software-Unternehmen Infoniqa breiter aufgestellt und die oberste F\u00fchrungsebene erweitert.","articlekey":"","footnotes":""},"categories":[27],"tags":[287,334,381],"class_list":["post-12141","post","type-post","status-publish","format-standard","has-post-thumbnail","hentry","category-it","tag-itbusiness-software","tag-management","tag-personalia"],"acf":[],"yoast_head":"<!-- This site is optimized with the Yoast SEO plugin v27.5 - https:\/\/yoast.com\/product\/yoast-seo-wordpress\/ -->\n<title>Infoniqa erweitert oberste F\u00fchrungsebene - Organisator<\/title>\n<meta name=\"description\" content=\"Nach den vergangenen Firmenzuk\u00e4ufen hat sich das Software-Unternehmen Infoniqa breiter aufgestellt und die oberste F\u00fchrungsebene erweitert.\" \/>\n<meta name=\"robots\" content=\"index, follow, max-snippet:-1, max-image-preview:large, max-video-preview:-1\" \/>\n<link rel=\"canonical\" href=\"https:\/\/www.organisator.ch\/de\/management\/it\/2022-03-16\/infoniqa-erweitert-oberste-fuehrungsebene\/\" \/>\n<meta property=\"og:locale\" content=\"de_DE\" \/>\n<meta property=\"og:type\" content=\"article\" \/>\n<meta property=\"og:title\" content=\"Infoniqa erweitert oberste F\u00fchrungsebene\" \/>\n<meta property=\"og:description\" content=\"Nach den vergangenen Firmenzuk\u00e4ufen hat sich das Software-Unternehmen Infoniqa breiter aufgestellt und die oberste F\u00fchrungsebene erweitert.\" \/>\n<meta property=\"og:url\" content=\"https:\/\/www.organisator.ch\/de\/management\/it\/2022-03-16\/infoniqa-erweitert-oberste-fuehrungsebene\/\" \/>\n<meta property=\"og:site_name\" content=\"Organisator\" \/>\n<meta property=\"article:publisher\" content=\"https:\/\/www.facebook.com\/OrganisatorFachmagazin\" \/>\n<meta property=\"article:published_time\" content=\"2022-03-16T08:28:53+00:00\" \/>\n<meta property=\"og:image\" content=\"https:\/\/www.organisator.ch\/wp-content\/uploads\/2022\/03\/Infoniqa-erweitert-oberste-Fuehrungsebene_Organisator.jpg\" \/>\n\t<meta property=\"og:image:width\" content=\"680\" \/>\n\t<meta property=\"og:image:height\" content=\"775\" \/>\n\t<meta property=\"og:image:type\" content=\"image\/jpeg\" \/>\n<meta name=\"author\" content=\"thomas.berner\" \/>\n<meta name=\"twitter:card\" content=\"summary_large_image\" \/>\n<meta name=\"twitter:title\" content=\"#Infoniqa erweitert oberste #F\u00fchrungsebene\" \/>\n<meta name=\"twitter:description\" content=\"Nach den vergangenen #Firmenzuk\u00e4ufen hat sich das #Software-Unternehmen #Infoniqa breiter aufgestellt und die oberste #F\u00fchrungsebene erweitert.\" \/>\n<meta name=\"twitter:image\" content=\"https:\/\/www.organisator.ch\/wp-content\/uploads\/2022\/03\/Infoniqa-erweitert-oberste-Fuehrungsebene_Organisator.jpg\" \/>\n<script type=\"application\/ld+json\" class=\"yoast-schema-graph\">{\"@context\":\"https:\\\/\\\/schema.org\",\"@graph\":[{\"@type\":\"Article\",\"@id\":\"https:\\\/\\\/www.organisator.ch\\\/management\\\/it\\\/2022-03-16\\\/infoniqa-erweitert-oberste-fuehrungsebene\\\/#article\",\"isPartOf\":{\"@id\":\"https:\\\/\\\/www.organisator.ch\\\/management\\\/it\\\/2022-03-16\\\/infoniqa-erweitert-oberste-fuehrungsebene\\\/\"},\"author\":{\"name\":\"thomas.berner\",\"@id\":\"https:\\\/\\\/www.organisator.ch\\\/#\\\/schema\\\/person\\\/6f650f90b2842cd4c0cc334b4e36f67e\"},\"headline\":\"Infoniqa erweitert oberste F\u00fchrungsebene\",\"datePublished\":\"2022-03-16T08:28:53+00:00\",\"mainEntityOfPage\":{\"@id\":\"https:\\\/\\\/www.organisator.ch\\\/management\\\/it\\\/2022-03-16\\\/infoniqa-erweitert-oberste-fuehrungsebene\\\/\"},\"wordCount\":550,\"publisher\":{\"@id\":\"https:\\\/\\\/www.organisator.ch\\\/#organization\"},\"image\":{\"@id\":\"https:\\\/\\\/www.organisator.ch\\\/management\\\/it\\\/2022-03-16\\\/infoniqa-erweitert-oberste-fuehrungsebene\\\/#primaryimage\"},\"thumbnailUrl\":\"https:\\\/\\\/www.organisator.ch\\\/wp-content\\\/uploads\\\/2022\\\/03\\\/Infoniqa-erweitert-oberste-Fuehrungsebene_Organisator.jpg\",\"keywords\":[\"IT\u2009&amp;\u2009Business Software\",\"Management\",\"Personalia\"],\"articleSection\":[\"IT\"],\"inLanguage\":\"de\"},{\"@type\":\"WebPage\",\"@id\":\"https:\\\/\\\/www.organisator.ch\\\/management\\\/it\\\/2022-03-16\\\/infoniqa-erweitert-oberste-fuehrungsebene\\\/\",\"url\":\"https:\\\/\\\/www.organisator.ch\\\/management\\\/it\\\/2022-03-16\\\/infoniqa-erweitert-oberste-fuehrungsebene\\\/\",\"name\":\"Infoniqa erweitert oberste F\u00fchrungsebene - Organisator\",\"isPartOf\":{\"@id\":\"https:\\\/\\\/www.organisator.ch\\\/#website\"},\"primaryImageOfPage\":{\"@id\":\"https:\\\/\\\/www.organisator.ch\\\/management\\\/it\\\/2022-03-16\\\/infoniqa-erweitert-oberste-fuehrungsebene\\\/#primaryimage\"},\"image\":{\"@id\":\"https:\\\/\\\/www.organisator.ch\\\/management\\\/it\\\/2022-03-16\\\/infoniqa-erweitert-oberste-fuehrungsebene\\\/#primaryimage\"},\"thumbnailUrl\":\"https:\\\/\\\/www.organisator.ch\\\/wp-content\\\/uploads\\\/2022\\\/03\\\/Infoniqa-erweitert-oberste-Fuehrungsebene_Organisator.jpg\",\"datePublished\":\"2022-03-16T08:28:53+00:00\",\"description\":\"Nach den vergangenen Firmenzuk\u00e4ufen hat sich das Software-Unternehmen Infoniqa breiter aufgestellt und die oberste F\u00fchrungsebene erweitert.\",\"breadcrumb\":{\"@id\":\"https:\\\/\\\/www.organisator.ch\\\/management\\\/it\\\/2022-03-16\\\/infoniqa-erweitert-oberste-fuehrungsebene\\\/#breadcrumb\"},\"inLanguage\":\"de\",\"potentialAction\":[{\"@type\":\"ReadAction\",\"target\":[\"https:\\\/\\\/www.organisator.ch\\\/management\\\/it\\\/2022-03-16\\\/infoniqa-erweitert-oberste-fuehrungsebene\\\/\"]}]},{\"@type\":\"ImageObject\",\"inLanguage\":\"de\",\"@id\":\"https:\\\/\\\/www.organisator.ch\\\/management\\\/it\\\/2022-03-16\\\/infoniqa-erweitert-oberste-fuehrungsebene\\\/#primaryimage\",\"url\":\"https:\\\/\\\/www.organisator.ch\\\/wp-content\\\/uploads\\\/2022\\\/03\\\/Infoniqa-erweitert-oberste-Fuehrungsebene_Organisator.jpg\",\"contentUrl\":\"https:\\\/\\\/www.organisator.ch\\\/wp-content\\\/uploads\\\/2022\\\/03\\\/Infoniqa-erweitert-oberste-Fuehrungsebene_Organisator.jpg\",\"width\":680,\"height\":775,\"caption\":\"Die erweiterte oberste F\u00fchrungsebene von Infoniqa: L\u00e9on Vergnes (CEO, oben links), Christopher Brezlan (CTO, oben rechts), Andrew Barton (COO, unten links) und Hans-J\u00fcrgen Wels (CPO, unten rechts). (Fotos: Infoniqa)\"},{\"@type\":\"BreadcrumbList\",\"@id\":\"https:\\\/\\\/www.organisator.ch\\\/management\\\/it\\\/2022-03-16\\\/infoniqa-erweitert-oberste-fuehrungsebene\\\/#breadcrumb\",\"itemListElement\":[{\"@type\":\"ListItem\",\"position\":1,\"name\":\"Home\",\"item\":\"https:\\\/\\\/www.organisator.ch\\\/\"},{\"@type\":\"ListItem\",\"position\":2,\"name\":\"Infoniqa erweitert oberste F\u00fchrungsebene\"}]},{\"@type\":\"WebSite\",\"@id\":\"https:\\\/\\\/www.organisator.ch\\\/#website\",\"url\":\"https:\\\/\\\/www.organisator.ch\\\/\",\"name\":\"Organisator\",\"description\":\"Kompetent. Praxisnah. Der ORGANISATOR bereitet in 10 Ausgaben pro Jahr die wesentlichen Themen f\u00fcr F\u00fchrungskr\u00e4fte von KMU auf.\",\"publisher\":{\"@id\":\"https:\\\/\\\/www.organisator.ch\\\/#organization\"},\"potentialAction\":[{\"@type\":\"SearchAction\",\"target\":{\"@type\":\"EntryPoint\",\"urlTemplate\":\"https:\\\/\\\/www.organisator.ch\\\/?s={search_term_string}\"},\"query-input\":{\"@type\":\"PropertyValueSpecification\",\"valueRequired\":true,\"valueName\":\"search_term_string\"}}],\"inLanguage\":\"de\"},{\"@type\":\"Organization\",\"@id\":\"https:\\\/\\\/www.organisator.ch\\\/#organization\",\"name\":\"Organisator\",\"url\":\"https:\\\/\\\/www.organisator.ch\\\/\",\"logo\":{\"@type\":\"ImageObject\",\"inLanguage\":\"de\",\"@id\":\"https:\\\/\\\/www.organisator.ch\\\/#\\\/schema\\\/logo\\\/image\\\/\",\"url\":\"https:\\\/\\\/www.organisator.ch\\\/wp-content\\\/uploads\\\/2022\\\/01\\\/Logo_Organisator_Website.png\",\"contentUrl\":\"https:\\\/\\\/www.organisator.ch\\\/wp-content\\\/uploads\\\/2022\\\/01\\\/Logo_Organisator_Website.png\",\"width\":800,\"height\":77,\"caption\":\"Organisator\"},\"image\":{\"@id\":\"https:\\\/\\\/www.organisator.ch\\\/#\\\/schema\\\/logo\\\/image\\\/\"},\"sameAs\":[\"https:\\\/\\\/www.facebook.com\\\/OrganisatorFachmagazin\",\"https:\\\/\\\/www.linkedin.com\\\/showcase\\\/organisator-das-magazin-fr-kmu\",\"https:\\\/\\\/www.xing.com\\\/news\\\/pages\\\/organisator-ch-695\",\"https:\\\/\\\/www.youtube.com\\\/channel\\\/UCGP2Sq0iWaZwT3BdIAQFYpw\"]},{\"@type\":\"Person\",\"@id\":\"https:\\\/\\\/www.organisator.ch\\\/#\\\/schema\\\/person\\\/6f650f90b2842cd4c0cc334b4e36f67e\",\"name\":\"thomas.berner\",\"image\":{\"@type\":\"ImageObject\",\"inLanguage\":\"de\",\"@id\":\"https:\\\/\\\/secure.gravatar.com\\\/avatar\\\/ac5001d2a36cb6c6cd3e50789007ffca834b477b74a2144564522e944eabff61?s=96&d=mm&r=g\",\"url\":\"https:\\\/\\\/secure.gravatar.com\\\/avatar\\\/ac5001d2a36cb6c6cd3e50789007ffca834b477b74a2144564522e944eabff61?s=96&d=mm&r=g\",\"contentUrl\":\"https:\\\/\\\/secure.gravatar.com\\\/avatar\\\/ac5001d2a36cb6c6cd3e50789007ffca834b477b74a2144564522e944eabff61?s=96&d=mm&r=g\",\"caption\":\"thomas.berner\"},\"url\":\"https:\\\/\\\/www.organisator.ch\\\/de\\\/author\\\/thomas-berner\\\/\"}]}<\/script>\n<!-- \/ Yoast SEO plugin. -->","yoast_head_json":{"title":"Infoniqa erweitert oberste F\u00fchrungsebene - Organisator","description":"Nach den vergangenen Firmenzuk\u00e4ufen hat sich das Software-Unternehmen Infoniqa breiter aufgestellt und die oberste F\u00fchrungsebene erweitert.","robots":{"index":"index","follow":"follow","max-snippet":"max-snippet:-1","max-image-preview":"max-image-preview:large","max-video-preview":"max-video-preview:-1"},"canonical":"https:\/\/www.organisator.ch\/de\/management\/it\/2022-03-16\/infoniqa-erweitert-oberste-fuehrungsebene\/","og_locale":"de_DE","og_type":"article","og_title":"Infoniqa erweitert oberste F\u00fchrungsebene","og_description":"Nach den vergangenen Firmenzuk\u00e4ufen hat sich das Software-Unternehmen Infoniqa breiter aufgestellt und die oberste F\u00fchrungsebene erweitert.","og_url":"https:\/\/www.organisator.ch\/de\/management\/it\/2022-03-16\/infoniqa-erweitert-oberste-fuehrungsebene\/","og_site_name":"Organisator","article_publisher":"https:\/\/www.facebook.com\/OrganisatorFachmagazin","article_published_time":"2022-03-16T08:28:53+00:00","og_image":[{"width":680,"height":775,"url":"https:\/\/www.organisator.ch\/wp-content\/uploads\/2022\/03\/Infoniqa-erweitert-oberste-Fuehrungsebene_Organisator.jpg","type":"image\/jpeg"}],"author":"thomas.berner","twitter_card":"summary_large_image","twitter_title":"#Infoniqa erweitert oberste #F\u00fchrungsebene","twitter_description":"Nach den vergangenen #Firmenzuk\u00e4ufen hat sich das #Software-Unternehmen #Infoniqa breiter aufgestellt und die oberste #F\u00fchrungsebene erweitert.","twitter_image":"https:\/\/www.organisator.ch\/wp-content\/uploads\/2022\/03\/Infoniqa-erweitert-oberste-Fuehrungsebene_Organisator.jpg","schema":{"@context":"https:\/\/schema.org","@graph":[{"@type":"Article","@id":"https:\/\/www.organisator.ch\/management\/it\/2022-03-16\/infoniqa-erweitert-oberste-fuehrungsebene\/#article","isPartOf":{"@id":"https:\/\/www.organisator.ch\/management\/it\/2022-03-16\/infoniqa-erweitert-oberste-fuehrungsebene\/"},"author":{"name":"thomas.berner","@id":"https:\/\/www.organisator.ch\/#\/schema\/person\/6f650f90b2842cd4c0cc334b4e36f67e"},"headline":"Infoniqa erweitert oberste F\u00fchrungsebene","datePublished":"2022-03-16T08:28:53+00:00","mainEntityOfPage":{"@id":"https:\/\/www.organisator.ch\/management\/it\/2022-03-16\/infoniqa-erweitert-oberste-fuehrungsebene\/"},"wordCount":550,"publisher":{"@id":"https:\/\/www.organisator.ch\/#organization"},"image":{"@id":"https:\/\/www.organisator.ch\/management\/it\/2022-03-16\/infoniqa-erweitert-oberste-fuehrungsebene\/#primaryimage"},"thumbnailUrl":"https:\/\/www.organisator.ch\/wp-content\/uploads\/2022\/03\/Infoniqa-erweitert-oberste-Fuehrungsebene_Organisator.jpg","keywords":["IT\u2009&amp;\u2009Business Software","Management","Personalia"],"articleSection":["IT"],"inLanguage":"de"},{"@type":"WebPage","@id":"https:\/\/www.organisator.ch\/management\/it\/2022-03-16\/infoniqa-erweitert-oberste-fuehrungsebene\/","url":"https:\/\/www.organisator.ch\/management\/it\/2022-03-16\/infoniqa-erweitert-oberste-fuehrungsebene\/","name":"Infoniqa erweitert oberste F\u00fchrungsebene - Organisator","isPartOf":{"@id":"https:\/\/www.organisator.ch\/#website"},"primaryImageOfPage":{"@id":"https:\/\/www.organisator.ch\/management\/it\/2022-03-16\/infoniqa-erweitert-oberste-fuehrungsebene\/#primaryimage"},"image":{"@id":"https:\/\/www.organisator.ch\/management\/it\/2022-03-16\/infoniqa-erweitert-oberste-fuehrungsebene\/#primaryimage"},"thumbnailUrl":"https:\/\/www.organisator.ch\/wp-content\/uploads\/2022\/03\/Infoniqa-erweitert-oberste-Fuehrungsebene_Organisator.jpg","datePublished":"2022-03-16T08:28:53+00:00","description":"Nach den vergangenen Firmenzuk\u00e4ufen hat sich das Software-Unternehmen Infoniqa breiter aufgestellt und die oberste F\u00fchrungsebene erweitert.","breadcrumb":{"@id":"https:\/\/www.organisator.ch\/management\/it\/2022-03-16\/infoniqa-erweitert-oberste-fuehrungsebene\/#breadcrumb"},"inLanguage":"de","potentialAction":[{"@type":"ReadAction","target":["https:\/\/www.organisator.ch\/management\/it\/2022-03-16\/infoniqa-erweitert-oberste-fuehrungsebene\/"]}]},{"@type":"ImageObject","inLanguage":"de","@id":"https:\/\/www.organisator.ch\/management\/it\/2022-03-16\/infoniqa-erweitert-oberste-fuehrungsebene\/#primaryimage","url":"https:\/\/www.organisator.ch\/wp-content\/uploads\/2022\/03\/Infoniqa-erweitert-oberste-Fuehrungsebene_Organisator.jpg","contentUrl":"https:\/\/www.organisator.ch\/wp-content\/uploads\/2022\/03\/Infoniqa-erweitert-oberste-Fuehrungsebene_Organisator.jpg","width":680,"height":775,"caption":"Die erweiterte oberste F\u00fchrungsebene von Infoniqa: L\u00e9on Vergnes (CEO, oben links), Christopher Brezlan (CTO, oben rechts), Andrew Barton (COO, unten links) und Hans-J\u00fcrgen Wels (CPO, unten rechts). (Fotos: Infoniqa)"},{"@type":"BreadcrumbList","@id":"https:\/\/www.organisator.ch\/management\/it\/2022-03-16\/infoniqa-erweitert-oberste-fuehrungsebene\/#breadcrumb","itemListElement":[{"@type":"ListItem","position":1,"name":"Home","item":"https:\/\/www.organisator.ch\/"},{"@type":"ListItem","position":2,"name":"Infoniqa erweitert oberste F\u00fchrungsebene"}]},{"@type":"WebSite","@id":"https:\/\/www.organisator.ch\/#website","url":"https:\/\/www.organisator.ch\/","name":"Organisator","description":"Kompetent. Praxisnah. Der ORGANISATOR bereitet in 10 Ausgaben pro Jahr die wesentlichen Themen f\u00fcr F\u00fchrungskr\u00e4fte von KMU auf.","publisher":{"@id":"https:\/\/www.organisator.ch\/#organization"},"potentialAction":[{"@type":"SearchAction","target":{"@type":"EntryPoint","urlTemplate":"https:\/\/www.organisator.ch\/?s={search_term_string}"},"query-input":{"@type":"PropertyValueSpecification","valueRequired":true,"valueName":"search_term_string"}}],"inLanguage":"de"},{"@type":"Organization","@id":"https:\/\/www.organisator.ch\/#organization","name":"Organisator","url":"https:\/\/www.organisator.ch\/","logo":{"@type":"ImageObject","inLanguage":"de","@id":"https:\/\/www.organisator.ch\/#\/schema\/logo\/image\/","url":"https:\/\/www.organisator.ch\/wp-content\/uploads\/2022\/01\/Logo_Organisator_Website.png","contentUrl":"https:\/\/www.organisator.ch\/wp-content\/uploads\/2022\/01\/Logo_Organisator_Website.png","width":800,"height":77,"caption":"Organisator"},"image":{"@id":"https:\/\/www.organisator.ch\/#\/schema\/logo\/image\/"},"sameAs":["https:\/\/www.facebook.com\/OrganisatorFachmagazin","https:\/\/www.linkedin.com\/showcase\/organisator-das-magazin-fr-kmu","https:\/\/www.xing.com\/news\/pages\/organisator-ch-695","https:\/\/www.youtube.com\/channel\/UCGP2Sq0iWaZwT3BdIAQFYpw"]},{"@type":"Person","@id":"https:\/\/www.organisator.ch\/#\/schema\/person\/6f650f90b2842cd4c0cc334b4e36f67e","name":"thomas.berner","image":{"@type":"ImageObject","inLanguage":"de","@id":"https:\/\/secure.gravatar.com\/avatar\/ac5001d2a36cb6c6cd3e50789007ffca834b477b74a2144564522e944eabff61?s=96&d=mm&r=g","url":"https:\/\/secure.gravatar.com\/avatar\/ac5001d2a36cb6c6cd3e50789007ffca834b477b74a2144564522e944eabff61?s=96&d=mm&r=g","contentUrl":"https:\/\/secure.gravatar.com\/avatar\/ac5001d2a36cb6c6cd3e50789007ffca834b477b74a2144564522e944eabff61?s=96&d=mm&r=g","caption":"thomas.berner"},"url":"https:\/\/www.organisator.ch\/de\/author\/thomas-berner\/"}]}},"_links":{"self":[{"href":"https:\/\/www.organisator.ch\/de\/wp-json\/wp\/v2\/posts\/12141","targetHints":{"allow":["GET"]}}],"collection":[{"href":"https:\/\/www.organisator.ch\/de\/wp-json\/wp\/v2\/posts"}],"about":[{"href":"https:\/\/www.organisator.ch\/de\/wp-json\/wp\/v2\/types\/post"}],"author":[{"embeddable":true,"href":"https:\/\/www.organisator.ch\/de\/wp-json\/wp\/v2\/users\/4"}],"replies":[{"embeddable":true,"href":"https:\/\/www.organisator.ch\/de\/wp-json\/wp\/v2\/comments?post=12141"}],"version-history":[{"count":1,"href":"https:\/\/www.organisator.ch\/de\/wp-json\/wp\/v2\/posts\/12141\/revisions"}],"predecessor-version":[{"id":12143,"href":"https:\/\/www.organisator.ch\/de\/wp-json\/wp\/v2\/posts\/12141\/revisions\/12143"}],"wp:featuredmedia":[{"embeddable":true,"href":"https:\/\/www.organisator.ch\/de\/wp-json\/wp\/v2\/media\/12142"}],"wp:attachment":[{"href":"https:\/\/www.organisator.ch\/de\/wp-json\/wp\/v2\/media?parent=12141"}],"wp:term":[{"taxonomy":"category","embeddable":true,"href":"https:\/\/www.organisator.ch\/de\/wp-json\/wp\/v2\/categories?post=12141"},{"taxonomy":"post_tag","embeddable":true,"href":"https:\/\/www.organisator.ch\/de\/wp-json\/wp\/v2\/tags?post=12141"}],"curies":[{"name":"wp","href":"https:\/\/api.w.org\/{rel}","templated":true}]}}