{"id":12149,"date":"2022-03-16T13:23:52","date_gmt":"2022-03-16T12:23:52","guid":{"rendered":"https:\/\/www.m-q.ch\/?p=16071"},"modified":"2022-08-02T15:40:42","modified_gmt":"2022-08-02T13:40:42","slug":"sustainable-productivity-studie-fordert-neues-produktionsverstaendnis","status":"publish","type":"post","link":"https:\/\/www.organisator.ch\/de\/operational-excellence\/2022-03-16\/sustainable-productivity-studie-fordert-neues-produktionsverstaendnis\/","title":{"rendered":"Sustainable Productivity: Studie fordert neues Produktionsverst\u00e4ndnis"},"content":{"rendered":"<figure id=\"attachment_16072\" class=\"wp-caption alignnone\" style=\"width: 680px\" aria-describedby=\"caption-attachment-16072\"><img class=\"alignnone wp-image-16072 size-full\" src=\"https:\/\/www.m-q.ch\/wp-content\/uploads\/2022\/03\/Sustainable-Productivity-Studie-fordert-neues-Produktionsverstaendnis_MQ.jpg\" alt=\"Sustainable Productivity\" width=\"680\" height=\"382\" \/><figcaption id=\"caption-attachment-16072\" class=\"wp-caption-text\">Sustainable Productivity: Die deutschsprachige Industrie muss eine nachhaltige Produktionswende einleiten. (\u00a9 iStock)<\/figcaption><\/figure>\r\nDie Errungenschaften der industriellen Revolutionen haben zu einer enormen Effizienz in der Produktion gef\u00fchrt \u2013 aber nicht zu Sustainable Productivity: Alltagsprodukte aus den Bereichen Elektronik, Konsum und Verkehr werden derart kosteng\u00fcnstig hergestellt, dass sie der gesamten Bev\u00f6lkerung zug\u00e4nglich gemacht werden k\u00f6nnen. Ein Wohlstand, der es zeitgleich erm\u00f6glicht, sich einen teilweise erschreckend niedrigen Nutzungsgrad der verwendeten Gegenst\u00e4nde zu leisten. So betr\u00e4gt die durchschnittliche Auslastung eines Privatautos gerade einmal vier Prozent. Ein Grossteil der Konsum- und Elektronikartikel wird nach kurzer Nutzungsphase entsorgt \u2013 die effiziente Produktion macht es m\u00f6glich.\r\n<h2>Weit weg von Sustainable Productivity<\/h2>\r\nDas kontinuierliche Streben nach Kostenoptimierung und Effizienzsteigerung hat zu einem kapital- und ressourcenintensiven Produktivit\u00e4tsdenken gef\u00fchrt. Dies wird an den gestiegenen CO2-Emissionen deutlich, die sich seit 1990 nahezu verdoppelt haben. Die gesellschaftlichen und \u00f6kologischen Auswirkungen dieser Entwicklung sind in den letzten Jahren verst\u00e4rkt offensichtlich geworden. Insbesondere die sich versch\u00e4rfende Klimakrise hat dazu gef\u00fchrt, dass sich das kapital- und ressourcenintensive Produktivit\u00e4tsdenken vom Zukunftsbild der \u00f6kologisch bewusster denkenden Gesellschaft unterscheidet. Als einer der Verursacher tr\u00e4gt das produzierende Gewerbe hierbei eine grosse Verantwortung. Die deutschsprachige Industrie muss eine nachhaltige Produktionswende einleiten \u2013 und zwar sofort!\r\n<h2>Die Produktionswende ist Notwendigkeit und Chance zugleich<\/h2>\r\nIm Zuge dessen muss der Produktivit\u00e4tsbegriff unter Einbezug einer ganzheitlichen Nachhaltigkeitsbetrachtung grundlegend neu gedacht werden. Hier setzt die Studie \u201eSustainable Productivity\u201c des Lehrstuhls f\u00fcr Produktionssystematik am Werkzeugmaschinenlabor WZL der RWTH Aachen an. Ziel der Studie war es, das neue notwendige Verst\u00e4ndnis des Produktivit\u00e4tsbergriffs zu erarbeiten, um die Produktionswende einleiten zu k\u00f6nnen. Standen bislang haupts\u00e4chlich finanzielle Ziele im Vordergrund, so sind diese durch \u00f6kologische, soziale und regulatorische Ziele zu erg\u00e4nzen. Diese neuartigen Ziele haben Auswirkungen auf die Gestaltung der Produkte in den Phasen Produktentwicklung, Produktion und Nutzung. M\u00f6glich gemacht wird diese neuartige Auslegung durch die Digitalisierung und insbesondere durch das \u201eInternet of Production\u201c, welches die zur ganzheitlichen Steigerung der Nachhaltigkeit notwendige Transparenz zur Verf\u00fcgung stellt.\r\n\r\nNeben der mit der Verantwortung verbundenen Notwendigkeit bedeutet die Produktionswende zugleich eine enorme Chance f\u00fcr eine zukunftsf\u00e4hige Ausrichtung der deutschsprachigen Industrie. Dies umfasst einer-seits die gesellschaftlich wahrgenommene sowie die reale Gestaltung des ganzheitlichen Wandels durch das deutschsprachige produzierende Gewerbe. Andererseits wird ein klarer Wettbewerbsvorteil gegen\u00fcber konkurrierenden Standorten geschaffen. In der Wechselwirkung dieser beiden Faktoren wird ein monetarisierbar Mehrwert erreicht.\r\n\r\nDie vorliegende Studie gibt Unternehmen hierzu konkrete Empfehlungen zur Gestaltung ihrer Produktion hin zu einer \u201eSustainable Production\u201c. Neben Kennzahlen zur Bewertung der gegenw\u00e4rtigen Situation und des Fortschritts, werden bereits bestehende Erfolgsbeispiele produzierender Unternehmen vorgestellt.\r\n\r\n<em>Quelle und weitere Informationen: <a href=\"https:\/\/www.wzl.rwth-aachen.de\/ca\/f\/txhei\/#aaaaaaaaaatxhlk\">WZL<\/a><\/em>\n<p class=\"syndicated-attribution\">Dieser Beitrag erschien urspr\u00fcnglich auf m-q.ch - <a href=\"https:\/\/www.m-q.ch\/de\/ustainable-productivity-studie-fordert-neues-produktionsverstaendnis\/\" target=\"_blank\">https:\/\/www.m-q.ch\/de\/ustainable-productivity-studie-fordert-neues-produktionsverstaendnis\/<\/a><\/p>","protected":false},"excerpt":{"rendered":"<p>Die Errungenschaften der industriellen Revolutionen haben zu einer enormen Effizienz in der Produktion gef\u00fchrt \u2013 aber nicht zu Sustainable Productivity: Alltagsprodukte aus den Bereichen Elektronik, Konsum und Verkehr werden derart kosteng\u00fcnstig hergestellt, dass sie der gesamten Bev\u00f6lkerung zug\u00e4nglich gemacht werden k\u00f6nnen. Ein Wohlstand, der es zeitgleich erm\u00f6glicht, sich einen teilweise erschreckend niedrigen Nutzungsgrad der verwendeten [\u2026]<\/p>\n","protected":false},"author":8,"featured_media":0,"comment_status":"closed","ping_status":"closed","sticky":false,"template":"","format":"standard","meta":{"_acf_changed":false,"_yoast_wpseo_focuskw":"Sustainable Productivity","_yoast_wpseo_metadesc":"Unter dem Titel \u201eSustainable Productivity \u2013 Ein neues Produktionsverst\u00e4ndnis f\u00fcr eine nachhaltige Produktionswende\u201c hat das Werkzeugmaschinenlabor WZL der RWTH Aachen University k\u00fcrzlich eine Studie ver\u00f6ffentlicht.","articlekey":"","footnotes":""},"categories":[582],"tags":[3282],"class_list":["post-12149","post","type-post","status-publish","format-standard","hentry","category-operational-excellence","tag-sustainable-productivity"],"acf":[],"yoast_head":"<!-- This site is optimized with the Yoast SEO plugin v27.5 - https:\/\/yoast.com\/product\/yoast-seo-wordpress\/ -->\n<title>Sustainable Productivity: Studie fordert neues Produktionsverst\u00e4ndnis - Organisator<\/title>\n<meta name=\"description\" content=\"Unter dem Titel \u201eSustainable Productivity \u2013 Ein neues Produktionsverst\u00e4ndnis f\u00fcr eine nachhaltige Produktionswende\u201c hat das Werkzeugmaschinenlabor WZL der RWTH Aachen University k\u00fcrzlich eine Studie ver\u00f6ffentlicht.\" \/>\n<meta name=\"robots\" content=\"index, follow, max-snippet:-1, max-image-preview:large, max-video-preview:-1\" \/>\n<link rel=\"canonical\" href=\"https:\/\/www.m-q.ch\/de\/ustainable-productivity-studie-fordert-neues-produktionsverstaendnis\/\" \/>\n<meta property=\"og:locale\" content=\"de_DE\" \/>\n<meta property=\"og:type\" content=\"article\" \/>\n<meta property=\"og:title\" content=\"Sustainable Productivity: Studie fordert neues Produktionsverst\u00e4ndnis - Organisator\" \/>\n<meta property=\"og:description\" content=\"Unter dem Titel \u201eSustainable Productivity \u2013 Ein neues Produktionsverst\u00e4ndnis f\u00fcr eine nachhaltige Produktionswende\u201c hat das Werkzeugmaschinenlabor WZL der RWTH Aachen University k\u00fcrzlich eine Studie ver\u00f6ffentlicht.\" \/>\n<meta property=\"og:url\" content=\"https:\/\/www.m-q.ch\/de\/ustainable-productivity-studie-fordert-neues-produktionsverstaendnis\/\" \/>\n<meta property=\"og:site_name\" content=\"Organisator\" \/>\n<meta property=\"article:publisher\" content=\"https:\/\/www.facebook.com\/OrganisatorFachmagazin\" \/>\n<meta property=\"article:published_time\" content=\"2022-03-16T12:23:52+00:00\" \/>\n<meta property=\"article:modified_time\" content=\"2022-08-02T13:40:42+00:00\" \/>\n<meta property=\"og:image\" content=\"https:\/\/www.m-q.ch\/wp-content\/uploads\/2022\/03\/Sustainable-Productivity-Studie-fordert-neues-Produktionsverstaendnis_MQ.jpg\" \/>\n<meta name=\"author\" content=\"galledia\" \/>\n<meta name=\"twitter:card\" content=\"summary_large_image\" \/>\n<meta name=\"twitter:creator\" content=\"@admin\" \/>\n<script type=\"application\/ld+json\" class=\"yoast-schema-graph\">{\"@context\":\"https:\\\/\\\/schema.org\",\"@graph\":[{\"@type\":\"Article\",\"@id\":\"https:\\\/\\\/www.m-q.ch\\\/de\\\/ustainable-productivity-studie-fordert-neues-produktionsverstaendnis\\\/#article\",\"isPartOf\":{\"@id\":\"https:\\\/\\\/www.organisator.ch\\\/operational-excellence\\\/2022-03-16\\\/sustainable-productivity-studie-fordert-neues-produktionsverstaendnis\\\/\"},\"author\":{\"name\":\"galledia\",\"@id\":\"https:\\\/\\\/www.organisator.ch\\\/#\\\/schema\\\/person\\\/4e51799071cd2dd1232ac003643ef5f0\"},\"headline\":\"Sustainable Productivity: Studie fordert neues Produktionsverst\u00e4ndnis\",\"datePublished\":\"2022-03-16T12:23:52+00:00\",\"dateModified\":\"2022-08-02T13:40:42+00:00\",\"mainEntityOfPage\":{\"@id\":\"https:\\\/\\\/www.organisator.ch\\\/operational-excellence\\\/2022-03-16\\\/sustainable-productivity-studie-fordert-neues-produktionsverstaendnis\\\/\"},\"wordCount\":446,\"publisher\":{\"@id\":\"https:\\\/\\\/www.organisator.ch\\\/#organization\"},\"image\":{\"@id\":\"https:\\\/\\\/www.m-q.ch\\\/de\\\/ustainable-productivity-studie-fordert-neues-produktionsverstaendnis\\\/#primaryimage\"},\"thumbnailUrl\":\"https:\\\/\\\/www.m-q.ch\\\/wp-content\\\/uploads\\\/2022\\\/03\\\/Sustainable-Productivity-Studie-fordert-neues-Produktionsverstaendnis_MQ.jpg\",\"keywords\":[\"Sustainable Productivity\"],\"articleSection\":[\"OPERATIONAL EXCELLENCE\"],\"inLanguage\":\"de\"},{\"@type\":\"WebPage\",\"@id\":\"https:\\\/\\\/www.organisator.ch\\\/operational-excellence\\\/2022-03-16\\\/sustainable-productivity-studie-fordert-neues-produktionsverstaendnis\\\/\",\"url\":\"https:\\\/\\\/www.m-q.ch\\\/de\\\/ustainable-productivity-studie-fordert-neues-produktionsverstaendnis\\\/\",\"name\":\"Sustainable Productivity: Studie fordert neues Produktionsverst\u00e4ndnis - Organisator\",\"isPartOf\":{\"@id\":\"https:\\\/\\\/www.organisator.ch\\\/#website\"},\"primaryImageOfPage\":{\"@id\":\"https:\\\/\\\/www.m-q.ch\\\/de\\\/ustainable-productivity-studie-fordert-neues-produktionsverstaendnis\\\/#primaryimage\"},\"image\":{\"@id\":\"https:\\\/\\\/www.m-q.ch\\\/de\\\/ustainable-productivity-studie-fordert-neues-produktionsverstaendnis\\\/#primaryimage\"},\"thumbnailUrl\":\"https:\\\/\\\/www.m-q.ch\\\/wp-content\\\/uploads\\\/2022\\\/03\\\/Sustainable-Productivity-Studie-fordert-neues-Produktionsverstaendnis_MQ.jpg\",\"datePublished\":\"2022-03-16T12:23:52+00:00\",\"dateModified\":\"2022-08-02T13:40:42+00:00\",\"description\":\"Unter dem Titel \u201eSustainable Productivity \u2013 Ein neues Produktionsverst\u00e4ndnis f\u00fcr eine nachhaltige Produktionswende\u201c hat das Werkzeugmaschinenlabor WZL der RWTH Aachen University k\u00fcrzlich eine Studie ver\u00f6ffentlicht.\",\"breadcrumb\":{\"@id\":\"https:\\\/\\\/www.m-q.ch\\\/de\\\/ustainable-productivity-studie-fordert-neues-produktionsverstaendnis\\\/#breadcrumb\"},\"inLanguage\":\"de\",\"potentialAction\":[{\"@type\":\"ReadAction\",\"target\":[\"https:\\\/\\\/www.m-q.ch\\\/de\\\/ustainable-productivity-studie-fordert-neues-produktionsverstaendnis\\\/\"]}]},{\"@type\":\"ImageObject\",\"inLanguage\":\"de\",\"@id\":\"https:\\\/\\\/www.m-q.ch\\\/de\\\/ustainable-productivity-studie-fordert-neues-produktionsverstaendnis\\\/#primaryimage\",\"url\":\"https:\\\/\\\/www.m-q.ch\\\/wp-content\\\/uploads\\\/2022\\\/03\\\/Sustainable-Productivity-Studie-fordert-neues-Produktionsverstaendnis_MQ.jpg\",\"contentUrl\":\"https:\\\/\\\/www.m-q.ch\\\/wp-content\\\/uploads\\\/2022\\\/03\\\/Sustainable-Productivity-Studie-fordert-neues-Produktionsverstaendnis_MQ.jpg\"},{\"@type\":\"BreadcrumbList\",\"@id\":\"https:\\\/\\\/www.m-q.ch\\\/de\\\/ustainable-productivity-studie-fordert-neues-produktionsverstaendnis\\\/#breadcrumb\",\"itemListElement\":[{\"@type\":\"ListItem\",\"position\":1,\"name\":\"Home\",\"item\":\"https:\\\/\\\/www.organisator.ch\\\/\"},{\"@type\":\"ListItem\",\"position\":2,\"name\":\"Sustainable Productivity: Studie fordert neues Produktionsverst\u00e4ndnis\"}]},{\"@type\":\"WebSite\",\"@id\":\"https:\\\/\\\/www.organisator.ch\\\/#website\",\"url\":\"https:\\\/\\\/www.organisator.ch\\\/\",\"name\":\"Organisator\",\"description\":\"Kompetent. Praxisnah. Der ORGANISATOR bereitet in 10 Ausgaben pro Jahr die wesentlichen Themen f\u00fcr F\u00fchrungskr\u00e4fte von KMU auf.\",\"publisher\":{\"@id\":\"https:\\\/\\\/www.organisator.ch\\\/#organization\"},\"potentialAction\":[{\"@type\":\"SearchAction\",\"target\":{\"@type\":\"EntryPoint\",\"urlTemplate\":\"https:\\\/\\\/www.organisator.ch\\\/?s={search_term_string}\"},\"query-input\":{\"@type\":\"PropertyValueSpecification\",\"valueRequired\":true,\"valueName\":\"search_term_string\"}}],\"inLanguage\":\"de\"},{\"@type\":\"Organization\",\"@id\":\"https:\\\/\\\/www.organisator.ch\\\/#organization\",\"name\":\"Organisator\",\"url\":\"https:\\\/\\\/www.organisator.ch\\\/\",\"logo\":{\"@type\":\"ImageObject\",\"inLanguage\":\"de\",\"@id\":\"https:\\\/\\\/www.organisator.ch\\\/#\\\/schema\\\/logo\\\/image\\\/\",\"url\":\"https:\\\/\\\/www.organisator.ch\\\/wp-content\\\/uploads\\\/2022\\\/01\\\/Logo_Organisator_Website.png\",\"contentUrl\":\"https:\\\/\\\/www.organisator.ch\\\/wp-content\\\/uploads\\\/2022\\\/01\\\/Logo_Organisator_Website.png\",\"width\":800,\"height\":77,\"caption\":\"Organisator\"},\"image\":{\"@id\":\"https:\\\/\\\/www.organisator.ch\\\/#\\\/schema\\\/logo\\\/image\\\/\"},\"sameAs\":[\"https:\\\/\\\/www.facebook.com\\\/OrganisatorFachmagazin\",\"https:\\\/\\\/www.linkedin.com\\\/showcase\\\/organisator-das-magazin-fr-kmu\",\"https:\\\/\\\/www.xing.com\\\/news\\\/pages\\\/organisator-ch-695\",\"https:\\\/\\\/www.youtube.com\\\/channel\\\/UCGP2Sq0iWaZwT3BdIAQFYpw\"]},{\"@type\":\"Person\",\"@id\":\"https:\\\/\\\/www.organisator.ch\\\/#\\\/schema\\\/person\\\/4e51799071cd2dd1232ac003643ef5f0\",\"name\":\"galledia\",\"image\":{\"@type\":\"ImageObject\",\"inLanguage\":\"de\",\"@id\":\"https:\\\/\\\/secure.gravatar.com\\\/avatar\\\/78a7f90c01fc2bfc875782a0d4922b37cde2cf184ce347b91316d23cd7f69a36?s=96&d=mm&r=g\",\"url\":\"https:\\\/\\\/secure.gravatar.com\\\/avatar\\\/78a7f90c01fc2bfc875782a0d4922b37cde2cf184ce347b91316d23cd7f69a36?s=96&d=mm&r=g\",\"contentUrl\":\"https:\\\/\\\/secure.gravatar.com\\\/avatar\\\/78a7f90c01fc2bfc875782a0d4922b37cde2cf184ce347b91316d23cd7f69a36?s=96&d=mm&r=g\",\"caption\":\"galledia\"},\"sameAs\":[\"https:\\\/\\\/x.com\\\/admin\"],\"url\":\"https:\\\/\\\/www.organisator.ch\\\/de\\\/author\\\/galledia\\\/\"}]}<\/script>\n<!-- \/ Yoast SEO plugin. -->","yoast_head_json":{"title":"Sustainable Productivity: Studie fordert neues Produktionsverst\u00e4ndnis - Organisator","description":"Unter dem Titel \u201eSustainable Productivity \u2013 Ein neues Produktionsverst\u00e4ndnis f\u00fcr eine nachhaltige Produktionswende\u201c hat das Werkzeugmaschinenlabor WZL der RWTH Aachen University k\u00fcrzlich eine Studie ver\u00f6ffentlicht.","robots":{"index":"index","follow":"follow","max-snippet":"max-snippet:-1","max-image-preview":"max-image-preview:large","max-video-preview":"max-video-preview:-1"},"canonical":"https:\/\/www.m-q.ch\/de\/ustainable-productivity-studie-fordert-neues-produktionsverstaendnis\/","og_locale":"de_DE","og_type":"article","og_title":"Sustainable Productivity: Studie fordert neues Produktionsverst\u00e4ndnis - Organisator","og_description":"Unter dem Titel \u201eSustainable Productivity \u2013 Ein neues Produktionsverst\u00e4ndnis f\u00fcr eine nachhaltige Produktionswende\u201c hat das Werkzeugmaschinenlabor WZL der RWTH Aachen University k\u00fcrzlich eine Studie ver\u00f6ffentlicht.","og_url":"https:\/\/www.m-q.ch\/de\/ustainable-productivity-studie-fordert-neues-produktionsverstaendnis\/","og_site_name":"Organisator","article_publisher":"https:\/\/www.facebook.com\/OrganisatorFachmagazin","article_published_time":"2022-03-16T12:23:52+00:00","article_modified_time":"2022-08-02T13:40:42+00:00","og_image":[{"url":"https:\/\/www.m-q.ch\/wp-content\/uploads\/2022\/03\/Sustainable-Productivity-Studie-fordert-neues-Produktionsverstaendnis_MQ.jpg","type":"","width":"","height":""}],"author":"galledia","twitter_card":"summary_large_image","twitter_creator":"@admin","schema":{"@context":"https:\/\/schema.org","@graph":[{"@type":"Article","@id":"https:\/\/www.m-q.ch\/de\/ustainable-productivity-studie-fordert-neues-produktionsverstaendnis\/#article","isPartOf":{"@id":"https:\/\/www.organisator.ch\/operational-excellence\/2022-03-16\/sustainable-productivity-studie-fordert-neues-produktionsverstaendnis\/"},"author":{"name":"galledia","@id":"https:\/\/www.organisator.ch\/#\/schema\/person\/4e51799071cd2dd1232ac003643ef5f0"},"headline":"Sustainable Productivity: Studie fordert neues Produktionsverst\u00e4ndnis","datePublished":"2022-03-16T12:23:52+00:00","dateModified":"2022-08-02T13:40:42+00:00","mainEntityOfPage":{"@id":"https:\/\/www.organisator.ch\/operational-excellence\/2022-03-16\/sustainable-productivity-studie-fordert-neues-produktionsverstaendnis\/"},"wordCount":446,"publisher":{"@id":"https:\/\/www.organisator.ch\/#organization"},"image":{"@id":"https:\/\/www.m-q.ch\/de\/ustainable-productivity-studie-fordert-neues-produktionsverstaendnis\/#primaryimage"},"thumbnailUrl":"https:\/\/www.m-q.ch\/wp-content\/uploads\/2022\/03\/Sustainable-Productivity-Studie-fordert-neues-Produktionsverstaendnis_MQ.jpg","keywords":["Sustainable Productivity"],"articleSection":["OPERATIONAL EXCELLENCE"],"inLanguage":"de"},{"@type":"WebPage","@id":"https:\/\/www.organisator.ch\/operational-excellence\/2022-03-16\/sustainable-productivity-studie-fordert-neues-produktionsverstaendnis\/","url":"https:\/\/www.m-q.ch\/de\/ustainable-productivity-studie-fordert-neues-produktionsverstaendnis\/","name":"Sustainable Productivity: Studie fordert neues Produktionsverst\u00e4ndnis - Organisator","isPartOf":{"@id":"https:\/\/www.organisator.ch\/#website"},"primaryImageOfPage":{"@id":"https:\/\/www.m-q.ch\/de\/ustainable-productivity-studie-fordert-neues-produktionsverstaendnis\/#primaryimage"},"image":{"@id":"https:\/\/www.m-q.ch\/de\/ustainable-productivity-studie-fordert-neues-produktionsverstaendnis\/#primaryimage"},"thumbnailUrl":"https:\/\/www.m-q.ch\/wp-content\/uploads\/2022\/03\/Sustainable-Productivity-Studie-fordert-neues-Produktionsverstaendnis_MQ.jpg","datePublished":"2022-03-16T12:23:52+00:00","dateModified":"2022-08-02T13:40:42+00:00","description":"Unter dem Titel \u201eSustainable Productivity \u2013 Ein neues Produktionsverst\u00e4ndnis f\u00fcr eine nachhaltige Produktionswende\u201c hat das Werkzeugmaschinenlabor WZL der RWTH Aachen University k\u00fcrzlich eine Studie ver\u00f6ffentlicht.","breadcrumb":{"@id":"https:\/\/www.m-q.ch\/de\/ustainable-productivity-studie-fordert-neues-produktionsverstaendnis\/#breadcrumb"},"inLanguage":"de","potentialAction":[{"@type":"ReadAction","target":["https:\/\/www.m-q.ch\/de\/ustainable-productivity-studie-fordert-neues-produktionsverstaendnis\/"]}]},{"@type":"ImageObject","inLanguage":"de","@id":"https:\/\/www.m-q.ch\/de\/ustainable-productivity-studie-fordert-neues-produktionsverstaendnis\/#primaryimage","url":"https:\/\/www.m-q.ch\/wp-content\/uploads\/2022\/03\/Sustainable-Productivity-Studie-fordert-neues-Produktionsverstaendnis_MQ.jpg","contentUrl":"https:\/\/www.m-q.ch\/wp-content\/uploads\/2022\/03\/Sustainable-Productivity-Studie-fordert-neues-Produktionsverstaendnis_MQ.jpg"},{"@type":"BreadcrumbList","@id":"https:\/\/www.m-q.ch\/de\/ustainable-productivity-studie-fordert-neues-produktionsverstaendnis\/#breadcrumb","itemListElement":[{"@type":"ListItem","position":1,"name":"Home","item":"https:\/\/www.organisator.ch\/"},{"@type":"ListItem","position":2,"name":"Sustainable Productivity: Studie fordert neues Produktionsverst\u00e4ndnis"}]},{"@type":"WebSite","@id":"https:\/\/www.organisator.ch\/#website","url":"https:\/\/www.organisator.ch\/","name":"Organisator","description":"Kompetent. Praxisnah. Der ORGANISATOR bereitet in 10 Ausgaben pro Jahr die wesentlichen Themen f\u00fcr F\u00fchrungskr\u00e4fte von KMU auf.","publisher":{"@id":"https:\/\/www.organisator.ch\/#organization"},"potentialAction":[{"@type":"SearchAction","target":{"@type":"EntryPoint","urlTemplate":"https:\/\/www.organisator.ch\/?s={search_term_string}"},"query-input":{"@type":"PropertyValueSpecification","valueRequired":true,"valueName":"search_term_string"}}],"inLanguage":"de"},{"@type":"Organization","@id":"https:\/\/www.organisator.ch\/#organization","name":"Organisator","url":"https:\/\/www.organisator.ch\/","logo":{"@type":"ImageObject","inLanguage":"de","@id":"https:\/\/www.organisator.ch\/#\/schema\/logo\/image\/","url":"https:\/\/www.organisator.ch\/wp-content\/uploads\/2022\/01\/Logo_Organisator_Website.png","contentUrl":"https:\/\/www.organisator.ch\/wp-content\/uploads\/2022\/01\/Logo_Organisator_Website.png","width":800,"height":77,"caption":"Organisator"},"image":{"@id":"https:\/\/www.organisator.ch\/#\/schema\/logo\/image\/"},"sameAs":["https:\/\/www.facebook.com\/OrganisatorFachmagazin","https:\/\/www.linkedin.com\/showcase\/organisator-das-magazin-fr-kmu","https:\/\/www.xing.com\/news\/pages\/organisator-ch-695","https:\/\/www.youtube.com\/channel\/UCGP2Sq0iWaZwT3BdIAQFYpw"]},{"@type":"Person","@id":"https:\/\/www.organisator.ch\/#\/schema\/person\/4e51799071cd2dd1232ac003643ef5f0","name":"galledia","image":{"@type":"ImageObject","inLanguage":"de","@id":"https:\/\/secure.gravatar.com\/avatar\/78a7f90c01fc2bfc875782a0d4922b37cde2cf184ce347b91316d23cd7f69a36?s=96&d=mm&r=g","url":"https:\/\/secure.gravatar.com\/avatar\/78a7f90c01fc2bfc875782a0d4922b37cde2cf184ce347b91316d23cd7f69a36?s=96&d=mm&r=g","contentUrl":"https:\/\/secure.gravatar.com\/avatar\/78a7f90c01fc2bfc875782a0d4922b37cde2cf184ce347b91316d23cd7f69a36?s=96&d=mm&r=g","caption":"galledia"},"sameAs":["https:\/\/x.com\/admin"],"url":"https:\/\/www.organisator.ch\/de\/author\/galledia\/"}]}},"_links":{"self":[{"href":"https:\/\/www.organisator.ch\/de\/wp-json\/wp\/v2\/posts\/12149","targetHints":{"allow":["GET"]}}],"collection":[{"href":"https:\/\/www.organisator.ch\/de\/wp-json\/wp\/v2\/posts"}],"about":[{"href":"https:\/\/www.organisator.ch\/de\/wp-json\/wp\/v2\/types\/post"}],"author":[{"embeddable":true,"href":"https:\/\/www.organisator.ch\/de\/wp-json\/wp\/v2\/users\/8"}],"replies":[{"embeddable":true,"href":"https:\/\/www.organisator.ch\/de\/wp-json\/wp\/v2\/comments?post=12149"}],"version-history":[{"count":3,"href":"https:\/\/www.organisator.ch\/de\/wp-json\/wp\/v2\/posts\/12149\/revisions"}],"predecessor-version":[{"id":16250,"href":"https:\/\/www.organisator.ch\/de\/wp-json\/wp\/v2\/posts\/12149\/revisions\/16250"}],"wp:attachment":[{"href":"https:\/\/www.organisator.ch\/de\/wp-json\/wp\/v2\/media?parent=12149"}],"wp:term":[{"taxonomy":"category","embeddable":true,"href":"https:\/\/www.organisator.ch\/de\/wp-json\/wp\/v2\/categories?post=12149"},{"taxonomy":"post_tag","embeddable":true,"href":"https:\/\/www.organisator.ch\/de\/wp-json\/wp\/v2\/tags?post=12149"}],"curies":[{"name":"wp","href":"https:\/\/api.w.org\/{rel}","templated":true}]}}