{"id":12155,"date":"2022-03-16T22:58:28","date_gmt":"2022-03-16T21:58:28","guid":{"rendered":"https:\/\/www.werbewoche.ch\/?p=167332"},"modified":"2022-08-01T12:46:39","modified_gmt":"2022-08-01T10:46:39","slug":"was-bedeutet-eigentlich-trilemma","status":"publish","type":"post","link":"https:\/\/www.organisator.ch\/de\/marketing\/2022-03-16\/was-bedeutet-eigentlich-trilemma\/","title":{"rendered":"Was bedeutet eigentlich\u2026 \u00abTrilemma\u00bb?"},"content":{"rendered":"<img class=\"aligncenter wp-image-158930 size-full\" src=\"https:\/\/www.werbewoche.ch\/wp-content\/uploads\/2021\/10\/kolumne_pnp_wasnedeuteteigentlich.jpg\" alt=\"Trilemma\" width=\"1200\" height=\"801\" \/>\r\n\r\nAls w\u00e4ren Dilemmas nicht schon schwierig genug, tauchen zu allem Elend auf der Welt \u00fcberall Trilemmas auf. Nicht nur in der Weltpolitik, der Weltwirtschaft oder der Weltklima-Debatte, sondern vermehrt auch in banaleren Gefilden wie der Werbung und dem Marketing.\r\n\r\nDas \u00abTrilemma\u00bb ist ein neu lancierter, sprachlich uralter Ausdruck, mit der ein bereits vorhandenes Wort (Dilemma) erg\u00e4nzt wird \u2013 genau wie bei \u00abproaktiv\u00bb beispielsweise. Wer also ein Trilemma proaktiv angehen will, dem sollten wir besser misstrauen. Denn die Anwendung von solch \u00fcbersteigerten Neologismen hat immer etwas Angeberisches und Ausschliessendes an sich. Sie werden f\u00fcr eine gewisse Zeit als treffend empfunden und breiten sich rasend schnell aus, bevor sie \u2013 meist zurecht \u2013\u00a0wieder in Bedeutungslosigkeit versinken.\r\n\r\nDas Dilemma hingegen h\u00e4lt sich gerade in unserer Branche tapfer. Und zwar nicht erst seit Henry Fords zugeschriebenem Quote \u00abF\u00fcnfzig Prozent bei der Werbung sind immer rausgeworfen. Man weiss aber nicht, welche H\u00e4lfte das ist\u00bb. Auch wenn in Zeiten des datenbasierten Marketings diese \u00abRegel\u00bb viel von ihrem Charme verloren hat: Sie war wenigstens verl\u00e4sslich.\r\n<h3><strong>Ein Neuwort zur richtigen Zeit<\/strong><\/h3>\r\nW\u00e4hrend wir uns beim guten alten Dilemma nur zwischen zwei Optionen entscheiden m\u00fcssen, verkompliziert sich die Lage mit dem Trilemma massiv. Trotzdem neigen Agenturen bekanntlich noch immer dazu, jeweils drei Routen vorzuschlagen, wenn sie den Kunden Naming-, Branding- oder Campagning-L\u00f6sungen pr\u00e4sentieren.\r\n\r\nDamit \u00fcberfordern sie meist nicht nur sich selbst, sondern auch die Kunden. Denn die Wahl aus drei Optionen, bei der jede inakzeptabel ist, f\u00fchrt oft zur Entstehung einer vierten, die eine toxische Mischung aus den Dreien bildet.\r\n\r\nObwohl alle hoffen, es werde daraus ein \u00fcberzeugendes Ergebnis, tritt immer das Gegenteil ein. Selbst im besseren Fall, der Auswahl aus drei guten Vorschl\u00e4gen, bei der am Ende nur einer ausgew\u00e4hlt werden kann, bleibt\u2019s schwierig. Am Ende entscheidet oft die Willk\u00fcr der Vorgesetzten oder Kunden.\r\n\r\nDeshalb: Trilemmas vermeiden und lieber nur einen Vorschlag ausarbeiten. Denn die \u00abrichtige\u00bb Welt ist schon voll von wahren Trilemmas: politisch, \u00f6konomisch, \u00f6kologisch und psychologisch, da muss man nicht noch k\u00fcnstliche schaffen.\r\n\r\n<hr \/>\r\n\r\n<em>*\u00a0<strong>Benno Maggi\u00a0<\/strong>ist Mitgr\u00fcnder und CEO von Partner &amp; Partner. Er lauscht seit \u00fcber 30 Jahren in der Branche und entdeckt dabei f\u00fcr uns Worte und Begriffe, die entweder zum Smalltalken, Wichtigtun, Aufregen, Scrabble spielen oder einfach so verwendet werden k\u00f6nnen.<\/em>","protected":false},"excerpt":{"rendered":"<p>Als w\u00e4ren Dilemmas nicht schon schwierig genug, tauchen zu allem Elend auf der Welt \u00fcberall Trilemmas auf. Nicht nur in der Weltpolitik, der Weltwirtschaft oder der Weltklima-Debatte, sondern vermehrt auch in banaleren Gefilden wie der Werbung und dem Marketing. Das \u00abTrilemma\u00bb ist ein neu lancierter, sprachlich uralter Ausdruck, mit der ein bereits vorhandenes Wort (Dilemma) [\u2026]<\/p>\n","protected":false},"author":8,"featured_media":0,"comment_status":"closed","ping_status":"closed","sticky":false,"template":"","format":"standard","meta":{"_acf_changed":false,"_yoast_wpseo_focuskw":"Trilemma","_yoast_wpseo_metadesc":"Benno Maggi erkl\u00e4rt in seiner Kolumne \u00abWas bedeutet eigentlich...?\u00bb Begriffe aus dem Marketing- und Kommunikationsbereich.","articlekey":"","footnotes":""},"categories":[29],"tags":[3221],"class_list":["post-12155","post","type-post","status-publish","format-standard","hentry","category-marketing","tag-trilemma"],"acf":[],"yoast_head":"<!-- This site is optimized with the Yoast SEO plugin v27.5 - https:\/\/yoast.com\/product\/yoast-seo-wordpress\/ -->\n<title>Was bedeutet eigentlich\u2026 \u00abTrilemma\u00bb? - Organisator<\/title>\n<meta name=\"description\" content=\"Benno Maggi erkl\u00e4rt in seiner Kolumne \u00abWas bedeutet eigentlich...?\u00bb Begriffe aus dem Marketing- und Kommunikationsbereich.\" \/>\n<meta name=\"robots\" content=\"index, follow, max-snippet:-1, max-image-preview:large, max-video-preview:-1\" \/>\n<link rel=\"canonical\" href=\"https:\/\/www.werbewoche.ch\/de\/marketing\/was-bedeutet-eigentlich\/2022-03-16\/was-bedeutet-eigentlich-trilemma\/\" \/>\n<meta property=\"og:locale\" content=\"de_DE\" \/>\n<meta property=\"og:type\" content=\"article\" \/>\n<meta property=\"og:title\" content=\"Was bedeutet eigentlich\u2026 \u00abTrilemma\u00bb? - Organisator\" \/>\n<meta property=\"og:description\" content=\"Benno Maggi erkl\u00e4rt in seiner Kolumne \u00abWas bedeutet eigentlich...?\u00bb Begriffe aus dem Marketing- und Kommunikationsbereich.\" \/>\n<meta property=\"og:url\" content=\"https:\/\/www.werbewoche.ch\/de\/marketing\/was-bedeutet-eigentlich\/2022-03-16\/was-bedeutet-eigentlich-trilemma\/\" \/>\n<meta property=\"og:site_name\" content=\"Organisator\" \/>\n<meta property=\"article:publisher\" content=\"https:\/\/www.facebook.com\/OrganisatorFachmagazin\" \/>\n<meta property=\"article:published_time\" content=\"2022-03-16T21:58:28+00:00\" \/>\n<meta property=\"article:modified_time\" content=\"2022-08-01T10:46:39+00:00\" \/>\n<meta property=\"og:image\" content=\"https:\/\/www.werbewoche.ch\/wp-content\/uploads\/2021\/10\/kolumne_pnp_wasnedeuteteigentlich.jpg\" \/>\n<meta name=\"author\" content=\"galledia\" \/>\n<meta name=\"twitter:card\" content=\"summary_large_image\" \/>\n<meta name=\"twitter:creator\" content=\"@admin\" \/>\n<script type=\"application\/ld+json\" class=\"yoast-schema-graph\">{\"@context\":\"https:\\\/\\\/schema.org\",\"@graph\":[{\"@type\":\"Article\",\"@id\":\"https:\\\/\\\/www.werbewoche.ch\\\/de\\\/marketing\\\/was-bedeutet-eigentlich\\\/2022-03-16\\\/was-bedeutet-eigentlich-trilemma\\\/#article\",\"isPartOf\":{\"@id\":\"https:\\\/\\\/www.organisator.ch\\\/marketing\\\/2022-03-16\\\/was-bedeutet-eigentlich-trilemma\\\/\"},\"author\":{\"name\":\"galledia\",\"@id\":\"https:\\\/\\\/www.organisator.ch\\\/#\\\/schema\\\/person\\\/4e51799071cd2dd1232ac003643ef5f0\"},\"headline\":\"Was bedeutet eigentlich\u2026 \u00abTrilemma\u00bb?\",\"datePublished\":\"2022-03-16T21:58:28+00:00\",\"dateModified\":\"2022-08-01T10:46:39+00:00\",\"mainEntityOfPage\":{\"@id\":\"https:\\\/\\\/www.organisator.ch\\\/marketing\\\/2022-03-16\\\/was-bedeutet-eigentlich-trilemma\\\/\"},\"wordCount\":389,\"publisher\":{\"@id\":\"https:\\\/\\\/www.organisator.ch\\\/#organization\"},\"image\":{\"@id\":\"https:\\\/\\\/www.werbewoche.ch\\\/de\\\/marketing\\\/was-bedeutet-eigentlich\\\/2022-03-16\\\/was-bedeutet-eigentlich-trilemma\\\/#primaryimage\"},\"thumbnailUrl\":\"https:\\\/\\\/www.werbewoche.ch\\\/wp-content\\\/uploads\\\/2021\\\/10\\\/kolumne_pnp_wasnedeuteteigentlich.jpg\",\"keywords\":[\"Trilemma\"],\"articleSection\":[\"MARKETING\"],\"inLanguage\":\"de\"},{\"@type\":\"WebPage\",\"@id\":\"https:\\\/\\\/www.organisator.ch\\\/marketing\\\/2022-03-16\\\/was-bedeutet-eigentlich-trilemma\\\/\",\"url\":\"https:\\\/\\\/www.werbewoche.ch\\\/de\\\/marketing\\\/was-bedeutet-eigentlich\\\/2022-03-16\\\/was-bedeutet-eigentlich-trilemma\\\/\",\"name\":\"Was bedeutet eigentlich\u2026 \u00abTrilemma\u00bb? - Organisator\",\"isPartOf\":{\"@id\":\"https:\\\/\\\/www.organisator.ch\\\/#website\"},\"primaryImageOfPage\":{\"@id\":\"https:\\\/\\\/www.werbewoche.ch\\\/de\\\/marketing\\\/was-bedeutet-eigentlich\\\/2022-03-16\\\/was-bedeutet-eigentlich-trilemma\\\/#primaryimage\"},\"image\":{\"@id\":\"https:\\\/\\\/www.werbewoche.ch\\\/de\\\/marketing\\\/was-bedeutet-eigentlich\\\/2022-03-16\\\/was-bedeutet-eigentlich-trilemma\\\/#primaryimage\"},\"thumbnailUrl\":\"https:\\\/\\\/www.werbewoche.ch\\\/wp-content\\\/uploads\\\/2021\\\/10\\\/kolumne_pnp_wasnedeuteteigentlich.jpg\",\"datePublished\":\"2022-03-16T21:58:28+00:00\",\"dateModified\":\"2022-08-01T10:46:39+00:00\",\"description\":\"Benno Maggi erkl\u00e4rt in seiner Kolumne \u00abWas bedeutet eigentlich...?\u00bb Begriffe aus dem Marketing- und Kommunikationsbereich.\",\"breadcrumb\":{\"@id\":\"https:\\\/\\\/www.werbewoche.ch\\\/de\\\/marketing\\\/was-bedeutet-eigentlich\\\/2022-03-16\\\/was-bedeutet-eigentlich-trilemma\\\/#breadcrumb\"},\"inLanguage\":\"de\",\"potentialAction\":[{\"@type\":\"ReadAction\",\"target\":[\"https:\\\/\\\/www.werbewoche.ch\\\/de\\\/marketing\\\/was-bedeutet-eigentlich\\\/2022-03-16\\\/was-bedeutet-eigentlich-trilemma\\\/\"]}]},{\"@type\":\"ImageObject\",\"inLanguage\":\"de\",\"@id\":\"https:\\\/\\\/www.werbewoche.ch\\\/de\\\/marketing\\\/was-bedeutet-eigentlich\\\/2022-03-16\\\/was-bedeutet-eigentlich-trilemma\\\/#primaryimage\",\"url\":\"https:\\\/\\\/www.werbewoche.ch\\\/wp-content\\\/uploads\\\/2021\\\/10\\\/kolumne_pnp_wasnedeuteteigentlich.jpg\",\"contentUrl\":\"https:\\\/\\\/www.werbewoche.ch\\\/wp-content\\\/uploads\\\/2021\\\/10\\\/kolumne_pnp_wasnedeuteteigentlich.jpg\"},{\"@type\":\"BreadcrumbList\",\"@id\":\"https:\\\/\\\/www.werbewoche.ch\\\/de\\\/marketing\\\/was-bedeutet-eigentlich\\\/2022-03-16\\\/was-bedeutet-eigentlich-trilemma\\\/#breadcrumb\",\"itemListElement\":[{\"@type\":\"ListItem\",\"position\":1,\"name\":\"Home\",\"item\":\"https:\\\/\\\/www.organisator.ch\\\/\"},{\"@type\":\"ListItem\",\"position\":2,\"name\":\"Was bedeutet eigentlich\u2026 \u00abTrilemma\u00bb?\"}]},{\"@type\":\"WebSite\",\"@id\":\"https:\\\/\\\/www.organisator.ch\\\/#website\",\"url\":\"https:\\\/\\\/www.organisator.ch\\\/\",\"name\":\"Organisator\",\"description\":\"Kompetent. Praxisnah. Der ORGANISATOR bereitet in 10 Ausgaben pro Jahr die wesentlichen Themen f\u00fcr F\u00fchrungskr\u00e4fte von KMU auf.\",\"publisher\":{\"@id\":\"https:\\\/\\\/www.organisator.ch\\\/#organization\"},\"potentialAction\":[{\"@type\":\"SearchAction\",\"target\":{\"@type\":\"EntryPoint\",\"urlTemplate\":\"https:\\\/\\\/www.organisator.ch\\\/?s={search_term_string}\"},\"query-input\":{\"@type\":\"PropertyValueSpecification\",\"valueRequired\":true,\"valueName\":\"search_term_string\"}}],\"inLanguage\":\"de\"},{\"@type\":\"Organization\",\"@id\":\"https:\\\/\\\/www.organisator.ch\\\/#organization\",\"name\":\"Organisator\",\"url\":\"https:\\\/\\\/www.organisator.ch\\\/\",\"logo\":{\"@type\":\"ImageObject\",\"inLanguage\":\"de\",\"@id\":\"https:\\\/\\\/www.organisator.ch\\\/#\\\/schema\\\/logo\\\/image\\\/\",\"url\":\"https:\\\/\\\/www.organisator.ch\\\/wp-content\\\/uploads\\\/2022\\\/01\\\/Logo_Organisator_Website.png\",\"contentUrl\":\"https:\\\/\\\/www.organisator.ch\\\/wp-content\\\/uploads\\\/2022\\\/01\\\/Logo_Organisator_Website.png\",\"width\":800,\"height\":77,\"caption\":\"Organisator\"},\"image\":{\"@id\":\"https:\\\/\\\/www.organisator.ch\\\/#\\\/schema\\\/logo\\\/image\\\/\"},\"sameAs\":[\"https:\\\/\\\/www.facebook.com\\\/OrganisatorFachmagazin\",\"https:\\\/\\\/www.linkedin.com\\\/showcase\\\/organisator-das-magazin-fr-kmu\",\"https:\\\/\\\/www.xing.com\\\/news\\\/pages\\\/organisator-ch-695\",\"https:\\\/\\\/www.youtube.com\\\/channel\\\/UCGP2Sq0iWaZwT3BdIAQFYpw\"]},{\"@type\":\"Person\",\"@id\":\"https:\\\/\\\/www.organisator.ch\\\/#\\\/schema\\\/person\\\/4e51799071cd2dd1232ac003643ef5f0\",\"name\":\"galledia\",\"image\":{\"@type\":\"ImageObject\",\"inLanguage\":\"de\",\"@id\":\"https:\\\/\\\/secure.gravatar.com\\\/avatar\\\/78a7f90c01fc2bfc875782a0d4922b37cde2cf184ce347b91316d23cd7f69a36?s=96&d=mm&r=g\",\"url\":\"https:\\\/\\\/secure.gravatar.com\\\/avatar\\\/78a7f90c01fc2bfc875782a0d4922b37cde2cf184ce347b91316d23cd7f69a36?s=96&d=mm&r=g\",\"contentUrl\":\"https:\\\/\\\/secure.gravatar.com\\\/avatar\\\/78a7f90c01fc2bfc875782a0d4922b37cde2cf184ce347b91316d23cd7f69a36?s=96&d=mm&r=g\",\"caption\":\"galledia\"},\"sameAs\":[\"https:\\\/\\\/x.com\\\/admin\"],\"url\":\"https:\\\/\\\/www.organisator.ch\\\/de\\\/author\\\/galledia\\\/\"}]}<\/script>\n<!-- \/ Yoast SEO plugin. -->","yoast_head_json":{"title":"Was bedeutet eigentlich\u2026 \u00abTrilemma\u00bb? - Organisator","description":"Benno Maggi erkl\u00e4rt in seiner Kolumne \u00abWas bedeutet eigentlich...?\u00bb Begriffe aus dem Marketing- und Kommunikationsbereich.","robots":{"index":"index","follow":"follow","max-snippet":"max-snippet:-1","max-image-preview":"max-image-preview:large","max-video-preview":"max-video-preview:-1"},"canonical":"https:\/\/www.werbewoche.ch\/de\/marketing\/was-bedeutet-eigentlich\/2022-03-16\/was-bedeutet-eigentlich-trilemma\/","og_locale":"de_DE","og_type":"article","og_title":"Was bedeutet eigentlich\u2026 \u00abTrilemma\u00bb? - Organisator","og_description":"Benno Maggi erkl\u00e4rt in seiner Kolumne \u00abWas bedeutet eigentlich...?\u00bb Begriffe aus dem Marketing- und Kommunikationsbereich.","og_url":"https:\/\/www.werbewoche.ch\/de\/marketing\/was-bedeutet-eigentlich\/2022-03-16\/was-bedeutet-eigentlich-trilemma\/","og_site_name":"Organisator","article_publisher":"https:\/\/www.facebook.com\/OrganisatorFachmagazin","article_published_time":"2022-03-16T21:58:28+00:00","article_modified_time":"2022-08-01T10:46:39+00:00","og_image":[{"url":"https:\/\/www.werbewoche.ch\/wp-content\/uploads\/2021\/10\/kolumne_pnp_wasnedeuteteigentlich.jpg","type":"","width":"","height":""}],"author":"galledia","twitter_card":"summary_large_image","twitter_creator":"@admin","schema":{"@context":"https:\/\/schema.org","@graph":[{"@type":"Article","@id":"https:\/\/www.werbewoche.ch\/de\/marketing\/was-bedeutet-eigentlich\/2022-03-16\/was-bedeutet-eigentlich-trilemma\/#article","isPartOf":{"@id":"https:\/\/www.organisator.ch\/marketing\/2022-03-16\/was-bedeutet-eigentlich-trilemma\/"},"author":{"name":"galledia","@id":"https:\/\/www.organisator.ch\/#\/schema\/person\/4e51799071cd2dd1232ac003643ef5f0"},"headline":"Was bedeutet eigentlich\u2026 \u00abTrilemma\u00bb?","datePublished":"2022-03-16T21:58:28+00:00","dateModified":"2022-08-01T10:46:39+00:00","mainEntityOfPage":{"@id":"https:\/\/www.organisator.ch\/marketing\/2022-03-16\/was-bedeutet-eigentlich-trilemma\/"},"wordCount":389,"publisher":{"@id":"https:\/\/www.organisator.ch\/#organization"},"image":{"@id":"https:\/\/www.werbewoche.ch\/de\/marketing\/was-bedeutet-eigentlich\/2022-03-16\/was-bedeutet-eigentlich-trilemma\/#primaryimage"},"thumbnailUrl":"https:\/\/www.werbewoche.ch\/wp-content\/uploads\/2021\/10\/kolumne_pnp_wasnedeuteteigentlich.jpg","keywords":["Trilemma"],"articleSection":["MARKETING"],"inLanguage":"de"},{"@type":"WebPage","@id":"https:\/\/www.organisator.ch\/marketing\/2022-03-16\/was-bedeutet-eigentlich-trilemma\/","url":"https:\/\/www.werbewoche.ch\/de\/marketing\/was-bedeutet-eigentlich\/2022-03-16\/was-bedeutet-eigentlich-trilemma\/","name":"Was bedeutet eigentlich\u2026 \u00abTrilemma\u00bb? - Organisator","isPartOf":{"@id":"https:\/\/www.organisator.ch\/#website"},"primaryImageOfPage":{"@id":"https:\/\/www.werbewoche.ch\/de\/marketing\/was-bedeutet-eigentlich\/2022-03-16\/was-bedeutet-eigentlich-trilemma\/#primaryimage"},"image":{"@id":"https:\/\/www.werbewoche.ch\/de\/marketing\/was-bedeutet-eigentlich\/2022-03-16\/was-bedeutet-eigentlich-trilemma\/#primaryimage"},"thumbnailUrl":"https:\/\/www.werbewoche.ch\/wp-content\/uploads\/2021\/10\/kolumne_pnp_wasnedeuteteigentlich.jpg","datePublished":"2022-03-16T21:58:28+00:00","dateModified":"2022-08-01T10:46:39+00:00","description":"Benno Maggi erkl\u00e4rt in seiner Kolumne \u00abWas bedeutet eigentlich...?\u00bb Begriffe aus dem Marketing- und Kommunikationsbereich.","breadcrumb":{"@id":"https:\/\/www.werbewoche.ch\/de\/marketing\/was-bedeutet-eigentlich\/2022-03-16\/was-bedeutet-eigentlich-trilemma\/#breadcrumb"},"inLanguage":"de","potentialAction":[{"@type":"ReadAction","target":["https:\/\/www.werbewoche.ch\/de\/marketing\/was-bedeutet-eigentlich\/2022-03-16\/was-bedeutet-eigentlich-trilemma\/"]}]},{"@type":"ImageObject","inLanguage":"de","@id":"https:\/\/www.werbewoche.ch\/de\/marketing\/was-bedeutet-eigentlich\/2022-03-16\/was-bedeutet-eigentlich-trilemma\/#primaryimage","url":"https:\/\/www.werbewoche.ch\/wp-content\/uploads\/2021\/10\/kolumne_pnp_wasnedeuteteigentlich.jpg","contentUrl":"https:\/\/www.werbewoche.ch\/wp-content\/uploads\/2021\/10\/kolumne_pnp_wasnedeuteteigentlich.jpg"},{"@type":"BreadcrumbList","@id":"https:\/\/www.werbewoche.ch\/de\/marketing\/was-bedeutet-eigentlich\/2022-03-16\/was-bedeutet-eigentlich-trilemma\/#breadcrumb","itemListElement":[{"@type":"ListItem","position":1,"name":"Home","item":"https:\/\/www.organisator.ch\/"},{"@type":"ListItem","position":2,"name":"Was bedeutet eigentlich\u2026 \u00abTrilemma\u00bb?"}]},{"@type":"WebSite","@id":"https:\/\/www.organisator.ch\/#website","url":"https:\/\/www.organisator.ch\/","name":"Organisator","description":"Kompetent. Praxisnah. Der ORGANISATOR bereitet in 10 Ausgaben pro Jahr die wesentlichen Themen f\u00fcr F\u00fchrungskr\u00e4fte von KMU auf.","publisher":{"@id":"https:\/\/www.organisator.ch\/#organization"},"potentialAction":[{"@type":"SearchAction","target":{"@type":"EntryPoint","urlTemplate":"https:\/\/www.organisator.ch\/?s={search_term_string}"},"query-input":{"@type":"PropertyValueSpecification","valueRequired":true,"valueName":"search_term_string"}}],"inLanguage":"de"},{"@type":"Organization","@id":"https:\/\/www.organisator.ch\/#organization","name":"Organisator","url":"https:\/\/www.organisator.ch\/","logo":{"@type":"ImageObject","inLanguage":"de","@id":"https:\/\/www.organisator.ch\/#\/schema\/logo\/image\/","url":"https:\/\/www.organisator.ch\/wp-content\/uploads\/2022\/01\/Logo_Organisator_Website.png","contentUrl":"https:\/\/www.organisator.ch\/wp-content\/uploads\/2022\/01\/Logo_Organisator_Website.png","width":800,"height":77,"caption":"Organisator"},"image":{"@id":"https:\/\/www.organisator.ch\/#\/schema\/logo\/image\/"},"sameAs":["https:\/\/www.facebook.com\/OrganisatorFachmagazin","https:\/\/www.linkedin.com\/showcase\/organisator-das-magazin-fr-kmu","https:\/\/www.xing.com\/news\/pages\/organisator-ch-695","https:\/\/www.youtube.com\/channel\/UCGP2Sq0iWaZwT3BdIAQFYpw"]},{"@type":"Person","@id":"https:\/\/www.organisator.ch\/#\/schema\/person\/4e51799071cd2dd1232ac003643ef5f0","name":"galledia","image":{"@type":"ImageObject","inLanguage":"de","@id":"https:\/\/secure.gravatar.com\/avatar\/78a7f90c01fc2bfc875782a0d4922b37cde2cf184ce347b91316d23cd7f69a36?s=96&d=mm&r=g","url":"https:\/\/secure.gravatar.com\/avatar\/78a7f90c01fc2bfc875782a0d4922b37cde2cf184ce347b91316d23cd7f69a36?s=96&d=mm&r=g","contentUrl":"https:\/\/secure.gravatar.com\/avatar\/78a7f90c01fc2bfc875782a0d4922b37cde2cf184ce347b91316d23cd7f69a36?s=96&d=mm&r=g","caption":"galledia"},"sameAs":["https:\/\/x.com\/admin"],"url":"https:\/\/www.organisator.ch\/de\/author\/galledia\/"}]}},"_links":{"self":[{"href":"https:\/\/www.organisator.ch\/de\/wp-json\/wp\/v2\/posts\/12155","targetHints":{"allow":["GET"]}}],"collection":[{"href":"https:\/\/www.organisator.ch\/de\/wp-json\/wp\/v2\/posts"}],"about":[{"href":"https:\/\/www.organisator.ch\/de\/wp-json\/wp\/v2\/types\/post"}],"author":[{"embeddable":true,"href":"https:\/\/www.organisator.ch\/de\/wp-json\/wp\/v2\/users\/8"}],"replies":[{"embeddable":true,"href":"https:\/\/www.organisator.ch\/de\/wp-json\/wp\/v2\/comments?post=12155"}],"version-history":[{"count":3,"href":"https:\/\/www.organisator.ch\/de\/wp-json\/wp\/v2\/posts\/12155\/revisions"}],"predecessor-version":[{"id":16029,"href":"https:\/\/www.organisator.ch\/de\/wp-json\/wp\/v2\/posts\/12155\/revisions\/16029"}],"wp:attachment":[{"href":"https:\/\/www.organisator.ch\/de\/wp-json\/wp\/v2\/media?parent=12155"}],"wp:term":[{"taxonomy":"category","embeddable":true,"href":"https:\/\/www.organisator.ch\/de\/wp-json\/wp\/v2\/categories?post=12155"},{"taxonomy":"post_tag","embeddable":true,"href":"https:\/\/www.organisator.ch\/de\/wp-json\/wp\/v2\/tags?post=12155"}],"curies":[{"name":"wp","href":"https:\/\/api.w.org\/{rel}","templated":true}]}}