{"id":12164,"date":"2022-03-17T08:47:11","date_gmt":"2022-03-17T07:47:11","guid":{"rendered":"https:\/\/www.werbewoche.ch\/?p=167408"},"modified":"2022-08-01T13:40:58","modified_gmt":"2022-08-01T11:40:58","slug":"marius-bear-wird-markenbotschafter-fuer-eventfrog","status":"publish","type":"post","link":"https:\/\/www.organisator.ch\/de\/marketing\/2022-03-17\/marius-bear-wird-markenbotschafter-fuer-eventfrog\/","title":{"rendered":"Marius Bear wird Markenbotschafter f\u00fcr Eventfrog"},"content":{"rendered":"<img class=\"aligncenter wp-image-167409 size-full\" src=\"https:\/\/www.werbewoche.ch\/wp-content\/uploads\/2022\/03\/MariusBear_Eventfrog_Markenbotschafter.jpg\" alt=\"Eventfrog\" width=\"1200\" height=\"900\" \/>\r\n\r\nAm Donnerstag hat das Startup die Partnerschaft mit dem ESC-S\u00e4nger in einer Mitteilung bekanntgegeben. Durch die Zusammenarbeit zwischen Marius Bear und Eventfrog habe der S\u00e4nger Zugriff auf eine ideale Werbeplattform f\u00fcr sein Album und die zugeh\u00f6rigen Tourneen in der Schweiz, heisst es. \u00abIch freue mich riesig auf die Zusammenarbeit und darauf, Markenbotschafter zu werden. Eventfrog setzt sich f\u00fcr die Kulturlandschaft und uns K\u00fcnstler ein. Da kann ich mit ganzem Herzen dahinterstehen und mich f\u00fcr die Event-Revolution einsetzen\u00bb, so Bear zur die Kollaboration.\r\n<h3><strong>Werte und Ziele verbinden<\/strong><\/h3>\r\nMarius Bear ist nicht der erste Botschafter von Eventfrog. Der Gitarrist Zlatko Perica, besser bekannt als Sl\u00e4du, ist bereits 2021 zum Startup gestossen. Wieso die Wahl auf Marius Bear als Botschafter fiel, ist laut Sl\u00e4du offensichtlich: \u00abMarius Bear steht f\u00fcr mich f\u00fcr die die gleichen Werte wie Eventfrog: ein Vision\u00e4r, innovativ, k\u00e4mpferisch, und kulturell engagiert. Der Match ist f\u00fcr mich passender, als ich es mir h\u00e4tte tr\u00e4umen k\u00f6nnen. Genau wie Eventfrog ist er ein sympathischer, aufstrebender Underdog mit internationalem Potenzial.\u00bb\r\n\r\nMarius Bear, der mit b\u00fcrgerlichem Namen H\u00fcgli heisst, ist bei Appenzell aufgewachsen. Erst mit Anfang 20 kam er zur Musik, nachdem er in der Rekrutenschule Komplimente zu seiner Stimme bekam. Anfangs versuchte er sein Gl\u00fcck als Strassenmusiker, bevor es ihn nach London an die British and Irish Modern Music School zog, um dort Musik zu studieren. 2019 wurde er mit dem Swiss Music Award ausgezeichnet, 2022 vertritt er die Schweiz beim Eurovision Song Contest.","protected":false},"excerpt":{"rendered":"<p>Am Donnerstag hat das Startup die Partnerschaft mit dem ESC-S\u00e4nger in einer Mitteilung bekanntgegeben. Durch die Zusammenarbeit zwischen Marius Bear und Eventfrog habe der S\u00e4nger Zugriff auf eine ideale Werbeplattform f\u00fcr sein Album und die zugeh\u00f6rigen Tourneen in der Schweiz, heisst es. \u00abIch freue mich riesig auf die Zusammenarbeit und darauf, Markenbotschafter zu werden. Eventfrog [\u2026]<\/p>\n","protected":false},"author":8,"featured_media":0,"comment_status":"closed","ping_status":"closed","sticky":false,"template":"","format":"standard","meta":{"_acf_changed":false,"_yoast_wpseo_focuskw":"Eventfrog","_yoast_wpseo_metadesc":"Das Oltner Start-up Eventfrog findet mit Marius Bear einen prominenten Unterst\u00fctzer. Als Markenbotschafter von Eventfrog will der Pop-S\u00e4nger das Event- und Ticketing-Unternehmen bekannter machen.","articlekey":"","footnotes":""},"categories":[29],"tags":[2751,2752],"class_list":["post-12164","post","type-post","status-publish","format-standard","hentry","category-marketing","tag-eventfrog","tag-markenbotschafter"],"acf":[],"yoast_head":"<!-- This site is optimized with the Yoast SEO plugin v27.5 - https:\/\/yoast.com\/product\/yoast-seo-wordpress\/ -->\n<title>Marius Bear wird Markenbotschafter f\u00fcr Eventfrog - Organisator<\/title>\n<meta name=\"description\" content=\"Das Oltner Start-up Eventfrog findet mit Marius Bear einen prominenten Unterst\u00fctzer. Als Markenbotschafter von Eventfrog will der Pop-S\u00e4nger das Event- und Ticketing-Unternehmen bekannter machen.\" \/>\n<meta name=\"robots\" content=\"index, follow, max-snippet:-1, max-image-preview:large, max-video-preview:-1\" \/>\n<link rel=\"canonical\" href=\"https:\/\/www.werbewoche.ch\/de\/marketing\/marken\/2022-03-17\/marius-bear-wird-markenbotschafter-fuer-eventfrog\/\" \/>\n<meta property=\"og:locale\" content=\"de_DE\" \/>\n<meta property=\"og:type\" content=\"article\" \/>\n<meta property=\"og:title\" content=\"Marius Bear wird Markenbotschafter f\u00fcr Eventfrog - Organisator\" \/>\n<meta property=\"og:description\" content=\"Das Oltner Start-up Eventfrog findet mit Marius Bear einen prominenten Unterst\u00fctzer. Als Markenbotschafter von Eventfrog will der Pop-S\u00e4nger das Event- und Ticketing-Unternehmen bekannter machen.\" \/>\n<meta property=\"og:url\" content=\"https:\/\/www.werbewoche.ch\/de\/marketing\/marken\/2022-03-17\/marius-bear-wird-markenbotschafter-fuer-eventfrog\/\" \/>\n<meta property=\"og:site_name\" content=\"Organisator\" \/>\n<meta property=\"article:publisher\" content=\"https:\/\/www.facebook.com\/OrganisatorFachmagazin\" \/>\n<meta property=\"article:published_time\" content=\"2022-03-17T07:47:11+00:00\" \/>\n<meta property=\"article:modified_time\" content=\"2022-08-01T11:40:58+00:00\" \/>\n<meta property=\"og:image\" content=\"https:\/\/www.werbewoche.ch\/wp-content\/uploads\/2022\/03\/MariusBear_Eventfrog_Markenbotschafter.jpg\" \/>\n<meta name=\"author\" content=\"galledia\" \/>\n<meta name=\"twitter:card\" content=\"summary_large_image\" \/>\n<meta name=\"twitter:creator\" content=\"@admin\" \/>\n<script type=\"application\/ld+json\" class=\"yoast-schema-graph\">{\"@context\":\"https:\\\/\\\/schema.org\",\"@graph\":[{\"@type\":\"Article\",\"@id\":\"https:\\\/\\\/www.werbewoche.ch\\\/de\\\/marketing\\\/marken\\\/2022-03-17\\\/marius-bear-wird-markenbotschafter-fuer-eventfrog\\\/#article\",\"isPartOf\":{\"@id\":\"https:\\\/\\\/www.organisator.ch\\\/marketing\\\/2022-03-17\\\/marius-bear-wird-markenbotschafter-fuer-eventfrog\\\/\"},\"author\":{\"name\":\"galledia\",\"@id\":\"https:\\\/\\\/www.organisator.ch\\\/#\\\/schema\\\/person\\\/4e51799071cd2dd1232ac003643ef5f0\"},\"headline\":\"Marius Bear wird Markenbotschafter f\u00fcr Eventfrog\",\"datePublished\":\"2022-03-17T07:47:11+00:00\",\"dateModified\":\"2022-08-01T11:40:58+00:00\",\"mainEntityOfPage\":{\"@id\":\"https:\\\/\\\/www.organisator.ch\\\/marketing\\\/2022-03-17\\\/marius-bear-wird-markenbotschafter-fuer-eventfrog\\\/\"},\"wordCount\":263,\"publisher\":{\"@id\":\"https:\\\/\\\/www.organisator.ch\\\/#organization\"},\"image\":{\"@id\":\"https:\\\/\\\/www.werbewoche.ch\\\/de\\\/marketing\\\/marken\\\/2022-03-17\\\/marius-bear-wird-markenbotschafter-fuer-eventfrog\\\/#primaryimage\"},\"thumbnailUrl\":\"https:\\\/\\\/www.werbewoche.ch\\\/wp-content\\\/uploads\\\/2022\\\/03\\\/MariusBear_Eventfrog_Markenbotschafter.jpg\",\"keywords\":[\"Eventfrog\",\"Markenbotschafter\"],\"articleSection\":[\"MARKETING\"],\"inLanguage\":\"de\"},{\"@type\":\"WebPage\",\"@id\":\"https:\\\/\\\/www.organisator.ch\\\/marketing\\\/2022-03-17\\\/marius-bear-wird-markenbotschafter-fuer-eventfrog\\\/\",\"url\":\"https:\\\/\\\/www.werbewoche.ch\\\/de\\\/marketing\\\/marken\\\/2022-03-17\\\/marius-bear-wird-markenbotschafter-fuer-eventfrog\\\/\",\"name\":\"Marius Bear wird Markenbotschafter f\u00fcr Eventfrog - Organisator\",\"isPartOf\":{\"@id\":\"https:\\\/\\\/www.organisator.ch\\\/#website\"},\"primaryImageOfPage\":{\"@id\":\"https:\\\/\\\/www.werbewoche.ch\\\/de\\\/marketing\\\/marken\\\/2022-03-17\\\/marius-bear-wird-markenbotschafter-fuer-eventfrog\\\/#primaryimage\"},\"image\":{\"@id\":\"https:\\\/\\\/www.werbewoche.ch\\\/de\\\/marketing\\\/marken\\\/2022-03-17\\\/marius-bear-wird-markenbotschafter-fuer-eventfrog\\\/#primaryimage\"},\"thumbnailUrl\":\"https:\\\/\\\/www.werbewoche.ch\\\/wp-content\\\/uploads\\\/2022\\\/03\\\/MariusBear_Eventfrog_Markenbotschafter.jpg\",\"datePublished\":\"2022-03-17T07:47:11+00:00\",\"dateModified\":\"2022-08-01T11:40:58+00:00\",\"description\":\"Das Oltner Start-up Eventfrog findet mit Marius Bear einen prominenten Unterst\u00fctzer. Als Markenbotschafter von Eventfrog will der Pop-S\u00e4nger das Event- und Ticketing-Unternehmen bekannter machen.\",\"breadcrumb\":{\"@id\":\"https:\\\/\\\/www.werbewoche.ch\\\/de\\\/marketing\\\/marken\\\/2022-03-17\\\/marius-bear-wird-markenbotschafter-fuer-eventfrog\\\/#breadcrumb\"},\"inLanguage\":\"de\",\"potentialAction\":[{\"@type\":\"ReadAction\",\"target\":[\"https:\\\/\\\/www.werbewoche.ch\\\/de\\\/marketing\\\/marken\\\/2022-03-17\\\/marius-bear-wird-markenbotschafter-fuer-eventfrog\\\/\"]}]},{\"@type\":\"ImageObject\",\"inLanguage\":\"de\",\"@id\":\"https:\\\/\\\/www.werbewoche.ch\\\/de\\\/marketing\\\/marken\\\/2022-03-17\\\/marius-bear-wird-markenbotschafter-fuer-eventfrog\\\/#primaryimage\",\"url\":\"https:\\\/\\\/www.werbewoche.ch\\\/wp-content\\\/uploads\\\/2022\\\/03\\\/MariusBear_Eventfrog_Markenbotschafter.jpg\",\"contentUrl\":\"https:\\\/\\\/www.werbewoche.ch\\\/wp-content\\\/uploads\\\/2022\\\/03\\\/MariusBear_Eventfrog_Markenbotschafter.jpg\"},{\"@type\":\"BreadcrumbList\",\"@id\":\"https:\\\/\\\/www.werbewoche.ch\\\/de\\\/marketing\\\/marken\\\/2022-03-17\\\/marius-bear-wird-markenbotschafter-fuer-eventfrog\\\/#breadcrumb\",\"itemListElement\":[{\"@type\":\"ListItem\",\"position\":1,\"name\":\"Home\",\"item\":\"https:\\\/\\\/www.organisator.ch\\\/\"},{\"@type\":\"ListItem\",\"position\":2,\"name\":\"Marius Bear wird Markenbotschafter f\u00fcr Eventfrog\"}]},{\"@type\":\"WebSite\",\"@id\":\"https:\\\/\\\/www.organisator.ch\\\/#website\",\"url\":\"https:\\\/\\\/www.organisator.ch\\\/\",\"name\":\"Organisator\",\"description\":\"Kompetent. Praxisnah. Der ORGANISATOR bereitet in 10 Ausgaben pro Jahr die wesentlichen Themen f\u00fcr F\u00fchrungskr\u00e4fte von KMU auf.\",\"publisher\":{\"@id\":\"https:\\\/\\\/www.organisator.ch\\\/#organization\"},\"potentialAction\":[{\"@type\":\"SearchAction\",\"target\":{\"@type\":\"EntryPoint\",\"urlTemplate\":\"https:\\\/\\\/www.organisator.ch\\\/?s={search_term_string}\"},\"query-input\":{\"@type\":\"PropertyValueSpecification\",\"valueRequired\":true,\"valueName\":\"search_term_string\"}}],\"inLanguage\":\"de\"},{\"@type\":\"Organization\",\"@id\":\"https:\\\/\\\/www.organisator.ch\\\/#organization\",\"name\":\"Organisator\",\"url\":\"https:\\\/\\\/www.organisator.ch\\\/\",\"logo\":{\"@type\":\"ImageObject\",\"inLanguage\":\"de\",\"@id\":\"https:\\\/\\\/www.organisator.ch\\\/#\\\/schema\\\/logo\\\/image\\\/\",\"url\":\"https:\\\/\\\/www.organisator.ch\\\/wp-content\\\/uploads\\\/2022\\\/01\\\/Logo_Organisator_Website.png\",\"contentUrl\":\"https:\\\/\\\/www.organisator.ch\\\/wp-content\\\/uploads\\\/2022\\\/01\\\/Logo_Organisator_Website.png\",\"width\":800,\"height\":77,\"caption\":\"Organisator\"},\"image\":{\"@id\":\"https:\\\/\\\/www.organisator.ch\\\/#\\\/schema\\\/logo\\\/image\\\/\"},\"sameAs\":[\"https:\\\/\\\/www.facebook.com\\\/OrganisatorFachmagazin\",\"https:\\\/\\\/www.linkedin.com\\\/showcase\\\/organisator-das-magazin-fr-kmu\",\"https:\\\/\\\/www.xing.com\\\/news\\\/pages\\\/organisator-ch-695\",\"https:\\\/\\\/www.youtube.com\\\/channel\\\/UCGP2Sq0iWaZwT3BdIAQFYpw\"]},{\"@type\":\"Person\",\"@id\":\"https:\\\/\\\/www.organisator.ch\\\/#\\\/schema\\\/person\\\/4e51799071cd2dd1232ac003643ef5f0\",\"name\":\"galledia\",\"image\":{\"@type\":\"ImageObject\",\"inLanguage\":\"de\",\"@id\":\"https:\\\/\\\/secure.gravatar.com\\\/avatar\\\/78a7f90c01fc2bfc875782a0d4922b37cde2cf184ce347b91316d23cd7f69a36?s=96&d=mm&r=g\",\"url\":\"https:\\\/\\\/secure.gravatar.com\\\/avatar\\\/78a7f90c01fc2bfc875782a0d4922b37cde2cf184ce347b91316d23cd7f69a36?s=96&d=mm&r=g\",\"contentUrl\":\"https:\\\/\\\/secure.gravatar.com\\\/avatar\\\/78a7f90c01fc2bfc875782a0d4922b37cde2cf184ce347b91316d23cd7f69a36?s=96&d=mm&r=g\",\"caption\":\"galledia\"},\"sameAs\":[\"https:\\\/\\\/x.com\\\/admin\"],\"url\":\"https:\\\/\\\/www.organisator.ch\\\/de\\\/author\\\/galledia\\\/\"}]}<\/script>\n<!-- \/ Yoast SEO plugin. -->","yoast_head_json":{"title":"Marius Bear wird Markenbotschafter f\u00fcr Eventfrog - Organisator","description":"Das Oltner Start-up Eventfrog findet mit Marius Bear einen prominenten Unterst\u00fctzer. Als Markenbotschafter von Eventfrog will der Pop-S\u00e4nger das Event- und Ticketing-Unternehmen bekannter machen.","robots":{"index":"index","follow":"follow","max-snippet":"max-snippet:-1","max-image-preview":"max-image-preview:large","max-video-preview":"max-video-preview:-1"},"canonical":"https:\/\/www.werbewoche.ch\/de\/marketing\/marken\/2022-03-17\/marius-bear-wird-markenbotschafter-fuer-eventfrog\/","og_locale":"de_DE","og_type":"article","og_title":"Marius Bear wird Markenbotschafter f\u00fcr Eventfrog - Organisator","og_description":"Das Oltner Start-up Eventfrog findet mit Marius Bear einen prominenten Unterst\u00fctzer. Als Markenbotschafter von Eventfrog will der Pop-S\u00e4nger das Event- und Ticketing-Unternehmen bekannter machen.","og_url":"https:\/\/www.werbewoche.ch\/de\/marketing\/marken\/2022-03-17\/marius-bear-wird-markenbotschafter-fuer-eventfrog\/","og_site_name":"Organisator","article_publisher":"https:\/\/www.facebook.com\/OrganisatorFachmagazin","article_published_time":"2022-03-17T07:47:11+00:00","article_modified_time":"2022-08-01T11:40:58+00:00","og_image":[{"url":"https:\/\/www.werbewoche.ch\/wp-content\/uploads\/2022\/03\/MariusBear_Eventfrog_Markenbotschafter.jpg","type":"","width":"","height":""}],"author":"galledia","twitter_card":"summary_large_image","twitter_creator":"@admin","schema":{"@context":"https:\/\/schema.org","@graph":[{"@type":"Article","@id":"https:\/\/www.werbewoche.ch\/de\/marketing\/marken\/2022-03-17\/marius-bear-wird-markenbotschafter-fuer-eventfrog\/#article","isPartOf":{"@id":"https:\/\/www.organisator.ch\/marketing\/2022-03-17\/marius-bear-wird-markenbotschafter-fuer-eventfrog\/"},"author":{"name":"galledia","@id":"https:\/\/www.organisator.ch\/#\/schema\/person\/4e51799071cd2dd1232ac003643ef5f0"},"headline":"Marius Bear wird Markenbotschafter f\u00fcr Eventfrog","datePublished":"2022-03-17T07:47:11+00:00","dateModified":"2022-08-01T11:40:58+00:00","mainEntityOfPage":{"@id":"https:\/\/www.organisator.ch\/marketing\/2022-03-17\/marius-bear-wird-markenbotschafter-fuer-eventfrog\/"},"wordCount":263,"publisher":{"@id":"https:\/\/www.organisator.ch\/#organization"},"image":{"@id":"https:\/\/www.werbewoche.ch\/de\/marketing\/marken\/2022-03-17\/marius-bear-wird-markenbotschafter-fuer-eventfrog\/#primaryimage"},"thumbnailUrl":"https:\/\/www.werbewoche.ch\/wp-content\/uploads\/2022\/03\/MariusBear_Eventfrog_Markenbotschafter.jpg","keywords":["Eventfrog","Markenbotschafter"],"articleSection":["MARKETING"],"inLanguage":"de"},{"@type":"WebPage","@id":"https:\/\/www.organisator.ch\/marketing\/2022-03-17\/marius-bear-wird-markenbotschafter-fuer-eventfrog\/","url":"https:\/\/www.werbewoche.ch\/de\/marketing\/marken\/2022-03-17\/marius-bear-wird-markenbotschafter-fuer-eventfrog\/","name":"Marius Bear wird Markenbotschafter f\u00fcr Eventfrog - Organisator","isPartOf":{"@id":"https:\/\/www.organisator.ch\/#website"},"primaryImageOfPage":{"@id":"https:\/\/www.werbewoche.ch\/de\/marketing\/marken\/2022-03-17\/marius-bear-wird-markenbotschafter-fuer-eventfrog\/#primaryimage"},"image":{"@id":"https:\/\/www.werbewoche.ch\/de\/marketing\/marken\/2022-03-17\/marius-bear-wird-markenbotschafter-fuer-eventfrog\/#primaryimage"},"thumbnailUrl":"https:\/\/www.werbewoche.ch\/wp-content\/uploads\/2022\/03\/MariusBear_Eventfrog_Markenbotschafter.jpg","datePublished":"2022-03-17T07:47:11+00:00","dateModified":"2022-08-01T11:40:58+00:00","description":"Das Oltner Start-up Eventfrog findet mit Marius Bear einen prominenten Unterst\u00fctzer. Als Markenbotschafter von Eventfrog will der Pop-S\u00e4nger das Event- und Ticketing-Unternehmen bekannter machen.","breadcrumb":{"@id":"https:\/\/www.werbewoche.ch\/de\/marketing\/marken\/2022-03-17\/marius-bear-wird-markenbotschafter-fuer-eventfrog\/#breadcrumb"},"inLanguage":"de","potentialAction":[{"@type":"ReadAction","target":["https:\/\/www.werbewoche.ch\/de\/marketing\/marken\/2022-03-17\/marius-bear-wird-markenbotschafter-fuer-eventfrog\/"]}]},{"@type":"ImageObject","inLanguage":"de","@id":"https:\/\/www.werbewoche.ch\/de\/marketing\/marken\/2022-03-17\/marius-bear-wird-markenbotschafter-fuer-eventfrog\/#primaryimage","url":"https:\/\/www.werbewoche.ch\/wp-content\/uploads\/2022\/03\/MariusBear_Eventfrog_Markenbotschafter.jpg","contentUrl":"https:\/\/www.werbewoche.ch\/wp-content\/uploads\/2022\/03\/MariusBear_Eventfrog_Markenbotschafter.jpg"},{"@type":"BreadcrumbList","@id":"https:\/\/www.werbewoche.ch\/de\/marketing\/marken\/2022-03-17\/marius-bear-wird-markenbotschafter-fuer-eventfrog\/#breadcrumb","itemListElement":[{"@type":"ListItem","position":1,"name":"Home","item":"https:\/\/www.organisator.ch\/"},{"@type":"ListItem","position":2,"name":"Marius Bear wird Markenbotschafter f\u00fcr Eventfrog"}]},{"@type":"WebSite","@id":"https:\/\/www.organisator.ch\/#website","url":"https:\/\/www.organisator.ch\/","name":"Organisator","description":"Kompetent. Praxisnah. Der ORGANISATOR bereitet in 10 Ausgaben pro Jahr die wesentlichen Themen f\u00fcr F\u00fchrungskr\u00e4fte von KMU auf.","publisher":{"@id":"https:\/\/www.organisator.ch\/#organization"},"potentialAction":[{"@type":"SearchAction","target":{"@type":"EntryPoint","urlTemplate":"https:\/\/www.organisator.ch\/?s={search_term_string}"},"query-input":{"@type":"PropertyValueSpecification","valueRequired":true,"valueName":"search_term_string"}}],"inLanguage":"de"},{"@type":"Organization","@id":"https:\/\/www.organisator.ch\/#organization","name":"Organisator","url":"https:\/\/www.organisator.ch\/","logo":{"@type":"ImageObject","inLanguage":"de","@id":"https:\/\/www.organisator.ch\/#\/schema\/logo\/image\/","url":"https:\/\/www.organisator.ch\/wp-content\/uploads\/2022\/01\/Logo_Organisator_Website.png","contentUrl":"https:\/\/www.organisator.ch\/wp-content\/uploads\/2022\/01\/Logo_Organisator_Website.png","width":800,"height":77,"caption":"Organisator"},"image":{"@id":"https:\/\/www.organisator.ch\/#\/schema\/logo\/image\/"},"sameAs":["https:\/\/www.facebook.com\/OrganisatorFachmagazin","https:\/\/www.linkedin.com\/showcase\/organisator-das-magazin-fr-kmu","https:\/\/www.xing.com\/news\/pages\/organisator-ch-695","https:\/\/www.youtube.com\/channel\/UCGP2Sq0iWaZwT3BdIAQFYpw"]},{"@type":"Person","@id":"https:\/\/www.organisator.ch\/#\/schema\/person\/4e51799071cd2dd1232ac003643ef5f0","name":"galledia","image":{"@type":"ImageObject","inLanguage":"de","@id":"https:\/\/secure.gravatar.com\/avatar\/78a7f90c01fc2bfc875782a0d4922b37cde2cf184ce347b91316d23cd7f69a36?s=96&d=mm&r=g","url":"https:\/\/secure.gravatar.com\/avatar\/78a7f90c01fc2bfc875782a0d4922b37cde2cf184ce347b91316d23cd7f69a36?s=96&d=mm&r=g","contentUrl":"https:\/\/secure.gravatar.com\/avatar\/78a7f90c01fc2bfc875782a0d4922b37cde2cf184ce347b91316d23cd7f69a36?s=96&d=mm&r=g","caption":"galledia"},"sameAs":["https:\/\/x.com\/admin"],"url":"https:\/\/www.organisator.ch\/de\/author\/galledia\/"}]}},"_links":{"self":[{"href":"https:\/\/www.organisator.ch\/de\/wp-json\/wp\/v2\/posts\/12164","targetHints":{"allow":["GET"]}}],"collection":[{"href":"https:\/\/www.organisator.ch\/de\/wp-json\/wp\/v2\/posts"}],"about":[{"href":"https:\/\/www.organisator.ch\/de\/wp-json\/wp\/v2\/types\/post"}],"author":[{"embeddable":true,"href":"https:\/\/www.organisator.ch\/de\/wp-json\/wp\/v2\/users\/8"}],"replies":[{"embeddable":true,"href":"https:\/\/www.organisator.ch\/de\/wp-json\/wp\/v2\/comments?post=12164"}],"version-history":[{"count":3,"href":"https:\/\/www.organisator.ch\/de\/wp-json\/wp\/v2\/posts\/12164\/revisions"}],"predecessor-version":[{"id":16041,"href":"https:\/\/www.organisator.ch\/de\/wp-json\/wp\/v2\/posts\/12164\/revisions\/16041"}],"wp:attachment":[{"href":"https:\/\/www.organisator.ch\/de\/wp-json\/wp\/v2\/media?parent=12164"}],"wp:term":[{"taxonomy":"category","embeddable":true,"href":"https:\/\/www.organisator.ch\/de\/wp-json\/wp\/v2\/categories?post=12164"},{"taxonomy":"post_tag","embeddable":true,"href":"https:\/\/www.organisator.ch\/de\/wp-json\/wp\/v2\/tags?post=12164"}],"curies":[{"name":"wp","href":"https:\/\/api.w.org\/{rel}","templated":true}]}}