{"id":12176,"date":"2022-03-18T10:35:03","date_gmt":"2022-03-18T09:35:03","guid":{"rendered":"https:\/\/www.organisator.ch\/?p=12176"},"modified":"2022-03-25T09:01:45","modified_gmt":"2022-03-25T08:01:45","slug":"bundesraetin-viola-amherd-am-kmu-swiss-symposium-nicht-in-panik-verfallen","status":"publish","type":"post","link":"https:\/\/www.organisator.ch\/de\/management\/2022-03-18\/bundesraetin-viola-amherd-am-kmu-swiss-symposium-nicht-in-panik-verfallen\/","title":{"rendered":"Bundesr\u00e4tin Viola Amherd am KMU Swiss Symposium: \u00abNicht in Panik verfallen\u00bb"},"content":{"rendered":"<figure id=\"attachment_12177\" aria-describedby=\"caption-attachment-12177\" style=\"width: 680px\" class=\"wp-caption alignnone\"><img loading=\"lazy\" decoding=\"async\" class=\"size-full wp-image-12177\" src=\"https:\/\/www.organisator.ch\/wp-content\/uploads\/2022\/03\/Bundesraetin-Viola-Amherd-am-KMU-Swiss-Symposium-Nicht-in-Panik-verfallen-1_Organisator.jpg\" alt=\"\" width=\"680\" height=\"410\" srcset=\"https:\/\/www.organisator.ch\/wp-content\/uploads\/2022\/03\/Bundesraetin-Viola-Amherd-am-KMU-Swiss-Symposium-Nicht-in-Panik-verfallen-1_Organisator.jpg 680w, https:\/\/www.organisator.ch\/wp-content\/uploads\/2022\/03\/Bundesraetin-Viola-Amherd-am-KMU-Swiss-Symposium-Nicht-in-Panik-verfallen-1_Organisator-18x12.jpg 18w, https:\/\/www.organisator.ch\/wp-content\/uploads\/2022\/03\/Bundesraetin-Viola-Amherd-am-KMU-Swiss-Symposium-Nicht-in-Panik-verfallen-1_Organisator-290x175.jpg 290w, https:\/\/www.organisator.ch\/wp-content\/uploads\/2022\/03\/Bundesraetin-Viola-Amherd-am-KMU-Swiss-Symposium-Nicht-in-Panik-verfallen-1_Organisator-580x350.jpg 580w, https:\/\/www.organisator.ch\/wp-content\/uploads\/2022\/03\/Bundesraetin-Viola-Amherd-am-KMU-Swiss-Symposium-Nicht-in-Panik-verfallen-1_Organisator-300x181.jpg 300w\" sizes=\"auto, (max-width: 680px) 100vw, 680px\" \/><figcaption id=\"caption-attachment-12177\" class=\"wp-caption-text\">Prominenter Gast am KMU Swiss Symposium: Bundesr\u00e4tin Viola Amherd im Gespr\u00e4ch mit Moderator Hugo Bigi. (Bild: Thomas Berner)<\/figcaption><\/figure>\n<p>Eigentlich war es eine Jubil\u00e4umsveranstaltung: Vor 20 Jahren hatte Armin Baumann, Gr\u00fcnder und CEO von KMU Swiss, die Idee einer Netzwerk-Veranstaltung mit Referaten und Diskussionsrunden. W\u00e4re der pandemie-bedingte zweij\u00e4hrige Unterbruch der Veranstaltungsreihe nicht gewesen, h\u00e4tte Armin Baumann am 17. M\u00e4rz 2022 im Trafo Baden das Publikum zur 20. Ausgabe des KMU Swiss Symposiums begr\u00fcssen k\u00f6nnen\u2026 Doch auch ohne diese runde Zahl hatte der Anlass durchaus Ausserordentliches zu bieten: Denn trotz ihres \u00fcbervollen Terminkalenders konnte Bundesr\u00e4tin Viola Amherd, Vorsteherin des Departements f\u00fcr Verteidigung, Bev\u00f6lkerungsschutz und Sport VBS, als Referentin gewonnen werden.<\/p>\n<p>Das Tagungs-Thema hatte es ebenfalls in sich: Sind wir in der Schweiz so gut unterwegs, wie wir meinen? Wie ist die Abh\u00e4ngigkeit der Wirtschaftsfaktoren und haben strukturelle Ver\u00e4nderungen Einfluss auf das Wachstum der Wirtschaft? Eine Krise zeige Schwachpunkte auf. Das bedinge weitsichtige und rechtzeitige Entscheidungen, so Armin Baumann in seiner Er\u00f6ffnungsansprache. \u00abLeider ist es so, dass nach wie vor reagiert statt agiert wird\u00bb, so Baumann.<\/p>\n<h3><strong>Bundesr\u00e4tin Viola Amherd \u00fcber alte und neue Bedrohungen<\/strong><\/h3>\n<p>Die Krisensituation \u2013 eine noch nicht ausgestandene Pandemie und die kriegerischen Ereignisse in der Ukraine \u2013 machten den Auftritt der Verteidigungsministerin deshalb hoch-aktuell. Ist die Schweiz in Sachen Sicherheit also \u00abein Pflegefall\u00bb? Viola Amherd betonte, dass die aktuelle Lage uns vor Augen f\u00fchre, dass Sicherheit nichts Selbstverst\u00e4ndliches sei. Bundesr\u00e4tin Amherd f\u00fchrte aus, wie das Thema Sicherheit denn auch in der Politik zu einem immer zentraleren Thema geworden ist und weiter bleiben wird. \u00abSicherheit, das wird von der Politik erwartet\u00bb, so Amherd \u2013 auch mit Blick auf die vielen KMU, die zwar immer wieder beweisen, dass sie mit Krisen gut umgehen k\u00f6nnen, aber dazu auch die entsprechenden Voraussetzungen ben\u00f6tigen. Die Armee \u2013 \u00abals letzte Versicherung\u00bb \u2013 wiederum muss sich ebenfalls st\u00e4ndig gegen neue Bedrohungslagen wappnen \u00abNeue Bedrohungen, wie z. B. Cyber, l\u00f6sen alte nicht ab\u00bb betonte Amherd. Aber: \u00abWir m\u00fcssen in die Cyberabwehr investieren, da haben wir noch einiges nachzuholen\u00bb. Die Frage, ob es denn im Zusammenhang mit dem Ukraine-Krieg verst\u00e4rkte Cyberangriffe auf die Schweiz gegeben habe, verneinte Bundesr\u00e4tin Viola Amherd. \u00abWir d\u00fcrfen nicht in Panik verfallen\u00bb, meinte sie, aber man sei sehr wachsam. Und angesprochen auf die Wehrpflicht f\u00fcr Frauen als m\u00f6gliche L\u00f6sung f\u00fcr den \u00abFachkr\u00e4ftemangel\u00bb in der Armee und auch als Element der Gleichberechtigung hatte die Verteidigungsministerin folgende Botschaft: \u00abDie Wehrpflicht f\u00fcr Frauen sehe ich nicht als erste Option, lieber soll man die Lohngleichheit endlich umsetzen\u00bb.<\/p>\n<h3><strong>\u00abPflegefall\u00bb Altersvorsorge<\/strong><\/h3>\n<p>In weiteren Referaten wurde der \u00abPflegefall Schweiz\u00bb aus unterschiedlicher Perspektive beleuchtet. Die Neurowissenschaftlerin Claudia Thali stellte einen Zusammenhang her zwischen F\u00f6rderung der Kreativit\u00e4t und Zukunftsf\u00e4higkeit. Dass Kreativit\u00e4t hilft, L\u00f6sungen f\u00fcr die Zukunft zu finden, zeigte die Referentin anhand von Beispielen, etwa dem Denken \u00aboutside the box\u00bb. Kreativit\u00e4t brauche aber Zeit und Freiraum. Und dies m\u00fcssten heute F\u00fchrungskr\u00e4fte vermehrt zur Verf\u00fcgung stellen.<\/p>\n<figure id=\"attachment_12178\" aria-describedby=\"caption-attachment-12178\" style=\"width: 680px\" class=\"wp-caption alignnone\"><img loading=\"lazy\" decoding=\"async\" class=\"size-full wp-image-12178\" src=\"https:\/\/www.organisator.ch\/wp-content\/uploads\/2022\/03\/Bundesraetin-Viola-Amherd-am-KMU-Swiss-Symposium-Nicht-in-Panik-verfallen-2_Organisator.jpg\" alt=\"\" width=\"680\" height=\"452\" srcset=\"https:\/\/www.organisator.ch\/wp-content\/uploads\/2022\/03\/Bundesraetin-Viola-Amherd-am-KMU-Swiss-Symposium-Nicht-in-Panik-verfallen-2_Organisator.jpg 680w, https:\/\/www.organisator.ch\/wp-content\/uploads\/2022\/03\/Bundesraetin-Viola-Amherd-am-KMU-Swiss-Symposium-Nicht-in-Panik-verfallen-2_Organisator-18x12.jpg 18w, https:\/\/www.organisator.ch\/wp-content\/uploads\/2022\/03\/Bundesraetin-Viola-Amherd-am-KMU-Swiss-Symposium-Nicht-in-Panik-verfallen-2_Organisator-263x175.jpg 263w, https:\/\/www.organisator.ch\/wp-content\/uploads\/2022\/03\/Bundesraetin-Viola-Amherd-am-KMU-Swiss-Symposium-Nicht-in-Panik-verfallen-2_Organisator-527x350.jpg 527w, https:\/\/www.organisator.ch\/wp-content\/uploads\/2022\/03\/Bundesraetin-Viola-Amherd-am-KMU-Swiss-Symposium-Nicht-in-Panik-verfallen-2_Organisator-300x199.jpg 300w\" sizes=\"auto, (max-width: 680px) 100vw, 680px\" \/><figcaption id=\"caption-attachment-12178\" class=\"wp-caption-text\">Er\u00f6rterten die Frage: Altersvorsorge wohin? Josef Zopp, Thomas Boyer (CEO Groupe Mutuel) und Aymo Brunetti (v.l.n.r.) (Bild: Thomas Berner)<\/figcaption><\/figure>\n<p>Tats\u00e4chlich ein \u00abPflegefall\u00bb ist die Altersvorsorge \u2013 \u00aboder sie k\u00f6nnte zu einem werden\u00bb, so Prof. Dr. Aymo Brunetti von der Universit\u00e4t Bern. Er wies auf eine grundlegende Problematik des aktuellen Systems hin: Die steigende Lebenserwartung gekoppelt mit dem fixen Rentenalter. Das f\u00fchrt im Zusammenhang mit der demografischen Entwicklung dazu, dass die Zahl der Erwerbsf\u00e4higen nicht weiter ansteigt, daf\u00fcr die Zahl der \u00dcber-65-J\u00e4hrigen. Deshalb pl\u00e4dierte Aymo Brunetti daf\u00fcr, das Rentenalter zu flexibilisieren. Das heisst, bei h\u00f6herer Lebenserwartung muss auch das Rentenalter steigen. So k\u00f6nne das System stabilisiert werden. Denn einseitige Massnahmen, etwa Erh\u00f6hung der Einnahmen f\u00fcr die Sicherung der Altersvorsorge oder die Reduktion der Ausgaben, also tiefere Renten, sind politisch kaum realistisch. \u00c4hnlich argumentierte auch Josef Zopp, BVG-Spezialist bei Weibel Hess &amp; Partner AG, die regelm\u00e4ssig die Leistungen von Pensionskassen vergleicht. Er wies insbesondere auf frappante Unterschiede bei der Behandlung der Altersguthaben durch die Vorsorgeeinrichtungen hin. Der Zins als \u00ab3. Beitragszahler\u00bb wird als Faktor oft untersch\u00e4tzt, was sich dann bei der H\u00f6he des Alterskapitals schmerzlich bemerkbar machen kann. Und auch der Umwandlungssatz \u2013 aktuell bei 6,8 Prozent \u2013 w\u00e4re bei einer Senkung auf 6 Prozent, wie dies zur Zeit diskutiert wird, immer noch zu hoch. Denn einige Pensionskassen wenden schon heute wesentlich tiefere Umwandlungss\u00e4tze an.<\/p>\n<h3><strong>Zukunftsf\u00e4higkeit der KMU betont<\/strong><\/h3>\n<p>Beispiele daf\u00fcr, wie \u00abZukunftsf\u00e4higkeit\u00bb abseits von einem \u00abPflegefall\u00bb konkret verstanden werden kann, lieferten die Vortr\u00e4ge von Guido Konrad (Varian Medical Systems Imaging Labs), Ernst Gisin (Stahlton Bauteile AG) und Nina Suma (Fortyseven). Guido Konrad erl\u00e4uterte am Beispiel seines Unternehmens den Mehrwert der Schweiz f\u00fcr Entwicklungsstandorte internationaler Firmen. Ernst Gisin wiederum richtete seinen Blick in die Baubranche, die sich ebenfalls im Umbruch befindet. Und Nina Suma zeigte schliesslich, wie die ThermalBaden AG mit dem Bad \u00abFortyseven\u00bb zur Revitalisierung der Tourismusdestination Baden beigetragen hat. Die Referate und die Networking-M\u00f6glichkeiten erg\u00e4nzt haben die Info-St\u00e4nde von \u00fcber 20 Ausstellern.<\/p>\n<p><em><a href=\"http:\/\/www.kmuswiss.ch\">www.kmuswiss.ch<\/a><\/em><\/p>\n","protected":false},"excerpt":{"rendered":"<p>Eigentlich war es eine Jubil\u00e4umsveranstaltung: Vor 20 Jahren hatte Armin Baumann, Gr\u00fcnder und CEO von KMU Swiss, die Idee einer Netzwerk-Veranstaltung mit Referaten und Diskussionsrunden. W\u00e4re der pandemie-bedingte zweij\u00e4hrige Unterbruch der Veranstaltungsreihe nicht gewesen, h\u00e4tte Armin Baumann am 17. M\u00e4rz 2022 im Trafo Baden das Publikum zur 20. Ausgabe des KMU Swiss Symposiums begr\u00fcssen k\u00f6nnen\u2026 [&hellip;]<\/p>\n","protected":false},"author":4,"featured_media":12177,"comment_status":"closed","ping_status":"closed","sticky":false,"template":"","format":"standard","meta":{"_acf_changed":false,"_yoast_wpseo_focuskw":"Bundesr\u00e4tin Viola Amherd","_yoast_wpseo_metadesc":"\u00dcber 300 Personen kamen am KMU Swiss Symposium in den Genuss von Referaten und Diskussionsrunden, u.a. mit Bundesr\u00e4tin Viola Amherd.","articlekey":"","footnotes":""},"categories":[28],"tags":[193,335,418,492,516],"class_list":["post-12176","post","type-post","status-publish","format-standard","has-post-thumbnail","hentry","category-management","tag-fachkongressfachmesse","tag-management-und-unternehmensfuehrung","tag-risikomanagement","tag-unternehmen","tag-vorsorge"],"acf":[],"yoast_head":"<!-- This site is optimized with the Yoast SEO plugin v27.5 - https:\/\/yoast.com\/product\/yoast-seo-wordpress\/ -->\n<title>Bundesr\u00e4tin Viola Amherd am KMU Swiss Symposium: \u00abNicht in Panik verfallen\u00bb - Organisator<\/title>\n<meta name=\"description\" content=\"\u00dcber 300 Personen kamen am KMU Swiss Symposium in den Genuss von Referaten und Diskussionsrunden, u.a. mit Bundesr\u00e4tin Viola Amherd.\" \/>\n<meta name=\"robots\" content=\"index, follow, max-snippet:-1, max-image-preview:large, max-video-preview:-1\" \/>\n<link rel=\"canonical\" href=\"https:\/\/www.organisator.ch\/de\/management\/2022-03-18\/bundesraetin-viola-amherd-am-kmu-swiss-symposium-nicht-in-panik-verfallen\/\" \/>\n<meta property=\"og:locale\" content=\"de_DE\" \/>\n<meta property=\"og:type\" content=\"article\" \/>\n<meta property=\"og:title\" content=\"Bundesr\u00e4tin Viola Amherd am KMU Swiss Symposium: \u00abNicht in Panik verfallen\u00bb\" \/>\n<meta property=\"og:description\" content=\"\u00dcber 300 Personen kamen am KMU Swiss Symposium in den Genuss von Referaten und Diskussionsrunden, u.a. mit Bundesr\u00e4tin Viola Amherd.\" \/>\n<meta property=\"og:url\" content=\"https:\/\/www.organisator.ch\/de\/management\/2022-03-18\/bundesraetin-viola-amherd-am-kmu-swiss-symposium-nicht-in-panik-verfallen\/\" \/>\n<meta property=\"og:site_name\" content=\"Organisator\" \/>\n<meta property=\"article:publisher\" content=\"https:\/\/www.facebook.com\/OrganisatorFachmagazin\" \/>\n<meta property=\"article:published_time\" content=\"2022-03-18T09:35:03+00:00\" \/>\n<meta property=\"article:modified_time\" content=\"2022-03-25T08:01:45+00:00\" \/>\n<meta property=\"og:image\" content=\"https:\/\/www.organisator.ch\/wp-content\/uploads\/2022\/03\/Bundesraetin-Viola-Amherd-am-KMU-Swiss-Symposium-Nicht-in-Panik-verfallen-1_Organisator.jpg\" \/>\n\t<meta property=\"og:image:width\" content=\"680\" \/>\n\t<meta property=\"og:image:height\" content=\"410\" \/>\n\t<meta property=\"og:image:type\" content=\"image\/jpeg\" \/>\n<meta name=\"author\" content=\"thomas.berner\" \/>\n<meta name=\"twitter:card\" content=\"summary_large_image\" \/>\n<meta name=\"twitter:title\" content=\"Bundesr\u00e4tin Viola #Amherd am #KMUSwiss #Symposium: \u00abNicht in Panik verfallen\u00bb\" \/>\n<meta name=\"twitter:description\" content=\"\u00dcber 300 Personen kamen am #KMUSwiss Symposium in den Genuss von Referaten und Diskussionsrunden, u.a. mit #Bundesr\u00e4tin Viola #Amherd.\" \/>\n<meta name=\"twitter:image\" content=\"https:\/\/www.organisator.ch\/wp-content\/uploads\/2022\/03\/Bundesraetin-Viola-Amherd-am-KMU-Swiss-Symposium-Nicht-in-Panik-verfallen-1_Organisator.jpg\" \/>\n<script type=\"application\/ld+json\" class=\"yoast-schema-graph\">{\"@context\":\"https:\\\/\\\/schema.org\",\"@graph\":[{\"@type\":\"Article\",\"@id\":\"https:\\\/\\\/www.organisator.ch\\\/management\\\/2022-03-18\\\/bundesraetin-viola-amherd-am-kmu-swiss-symposium-nicht-in-panik-verfallen\\\/#article\",\"isPartOf\":{\"@id\":\"https:\\\/\\\/www.organisator.ch\\\/management\\\/2022-03-18\\\/bundesraetin-viola-amherd-am-kmu-swiss-symposium-nicht-in-panik-verfallen\\\/\"},\"author\":{\"name\":\"thomas.berner\",\"@id\":\"https:\\\/\\\/www.organisator.ch\\\/#\\\/schema\\\/person\\\/6f650f90b2842cd4c0cc334b4e36f67e\"},\"headline\":\"Bundesr\u00e4tin Viola Amherd am KMU Swiss Symposium: \u00abNicht in Panik verfallen\u00bb\",\"datePublished\":\"2022-03-18T09:35:03+00:00\",\"dateModified\":\"2022-03-25T08:01:45+00:00\",\"mainEntityOfPage\":{\"@id\":\"https:\\\/\\\/www.organisator.ch\\\/management\\\/2022-03-18\\\/bundesraetin-viola-amherd-am-kmu-swiss-symposium-nicht-in-panik-verfallen\\\/\"},\"wordCount\":884,\"publisher\":{\"@id\":\"https:\\\/\\\/www.organisator.ch\\\/#organization\"},\"image\":{\"@id\":\"https:\\\/\\\/www.organisator.ch\\\/management\\\/2022-03-18\\\/bundesraetin-viola-amherd-am-kmu-swiss-symposium-nicht-in-panik-verfallen\\\/#primaryimage\"},\"thumbnailUrl\":\"https:\\\/\\\/www.organisator.ch\\\/wp-content\\\/uploads\\\/2022\\\/03\\\/Bundesraetin-Viola-Amherd-am-KMU-Swiss-Symposium-Nicht-in-Panik-verfallen-1_Organisator.jpg\",\"keywords\":[\"Fachkongress\\\/Fachmesse\",\"Management und Unternehmensf\u00fchrung\",\"Risikomanagement\",\"Unternehmen\",\"Vorsorge\"],\"articleSection\":[\"MANAGEMENT\"],\"inLanguage\":\"de\"},{\"@type\":\"WebPage\",\"@id\":\"https:\\\/\\\/www.organisator.ch\\\/management\\\/2022-03-18\\\/bundesraetin-viola-amherd-am-kmu-swiss-symposium-nicht-in-panik-verfallen\\\/\",\"url\":\"https:\\\/\\\/www.organisator.ch\\\/management\\\/2022-03-18\\\/bundesraetin-viola-amherd-am-kmu-swiss-symposium-nicht-in-panik-verfallen\\\/\",\"name\":\"Bundesr\u00e4tin Viola Amherd am KMU Swiss Symposium: \u00abNicht in Panik verfallen\u00bb - Organisator\",\"isPartOf\":{\"@id\":\"https:\\\/\\\/www.organisator.ch\\\/#website\"},\"primaryImageOfPage\":{\"@id\":\"https:\\\/\\\/www.organisator.ch\\\/management\\\/2022-03-18\\\/bundesraetin-viola-amherd-am-kmu-swiss-symposium-nicht-in-panik-verfallen\\\/#primaryimage\"},\"image\":{\"@id\":\"https:\\\/\\\/www.organisator.ch\\\/management\\\/2022-03-18\\\/bundesraetin-viola-amherd-am-kmu-swiss-symposium-nicht-in-panik-verfallen\\\/#primaryimage\"},\"thumbnailUrl\":\"https:\\\/\\\/www.organisator.ch\\\/wp-content\\\/uploads\\\/2022\\\/03\\\/Bundesraetin-Viola-Amherd-am-KMU-Swiss-Symposium-Nicht-in-Panik-verfallen-1_Organisator.jpg\",\"datePublished\":\"2022-03-18T09:35:03+00:00\",\"dateModified\":\"2022-03-25T08:01:45+00:00\",\"description\":\"\u00dcber 300 Personen kamen am KMU Swiss Symposium in den Genuss von Referaten und Diskussionsrunden, u.a. mit Bundesr\u00e4tin Viola Amherd.\",\"breadcrumb\":{\"@id\":\"https:\\\/\\\/www.organisator.ch\\\/management\\\/2022-03-18\\\/bundesraetin-viola-amherd-am-kmu-swiss-symposium-nicht-in-panik-verfallen\\\/#breadcrumb\"},\"inLanguage\":\"de\",\"potentialAction\":[{\"@type\":\"ReadAction\",\"target\":[\"https:\\\/\\\/www.organisator.ch\\\/management\\\/2022-03-18\\\/bundesraetin-viola-amherd-am-kmu-swiss-symposium-nicht-in-panik-verfallen\\\/\"]}]},{\"@type\":\"ImageObject\",\"inLanguage\":\"de\",\"@id\":\"https:\\\/\\\/www.organisator.ch\\\/management\\\/2022-03-18\\\/bundesraetin-viola-amherd-am-kmu-swiss-symposium-nicht-in-panik-verfallen\\\/#primaryimage\",\"url\":\"https:\\\/\\\/www.organisator.ch\\\/wp-content\\\/uploads\\\/2022\\\/03\\\/Bundesraetin-Viola-Amherd-am-KMU-Swiss-Symposium-Nicht-in-Panik-verfallen-1_Organisator.jpg\",\"contentUrl\":\"https:\\\/\\\/www.organisator.ch\\\/wp-content\\\/uploads\\\/2022\\\/03\\\/Bundesraetin-Viola-Amherd-am-KMU-Swiss-Symposium-Nicht-in-Panik-verfallen-1_Organisator.jpg\",\"width\":680,\"height\":410,\"caption\":\"Prominenter Gast am KMU Swiss Symposium: Bundesr\u00e4tin Viola Amherd im Gespr\u00e4ch mit Moderator Hugo Bigi. (Bild: Thomas Berner)\"},{\"@type\":\"BreadcrumbList\",\"@id\":\"https:\\\/\\\/www.organisator.ch\\\/management\\\/2022-03-18\\\/bundesraetin-viola-amherd-am-kmu-swiss-symposium-nicht-in-panik-verfallen\\\/#breadcrumb\",\"itemListElement\":[{\"@type\":\"ListItem\",\"position\":1,\"name\":\"Home\",\"item\":\"https:\\\/\\\/www.organisator.ch\\\/\"},{\"@type\":\"ListItem\",\"position\":2,\"name\":\"Bundesr\u00e4tin Viola Amherd am KMU Swiss Symposium: \u00abNicht in Panik verfallen\u00bb\"}]},{\"@type\":\"WebSite\",\"@id\":\"https:\\\/\\\/www.organisator.ch\\\/#website\",\"url\":\"https:\\\/\\\/www.organisator.ch\\\/\",\"name\":\"Organisator\",\"description\":\"Kompetent. Praxisnah. Der ORGANISATOR bereitet in 10 Ausgaben pro Jahr die wesentlichen Themen f\u00fcr F\u00fchrungskr\u00e4fte von KMU auf.\",\"publisher\":{\"@id\":\"https:\\\/\\\/www.organisator.ch\\\/#organization\"},\"potentialAction\":[{\"@type\":\"SearchAction\",\"target\":{\"@type\":\"EntryPoint\",\"urlTemplate\":\"https:\\\/\\\/www.organisator.ch\\\/?s={search_term_string}\"},\"query-input\":{\"@type\":\"PropertyValueSpecification\",\"valueRequired\":true,\"valueName\":\"search_term_string\"}}],\"inLanguage\":\"de\"},{\"@type\":\"Organization\",\"@id\":\"https:\\\/\\\/www.organisator.ch\\\/#organization\",\"name\":\"Organisator\",\"url\":\"https:\\\/\\\/www.organisator.ch\\\/\",\"logo\":{\"@type\":\"ImageObject\",\"inLanguage\":\"de\",\"@id\":\"https:\\\/\\\/www.organisator.ch\\\/#\\\/schema\\\/logo\\\/image\\\/\",\"url\":\"https:\\\/\\\/www.organisator.ch\\\/wp-content\\\/uploads\\\/2022\\\/01\\\/Logo_Organisator_Website.png\",\"contentUrl\":\"https:\\\/\\\/www.organisator.ch\\\/wp-content\\\/uploads\\\/2022\\\/01\\\/Logo_Organisator_Website.png\",\"width\":800,\"height\":77,\"caption\":\"Organisator\"},\"image\":{\"@id\":\"https:\\\/\\\/www.organisator.ch\\\/#\\\/schema\\\/logo\\\/image\\\/\"},\"sameAs\":[\"https:\\\/\\\/www.facebook.com\\\/OrganisatorFachmagazin\",\"https:\\\/\\\/www.linkedin.com\\\/showcase\\\/organisator-das-magazin-fr-kmu\",\"https:\\\/\\\/www.xing.com\\\/news\\\/pages\\\/organisator-ch-695\",\"https:\\\/\\\/www.youtube.com\\\/channel\\\/UCGP2Sq0iWaZwT3BdIAQFYpw\"]},{\"@type\":\"Person\",\"@id\":\"https:\\\/\\\/www.organisator.ch\\\/#\\\/schema\\\/person\\\/6f650f90b2842cd4c0cc334b4e36f67e\",\"name\":\"thomas.berner\",\"image\":{\"@type\":\"ImageObject\",\"inLanguage\":\"de\",\"@id\":\"https:\\\/\\\/secure.gravatar.com\\\/avatar\\\/ac5001d2a36cb6c6cd3e50789007ffca834b477b74a2144564522e944eabff61?s=96&d=mm&r=g\",\"url\":\"https:\\\/\\\/secure.gravatar.com\\\/avatar\\\/ac5001d2a36cb6c6cd3e50789007ffca834b477b74a2144564522e944eabff61?s=96&d=mm&r=g\",\"contentUrl\":\"https:\\\/\\\/secure.gravatar.com\\\/avatar\\\/ac5001d2a36cb6c6cd3e50789007ffca834b477b74a2144564522e944eabff61?s=96&d=mm&r=g\",\"caption\":\"thomas.berner\"},\"url\":\"https:\\\/\\\/www.organisator.ch\\\/de\\\/author\\\/thomas-berner\\\/\"}]}<\/script>\n<!-- \/ Yoast SEO plugin. -->","yoast_head_json":{"title":"Bundesr\u00e4tin Viola Amherd am KMU Swiss Symposium: \u00abNicht in Panik verfallen\u00bb - Organisator","description":"\u00dcber 300 Personen kamen am KMU Swiss Symposium in den Genuss von Referaten und Diskussionsrunden, u.a. mit Bundesr\u00e4tin Viola Amherd.","robots":{"index":"index","follow":"follow","max-snippet":"max-snippet:-1","max-image-preview":"max-image-preview:large","max-video-preview":"max-video-preview:-1"},"canonical":"https:\/\/www.organisator.ch\/de\/management\/2022-03-18\/bundesraetin-viola-amherd-am-kmu-swiss-symposium-nicht-in-panik-verfallen\/","og_locale":"de_DE","og_type":"article","og_title":"Bundesr\u00e4tin Viola Amherd am KMU Swiss Symposium: \u00abNicht in Panik verfallen\u00bb","og_description":"\u00dcber 300 Personen kamen am KMU Swiss Symposium in den Genuss von Referaten und Diskussionsrunden, u.a. mit Bundesr\u00e4tin Viola Amherd.","og_url":"https:\/\/www.organisator.ch\/de\/management\/2022-03-18\/bundesraetin-viola-amherd-am-kmu-swiss-symposium-nicht-in-panik-verfallen\/","og_site_name":"Organisator","article_publisher":"https:\/\/www.facebook.com\/OrganisatorFachmagazin","article_published_time":"2022-03-18T09:35:03+00:00","article_modified_time":"2022-03-25T08:01:45+00:00","og_image":[{"width":680,"height":410,"url":"https:\/\/www.organisator.ch\/wp-content\/uploads\/2022\/03\/Bundesraetin-Viola-Amherd-am-KMU-Swiss-Symposium-Nicht-in-Panik-verfallen-1_Organisator.jpg","type":"image\/jpeg"}],"author":"thomas.berner","twitter_card":"summary_large_image","twitter_title":"Bundesr\u00e4tin Viola #Amherd am #KMUSwiss #Symposium: \u00abNicht in Panik verfallen\u00bb","twitter_description":"\u00dcber 300 Personen kamen am #KMUSwiss Symposium in den Genuss von Referaten und Diskussionsrunden, u.a. mit #Bundesr\u00e4tin Viola #Amherd.","twitter_image":"https:\/\/www.organisator.ch\/wp-content\/uploads\/2022\/03\/Bundesraetin-Viola-Amherd-am-KMU-Swiss-Symposium-Nicht-in-Panik-verfallen-1_Organisator.jpg","schema":{"@context":"https:\/\/schema.org","@graph":[{"@type":"Article","@id":"https:\/\/www.organisator.ch\/management\/2022-03-18\/bundesraetin-viola-amherd-am-kmu-swiss-symposium-nicht-in-panik-verfallen\/#article","isPartOf":{"@id":"https:\/\/www.organisator.ch\/management\/2022-03-18\/bundesraetin-viola-amherd-am-kmu-swiss-symposium-nicht-in-panik-verfallen\/"},"author":{"name":"thomas.berner","@id":"https:\/\/www.organisator.ch\/#\/schema\/person\/6f650f90b2842cd4c0cc334b4e36f67e"},"headline":"Bundesr\u00e4tin Viola Amherd am KMU Swiss Symposium: \u00abNicht in Panik verfallen\u00bb","datePublished":"2022-03-18T09:35:03+00:00","dateModified":"2022-03-25T08:01:45+00:00","mainEntityOfPage":{"@id":"https:\/\/www.organisator.ch\/management\/2022-03-18\/bundesraetin-viola-amherd-am-kmu-swiss-symposium-nicht-in-panik-verfallen\/"},"wordCount":884,"publisher":{"@id":"https:\/\/www.organisator.ch\/#organization"},"image":{"@id":"https:\/\/www.organisator.ch\/management\/2022-03-18\/bundesraetin-viola-amherd-am-kmu-swiss-symposium-nicht-in-panik-verfallen\/#primaryimage"},"thumbnailUrl":"https:\/\/www.organisator.ch\/wp-content\/uploads\/2022\/03\/Bundesraetin-Viola-Amherd-am-KMU-Swiss-Symposium-Nicht-in-Panik-verfallen-1_Organisator.jpg","keywords":["Fachkongress\/Fachmesse","Management und Unternehmensf\u00fchrung","Risikomanagement","Unternehmen","Vorsorge"],"articleSection":["MANAGEMENT"],"inLanguage":"de"},{"@type":"WebPage","@id":"https:\/\/www.organisator.ch\/management\/2022-03-18\/bundesraetin-viola-amherd-am-kmu-swiss-symposium-nicht-in-panik-verfallen\/","url":"https:\/\/www.organisator.ch\/management\/2022-03-18\/bundesraetin-viola-amherd-am-kmu-swiss-symposium-nicht-in-panik-verfallen\/","name":"Bundesr\u00e4tin Viola Amherd am KMU Swiss Symposium: \u00abNicht in Panik verfallen\u00bb - Organisator","isPartOf":{"@id":"https:\/\/www.organisator.ch\/#website"},"primaryImageOfPage":{"@id":"https:\/\/www.organisator.ch\/management\/2022-03-18\/bundesraetin-viola-amherd-am-kmu-swiss-symposium-nicht-in-panik-verfallen\/#primaryimage"},"image":{"@id":"https:\/\/www.organisator.ch\/management\/2022-03-18\/bundesraetin-viola-amherd-am-kmu-swiss-symposium-nicht-in-panik-verfallen\/#primaryimage"},"thumbnailUrl":"https:\/\/www.organisator.ch\/wp-content\/uploads\/2022\/03\/Bundesraetin-Viola-Amherd-am-KMU-Swiss-Symposium-Nicht-in-Panik-verfallen-1_Organisator.jpg","datePublished":"2022-03-18T09:35:03+00:00","dateModified":"2022-03-25T08:01:45+00:00","description":"\u00dcber 300 Personen kamen am KMU Swiss Symposium in den Genuss von Referaten und Diskussionsrunden, u.a. mit Bundesr\u00e4tin Viola Amherd.","breadcrumb":{"@id":"https:\/\/www.organisator.ch\/management\/2022-03-18\/bundesraetin-viola-amherd-am-kmu-swiss-symposium-nicht-in-panik-verfallen\/#breadcrumb"},"inLanguage":"de","potentialAction":[{"@type":"ReadAction","target":["https:\/\/www.organisator.ch\/management\/2022-03-18\/bundesraetin-viola-amherd-am-kmu-swiss-symposium-nicht-in-panik-verfallen\/"]}]},{"@type":"ImageObject","inLanguage":"de","@id":"https:\/\/www.organisator.ch\/management\/2022-03-18\/bundesraetin-viola-amherd-am-kmu-swiss-symposium-nicht-in-panik-verfallen\/#primaryimage","url":"https:\/\/www.organisator.ch\/wp-content\/uploads\/2022\/03\/Bundesraetin-Viola-Amherd-am-KMU-Swiss-Symposium-Nicht-in-Panik-verfallen-1_Organisator.jpg","contentUrl":"https:\/\/www.organisator.ch\/wp-content\/uploads\/2022\/03\/Bundesraetin-Viola-Amherd-am-KMU-Swiss-Symposium-Nicht-in-Panik-verfallen-1_Organisator.jpg","width":680,"height":410,"caption":"Prominenter Gast am KMU Swiss Symposium: Bundesr\u00e4tin Viola Amherd im Gespr\u00e4ch mit Moderator Hugo Bigi. (Bild: Thomas Berner)"},{"@type":"BreadcrumbList","@id":"https:\/\/www.organisator.ch\/management\/2022-03-18\/bundesraetin-viola-amherd-am-kmu-swiss-symposium-nicht-in-panik-verfallen\/#breadcrumb","itemListElement":[{"@type":"ListItem","position":1,"name":"Home","item":"https:\/\/www.organisator.ch\/"},{"@type":"ListItem","position":2,"name":"Bundesr\u00e4tin Viola Amherd am KMU Swiss Symposium: \u00abNicht in Panik verfallen\u00bb"}]},{"@type":"WebSite","@id":"https:\/\/www.organisator.ch\/#website","url":"https:\/\/www.organisator.ch\/","name":"Organisator","description":"Kompetent. Praxisnah. Der ORGANISATOR bereitet in 10 Ausgaben pro Jahr die wesentlichen Themen f\u00fcr F\u00fchrungskr\u00e4fte von KMU auf.","publisher":{"@id":"https:\/\/www.organisator.ch\/#organization"},"potentialAction":[{"@type":"SearchAction","target":{"@type":"EntryPoint","urlTemplate":"https:\/\/www.organisator.ch\/?s={search_term_string}"},"query-input":{"@type":"PropertyValueSpecification","valueRequired":true,"valueName":"search_term_string"}}],"inLanguage":"de"},{"@type":"Organization","@id":"https:\/\/www.organisator.ch\/#organization","name":"Organisator","url":"https:\/\/www.organisator.ch\/","logo":{"@type":"ImageObject","inLanguage":"de","@id":"https:\/\/www.organisator.ch\/#\/schema\/logo\/image\/","url":"https:\/\/www.organisator.ch\/wp-content\/uploads\/2022\/01\/Logo_Organisator_Website.png","contentUrl":"https:\/\/www.organisator.ch\/wp-content\/uploads\/2022\/01\/Logo_Organisator_Website.png","width":800,"height":77,"caption":"Organisator"},"image":{"@id":"https:\/\/www.organisator.ch\/#\/schema\/logo\/image\/"},"sameAs":["https:\/\/www.facebook.com\/OrganisatorFachmagazin","https:\/\/www.linkedin.com\/showcase\/organisator-das-magazin-fr-kmu","https:\/\/www.xing.com\/news\/pages\/organisator-ch-695","https:\/\/www.youtube.com\/channel\/UCGP2Sq0iWaZwT3BdIAQFYpw"]},{"@type":"Person","@id":"https:\/\/www.organisator.ch\/#\/schema\/person\/6f650f90b2842cd4c0cc334b4e36f67e","name":"thomas.berner","image":{"@type":"ImageObject","inLanguage":"de","@id":"https:\/\/secure.gravatar.com\/avatar\/ac5001d2a36cb6c6cd3e50789007ffca834b477b74a2144564522e944eabff61?s=96&d=mm&r=g","url":"https:\/\/secure.gravatar.com\/avatar\/ac5001d2a36cb6c6cd3e50789007ffca834b477b74a2144564522e944eabff61?s=96&d=mm&r=g","contentUrl":"https:\/\/secure.gravatar.com\/avatar\/ac5001d2a36cb6c6cd3e50789007ffca834b477b74a2144564522e944eabff61?s=96&d=mm&r=g","caption":"thomas.berner"},"url":"https:\/\/www.organisator.ch\/de\/author\/thomas-berner\/"}]}},"_links":{"self":[{"href":"https:\/\/www.organisator.ch\/de\/wp-json\/wp\/v2\/posts\/12176","targetHints":{"allow":["GET"]}}],"collection":[{"href":"https:\/\/www.organisator.ch\/de\/wp-json\/wp\/v2\/posts"}],"about":[{"href":"https:\/\/www.organisator.ch\/de\/wp-json\/wp\/v2\/types\/post"}],"author":[{"embeddable":true,"href":"https:\/\/www.organisator.ch\/de\/wp-json\/wp\/v2\/users\/4"}],"replies":[{"embeddable":true,"href":"https:\/\/www.organisator.ch\/de\/wp-json\/wp\/v2\/comments?post=12176"}],"version-history":[{"count":1,"href":"https:\/\/www.organisator.ch\/de\/wp-json\/wp\/v2\/posts\/12176\/revisions"}],"predecessor-version":[{"id":12179,"href":"https:\/\/www.organisator.ch\/de\/wp-json\/wp\/v2\/posts\/12176\/revisions\/12179"}],"wp:featuredmedia":[{"embeddable":true,"href":"https:\/\/www.organisator.ch\/de\/wp-json\/wp\/v2\/media\/12177"}],"wp:attachment":[{"href":"https:\/\/www.organisator.ch\/de\/wp-json\/wp\/v2\/media?parent=12176"}],"wp:term":[{"taxonomy":"category","embeddable":true,"href":"https:\/\/www.organisator.ch\/de\/wp-json\/wp\/v2\/categories?post=12176"},{"taxonomy":"post_tag","embeddable":true,"href":"https:\/\/www.organisator.ch\/de\/wp-json\/wp\/v2\/tags?post=12176"}],"curies":[{"name":"wp","href":"https:\/\/api.w.org\/{rel}","templated":true}]}}