{"id":12192,"date":"2022-03-22T11:54:24","date_gmt":"2022-03-22T10:54:24","guid":{"rendered":"https:\/\/www.organisator.ch\/?p=12192"},"modified":"2022-03-28T13:45:25","modified_gmt":"2022-03-28T11:45:25","slug":"so-funktioniert-das-sharing-fuer-firmen","status":"publish","type":"post","link":"https:\/\/www.organisator.ch\/de\/management\/2022-03-22\/so-funktioniert-das-sharing-fuer-firmen\/","title":{"rendered":"So funktioniert das Sharing f\u00fcr Firmen"},"content":{"rendered":"<figure id=\"attachment_12193\" aria-describedby=\"caption-attachment-12193\" style=\"width: 680px\" class=\"wp-caption alignnone\"><img loading=\"lazy\" decoding=\"async\" class=\"size-full wp-image-12193\" src=\"https:\/\/www.organisator.ch\/wp-content\/uploads\/2022\/03\/So-funktioniert-das-Sharing-fuer-Firmen_Organisator.jpg\" alt=\"\" width=\"680\" height=\"453\" srcset=\"https:\/\/www.organisator.ch\/wp-content\/uploads\/2022\/03\/So-funktioniert-das-Sharing-fuer-Firmen_Organisator.jpg 680w, https:\/\/www.organisator.ch\/wp-content\/uploads\/2022\/03\/So-funktioniert-das-Sharing-fuer-Firmen_Organisator-18x12.jpg 18w, https:\/\/www.organisator.ch\/wp-content\/uploads\/2022\/03\/So-funktioniert-das-Sharing-fuer-Firmen_Organisator-263x175.jpg 263w, https:\/\/www.organisator.ch\/wp-content\/uploads\/2022\/03\/So-funktioniert-das-Sharing-fuer-Firmen_Organisator-525x350.jpg 525w, https:\/\/www.organisator.ch\/wp-content\/uploads\/2022\/03\/So-funktioniert-das-Sharing-fuer-Firmen_Organisator-300x200.jpg 300w\" sizes=\"auto, (max-width: 680px) 100vw, 680px\" \/><figcaption id=\"caption-attachment-12193\" class=\"wp-caption-text\">Was im Consumer-Bereich, etwa f\u00fcr Autos, schon gang und g\u00e4be ist, soll auch f\u00fcr Firmen einfacher werden: Das Sharing, etwa von Maschinen und Fahrzeugen. (Bild: Unsplash.com)<\/figcaption><\/figure>\n<p>Geteilt wird seit Menschengedenken, lang bevor unter dem Begriff \u00abSharing Economy\u00bb neue Gesch\u00e4ftsmodelle entstanden. \u00abDiese Gesch\u00e4ftsmodelle beschr\u00e4nken sich weitestgehend auf den privaten Bereich\u00bb, sagt Uta J\u00fcttner, Dozentin und Projektleiterin an der Hochschule Luzern. So gibt es f\u00fcr das Teilen von Alltagsgegenst\u00e4nden zwischen Privatpersonen bereits viele Plattformen \u2013 auch wenn sie in der Schweiz noch eher selten genutzt werden. \u00abIn der Unternehmenswelt gibt es jedoch kaum institutionalisierte Prozesse, geschweige denn etablierte Plattformen, die das Teilen unter Firmen erleichtern w\u00fcrden\u00bb, so J\u00fcttner weiter. Dies, obwohl Sharing-Projekte zwischen Unternehmen sehr vielversprechend w\u00e4ren, da Unternehmen oft \u00fcber wertvolle Ressourcen wie teure Maschinen und Ausr\u00fcstung verf\u00fcgen, die hohe Kosten verursachen, wenn sie ungenutzt herumstehen. \u00abViele Firmen h\u00e4tten einen grossen Anreiz, gewisse Ger\u00e4tschaften mit ihren Mitbewerbern zu teilen, anstatt alles selbst anzuschaffen\u00bb, sagt die Expertin. Die Hochschule Luzern hat gemeinsam mit der Fachhochschule Nordwestschweiz im Forschungsprojekt \u00abKMU Sharingmarket\u00bb untersucht, wie das Teilen f\u00fcr Firmen zielgerichtet und strukturiert unterst\u00fctzt werden k\u00f6nnte.<\/p>\n<h3>Bei der Firma nebenan ausleihen: M\u00f6glichkeiten schnell ausgesch\u00f6pft<\/h3>\n<p>Dass das Teilen f\u00fcr Firmen interessant ist, beweist die Realit\u00e4t. \u00abUnsere Forschung hat gezeigt: Gerade KMU sind bereits ganz gut darin, untereinander Material und Gegenst\u00e4nde auszuleihen\u00bb, stellt Sebastian Huber, ebenfalls HSLU-Dozent und Projektmitarbeiter, fest. So werden heute schon h\u00e4ufig Ressourcen zwischen kleineren und mittleren Unternehmen ausgetauscht. \u00abDas l\u00e4uft allerdings ganz intuitiv und informell. Wenn der Handwerker einen zus\u00e4tzlichen Handwagen braucht, fragt er die Firma nebenan\u00bb, f\u00fchrt der Experte aus. Diese Form des Teilens stosse aber schnell an ihre Grenzen. Im Gegensatz zum Bohrer oder Hochdruckreiniger, den Private gegenseitig zum Teilen anbieten, sind Maschinen und Ger\u00e4te von Unternehmen oftmals sehr teuer. \u00abWenn solche Ger\u00e4te geteilt werden, stellen sich zwangsl\u00e4ufig zus\u00e4tzliche Fragen, beispielsweise zur Haftung oder zur Versicherung\u00bb, so Huber.<\/p>\n<h3>Nachfrage und Angebot f\u00fcr Sharing zusammenbringen<\/h3>\n<p>Damit Sharing zwischen zwei Unternehmen erfolgen kann, muss das eine Unternehmen eine Ressource mit freien Kapazit\u00e4ten besitzen, die das andere Unternehmen vor\u00fcbergehend nutzen m\u00f6chte. Hier beginnt die Schwierigkeit: Wie finden sich Nachfrage und Angebot? \u00abDen eigenen Bedarf und die Verf\u00fcgbarkeit von Ressourcen offen zu legen, ist entscheidend und oft schon die erste H\u00fcrde im B2B Sharing\u00bb, erkl\u00e4rt Sebastian Huber. Die Resultate des Forschungsprojekts zeigen: Beteiligte Unternehmen m\u00fcssen auch ein gemeinsames organisatorisches Verst\u00e4ndnis von \u00abTeilen\u00bb entwickeln. Soll das Sharing m\u00f6glichst anonym und nachfragebasiert oder pers\u00f6nlich und partnerschaftlich erfolgen? Auch \u00fcber den Grad externer Unterst\u00fctzung durch eine Plattform oder einen Dienstleister m\u00fcssen sich die Sharing-willigen Unternehmen verst\u00e4ndigen. Ist die Ressource identifiziert und die Form der Transaktion gefunden, gibt es einige Vereinbarungen zu treffen \u2013 zu Transport, Versicherung und Kosten. Um die Fortf\u00fchrung von Sharing als Alternative zur Beschaffung einer Ressource dann auch bewerten zu k\u00f6nnen, m\u00f6chten die an einer Sharing-Transaktion beteiligten Unternehmen im Anschluss den Prozess evaluieren. Huber: \u00abF\u00fcr die Unternehmen muss aus dem Sharing gar nicht zwingend direkt ein Gewinn resultieren, der Aufwand muss sich aber am Schluss dennoch lohnen.\u00bb<\/p>\n<h3>\u00d6konomische, \u00f6kologische und soziale Nachhaltigkeit als Treiber<\/h3>\n<p>Im steigenden internationalen Wettbewerbsdruck suchen insbesondere KMUs nach alternativen Nutzungsformen zum klassischen \u00abMake-or-Buy\u00bb \u2013 also der Wahl, ob ein Ger\u00e4t oder Werkzeug selbst hergestellt und im eigenen Besitz ist oder von einem Lieferanten eingekauft wird. Wie bei Privatpersonen erm\u00f6glicht Sharing den zeitlich begrenzten Zugriff und die Nutzung einer Ressource, die ein Unternehmen aus Kostengr\u00fcnden nicht selbst besitzen und betreiben kann oder m\u00f6chte. \u00abNebst Einsparungen vergr\u00f6ssern sich die unternehmerischen M\u00f6glichkeiten, auch Dienstleistungen oder Produkte anzubieten, die ohne Sharing nicht angeboten werden k\u00f6nnten\u00bb, so Huber.<br \/>\nIn der Logistikbranche sowie in gr\u00f6sseren Produktionsfirmen mit hohem Energiebedarf werden die \u00f6kologischen Potenziale des Sharings von betrieblichen Ressourcen mit hohem CO2-Fussabdruck bereits seit einiger Zeit ausgewiesen. \u00abDas weckt f\u00fcr diese Unternehmen und Branchen ein besonderes Interesse an Sharingl\u00f6sungen\u00bb, sagt Uta J\u00fcttner. Die durch Sharing enger werdende Zusammenarbeit zwischen Unternehmen, bis hin zum gegenseitigen Ausleihen von Mitarbeitenden, st\u00e4rke den sozialen Zusammenhalt und erh\u00f6he die unternehmerische Flexibilit\u00e4t in einem zunehmend unsicheren Gesch\u00e4ftsumfeld, unterstreicht die HSLU-Expertin.<\/p>\n<h3>Toolbox f\u00fcr Firmen und erste KMU-Sharing-Plattform<\/h3>\n<p>Um den Unternehmen die Teilnahme an der Sharing Economy zu erleichtern, hat das interdisziplin\u00e4re Forschungsteam aus Betriebs\u00f6konominnen, Ingenieuren und Psychologinnen eine prozessorientierte Toolbox mit vier praktischen Instrumenten erstellt:<\/p>\n<ol>\n<li>Sharing-Ressourcenpotenzial ermitteln,<\/li>\n<li>Sharing-Organisationsform identifizieren,<\/li>\n<li>Sharing-Vereinbarung und<\/li>\n<li>Erfolgsmessung und Partnerbewertung.<\/li>\n<\/ol>\n<p>Aus dem Forschungsprojekt ist zudem das Start-up \u00abSharing Corp.\u00bb entstanden, das noch diesen Fr\u00fchling die erste branchenunabh\u00e4ngige B2B-Sharing-Plattform f\u00fcr Schweizer KMUs namens KMUsharingmarket.ch lanciert. Die Plattform soll die M\u00f6glichkeiten von Sharing und die Forschungsergebnisse der HSLU-Studie einem breiten Nutzerkreis von Unternehmen in der Schweiz zug\u00e4nglich machen. \u00abDie Toolbox und die Sharing-Prozesse, welche die HSLU und die FHNW entwickelt haben, sind bereits in der Praxis validiert und bilden die Grundlage f\u00fcr unsere Plattform KMUsharingmarket.ch\u00bb, sagt Carla Kaufmann, Mitgr\u00fcnderin von Sharing Corp. Das Unternehmen ging am 18. M\u00e4rz 2022 an den Start.<\/p>\n<p>Am Projekt mitgearbeitet haben nicht nur die beiden Fachhochschulen FHNW und HSLU, sondern auch die Unternehmen Companymarket AG, KMU Digitalisierung GmbH, Virtuelle Fabrik Nordwestschweiz, Tschudin &amp; Heid AG, Rero AG, Estech Industries AG, peka-metall AG, Kebo AG und Wir Bank Genossenschaft.<\/p>\n<p><em>Weitere Informationen unter: <a href=\"http:\/\/www.kmusharingmarket.ch\">www.kmusharingmarket.ch<\/a> und <a href=\"http:\/\/www.sharingcorp.ch\">www.sharingcorp.ch<\/a><\/em><\/p>\n","protected":false},"excerpt":{"rendered":"<p>Geteilt wird seit Menschengedenken, lang bevor unter dem Begriff \u00abSharing Economy\u00bb neue Gesch\u00e4ftsmodelle entstanden. \u00abDiese Gesch\u00e4ftsmodelle beschr\u00e4nken sich weitestgehend auf den privaten Bereich\u00bb, sagt Uta J\u00fcttner, Dozentin und Projektleiterin an der Hochschule Luzern. So gibt es f\u00fcr das Teilen von Alltagsgegenst\u00e4nden zwischen Privatpersonen bereits viele Plattformen \u2013 auch wenn sie in der Schweiz noch eher [&hellip;]<\/p>\n","protected":false},"author":4,"featured_media":12193,"comment_status":"closed","ping_status":"closed","sticky":false,"template":"","format":"standard","meta":{"_acf_changed":false,"_yoast_wpseo_focuskw":"Sharing","_yoast_wpseo_metadesc":"Ein Forschungsteam der Hochschule Luzern und der FHNW hat untersucht, wie Sharing unter Firmen leichter gemacht werden kann.","articlekey":"","footnotes":""},"categories":[28],"tags":[1220,335,2118],"class_list":["post-12192","post","type-post","status-publish","format-standard","has-post-thumbnail","hentry","category-management","tag-forschungsprojekt","tag-management-und-unternehmensfuehrung","tag-sharing-economy"],"acf":[],"yoast_head":"<!-- This site is optimized with the Yoast SEO plugin v27.5 - https:\/\/yoast.com\/product\/yoast-seo-wordpress\/ -->\n<title>So funktioniert das Sharing f\u00fcr Firmen - Organisator<\/title>\n<meta name=\"description\" content=\"Ein Forschungsteam der Hochschule Luzern und der FHNW hat untersucht, wie Sharing unter Firmen leichter gemacht werden kann.\" \/>\n<meta name=\"robots\" content=\"index, follow, max-snippet:-1, max-image-preview:large, max-video-preview:-1\" \/>\n<link rel=\"canonical\" href=\"https:\/\/www.organisator.ch\/de\/management\/2022-03-22\/so-funktioniert-das-sharing-fuer-firmen\/\" \/>\n<meta property=\"og:locale\" content=\"de_DE\" \/>\n<meta property=\"og:type\" content=\"article\" \/>\n<meta property=\"og:title\" content=\"So funktioniert das Sharing f\u00fcr Firmen\" \/>\n<meta property=\"og:description\" content=\"Ein Forschungsteam der Hochschule Luzern und der FHNW hat untersucht, wie Sharing unter Firmen leichter gemacht werden kann.\" \/>\n<meta property=\"og:url\" content=\"https:\/\/www.organisator.ch\/de\/management\/2022-03-22\/so-funktioniert-das-sharing-fuer-firmen\/\" \/>\n<meta property=\"og:site_name\" content=\"Organisator\" \/>\n<meta property=\"article:publisher\" content=\"https:\/\/www.facebook.com\/OrganisatorFachmagazin\" \/>\n<meta property=\"article:published_time\" content=\"2022-03-22T10:54:24+00:00\" \/>\n<meta property=\"article:modified_time\" content=\"2022-03-28T11:45:25+00:00\" \/>\n<meta property=\"og:image\" content=\"https:\/\/www.organisator.ch\/wp-content\/uploads\/2022\/03\/So-funktioniert-das-Sharing-fuer-Firmen_Organisator.jpg\" \/>\n\t<meta property=\"og:image:width\" content=\"680\" \/>\n\t<meta property=\"og:image:height\" content=\"453\" \/>\n\t<meta property=\"og:image:type\" content=\"image\/jpeg\" \/>\n<meta name=\"author\" content=\"thomas.berner\" \/>\n<meta name=\"twitter:card\" content=\"summary_large_image\" \/>\n<meta name=\"twitter:title\" content=\"So funktioniert das #Sharing f\u00fcr #Firmen\" \/>\n<meta name=\"twitter:description\" content=\"Ein #Forschungsteam der Hochschule Luzern #HSLU und der #FHNW hat untersucht, wie #Sharing unter #Firmen leichter gemacht werden kann.\" \/>\n<meta name=\"twitter:image\" content=\"https:\/\/www.organisator.ch\/wp-content\/uploads\/2022\/03\/So-funktioniert-das-Sharing-fuer-Firmen_Organisator.jpg\" \/>\n<script type=\"application\/ld+json\" class=\"yoast-schema-graph\">{\"@context\":\"https:\\\/\\\/schema.org\",\"@graph\":[{\"@type\":\"Article\",\"@id\":\"https:\\\/\\\/www.organisator.ch\\\/management\\\/2022-03-22\\\/so-funktioniert-das-sharing-fuer-firmen\\\/#article\",\"isPartOf\":{\"@id\":\"https:\\\/\\\/www.organisator.ch\\\/management\\\/2022-03-22\\\/so-funktioniert-das-sharing-fuer-firmen\\\/\"},\"author\":{\"name\":\"thomas.berner\",\"@id\":\"https:\\\/\\\/www.organisator.ch\\\/#\\\/schema\\\/person\\\/6f650f90b2842cd4c0cc334b4e36f67e\"},\"headline\":\"So funktioniert das Sharing f\u00fcr Firmen\",\"datePublished\":\"2022-03-22T10:54:24+00:00\",\"dateModified\":\"2022-03-28T11:45:25+00:00\",\"mainEntityOfPage\":{\"@id\":\"https:\\\/\\\/www.organisator.ch\\\/management\\\/2022-03-22\\\/so-funktioniert-das-sharing-fuer-firmen\\\/\"},\"wordCount\":930,\"publisher\":{\"@id\":\"https:\\\/\\\/www.organisator.ch\\\/#organization\"},\"image\":{\"@id\":\"https:\\\/\\\/www.organisator.ch\\\/management\\\/2022-03-22\\\/so-funktioniert-das-sharing-fuer-firmen\\\/#primaryimage\"},\"thumbnailUrl\":\"https:\\\/\\\/www.organisator.ch\\\/wp-content\\\/uploads\\\/2022\\\/03\\\/So-funktioniert-das-Sharing-fuer-Firmen_Organisator.jpg\",\"keywords\":[\"Forschungsprojekt\",\"Management und Unternehmensf\u00fchrung\",\"sharing economy\"],\"articleSection\":[\"MANAGEMENT\"],\"inLanguage\":\"de\"},{\"@type\":\"WebPage\",\"@id\":\"https:\\\/\\\/www.organisator.ch\\\/management\\\/2022-03-22\\\/so-funktioniert-das-sharing-fuer-firmen\\\/\",\"url\":\"https:\\\/\\\/www.organisator.ch\\\/management\\\/2022-03-22\\\/so-funktioniert-das-sharing-fuer-firmen\\\/\",\"name\":\"So funktioniert das Sharing f\u00fcr Firmen - Organisator\",\"isPartOf\":{\"@id\":\"https:\\\/\\\/www.organisator.ch\\\/#website\"},\"primaryImageOfPage\":{\"@id\":\"https:\\\/\\\/www.organisator.ch\\\/management\\\/2022-03-22\\\/so-funktioniert-das-sharing-fuer-firmen\\\/#primaryimage\"},\"image\":{\"@id\":\"https:\\\/\\\/www.organisator.ch\\\/management\\\/2022-03-22\\\/so-funktioniert-das-sharing-fuer-firmen\\\/#primaryimage\"},\"thumbnailUrl\":\"https:\\\/\\\/www.organisator.ch\\\/wp-content\\\/uploads\\\/2022\\\/03\\\/So-funktioniert-das-Sharing-fuer-Firmen_Organisator.jpg\",\"datePublished\":\"2022-03-22T10:54:24+00:00\",\"dateModified\":\"2022-03-28T11:45:25+00:00\",\"description\":\"Ein Forschungsteam der Hochschule Luzern und der FHNW hat untersucht, wie Sharing unter Firmen leichter gemacht werden kann.\",\"breadcrumb\":{\"@id\":\"https:\\\/\\\/www.organisator.ch\\\/management\\\/2022-03-22\\\/so-funktioniert-das-sharing-fuer-firmen\\\/#breadcrumb\"},\"inLanguage\":\"de\",\"potentialAction\":[{\"@type\":\"ReadAction\",\"target\":[\"https:\\\/\\\/www.organisator.ch\\\/management\\\/2022-03-22\\\/so-funktioniert-das-sharing-fuer-firmen\\\/\"]}]},{\"@type\":\"ImageObject\",\"inLanguage\":\"de\",\"@id\":\"https:\\\/\\\/www.organisator.ch\\\/management\\\/2022-03-22\\\/so-funktioniert-das-sharing-fuer-firmen\\\/#primaryimage\",\"url\":\"https:\\\/\\\/www.organisator.ch\\\/wp-content\\\/uploads\\\/2022\\\/03\\\/So-funktioniert-das-Sharing-fuer-Firmen_Organisator.jpg\",\"contentUrl\":\"https:\\\/\\\/www.organisator.ch\\\/wp-content\\\/uploads\\\/2022\\\/03\\\/So-funktioniert-das-Sharing-fuer-Firmen_Organisator.jpg\",\"width\":680,\"height\":453,\"caption\":\"Was im Consumer-Bereich, etwa f\u00fcr Autos, schon gang und g\u00e4be ist, soll auch f\u00fcr Firmen einfacher werden: Das Sharing, etwa von Maschinen und Fahrzeugen. (Bild: Unsplash.com)\"},{\"@type\":\"BreadcrumbList\",\"@id\":\"https:\\\/\\\/www.organisator.ch\\\/management\\\/2022-03-22\\\/so-funktioniert-das-sharing-fuer-firmen\\\/#breadcrumb\",\"itemListElement\":[{\"@type\":\"ListItem\",\"position\":1,\"name\":\"Home\",\"item\":\"https:\\\/\\\/www.organisator.ch\\\/\"},{\"@type\":\"ListItem\",\"position\":2,\"name\":\"So funktioniert das Sharing f\u00fcr Firmen\"}]},{\"@type\":\"WebSite\",\"@id\":\"https:\\\/\\\/www.organisator.ch\\\/#website\",\"url\":\"https:\\\/\\\/www.organisator.ch\\\/\",\"name\":\"Organisator\",\"description\":\"Kompetent. Praxisnah. Der ORGANISATOR bereitet in 10 Ausgaben pro Jahr die wesentlichen Themen f\u00fcr F\u00fchrungskr\u00e4fte von KMU auf.\",\"publisher\":{\"@id\":\"https:\\\/\\\/www.organisator.ch\\\/#organization\"},\"potentialAction\":[{\"@type\":\"SearchAction\",\"target\":{\"@type\":\"EntryPoint\",\"urlTemplate\":\"https:\\\/\\\/www.organisator.ch\\\/?s={search_term_string}\"},\"query-input\":{\"@type\":\"PropertyValueSpecification\",\"valueRequired\":true,\"valueName\":\"search_term_string\"}}],\"inLanguage\":\"de\"},{\"@type\":\"Organization\",\"@id\":\"https:\\\/\\\/www.organisator.ch\\\/#organization\",\"name\":\"Organisator\",\"url\":\"https:\\\/\\\/www.organisator.ch\\\/\",\"logo\":{\"@type\":\"ImageObject\",\"inLanguage\":\"de\",\"@id\":\"https:\\\/\\\/www.organisator.ch\\\/#\\\/schema\\\/logo\\\/image\\\/\",\"url\":\"https:\\\/\\\/www.organisator.ch\\\/wp-content\\\/uploads\\\/2022\\\/01\\\/Logo_Organisator_Website.png\",\"contentUrl\":\"https:\\\/\\\/www.organisator.ch\\\/wp-content\\\/uploads\\\/2022\\\/01\\\/Logo_Organisator_Website.png\",\"width\":800,\"height\":77,\"caption\":\"Organisator\"},\"image\":{\"@id\":\"https:\\\/\\\/www.organisator.ch\\\/#\\\/schema\\\/logo\\\/image\\\/\"},\"sameAs\":[\"https:\\\/\\\/www.facebook.com\\\/OrganisatorFachmagazin\",\"https:\\\/\\\/www.linkedin.com\\\/showcase\\\/organisator-das-magazin-fr-kmu\",\"https:\\\/\\\/www.xing.com\\\/news\\\/pages\\\/organisator-ch-695\",\"https:\\\/\\\/www.youtube.com\\\/channel\\\/UCGP2Sq0iWaZwT3BdIAQFYpw\"]},{\"@type\":\"Person\",\"@id\":\"https:\\\/\\\/www.organisator.ch\\\/#\\\/schema\\\/person\\\/6f650f90b2842cd4c0cc334b4e36f67e\",\"name\":\"thomas.berner\",\"image\":{\"@type\":\"ImageObject\",\"inLanguage\":\"de\",\"@id\":\"https:\\\/\\\/secure.gravatar.com\\\/avatar\\\/ac5001d2a36cb6c6cd3e50789007ffca834b477b74a2144564522e944eabff61?s=96&d=mm&r=g\",\"url\":\"https:\\\/\\\/secure.gravatar.com\\\/avatar\\\/ac5001d2a36cb6c6cd3e50789007ffca834b477b74a2144564522e944eabff61?s=96&d=mm&r=g\",\"contentUrl\":\"https:\\\/\\\/secure.gravatar.com\\\/avatar\\\/ac5001d2a36cb6c6cd3e50789007ffca834b477b74a2144564522e944eabff61?s=96&d=mm&r=g\",\"caption\":\"thomas.berner\"},\"url\":\"https:\\\/\\\/www.organisator.ch\\\/de\\\/author\\\/thomas-berner\\\/\"}]}<\/script>\n<!-- \/ Yoast SEO plugin. -->","yoast_head_json":{"title":"So funktioniert das Sharing f\u00fcr Firmen - Organisator","description":"Ein Forschungsteam der Hochschule Luzern und der FHNW hat untersucht, wie Sharing unter Firmen leichter gemacht werden kann.","robots":{"index":"index","follow":"follow","max-snippet":"max-snippet:-1","max-image-preview":"max-image-preview:large","max-video-preview":"max-video-preview:-1"},"canonical":"https:\/\/www.organisator.ch\/de\/management\/2022-03-22\/so-funktioniert-das-sharing-fuer-firmen\/","og_locale":"de_DE","og_type":"article","og_title":"So funktioniert das Sharing f\u00fcr Firmen","og_description":"Ein Forschungsteam der Hochschule Luzern und der FHNW hat untersucht, wie Sharing unter Firmen leichter gemacht werden kann.","og_url":"https:\/\/www.organisator.ch\/de\/management\/2022-03-22\/so-funktioniert-das-sharing-fuer-firmen\/","og_site_name":"Organisator","article_publisher":"https:\/\/www.facebook.com\/OrganisatorFachmagazin","article_published_time":"2022-03-22T10:54:24+00:00","article_modified_time":"2022-03-28T11:45:25+00:00","og_image":[{"width":680,"height":453,"url":"https:\/\/www.organisator.ch\/wp-content\/uploads\/2022\/03\/So-funktioniert-das-Sharing-fuer-Firmen_Organisator.jpg","type":"image\/jpeg"}],"author":"thomas.berner","twitter_card":"summary_large_image","twitter_title":"So funktioniert das #Sharing f\u00fcr #Firmen","twitter_description":"Ein #Forschungsteam der Hochschule Luzern #HSLU und der #FHNW hat untersucht, wie #Sharing unter #Firmen leichter gemacht werden kann.","twitter_image":"https:\/\/www.organisator.ch\/wp-content\/uploads\/2022\/03\/So-funktioniert-das-Sharing-fuer-Firmen_Organisator.jpg","schema":{"@context":"https:\/\/schema.org","@graph":[{"@type":"Article","@id":"https:\/\/www.organisator.ch\/management\/2022-03-22\/so-funktioniert-das-sharing-fuer-firmen\/#article","isPartOf":{"@id":"https:\/\/www.organisator.ch\/management\/2022-03-22\/so-funktioniert-das-sharing-fuer-firmen\/"},"author":{"name":"thomas.berner","@id":"https:\/\/www.organisator.ch\/#\/schema\/person\/6f650f90b2842cd4c0cc334b4e36f67e"},"headline":"So funktioniert das Sharing f\u00fcr Firmen","datePublished":"2022-03-22T10:54:24+00:00","dateModified":"2022-03-28T11:45:25+00:00","mainEntityOfPage":{"@id":"https:\/\/www.organisator.ch\/management\/2022-03-22\/so-funktioniert-das-sharing-fuer-firmen\/"},"wordCount":930,"publisher":{"@id":"https:\/\/www.organisator.ch\/#organization"},"image":{"@id":"https:\/\/www.organisator.ch\/management\/2022-03-22\/so-funktioniert-das-sharing-fuer-firmen\/#primaryimage"},"thumbnailUrl":"https:\/\/www.organisator.ch\/wp-content\/uploads\/2022\/03\/So-funktioniert-das-Sharing-fuer-Firmen_Organisator.jpg","keywords":["Forschungsprojekt","Management und Unternehmensf\u00fchrung","sharing economy"],"articleSection":["MANAGEMENT"],"inLanguage":"de"},{"@type":"WebPage","@id":"https:\/\/www.organisator.ch\/management\/2022-03-22\/so-funktioniert-das-sharing-fuer-firmen\/","url":"https:\/\/www.organisator.ch\/management\/2022-03-22\/so-funktioniert-das-sharing-fuer-firmen\/","name":"So funktioniert das Sharing f\u00fcr Firmen - Organisator","isPartOf":{"@id":"https:\/\/www.organisator.ch\/#website"},"primaryImageOfPage":{"@id":"https:\/\/www.organisator.ch\/management\/2022-03-22\/so-funktioniert-das-sharing-fuer-firmen\/#primaryimage"},"image":{"@id":"https:\/\/www.organisator.ch\/management\/2022-03-22\/so-funktioniert-das-sharing-fuer-firmen\/#primaryimage"},"thumbnailUrl":"https:\/\/www.organisator.ch\/wp-content\/uploads\/2022\/03\/So-funktioniert-das-Sharing-fuer-Firmen_Organisator.jpg","datePublished":"2022-03-22T10:54:24+00:00","dateModified":"2022-03-28T11:45:25+00:00","description":"Ein Forschungsteam der Hochschule Luzern und der FHNW hat untersucht, wie Sharing unter Firmen leichter gemacht werden kann.","breadcrumb":{"@id":"https:\/\/www.organisator.ch\/management\/2022-03-22\/so-funktioniert-das-sharing-fuer-firmen\/#breadcrumb"},"inLanguage":"de","potentialAction":[{"@type":"ReadAction","target":["https:\/\/www.organisator.ch\/management\/2022-03-22\/so-funktioniert-das-sharing-fuer-firmen\/"]}]},{"@type":"ImageObject","inLanguage":"de","@id":"https:\/\/www.organisator.ch\/management\/2022-03-22\/so-funktioniert-das-sharing-fuer-firmen\/#primaryimage","url":"https:\/\/www.organisator.ch\/wp-content\/uploads\/2022\/03\/So-funktioniert-das-Sharing-fuer-Firmen_Organisator.jpg","contentUrl":"https:\/\/www.organisator.ch\/wp-content\/uploads\/2022\/03\/So-funktioniert-das-Sharing-fuer-Firmen_Organisator.jpg","width":680,"height":453,"caption":"Was im Consumer-Bereich, etwa f\u00fcr Autos, schon gang und g\u00e4be ist, soll auch f\u00fcr Firmen einfacher werden: Das Sharing, etwa von Maschinen und Fahrzeugen. (Bild: Unsplash.com)"},{"@type":"BreadcrumbList","@id":"https:\/\/www.organisator.ch\/management\/2022-03-22\/so-funktioniert-das-sharing-fuer-firmen\/#breadcrumb","itemListElement":[{"@type":"ListItem","position":1,"name":"Home","item":"https:\/\/www.organisator.ch\/"},{"@type":"ListItem","position":2,"name":"So funktioniert das Sharing f\u00fcr Firmen"}]},{"@type":"WebSite","@id":"https:\/\/www.organisator.ch\/#website","url":"https:\/\/www.organisator.ch\/","name":"Organisator","description":"Kompetent. Praxisnah. Der ORGANISATOR bereitet in 10 Ausgaben pro Jahr die wesentlichen Themen f\u00fcr F\u00fchrungskr\u00e4fte von KMU auf.","publisher":{"@id":"https:\/\/www.organisator.ch\/#organization"},"potentialAction":[{"@type":"SearchAction","target":{"@type":"EntryPoint","urlTemplate":"https:\/\/www.organisator.ch\/?s={search_term_string}"},"query-input":{"@type":"PropertyValueSpecification","valueRequired":true,"valueName":"search_term_string"}}],"inLanguage":"de"},{"@type":"Organization","@id":"https:\/\/www.organisator.ch\/#organization","name":"Organisator","url":"https:\/\/www.organisator.ch\/","logo":{"@type":"ImageObject","inLanguage":"de","@id":"https:\/\/www.organisator.ch\/#\/schema\/logo\/image\/","url":"https:\/\/www.organisator.ch\/wp-content\/uploads\/2022\/01\/Logo_Organisator_Website.png","contentUrl":"https:\/\/www.organisator.ch\/wp-content\/uploads\/2022\/01\/Logo_Organisator_Website.png","width":800,"height":77,"caption":"Organisator"},"image":{"@id":"https:\/\/www.organisator.ch\/#\/schema\/logo\/image\/"},"sameAs":["https:\/\/www.facebook.com\/OrganisatorFachmagazin","https:\/\/www.linkedin.com\/showcase\/organisator-das-magazin-fr-kmu","https:\/\/www.xing.com\/news\/pages\/organisator-ch-695","https:\/\/www.youtube.com\/channel\/UCGP2Sq0iWaZwT3BdIAQFYpw"]},{"@type":"Person","@id":"https:\/\/www.organisator.ch\/#\/schema\/person\/6f650f90b2842cd4c0cc334b4e36f67e","name":"thomas.berner","image":{"@type":"ImageObject","inLanguage":"de","@id":"https:\/\/secure.gravatar.com\/avatar\/ac5001d2a36cb6c6cd3e50789007ffca834b477b74a2144564522e944eabff61?s=96&d=mm&r=g","url":"https:\/\/secure.gravatar.com\/avatar\/ac5001d2a36cb6c6cd3e50789007ffca834b477b74a2144564522e944eabff61?s=96&d=mm&r=g","contentUrl":"https:\/\/secure.gravatar.com\/avatar\/ac5001d2a36cb6c6cd3e50789007ffca834b477b74a2144564522e944eabff61?s=96&d=mm&r=g","caption":"thomas.berner"},"url":"https:\/\/www.organisator.ch\/de\/author\/thomas-berner\/"}]}},"_links":{"self":[{"href":"https:\/\/www.organisator.ch\/de\/wp-json\/wp\/v2\/posts\/12192","targetHints":{"allow":["GET"]}}],"collection":[{"href":"https:\/\/www.organisator.ch\/de\/wp-json\/wp\/v2\/posts"}],"about":[{"href":"https:\/\/www.organisator.ch\/de\/wp-json\/wp\/v2\/types\/post"}],"author":[{"embeddable":true,"href":"https:\/\/www.organisator.ch\/de\/wp-json\/wp\/v2\/users\/4"}],"replies":[{"embeddable":true,"href":"https:\/\/www.organisator.ch\/de\/wp-json\/wp\/v2\/comments?post=12192"}],"version-history":[{"count":1,"href":"https:\/\/www.organisator.ch\/de\/wp-json\/wp\/v2\/posts\/12192\/revisions"}],"predecessor-version":[{"id":12194,"href":"https:\/\/www.organisator.ch\/de\/wp-json\/wp\/v2\/posts\/12192\/revisions\/12194"}],"wp:featuredmedia":[{"embeddable":true,"href":"https:\/\/www.organisator.ch\/de\/wp-json\/wp\/v2\/media\/12193"}],"wp:attachment":[{"href":"https:\/\/www.organisator.ch\/de\/wp-json\/wp\/v2\/media?parent=12192"}],"wp:term":[{"taxonomy":"category","embeddable":true,"href":"https:\/\/www.organisator.ch\/de\/wp-json\/wp\/v2\/categories?post=12192"},{"taxonomy":"post_tag","embeddable":true,"href":"https:\/\/www.organisator.ch\/de\/wp-json\/wp\/v2\/tags?post=12192"}],"curies":[{"name":"wp","href":"https:\/\/api.w.org\/{rel}","templated":true}]}}