{"id":12200,"date":"2022-03-23T11:59:17","date_gmt":"2022-03-23T10:59:17","guid":{"rendered":"https:\/\/www.werbewoche.ch\/?p=167748"},"modified":"2022-08-01T13:53:52","modified_gmt":"2022-08-01T11:53:52","slug":"rosarot-stellt-den-neuen-rivella-brand-eaumoi-vor","status":"publish","type":"post","link":"https:\/\/www.organisator.ch\/de\/marketing\/2022-03-23\/rosarot-stellt-den-neuen-rivella-brand-eaumoi-vor\/","title":{"rendered":"Rosarot stellt den neuen Rivella-Brand \u00abEau&amp;Moi\u00bb vor"},"content":{"rendered":"<img class=\"alignnone wp-image-167750 size-full\" src=\"https:\/\/www.werbewoche.ch\/wp-content\/uploads\/2022\/03\/eau-et-moi-1.jpg\" alt=\"Rivella\" width=\"1200\" height=\"900\" \/>Schweizer Hahnenwasser ist zwar qualitativ einwandfrei, g\u00fcnstig und gesund \u2013 aber auf Dauer auch ein bisschen langweilig. Mit \u00abEau&amp;Moi\u00bb m\u00f6chte Rivella das lasche Hahnenwasser in ein fruchtiges Erfrischungsgetr\u00e4nk mit nat\u00fcrlichen Zutaten verwandeln. Daf\u00fcr werden p\u00fcrierte Fr\u00fcchte, Kr\u00e4uter und Gew\u00fcrze in kleine Beutel gepackt, die als nat\u00fcrlicher Geschmackszusatz dem Hahnenwasser beigef\u00fcgt werden k\u00f6nnen.\r\n\r\n<a href=\"https:\/\/www.werbewoche.ch\/wp-content\/uploads\/2022\/03\/eau-et-moi-3.jpg\"><img class=\"attachment-full alignnone\" src=\"https:\/\/www.werbewoche.ch\/wp-content\/uploads\/2022\/03\/eau-et-moi-3.jpg\" alt=\"Rivella\" width=\"1200\" height=\"900\" \/><\/a>\r\n<a href=\"https:\/\/www.werbewoche.ch\/wp-content\/uploads\/2022\/03\/eau-et-moi-4.0.jpg\"><img class=\"attachment-full alignnone\" src=\"https:\/\/www.werbewoche.ch\/wp-content\/uploads\/2022\/03\/eau-et-moi-4.0.jpg\" alt=\"Rivella\" width=\"1200\" height=\"900\" \/><\/a>\r\n<a href=\"https:\/\/www.werbewoche.ch\/wp-content\/uploads\/2022\/03\/eau-et-moi-10.jpg\"><img class=\"attachment-full alignnone\" src=\"https:\/\/www.werbewoche.ch\/wp-content\/uploads\/2022\/03\/eau-et-moi-10.jpg\" alt=\"Rivella\" width=\"1200\" height=\"900\" \/><\/a>\r\n<a href=\"https:\/\/www.werbewoche.ch\/wp-content\/uploads\/2022\/03\/eau-et-moi-7.jpg\"><img class=\"attachment-full alignnone\" src=\"https:\/\/www.werbewoche.ch\/wp-content\/uploads\/2022\/03\/eau-et-moi-7.jpg\" alt=\"Rivella\" width=\"1200\" height=\"900\" \/><\/a>\r\n\r\nRosarot hat f\u00fcr den Rivella-Brand den Autritt konzipiert. Daf\u00fcr wurde mit der Kundin im Vorfeld in einem Brand-Workshop die Markenwerte, Differenzierung und Relevanz der Produktinnovation definiert. Entstanden ist eine Website mit neu entwickelter Usability und neu definiertem User Interface. Mit von Wasser und Fr\u00fcchten inspirierten Animationen und Designs soll der Besuch der Website zu einem kleinen Einkaufserlebnis werden.\r\n\r\n<a href=\"https:\/\/www.werbewoche.ch\/wp-content\/uploads\/2022\/03\/01_Uebersicht_eauetmoi_mobile.jpg\"><img class=\"attachment-full alignnone\" src=\"https:\/\/www.werbewoche.ch\/wp-content\/uploads\/2022\/03\/01_Uebersicht_eauetmoi_mobile.jpg\" alt=\"Rivella\" width=\"1200\" height=\"800\" \/><\/a>\r\n<a href=\"https:\/\/www.werbewoche.ch\/wp-content\/uploads\/2022\/03\/03_eauetmoi_mockup_mobile_02.jpg\"><img class=\"attachment-full alignnone\" src=\"https:\/\/www.werbewoche.ch\/wp-content\/uploads\/2022\/03\/03_eauetmoi_mockup_mobile_02.jpg\" alt=\"Rivella\" width=\"1200\" height=\"800\" \/><\/a>\r\n\r\nAuf der Website gibt es smarte Mechaniken wie ein Abo-Konfigurator, der vorrechnet, wie viel der t\u00e4glich empfohlenen Wassertrinkmenge aromatisiert werden kann, sowie ein f\u00fcrs Cross Selling optimierter, intelligenter Warenkorb. Das ganzheitliche Storytelling rundet den Auftritt ab.\r\n\r\n\r\n\r\n<hr \/>\r\n\r\n<strong>Verantwortlich bei Eau&amp;Moi:<\/strong> Ciydem Buchheit (Leiterin New Business), Floriane Schmid (Junior Manager New Business). <strong>Verantwortlich bei Rosarot:<\/strong> Ren\u00e9 Karrer (Creative Direction), Andreas Steiner (Director Content), Labinot Gashi (Director Digital), Isabelle Niemann (Projektleitung Digital Marketing), Florian Fleischmann (Art Direction), Marcela Narvaez, Stefanie Steimer (Graphic Design).","protected":false},"excerpt":{"rendered":"<p>Schweizer Hahnenwasser ist zwar qualitativ einwandfrei, g\u00fcnstig und gesund \u2013 aber auf Dauer auch ein bisschen langweilig. Mit \u00abEau&amp;Moi\u00bb m\u00f6chte Rivella das lasche Hahnenwasser in ein fruchtiges Erfrischungsgetr\u00e4nk mit nat\u00fcrlichen Zutaten verwandeln. Daf\u00fcr werden p\u00fcrierte Fr\u00fcchte, Kr\u00e4uter und Gew\u00fcrze in kleine Beutel gepackt, die als nat\u00fcrlicher Geschmackszusatz dem Hahnenwasser beigef\u00fcgt werden k\u00f6nnen. Rosarot hat f\u00fcr [\u2026]<\/p>\n","protected":false},"author":8,"featured_media":0,"comment_status":"closed","ping_status":"closed","sticky":false,"template":"","format":"standard","meta":{"_acf_changed":false,"_yoast_wpseo_focuskw":"Rivella","_yoast_wpseo_metadesc":"Rosarot bringt f\u00fcr \u00abEau&Moi\u00bb die Schweiz auf den Geschmack von Hahnenwasser. Die Z\u00fcrcher Agentur inszeniert den neuen Auftritt des Rivella-Brands mit viel Storytelling und smarter Intelligenz.","articlekey":"","footnotes":""},"categories":[29],"tags":[2758],"class_list":["post-12200","post","type-post","status-publish","format-standard","hentry","category-marketing","tag-rivella"],"acf":[],"yoast_head":"<!-- This site is optimized with the Yoast SEO plugin v27.5 - https:\/\/yoast.com\/product\/yoast-seo-wordpress\/ -->\n<title>Rosarot stellt den neuen Rivella-Brand \u00abEau&amp;Moi\u00bb vor - Organisator<\/title>\n<meta name=\"description\" content=\"Rosarot bringt f\u00fcr \u00abEau&amp;Moi\u00bb die Schweiz auf den Geschmack von Hahnenwasser. Die Z\u00fcrcher Agentur inszeniert den neuen Auftritt des Rivella-Brands mit viel Storytelling und smarter Intelligenz.\" \/>\n<meta name=\"robots\" content=\"index, follow, max-snippet:-1, max-image-preview:large, max-video-preview:-1\" \/>\n<link rel=\"canonical\" href=\"https:\/\/www.werbewoche.ch\/de\/marketing\/marken\/2022-03-23\/rosarot-stellt-den-neuen-rivella-brand-eaumoi-vor\/\" \/>\n<meta property=\"og:locale\" content=\"de_DE\" \/>\n<meta property=\"og:type\" content=\"article\" \/>\n<meta property=\"og:title\" content=\"Rosarot stellt den neuen Rivella-Brand \u00abEau&amp;Moi\u00bb vor - Organisator\" \/>\n<meta property=\"og:description\" content=\"Rosarot bringt f\u00fcr \u00abEau&amp;Moi\u00bb die Schweiz auf den Geschmack von Hahnenwasser. Die Z\u00fcrcher Agentur inszeniert den neuen Auftritt des Rivella-Brands mit viel Storytelling und smarter Intelligenz.\" \/>\n<meta property=\"og:url\" content=\"https:\/\/www.werbewoche.ch\/de\/marketing\/marken\/2022-03-23\/rosarot-stellt-den-neuen-rivella-brand-eaumoi-vor\/\" \/>\n<meta property=\"og:site_name\" content=\"Organisator\" \/>\n<meta property=\"article:publisher\" content=\"https:\/\/www.facebook.com\/OrganisatorFachmagazin\" \/>\n<meta property=\"article:published_time\" content=\"2022-03-23T10:59:17+00:00\" \/>\n<meta property=\"article:modified_time\" content=\"2022-08-01T11:53:52+00:00\" \/>\n<meta property=\"og:image\" content=\"https:\/\/www.werbewoche.ch\/wp-content\/uploads\/2022\/03\/eau-et-moi-1.jpg\" \/>\n<meta name=\"author\" content=\"galledia\" \/>\n<meta name=\"twitter:card\" content=\"summary_large_image\" \/>\n<meta name=\"twitter:creator\" content=\"@admin\" \/>\n<script type=\"application\/ld+json\" class=\"yoast-schema-graph\">{\"@context\":\"https:\\\/\\\/schema.org\",\"@graph\":[{\"@type\":\"Article\",\"@id\":\"https:\\\/\\\/www.werbewoche.ch\\\/de\\\/marketing\\\/marken\\\/2022-03-23\\\/rosarot-stellt-den-neuen-rivella-brand-eaumoi-vor\\\/#article\",\"isPartOf\":{\"@id\":\"https:\\\/\\\/www.organisator.ch\\\/marketing\\\/2022-03-23\\\/rosarot-stellt-den-neuen-rivella-brand-eaumoi-vor\\\/\"},\"author\":{\"name\":\"galledia\",\"@id\":\"https:\\\/\\\/www.organisator.ch\\\/#\\\/schema\\\/person\\\/4e51799071cd2dd1232ac003643ef5f0\"},\"headline\":\"Rosarot stellt den neuen Rivella-Brand \u00abEau&amp;Moi\u00bb vor\",\"datePublished\":\"2022-03-23T10:59:17+00:00\",\"dateModified\":\"2022-08-01T11:53:52+00:00\",\"mainEntityOfPage\":{\"@id\":\"https:\\\/\\\/www.organisator.ch\\\/marketing\\\/2022-03-23\\\/rosarot-stellt-den-neuen-rivella-brand-eaumoi-vor\\\/\"},\"wordCount\":219,\"publisher\":{\"@id\":\"https:\\\/\\\/www.organisator.ch\\\/#organization\"},\"image\":{\"@id\":\"https:\\\/\\\/www.werbewoche.ch\\\/de\\\/marketing\\\/marken\\\/2022-03-23\\\/rosarot-stellt-den-neuen-rivella-brand-eaumoi-vor\\\/#primaryimage\"},\"thumbnailUrl\":\"https:\\\/\\\/www.werbewoche.ch\\\/wp-content\\\/uploads\\\/2022\\\/03\\\/eau-et-moi-1.jpg\",\"keywords\":[\"Rivella\"],\"articleSection\":[\"MARKETING\"],\"inLanguage\":\"de\"},{\"@type\":\"WebPage\",\"@id\":\"https:\\\/\\\/www.organisator.ch\\\/marketing\\\/2022-03-23\\\/rosarot-stellt-den-neuen-rivella-brand-eaumoi-vor\\\/\",\"url\":\"https:\\\/\\\/www.werbewoche.ch\\\/de\\\/marketing\\\/marken\\\/2022-03-23\\\/rosarot-stellt-den-neuen-rivella-brand-eaumoi-vor\\\/\",\"name\":\"Rosarot stellt den neuen Rivella-Brand \u00abEau&amp;Moi\u00bb vor - Organisator\",\"isPartOf\":{\"@id\":\"https:\\\/\\\/www.organisator.ch\\\/#website\"},\"primaryImageOfPage\":{\"@id\":\"https:\\\/\\\/www.werbewoche.ch\\\/de\\\/marketing\\\/marken\\\/2022-03-23\\\/rosarot-stellt-den-neuen-rivella-brand-eaumoi-vor\\\/#primaryimage\"},\"image\":{\"@id\":\"https:\\\/\\\/www.werbewoche.ch\\\/de\\\/marketing\\\/marken\\\/2022-03-23\\\/rosarot-stellt-den-neuen-rivella-brand-eaumoi-vor\\\/#primaryimage\"},\"thumbnailUrl\":\"https:\\\/\\\/www.werbewoche.ch\\\/wp-content\\\/uploads\\\/2022\\\/03\\\/eau-et-moi-1.jpg\",\"datePublished\":\"2022-03-23T10:59:17+00:00\",\"dateModified\":\"2022-08-01T11:53:52+00:00\",\"description\":\"Rosarot bringt f\u00fcr \u00abEau&Moi\u00bb die Schweiz auf den Geschmack von Hahnenwasser. Die Z\u00fcrcher Agentur inszeniert den neuen Auftritt des Rivella-Brands mit viel Storytelling und smarter Intelligenz.\",\"breadcrumb\":{\"@id\":\"https:\\\/\\\/www.werbewoche.ch\\\/de\\\/marketing\\\/marken\\\/2022-03-23\\\/rosarot-stellt-den-neuen-rivella-brand-eaumoi-vor\\\/#breadcrumb\"},\"inLanguage\":\"de\",\"potentialAction\":[{\"@type\":\"ReadAction\",\"target\":[\"https:\\\/\\\/www.werbewoche.ch\\\/de\\\/marketing\\\/marken\\\/2022-03-23\\\/rosarot-stellt-den-neuen-rivella-brand-eaumoi-vor\\\/\"]}]},{\"@type\":\"ImageObject\",\"inLanguage\":\"de\",\"@id\":\"https:\\\/\\\/www.werbewoche.ch\\\/de\\\/marketing\\\/marken\\\/2022-03-23\\\/rosarot-stellt-den-neuen-rivella-brand-eaumoi-vor\\\/#primaryimage\",\"url\":\"https:\\\/\\\/www.werbewoche.ch\\\/wp-content\\\/uploads\\\/2022\\\/03\\\/eau-et-moi-1.jpg\",\"contentUrl\":\"https:\\\/\\\/www.werbewoche.ch\\\/wp-content\\\/uploads\\\/2022\\\/03\\\/eau-et-moi-1.jpg\"},{\"@type\":\"BreadcrumbList\",\"@id\":\"https:\\\/\\\/www.werbewoche.ch\\\/de\\\/marketing\\\/marken\\\/2022-03-23\\\/rosarot-stellt-den-neuen-rivella-brand-eaumoi-vor\\\/#breadcrumb\",\"itemListElement\":[{\"@type\":\"ListItem\",\"position\":1,\"name\":\"Home\",\"item\":\"https:\\\/\\\/www.organisator.ch\\\/\"},{\"@type\":\"ListItem\",\"position\":2,\"name\":\"Rosarot stellt den neuen Rivella-Brand \u00abEau&amp;Moi\u00bb vor\"}]},{\"@type\":\"WebSite\",\"@id\":\"https:\\\/\\\/www.organisator.ch\\\/#website\",\"url\":\"https:\\\/\\\/www.organisator.ch\\\/\",\"name\":\"Organisator\",\"description\":\"Kompetent. Praxisnah. Der ORGANISATOR bereitet in 10 Ausgaben pro Jahr die wesentlichen Themen f\u00fcr F\u00fchrungskr\u00e4fte von KMU auf.\",\"publisher\":{\"@id\":\"https:\\\/\\\/www.organisator.ch\\\/#organization\"},\"potentialAction\":[{\"@type\":\"SearchAction\",\"target\":{\"@type\":\"EntryPoint\",\"urlTemplate\":\"https:\\\/\\\/www.organisator.ch\\\/?s={search_term_string}\"},\"query-input\":{\"@type\":\"PropertyValueSpecification\",\"valueRequired\":true,\"valueName\":\"search_term_string\"}}],\"inLanguage\":\"de\"},{\"@type\":\"Organization\",\"@id\":\"https:\\\/\\\/www.organisator.ch\\\/#organization\",\"name\":\"Organisator\",\"url\":\"https:\\\/\\\/www.organisator.ch\\\/\",\"logo\":{\"@type\":\"ImageObject\",\"inLanguage\":\"de\",\"@id\":\"https:\\\/\\\/www.organisator.ch\\\/#\\\/schema\\\/logo\\\/image\\\/\",\"url\":\"https:\\\/\\\/www.organisator.ch\\\/wp-content\\\/uploads\\\/2022\\\/01\\\/Logo_Organisator_Website.png\",\"contentUrl\":\"https:\\\/\\\/www.organisator.ch\\\/wp-content\\\/uploads\\\/2022\\\/01\\\/Logo_Organisator_Website.png\",\"width\":800,\"height\":77,\"caption\":\"Organisator\"},\"image\":{\"@id\":\"https:\\\/\\\/www.organisator.ch\\\/#\\\/schema\\\/logo\\\/image\\\/\"},\"sameAs\":[\"https:\\\/\\\/www.facebook.com\\\/OrganisatorFachmagazin\",\"https:\\\/\\\/www.linkedin.com\\\/showcase\\\/organisator-das-magazin-fr-kmu\",\"https:\\\/\\\/www.xing.com\\\/news\\\/pages\\\/organisator-ch-695\",\"https:\\\/\\\/www.youtube.com\\\/channel\\\/UCGP2Sq0iWaZwT3BdIAQFYpw\"]},{\"@type\":\"Person\",\"@id\":\"https:\\\/\\\/www.organisator.ch\\\/#\\\/schema\\\/person\\\/4e51799071cd2dd1232ac003643ef5f0\",\"name\":\"galledia\",\"image\":{\"@type\":\"ImageObject\",\"inLanguage\":\"de\",\"@id\":\"https:\\\/\\\/secure.gravatar.com\\\/avatar\\\/78a7f90c01fc2bfc875782a0d4922b37cde2cf184ce347b91316d23cd7f69a36?s=96&d=mm&r=g\",\"url\":\"https:\\\/\\\/secure.gravatar.com\\\/avatar\\\/78a7f90c01fc2bfc875782a0d4922b37cde2cf184ce347b91316d23cd7f69a36?s=96&d=mm&r=g\",\"contentUrl\":\"https:\\\/\\\/secure.gravatar.com\\\/avatar\\\/78a7f90c01fc2bfc875782a0d4922b37cde2cf184ce347b91316d23cd7f69a36?s=96&d=mm&r=g\",\"caption\":\"galledia\"},\"sameAs\":[\"https:\\\/\\\/x.com\\\/admin\"],\"url\":\"https:\\\/\\\/www.organisator.ch\\\/de\\\/author\\\/galledia\\\/\"}]}<\/script>\n<!-- \/ Yoast SEO plugin. -->","yoast_head_json":{"title":"Rosarot stellt den neuen Rivella-Brand \u00abEau&amp;Moi\u00bb vor - Organisator","description":"Rosarot bringt f\u00fcr \u00abEau&Moi\u00bb die Schweiz auf den Geschmack von Hahnenwasser. Die Z\u00fcrcher Agentur inszeniert den neuen Auftritt des Rivella-Brands mit viel Storytelling und smarter Intelligenz.","robots":{"index":"index","follow":"follow","max-snippet":"max-snippet:-1","max-image-preview":"max-image-preview:large","max-video-preview":"max-video-preview:-1"},"canonical":"https:\/\/www.werbewoche.ch\/de\/marketing\/marken\/2022-03-23\/rosarot-stellt-den-neuen-rivella-brand-eaumoi-vor\/","og_locale":"de_DE","og_type":"article","og_title":"Rosarot stellt den neuen Rivella-Brand \u00abEau&amp;Moi\u00bb vor - Organisator","og_description":"Rosarot bringt f\u00fcr \u00abEau&Moi\u00bb die Schweiz auf den Geschmack von Hahnenwasser. Die Z\u00fcrcher Agentur inszeniert den neuen Auftritt des Rivella-Brands mit viel Storytelling und smarter Intelligenz.","og_url":"https:\/\/www.werbewoche.ch\/de\/marketing\/marken\/2022-03-23\/rosarot-stellt-den-neuen-rivella-brand-eaumoi-vor\/","og_site_name":"Organisator","article_publisher":"https:\/\/www.facebook.com\/OrganisatorFachmagazin","article_published_time":"2022-03-23T10:59:17+00:00","article_modified_time":"2022-08-01T11:53:52+00:00","og_image":[{"url":"https:\/\/www.werbewoche.ch\/wp-content\/uploads\/2022\/03\/eau-et-moi-1.jpg","type":"","width":"","height":""}],"author":"galledia","twitter_card":"summary_large_image","twitter_creator":"@admin","schema":{"@context":"https:\/\/schema.org","@graph":[{"@type":"Article","@id":"https:\/\/www.werbewoche.ch\/de\/marketing\/marken\/2022-03-23\/rosarot-stellt-den-neuen-rivella-brand-eaumoi-vor\/#article","isPartOf":{"@id":"https:\/\/www.organisator.ch\/marketing\/2022-03-23\/rosarot-stellt-den-neuen-rivella-brand-eaumoi-vor\/"},"author":{"name":"galledia","@id":"https:\/\/www.organisator.ch\/#\/schema\/person\/4e51799071cd2dd1232ac003643ef5f0"},"headline":"Rosarot stellt den neuen Rivella-Brand \u00abEau&amp;Moi\u00bb vor","datePublished":"2022-03-23T10:59:17+00:00","dateModified":"2022-08-01T11:53:52+00:00","mainEntityOfPage":{"@id":"https:\/\/www.organisator.ch\/marketing\/2022-03-23\/rosarot-stellt-den-neuen-rivella-brand-eaumoi-vor\/"},"wordCount":219,"publisher":{"@id":"https:\/\/www.organisator.ch\/#organization"},"image":{"@id":"https:\/\/www.werbewoche.ch\/de\/marketing\/marken\/2022-03-23\/rosarot-stellt-den-neuen-rivella-brand-eaumoi-vor\/#primaryimage"},"thumbnailUrl":"https:\/\/www.werbewoche.ch\/wp-content\/uploads\/2022\/03\/eau-et-moi-1.jpg","keywords":["Rivella"],"articleSection":["MARKETING"],"inLanguage":"de"},{"@type":"WebPage","@id":"https:\/\/www.organisator.ch\/marketing\/2022-03-23\/rosarot-stellt-den-neuen-rivella-brand-eaumoi-vor\/","url":"https:\/\/www.werbewoche.ch\/de\/marketing\/marken\/2022-03-23\/rosarot-stellt-den-neuen-rivella-brand-eaumoi-vor\/","name":"Rosarot stellt den neuen Rivella-Brand \u00abEau&amp;Moi\u00bb vor - Organisator","isPartOf":{"@id":"https:\/\/www.organisator.ch\/#website"},"primaryImageOfPage":{"@id":"https:\/\/www.werbewoche.ch\/de\/marketing\/marken\/2022-03-23\/rosarot-stellt-den-neuen-rivella-brand-eaumoi-vor\/#primaryimage"},"image":{"@id":"https:\/\/www.werbewoche.ch\/de\/marketing\/marken\/2022-03-23\/rosarot-stellt-den-neuen-rivella-brand-eaumoi-vor\/#primaryimage"},"thumbnailUrl":"https:\/\/www.werbewoche.ch\/wp-content\/uploads\/2022\/03\/eau-et-moi-1.jpg","datePublished":"2022-03-23T10:59:17+00:00","dateModified":"2022-08-01T11:53:52+00:00","description":"Rosarot bringt f\u00fcr \u00abEau&Moi\u00bb die Schweiz auf den Geschmack von Hahnenwasser. Die Z\u00fcrcher Agentur inszeniert den neuen Auftritt des Rivella-Brands mit viel Storytelling und smarter Intelligenz.","breadcrumb":{"@id":"https:\/\/www.werbewoche.ch\/de\/marketing\/marken\/2022-03-23\/rosarot-stellt-den-neuen-rivella-brand-eaumoi-vor\/#breadcrumb"},"inLanguage":"de","potentialAction":[{"@type":"ReadAction","target":["https:\/\/www.werbewoche.ch\/de\/marketing\/marken\/2022-03-23\/rosarot-stellt-den-neuen-rivella-brand-eaumoi-vor\/"]}]},{"@type":"ImageObject","inLanguage":"de","@id":"https:\/\/www.werbewoche.ch\/de\/marketing\/marken\/2022-03-23\/rosarot-stellt-den-neuen-rivella-brand-eaumoi-vor\/#primaryimage","url":"https:\/\/www.werbewoche.ch\/wp-content\/uploads\/2022\/03\/eau-et-moi-1.jpg","contentUrl":"https:\/\/www.werbewoche.ch\/wp-content\/uploads\/2022\/03\/eau-et-moi-1.jpg"},{"@type":"BreadcrumbList","@id":"https:\/\/www.werbewoche.ch\/de\/marketing\/marken\/2022-03-23\/rosarot-stellt-den-neuen-rivella-brand-eaumoi-vor\/#breadcrumb","itemListElement":[{"@type":"ListItem","position":1,"name":"Home","item":"https:\/\/www.organisator.ch\/"},{"@type":"ListItem","position":2,"name":"Rosarot stellt den neuen Rivella-Brand \u00abEau&amp;Moi\u00bb vor"}]},{"@type":"WebSite","@id":"https:\/\/www.organisator.ch\/#website","url":"https:\/\/www.organisator.ch\/","name":"Organisator","description":"Kompetent. Praxisnah. Der ORGANISATOR bereitet in 10 Ausgaben pro Jahr die wesentlichen Themen f\u00fcr F\u00fchrungskr\u00e4fte von KMU auf.","publisher":{"@id":"https:\/\/www.organisator.ch\/#organization"},"potentialAction":[{"@type":"SearchAction","target":{"@type":"EntryPoint","urlTemplate":"https:\/\/www.organisator.ch\/?s={search_term_string}"},"query-input":{"@type":"PropertyValueSpecification","valueRequired":true,"valueName":"search_term_string"}}],"inLanguage":"de"},{"@type":"Organization","@id":"https:\/\/www.organisator.ch\/#organization","name":"Organisator","url":"https:\/\/www.organisator.ch\/","logo":{"@type":"ImageObject","inLanguage":"de","@id":"https:\/\/www.organisator.ch\/#\/schema\/logo\/image\/","url":"https:\/\/www.organisator.ch\/wp-content\/uploads\/2022\/01\/Logo_Organisator_Website.png","contentUrl":"https:\/\/www.organisator.ch\/wp-content\/uploads\/2022\/01\/Logo_Organisator_Website.png","width":800,"height":77,"caption":"Organisator"},"image":{"@id":"https:\/\/www.organisator.ch\/#\/schema\/logo\/image\/"},"sameAs":["https:\/\/www.facebook.com\/OrganisatorFachmagazin","https:\/\/www.linkedin.com\/showcase\/organisator-das-magazin-fr-kmu","https:\/\/www.xing.com\/news\/pages\/organisator-ch-695","https:\/\/www.youtube.com\/channel\/UCGP2Sq0iWaZwT3BdIAQFYpw"]},{"@type":"Person","@id":"https:\/\/www.organisator.ch\/#\/schema\/person\/4e51799071cd2dd1232ac003643ef5f0","name":"galledia","image":{"@type":"ImageObject","inLanguage":"de","@id":"https:\/\/secure.gravatar.com\/avatar\/78a7f90c01fc2bfc875782a0d4922b37cde2cf184ce347b91316d23cd7f69a36?s=96&d=mm&r=g","url":"https:\/\/secure.gravatar.com\/avatar\/78a7f90c01fc2bfc875782a0d4922b37cde2cf184ce347b91316d23cd7f69a36?s=96&d=mm&r=g","contentUrl":"https:\/\/secure.gravatar.com\/avatar\/78a7f90c01fc2bfc875782a0d4922b37cde2cf184ce347b91316d23cd7f69a36?s=96&d=mm&r=g","caption":"galledia"},"sameAs":["https:\/\/x.com\/admin"],"url":"https:\/\/www.organisator.ch\/de\/author\/galledia\/"}]}},"_links":{"self":[{"href":"https:\/\/www.organisator.ch\/de\/wp-json\/wp\/v2\/posts\/12200","targetHints":{"allow":["GET"]}}],"collection":[{"href":"https:\/\/www.organisator.ch\/de\/wp-json\/wp\/v2\/posts"}],"about":[{"href":"https:\/\/www.organisator.ch\/de\/wp-json\/wp\/v2\/types\/post"}],"author":[{"embeddable":true,"href":"https:\/\/www.organisator.ch\/de\/wp-json\/wp\/v2\/users\/8"}],"replies":[{"embeddable":true,"href":"https:\/\/www.organisator.ch\/de\/wp-json\/wp\/v2\/comments?post=12200"}],"version-history":[{"count":3,"href":"https:\/\/www.organisator.ch\/de\/wp-json\/wp\/v2\/posts\/12200\/revisions"}],"predecessor-version":[{"id":16049,"href":"https:\/\/www.organisator.ch\/de\/wp-json\/wp\/v2\/posts\/12200\/revisions\/16049"}],"wp:attachment":[{"href":"https:\/\/www.organisator.ch\/de\/wp-json\/wp\/v2\/media?parent=12200"}],"wp:term":[{"taxonomy":"category","embeddable":true,"href":"https:\/\/www.organisator.ch\/de\/wp-json\/wp\/v2\/categories?post=12200"},{"taxonomy":"post_tag","embeddable":true,"href":"https:\/\/www.organisator.ch\/de\/wp-json\/wp\/v2\/tags?post=12200"}],"curies":[{"name":"wp","href":"https:\/\/api.w.org\/{rel}","templated":true}]}}