{"id":12246,"date":"2022-03-28T10:59:57","date_gmt":"2022-03-28T08:59:57","guid":{"rendered":"https:\/\/www.werbewoche.ch\/?p=168041"},"modified":"2022-08-01T13:43:12","modified_gmt":"2022-08-01T11:43:12","slug":"studie-von-link-so-denkt-die-schweiz-ueber-den-ukraine-konflikt","status":"publish","type":"post","link":"https:\/\/www.organisator.ch\/de\/marketing\/2022-03-28\/studie-von-link-so-denkt-die-schweiz-ueber-den-ukraine-konflikt\/","title":{"rendered":"Studie von Link: So denkt die Schweiz \u00fcber den Ukraine-Konflikt"},"content":{"rendered":"<img class=\"alignnone wp-image-168047 size-medium\" src=\"https:\/\/www.werbewoche.ch\/wp-content\/uploads\/2022\/03\/umfrage1200-1-600x331.png\" alt=\"Schweiz\" width=\"600\" height=\"331\" \/>Aus aktuellem Anlass hat LINK vom 17. bis 21. M\u00e4rz 2022 eine repr\u00e4sentative Umfrage unter der Schweizer Bev\u00f6lkerung zum Krieg in der Ukraine durchgef\u00fchrt. Die Ergebnisse zeichnen ein genaues Bild davon, wie Schweizerinnen und Schweizer die aktuelle Situation einsch\u00e4tzen und was sie \u00fcber verschiedene Aspekte denken, unter anderem \u00fcber die Aufnahme von Fl\u00fcchtlingen aus der Ukraine oder \u00fcber m\u00f6gliche Ver\u00e4nderungen in ihrem eigenen Alltag.\r\n\r\nDrei von vier Schweizer*innen verfolgen die Berichterstattung \u00fcber den russischen Einmarsch in die Ukraine etwas (41 Prozent) bis sehr intensiv (35 Prozent). Je \u00e4lter die Generation, desto st\u00e4rker werden die Nachrichten zum Thema verfolgt \u2013 w\u00e4hrend bei 15-29-J\u00e4hrigen knapp ein Viertel die Berichterstattung intensiv rezipiert, ist es bei den 60-79-J\u00e4hrigen \u00fcber die H\u00e4lfte.\r\n\r\nGleichzeitig ist die j\u00fcngste befragte Generation am zuversichtlichsten, dass sich der russische Angriff auf die Ukraine kaum oder \u00fcberhaupt nicht negativ auf ihre pers\u00f6nliche finanzielle Situation auswirken wird (44 Prozent). Die \u00e4lteren Generationen sind diesbez\u00fcglich deutlich weniger optimistisch. Besorgt \u00fcber die aktuelle Situation zwischen der Ukraine und Russland ist jedoch eine Mehrheit jeder Altersgruppe, die H\u00e4lfte der Bev\u00f6lkerung sogar sehr. Besonders die M\u00f6glichkeit, dass Russland Chemie- (85 Prozent) oder Atomwaffen (79 Prozent) einsetzt, ruft in der Schweiz Sorge hervor.\r\n<h3>Schweizer Bev\u00f6lkerung bef\u00fcrwortet Sanktionen gegen Russland und spricht sich f\u00fcr m\u00f6gliche weitere aus<\/h3>\r\nLINK wollte wissen, wie Schweizerinnen und Schweizer die aktuell umgesetzten Sanktionen des Bundesrates u.a. gegen Russland beurteilen und was sie \u00fcber m\u00f6gliche weitere Sanktionen denken. Generell stimmt eine Mehrheit der Bev\u00f6lkerung den Aktionen des Bundesrates zu und findet, dass die gesprochenen Sanktionen in etwa richtig sind. Lediglich die Einschr\u00e4nkungen bei Visa-Erleichterungen f\u00fcr Russinnen und Russen bef\u00fcrworten nur 48 Prozent \u2013 knapp einem Viertel der Befragten gehen diese zu weit, gleichzeitig gehen sie einem F\u00fcnftel nicht weit genug.\r\n\r\nViele m\u00f6gliche weitere Sanktionen gegen Russland werden von der Schweizer Bev\u00f6lkerung bef\u00fcrwortet. Beispielsweise f\u00e4nden \u00fcber die H\u00e4lfte von ihnen Exportkontrollen f\u00fcr Hightech-Produkte und Software an Russland richtig, f\u00fcr ein Viertel k\u00f6nnten diese sogar noch weiter gehen. Sehr \u00e4hnlich sieht es beispielsweise beim Einfrieren s\u00e4mtlicher in der Schweiz vorhandenen Verm\u00f6genswerte hochrangiger Russen aus. Jedoch spricht sich auch ein Viertel gegen den Entzug der Aufenthaltsgenehmigung f\u00fcr russische Personen, die der russischen Regierung nahestehen und in der Schweiz leben, aus. Ebenfalls unbeliebt w\u00e4re eine Aufstockung des Schweizer Verteidigungsetats zur Abschreckung \u2013 40 Prozent sprechen sich dagegen aus. Auffallend ist, dass \u00e4ltere Generationen den aufgez\u00e4hlten m\u00f6glichen weiteren Sanktionen mehr zustimmen oder diese sogar als nicht stark genug einstufen, als die j\u00fcngste befragte Generation (15-29 Jahre).\r\n<h3>Schweizer*innen unterst\u00fctzen Massnahmen zur Unterst\u00fctzung ukrainischer Gefl\u00fcchteten \u2013 \u00e4ltere mehr als junge<\/h3>\r\n\u00dcber 3.5 Millionen Menschen wurden bereits zur Flucht gezwungen, in der Schweiz wurden bisher 12\u2019000 Ukrainer\/innen registriert (Stand 22. M\u00e4rz 2022). Vor diesem Hintergrund ist es wichtig, zu wissen, wie die Schweizer Bev\u00f6lkerung verschiedenen Massnahmen zur Unterst\u00fctzung der gefl\u00fcchteten Personen aus der Ukraine gegen\u00fcbersteht. 71 Prozent bef\u00fcrworten ein Schweizer Programm, um einige ukrainische Gefl\u00fcchtete, die vor der russischen Invasion fliehen mussten, hier anzusiedeln. Von diesen Bef\u00fcrworter\/innen w\u00fcrden die meisten (46 Prozent) einige Zehntausend Menschen in die Schweiz aufnehmen. Generell ist eine deutliche Mehrheit (78 Prozent) der Bev\u00f6lkerung der Meinung, dass die Schweiz eine moralische Verpflichtung hat, aus der Ukraine gefl\u00fcchteten Personen Asyl zu gew\u00e4hren.","protected":false},"excerpt":{"rendered":"<p>Aus aktuellem Anlass hat LINK vom 17. bis 21. M\u00e4rz 2022 eine repr\u00e4sentative Umfrage unter der Schweizer Bev\u00f6lkerung zum Krieg in der Ukraine durchgef\u00fchrt. Die Ergebnisse zeichnen ein genaues Bild davon, wie Schweizerinnen und Schweizer die aktuelle Situation einsch\u00e4tzen und was sie \u00fcber verschiedene Aspekte denken, unter anderem \u00fcber die Aufnahme von Fl\u00fcchtlingen aus der [\u2026]<\/p>\n","protected":false},"author":8,"featured_media":0,"comment_status":"closed","ping_status":"closed","sticky":false,"template":"","format":"standard","meta":{"_acf_changed":false,"_yoast_wpseo_focuskw":"Schweiz","_yoast_wpseo_metadesc":"Rund die H\u00e4lfte der Schweizer Bev\u00f6lkerung ist sehr besorgt \u00fcber den Ukraine-Russland-Krieg. Sie fordert ein klares Bekenntnis zur Ukraine.","articlekey":"","footnotes":""},"categories":[29],"tags":[424,2744],"class_list":["post-12246","post","type-post","status-publish","format-standard","hentry","category-marketing","tag-schweiz","tag-ukraine"],"acf":[],"yoast_head":"<!-- This site is optimized with the Yoast SEO plugin v27.5 - https:\/\/yoast.com\/product\/yoast-seo-wordpress\/ -->\n<title>Studie von Link: So denkt die Schweiz \u00fcber den Ukraine-Konflikt - Organisator<\/title>\n<meta name=\"description\" content=\"Rund die H\u00e4lfte der Schweizer Bev\u00f6lkerung ist sehr besorgt \u00fcber den Ukraine-Russland-Krieg. Sie fordert ein klares Bekenntnis zur Ukraine.\" \/>\n<meta name=\"robots\" content=\"index, follow, max-snippet:-1, max-image-preview:large, max-video-preview:-1\" \/>\n<link rel=\"canonical\" href=\"https:\/\/www.werbewoche.ch\/de\/marketing\/marktforschung\/2022-03-28\/link-studie-so-denkt-die-schweiz-ueber-den-ukraine-konflikt\/\" \/>\n<meta property=\"og:locale\" content=\"de_DE\" \/>\n<meta property=\"og:type\" content=\"article\" \/>\n<meta property=\"og:title\" content=\"Studie von Link: So denkt die Schweiz \u00fcber den Ukraine-Konflikt - Organisator\" \/>\n<meta property=\"og:description\" content=\"Rund die H\u00e4lfte der Schweizer Bev\u00f6lkerung ist sehr besorgt \u00fcber den Ukraine-Russland-Krieg. Sie fordert ein klares Bekenntnis zur Ukraine.\" \/>\n<meta property=\"og:url\" content=\"https:\/\/www.werbewoche.ch\/de\/marketing\/marktforschung\/2022-03-28\/link-studie-so-denkt-die-schweiz-ueber-den-ukraine-konflikt\/\" \/>\n<meta property=\"og:site_name\" content=\"Organisator\" \/>\n<meta property=\"article:publisher\" content=\"https:\/\/www.facebook.com\/OrganisatorFachmagazin\" \/>\n<meta property=\"article:published_time\" content=\"2022-03-28T08:59:57+00:00\" \/>\n<meta property=\"article:modified_time\" content=\"2022-08-01T11:43:12+00:00\" \/>\n<meta property=\"og:image\" content=\"https:\/\/www.werbewoche.ch\/wp-content\/uploads\/2022\/03\/umfrage1200-1-600x331.png\" \/>\n<meta name=\"author\" content=\"galledia\" \/>\n<meta name=\"twitter:card\" content=\"summary_large_image\" \/>\n<meta name=\"twitter:creator\" content=\"@admin\" \/>\n<script type=\"application\/ld+json\" class=\"yoast-schema-graph\">{\"@context\":\"https:\\\/\\\/schema.org\",\"@graph\":[{\"@type\":\"Article\",\"@id\":\"https:\\\/\\\/www.werbewoche.ch\\\/de\\\/marketing\\\/marktforschung\\\/2022-03-28\\\/link-studie-so-denkt-die-schweiz-ueber-den-ukraine-konflikt\\\/#article\",\"isPartOf\":{\"@id\":\"https:\\\/\\\/www.organisator.ch\\\/marketing\\\/2022-03-28\\\/studie-von-link-so-denkt-die-schweiz-ueber-den-ukraine-konflikt\\\/\"},\"author\":{\"name\":\"galledia\",\"@id\":\"https:\\\/\\\/www.organisator.ch\\\/#\\\/schema\\\/person\\\/4e51799071cd2dd1232ac003643ef5f0\"},\"headline\":\"Studie von Link: So denkt die Schweiz \u00fcber den Ukraine-Konflikt\",\"datePublished\":\"2022-03-28T08:59:57+00:00\",\"dateModified\":\"2022-08-01T11:43:12+00:00\",\"mainEntityOfPage\":{\"@id\":\"https:\\\/\\\/www.organisator.ch\\\/marketing\\\/2022-03-28\\\/studie-von-link-so-denkt-die-schweiz-ueber-den-ukraine-konflikt\\\/\"},\"wordCount\":578,\"publisher\":{\"@id\":\"https:\\\/\\\/www.organisator.ch\\\/#organization\"},\"image\":{\"@id\":\"https:\\\/\\\/www.werbewoche.ch\\\/de\\\/marketing\\\/marktforschung\\\/2022-03-28\\\/link-studie-so-denkt-die-schweiz-ueber-den-ukraine-konflikt\\\/#primaryimage\"},\"thumbnailUrl\":\"https:\\\/\\\/www.werbewoche.ch\\\/wp-content\\\/uploads\\\/2022\\\/03\\\/umfrage1200-1-600x331.png\",\"keywords\":[\"Schweiz\",\"Ukraine\"],\"articleSection\":[\"MARKETING\"],\"inLanguage\":\"de\"},{\"@type\":\"WebPage\",\"@id\":\"https:\\\/\\\/www.organisator.ch\\\/marketing\\\/2022-03-28\\\/studie-von-link-so-denkt-die-schweiz-ueber-den-ukraine-konflikt\\\/\",\"url\":\"https:\\\/\\\/www.werbewoche.ch\\\/de\\\/marketing\\\/marktforschung\\\/2022-03-28\\\/link-studie-so-denkt-die-schweiz-ueber-den-ukraine-konflikt\\\/\",\"name\":\"Studie von Link: So denkt die Schweiz \u00fcber den Ukraine-Konflikt - Organisator\",\"isPartOf\":{\"@id\":\"https:\\\/\\\/www.organisator.ch\\\/#website\"},\"primaryImageOfPage\":{\"@id\":\"https:\\\/\\\/www.werbewoche.ch\\\/de\\\/marketing\\\/marktforschung\\\/2022-03-28\\\/link-studie-so-denkt-die-schweiz-ueber-den-ukraine-konflikt\\\/#primaryimage\"},\"image\":{\"@id\":\"https:\\\/\\\/www.werbewoche.ch\\\/de\\\/marketing\\\/marktforschung\\\/2022-03-28\\\/link-studie-so-denkt-die-schweiz-ueber-den-ukraine-konflikt\\\/#primaryimage\"},\"thumbnailUrl\":\"https:\\\/\\\/www.werbewoche.ch\\\/wp-content\\\/uploads\\\/2022\\\/03\\\/umfrage1200-1-600x331.png\",\"datePublished\":\"2022-03-28T08:59:57+00:00\",\"dateModified\":\"2022-08-01T11:43:12+00:00\",\"description\":\"Rund die H\u00e4lfte der Schweizer Bev\u00f6lkerung ist sehr besorgt \u00fcber den Ukraine-Russland-Krieg. Sie fordert ein klares Bekenntnis zur Ukraine.\",\"breadcrumb\":{\"@id\":\"https:\\\/\\\/www.werbewoche.ch\\\/de\\\/marketing\\\/marktforschung\\\/2022-03-28\\\/link-studie-so-denkt-die-schweiz-ueber-den-ukraine-konflikt\\\/#breadcrumb\"},\"inLanguage\":\"de\",\"potentialAction\":[{\"@type\":\"ReadAction\",\"target\":[\"https:\\\/\\\/www.werbewoche.ch\\\/de\\\/marketing\\\/marktforschung\\\/2022-03-28\\\/link-studie-so-denkt-die-schweiz-ueber-den-ukraine-konflikt\\\/\"]}]},{\"@type\":\"ImageObject\",\"inLanguage\":\"de\",\"@id\":\"https:\\\/\\\/www.werbewoche.ch\\\/de\\\/marketing\\\/marktforschung\\\/2022-03-28\\\/link-studie-so-denkt-die-schweiz-ueber-den-ukraine-konflikt\\\/#primaryimage\",\"url\":\"https:\\\/\\\/www.werbewoche.ch\\\/wp-content\\\/uploads\\\/2022\\\/03\\\/umfrage1200-1-600x331.png\",\"contentUrl\":\"https:\\\/\\\/www.werbewoche.ch\\\/wp-content\\\/uploads\\\/2022\\\/03\\\/umfrage1200-1-600x331.png\"},{\"@type\":\"BreadcrumbList\",\"@id\":\"https:\\\/\\\/www.werbewoche.ch\\\/de\\\/marketing\\\/marktforschung\\\/2022-03-28\\\/link-studie-so-denkt-die-schweiz-ueber-den-ukraine-konflikt\\\/#breadcrumb\",\"itemListElement\":[{\"@type\":\"ListItem\",\"position\":1,\"name\":\"Home\",\"item\":\"https:\\\/\\\/www.organisator.ch\\\/\"},{\"@type\":\"ListItem\",\"position\":2,\"name\":\"Studie von Link: So denkt die Schweiz \u00fcber den Ukraine-Konflikt\"}]},{\"@type\":\"WebSite\",\"@id\":\"https:\\\/\\\/www.organisator.ch\\\/#website\",\"url\":\"https:\\\/\\\/www.organisator.ch\\\/\",\"name\":\"Organisator\",\"description\":\"Kompetent. Praxisnah. Der ORGANISATOR bereitet in 10 Ausgaben pro Jahr die wesentlichen Themen f\u00fcr F\u00fchrungskr\u00e4fte von KMU auf.\",\"publisher\":{\"@id\":\"https:\\\/\\\/www.organisator.ch\\\/#organization\"},\"potentialAction\":[{\"@type\":\"SearchAction\",\"target\":{\"@type\":\"EntryPoint\",\"urlTemplate\":\"https:\\\/\\\/www.organisator.ch\\\/?s={search_term_string}\"},\"query-input\":{\"@type\":\"PropertyValueSpecification\",\"valueRequired\":true,\"valueName\":\"search_term_string\"}}],\"inLanguage\":\"de\"},{\"@type\":\"Organization\",\"@id\":\"https:\\\/\\\/www.organisator.ch\\\/#organization\",\"name\":\"Organisator\",\"url\":\"https:\\\/\\\/www.organisator.ch\\\/\",\"logo\":{\"@type\":\"ImageObject\",\"inLanguage\":\"de\",\"@id\":\"https:\\\/\\\/www.organisator.ch\\\/#\\\/schema\\\/logo\\\/image\\\/\",\"url\":\"https:\\\/\\\/www.organisator.ch\\\/wp-content\\\/uploads\\\/2022\\\/01\\\/Logo_Organisator_Website.png\",\"contentUrl\":\"https:\\\/\\\/www.organisator.ch\\\/wp-content\\\/uploads\\\/2022\\\/01\\\/Logo_Organisator_Website.png\",\"width\":800,\"height\":77,\"caption\":\"Organisator\"},\"image\":{\"@id\":\"https:\\\/\\\/www.organisator.ch\\\/#\\\/schema\\\/logo\\\/image\\\/\"},\"sameAs\":[\"https:\\\/\\\/www.facebook.com\\\/OrganisatorFachmagazin\",\"https:\\\/\\\/www.linkedin.com\\\/showcase\\\/organisator-das-magazin-fr-kmu\",\"https:\\\/\\\/www.xing.com\\\/news\\\/pages\\\/organisator-ch-695\",\"https:\\\/\\\/www.youtube.com\\\/channel\\\/UCGP2Sq0iWaZwT3BdIAQFYpw\"]},{\"@type\":\"Person\",\"@id\":\"https:\\\/\\\/www.organisator.ch\\\/#\\\/schema\\\/person\\\/4e51799071cd2dd1232ac003643ef5f0\",\"name\":\"galledia\",\"image\":{\"@type\":\"ImageObject\",\"inLanguage\":\"de\",\"@id\":\"https:\\\/\\\/secure.gravatar.com\\\/avatar\\\/78a7f90c01fc2bfc875782a0d4922b37cde2cf184ce347b91316d23cd7f69a36?s=96&d=mm&r=g\",\"url\":\"https:\\\/\\\/secure.gravatar.com\\\/avatar\\\/78a7f90c01fc2bfc875782a0d4922b37cde2cf184ce347b91316d23cd7f69a36?s=96&d=mm&r=g\",\"contentUrl\":\"https:\\\/\\\/secure.gravatar.com\\\/avatar\\\/78a7f90c01fc2bfc875782a0d4922b37cde2cf184ce347b91316d23cd7f69a36?s=96&d=mm&r=g\",\"caption\":\"galledia\"},\"sameAs\":[\"https:\\\/\\\/x.com\\\/admin\"],\"url\":\"https:\\\/\\\/www.organisator.ch\\\/de\\\/author\\\/galledia\\\/\"}]}<\/script>\n<!-- \/ Yoast SEO plugin. -->","yoast_head_json":{"title":"Studie von Link: So denkt die Schweiz \u00fcber den Ukraine-Konflikt - Organisator","description":"Rund die H\u00e4lfte der Schweizer Bev\u00f6lkerung ist sehr besorgt \u00fcber den Ukraine-Russland-Krieg. Sie fordert ein klares Bekenntnis zur Ukraine.","robots":{"index":"index","follow":"follow","max-snippet":"max-snippet:-1","max-image-preview":"max-image-preview:large","max-video-preview":"max-video-preview:-1"},"canonical":"https:\/\/www.werbewoche.ch\/de\/marketing\/marktforschung\/2022-03-28\/link-studie-so-denkt-die-schweiz-ueber-den-ukraine-konflikt\/","og_locale":"de_DE","og_type":"article","og_title":"Studie von Link: So denkt die Schweiz \u00fcber den Ukraine-Konflikt - Organisator","og_description":"Rund die H\u00e4lfte der Schweizer Bev\u00f6lkerung ist sehr besorgt \u00fcber den Ukraine-Russland-Krieg. Sie fordert ein klares Bekenntnis zur Ukraine.","og_url":"https:\/\/www.werbewoche.ch\/de\/marketing\/marktforschung\/2022-03-28\/link-studie-so-denkt-die-schweiz-ueber-den-ukraine-konflikt\/","og_site_name":"Organisator","article_publisher":"https:\/\/www.facebook.com\/OrganisatorFachmagazin","article_published_time":"2022-03-28T08:59:57+00:00","article_modified_time":"2022-08-01T11:43:12+00:00","og_image":[{"url":"https:\/\/www.werbewoche.ch\/wp-content\/uploads\/2022\/03\/umfrage1200-1-600x331.png","type":"","width":"","height":""}],"author":"galledia","twitter_card":"summary_large_image","twitter_creator":"@admin","schema":{"@context":"https:\/\/schema.org","@graph":[{"@type":"Article","@id":"https:\/\/www.werbewoche.ch\/de\/marketing\/marktforschung\/2022-03-28\/link-studie-so-denkt-die-schweiz-ueber-den-ukraine-konflikt\/#article","isPartOf":{"@id":"https:\/\/www.organisator.ch\/marketing\/2022-03-28\/studie-von-link-so-denkt-die-schweiz-ueber-den-ukraine-konflikt\/"},"author":{"name":"galledia","@id":"https:\/\/www.organisator.ch\/#\/schema\/person\/4e51799071cd2dd1232ac003643ef5f0"},"headline":"Studie von Link: So denkt die Schweiz \u00fcber den Ukraine-Konflikt","datePublished":"2022-03-28T08:59:57+00:00","dateModified":"2022-08-01T11:43:12+00:00","mainEntityOfPage":{"@id":"https:\/\/www.organisator.ch\/marketing\/2022-03-28\/studie-von-link-so-denkt-die-schweiz-ueber-den-ukraine-konflikt\/"},"wordCount":578,"publisher":{"@id":"https:\/\/www.organisator.ch\/#organization"},"image":{"@id":"https:\/\/www.werbewoche.ch\/de\/marketing\/marktforschung\/2022-03-28\/link-studie-so-denkt-die-schweiz-ueber-den-ukraine-konflikt\/#primaryimage"},"thumbnailUrl":"https:\/\/www.werbewoche.ch\/wp-content\/uploads\/2022\/03\/umfrage1200-1-600x331.png","keywords":["Schweiz","Ukraine"],"articleSection":["MARKETING"],"inLanguage":"de"},{"@type":"WebPage","@id":"https:\/\/www.organisator.ch\/marketing\/2022-03-28\/studie-von-link-so-denkt-die-schweiz-ueber-den-ukraine-konflikt\/","url":"https:\/\/www.werbewoche.ch\/de\/marketing\/marktforschung\/2022-03-28\/link-studie-so-denkt-die-schweiz-ueber-den-ukraine-konflikt\/","name":"Studie von Link: So denkt die Schweiz \u00fcber den Ukraine-Konflikt - Organisator","isPartOf":{"@id":"https:\/\/www.organisator.ch\/#website"},"primaryImageOfPage":{"@id":"https:\/\/www.werbewoche.ch\/de\/marketing\/marktforschung\/2022-03-28\/link-studie-so-denkt-die-schweiz-ueber-den-ukraine-konflikt\/#primaryimage"},"image":{"@id":"https:\/\/www.werbewoche.ch\/de\/marketing\/marktforschung\/2022-03-28\/link-studie-so-denkt-die-schweiz-ueber-den-ukraine-konflikt\/#primaryimage"},"thumbnailUrl":"https:\/\/www.werbewoche.ch\/wp-content\/uploads\/2022\/03\/umfrage1200-1-600x331.png","datePublished":"2022-03-28T08:59:57+00:00","dateModified":"2022-08-01T11:43:12+00:00","description":"Rund die H\u00e4lfte der Schweizer Bev\u00f6lkerung ist sehr besorgt \u00fcber den Ukraine-Russland-Krieg. Sie fordert ein klares Bekenntnis zur Ukraine.","breadcrumb":{"@id":"https:\/\/www.werbewoche.ch\/de\/marketing\/marktforschung\/2022-03-28\/link-studie-so-denkt-die-schweiz-ueber-den-ukraine-konflikt\/#breadcrumb"},"inLanguage":"de","potentialAction":[{"@type":"ReadAction","target":["https:\/\/www.werbewoche.ch\/de\/marketing\/marktforschung\/2022-03-28\/link-studie-so-denkt-die-schweiz-ueber-den-ukraine-konflikt\/"]}]},{"@type":"ImageObject","inLanguage":"de","@id":"https:\/\/www.werbewoche.ch\/de\/marketing\/marktforschung\/2022-03-28\/link-studie-so-denkt-die-schweiz-ueber-den-ukraine-konflikt\/#primaryimage","url":"https:\/\/www.werbewoche.ch\/wp-content\/uploads\/2022\/03\/umfrage1200-1-600x331.png","contentUrl":"https:\/\/www.werbewoche.ch\/wp-content\/uploads\/2022\/03\/umfrage1200-1-600x331.png"},{"@type":"BreadcrumbList","@id":"https:\/\/www.werbewoche.ch\/de\/marketing\/marktforschung\/2022-03-28\/link-studie-so-denkt-die-schweiz-ueber-den-ukraine-konflikt\/#breadcrumb","itemListElement":[{"@type":"ListItem","position":1,"name":"Home","item":"https:\/\/www.organisator.ch\/"},{"@type":"ListItem","position":2,"name":"Studie von Link: So denkt die Schweiz \u00fcber den Ukraine-Konflikt"}]},{"@type":"WebSite","@id":"https:\/\/www.organisator.ch\/#website","url":"https:\/\/www.organisator.ch\/","name":"Organisator","description":"Kompetent. Praxisnah. Der ORGANISATOR bereitet in 10 Ausgaben pro Jahr die wesentlichen Themen f\u00fcr F\u00fchrungskr\u00e4fte von KMU auf.","publisher":{"@id":"https:\/\/www.organisator.ch\/#organization"},"potentialAction":[{"@type":"SearchAction","target":{"@type":"EntryPoint","urlTemplate":"https:\/\/www.organisator.ch\/?s={search_term_string}"},"query-input":{"@type":"PropertyValueSpecification","valueRequired":true,"valueName":"search_term_string"}}],"inLanguage":"de"},{"@type":"Organization","@id":"https:\/\/www.organisator.ch\/#organization","name":"Organisator","url":"https:\/\/www.organisator.ch\/","logo":{"@type":"ImageObject","inLanguage":"de","@id":"https:\/\/www.organisator.ch\/#\/schema\/logo\/image\/","url":"https:\/\/www.organisator.ch\/wp-content\/uploads\/2022\/01\/Logo_Organisator_Website.png","contentUrl":"https:\/\/www.organisator.ch\/wp-content\/uploads\/2022\/01\/Logo_Organisator_Website.png","width":800,"height":77,"caption":"Organisator"},"image":{"@id":"https:\/\/www.organisator.ch\/#\/schema\/logo\/image\/"},"sameAs":["https:\/\/www.facebook.com\/OrganisatorFachmagazin","https:\/\/www.linkedin.com\/showcase\/organisator-das-magazin-fr-kmu","https:\/\/www.xing.com\/news\/pages\/organisator-ch-695","https:\/\/www.youtube.com\/channel\/UCGP2Sq0iWaZwT3BdIAQFYpw"]},{"@type":"Person","@id":"https:\/\/www.organisator.ch\/#\/schema\/person\/4e51799071cd2dd1232ac003643ef5f0","name":"galledia","image":{"@type":"ImageObject","inLanguage":"de","@id":"https:\/\/secure.gravatar.com\/avatar\/78a7f90c01fc2bfc875782a0d4922b37cde2cf184ce347b91316d23cd7f69a36?s=96&d=mm&r=g","url":"https:\/\/secure.gravatar.com\/avatar\/78a7f90c01fc2bfc875782a0d4922b37cde2cf184ce347b91316d23cd7f69a36?s=96&d=mm&r=g","contentUrl":"https:\/\/secure.gravatar.com\/avatar\/78a7f90c01fc2bfc875782a0d4922b37cde2cf184ce347b91316d23cd7f69a36?s=96&d=mm&r=g","caption":"galledia"},"sameAs":["https:\/\/x.com\/admin"],"url":"https:\/\/www.organisator.ch\/de\/author\/galledia\/"}]}},"_links":{"self":[{"href":"https:\/\/www.organisator.ch\/de\/wp-json\/wp\/v2\/posts\/12246","targetHints":{"allow":["GET"]}}],"collection":[{"href":"https:\/\/www.organisator.ch\/de\/wp-json\/wp\/v2\/posts"}],"about":[{"href":"https:\/\/www.organisator.ch\/de\/wp-json\/wp\/v2\/types\/post"}],"author":[{"embeddable":true,"href":"https:\/\/www.organisator.ch\/de\/wp-json\/wp\/v2\/users\/8"}],"replies":[{"embeddable":true,"href":"https:\/\/www.organisator.ch\/de\/wp-json\/wp\/v2\/comments?post=12246"}],"version-history":[{"count":6,"href":"https:\/\/www.organisator.ch\/de\/wp-json\/wp\/v2\/posts\/12246\/revisions"}],"predecessor-version":[{"id":16043,"href":"https:\/\/www.organisator.ch\/de\/wp-json\/wp\/v2\/posts\/12246\/revisions\/16043"}],"wp:attachment":[{"href":"https:\/\/www.organisator.ch\/de\/wp-json\/wp\/v2\/media?parent=12246"}],"wp:term":[{"taxonomy":"category","embeddable":true,"href":"https:\/\/www.organisator.ch\/de\/wp-json\/wp\/v2\/categories?post=12246"},{"taxonomy":"post_tag","embeddable":true,"href":"https:\/\/www.organisator.ch\/de\/wp-json\/wp\/v2\/tags?post=12246"}],"curies":[{"name":"wp","href":"https:\/\/api.w.org\/{rel}","templated":true}]}}