{"id":12280,"date":"2022-03-30T10:03:21","date_gmt":"2022-03-30T08:03:21","guid":{"rendered":"https:\/\/www.werbewoche.ch\/?p=168287"},"modified":"2022-07-30T14:49:04","modified_gmt":"2022-07-30T12:49:04","slug":"dachcom-energiegeladener-auftritt-fuer-neovac","status":"publish","type":"post","link":"https:\/\/www.organisator.ch\/de\/marketing\/2022-03-30\/dachcom-energiegeladener-auftritt-fuer-neovac\/","title":{"rendered":"Dachcom: Energiegeladener Auftritt f\u00fcr NeoVac"},"content":{"rendered":"<img class=\"aligncenter wp-image-168297 size-full\" src=\"https:\/\/www.werbewoche.ch\/wp-content\/uploads\/2022\/03\/00-Dachcom_NeoVac_Artikel_Header.jpg\" alt=\"NeoVac\" width=\"1200\" height=\"675\" \/>Das Unternehmen NeoVac verf\u00fcgt \u00fcber mehr als 50 Jahre Erfahrung in der Nutzung und Lagerung von Energie und Wasser, die gelben NeoVac-Autos sind als fahrende Markenbotschafter im ganzen Land unterwegs. Der Marken-Refresh von Dachcom ber\u00fccksichtigt die hohe Marken-Bekanntheit, soll aber dennoch selbstbewusst und \u00fcberzeugend in die Zukunft weisen.\r\n\r\n<a href=\"https:\/\/www.werbewoche.ch\/wp-content\/uploads\/2022\/03\/01-Dachcom_NeoVac_Branding_1.jpg\"><img class=\"attachment-full alignnone\" src=\"https:\/\/www.werbewoche.ch\/wp-content\/uploads\/2022\/03\/01-Dachcom_NeoVac_Branding_1.jpg\" alt=\"NeoVac\" width=\"1200\" height=\"675\" \/><\/a>\r\n<a href=\"https:\/\/www.werbewoche.ch\/wp-content\/uploads\/2022\/03\/02-Dachcom_NeoVac_Branding_2.jpg\"><img class=\"attachment-full alignnone\" src=\"https:\/\/www.werbewoche.ch\/wp-content\/uploads\/2022\/03\/02-Dachcom_NeoVac_Branding_2.jpg\" alt=\"NeoVac\" width=\"1200\" height=\"675\" \/><\/a>\r\n<a href=\"https:\/\/www.werbewoche.ch\/wp-content\/uploads\/2022\/03\/03-Dachcom_NeoVac_Branding_3.jpg\"><img class=\"attachment-full alignnone\" src=\"https:\/\/www.werbewoche.ch\/wp-content\/uploads\/2022\/03\/03-Dachcom_NeoVac_Branding_3.jpg\" alt=\"NeoVac\" width=\"1200\" height=\"675\" \/><\/a>\r\n<a href=\"https:\/\/www.werbewoche.ch\/wp-content\/uploads\/2022\/03\/04-Dachcom_NeoVac_Branding_4.jpg\"><img class=\"attachment-full alignnone\" src=\"https:\/\/www.werbewoche.ch\/wp-content\/uploads\/2022\/03\/04-Dachcom_NeoVac_Branding_4.jpg\" alt=\"NeoVac\" width=\"1200\" height=\"675\" \/><\/a>\r\n\r\nDer Anspruch von NeoVac ist, mit vielf\u00e4ltigen Leistungen, innovativen Produkten und cleveren L\u00f6sungen Energie intelligenter zu machen. Dieses Kernargument sollte in der Kommunikation eine prominente Rolle spielen. Der \u00fcbergreifende Markenclaim \u00abMaking energy smarter\u00bb bringt dies auf einpr\u00e4gsame Weise auf den Punkt. Die Macher-Mentalit\u00e4t und Fokussierung auf echte Resultate sollen sich in Leitbotschaften wie \u00abEnergie intelligenter machen\u00bb, \u00abGeb\u00e4ude nachhaltiger machen\u00bb oder \u00abMobilit\u00e4t zukunftsf\u00e4hig machen\u00bb widerspiegeln. Die Botschaften ziehen sich durch den ganzen Auftritt und sollen dem Unternehmen in seinen vielseitigen Auspr\u00e4gungen gerecht werden.\r\n\r\nVisuell soll der neue Auftritt durch Grossz\u00fcgigkeit bestechen. Dem Logo wurde mehr Raum gegeben. Zudem wurde eine neue Bildwelt erschaffen. Ein besonderer Fokus lag darauf, die Leistungen von NeoVac mit Menschen in Verbindung zu bringen.\r\n\r\n<a href=\"https:\/\/www.werbewoche.ch\/wp-content\/uploads\/2022\/03\/05-Dachcom_NeoVac_Branding_5.jpg\"><img class=\"attachment-full alignnone\" src=\"https:\/\/www.werbewoche.ch\/wp-content\/uploads\/2022\/03\/05-Dachcom_NeoVac_Branding_5.jpg\" alt=\"NeoVac\" width=\"1200\" height=\"675\" \/><\/a>\r\n<a href=\"https:\/\/www.werbewoche.ch\/wp-content\/uploads\/2022\/03\/06-Dachcom_NeoVac_Branding_6.jpg\"><img class=\"attachment-full alignnone\" src=\"https:\/\/www.werbewoche.ch\/wp-content\/uploads\/2022\/03\/06-Dachcom_NeoVac_Branding_6.jpg\" alt=\"NeoVac\" width=\"1200\" height=\"675\" \/><\/a>\r\n\r\nUm den Markenauftritt lebendiger zu machen, wurden zudem Kurzvideos kreiert, die das breite Leistungsspektrum auf einfache Weise in Szene setzen, sich in vielf\u00e4ltiger Weise einsetzen lassen und nicht zuletzt das Storytelling unterst\u00fctzen. Der neue Gesamtauftritt wurde in einem Brandmovie zusammengefasst, der unternehmensintern vorgestellt wurde und bei NeoVac ein neues Kapitel einl\u00e4utet.\r\n\r\n<a href=\"https:\/\/www.werbewoche.ch\/wp-content\/uploads\/2022\/03\/07-Dachcom_NeoVac_Bildwelt_1.jpg\"><img class=\"attachment-full alignnone\" src=\"https:\/\/www.werbewoche.ch\/wp-content\/uploads\/2022\/03\/07-Dachcom_NeoVac_Bildwelt_1.jpg\" alt=\"NeoVac\" width=\"1200\" height=\"675\" \/><\/a>\r\n<a href=\"https:\/\/www.werbewoche.ch\/wp-content\/uploads\/2022\/03\/08-Dachcom_NeoVac_Bildwelt_2.jpg\"><img class=\"attachment-full alignnone\" src=\"https:\/\/www.werbewoche.ch\/wp-content\/uploads\/2022\/03\/08-Dachcom_NeoVac_Bildwelt_2.jpg\" alt=\"NeoVac\" width=\"1200\" height=\"675\" \/><\/a>\r\n<a href=\"https:\/\/www.werbewoche.ch\/wp-content\/uploads\/2022\/03\/09-Dachcom_NeoVac_Bildwelt_3.jpg\"><img class=\"attachment-full alignnone\" src=\"https:\/\/www.werbewoche.ch\/wp-content\/uploads\/2022\/03\/09-Dachcom_NeoVac_Bildwelt_3.jpg\" alt=\"NeoVac\" width=\"1200\" height=\"675\" \/><\/a>\r\n<h3>Website zur Informationsvermittlung<\/h3>\r\nZentrales Element des Auftrittes ist die komplett neu entwickelte Website <a href=\"http:\/\/www.neovac.ch\/\" rel=\"noopener\">Neovac.ch<\/a>. Sie stellt ein wichtiges Tool zur Informationsvermittlung dar, da bei NeoVac die Informationen zahlreich sind.<img class=\"aligncenter wp-image-168289 size-full\" src=\"https:\/\/www.werbewoche.ch\/wp-content\/uploads\/2022\/03\/10-Dachcom_NeoVac_Website_1.jpg\" alt=\"NeoVac\" width=\"1200\" height=\"675\" \/>\r\n\r\nUm die Materie einfach greifbar zu machen, sorgt eine modular aufgebaute Pimcore-L\u00f6sung f\u00fcr die gew\u00fcnschte User Experience. Informationen aus der gesamten NeoVac-Welt sind auf der Plattform vereint und werden dem User auf zielgruppengerechte, einfache und moderne Art und Weise ausgespielt.\r\n\r\n<a href=\"https:\/\/www.werbewoche.ch\/wp-content\/uploads\/2022\/03\/11-Dachcom_NeoVac_Website_2.jpg\"><img class=\"attachment-full alignnone\" src=\"https:\/\/www.werbewoche.ch\/wp-content\/uploads\/2022\/03\/11-Dachcom_NeoVac_Website_2.jpg\" alt=\"NeoVac\" width=\"1200\" height=\"675\" \/><\/a>\r\n<a href=\"https:\/\/www.werbewoche.ch\/wp-content\/uploads\/2022\/03\/12-Dachcom_NeoVac_Website_3.jpg\"><img class=\"attachment-full alignnone\" src=\"https:\/\/www.werbewoche.ch\/wp-content\/uploads\/2022\/03\/12-Dachcom_NeoVac_Website_3.jpg\" alt=\"NeoVac\" width=\"1200\" height=\"675\" \/><\/a>\r\n<a href=\"https:\/\/www.werbewoche.ch\/wp-content\/uploads\/2022\/03\/13-Dachcom_NeoVac_Website_4.jpg\"><img class=\"attachment-full alignnone\" src=\"https:\/\/www.werbewoche.ch\/wp-content\/uploads\/2022\/03\/13-Dachcom_NeoVac_Website_4.jpg\" alt=\"NeoVac\" width=\"1200\" height=\"675\" \/><\/a>\r\n<a href=\"https:\/\/www.werbewoche.ch\/wp-content\/uploads\/2022\/03\/14-Dachcom_NeoVac_Website_5.jpg\"><img class=\"attachment-full alignnone\" src=\"https:\/\/www.werbewoche.ch\/wp-content\/uploads\/2022\/03\/14-Dachcom_NeoVac_Website_5.jpg\" alt=\"NeoVac\" width=\"1200\" height=\"675\" \/><\/a>\r\n\r\nBeispielhaft steht hierf\u00fcr der Newsroom, in dem viele Unternehmensinformationen \u00fcber eine Sticky-Navigation einfach und schnell verf\u00fcgbar sind. Durch Bewegtbild-Elemente erh\u00e4lt die Website zudem Lebendigkeit, womit das vielschichtige Leistungsspektrum noch besser greifbar werden soll.\r\n\r\nWeitere Massnahmen wie Brosch\u00fcren, Mailings, Messeauftritte und Online-Massnahmen werden von der Agentur und NeoVac fortlaufend umgesetzt, um den neuen Auftritt durchg\u00e4ngig erlebbar zu machen.\r\n\r\n<a href=\"https:\/\/www.werbewoche.ch\/wp-content\/uploads\/2022\/03\/15-Dachcom_NeoVac_Kommunikation_1.jpg\"><img class=\"attachment-full alignnone\" src=\"https:\/\/www.werbewoche.ch\/wp-content\/uploads\/2022\/03\/15-Dachcom_NeoVac_Kommunikation_1.jpg\" alt=\"NeoVac\" width=\"1200\" height=\"675\" \/><\/a>\r\n<a href=\"https:\/\/www.werbewoche.ch\/wp-content\/uploads\/2022\/03\/16-Dachcom_NeoVac_Kommunikation_2.jpg\"><img class=\"attachment-full alignnone\" src=\"https:\/\/www.werbewoche.ch\/wp-content\/uploads\/2022\/03\/16-Dachcom_NeoVac_Kommunikation_2.jpg\" alt=\"NeoVac\" width=\"1200\" height=\"675\" \/><\/a>\r\n<a href=\"https:\/\/www.werbewoche.ch\/wp-content\/uploads\/2022\/03\/17-Dachcom_NeoVac_Kommunikation_3.jpg\"><img class=\"attachment-full alignnone\" src=\"https:\/\/www.werbewoche.ch\/wp-content\/uploads\/2022\/03\/17-Dachcom_NeoVac_Kommunikation_3.jpg\" alt=\"NeoVac\" width=\"1200\" height=\"675\" \/><\/a>\r\n\r\n<hr \/>\r\n\r\n<strong>Verantwortlich bei NeoVac:<\/strong> Michael Eugster (Leiter Marketing), Lena Pfister (Marketing Managerin), Sven B\u00fcchel (Digital Marketing Manager), Miriam Fritsche (Marketing Assistentin), Ann-Christin Mudra (Content Managerin). <strong>Verantwortliche<\/strong> <strong>Agentur:<\/strong> Dachcom.","protected":false},"excerpt":{"rendered":"<p>Das Unternehmen NeoVac verf\u00fcgt \u00fcber mehr als 50 Jahre Erfahrung in der Nutzung und Lagerung von Energie und Wasser, die gelben NeoVac-Autos sind als fahrende Markenbotschafter im ganzen Land unterwegs. Der Marken-Refresh von Dachcom ber\u00fccksichtigt die hohe Marken-Bekanntheit, soll aber dennoch selbstbewusst und \u00fcberzeugend in die Zukunft weisen. Der Anspruch von NeoVac ist, mit vielf\u00e4ltigen [\u2026]<\/p>\n","protected":false},"author":8,"featured_media":0,"comment_status":"closed","ping_status":"closed","sticky":false,"template":"","format":"standard","meta":{"_acf_changed":false,"_yoast_wpseo_focuskw":"NeoVac","_yoast_wpseo_metadesc":"NeoVac ist der Komplettanbieter von L\u00f6sungen zur intelligenten Nutzung von Energie. Dachcom hat f\u00fcr das Unternehmen einen neuen Markenauftritt entwickelt.","articlekey":"","footnotes":""},"categories":[29],"tags":[2646,3185],"class_list":["post-12280","post","type-post","status-publish","format-standard","hentry","category-marketing","tag-dachcom","tag-neovac"],"acf":[],"yoast_head":"<!-- This site is optimized with the Yoast SEO plugin v27.5 - https:\/\/yoast.com\/product\/yoast-seo-wordpress\/ -->\n<title>Dachcom: Energiegeladener Auftritt f\u00fcr NeoVac - Organisator<\/title>\n<meta name=\"description\" content=\"NeoVac ist der Komplettanbieter von L\u00f6sungen zur intelligenten Nutzung von Energie. Dachcom hat f\u00fcr das Unternehmen einen neuen Markenauftritt entwickelt.\" \/>\n<meta name=\"robots\" content=\"index, follow, max-snippet:-1, max-image-preview:large, max-video-preview:-1\" \/>\n<link rel=\"canonical\" href=\"https:\/\/www.werbewoche.ch\/de\/marketing\/marken\/2022-03-30\/dachcom-energiegeladener-auftritt-fuer-neovac\/\" \/>\n<meta property=\"og:locale\" content=\"de_DE\" \/>\n<meta property=\"og:type\" content=\"article\" \/>\n<meta property=\"og:title\" content=\"Dachcom: Energiegeladener Auftritt f\u00fcr NeoVac - Organisator\" \/>\n<meta property=\"og:description\" content=\"NeoVac ist der Komplettanbieter von L\u00f6sungen zur intelligenten Nutzung von Energie. Dachcom hat f\u00fcr das Unternehmen einen neuen Markenauftritt entwickelt.\" \/>\n<meta property=\"og:url\" content=\"https:\/\/www.werbewoche.ch\/de\/marketing\/marken\/2022-03-30\/dachcom-energiegeladener-auftritt-fuer-neovac\/\" \/>\n<meta property=\"og:site_name\" content=\"Organisator\" \/>\n<meta property=\"article:publisher\" content=\"https:\/\/www.facebook.com\/OrganisatorFachmagazin\" \/>\n<meta property=\"article:published_time\" content=\"2022-03-30T08:03:21+00:00\" \/>\n<meta property=\"article:modified_time\" content=\"2022-07-30T12:49:04+00:00\" \/>\n<meta property=\"og:image\" content=\"https:\/\/www.werbewoche.ch\/wp-content\/uploads\/2022\/03\/00-Dachcom_NeoVac_Artikel_Header.jpg\" \/>\n<meta name=\"author\" content=\"galledia\" \/>\n<meta name=\"twitter:card\" content=\"summary_large_image\" \/>\n<meta name=\"twitter:creator\" content=\"@admin\" \/>\n<script type=\"application\/ld+json\" class=\"yoast-schema-graph\">{\"@context\":\"https:\\\/\\\/schema.org\",\"@graph\":[{\"@type\":\"Article\",\"@id\":\"https:\\\/\\\/www.werbewoche.ch\\\/de\\\/marketing\\\/marken\\\/2022-03-30\\\/dachcom-energiegeladener-auftritt-fuer-neovac\\\/#article\",\"isPartOf\":{\"@id\":\"https:\\\/\\\/www.organisator.ch\\\/marketing\\\/2022-03-30\\\/dachcom-energiegeladener-auftritt-fuer-neovac\\\/\"},\"author\":{\"name\":\"galledia\",\"@id\":\"https:\\\/\\\/www.organisator.ch\\\/#\\\/schema\\\/person\\\/4e51799071cd2dd1232ac003643ef5f0\"},\"headline\":\"Dachcom: Energiegeladener Auftritt f\u00fcr NeoVac\",\"datePublished\":\"2022-03-30T08:03:21+00:00\",\"dateModified\":\"2022-07-30T12:49:04+00:00\",\"mainEntityOfPage\":{\"@id\":\"https:\\\/\\\/www.organisator.ch\\\/marketing\\\/2022-03-30\\\/dachcom-energiegeladener-auftritt-fuer-neovac\\\/\"},\"wordCount\":398,\"publisher\":{\"@id\":\"https:\\\/\\\/www.organisator.ch\\\/#organization\"},\"image\":{\"@id\":\"https:\\\/\\\/www.werbewoche.ch\\\/de\\\/marketing\\\/marken\\\/2022-03-30\\\/dachcom-energiegeladener-auftritt-fuer-neovac\\\/#primaryimage\"},\"thumbnailUrl\":\"https:\\\/\\\/www.werbewoche.ch\\\/wp-content\\\/uploads\\\/2022\\\/03\\\/00-Dachcom_NeoVac_Artikel_Header.jpg\",\"keywords\":[\"Dachcom\",\"NeoVac\"],\"articleSection\":[\"MARKETING\"],\"inLanguage\":\"de\"},{\"@type\":\"WebPage\",\"@id\":\"https:\\\/\\\/www.organisator.ch\\\/marketing\\\/2022-03-30\\\/dachcom-energiegeladener-auftritt-fuer-neovac\\\/\",\"url\":\"https:\\\/\\\/www.werbewoche.ch\\\/de\\\/marketing\\\/marken\\\/2022-03-30\\\/dachcom-energiegeladener-auftritt-fuer-neovac\\\/\",\"name\":\"Dachcom: Energiegeladener Auftritt f\u00fcr NeoVac - Organisator\",\"isPartOf\":{\"@id\":\"https:\\\/\\\/www.organisator.ch\\\/#website\"},\"primaryImageOfPage\":{\"@id\":\"https:\\\/\\\/www.werbewoche.ch\\\/de\\\/marketing\\\/marken\\\/2022-03-30\\\/dachcom-energiegeladener-auftritt-fuer-neovac\\\/#primaryimage\"},\"image\":{\"@id\":\"https:\\\/\\\/www.werbewoche.ch\\\/de\\\/marketing\\\/marken\\\/2022-03-30\\\/dachcom-energiegeladener-auftritt-fuer-neovac\\\/#primaryimage\"},\"thumbnailUrl\":\"https:\\\/\\\/www.werbewoche.ch\\\/wp-content\\\/uploads\\\/2022\\\/03\\\/00-Dachcom_NeoVac_Artikel_Header.jpg\",\"datePublished\":\"2022-03-30T08:03:21+00:00\",\"dateModified\":\"2022-07-30T12:49:04+00:00\",\"description\":\"NeoVac ist der Komplettanbieter von L\u00f6sungen zur intelligenten Nutzung von Energie. Dachcom hat f\u00fcr das Unternehmen einen neuen Markenauftritt entwickelt.\",\"breadcrumb\":{\"@id\":\"https:\\\/\\\/www.werbewoche.ch\\\/de\\\/marketing\\\/marken\\\/2022-03-30\\\/dachcom-energiegeladener-auftritt-fuer-neovac\\\/#breadcrumb\"},\"inLanguage\":\"de\",\"potentialAction\":[{\"@type\":\"ReadAction\",\"target\":[\"https:\\\/\\\/www.werbewoche.ch\\\/de\\\/marketing\\\/marken\\\/2022-03-30\\\/dachcom-energiegeladener-auftritt-fuer-neovac\\\/\"]}]},{\"@type\":\"ImageObject\",\"inLanguage\":\"de\",\"@id\":\"https:\\\/\\\/www.werbewoche.ch\\\/de\\\/marketing\\\/marken\\\/2022-03-30\\\/dachcom-energiegeladener-auftritt-fuer-neovac\\\/#primaryimage\",\"url\":\"https:\\\/\\\/www.werbewoche.ch\\\/wp-content\\\/uploads\\\/2022\\\/03\\\/00-Dachcom_NeoVac_Artikel_Header.jpg\",\"contentUrl\":\"https:\\\/\\\/www.werbewoche.ch\\\/wp-content\\\/uploads\\\/2022\\\/03\\\/00-Dachcom_NeoVac_Artikel_Header.jpg\"},{\"@type\":\"BreadcrumbList\",\"@id\":\"https:\\\/\\\/www.werbewoche.ch\\\/de\\\/marketing\\\/marken\\\/2022-03-30\\\/dachcom-energiegeladener-auftritt-fuer-neovac\\\/#breadcrumb\",\"itemListElement\":[{\"@type\":\"ListItem\",\"position\":1,\"name\":\"Home\",\"item\":\"https:\\\/\\\/www.organisator.ch\\\/\"},{\"@type\":\"ListItem\",\"position\":2,\"name\":\"Dachcom: Energiegeladener Auftritt f\u00fcr NeoVac\"}]},{\"@type\":\"WebSite\",\"@id\":\"https:\\\/\\\/www.organisator.ch\\\/#website\",\"url\":\"https:\\\/\\\/www.organisator.ch\\\/\",\"name\":\"Organisator\",\"description\":\"Kompetent. Praxisnah. Der ORGANISATOR bereitet in 10 Ausgaben pro Jahr die wesentlichen Themen f\u00fcr F\u00fchrungskr\u00e4fte von KMU auf.\",\"publisher\":{\"@id\":\"https:\\\/\\\/www.organisator.ch\\\/#organization\"},\"potentialAction\":[{\"@type\":\"SearchAction\",\"target\":{\"@type\":\"EntryPoint\",\"urlTemplate\":\"https:\\\/\\\/www.organisator.ch\\\/?s={search_term_string}\"},\"query-input\":{\"@type\":\"PropertyValueSpecification\",\"valueRequired\":true,\"valueName\":\"search_term_string\"}}],\"inLanguage\":\"de\"},{\"@type\":\"Organization\",\"@id\":\"https:\\\/\\\/www.organisator.ch\\\/#organization\",\"name\":\"Organisator\",\"url\":\"https:\\\/\\\/www.organisator.ch\\\/\",\"logo\":{\"@type\":\"ImageObject\",\"inLanguage\":\"de\",\"@id\":\"https:\\\/\\\/www.organisator.ch\\\/#\\\/schema\\\/logo\\\/image\\\/\",\"url\":\"https:\\\/\\\/www.organisator.ch\\\/wp-content\\\/uploads\\\/2022\\\/01\\\/Logo_Organisator_Website.png\",\"contentUrl\":\"https:\\\/\\\/www.organisator.ch\\\/wp-content\\\/uploads\\\/2022\\\/01\\\/Logo_Organisator_Website.png\",\"width\":800,\"height\":77,\"caption\":\"Organisator\"},\"image\":{\"@id\":\"https:\\\/\\\/www.organisator.ch\\\/#\\\/schema\\\/logo\\\/image\\\/\"},\"sameAs\":[\"https:\\\/\\\/www.facebook.com\\\/OrganisatorFachmagazin\",\"https:\\\/\\\/www.linkedin.com\\\/showcase\\\/organisator-das-magazin-fr-kmu\",\"https:\\\/\\\/www.xing.com\\\/news\\\/pages\\\/organisator-ch-695\",\"https:\\\/\\\/www.youtube.com\\\/channel\\\/UCGP2Sq0iWaZwT3BdIAQFYpw\"]},{\"@type\":\"Person\",\"@id\":\"https:\\\/\\\/www.organisator.ch\\\/#\\\/schema\\\/person\\\/4e51799071cd2dd1232ac003643ef5f0\",\"name\":\"galledia\",\"image\":{\"@type\":\"ImageObject\",\"inLanguage\":\"de\",\"@id\":\"https:\\\/\\\/secure.gravatar.com\\\/avatar\\\/78a7f90c01fc2bfc875782a0d4922b37cde2cf184ce347b91316d23cd7f69a36?s=96&d=mm&r=g\",\"url\":\"https:\\\/\\\/secure.gravatar.com\\\/avatar\\\/78a7f90c01fc2bfc875782a0d4922b37cde2cf184ce347b91316d23cd7f69a36?s=96&d=mm&r=g\",\"contentUrl\":\"https:\\\/\\\/secure.gravatar.com\\\/avatar\\\/78a7f90c01fc2bfc875782a0d4922b37cde2cf184ce347b91316d23cd7f69a36?s=96&d=mm&r=g\",\"caption\":\"galledia\"},\"sameAs\":[\"https:\\\/\\\/x.com\\\/admin\"],\"url\":\"https:\\\/\\\/www.organisator.ch\\\/de\\\/author\\\/galledia\\\/\"}]}<\/script>\n<!-- \/ Yoast SEO plugin. -->","yoast_head_json":{"title":"Dachcom: Energiegeladener Auftritt f\u00fcr NeoVac - Organisator","description":"NeoVac ist der Komplettanbieter von L\u00f6sungen zur intelligenten Nutzung von Energie. Dachcom hat f\u00fcr das Unternehmen einen neuen Markenauftritt entwickelt.","robots":{"index":"index","follow":"follow","max-snippet":"max-snippet:-1","max-image-preview":"max-image-preview:large","max-video-preview":"max-video-preview:-1"},"canonical":"https:\/\/www.werbewoche.ch\/de\/marketing\/marken\/2022-03-30\/dachcom-energiegeladener-auftritt-fuer-neovac\/","og_locale":"de_DE","og_type":"article","og_title":"Dachcom: Energiegeladener Auftritt f\u00fcr NeoVac - Organisator","og_description":"NeoVac ist der Komplettanbieter von L\u00f6sungen zur intelligenten Nutzung von Energie. Dachcom hat f\u00fcr das Unternehmen einen neuen Markenauftritt entwickelt.","og_url":"https:\/\/www.werbewoche.ch\/de\/marketing\/marken\/2022-03-30\/dachcom-energiegeladener-auftritt-fuer-neovac\/","og_site_name":"Organisator","article_publisher":"https:\/\/www.facebook.com\/OrganisatorFachmagazin","article_published_time":"2022-03-30T08:03:21+00:00","article_modified_time":"2022-07-30T12:49:04+00:00","og_image":[{"url":"https:\/\/www.werbewoche.ch\/wp-content\/uploads\/2022\/03\/00-Dachcom_NeoVac_Artikel_Header.jpg","type":"","width":"","height":""}],"author":"galledia","twitter_card":"summary_large_image","twitter_creator":"@admin","schema":{"@context":"https:\/\/schema.org","@graph":[{"@type":"Article","@id":"https:\/\/www.werbewoche.ch\/de\/marketing\/marken\/2022-03-30\/dachcom-energiegeladener-auftritt-fuer-neovac\/#article","isPartOf":{"@id":"https:\/\/www.organisator.ch\/marketing\/2022-03-30\/dachcom-energiegeladener-auftritt-fuer-neovac\/"},"author":{"name":"galledia","@id":"https:\/\/www.organisator.ch\/#\/schema\/person\/4e51799071cd2dd1232ac003643ef5f0"},"headline":"Dachcom: Energiegeladener Auftritt f\u00fcr NeoVac","datePublished":"2022-03-30T08:03:21+00:00","dateModified":"2022-07-30T12:49:04+00:00","mainEntityOfPage":{"@id":"https:\/\/www.organisator.ch\/marketing\/2022-03-30\/dachcom-energiegeladener-auftritt-fuer-neovac\/"},"wordCount":398,"publisher":{"@id":"https:\/\/www.organisator.ch\/#organization"},"image":{"@id":"https:\/\/www.werbewoche.ch\/de\/marketing\/marken\/2022-03-30\/dachcom-energiegeladener-auftritt-fuer-neovac\/#primaryimage"},"thumbnailUrl":"https:\/\/www.werbewoche.ch\/wp-content\/uploads\/2022\/03\/00-Dachcom_NeoVac_Artikel_Header.jpg","keywords":["Dachcom","NeoVac"],"articleSection":["MARKETING"],"inLanguage":"de"},{"@type":"WebPage","@id":"https:\/\/www.organisator.ch\/marketing\/2022-03-30\/dachcom-energiegeladener-auftritt-fuer-neovac\/","url":"https:\/\/www.werbewoche.ch\/de\/marketing\/marken\/2022-03-30\/dachcom-energiegeladener-auftritt-fuer-neovac\/","name":"Dachcom: Energiegeladener Auftritt f\u00fcr NeoVac - Organisator","isPartOf":{"@id":"https:\/\/www.organisator.ch\/#website"},"primaryImageOfPage":{"@id":"https:\/\/www.werbewoche.ch\/de\/marketing\/marken\/2022-03-30\/dachcom-energiegeladener-auftritt-fuer-neovac\/#primaryimage"},"image":{"@id":"https:\/\/www.werbewoche.ch\/de\/marketing\/marken\/2022-03-30\/dachcom-energiegeladener-auftritt-fuer-neovac\/#primaryimage"},"thumbnailUrl":"https:\/\/www.werbewoche.ch\/wp-content\/uploads\/2022\/03\/00-Dachcom_NeoVac_Artikel_Header.jpg","datePublished":"2022-03-30T08:03:21+00:00","dateModified":"2022-07-30T12:49:04+00:00","description":"NeoVac ist der Komplettanbieter von L\u00f6sungen zur intelligenten Nutzung von Energie. Dachcom hat f\u00fcr das Unternehmen einen neuen Markenauftritt entwickelt.","breadcrumb":{"@id":"https:\/\/www.werbewoche.ch\/de\/marketing\/marken\/2022-03-30\/dachcom-energiegeladener-auftritt-fuer-neovac\/#breadcrumb"},"inLanguage":"de","potentialAction":[{"@type":"ReadAction","target":["https:\/\/www.werbewoche.ch\/de\/marketing\/marken\/2022-03-30\/dachcom-energiegeladener-auftritt-fuer-neovac\/"]}]},{"@type":"ImageObject","inLanguage":"de","@id":"https:\/\/www.werbewoche.ch\/de\/marketing\/marken\/2022-03-30\/dachcom-energiegeladener-auftritt-fuer-neovac\/#primaryimage","url":"https:\/\/www.werbewoche.ch\/wp-content\/uploads\/2022\/03\/00-Dachcom_NeoVac_Artikel_Header.jpg","contentUrl":"https:\/\/www.werbewoche.ch\/wp-content\/uploads\/2022\/03\/00-Dachcom_NeoVac_Artikel_Header.jpg"},{"@type":"BreadcrumbList","@id":"https:\/\/www.werbewoche.ch\/de\/marketing\/marken\/2022-03-30\/dachcom-energiegeladener-auftritt-fuer-neovac\/#breadcrumb","itemListElement":[{"@type":"ListItem","position":1,"name":"Home","item":"https:\/\/www.organisator.ch\/"},{"@type":"ListItem","position":2,"name":"Dachcom: Energiegeladener Auftritt f\u00fcr NeoVac"}]},{"@type":"WebSite","@id":"https:\/\/www.organisator.ch\/#website","url":"https:\/\/www.organisator.ch\/","name":"Organisator","description":"Kompetent. Praxisnah. Der ORGANISATOR bereitet in 10 Ausgaben pro Jahr die wesentlichen Themen f\u00fcr F\u00fchrungskr\u00e4fte von KMU auf.","publisher":{"@id":"https:\/\/www.organisator.ch\/#organization"},"potentialAction":[{"@type":"SearchAction","target":{"@type":"EntryPoint","urlTemplate":"https:\/\/www.organisator.ch\/?s={search_term_string}"},"query-input":{"@type":"PropertyValueSpecification","valueRequired":true,"valueName":"search_term_string"}}],"inLanguage":"de"},{"@type":"Organization","@id":"https:\/\/www.organisator.ch\/#organization","name":"Organisator","url":"https:\/\/www.organisator.ch\/","logo":{"@type":"ImageObject","inLanguage":"de","@id":"https:\/\/www.organisator.ch\/#\/schema\/logo\/image\/","url":"https:\/\/www.organisator.ch\/wp-content\/uploads\/2022\/01\/Logo_Organisator_Website.png","contentUrl":"https:\/\/www.organisator.ch\/wp-content\/uploads\/2022\/01\/Logo_Organisator_Website.png","width":800,"height":77,"caption":"Organisator"},"image":{"@id":"https:\/\/www.organisator.ch\/#\/schema\/logo\/image\/"},"sameAs":["https:\/\/www.facebook.com\/OrganisatorFachmagazin","https:\/\/www.linkedin.com\/showcase\/organisator-das-magazin-fr-kmu","https:\/\/www.xing.com\/news\/pages\/organisator-ch-695","https:\/\/www.youtube.com\/channel\/UCGP2Sq0iWaZwT3BdIAQFYpw"]},{"@type":"Person","@id":"https:\/\/www.organisator.ch\/#\/schema\/person\/4e51799071cd2dd1232ac003643ef5f0","name":"galledia","image":{"@type":"ImageObject","inLanguage":"de","@id":"https:\/\/secure.gravatar.com\/avatar\/78a7f90c01fc2bfc875782a0d4922b37cde2cf184ce347b91316d23cd7f69a36?s=96&d=mm&r=g","url":"https:\/\/secure.gravatar.com\/avatar\/78a7f90c01fc2bfc875782a0d4922b37cde2cf184ce347b91316d23cd7f69a36?s=96&d=mm&r=g","contentUrl":"https:\/\/secure.gravatar.com\/avatar\/78a7f90c01fc2bfc875782a0d4922b37cde2cf184ce347b91316d23cd7f69a36?s=96&d=mm&r=g","caption":"galledia"},"sameAs":["https:\/\/x.com\/admin"],"url":"https:\/\/www.organisator.ch\/de\/author\/galledia\/"}]}},"_links":{"self":[{"href":"https:\/\/www.organisator.ch\/de\/wp-json\/wp\/v2\/posts\/12280","targetHints":{"allow":["GET"]}}],"collection":[{"href":"https:\/\/www.organisator.ch\/de\/wp-json\/wp\/v2\/posts"}],"about":[{"href":"https:\/\/www.organisator.ch\/de\/wp-json\/wp\/v2\/types\/post"}],"author":[{"embeddable":true,"href":"https:\/\/www.organisator.ch\/de\/wp-json\/wp\/v2\/users\/8"}],"replies":[{"embeddable":true,"href":"https:\/\/www.organisator.ch\/de\/wp-json\/wp\/v2\/comments?post=12280"}],"version-history":[{"count":4,"href":"https:\/\/www.organisator.ch\/de\/wp-json\/wp\/v2\/posts\/12280\/revisions"}],"predecessor-version":[{"id":16012,"href":"https:\/\/www.organisator.ch\/de\/wp-json\/wp\/v2\/posts\/12280\/revisions\/16012"}],"wp:attachment":[{"href":"https:\/\/www.organisator.ch\/de\/wp-json\/wp\/v2\/media?parent=12280"}],"wp:term":[{"taxonomy":"category","embeddable":true,"href":"https:\/\/www.organisator.ch\/de\/wp-json\/wp\/v2\/categories?post=12280"},{"taxonomy":"post_tag","embeddable":true,"href":"https:\/\/www.organisator.ch\/de\/wp-json\/wp\/v2\/tags?post=12280"}],"curies":[{"name":"wp","href":"https:\/\/api.w.org\/{rel}","templated":true}]}}