{"id":12285,"date":"2022-03-30T15:33:05","date_gmt":"2022-03-30T13:33:05","guid":{"rendered":"https:\/\/www.m-q.ch\/?p=16108"},"modified":"2022-07-30T14:50:57","modified_gmt":"2022-07-30T12:50:57","slug":"egovernment-rubicon-will-mit-neuem-schweizer-ceo-auch-in-der-privatwirtschaft-wachsen","status":"publish","type":"post","link":"https:\/\/www.organisator.ch\/de\/operational-excellence\/2022-03-30\/egovernment-rubicon-will-mit-neuem-schweizer-ceo-auch-in-der-privatwirtschaft-wachsen\/","title":{"rendered":"eGovernment: RUBICON will mit neuem Schweizer CEO auch in der Privatwirtschaft wachsen"},"content":{"rendered":"<figure id=\"attachment_16109\" class=\"wp-caption alignnone\" style=\"width: 680px\" aria-describedby=\"caption-attachment-16109\"><img class=\"size-full wp-image-16109\" src=\"https:\/\/www.m-q.ch\/wp-content\/uploads\/2022\/03\/eGovernment-RUBICON-will-mit-neuem-Schweizer-CEO-auch-in-der-Privatwirtschaft-wachsen_MQ.jpg\" alt=\"\" width=\"680\" height=\"470\" \/><figcaption id=\"caption-attachment-16109\" class=\"wp-caption-text\">Christoph Unger, Gesch\u00e4ftsf\u00fchrer der RUBICON IT Schweiz AG, will den Erfolg mit eGovernment-L\u00f6sungen auch in die Privatwirtschaft tragen. (Bild: zVg \/ RUBICON)<\/figcaption><\/figure>\r\nDas \u00f6sterreichische Software-Unternehmen RUBICON geh\u00f6rt in Europa zu den f\u00fchrenden Anbietern von IT-L\u00f6sungen f\u00fcr die Digitalisierung zentraler Gesch\u00e4ftsprozesse in \u00f6ffentlichen Verwaltungen (eGovernment) sowie im Enterprise-Bereich. Mit der RUBICON IT Schweiz AG besteht seit 2004 ein Sitz in der Stadt Bern, wo heute neun Mitarbeiter besch\u00e4ftigt sind. Die Entwicklung massgeschneiderter IT-L\u00f6sungen erfolgt am Standort in Wien. Spezialisten zieht RUBICON Schweiz bei Bedarf aus dem Mutterhaus heran.\r\n<h2>Erfolgreiche eGovernment-Implementierungen befeuern Nachfrage<\/h2>\r\n\u00abNachdem wir uns als Digitalisierungspartner der Verwaltung ausgezeichnet haben, stossen unsere Erfahrung und unser Knowhow zunehmend auch bei der Privatwirtschaft auf Interesse\u00bb, sagt Christoph Unger. Der 42-J\u00e4hrige war bisher verantwortlich f\u00fcr die Marktentwicklung und Etablierung von Acta Nova f\u00fcr das GEVER-System im Schweizer Markt. \u00abWir unterst\u00fctzen Schweizer Unternehmen beim Ausbau ihrer digitalen Handlungsf\u00e4higkeit von A bis Z \u2013 von der elektronischen Anfrage bis hin zur Ausf\u00fchrung und Zustellung\u00bb, so Unger.\r\n\r\nAls Digitalisierungspartner von Verwaltung und Unternehmen deckt RUBICON eine breite Palette von Bed\u00fcrfnissen ab. Dazu geh\u00f6ren unter anderem L\u00f6sungen im Bereich Dokumenten- und Workflow-Management auf Basis von Acta Nova. Hinzu kommen das Vorlagen- und Output-Management mit Document Partner aber auch der hochverf\u00fcgbare Server- und Applikationsbetrieb, Expertise in den Bereichen Datenbanken und Netzwerke sowie Auditings und Software-Sicherheit \u00fcber SignPath.\r\n<h2><strong>Bundesverwaltung: 26\u2019000 Personen nutzen RUBICON-L\u00f6sung<\/strong><\/h2>\r\nZu den langj\u00e4hrigen Kunden des Unternehmens geh\u00f6ren unter anderem die SBB, die Verkehrsbetriebe Z\u00fcrich VBZ sowie eine Vielzahl von Kantonen und St\u00e4dten sowie und \u00fcber 900 Schweizer Gemeinden. Seit August 2021 nutzen \u00fcber 26\u2019000 Angestellte der Schweizer Bundesverwaltung fl\u00e4chendeckend die RUBICON-Anwendung Acta Nova. Diese l\u00e4uft auf GEVER, der digitalen Plattform des Bundes zur Gesch\u00e4ftsverwaltung, und garantiert ein einheitliches und stabiles Dokumenten- und Workflow-Management. Im laufenden Betrieb werden die Prozesse seither schrittweise optimiert. Zudem entwickelt RUBICON die Plattform stetig weiter.\r\n\r\nActa Nova erlaubt die Digitalisierung und Automatisierung von Gesch\u00e4ftsprozessen und bietet Schnittstellen zu Online-Formularen, damit einfach und schnell Daten erfasst und ohne Medienbr\u00fcche \u00fcbernommen werden k\u00f6nnen. Zus\u00e4tzlich verschl\u00fcsselt die Software vertrauliche Dokumente automatisch und bietet eine zentralen Datenspeicherung an. Gleichzeitig beschleunigt Acta Nova zum Beispiel die Erteilung von Bewilligungen, die Reaktionszeit auf Anfragen, erh\u00f6rt die Nachvollziehbarkeit aller Vorg\u00e4nge und steigert nicht zuletzt die Effizienz der Verwaltung. Da durch die Digitalisierung auch Transportwege und Papierberge entfallen, f\u00fchrt der Einsatz von Acta Nova auch zu substanziellen Einsparungen.\r\n\r\nIm laufenden Betrieb werden die Prozesse seither schrittweise optimiert. Zudem wird die Plattform stetig weiterentwickelt. Wichtige Themen sind das Eingangs- und Ausgangsmanagement sowie die digitale Interaktion mit unz\u00e4hligen Gesch\u00e4ftspartnern.\r\n\r\n<em>Quelle und Informationen: <a href=\"http:\/\/www.rubicon.eu\/\">www.rubicon.eu<\/a><\/em>\n<p class=\"syndicated-attribution\">Dieser Beitrag erschien urspr\u00fcnglich auf m-q.ch - <a href=\"https:\/\/www.m-q.ch\/de\/egovernment-rubicon-will-mit-neuem-schweizer-ceo-auch-in-der-privatwirtschaft-wachsen\/\" target=\"_blank\">https:\/\/www.m-q.ch\/de\/egovernment-rubicon-will-mit-neuem-schweizer-ceo-auch-in-der-privatwirtschaft-wachsen\/<\/a><\/p>","protected":false},"excerpt":{"rendered":"<p>Das \u00f6sterreichische Software-Unternehmen RUBICON geh\u00f6rt in Europa zu den f\u00fchrenden Anbietern von IT-L\u00f6sungen f\u00fcr die Digitalisierung zentraler Gesch\u00e4ftsprozesse in \u00f6ffentlichen Verwaltungen (eGovernment) sowie im Enterprise-Bereich. Mit der RUBICON IT Schweiz AG besteht seit 2004 ein Sitz in der Stadt Bern, wo heute neun Mitarbeiter besch\u00e4ftigt sind. Die Entwicklung massgeschneiderter IT-L\u00f6sungen erfolgt am Standort in Wien. [\u2026]<\/p>\n","protected":false},"author":8,"featured_media":0,"comment_status":"closed","ping_status":"closed","sticky":false,"template":"","format":"standard","meta":{"_acf_changed":false,"_yoast_wpseo_focuskw":"RUBICON","_yoast_wpseo_metadesc":"Der Erfolg weckte die Nachfrage nach den Services von RUBICON. Der Spezialist f\u00fcr eGovernment- und Enterprise-L\u00f6sungen hat 2021 seine Anwendung Acta Nova auf dem Gesch\u00e4ftsverwaltungssystem GEVER der Bundesverwaltung implementiert.","articlekey":"","footnotes":""},"categories":[582],"tags":[2771,3187,3184,3188],"class_list":["post-12285","post","type-post","status-publish","format-standard","hentry","category-operational-excellence","tag-bundesverwaltung","tag-egovernment","tag-rubicon","tag-schweizer-ceo"],"acf":[],"yoast_head":"<!-- This site is optimized with the Yoast SEO plugin v27.5 - https:\/\/yoast.com\/product\/yoast-seo-wordpress\/ -->\n<title>eGovernment: RUBICON will mit neuem Schweizer CEO auch in der Privatwirtschaft wachsen - Organisator<\/title>\n<meta name=\"description\" content=\"Der Erfolg weckte die Nachfrage nach den Services von RUBICON. Der Spezialist f\u00fcr eGovernment- und Enterprise-L\u00f6sungen hat 2021 seine Anwendung Acta Nova auf dem Gesch\u00e4ftsverwaltungssystem GEVER der Bundesverwaltung implementiert.\" \/>\n<meta name=\"robots\" content=\"index, follow, max-snippet:-1, max-image-preview:large, max-video-preview:-1\" \/>\n<link rel=\"canonical\" href=\"https:\/\/www.m-q.ch\/de\/egovernment-rubicon-will-mit-neuem-schweizer-ceo-auch-in-der-privatwirtschaft-wachsen\/\" \/>\n<meta property=\"og:locale\" content=\"de_DE\" \/>\n<meta property=\"og:type\" content=\"article\" \/>\n<meta property=\"og:title\" content=\"eGovernment: RUBICON will mit neuem Schweizer CEO auch in der Privatwirtschaft wachsen - Organisator\" \/>\n<meta property=\"og:description\" content=\"Der Erfolg weckte die Nachfrage nach den Services von RUBICON. Der Spezialist f\u00fcr eGovernment- und Enterprise-L\u00f6sungen hat 2021 seine Anwendung Acta Nova auf dem Gesch\u00e4ftsverwaltungssystem GEVER der Bundesverwaltung implementiert.\" \/>\n<meta property=\"og:url\" content=\"https:\/\/www.m-q.ch\/de\/egovernment-rubicon-will-mit-neuem-schweizer-ceo-auch-in-der-privatwirtschaft-wachsen\/\" \/>\n<meta property=\"og:site_name\" content=\"Organisator\" \/>\n<meta property=\"article:publisher\" content=\"https:\/\/www.facebook.com\/OrganisatorFachmagazin\" \/>\n<meta property=\"article:published_time\" content=\"2022-03-30T13:33:05+00:00\" \/>\n<meta property=\"article:modified_time\" content=\"2022-07-30T12:50:57+00:00\" \/>\n<meta property=\"og:image\" content=\"https:\/\/www.m-q.ch\/wp-content\/uploads\/2022\/03\/eGovernment-RUBICON-will-mit-neuem-Schweizer-CEO-auch-in-der-Privatwirtschaft-wachsen_MQ.jpg\" \/>\n<meta name=\"author\" content=\"galledia\" \/>\n<meta name=\"twitter:card\" content=\"summary_large_image\" \/>\n<meta name=\"twitter:creator\" content=\"@admin\" \/>\n<script type=\"application\/ld+json\" class=\"yoast-schema-graph\">{\"@context\":\"https:\\\/\\\/schema.org\",\"@graph\":[{\"@type\":\"Article\",\"@id\":\"https:\\\/\\\/www.m-q.ch\\\/de\\\/egovernment-rubicon-will-mit-neuem-schweizer-ceo-auch-in-der-privatwirtschaft-wachsen\\\/#article\",\"isPartOf\":{\"@id\":\"https:\\\/\\\/www.organisator.ch\\\/operational-excellence\\\/2022-03-30\\\/egovernment-rubicon-will-mit-neuem-schweizer-ceo-auch-in-der-privatwirtschaft-wachsen\\\/\"},\"author\":{\"name\":\"galledia\",\"@id\":\"https:\\\/\\\/www.organisator.ch\\\/#\\\/schema\\\/person\\\/4e51799071cd2dd1232ac003643ef5f0\"},\"headline\":\"eGovernment: RUBICON will mit neuem Schweizer CEO auch in der Privatwirtschaft wachsen\",\"datePublished\":\"2022-03-30T13:33:05+00:00\",\"dateModified\":\"2022-07-30T12:50:57+00:00\",\"mainEntityOfPage\":{\"@id\":\"https:\\\/\\\/www.organisator.ch\\\/operational-excellence\\\/2022-03-30\\\/egovernment-rubicon-will-mit-neuem-schweizer-ceo-auch-in-der-privatwirtschaft-wachsen\\\/\"},\"wordCount\":466,\"publisher\":{\"@id\":\"https:\\\/\\\/www.organisator.ch\\\/#organization\"},\"image\":{\"@id\":\"https:\\\/\\\/www.m-q.ch\\\/de\\\/egovernment-rubicon-will-mit-neuem-schweizer-ceo-auch-in-der-privatwirtschaft-wachsen\\\/#primaryimage\"},\"thumbnailUrl\":\"https:\\\/\\\/www.m-q.ch\\\/wp-content\\\/uploads\\\/2022\\\/03\\\/eGovernment-RUBICON-will-mit-neuem-Schweizer-CEO-auch-in-der-Privatwirtschaft-wachsen_MQ.jpg\",\"keywords\":[\"Bundesverwaltung\",\"eGovernment\",\"RUBICON\",\"Schweizer CEO\"],\"articleSection\":[\"OPERATIONAL EXCELLENCE\"],\"inLanguage\":\"de\"},{\"@type\":\"WebPage\",\"@id\":\"https:\\\/\\\/www.organisator.ch\\\/operational-excellence\\\/2022-03-30\\\/egovernment-rubicon-will-mit-neuem-schweizer-ceo-auch-in-der-privatwirtschaft-wachsen\\\/\",\"url\":\"https:\\\/\\\/www.m-q.ch\\\/de\\\/egovernment-rubicon-will-mit-neuem-schweizer-ceo-auch-in-der-privatwirtschaft-wachsen\\\/\",\"name\":\"eGovernment: RUBICON will mit neuem Schweizer CEO auch in der Privatwirtschaft wachsen - Organisator\",\"isPartOf\":{\"@id\":\"https:\\\/\\\/www.organisator.ch\\\/#website\"},\"primaryImageOfPage\":{\"@id\":\"https:\\\/\\\/www.m-q.ch\\\/de\\\/egovernment-rubicon-will-mit-neuem-schweizer-ceo-auch-in-der-privatwirtschaft-wachsen\\\/#primaryimage\"},\"image\":{\"@id\":\"https:\\\/\\\/www.m-q.ch\\\/de\\\/egovernment-rubicon-will-mit-neuem-schweizer-ceo-auch-in-der-privatwirtschaft-wachsen\\\/#primaryimage\"},\"thumbnailUrl\":\"https:\\\/\\\/www.m-q.ch\\\/wp-content\\\/uploads\\\/2022\\\/03\\\/eGovernment-RUBICON-will-mit-neuem-Schweizer-CEO-auch-in-der-Privatwirtschaft-wachsen_MQ.jpg\",\"datePublished\":\"2022-03-30T13:33:05+00:00\",\"dateModified\":\"2022-07-30T12:50:57+00:00\",\"description\":\"Der Erfolg weckte die Nachfrage nach den Services von RUBICON. Der Spezialist f\u00fcr eGovernment- und Enterprise-L\u00f6sungen hat 2021 seine Anwendung Acta Nova auf dem Gesch\u00e4ftsverwaltungssystem GEVER der Bundesverwaltung implementiert.\",\"breadcrumb\":{\"@id\":\"https:\\\/\\\/www.m-q.ch\\\/de\\\/egovernment-rubicon-will-mit-neuem-schweizer-ceo-auch-in-der-privatwirtschaft-wachsen\\\/#breadcrumb\"},\"inLanguage\":\"de\",\"potentialAction\":[{\"@type\":\"ReadAction\",\"target\":[\"https:\\\/\\\/www.m-q.ch\\\/de\\\/egovernment-rubicon-will-mit-neuem-schweizer-ceo-auch-in-der-privatwirtschaft-wachsen\\\/\"]}]},{\"@type\":\"ImageObject\",\"inLanguage\":\"de\",\"@id\":\"https:\\\/\\\/www.m-q.ch\\\/de\\\/egovernment-rubicon-will-mit-neuem-schweizer-ceo-auch-in-der-privatwirtschaft-wachsen\\\/#primaryimage\",\"url\":\"https:\\\/\\\/www.m-q.ch\\\/wp-content\\\/uploads\\\/2022\\\/03\\\/eGovernment-RUBICON-will-mit-neuem-Schweizer-CEO-auch-in-der-Privatwirtschaft-wachsen_MQ.jpg\",\"contentUrl\":\"https:\\\/\\\/www.m-q.ch\\\/wp-content\\\/uploads\\\/2022\\\/03\\\/eGovernment-RUBICON-will-mit-neuem-Schweizer-CEO-auch-in-der-Privatwirtschaft-wachsen_MQ.jpg\"},{\"@type\":\"BreadcrumbList\",\"@id\":\"https:\\\/\\\/www.m-q.ch\\\/de\\\/egovernment-rubicon-will-mit-neuem-schweizer-ceo-auch-in-der-privatwirtschaft-wachsen\\\/#breadcrumb\",\"itemListElement\":[{\"@type\":\"ListItem\",\"position\":1,\"name\":\"Home\",\"item\":\"https:\\\/\\\/www.organisator.ch\\\/\"},{\"@type\":\"ListItem\",\"position\":2,\"name\":\"eGovernment: RUBICON will mit neuem Schweizer CEO auch in der Privatwirtschaft wachsen\"}]},{\"@type\":\"WebSite\",\"@id\":\"https:\\\/\\\/www.organisator.ch\\\/#website\",\"url\":\"https:\\\/\\\/www.organisator.ch\\\/\",\"name\":\"Organisator\",\"description\":\"Kompetent. Praxisnah. Der ORGANISATOR bereitet in 10 Ausgaben pro Jahr die wesentlichen Themen f\u00fcr F\u00fchrungskr\u00e4fte von KMU auf.\",\"publisher\":{\"@id\":\"https:\\\/\\\/www.organisator.ch\\\/#organization\"},\"potentialAction\":[{\"@type\":\"SearchAction\",\"target\":{\"@type\":\"EntryPoint\",\"urlTemplate\":\"https:\\\/\\\/www.organisator.ch\\\/?s={search_term_string}\"},\"query-input\":{\"@type\":\"PropertyValueSpecification\",\"valueRequired\":true,\"valueName\":\"search_term_string\"}}],\"inLanguage\":\"de\"},{\"@type\":\"Organization\",\"@id\":\"https:\\\/\\\/www.organisator.ch\\\/#organization\",\"name\":\"Organisator\",\"url\":\"https:\\\/\\\/www.organisator.ch\\\/\",\"logo\":{\"@type\":\"ImageObject\",\"inLanguage\":\"de\",\"@id\":\"https:\\\/\\\/www.organisator.ch\\\/#\\\/schema\\\/logo\\\/image\\\/\",\"url\":\"https:\\\/\\\/www.organisator.ch\\\/wp-content\\\/uploads\\\/2022\\\/01\\\/Logo_Organisator_Website.png\",\"contentUrl\":\"https:\\\/\\\/www.organisator.ch\\\/wp-content\\\/uploads\\\/2022\\\/01\\\/Logo_Organisator_Website.png\",\"width\":800,\"height\":77,\"caption\":\"Organisator\"},\"image\":{\"@id\":\"https:\\\/\\\/www.organisator.ch\\\/#\\\/schema\\\/logo\\\/image\\\/\"},\"sameAs\":[\"https:\\\/\\\/www.facebook.com\\\/OrganisatorFachmagazin\",\"https:\\\/\\\/www.linkedin.com\\\/showcase\\\/organisator-das-magazin-fr-kmu\",\"https:\\\/\\\/www.xing.com\\\/news\\\/pages\\\/organisator-ch-695\",\"https:\\\/\\\/www.youtube.com\\\/channel\\\/UCGP2Sq0iWaZwT3BdIAQFYpw\"]},{\"@type\":\"Person\",\"@id\":\"https:\\\/\\\/www.organisator.ch\\\/#\\\/schema\\\/person\\\/4e51799071cd2dd1232ac003643ef5f0\",\"name\":\"galledia\",\"image\":{\"@type\":\"ImageObject\",\"inLanguage\":\"de\",\"@id\":\"https:\\\/\\\/secure.gravatar.com\\\/avatar\\\/78a7f90c01fc2bfc875782a0d4922b37cde2cf184ce347b91316d23cd7f69a36?s=96&d=mm&r=g\",\"url\":\"https:\\\/\\\/secure.gravatar.com\\\/avatar\\\/78a7f90c01fc2bfc875782a0d4922b37cde2cf184ce347b91316d23cd7f69a36?s=96&d=mm&r=g\",\"contentUrl\":\"https:\\\/\\\/secure.gravatar.com\\\/avatar\\\/78a7f90c01fc2bfc875782a0d4922b37cde2cf184ce347b91316d23cd7f69a36?s=96&d=mm&r=g\",\"caption\":\"galledia\"},\"sameAs\":[\"https:\\\/\\\/x.com\\\/admin\"],\"url\":\"https:\\\/\\\/www.organisator.ch\\\/de\\\/author\\\/galledia\\\/\"}]}<\/script>\n<!-- \/ Yoast SEO plugin. -->","yoast_head_json":{"title":"eGovernment: RUBICON will mit neuem Schweizer CEO auch in der Privatwirtschaft wachsen - Organisator","description":"Der Erfolg weckte die Nachfrage nach den Services von RUBICON. Der Spezialist f\u00fcr eGovernment- und Enterprise-L\u00f6sungen hat 2021 seine Anwendung Acta Nova auf dem Gesch\u00e4ftsverwaltungssystem GEVER der Bundesverwaltung implementiert.","robots":{"index":"index","follow":"follow","max-snippet":"max-snippet:-1","max-image-preview":"max-image-preview:large","max-video-preview":"max-video-preview:-1"},"canonical":"https:\/\/www.m-q.ch\/de\/egovernment-rubicon-will-mit-neuem-schweizer-ceo-auch-in-der-privatwirtschaft-wachsen\/","og_locale":"de_DE","og_type":"article","og_title":"eGovernment: RUBICON will mit neuem Schweizer CEO auch in der Privatwirtschaft wachsen - Organisator","og_description":"Der Erfolg weckte die Nachfrage nach den Services von RUBICON. Der Spezialist f\u00fcr eGovernment- und Enterprise-L\u00f6sungen hat 2021 seine Anwendung Acta Nova auf dem Gesch\u00e4ftsverwaltungssystem GEVER der Bundesverwaltung implementiert.","og_url":"https:\/\/www.m-q.ch\/de\/egovernment-rubicon-will-mit-neuem-schweizer-ceo-auch-in-der-privatwirtschaft-wachsen\/","og_site_name":"Organisator","article_publisher":"https:\/\/www.facebook.com\/OrganisatorFachmagazin","article_published_time":"2022-03-30T13:33:05+00:00","article_modified_time":"2022-07-30T12:50:57+00:00","og_image":[{"url":"https:\/\/www.m-q.ch\/wp-content\/uploads\/2022\/03\/eGovernment-RUBICON-will-mit-neuem-Schweizer-CEO-auch-in-der-Privatwirtschaft-wachsen_MQ.jpg","type":"","width":"","height":""}],"author":"galledia","twitter_card":"summary_large_image","twitter_creator":"@admin","schema":{"@context":"https:\/\/schema.org","@graph":[{"@type":"Article","@id":"https:\/\/www.m-q.ch\/de\/egovernment-rubicon-will-mit-neuem-schweizer-ceo-auch-in-der-privatwirtschaft-wachsen\/#article","isPartOf":{"@id":"https:\/\/www.organisator.ch\/operational-excellence\/2022-03-30\/egovernment-rubicon-will-mit-neuem-schweizer-ceo-auch-in-der-privatwirtschaft-wachsen\/"},"author":{"name":"galledia","@id":"https:\/\/www.organisator.ch\/#\/schema\/person\/4e51799071cd2dd1232ac003643ef5f0"},"headline":"eGovernment: RUBICON will mit neuem Schweizer CEO auch in der Privatwirtschaft wachsen","datePublished":"2022-03-30T13:33:05+00:00","dateModified":"2022-07-30T12:50:57+00:00","mainEntityOfPage":{"@id":"https:\/\/www.organisator.ch\/operational-excellence\/2022-03-30\/egovernment-rubicon-will-mit-neuem-schweizer-ceo-auch-in-der-privatwirtschaft-wachsen\/"},"wordCount":466,"publisher":{"@id":"https:\/\/www.organisator.ch\/#organization"},"image":{"@id":"https:\/\/www.m-q.ch\/de\/egovernment-rubicon-will-mit-neuem-schweizer-ceo-auch-in-der-privatwirtschaft-wachsen\/#primaryimage"},"thumbnailUrl":"https:\/\/www.m-q.ch\/wp-content\/uploads\/2022\/03\/eGovernment-RUBICON-will-mit-neuem-Schweizer-CEO-auch-in-der-Privatwirtschaft-wachsen_MQ.jpg","keywords":["Bundesverwaltung","eGovernment","RUBICON","Schweizer CEO"],"articleSection":["OPERATIONAL EXCELLENCE"],"inLanguage":"de"},{"@type":"WebPage","@id":"https:\/\/www.organisator.ch\/operational-excellence\/2022-03-30\/egovernment-rubicon-will-mit-neuem-schweizer-ceo-auch-in-der-privatwirtschaft-wachsen\/","url":"https:\/\/www.m-q.ch\/de\/egovernment-rubicon-will-mit-neuem-schweizer-ceo-auch-in-der-privatwirtschaft-wachsen\/","name":"eGovernment: RUBICON will mit neuem Schweizer CEO auch in der Privatwirtschaft wachsen - Organisator","isPartOf":{"@id":"https:\/\/www.organisator.ch\/#website"},"primaryImageOfPage":{"@id":"https:\/\/www.m-q.ch\/de\/egovernment-rubicon-will-mit-neuem-schweizer-ceo-auch-in-der-privatwirtschaft-wachsen\/#primaryimage"},"image":{"@id":"https:\/\/www.m-q.ch\/de\/egovernment-rubicon-will-mit-neuem-schweizer-ceo-auch-in-der-privatwirtschaft-wachsen\/#primaryimage"},"thumbnailUrl":"https:\/\/www.m-q.ch\/wp-content\/uploads\/2022\/03\/eGovernment-RUBICON-will-mit-neuem-Schweizer-CEO-auch-in-der-Privatwirtschaft-wachsen_MQ.jpg","datePublished":"2022-03-30T13:33:05+00:00","dateModified":"2022-07-30T12:50:57+00:00","description":"Der Erfolg weckte die Nachfrage nach den Services von RUBICON. Der Spezialist f\u00fcr eGovernment- und Enterprise-L\u00f6sungen hat 2021 seine Anwendung Acta Nova auf dem Gesch\u00e4ftsverwaltungssystem GEVER der Bundesverwaltung implementiert.","breadcrumb":{"@id":"https:\/\/www.m-q.ch\/de\/egovernment-rubicon-will-mit-neuem-schweizer-ceo-auch-in-der-privatwirtschaft-wachsen\/#breadcrumb"},"inLanguage":"de","potentialAction":[{"@type":"ReadAction","target":["https:\/\/www.m-q.ch\/de\/egovernment-rubicon-will-mit-neuem-schweizer-ceo-auch-in-der-privatwirtschaft-wachsen\/"]}]},{"@type":"ImageObject","inLanguage":"de","@id":"https:\/\/www.m-q.ch\/de\/egovernment-rubicon-will-mit-neuem-schweizer-ceo-auch-in-der-privatwirtschaft-wachsen\/#primaryimage","url":"https:\/\/www.m-q.ch\/wp-content\/uploads\/2022\/03\/eGovernment-RUBICON-will-mit-neuem-Schweizer-CEO-auch-in-der-Privatwirtschaft-wachsen_MQ.jpg","contentUrl":"https:\/\/www.m-q.ch\/wp-content\/uploads\/2022\/03\/eGovernment-RUBICON-will-mit-neuem-Schweizer-CEO-auch-in-der-Privatwirtschaft-wachsen_MQ.jpg"},{"@type":"BreadcrumbList","@id":"https:\/\/www.m-q.ch\/de\/egovernment-rubicon-will-mit-neuem-schweizer-ceo-auch-in-der-privatwirtschaft-wachsen\/#breadcrumb","itemListElement":[{"@type":"ListItem","position":1,"name":"Home","item":"https:\/\/www.organisator.ch\/"},{"@type":"ListItem","position":2,"name":"eGovernment: RUBICON will mit neuem Schweizer CEO auch in der Privatwirtschaft wachsen"}]},{"@type":"WebSite","@id":"https:\/\/www.organisator.ch\/#website","url":"https:\/\/www.organisator.ch\/","name":"Organisator","description":"Kompetent. Praxisnah. Der ORGANISATOR bereitet in 10 Ausgaben pro Jahr die wesentlichen Themen f\u00fcr F\u00fchrungskr\u00e4fte von KMU auf.","publisher":{"@id":"https:\/\/www.organisator.ch\/#organization"},"potentialAction":[{"@type":"SearchAction","target":{"@type":"EntryPoint","urlTemplate":"https:\/\/www.organisator.ch\/?s={search_term_string}"},"query-input":{"@type":"PropertyValueSpecification","valueRequired":true,"valueName":"search_term_string"}}],"inLanguage":"de"},{"@type":"Organization","@id":"https:\/\/www.organisator.ch\/#organization","name":"Organisator","url":"https:\/\/www.organisator.ch\/","logo":{"@type":"ImageObject","inLanguage":"de","@id":"https:\/\/www.organisator.ch\/#\/schema\/logo\/image\/","url":"https:\/\/www.organisator.ch\/wp-content\/uploads\/2022\/01\/Logo_Organisator_Website.png","contentUrl":"https:\/\/www.organisator.ch\/wp-content\/uploads\/2022\/01\/Logo_Organisator_Website.png","width":800,"height":77,"caption":"Organisator"},"image":{"@id":"https:\/\/www.organisator.ch\/#\/schema\/logo\/image\/"},"sameAs":["https:\/\/www.facebook.com\/OrganisatorFachmagazin","https:\/\/www.linkedin.com\/showcase\/organisator-das-magazin-fr-kmu","https:\/\/www.xing.com\/news\/pages\/organisator-ch-695","https:\/\/www.youtube.com\/channel\/UCGP2Sq0iWaZwT3BdIAQFYpw"]},{"@type":"Person","@id":"https:\/\/www.organisator.ch\/#\/schema\/person\/4e51799071cd2dd1232ac003643ef5f0","name":"galledia","image":{"@type":"ImageObject","inLanguage":"de","@id":"https:\/\/secure.gravatar.com\/avatar\/78a7f90c01fc2bfc875782a0d4922b37cde2cf184ce347b91316d23cd7f69a36?s=96&d=mm&r=g","url":"https:\/\/secure.gravatar.com\/avatar\/78a7f90c01fc2bfc875782a0d4922b37cde2cf184ce347b91316d23cd7f69a36?s=96&d=mm&r=g","contentUrl":"https:\/\/secure.gravatar.com\/avatar\/78a7f90c01fc2bfc875782a0d4922b37cde2cf184ce347b91316d23cd7f69a36?s=96&d=mm&r=g","caption":"galledia"},"sameAs":["https:\/\/x.com\/admin"],"url":"https:\/\/www.organisator.ch\/de\/author\/galledia\/"}]}},"_links":{"self":[{"href":"https:\/\/www.organisator.ch\/de\/wp-json\/wp\/v2\/posts\/12285","targetHints":{"allow":["GET"]}}],"collection":[{"href":"https:\/\/www.organisator.ch\/de\/wp-json\/wp\/v2\/posts"}],"about":[{"href":"https:\/\/www.organisator.ch\/de\/wp-json\/wp\/v2\/types\/post"}],"author":[{"embeddable":true,"href":"https:\/\/www.organisator.ch\/de\/wp-json\/wp\/v2\/users\/8"}],"replies":[{"embeddable":true,"href":"https:\/\/www.organisator.ch\/de\/wp-json\/wp\/v2\/comments?post=12285"}],"version-history":[{"count":4,"href":"https:\/\/www.organisator.ch\/de\/wp-json\/wp\/v2\/posts\/12285\/revisions"}],"predecessor-version":[{"id":16016,"href":"https:\/\/www.organisator.ch\/de\/wp-json\/wp\/v2\/posts\/12285\/revisions\/16016"}],"wp:attachment":[{"href":"https:\/\/www.organisator.ch\/de\/wp-json\/wp\/v2\/media?parent=12285"}],"wp:term":[{"taxonomy":"category","embeddable":true,"href":"https:\/\/www.organisator.ch\/de\/wp-json\/wp\/v2\/categories?post=12285"},{"taxonomy":"post_tag","embeddable":true,"href":"https:\/\/www.organisator.ch\/de\/wp-json\/wp\/v2\/tags?post=12285"}],"curies":[{"name":"wp","href":"https:\/\/api.w.org\/{rel}","templated":true}]}}