{"id":12339,"date":"2022-04-01T10:09:42","date_gmt":"2022-04-01T08:09:42","guid":{"rendered":"https:\/\/www.organisator.ch\/?p=12339"},"modified":"2022-04-01T10:09:42","modified_gmt":"2022-04-01T08:09:42","slug":"barbara-aeschlimann-ist-neue-praesidentin-bei-perikom","status":"publish","type":"post","link":"https:\/\/www.organisator.ch\/de\/human-resources\/2022-04-01\/barbara-aeschlimann-ist-neue-praesidentin-bei-perikom\/","title":{"rendered":"Barbara Aeschlimann ist neue Pr\u00e4sidentin bei Perikom"},"content":{"rendered":"<figure id=\"attachment_12340\" aria-describedby=\"caption-attachment-12340\" style=\"width: 680px\" class=\"wp-caption alignnone\"><img loading=\"lazy\" decoding=\"async\" class=\"size-full wp-image-12340\" src=\"https:\/\/www.organisator.ch\/wp-content\/uploads\/2022\/04\/Barbara-Aeschlimann-ist-neue-Praesidentin-bei-Perikom_Organisator.jpg\" alt=\"\" width=\"680\" height=\"519\" srcset=\"https:\/\/www.organisator.ch\/wp-content\/uploads\/2022\/04\/Barbara-Aeschlimann-ist-neue-Praesidentin-bei-Perikom_Organisator.jpg 680w, https:\/\/www.organisator.ch\/wp-content\/uploads\/2022\/04\/Barbara-Aeschlimann-ist-neue-Praesidentin-bei-Perikom_Organisator-16x12.jpg 16w, https:\/\/www.organisator.ch\/wp-content\/uploads\/2022\/04\/Barbara-Aeschlimann-ist-neue-Praesidentin-bei-Perikom_Organisator-229x175.jpg 229w, https:\/\/www.organisator.ch\/wp-content\/uploads\/2022\/04\/Barbara-Aeschlimann-ist-neue-Praesidentin-bei-Perikom_Organisator-459x350.jpg 459w, https:\/\/www.organisator.ch\/wp-content\/uploads\/2022\/04\/Barbara-Aeschlimann-ist-neue-Praesidentin-bei-Perikom_Organisator-300x229.jpg 300w\" sizes=\"auto, (max-width: 680px) 100vw, 680px\" \/><figcaption id=\"caption-attachment-12340\" class=\"wp-caption-text\">Barbara Aeschlimann wurde am 30. M\u00e4rz zur neuen Pr\u00e4sidentin von Perikom gew\u00e4hlt. (Bild: zVg \/ Perikom)<\/figcaption><\/figure>\n<p>Die Generalversammlung von Perikom. Fachverein f\u00fcr Personalmanagement und Interne Kommunikation w\u00e4hlte Barbara Aeschlimann einstimmig zur neuen Pr\u00e4sidentin. Sie l\u00f6st Cyril Meier ab, der den Vorstand verl\u00e4sst. Neu in den Vorstand gew\u00e4hlt wurde auch Thore Lingel, Farner Consulting AG. Zum Dank f\u00fcr Cyril Meiers grosse Verdienste um Perikom \u00a0&#8211; seit seiner Gr\u00fcndung im Jahr 2011 &#8211; ernannte der Vorstand Cyril Meier per Akklamation zum Ehrenmitglied.<\/p>\n<p>Die neue Pr\u00e4sidentin ist seit 2014 Vorstandsmitglied und seit 2018 Gesch\u00e4ftsf\u00fchrerin der Z\u00fcrcher Gesellschaft f\u00fcr Personal-Management. Seit drei Jahren ist Barbara Aeschlimann im Vorstand von Perikom. W\u00e4hrend mehr als 25 Jahren hatte sie HR-Leitungsfunktionen in verschiedenen Branchen inne, unter anderem war sie w\u00e4hrend mehr als 10 Jahren Personalchefin von EY Schweiz. Barbara Aeschlimann ist promovierte Sprachwissenschaftlerin.<\/p>\n<p>Barbara Aeschlimann meint \u00fcber ihre neue Aufgabe: \u00abGute, zielf\u00fchrende HR-Arbeit lebt von ebenso guter Kommunikation, die das Zielpublikum gezielt adressiert. Vor diesem Hintergrund sch\u00e4tze ich, dass Perikom diese zentrale Schnittstelle im Unternehmen unter die Lupe nimmt und so das gegenseitige Verst\u00e4ndnis von HR und interner Kommunikation sch\u00e4rft\u00bb.<\/p>\n<p>Die Aktivit\u00e4ten von Perikom umfassen im Wesentlichen regelm\u00e4ssige Veranstaltungen f\u00fcr Kommunikations- und Personalexperten, die Entwicklung von Weiterbildungsangeboten, die Initiierung und Begleitung von Forschungsarbeiten und Studien zum Thema interne Kommunikation sowie eine j\u00e4hrlich stattfindende Schweizerische Tagung HR\/Interne Kommunikation. Das n\u00e4chste Mal am 19. Mai 2022 zum Thema \u201eEine humanere Arbeitswelt wagen\u201c.<\/p>\n<p><em>Quelle und weitere Informationen: <a href=\"http:\/\/www.perikom.ch\">Perikom<\/a><\/em><\/p>\n","protected":false},"excerpt":{"rendered":"<p>Die Generalversammlung von Perikom. Fachverein f\u00fcr Personalmanagement und Interne Kommunikation w\u00e4hlte Barbara Aeschlimann einstimmig zur neuen Pr\u00e4sidentin. Sie l\u00f6st Cyril Meier ab, der den Vorstand verl\u00e4sst. Neu in den Vorstand gew\u00e4hlt wurde auch Thore Lingel, Farner Consulting AG. Zum Dank f\u00fcr Cyril Meiers grosse Verdienste um Perikom \u00a0&#8211; seit seiner Gr\u00fcndung im Jahr 2011 &#8211; [&hellip;]<\/p>\n","protected":false},"author":4,"featured_media":12340,"comment_status":"closed","ping_status":"closed","sticky":false,"template":"","format":"standard","meta":{"_acf_changed":false,"_yoast_wpseo_focuskw":"Barbara Aeschlimann","_yoast_wpseo_metadesc":"Die Generalversammlung des Vereins Perikom w\u00e4hlte am 30. M\u00e4rz 2022 Barbara Aeschlimann zur neuen Pr\u00e4sidentin.","articlekey":"","footnotes":""},"categories":[579],"tags":[334,2777,503],"class_list":["post-12339","post","type-post","status-publish","format-standard","has-post-thumbnail","hentry","category-human-resources","tag-management","tag-personalmanagement","tag-verbaende"],"acf":[],"yoast_head":"<!-- This site is optimized with the Yoast SEO plugin v27.5 - https:\/\/yoast.com\/product\/yoast-seo-wordpress\/ -->\n<title>Barbara Aeschlimann ist neue Pr\u00e4sidentin bei Perikom - Organisator<\/title>\n<meta name=\"description\" content=\"Die Generalversammlung des Vereins Perikom w\u00e4hlte am 30. M\u00e4rz 2022 Barbara Aeschlimann zur neuen Pr\u00e4sidentin.\" \/>\n<meta name=\"robots\" content=\"index, follow, max-snippet:-1, max-image-preview:large, max-video-preview:-1\" \/>\n<link rel=\"canonical\" href=\"https:\/\/www.organisator.ch\/de\/human-resources\/2022-04-01\/barbara-aeschlimann-ist-neue-praesidentin-bei-perikom\/\" \/>\n<meta property=\"og:locale\" content=\"de_DE\" \/>\n<meta property=\"og:type\" content=\"article\" \/>\n<meta property=\"og:title\" content=\"Barbara Aeschlimann ist neue Pr\u00e4sidentin bei Perikom\" \/>\n<meta property=\"og:description\" content=\"Die Generalversammlung des Vereins Perikom w\u00e4hlte am 30. M\u00e4rz 2022 Barbara Aeschlimann zur neuen Pr\u00e4sidentin.\" \/>\n<meta property=\"og:url\" content=\"https:\/\/www.organisator.ch\/de\/human-resources\/2022-04-01\/barbara-aeschlimann-ist-neue-praesidentin-bei-perikom\/\" \/>\n<meta property=\"og:site_name\" content=\"Organisator\" \/>\n<meta property=\"article:publisher\" content=\"https:\/\/www.facebook.com\/OrganisatorFachmagazin\" \/>\n<meta property=\"article:published_time\" content=\"2022-04-01T08:09:42+00:00\" \/>\n<meta property=\"og:image\" content=\"https:\/\/www.organisator.ch\/wp-content\/uploads\/2022\/04\/Barbara-Aeschlimann-ist-neue-Praesidentin-bei-Perikom_Organisator.jpg\" \/>\n\t<meta property=\"og:image:width\" content=\"680\" \/>\n\t<meta property=\"og:image:height\" content=\"519\" \/>\n\t<meta property=\"og:image:type\" content=\"image\/jpeg\" \/>\n<meta name=\"author\" content=\"thomas.berner\" \/>\n<meta name=\"twitter:card\" content=\"summary_large_image\" \/>\n<meta name=\"twitter:title\" content=\"Barbara #Aeschlimann ist neue Pr\u00e4sidentin bei #Perikom\" \/>\n<meta name=\"twitter:description\" content=\"Die #Generalversammlung des Vereins #Perikom w\u00e4hlte am 30. M\u00e4rz 2022 Barbara #Aeschlimann zur neuen Pr\u00e4sidentin.\" \/>\n<meta name=\"twitter:image\" content=\"https:\/\/www.organisator.ch\/wp-content\/uploads\/2022\/04\/Barbara-Aeschlimann-ist-neue-Praesidentin-bei-Perikom_Organisator.jpg\" \/>\n<script type=\"application\/ld+json\" class=\"yoast-schema-graph\">{\"@context\":\"https:\\\/\\\/schema.org\",\"@graph\":[{\"@type\":\"Article\",\"@id\":\"https:\\\/\\\/www.organisator.ch\\\/human-resources\\\/2022-04-01\\\/barbara-aeschlimann-ist-neue-praesidentin-bei-perikom\\\/#article\",\"isPartOf\":{\"@id\":\"https:\\\/\\\/www.organisator.ch\\\/human-resources\\\/2022-04-01\\\/barbara-aeschlimann-ist-neue-praesidentin-bei-perikom\\\/\"},\"author\":{\"name\":\"thomas.berner\",\"@id\":\"https:\\\/\\\/www.organisator.ch\\\/#\\\/schema\\\/person\\\/6f650f90b2842cd4c0cc334b4e36f67e\"},\"headline\":\"Barbara Aeschlimann ist neue Pr\u00e4sidentin bei Perikom\",\"datePublished\":\"2022-04-01T08:09:42+00:00\",\"mainEntityOfPage\":{\"@id\":\"https:\\\/\\\/www.organisator.ch\\\/human-resources\\\/2022-04-01\\\/barbara-aeschlimann-ist-neue-praesidentin-bei-perikom\\\/\"},\"wordCount\":272,\"publisher\":{\"@id\":\"https:\\\/\\\/www.organisator.ch\\\/#organization\"},\"image\":{\"@id\":\"https:\\\/\\\/www.organisator.ch\\\/human-resources\\\/2022-04-01\\\/barbara-aeschlimann-ist-neue-praesidentin-bei-perikom\\\/#primaryimage\"},\"thumbnailUrl\":\"https:\\\/\\\/www.organisator.ch\\\/wp-content\\\/uploads\\\/2022\\\/04\\\/Barbara-Aeschlimann-ist-neue-Praesidentin-bei-Perikom_Organisator.jpg\",\"keywords\":[\"Management\",\"Personalmanagement\",\"Verb\u00e4nde\"],\"articleSection\":[\"HUMAN RESOURCES\"],\"inLanguage\":\"de\"},{\"@type\":\"WebPage\",\"@id\":\"https:\\\/\\\/www.organisator.ch\\\/human-resources\\\/2022-04-01\\\/barbara-aeschlimann-ist-neue-praesidentin-bei-perikom\\\/\",\"url\":\"https:\\\/\\\/www.organisator.ch\\\/human-resources\\\/2022-04-01\\\/barbara-aeschlimann-ist-neue-praesidentin-bei-perikom\\\/\",\"name\":\"Barbara Aeschlimann ist neue Pr\u00e4sidentin bei Perikom - Organisator\",\"isPartOf\":{\"@id\":\"https:\\\/\\\/www.organisator.ch\\\/#website\"},\"primaryImageOfPage\":{\"@id\":\"https:\\\/\\\/www.organisator.ch\\\/human-resources\\\/2022-04-01\\\/barbara-aeschlimann-ist-neue-praesidentin-bei-perikom\\\/#primaryimage\"},\"image\":{\"@id\":\"https:\\\/\\\/www.organisator.ch\\\/human-resources\\\/2022-04-01\\\/barbara-aeschlimann-ist-neue-praesidentin-bei-perikom\\\/#primaryimage\"},\"thumbnailUrl\":\"https:\\\/\\\/www.organisator.ch\\\/wp-content\\\/uploads\\\/2022\\\/04\\\/Barbara-Aeschlimann-ist-neue-Praesidentin-bei-Perikom_Organisator.jpg\",\"datePublished\":\"2022-04-01T08:09:42+00:00\",\"description\":\"Die Generalversammlung des Vereins Perikom w\u00e4hlte am 30. M\u00e4rz 2022 Barbara Aeschlimann zur neuen Pr\u00e4sidentin.\",\"breadcrumb\":{\"@id\":\"https:\\\/\\\/www.organisator.ch\\\/human-resources\\\/2022-04-01\\\/barbara-aeschlimann-ist-neue-praesidentin-bei-perikom\\\/#breadcrumb\"},\"inLanguage\":\"de\",\"potentialAction\":[{\"@type\":\"ReadAction\",\"target\":[\"https:\\\/\\\/www.organisator.ch\\\/human-resources\\\/2022-04-01\\\/barbara-aeschlimann-ist-neue-praesidentin-bei-perikom\\\/\"]}]},{\"@type\":\"ImageObject\",\"inLanguage\":\"de\",\"@id\":\"https:\\\/\\\/www.organisator.ch\\\/human-resources\\\/2022-04-01\\\/barbara-aeschlimann-ist-neue-praesidentin-bei-perikom\\\/#primaryimage\",\"url\":\"https:\\\/\\\/www.organisator.ch\\\/wp-content\\\/uploads\\\/2022\\\/04\\\/Barbara-Aeschlimann-ist-neue-Praesidentin-bei-Perikom_Organisator.jpg\",\"contentUrl\":\"https:\\\/\\\/www.organisator.ch\\\/wp-content\\\/uploads\\\/2022\\\/04\\\/Barbara-Aeschlimann-ist-neue-Praesidentin-bei-Perikom_Organisator.jpg\",\"width\":680,\"height\":519,\"caption\":\"Barbara Aeschlimann wurde am 30. M\u00e4rz zur neuen Pr\u00e4sidentin von Perikom gew\u00e4hlt. (Bild: zVg \\\/ Perikom)\"},{\"@type\":\"BreadcrumbList\",\"@id\":\"https:\\\/\\\/www.organisator.ch\\\/human-resources\\\/2022-04-01\\\/barbara-aeschlimann-ist-neue-praesidentin-bei-perikom\\\/#breadcrumb\",\"itemListElement\":[{\"@type\":\"ListItem\",\"position\":1,\"name\":\"Home\",\"item\":\"https:\\\/\\\/www.organisator.ch\\\/\"},{\"@type\":\"ListItem\",\"position\":2,\"name\":\"Barbara Aeschlimann ist neue Pr\u00e4sidentin bei Perikom\"}]},{\"@type\":\"WebSite\",\"@id\":\"https:\\\/\\\/www.organisator.ch\\\/#website\",\"url\":\"https:\\\/\\\/www.organisator.ch\\\/\",\"name\":\"Organisator\",\"description\":\"Kompetent. Praxisnah. Der ORGANISATOR bereitet in 10 Ausgaben pro Jahr die wesentlichen Themen f\u00fcr F\u00fchrungskr\u00e4fte von KMU auf.\",\"publisher\":{\"@id\":\"https:\\\/\\\/www.organisator.ch\\\/#organization\"},\"potentialAction\":[{\"@type\":\"SearchAction\",\"target\":{\"@type\":\"EntryPoint\",\"urlTemplate\":\"https:\\\/\\\/www.organisator.ch\\\/?s={search_term_string}\"},\"query-input\":{\"@type\":\"PropertyValueSpecification\",\"valueRequired\":true,\"valueName\":\"search_term_string\"}}],\"inLanguage\":\"de\"},{\"@type\":\"Organization\",\"@id\":\"https:\\\/\\\/www.organisator.ch\\\/#organization\",\"name\":\"Organisator\",\"url\":\"https:\\\/\\\/www.organisator.ch\\\/\",\"logo\":{\"@type\":\"ImageObject\",\"inLanguage\":\"de\",\"@id\":\"https:\\\/\\\/www.organisator.ch\\\/#\\\/schema\\\/logo\\\/image\\\/\",\"url\":\"https:\\\/\\\/www.organisator.ch\\\/wp-content\\\/uploads\\\/2022\\\/01\\\/Logo_Organisator_Website.png\",\"contentUrl\":\"https:\\\/\\\/www.organisator.ch\\\/wp-content\\\/uploads\\\/2022\\\/01\\\/Logo_Organisator_Website.png\",\"width\":800,\"height\":77,\"caption\":\"Organisator\"},\"image\":{\"@id\":\"https:\\\/\\\/www.organisator.ch\\\/#\\\/schema\\\/logo\\\/image\\\/\"},\"sameAs\":[\"https:\\\/\\\/www.facebook.com\\\/OrganisatorFachmagazin\",\"https:\\\/\\\/www.linkedin.com\\\/showcase\\\/organisator-das-magazin-fr-kmu\",\"https:\\\/\\\/www.xing.com\\\/news\\\/pages\\\/organisator-ch-695\",\"https:\\\/\\\/www.youtube.com\\\/channel\\\/UCGP2Sq0iWaZwT3BdIAQFYpw\"]},{\"@type\":\"Person\",\"@id\":\"https:\\\/\\\/www.organisator.ch\\\/#\\\/schema\\\/person\\\/6f650f90b2842cd4c0cc334b4e36f67e\",\"name\":\"thomas.berner\",\"image\":{\"@type\":\"ImageObject\",\"inLanguage\":\"de\",\"@id\":\"https:\\\/\\\/secure.gravatar.com\\\/avatar\\\/ac5001d2a36cb6c6cd3e50789007ffca834b477b74a2144564522e944eabff61?s=96&d=mm&r=g\",\"url\":\"https:\\\/\\\/secure.gravatar.com\\\/avatar\\\/ac5001d2a36cb6c6cd3e50789007ffca834b477b74a2144564522e944eabff61?s=96&d=mm&r=g\",\"contentUrl\":\"https:\\\/\\\/secure.gravatar.com\\\/avatar\\\/ac5001d2a36cb6c6cd3e50789007ffca834b477b74a2144564522e944eabff61?s=96&d=mm&r=g\",\"caption\":\"thomas.berner\"},\"url\":\"https:\\\/\\\/www.organisator.ch\\\/de\\\/author\\\/thomas-berner\\\/\"}]}<\/script>\n<!-- \/ Yoast SEO plugin. -->","yoast_head_json":{"title":"Barbara Aeschlimann ist neue Pr\u00e4sidentin bei Perikom - Organisator","description":"Die Generalversammlung des Vereins Perikom w\u00e4hlte am 30. M\u00e4rz 2022 Barbara Aeschlimann zur neuen Pr\u00e4sidentin.","robots":{"index":"index","follow":"follow","max-snippet":"max-snippet:-1","max-image-preview":"max-image-preview:large","max-video-preview":"max-video-preview:-1"},"canonical":"https:\/\/www.organisator.ch\/de\/human-resources\/2022-04-01\/barbara-aeschlimann-ist-neue-praesidentin-bei-perikom\/","og_locale":"de_DE","og_type":"article","og_title":"Barbara Aeschlimann ist neue Pr\u00e4sidentin bei Perikom","og_description":"Die Generalversammlung des Vereins Perikom w\u00e4hlte am 30. M\u00e4rz 2022 Barbara Aeschlimann zur neuen Pr\u00e4sidentin.","og_url":"https:\/\/www.organisator.ch\/de\/human-resources\/2022-04-01\/barbara-aeschlimann-ist-neue-praesidentin-bei-perikom\/","og_site_name":"Organisator","article_publisher":"https:\/\/www.facebook.com\/OrganisatorFachmagazin","article_published_time":"2022-04-01T08:09:42+00:00","og_image":[{"width":680,"height":519,"url":"https:\/\/www.organisator.ch\/wp-content\/uploads\/2022\/04\/Barbara-Aeschlimann-ist-neue-Praesidentin-bei-Perikom_Organisator.jpg","type":"image\/jpeg"}],"author":"thomas.berner","twitter_card":"summary_large_image","twitter_title":"Barbara #Aeschlimann ist neue Pr\u00e4sidentin bei #Perikom","twitter_description":"Die #Generalversammlung des Vereins #Perikom w\u00e4hlte am 30. M\u00e4rz 2022 Barbara #Aeschlimann zur neuen Pr\u00e4sidentin.","twitter_image":"https:\/\/www.organisator.ch\/wp-content\/uploads\/2022\/04\/Barbara-Aeschlimann-ist-neue-Praesidentin-bei-Perikom_Organisator.jpg","schema":{"@context":"https:\/\/schema.org","@graph":[{"@type":"Article","@id":"https:\/\/www.organisator.ch\/human-resources\/2022-04-01\/barbara-aeschlimann-ist-neue-praesidentin-bei-perikom\/#article","isPartOf":{"@id":"https:\/\/www.organisator.ch\/human-resources\/2022-04-01\/barbara-aeschlimann-ist-neue-praesidentin-bei-perikom\/"},"author":{"name":"thomas.berner","@id":"https:\/\/www.organisator.ch\/#\/schema\/person\/6f650f90b2842cd4c0cc334b4e36f67e"},"headline":"Barbara Aeschlimann ist neue Pr\u00e4sidentin bei Perikom","datePublished":"2022-04-01T08:09:42+00:00","mainEntityOfPage":{"@id":"https:\/\/www.organisator.ch\/human-resources\/2022-04-01\/barbara-aeschlimann-ist-neue-praesidentin-bei-perikom\/"},"wordCount":272,"publisher":{"@id":"https:\/\/www.organisator.ch\/#organization"},"image":{"@id":"https:\/\/www.organisator.ch\/human-resources\/2022-04-01\/barbara-aeschlimann-ist-neue-praesidentin-bei-perikom\/#primaryimage"},"thumbnailUrl":"https:\/\/www.organisator.ch\/wp-content\/uploads\/2022\/04\/Barbara-Aeschlimann-ist-neue-Praesidentin-bei-Perikom_Organisator.jpg","keywords":["Management","Personalmanagement","Verb\u00e4nde"],"articleSection":["HUMAN RESOURCES"],"inLanguage":"de"},{"@type":"WebPage","@id":"https:\/\/www.organisator.ch\/human-resources\/2022-04-01\/barbara-aeschlimann-ist-neue-praesidentin-bei-perikom\/","url":"https:\/\/www.organisator.ch\/human-resources\/2022-04-01\/barbara-aeschlimann-ist-neue-praesidentin-bei-perikom\/","name":"Barbara Aeschlimann ist neue Pr\u00e4sidentin bei Perikom - Organisator","isPartOf":{"@id":"https:\/\/www.organisator.ch\/#website"},"primaryImageOfPage":{"@id":"https:\/\/www.organisator.ch\/human-resources\/2022-04-01\/barbara-aeschlimann-ist-neue-praesidentin-bei-perikom\/#primaryimage"},"image":{"@id":"https:\/\/www.organisator.ch\/human-resources\/2022-04-01\/barbara-aeschlimann-ist-neue-praesidentin-bei-perikom\/#primaryimage"},"thumbnailUrl":"https:\/\/www.organisator.ch\/wp-content\/uploads\/2022\/04\/Barbara-Aeschlimann-ist-neue-Praesidentin-bei-Perikom_Organisator.jpg","datePublished":"2022-04-01T08:09:42+00:00","description":"Die Generalversammlung des Vereins Perikom w\u00e4hlte am 30. M\u00e4rz 2022 Barbara Aeschlimann zur neuen Pr\u00e4sidentin.","breadcrumb":{"@id":"https:\/\/www.organisator.ch\/human-resources\/2022-04-01\/barbara-aeschlimann-ist-neue-praesidentin-bei-perikom\/#breadcrumb"},"inLanguage":"de","potentialAction":[{"@type":"ReadAction","target":["https:\/\/www.organisator.ch\/human-resources\/2022-04-01\/barbara-aeschlimann-ist-neue-praesidentin-bei-perikom\/"]}]},{"@type":"ImageObject","inLanguage":"de","@id":"https:\/\/www.organisator.ch\/human-resources\/2022-04-01\/barbara-aeschlimann-ist-neue-praesidentin-bei-perikom\/#primaryimage","url":"https:\/\/www.organisator.ch\/wp-content\/uploads\/2022\/04\/Barbara-Aeschlimann-ist-neue-Praesidentin-bei-Perikom_Organisator.jpg","contentUrl":"https:\/\/www.organisator.ch\/wp-content\/uploads\/2022\/04\/Barbara-Aeschlimann-ist-neue-Praesidentin-bei-Perikom_Organisator.jpg","width":680,"height":519,"caption":"Barbara Aeschlimann wurde am 30. M\u00e4rz zur neuen Pr\u00e4sidentin von Perikom gew\u00e4hlt. (Bild: zVg \/ Perikom)"},{"@type":"BreadcrumbList","@id":"https:\/\/www.organisator.ch\/human-resources\/2022-04-01\/barbara-aeschlimann-ist-neue-praesidentin-bei-perikom\/#breadcrumb","itemListElement":[{"@type":"ListItem","position":1,"name":"Home","item":"https:\/\/www.organisator.ch\/"},{"@type":"ListItem","position":2,"name":"Barbara Aeschlimann ist neue Pr\u00e4sidentin bei Perikom"}]},{"@type":"WebSite","@id":"https:\/\/www.organisator.ch\/#website","url":"https:\/\/www.organisator.ch\/","name":"Organisator","description":"Kompetent. Praxisnah. Der ORGANISATOR bereitet in 10 Ausgaben pro Jahr die wesentlichen Themen f\u00fcr F\u00fchrungskr\u00e4fte von KMU auf.","publisher":{"@id":"https:\/\/www.organisator.ch\/#organization"},"potentialAction":[{"@type":"SearchAction","target":{"@type":"EntryPoint","urlTemplate":"https:\/\/www.organisator.ch\/?s={search_term_string}"},"query-input":{"@type":"PropertyValueSpecification","valueRequired":true,"valueName":"search_term_string"}}],"inLanguage":"de"},{"@type":"Organization","@id":"https:\/\/www.organisator.ch\/#organization","name":"Organisator","url":"https:\/\/www.organisator.ch\/","logo":{"@type":"ImageObject","inLanguage":"de","@id":"https:\/\/www.organisator.ch\/#\/schema\/logo\/image\/","url":"https:\/\/www.organisator.ch\/wp-content\/uploads\/2022\/01\/Logo_Organisator_Website.png","contentUrl":"https:\/\/www.organisator.ch\/wp-content\/uploads\/2022\/01\/Logo_Organisator_Website.png","width":800,"height":77,"caption":"Organisator"},"image":{"@id":"https:\/\/www.organisator.ch\/#\/schema\/logo\/image\/"},"sameAs":["https:\/\/www.facebook.com\/OrganisatorFachmagazin","https:\/\/www.linkedin.com\/showcase\/organisator-das-magazin-fr-kmu","https:\/\/www.xing.com\/news\/pages\/organisator-ch-695","https:\/\/www.youtube.com\/channel\/UCGP2Sq0iWaZwT3BdIAQFYpw"]},{"@type":"Person","@id":"https:\/\/www.organisator.ch\/#\/schema\/person\/6f650f90b2842cd4c0cc334b4e36f67e","name":"thomas.berner","image":{"@type":"ImageObject","inLanguage":"de","@id":"https:\/\/secure.gravatar.com\/avatar\/ac5001d2a36cb6c6cd3e50789007ffca834b477b74a2144564522e944eabff61?s=96&d=mm&r=g","url":"https:\/\/secure.gravatar.com\/avatar\/ac5001d2a36cb6c6cd3e50789007ffca834b477b74a2144564522e944eabff61?s=96&d=mm&r=g","contentUrl":"https:\/\/secure.gravatar.com\/avatar\/ac5001d2a36cb6c6cd3e50789007ffca834b477b74a2144564522e944eabff61?s=96&d=mm&r=g","caption":"thomas.berner"},"url":"https:\/\/www.organisator.ch\/de\/author\/thomas-berner\/"}]}},"_links":{"self":[{"href":"https:\/\/www.organisator.ch\/de\/wp-json\/wp\/v2\/posts\/12339","targetHints":{"allow":["GET"]}}],"collection":[{"href":"https:\/\/www.organisator.ch\/de\/wp-json\/wp\/v2\/posts"}],"about":[{"href":"https:\/\/www.organisator.ch\/de\/wp-json\/wp\/v2\/types\/post"}],"author":[{"embeddable":true,"href":"https:\/\/www.organisator.ch\/de\/wp-json\/wp\/v2\/users\/4"}],"replies":[{"embeddable":true,"href":"https:\/\/www.organisator.ch\/de\/wp-json\/wp\/v2\/comments?post=12339"}],"version-history":[{"count":1,"href":"https:\/\/www.organisator.ch\/de\/wp-json\/wp\/v2\/posts\/12339\/revisions"}],"predecessor-version":[{"id":12341,"href":"https:\/\/www.organisator.ch\/de\/wp-json\/wp\/v2\/posts\/12339\/revisions\/12341"}],"wp:featuredmedia":[{"embeddable":true,"href":"https:\/\/www.organisator.ch\/de\/wp-json\/wp\/v2\/media\/12340"}],"wp:attachment":[{"href":"https:\/\/www.organisator.ch\/de\/wp-json\/wp\/v2\/media?parent=12339"}],"wp:term":[{"taxonomy":"category","embeddable":true,"href":"https:\/\/www.organisator.ch\/de\/wp-json\/wp\/v2\/categories?post=12339"},{"taxonomy":"post_tag","embeddable":true,"href":"https:\/\/www.organisator.ch\/de\/wp-json\/wp\/v2\/tags?post=12339"}],"curies":[{"name":"wp","href":"https:\/\/api.w.org\/{rel}","templated":true}]}}