{"id":12520,"date":"2022-04-08T14:13:55","date_gmt":"2022-04-08T12:13:55","guid":{"rendered":"https:\/\/www.organisator.ch\/?p=12520"},"modified":"2022-04-07T14:46:40","modified_gmt":"2022-04-07T12:46:40","slug":"volle-kraft-voraus-mit-neuem-erp-system","status":"publish","type":"post","link":"https:\/\/www.organisator.ch\/de\/management\/it\/2022-04-08\/volle-kraft-voraus-mit-neuem-erp-system\/","title":{"rendered":"Volle Kraft voraus mit neuem ERP-System"},"content":{"rendered":"<figure id=\"attachment_12521\" aria-describedby=\"caption-attachment-12521\" style=\"width: 680px\" class=\"wp-caption alignnone\"><img loading=\"lazy\" decoding=\"async\" class=\"size-full wp-image-12521\" src=\"https:\/\/www.organisator.ch\/wp-content\/uploads\/2022\/04\/Volle-Kraft-voraus-mit-neuem-ERP-System_Organisator.jpg\" alt=\"\" width=\"680\" height=\"404\" srcset=\"https:\/\/www.organisator.ch\/wp-content\/uploads\/2022\/04\/Volle-Kraft-voraus-mit-neuem-ERP-System_Organisator.jpg 680w, https:\/\/www.organisator.ch\/wp-content\/uploads\/2022\/04\/Volle-Kraft-voraus-mit-neuem-ERP-System_Organisator-18x12.jpg 18w, https:\/\/www.organisator.ch\/wp-content\/uploads\/2022\/04\/Volle-Kraft-voraus-mit-neuem-ERP-System_Organisator-295x175.jpg 295w, https:\/\/www.organisator.ch\/wp-content\/uploads\/2022\/04\/Volle-Kraft-voraus-mit-neuem-ERP-System_Organisator-589x350.jpg 589w, https:\/\/www.organisator.ch\/wp-content\/uploads\/2022\/04\/Volle-Kraft-voraus-mit-neuem-ERP-System_Organisator-300x178.jpg 300w\" sizes=\"auto, (max-width: 680px) 100vw, 680px\" \/><figcaption id=\"caption-attachment-12521\" class=\"wp-caption-text\">Das Traditionsunternehmen Boesch Motorboote w\u00e4hlte die L\u00f6sung von ams.erp als neues ERP-System. (Bild: Screenshot <a href=\"https:\/\/boesch.swiss\/\">boesch.swiss<\/a>)<\/figcaption><\/figure>\n<p>Der Name Boesch Motorboote besitzt unter Bootseignern und Wassersportlern weltweit einen exzellenten Ruf. Das traditionsreiche, 1920 gegr\u00fcndete Schweizer Unternehmen geh\u00f6rt zu den renommiertesten Konstrukteuren und Baumeistern von Holzsportbooten und k\u00fcstentauglichen Cruisern. Dies \u00e4ussert sich unter anderem darin, dass etliche Wasserski-Weltmeisterschaften mit Booten von Boesch ausgetragen wurden und dass die Produkte vom Z\u00fcrichsee nicht allein als Sport- und Freizeitger\u00e4te, sondern sogar als langfristige Wertanlagen gelten. Auch bei der Entwicklung und dem Einsatz wegweisender Konzepte wie dem Beulenruder f\u00fcr optimale Fahreigenschaften oder der Verwendung innovativer Beschichtungsmaterialien zeigt das Unternehmen seine Vorreiterrolle. Um seine ausgezeichnete Marktposition auszubauen, haben sich die Verantwortlichen nun f\u00fcr die Implementierung des Multiprojektmanagement-ERP-Systems ams.erp entschieden. Die auf die speziellen Erfordernisse der Losgr\u00f6sse 1+ zugeschnittene Standard-L\u00f6sung war von einem externen Auswahlberater empfohlen worden und soll die Projektabwicklung durch jederzeit tagesaktuelle Daten optimieren.<\/p>\n<h3>Volle Kraft in neuer Systemlandschaft<\/h3>\n<p>Bislang setzte der Schweizer Hersteller zwei parallel laufende Software-Produkte mit unterschiedlichen Schwerpunkten ein. Zum einen handelte es sich um eine L\u00f6sung f\u00fcr die Finanzbuchhaltung, die Arbeitszeiterfassung und die allgemeine Projektverwaltung, zum anderen um eine in die Jahre gekommene PPS-Software, die \u00fcber die Zeit stark an die Abl\u00e4ufe bei Boesch angepasst worden war. Vor allem letztere konnte den auf allen Ebenen wachsenden Anspr\u00fcchen seitens der Kunden und Lieferanten immer weniger gerecht werden. \u201eMit unserer alten Systemlandschaft war die Realisierung der heute geforderten k\u00fcrzeren Liefer- und Projektlaufzeiten nicht mehr vollumf\u00e4nglich m\u00f6glich, vor allem nicht vor dem Hintergrund der zunehmend kundenspezifischen Produktanforderungen\u201c, beschreibt ERP-Projektleiter Marcel Stricker die Ausgangslage, die zur Suche nach einem ERP-System f\u00fchrte.<\/p>\n<p>Gleich zu Beginn des Evaluierungsprozesses traten die Boesch-Verantwortlichen mit einem Anforderungskatalog an einen unabh\u00e4ngigen Auswahlberater heran, der ihnen einen umfassenden \u00dcberblick \u00fcber die infrage kommenden Systemoptionen und deren F\u00fcr und Wider liefern sollte. Schnell war klar, dass k\u00fcnftig nur noch mit einer integrierten Gesamtl\u00f6sung anstelle der bisher verwendeten Doppell\u00f6sung gearbeitet werden sollte. Nach einem ersten \u00dcberblick \u00fcber die vorhandenen M\u00f6glichkeiten sowie die voraussichtlich ben\u00f6tigten Ressourcen, stand zu Beginn eine Erweiterung der f\u00fcr die Projektverwaltung, Arbeitszeiterfassung und die Finanzbuchhaltung eingesetzten Software-Komponenten um Funktionalit\u00e4ten f\u00fcr die Materialbewirtschaftung im Raum. Um einen guten Vergleich zu anderen, durchg\u00e4ngigen Systemen zu erhalten, brachte der Consultant dann ams.erp ins Spiel. Die Entscheidungstr\u00e4ger im Unternehmen folgten seiner Einsch\u00e4tzung, dass die Software f\u00fcr den umrissenen Anwendungsbereich am besten geeignet war: \u201eBei den Pr\u00e4sentationen und im Rahmen eines Vorprojekts vermochte uns das System schnell zu \u00fcberzeugen\u201c, best\u00e4tigt Marcel Stricker.<\/p>\n<h3>Einsparungen bei Materialr\u00fcstzeiten<\/h3>\n<p>Die Fokussierung von ams.erp auf die Einzel-, Auftrags- und Variantenfertigung spielte dabei die entscheidende Rolle. \u201eDas neue System musste unsere enorme Fertigungstiefe, die vielen kundenbezogenen Spezialit\u00e4ten und die vielen Boesch-spezifischen Artikel flexibel abbilden k\u00f6nnen\u201c, f\u00fcgt der ERP-Experte hinzu. In diesem Zusammenhang bezeichnet er die M\u00f6glichkeit, alle Warenbest\u00e4nde und Liefertermine k\u00fcnftig stets tagesaktuell und in Echtzeit einsehen zu k\u00f6nnen, als eines der wichtigsten funktionalen Kriterien f\u00fcr die Entscheidung zugunsten von ams.erp. Kontrollg\u00e4nge durchs Lager, die aufgrund der Arbeit mit veralteten Daten bislang notwendig waren, entfallen k\u00fcnftig. Als sehr wichtig erachtet er in diesem Zusammenhang zudem die in ams.erp integrierte Materialunterdeckungspr\u00fcfung, die nun ebenfalls tagesaktuell erfolgen und rechtzeitig \u00fcber Materialengp\u00e4sse informieren wird. Das alte System vermochte den Mehrverbrauch von Artikeln nur bedingt oder verz\u00f6gert abzubilden.<\/p>\n<p>Auf prozesstechnischer und betriebswirtschaftlicher Ebene versprechen sich die Schweizer Bootsbauer vor allem immense Einsparungen bei den Materialr\u00fcstzeiten infolge des Wegfalls der Lagerbestandskontrollen unter dem Jahr. Au\u00dferdem soll die Aufnahme der Inventurbest\u00e4nde massiv optimiert werden k\u00f6nnen, sodass den Mitarbeitern im Bereich der Material- und Lagerbewirtschaftung durch die Entlastung mehr Zeit f\u00fcr wertsch\u00f6pfende Aufgaben bleibt. Als organisatorische Besonderheit kommt hinzu, dass das neue ERP-System auch bei der Schwestergesellschaft Boesch Classic Boats Services AG zum Einsatz kommen wird. Dabei geht es vornehmlich darum, die Materialversorgung \u00fcber einen zentralen Einkauf zu koordinieren.<\/p>\n<p><em>Quelle und weitere Informationen: <a href=\"http:\/\/www.ams-erp.com\">http:\/\/www.ams-erp.com<\/a><\/em><\/p>\n","protected":false},"excerpt":{"rendered":"<p>Der Name Boesch Motorboote besitzt unter Bootseignern und Wassersportlern weltweit einen exzellenten Ruf. Das traditionsreiche, 1920 gegr\u00fcndete Schweizer Unternehmen geh\u00f6rt zu den renommiertesten Konstrukteuren und Baumeistern von Holzsportbooten und k\u00fcstentauglichen Cruisern. Dies \u00e4ussert sich unter anderem darin, dass etliche Wasserski-Weltmeisterschaften mit Booten von Boesch ausgetragen wurden und dass die Produkte vom Z\u00fcrichsee nicht allein als [&hellip;]<\/p>\n","protected":false},"author":4,"featured_media":12521,"comment_status":"closed","ping_status":"closed","sticky":false,"template":"","format":"standard","meta":{"_acf_changed":false,"_yoast_wpseo_focuskw":"ERP-System","_yoast_wpseo_metadesc":"Das Traditionsunternehmen Boesch Motorboote hat sich f\u00fcr das ERP-System von ams.erp Solution AG entschieden.","articlekey":"","footnotes":""},"categories":[27],"tags":[182,287,492],"class_list":["post-12520","post","type-post","status-publish","format-standard","has-post-thumbnail","hentry","category-it","tag-erp","tag-itbusiness-software","tag-unternehmen"],"acf":[],"yoast_head":"<!-- This site is optimized with the Yoast SEO plugin v27.5 - https:\/\/yoast.com\/product\/yoast-seo-wordpress\/ -->\n<title>Volle Kraft voraus mit neuem ERP-System - Organisator<\/title>\n<meta name=\"description\" content=\"Das Traditionsunternehmen Boesch Motorboote hat sich f\u00fcr das ERP-System von ams.erp Solution AG entschieden.\" \/>\n<meta name=\"robots\" content=\"index, follow, max-snippet:-1, max-image-preview:large, max-video-preview:-1\" \/>\n<link rel=\"canonical\" href=\"https:\/\/www.organisator.ch\/de\/management\/it\/2022-04-08\/volle-kraft-voraus-mit-neuem-erp-system\/\" \/>\n<meta property=\"og:locale\" content=\"de_DE\" \/>\n<meta property=\"og:type\" content=\"article\" \/>\n<meta property=\"og:title\" content=\"Volle Kraft voraus mit neuem ERP-System\" \/>\n<meta property=\"og:description\" content=\"Das Traditionsunternehmen Boesch Motorboote hat sich f\u00fcr das ERP-System von ams.erp Solution AG entschieden.\" \/>\n<meta property=\"og:url\" content=\"https:\/\/www.organisator.ch\/de\/management\/it\/2022-04-08\/volle-kraft-voraus-mit-neuem-erp-system\/\" \/>\n<meta property=\"og:site_name\" content=\"Organisator\" \/>\n<meta property=\"article:publisher\" content=\"https:\/\/www.facebook.com\/OrganisatorFachmagazin\" \/>\n<meta property=\"article:published_time\" content=\"2022-04-08T12:13:55+00:00\" \/>\n<meta property=\"og:image\" content=\"https:\/\/www.organisator.ch\/wp-content\/uploads\/2022\/04\/Volle-Kraft-voraus-mit-neuem-ERP-System_Organisator.jpg\" \/>\n\t<meta property=\"og:image:width\" content=\"680\" \/>\n\t<meta property=\"og:image:height\" content=\"404\" \/>\n\t<meta property=\"og:image:type\" content=\"image\/jpeg\" \/>\n<meta name=\"author\" content=\"thomas.berner\" \/>\n<meta name=\"twitter:card\" content=\"summary_large_image\" \/>\n<meta name=\"twitter:title\" content=\"Volle Kraft voraus mit neuem #ERP-System\" \/>\n<meta name=\"twitter:description\" content=\"Das Traditionsunternehmen #Boesch Motorboote hat sich f\u00fcr das #ERP-System von #ams.erp Solution AG entschieden.\" \/>\n<meta name=\"twitter:image\" content=\"https:\/\/www.organisator.ch\/wp-content\/uploads\/2022\/04\/Volle-Kraft-voraus-mit-neuem-ERP-System_Organisator.jpg\" \/>\n<script type=\"application\/ld+json\" class=\"yoast-schema-graph\">{\"@context\":\"https:\\\/\\\/schema.org\",\"@graph\":[{\"@type\":\"Article\",\"@id\":\"https:\\\/\\\/www.organisator.ch\\\/management\\\/it\\\/2022-04-08\\\/volle-kraft-voraus-mit-neuem-erp-system\\\/#article\",\"isPartOf\":{\"@id\":\"https:\\\/\\\/www.organisator.ch\\\/management\\\/it\\\/2022-04-08\\\/volle-kraft-voraus-mit-neuem-erp-system\\\/\"},\"author\":{\"name\":\"thomas.berner\",\"@id\":\"https:\\\/\\\/www.organisator.ch\\\/#\\\/schema\\\/person\\\/6f650f90b2842cd4c0cc334b4e36f67e\"},\"headline\":\"Volle Kraft voraus mit neuem ERP-System\",\"datePublished\":\"2022-04-08T12:13:55+00:00\",\"mainEntityOfPage\":{\"@id\":\"https:\\\/\\\/www.organisator.ch\\\/management\\\/it\\\/2022-04-08\\\/volle-kraft-voraus-mit-neuem-erp-system\\\/\"},\"wordCount\":699,\"publisher\":{\"@id\":\"https:\\\/\\\/www.organisator.ch\\\/#organization\"},\"image\":{\"@id\":\"https:\\\/\\\/www.organisator.ch\\\/management\\\/it\\\/2022-04-08\\\/volle-kraft-voraus-mit-neuem-erp-system\\\/#primaryimage\"},\"thumbnailUrl\":\"https:\\\/\\\/www.organisator.ch\\\/wp-content\\\/uploads\\\/2022\\\/04\\\/Volle-Kraft-voraus-mit-neuem-ERP-System_Organisator.jpg\",\"keywords\":[\"ERP\",\"IT\u2009&amp;\u2009Business Software\",\"Unternehmen\"],\"articleSection\":[\"IT\"],\"inLanguage\":\"de\"},{\"@type\":\"WebPage\",\"@id\":\"https:\\\/\\\/www.organisator.ch\\\/management\\\/it\\\/2022-04-08\\\/volle-kraft-voraus-mit-neuem-erp-system\\\/\",\"url\":\"https:\\\/\\\/www.organisator.ch\\\/management\\\/it\\\/2022-04-08\\\/volle-kraft-voraus-mit-neuem-erp-system\\\/\",\"name\":\"Volle Kraft voraus mit neuem ERP-System - Organisator\",\"isPartOf\":{\"@id\":\"https:\\\/\\\/www.organisator.ch\\\/#website\"},\"primaryImageOfPage\":{\"@id\":\"https:\\\/\\\/www.organisator.ch\\\/management\\\/it\\\/2022-04-08\\\/volle-kraft-voraus-mit-neuem-erp-system\\\/#primaryimage\"},\"image\":{\"@id\":\"https:\\\/\\\/www.organisator.ch\\\/management\\\/it\\\/2022-04-08\\\/volle-kraft-voraus-mit-neuem-erp-system\\\/#primaryimage\"},\"thumbnailUrl\":\"https:\\\/\\\/www.organisator.ch\\\/wp-content\\\/uploads\\\/2022\\\/04\\\/Volle-Kraft-voraus-mit-neuem-ERP-System_Organisator.jpg\",\"datePublished\":\"2022-04-08T12:13:55+00:00\",\"description\":\"Das Traditionsunternehmen Boesch Motorboote hat sich f\u00fcr das ERP-System von ams.erp Solution AG entschieden.\",\"breadcrumb\":{\"@id\":\"https:\\\/\\\/www.organisator.ch\\\/management\\\/it\\\/2022-04-08\\\/volle-kraft-voraus-mit-neuem-erp-system\\\/#breadcrumb\"},\"inLanguage\":\"de\",\"potentialAction\":[{\"@type\":\"ReadAction\",\"target\":[\"https:\\\/\\\/www.organisator.ch\\\/management\\\/it\\\/2022-04-08\\\/volle-kraft-voraus-mit-neuem-erp-system\\\/\"]}]},{\"@type\":\"ImageObject\",\"inLanguage\":\"de\",\"@id\":\"https:\\\/\\\/www.organisator.ch\\\/management\\\/it\\\/2022-04-08\\\/volle-kraft-voraus-mit-neuem-erp-system\\\/#primaryimage\",\"url\":\"https:\\\/\\\/www.organisator.ch\\\/wp-content\\\/uploads\\\/2022\\\/04\\\/Volle-Kraft-voraus-mit-neuem-ERP-System_Organisator.jpg\",\"contentUrl\":\"https:\\\/\\\/www.organisator.ch\\\/wp-content\\\/uploads\\\/2022\\\/04\\\/Volle-Kraft-voraus-mit-neuem-ERP-System_Organisator.jpg\",\"width\":680,\"height\":404,\"caption\":\"Das Traditionsunternehmen Boesch Motorboote w\u00e4hlte die L\u00f6sung von ams.erp als neues ERP-System. (Bild: Screenshot boesch.swiss)\"},{\"@type\":\"BreadcrumbList\",\"@id\":\"https:\\\/\\\/www.organisator.ch\\\/management\\\/it\\\/2022-04-08\\\/volle-kraft-voraus-mit-neuem-erp-system\\\/#breadcrumb\",\"itemListElement\":[{\"@type\":\"ListItem\",\"position\":1,\"name\":\"Home\",\"item\":\"https:\\\/\\\/www.organisator.ch\\\/\"},{\"@type\":\"ListItem\",\"position\":2,\"name\":\"Volle Kraft voraus mit neuem ERP-System\"}]},{\"@type\":\"WebSite\",\"@id\":\"https:\\\/\\\/www.organisator.ch\\\/#website\",\"url\":\"https:\\\/\\\/www.organisator.ch\\\/\",\"name\":\"Organisator\",\"description\":\"Kompetent. Praxisnah. Der ORGANISATOR bereitet in 10 Ausgaben pro Jahr die wesentlichen Themen f\u00fcr F\u00fchrungskr\u00e4fte von KMU auf.\",\"publisher\":{\"@id\":\"https:\\\/\\\/www.organisator.ch\\\/#organization\"},\"potentialAction\":[{\"@type\":\"SearchAction\",\"target\":{\"@type\":\"EntryPoint\",\"urlTemplate\":\"https:\\\/\\\/www.organisator.ch\\\/?s={search_term_string}\"},\"query-input\":{\"@type\":\"PropertyValueSpecification\",\"valueRequired\":true,\"valueName\":\"search_term_string\"}}],\"inLanguage\":\"de\"},{\"@type\":\"Organization\",\"@id\":\"https:\\\/\\\/www.organisator.ch\\\/#organization\",\"name\":\"Organisator\",\"url\":\"https:\\\/\\\/www.organisator.ch\\\/\",\"logo\":{\"@type\":\"ImageObject\",\"inLanguage\":\"de\",\"@id\":\"https:\\\/\\\/www.organisator.ch\\\/#\\\/schema\\\/logo\\\/image\\\/\",\"url\":\"https:\\\/\\\/www.organisator.ch\\\/wp-content\\\/uploads\\\/2022\\\/01\\\/Logo_Organisator_Website.png\",\"contentUrl\":\"https:\\\/\\\/www.organisator.ch\\\/wp-content\\\/uploads\\\/2022\\\/01\\\/Logo_Organisator_Website.png\",\"width\":800,\"height\":77,\"caption\":\"Organisator\"},\"image\":{\"@id\":\"https:\\\/\\\/www.organisator.ch\\\/#\\\/schema\\\/logo\\\/image\\\/\"},\"sameAs\":[\"https:\\\/\\\/www.facebook.com\\\/OrganisatorFachmagazin\",\"https:\\\/\\\/www.linkedin.com\\\/showcase\\\/organisator-das-magazin-fr-kmu\",\"https:\\\/\\\/www.xing.com\\\/news\\\/pages\\\/organisator-ch-695\",\"https:\\\/\\\/www.youtube.com\\\/channel\\\/UCGP2Sq0iWaZwT3BdIAQFYpw\"]},{\"@type\":\"Person\",\"@id\":\"https:\\\/\\\/www.organisator.ch\\\/#\\\/schema\\\/person\\\/6f650f90b2842cd4c0cc334b4e36f67e\",\"name\":\"thomas.berner\",\"image\":{\"@type\":\"ImageObject\",\"inLanguage\":\"de\",\"@id\":\"https:\\\/\\\/secure.gravatar.com\\\/avatar\\\/ac5001d2a36cb6c6cd3e50789007ffca834b477b74a2144564522e944eabff61?s=96&d=mm&r=g\",\"url\":\"https:\\\/\\\/secure.gravatar.com\\\/avatar\\\/ac5001d2a36cb6c6cd3e50789007ffca834b477b74a2144564522e944eabff61?s=96&d=mm&r=g\",\"contentUrl\":\"https:\\\/\\\/secure.gravatar.com\\\/avatar\\\/ac5001d2a36cb6c6cd3e50789007ffca834b477b74a2144564522e944eabff61?s=96&d=mm&r=g\",\"caption\":\"thomas.berner\"},\"url\":\"https:\\\/\\\/www.organisator.ch\\\/de\\\/author\\\/thomas-berner\\\/\"}]}<\/script>\n<!-- \/ Yoast SEO plugin. -->","yoast_head_json":{"title":"Volle Kraft voraus mit neuem ERP-System - Organisator","description":"Das Traditionsunternehmen Boesch Motorboote hat sich f\u00fcr das ERP-System von ams.erp Solution AG entschieden.","robots":{"index":"index","follow":"follow","max-snippet":"max-snippet:-1","max-image-preview":"max-image-preview:large","max-video-preview":"max-video-preview:-1"},"canonical":"https:\/\/www.organisator.ch\/de\/management\/it\/2022-04-08\/volle-kraft-voraus-mit-neuem-erp-system\/","og_locale":"de_DE","og_type":"article","og_title":"Volle Kraft voraus mit neuem ERP-System","og_description":"Das Traditionsunternehmen Boesch Motorboote hat sich f\u00fcr das ERP-System von ams.erp Solution AG entschieden.","og_url":"https:\/\/www.organisator.ch\/de\/management\/it\/2022-04-08\/volle-kraft-voraus-mit-neuem-erp-system\/","og_site_name":"Organisator","article_publisher":"https:\/\/www.facebook.com\/OrganisatorFachmagazin","article_published_time":"2022-04-08T12:13:55+00:00","og_image":[{"width":680,"height":404,"url":"https:\/\/www.organisator.ch\/wp-content\/uploads\/2022\/04\/Volle-Kraft-voraus-mit-neuem-ERP-System_Organisator.jpg","type":"image\/jpeg"}],"author":"thomas.berner","twitter_card":"summary_large_image","twitter_title":"Volle Kraft voraus mit neuem #ERP-System","twitter_description":"Das Traditionsunternehmen #Boesch Motorboote hat sich f\u00fcr das #ERP-System von #ams.erp Solution AG entschieden.","twitter_image":"https:\/\/www.organisator.ch\/wp-content\/uploads\/2022\/04\/Volle-Kraft-voraus-mit-neuem-ERP-System_Organisator.jpg","schema":{"@context":"https:\/\/schema.org","@graph":[{"@type":"Article","@id":"https:\/\/www.organisator.ch\/management\/it\/2022-04-08\/volle-kraft-voraus-mit-neuem-erp-system\/#article","isPartOf":{"@id":"https:\/\/www.organisator.ch\/management\/it\/2022-04-08\/volle-kraft-voraus-mit-neuem-erp-system\/"},"author":{"name":"thomas.berner","@id":"https:\/\/www.organisator.ch\/#\/schema\/person\/6f650f90b2842cd4c0cc334b4e36f67e"},"headline":"Volle Kraft voraus mit neuem ERP-System","datePublished":"2022-04-08T12:13:55+00:00","mainEntityOfPage":{"@id":"https:\/\/www.organisator.ch\/management\/it\/2022-04-08\/volle-kraft-voraus-mit-neuem-erp-system\/"},"wordCount":699,"publisher":{"@id":"https:\/\/www.organisator.ch\/#organization"},"image":{"@id":"https:\/\/www.organisator.ch\/management\/it\/2022-04-08\/volle-kraft-voraus-mit-neuem-erp-system\/#primaryimage"},"thumbnailUrl":"https:\/\/www.organisator.ch\/wp-content\/uploads\/2022\/04\/Volle-Kraft-voraus-mit-neuem-ERP-System_Organisator.jpg","keywords":["ERP","IT\u2009&amp;\u2009Business Software","Unternehmen"],"articleSection":["IT"],"inLanguage":"de"},{"@type":"WebPage","@id":"https:\/\/www.organisator.ch\/management\/it\/2022-04-08\/volle-kraft-voraus-mit-neuem-erp-system\/","url":"https:\/\/www.organisator.ch\/management\/it\/2022-04-08\/volle-kraft-voraus-mit-neuem-erp-system\/","name":"Volle Kraft voraus mit neuem ERP-System - Organisator","isPartOf":{"@id":"https:\/\/www.organisator.ch\/#website"},"primaryImageOfPage":{"@id":"https:\/\/www.organisator.ch\/management\/it\/2022-04-08\/volle-kraft-voraus-mit-neuem-erp-system\/#primaryimage"},"image":{"@id":"https:\/\/www.organisator.ch\/management\/it\/2022-04-08\/volle-kraft-voraus-mit-neuem-erp-system\/#primaryimage"},"thumbnailUrl":"https:\/\/www.organisator.ch\/wp-content\/uploads\/2022\/04\/Volle-Kraft-voraus-mit-neuem-ERP-System_Organisator.jpg","datePublished":"2022-04-08T12:13:55+00:00","description":"Das Traditionsunternehmen Boesch Motorboote hat sich f\u00fcr das ERP-System von ams.erp Solution AG entschieden.","breadcrumb":{"@id":"https:\/\/www.organisator.ch\/management\/it\/2022-04-08\/volle-kraft-voraus-mit-neuem-erp-system\/#breadcrumb"},"inLanguage":"de","potentialAction":[{"@type":"ReadAction","target":["https:\/\/www.organisator.ch\/management\/it\/2022-04-08\/volle-kraft-voraus-mit-neuem-erp-system\/"]}]},{"@type":"ImageObject","inLanguage":"de","@id":"https:\/\/www.organisator.ch\/management\/it\/2022-04-08\/volle-kraft-voraus-mit-neuem-erp-system\/#primaryimage","url":"https:\/\/www.organisator.ch\/wp-content\/uploads\/2022\/04\/Volle-Kraft-voraus-mit-neuem-ERP-System_Organisator.jpg","contentUrl":"https:\/\/www.organisator.ch\/wp-content\/uploads\/2022\/04\/Volle-Kraft-voraus-mit-neuem-ERP-System_Organisator.jpg","width":680,"height":404,"caption":"Das Traditionsunternehmen Boesch Motorboote w\u00e4hlte die L\u00f6sung von ams.erp als neues ERP-System. (Bild: Screenshot boesch.swiss)"},{"@type":"BreadcrumbList","@id":"https:\/\/www.organisator.ch\/management\/it\/2022-04-08\/volle-kraft-voraus-mit-neuem-erp-system\/#breadcrumb","itemListElement":[{"@type":"ListItem","position":1,"name":"Home","item":"https:\/\/www.organisator.ch\/"},{"@type":"ListItem","position":2,"name":"Volle Kraft voraus mit neuem ERP-System"}]},{"@type":"WebSite","@id":"https:\/\/www.organisator.ch\/#website","url":"https:\/\/www.organisator.ch\/","name":"Organisator","description":"Kompetent. Praxisnah. Der ORGANISATOR bereitet in 10 Ausgaben pro Jahr die wesentlichen Themen f\u00fcr F\u00fchrungskr\u00e4fte von KMU auf.","publisher":{"@id":"https:\/\/www.organisator.ch\/#organization"},"potentialAction":[{"@type":"SearchAction","target":{"@type":"EntryPoint","urlTemplate":"https:\/\/www.organisator.ch\/?s={search_term_string}"},"query-input":{"@type":"PropertyValueSpecification","valueRequired":true,"valueName":"search_term_string"}}],"inLanguage":"de"},{"@type":"Organization","@id":"https:\/\/www.organisator.ch\/#organization","name":"Organisator","url":"https:\/\/www.organisator.ch\/","logo":{"@type":"ImageObject","inLanguage":"de","@id":"https:\/\/www.organisator.ch\/#\/schema\/logo\/image\/","url":"https:\/\/www.organisator.ch\/wp-content\/uploads\/2022\/01\/Logo_Organisator_Website.png","contentUrl":"https:\/\/www.organisator.ch\/wp-content\/uploads\/2022\/01\/Logo_Organisator_Website.png","width":800,"height":77,"caption":"Organisator"},"image":{"@id":"https:\/\/www.organisator.ch\/#\/schema\/logo\/image\/"},"sameAs":["https:\/\/www.facebook.com\/OrganisatorFachmagazin","https:\/\/www.linkedin.com\/showcase\/organisator-das-magazin-fr-kmu","https:\/\/www.xing.com\/news\/pages\/organisator-ch-695","https:\/\/www.youtube.com\/channel\/UCGP2Sq0iWaZwT3BdIAQFYpw"]},{"@type":"Person","@id":"https:\/\/www.organisator.ch\/#\/schema\/person\/6f650f90b2842cd4c0cc334b4e36f67e","name":"thomas.berner","image":{"@type":"ImageObject","inLanguage":"de","@id":"https:\/\/secure.gravatar.com\/avatar\/ac5001d2a36cb6c6cd3e50789007ffca834b477b74a2144564522e944eabff61?s=96&d=mm&r=g","url":"https:\/\/secure.gravatar.com\/avatar\/ac5001d2a36cb6c6cd3e50789007ffca834b477b74a2144564522e944eabff61?s=96&d=mm&r=g","contentUrl":"https:\/\/secure.gravatar.com\/avatar\/ac5001d2a36cb6c6cd3e50789007ffca834b477b74a2144564522e944eabff61?s=96&d=mm&r=g","caption":"thomas.berner"},"url":"https:\/\/www.organisator.ch\/de\/author\/thomas-berner\/"}]}},"_links":{"self":[{"href":"https:\/\/www.organisator.ch\/de\/wp-json\/wp\/v2\/posts\/12520","targetHints":{"allow":["GET"]}}],"collection":[{"href":"https:\/\/www.organisator.ch\/de\/wp-json\/wp\/v2\/posts"}],"about":[{"href":"https:\/\/www.organisator.ch\/de\/wp-json\/wp\/v2\/types\/post"}],"author":[{"embeddable":true,"href":"https:\/\/www.organisator.ch\/de\/wp-json\/wp\/v2\/users\/4"}],"replies":[{"embeddable":true,"href":"https:\/\/www.organisator.ch\/de\/wp-json\/wp\/v2\/comments?post=12520"}],"version-history":[{"count":1,"href":"https:\/\/www.organisator.ch\/de\/wp-json\/wp\/v2\/posts\/12520\/revisions"}],"predecessor-version":[{"id":12522,"href":"https:\/\/www.organisator.ch\/de\/wp-json\/wp\/v2\/posts\/12520\/revisions\/12522"}],"wp:featuredmedia":[{"embeddable":true,"href":"https:\/\/www.organisator.ch\/de\/wp-json\/wp\/v2\/media\/12521"}],"wp:attachment":[{"href":"https:\/\/www.organisator.ch\/de\/wp-json\/wp\/v2\/media?parent=12520"}],"wp:term":[{"taxonomy":"category","embeddable":true,"href":"https:\/\/www.organisator.ch\/de\/wp-json\/wp\/v2\/categories?post=12520"},{"taxonomy":"post_tag","embeddable":true,"href":"https:\/\/www.organisator.ch\/de\/wp-json\/wp\/v2\/tags?post=12520"}],"curies":[{"name":"wp","href":"https:\/\/api.w.org\/{rel}","templated":true}]}}