{"id":12597,"date":"2022-04-20T06:22:31","date_gmt":"2022-04-20T04:22:31","guid":{"rendered":"https:\/\/www.organisator.ch\/?p=12597"},"modified":"2022-04-19T16:42:26","modified_gmt":"2022-04-19T14:42:26","slug":"mengensteigerungen-und-hohe-frachtraten-bescheren-dachser-rekordzahlen","status":"publish","type":"post","link":"https:\/\/www.organisator.ch\/de\/allgemein\/2022-04-20\/mengensteigerungen-und-hohe-frachtraten-bescheren-dachser-rekordzahlen\/","title":{"rendered":"Mengensteigerungen und hohe Frachtraten bescheren Dachser Rekordzahlen"},"content":{"rendered":"<figure id=\"attachment_12598\" aria-describedby=\"caption-attachment-12598\" style=\"width: 680px\" class=\"wp-caption alignnone\"><img loading=\"lazy\" decoding=\"async\" class=\"size-full wp-image-12598\" src=\"https:\/\/www.organisator.ch\/wp-content\/uploads\/2022\/04\/Mengensteigerungen-und-hohe-Frachtraten-bescheren-Dachser-Rekordzahlen.jpg\" alt=\"\" width=\"680\" height=\"438\" srcset=\"https:\/\/www.organisator.ch\/wp-content\/uploads\/2022\/04\/Mengensteigerungen-und-hohe-Frachtraten-bescheren-Dachser-Rekordzahlen.jpg 680w, https:\/\/www.organisator.ch\/wp-content\/uploads\/2022\/04\/Mengensteigerungen-und-hohe-Frachtraten-bescheren-Dachser-Rekordzahlen-18x12.jpg 18w, https:\/\/www.organisator.ch\/wp-content\/uploads\/2022\/04\/Mengensteigerungen-und-hohe-Frachtraten-bescheren-Dachser-Rekordzahlen-272x175.jpg 272w, https:\/\/www.organisator.ch\/wp-content\/uploads\/2022\/04\/Mengensteigerungen-und-hohe-Frachtraten-bescheren-Dachser-Rekordzahlen-543x350.jpg 543w, https:\/\/www.organisator.ch\/wp-content\/uploads\/2022\/04\/Mengensteigerungen-und-hohe-Frachtraten-bescheren-Dachser-Rekordzahlen-300x193.jpg 300w\" sizes=\"auto, (max-width: 680px) 100vw, 680px\" \/><figcaption id=\"caption-attachment-12598\" class=\"wp-caption-text\">Mengensteigerungen und hohe Frachtraten generieren den Logistikern von Dachser ein<br \/>Rekordwachstum. Allein die Luft- und Seefracht legt um 78,3 Prozent zu. (Bild: Dachser)<\/figcaption><\/figure>\n<p>Der internationale Logistik-Konzern Dachser erzielte 2021 erstmals mehr als 7 Milliarden Euro Umsatz. Das abgeschlossene Gesch\u00e4ftsjahr war in vielerlei Hinsicht ein ausserordentliches, Mengensteigerungen und hohe Frachtraten generierten ein Rekordwachstum. Allein die Luft- und Seefracht legte um 78,3 Prozent zu. F\u00fcr die positive Jahresbilanz verantwortlich waren die organischen Sendungs- und Tonnagesteigerungen von 6,3 bzw. 7,7 Prozent auf Konzernebene. Hohe Frachtpreise, verursacht durch die Verkehrstr\u00e4ger \u00fcbergreifende Laderaumknappheit, machten den Umsatzsprung komplett. <a href=\"https:\/\/www.organisator.ch\/de\/management\/2022-03-16\/hans-peter-trachsler-ist-neuer-geschaeftsfuehrer-der-dachser-spedition-ag\/\">Dachser Schweiz<\/a> erwirtschaftete im Gesch\u00e4ftsjahr 2021 einen Netto-Umsatz von 128.8 Millionen Schweizer Franken (2020: 99.05 Millionen Schweizer Franken). Das entspricht einer Zunahme von 30 Prozent. Im Jahr 2021 transportierte Dachser Schweiz 621.000 Sendungen mit einem Gewicht von 264.800 Tonnen.<\/p>\n<h3>Hohe Frachtraten in vielen Gesch\u00e4ftsfeldern<\/h3>\n<p>Das Business Field Road Logistics, in dem Dachser den Transport und das Warehousing von Industrie- und Konsumg\u00fctern (European Logistics) sowie Lebensmitteln (Food Logistics) zusammenfasst, wuchs 2021 um 12,3 Prozent auf 4,99 Milliarden Euro Umsatz. Nachdem die Lockdowns in S\u00fcdeuropa 2020 f\u00fcr einen Umsatzr\u00fcckgang von 2,2 Prozent gesorgt hatten, ist das Resultat auch eine signifikante Steigerung gegen\u00fcber dem Vor-Corona-Jahr 2019.<\/p>\n<p>Die Business Line European Logistics erh\u00f6hte ihren Umsatz mit 13,1 Prozent stark und verzeichnete einen Umsatz in H\u00f6he von 3,92 Milliarden Euro. Nach mehreren Jahren der Stagnation erh\u00f6hten sich die Sendungszahlen deutlich um 6,8 Prozent auf 72,0 Millionen, die Tonnagen sogar um 8,5 Prozent auf 30,0 Millionen. Alle regionalen Business Units \u2013 Germany, North Central Europe, France &amp; Maghreb sowie Iberia &#8211; erh\u00f6hten ihre Ums\u00e4tze im zweistelligen Bereich.<\/p>\n<p>Lieferkettenunterbrechungen, knappe Frachtkapazit\u00e4ten und entsprechend hohe Raten kennzeichneten 2021 das Gesch\u00e4ft in der Luft- und Seefracht. Als Folge dieser Entwicklung konnte das Gesch\u00e4ftsfeld Air &amp; Sea Logistics ein Rekord-Umsatzwachstum von 78,3 Prozent erzielen. Die Sendungen erh\u00f6hten sich dort um 9,1 Prozent, die Tonnagen sogar um 20,9 Prozent. Als besonders erfolgreich erwies sich der weitere Ausbau der Luftfrachtcharter zu einem Netzwerk aus regelm\u00e4ssigen Verkehren zwischen Asien, Europa und Nordamerika. Insgesamt 230 Charterfl\u00fcge f\u00fchrte Dachser 2021 durch.<\/p>\n<h3>Strategisch und zukunftsgerichtet handeln<\/h3>\n<p>F\u00fcr das Jahr 2022 zeichnet sich weiterhin ein volatiles und herausforderndes Marktgeschehen ab. Der Krieg in der Ukraine verursacht extremes menschliches Leid. Auch in der Wirtschaft wird er weltweit tiefe Spuren hinterlassen. Dazu kommen historisch hohe Energie- und Treibstoffkosten, eine weitere Versch\u00e4rfung des Fahrermangels sowie anhaltende St\u00f6rungen in den weltweiten Lieferketten, auch durch COVID-19-Ausbr\u00fcche, wie j\u00fcngst in China und Hongkong.<\/p>\n<p>Dennoch investiert Dachser weiter in Logistikanlagen, digitale Technologien und Equipment. Nach rund 100 Millionen Euro in 2021 sind f\u00fcr 2022 rund 200 Millionen Euro geplant. \u201eDarunter fallen Leuchtturmprojekte wie unser voll automatisiertes Hochregallager in Memmingen f\u00fcr 52.000 Paletten, das im Oktober in Betrieb geht\u201c, erkl\u00e4rt Dachser CEO Burkhard Eling. \u201eDaneben investieren wir substanziell in Digitalisierung, Klimaschutzmassnahmen und insbesondere unsere Mitarbeiterinnen und Mitarbeiter, denn die Logistik ist und bleibt ein Gesch\u00e4ft, das von Menschen f\u00fcr Menschen gemacht wird.\u201c Im Jahr 2021 stellte Dachser weltweit rund 1.000 Menschen zus\u00e4tzlich ein, ca. 2.200 junge Menschen durchlaufen aktuell eine Ausbildung bei Dachser weltweit. Dachser Schweiz ist heute an sieben Standorten pr\u00e4sent und besch\u00e4ftigt 292 Mitarbeitende.<\/p>\n<p><em><a href=\"http:\/\/www.dachser.ch\">www.dachser.ch<\/a><\/em><\/p>\n","protected":false},"excerpt":{"rendered":"<p>Der internationale Logistik-Konzern Dachser erzielte 2021 erstmals mehr als 7 Milliarden Euro Umsatz. Das abgeschlossene Gesch\u00e4ftsjahr war in vielerlei Hinsicht ein ausserordentliches, Mengensteigerungen und hohe Frachtraten generierten ein Rekordwachstum. Allein die Luft- und Seefracht legte um 78,3 Prozent zu. F\u00fcr die positive Jahresbilanz verantwortlich waren die organischen Sendungs- und Tonnagesteigerungen von 6,3 bzw. 7,7 Prozent [&hellip;]<\/p>\n","protected":false},"author":4,"featured_media":12598,"comment_status":"closed","ping_status":"closed","sticky":false,"template":"","format":"standard","meta":{"_acf_changed":false,"_yoast_wpseo_focuskw":"Frachtraten","_yoast_wpseo_metadesc":"Nach dem lockdownbedingten Seitenschritt im Vorjahr kehrt Dachser zum Wachstum zur\u00fcck - mit Mengensteigerungen und hohen Frachtraten.","articlekey":"","footnotes":""},"categories":[1],"tags":[236,328,492],"class_list":["post-12597","post","type-post","status-publish","format-standard","has-post-thumbnail","hentry","category-allgemein","tag-geschaeftsbericht","tag-logistik","tag-unternehmen"],"acf":[],"yoast_head":"<!-- This site is optimized with the Yoast SEO plugin v27.5 - https:\/\/yoast.com\/product\/yoast-seo-wordpress\/ -->\n<title>Mengensteigerungen und hohe Frachtraten bescheren Dachser Rekordzahlen - Organisator<\/title>\n<meta name=\"description\" content=\"Nach dem lockdownbedingten Seitenschritt im Vorjahr kehrt Dachser zum Wachstum zur\u00fcck - mit Mengensteigerungen und hohen Frachtraten.\" \/>\n<meta name=\"robots\" content=\"index, follow, max-snippet:-1, max-image-preview:large, max-video-preview:-1\" \/>\n<link rel=\"canonical\" href=\"https:\/\/www.organisator.ch\/de\/allgemein\/2022-04-20\/mengensteigerungen-und-hohe-frachtraten-bescheren-dachser-rekordzahlen\/\" \/>\n<meta property=\"og:locale\" content=\"de_DE\" \/>\n<meta property=\"og:type\" content=\"article\" \/>\n<meta property=\"og:title\" content=\"Mengensteigerungen und hohe Frachtraten bescheren Dachser Rekordzahlen\" \/>\n<meta property=\"og:description\" content=\"Nach dem lockdownbedingten Seitenschritt im Vorjahr kehrt Dachser zum Wachstum zur\u00fcck - mit Mengensteigerungen und hohen Frachtraten.\" \/>\n<meta property=\"og:url\" content=\"https:\/\/www.organisator.ch\/de\/allgemein\/2022-04-20\/mengensteigerungen-und-hohe-frachtraten-bescheren-dachser-rekordzahlen\/\" \/>\n<meta property=\"og:site_name\" content=\"Organisator\" \/>\n<meta property=\"article:publisher\" content=\"https:\/\/www.facebook.com\/OrganisatorFachmagazin\" \/>\n<meta property=\"article:published_time\" content=\"2022-04-20T04:22:31+00:00\" \/>\n<meta property=\"og:image\" content=\"https:\/\/www.organisator.ch\/wp-content\/uploads\/2022\/04\/Mengensteigerungen-und-hohe-Frachtraten-bescheren-Dachser-Rekordzahlen.jpg\" \/>\n\t<meta property=\"og:image:width\" content=\"680\" \/>\n\t<meta property=\"og:image:height\" content=\"438\" \/>\n\t<meta property=\"og:image:type\" content=\"image\/jpeg\" \/>\n<meta name=\"author\" content=\"thomas.berner\" \/>\n<meta name=\"twitter:card\" content=\"summary_large_image\" \/>\n<meta name=\"twitter:title\" content=\"#Mengensteigerungen und hohe #Frachtraten bescheren #Dachser Rekordzahlen\" \/>\n<meta name=\"twitter:description\" content=\"Nach dem lockdownbedingten Seitenschritt im Vorjahr kehrt #Dachser zum Wachstum zur\u00fcck - mit #Mengensteigerungen und hohen #Frachtraten.\" \/>\n<meta name=\"twitter:image\" content=\"https:\/\/www.organisator.ch\/wp-content\/uploads\/2022\/04\/Mengensteigerungen-und-hohe-Frachtraten-bescheren-Dachser-Rekordzahlen.jpg\" \/>\n<script type=\"application\/ld+json\" class=\"yoast-schema-graph\">{\"@context\":\"https:\\\/\\\/schema.org\",\"@graph\":[{\"@type\":\"Article\",\"@id\":\"https:\\\/\\\/www.organisator.ch\\\/en\\\/general\\\/2022-04-20\\\/mengensteigerungen-und-hohe-frachtraten-bescheren-dachser-rekordzahlen\\\/#article\",\"isPartOf\":{\"@id\":\"https:\\\/\\\/www.organisator.ch\\\/en\\\/general\\\/2022-04-20\\\/mengensteigerungen-und-hohe-frachtraten-bescheren-dachser-rekordzahlen\\\/\"},\"author\":{\"name\":\"thomas.berner\",\"@id\":\"https:\\\/\\\/www.organisator.ch\\\/#\\\/schema\\\/person\\\/6f650f90b2842cd4c0cc334b4e36f67e\"},\"headline\":\"Mengensteigerungen und hohe Frachtraten bescheren Dachser Rekordzahlen\",\"datePublished\":\"2022-04-20T04:22:31+00:00\",\"mainEntityOfPage\":{\"@id\":\"https:\\\/\\\/www.organisator.ch\\\/en\\\/general\\\/2022-04-20\\\/mengensteigerungen-und-hohe-frachtraten-bescheren-dachser-rekordzahlen\\\/\"},\"wordCount\":522,\"publisher\":{\"@id\":\"https:\\\/\\\/www.organisator.ch\\\/#organization\"},\"image\":{\"@id\":\"https:\\\/\\\/www.organisator.ch\\\/en\\\/general\\\/2022-04-20\\\/mengensteigerungen-und-hohe-frachtraten-bescheren-dachser-rekordzahlen\\\/#primaryimage\"},\"thumbnailUrl\":\"https:\\\/\\\/www.organisator.ch\\\/wp-content\\\/uploads\\\/2022\\\/04\\\/Mengensteigerungen-und-hohe-Frachtraten-bescheren-Dachser-Rekordzahlen.jpg\",\"keywords\":[\"Gesch\u00e4ftsbericht\",\"Logistik\",\"Unternehmen\"],\"inLanguage\":\"de\"},{\"@type\":\"WebPage\",\"@id\":\"https:\\\/\\\/www.organisator.ch\\\/en\\\/general\\\/2022-04-20\\\/mengensteigerungen-und-hohe-frachtraten-bescheren-dachser-rekordzahlen\\\/\",\"url\":\"https:\\\/\\\/www.organisator.ch\\\/en\\\/general\\\/2022-04-20\\\/mengensteigerungen-und-hohe-frachtraten-bescheren-dachser-rekordzahlen\\\/\",\"name\":\"Mengensteigerungen und hohe Frachtraten bescheren Dachser Rekordzahlen - Organisator\",\"isPartOf\":{\"@id\":\"https:\\\/\\\/www.organisator.ch\\\/#website\"},\"primaryImageOfPage\":{\"@id\":\"https:\\\/\\\/www.organisator.ch\\\/en\\\/general\\\/2022-04-20\\\/mengensteigerungen-und-hohe-frachtraten-bescheren-dachser-rekordzahlen\\\/#primaryimage\"},\"image\":{\"@id\":\"https:\\\/\\\/www.organisator.ch\\\/en\\\/general\\\/2022-04-20\\\/mengensteigerungen-und-hohe-frachtraten-bescheren-dachser-rekordzahlen\\\/#primaryimage\"},\"thumbnailUrl\":\"https:\\\/\\\/www.organisator.ch\\\/wp-content\\\/uploads\\\/2022\\\/04\\\/Mengensteigerungen-und-hohe-Frachtraten-bescheren-Dachser-Rekordzahlen.jpg\",\"datePublished\":\"2022-04-20T04:22:31+00:00\",\"description\":\"Nach dem lockdownbedingten Seitenschritt im Vorjahr kehrt Dachser zum Wachstum zur\u00fcck - mit Mengensteigerungen und hohen Frachtraten.\",\"breadcrumb\":{\"@id\":\"https:\\\/\\\/www.organisator.ch\\\/en\\\/general\\\/2022-04-20\\\/mengensteigerungen-und-hohe-frachtraten-bescheren-dachser-rekordzahlen\\\/#breadcrumb\"},\"inLanguage\":\"de\",\"potentialAction\":[{\"@type\":\"ReadAction\",\"target\":[\"https:\\\/\\\/www.organisator.ch\\\/en\\\/general\\\/2022-04-20\\\/mengensteigerungen-und-hohe-frachtraten-bescheren-dachser-rekordzahlen\\\/\"]}]},{\"@type\":\"ImageObject\",\"inLanguage\":\"de\",\"@id\":\"https:\\\/\\\/www.organisator.ch\\\/en\\\/general\\\/2022-04-20\\\/mengensteigerungen-und-hohe-frachtraten-bescheren-dachser-rekordzahlen\\\/#primaryimage\",\"url\":\"https:\\\/\\\/www.organisator.ch\\\/wp-content\\\/uploads\\\/2022\\\/04\\\/Mengensteigerungen-und-hohe-Frachtraten-bescheren-Dachser-Rekordzahlen.jpg\",\"contentUrl\":\"https:\\\/\\\/www.organisator.ch\\\/wp-content\\\/uploads\\\/2022\\\/04\\\/Mengensteigerungen-und-hohe-Frachtraten-bescheren-Dachser-Rekordzahlen.jpg\",\"width\":680,\"height\":438,\"caption\":\"Mengensteigerungen und hohe Frachtraten generieren den Logistikern von Dachser ein Rekordwachstum. Allein die Luft- und Seefracht legt um 78,3 Prozent zu. (Bild: Dachser)\"},{\"@type\":\"BreadcrumbList\",\"@id\":\"https:\\\/\\\/www.organisator.ch\\\/en\\\/general\\\/2022-04-20\\\/mengensteigerungen-und-hohe-frachtraten-bescheren-dachser-rekordzahlen\\\/#breadcrumb\",\"itemListElement\":[{\"@type\":\"ListItem\",\"position\":1,\"name\":\"Home\",\"item\":\"https:\\\/\\\/www.organisator.ch\\\/\"},{\"@type\":\"ListItem\",\"position\":2,\"name\":\"Mengensteigerungen und hohe Frachtraten bescheren Dachser Rekordzahlen\"}]},{\"@type\":\"WebSite\",\"@id\":\"https:\\\/\\\/www.organisator.ch\\\/#website\",\"url\":\"https:\\\/\\\/www.organisator.ch\\\/\",\"name\":\"Organisator\",\"description\":\"Kompetent. Praxisnah. Der ORGANISATOR bereitet in 10 Ausgaben pro Jahr die wesentlichen Themen f\u00fcr F\u00fchrungskr\u00e4fte von KMU auf.\",\"publisher\":{\"@id\":\"https:\\\/\\\/www.organisator.ch\\\/#organization\"},\"potentialAction\":[{\"@type\":\"SearchAction\",\"target\":{\"@type\":\"EntryPoint\",\"urlTemplate\":\"https:\\\/\\\/www.organisator.ch\\\/?s={search_term_string}\"},\"query-input\":{\"@type\":\"PropertyValueSpecification\",\"valueRequired\":true,\"valueName\":\"search_term_string\"}}],\"inLanguage\":\"de\"},{\"@type\":\"Organization\",\"@id\":\"https:\\\/\\\/www.organisator.ch\\\/#organization\",\"name\":\"Organisator\",\"url\":\"https:\\\/\\\/www.organisator.ch\\\/\",\"logo\":{\"@type\":\"ImageObject\",\"inLanguage\":\"de\",\"@id\":\"https:\\\/\\\/www.organisator.ch\\\/#\\\/schema\\\/logo\\\/image\\\/\",\"url\":\"https:\\\/\\\/www.organisator.ch\\\/wp-content\\\/uploads\\\/2022\\\/01\\\/Logo_Organisator_Website.png\",\"contentUrl\":\"https:\\\/\\\/www.organisator.ch\\\/wp-content\\\/uploads\\\/2022\\\/01\\\/Logo_Organisator_Website.png\",\"width\":800,\"height\":77,\"caption\":\"Organisator\"},\"image\":{\"@id\":\"https:\\\/\\\/www.organisator.ch\\\/#\\\/schema\\\/logo\\\/image\\\/\"},\"sameAs\":[\"https:\\\/\\\/www.facebook.com\\\/OrganisatorFachmagazin\",\"https:\\\/\\\/www.linkedin.com\\\/showcase\\\/organisator-das-magazin-fr-kmu\",\"https:\\\/\\\/www.xing.com\\\/news\\\/pages\\\/organisator-ch-695\",\"https:\\\/\\\/www.youtube.com\\\/channel\\\/UCGP2Sq0iWaZwT3BdIAQFYpw\"]},{\"@type\":\"Person\",\"@id\":\"https:\\\/\\\/www.organisator.ch\\\/#\\\/schema\\\/person\\\/6f650f90b2842cd4c0cc334b4e36f67e\",\"name\":\"thomas.berner\",\"image\":{\"@type\":\"ImageObject\",\"inLanguage\":\"de\",\"@id\":\"https:\\\/\\\/secure.gravatar.com\\\/avatar\\\/ac5001d2a36cb6c6cd3e50789007ffca834b477b74a2144564522e944eabff61?s=96&d=mm&r=g\",\"url\":\"https:\\\/\\\/secure.gravatar.com\\\/avatar\\\/ac5001d2a36cb6c6cd3e50789007ffca834b477b74a2144564522e944eabff61?s=96&d=mm&r=g\",\"contentUrl\":\"https:\\\/\\\/secure.gravatar.com\\\/avatar\\\/ac5001d2a36cb6c6cd3e50789007ffca834b477b74a2144564522e944eabff61?s=96&d=mm&r=g\",\"caption\":\"thomas.berner\"},\"url\":\"https:\\\/\\\/www.organisator.ch\\\/de\\\/author\\\/thomas-berner\\\/\"}]}<\/script>\n<!-- \/ Yoast SEO plugin. -->","yoast_head_json":{"title":"Mengensteigerungen und hohe Frachtraten bescheren Dachser Rekordzahlen - Organisator","description":"Nach dem lockdownbedingten Seitenschritt im Vorjahr kehrt Dachser zum Wachstum zur\u00fcck - mit Mengensteigerungen und hohen Frachtraten.","robots":{"index":"index","follow":"follow","max-snippet":"max-snippet:-1","max-image-preview":"max-image-preview:large","max-video-preview":"max-video-preview:-1"},"canonical":"https:\/\/www.organisator.ch\/de\/allgemein\/2022-04-20\/mengensteigerungen-und-hohe-frachtraten-bescheren-dachser-rekordzahlen\/","og_locale":"de_DE","og_type":"article","og_title":"Mengensteigerungen und hohe Frachtraten bescheren Dachser Rekordzahlen","og_description":"Nach dem lockdownbedingten Seitenschritt im Vorjahr kehrt Dachser zum Wachstum zur\u00fcck - mit Mengensteigerungen und hohen Frachtraten.","og_url":"https:\/\/www.organisator.ch\/de\/allgemein\/2022-04-20\/mengensteigerungen-und-hohe-frachtraten-bescheren-dachser-rekordzahlen\/","og_site_name":"Organisator","article_publisher":"https:\/\/www.facebook.com\/OrganisatorFachmagazin","article_published_time":"2022-04-20T04:22:31+00:00","og_image":[{"width":680,"height":438,"url":"https:\/\/www.organisator.ch\/wp-content\/uploads\/2022\/04\/Mengensteigerungen-und-hohe-Frachtraten-bescheren-Dachser-Rekordzahlen.jpg","type":"image\/jpeg"}],"author":"thomas.berner","twitter_card":"summary_large_image","twitter_title":"#Mengensteigerungen und hohe #Frachtraten bescheren #Dachser Rekordzahlen","twitter_description":"Nach dem lockdownbedingten Seitenschritt im Vorjahr kehrt #Dachser zum Wachstum zur\u00fcck - mit #Mengensteigerungen und hohen #Frachtraten.","twitter_image":"https:\/\/www.organisator.ch\/wp-content\/uploads\/2022\/04\/Mengensteigerungen-und-hohe-Frachtraten-bescheren-Dachser-Rekordzahlen.jpg","schema":{"@context":"https:\/\/schema.org","@graph":[{"@type":"Article","@id":"https:\/\/www.organisator.ch\/en\/general\/2022-04-20\/mengensteigerungen-und-hohe-frachtraten-bescheren-dachser-rekordzahlen\/#article","isPartOf":{"@id":"https:\/\/www.organisator.ch\/en\/general\/2022-04-20\/mengensteigerungen-und-hohe-frachtraten-bescheren-dachser-rekordzahlen\/"},"author":{"name":"thomas.berner","@id":"https:\/\/www.organisator.ch\/#\/schema\/person\/6f650f90b2842cd4c0cc334b4e36f67e"},"headline":"Mengensteigerungen und hohe Frachtraten bescheren Dachser Rekordzahlen","datePublished":"2022-04-20T04:22:31+00:00","mainEntityOfPage":{"@id":"https:\/\/www.organisator.ch\/en\/general\/2022-04-20\/mengensteigerungen-und-hohe-frachtraten-bescheren-dachser-rekordzahlen\/"},"wordCount":522,"publisher":{"@id":"https:\/\/www.organisator.ch\/#organization"},"image":{"@id":"https:\/\/www.organisator.ch\/en\/general\/2022-04-20\/mengensteigerungen-und-hohe-frachtraten-bescheren-dachser-rekordzahlen\/#primaryimage"},"thumbnailUrl":"https:\/\/www.organisator.ch\/wp-content\/uploads\/2022\/04\/Mengensteigerungen-und-hohe-Frachtraten-bescheren-Dachser-Rekordzahlen.jpg","keywords":["Gesch\u00e4ftsbericht","Logistik","Unternehmen"],"inLanguage":"de"},{"@type":"WebPage","@id":"https:\/\/www.organisator.ch\/en\/general\/2022-04-20\/mengensteigerungen-und-hohe-frachtraten-bescheren-dachser-rekordzahlen\/","url":"https:\/\/www.organisator.ch\/en\/general\/2022-04-20\/mengensteigerungen-und-hohe-frachtraten-bescheren-dachser-rekordzahlen\/","name":"Mengensteigerungen und hohe Frachtraten bescheren Dachser Rekordzahlen - Organisator","isPartOf":{"@id":"https:\/\/www.organisator.ch\/#website"},"primaryImageOfPage":{"@id":"https:\/\/www.organisator.ch\/en\/general\/2022-04-20\/mengensteigerungen-und-hohe-frachtraten-bescheren-dachser-rekordzahlen\/#primaryimage"},"image":{"@id":"https:\/\/www.organisator.ch\/en\/general\/2022-04-20\/mengensteigerungen-und-hohe-frachtraten-bescheren-dachser-rekordzahlen\/#primaryimage"},"thumbnailUrl":"https:\/\/www.organisator.ch\/wp-content\/uploads\/2022\/04\/Mengensteigerungen-und-hohe-Frachtraten-bescheren-Dachser-Rekordzahlen.jpg","datePublished":"2022-04-20T04:22:31+00:00","description":"Nach dem lockdownbedingten Seitenschritt im Vorjahr kehrt Dachser zum Wachstum zur\u00fcck - mit Mengensteigerungen und hohen Frachtraten.","breadcrumb":{"@id":"https:\/\/www.organisator.ch\/en\/general\/2022-04-20\/mengensteigerungen-und-hohe-frachtraten-bescheren-dachser-rekordzahlen\/#breadcrumb"},"inLanguage":"de","potentialAction":[{"@type":"ReadAction","target":["https:\/\/www.organisator.ch\/en\/general\/2022-04-20\/mengensteigerungen-und-hohe-frachtraten-bescheren-dachser-rekordzahlen\/"]}]},{"@type":"ImageObject","inLanguage":"de","@id":"https:\/\/www.organisator.ch\/en\/general\/2022-04-20\/mengensteigerungen-und-hohe-frachtraten-bescheren-dachser-rekordzahlen\/#primaryimage","url":"https:\/\/www.organisator.ch\/wp-content\/uploads\/2022\/04\/Mengensteigerungen-und-hohe-Frachtraten-bescheren-Dachser-Rekordzahlen.jpg","contentUrl":"https:\/\/www.organisator.ch\/wp-content\/uploads\/2022\/04\/Mengensteigerungen-und-hohe-Frachtraten-bescheren-Dachser-Rekordzahlen.jpg","width":680,"height":438,"caption":"Mengensteigerungen und hohe Frachtraten generieren den Logistikern von Dachser ein Rekordwachstum. Allein die Luft- und Seefracht legt um 78,3 Prozent zu. (Bild: Dachser)"},{"@type":"BreadcrumbList","@id":"https:\/\/www.organisator.ch\/en\/general\/2022-04-20\/mengensteigerungen-und-hohe-frachtraten-bescheren-dachser-rekordzahlen\/#breadcrumb","itemListElement":[{"@type":"ListItem","position":1,"name":"Home","item":"https:\/\/www.organisator.ch\/"},{"@type":"ListItem","position":2,"name":"Mengensteigerungen und hohe Frachtraten bescheren Dachser Rekordzahlen"}]},{"@type":"WebSite","@id":"https:\/\/www.organisator.ch\/#website","url":"https:\/\/www.organisator.ch\/","name":"Organisator","description":"Kompetent. Praxisnah. Der ORGANISATOR bereitet in 10 Ausgaben pro Jahr die wesentlichen Themen f\u00fcr F\u00fchrungskr\u00e4fte von KMU auf.","publisher":{"@id":"https:\/\/www.organisator.ch\/#organization"},"potentialAction":[{"@type":"SearchAction","target":{"@type":"EntryPoint","urlTemplate":"https:\/\/www.organisator.ch\/?s={search_term_string}"},"query-input":{"@type":"PropertyValueSpecification","valueRequired":true,"valueName":"search_term_string"}}],"inLanguage":"de"},{"@type":"Organization","@id":"https:\/\/www.organisator.ch\/#organization","name":"Organisator","url":"https:\/\/www.organisator.ch\/","logo":{"@type":"ImageObject","inLanguage":"de","@id":"https:\/\/www.organisator.ch\/#\/schema\/logo\/image\/","url":"https:\/\/www.organisator.ch\/wp-content\/uploads\/2022\/01\/Logo_Organisator_Website.png","contentUrl":"https:\/\/www.organisator.ch\/wp-content\/uploads\/2022\/01\/Logo_Organisator_Website.png","width":800,"height":77,"caption":"Organisator"},"image":{"@id":"https:\/\/www.organisator.ch\/#\/schema\/logo\/image\/"},"sameAs":["https:\/\/www.facebook.com\/OrganisatorFachmagazin","https:\/\/www.linkedin.com\/showcase\/organisator-das-magazin-fr-kmu","https:\/\/www.xing.com\/news\/pages\/organisator-ch-695","https:\/\/www.youtube.com\/channel\/UCGP2Sq0iWaZwT3BdIAQFYpw"]},{"@type":"Person","@id":"https:\/\/www.organisator.ch\/#\/schema\/person\/6f650f90b2842cd4c0cc334b4e36f67e","name":"thomas.berner","image":{"@type":"ImageObject","inLanguage":"de","@id":"https:\/\/secure.gravatar.com\/avatar\/ac5001d2a36cb6c6cd3e50789007ffca834b477b74a2144564522e944eabff61?s=96&d=mm&r=g","url":"https:\/\/secure.gravatar.com\/avatar\/ac5001d2a36cb6c6cd3e50789007ffca834b477b74a2144564522e944eabff61?s=96&d=mm&r=g","contentUrl":"https:\/\/secure.gravatar.com\/avatar\/ac5001d2a36cb6c6cd3e50789007ffca834b477b74a2144564522e944eabff61?s=96&d=mm&r=g","caption":"thomas.berner"},"url":"https:\/\/www.organisator.ch\/de\/author\/thomas-berner\/"}]}},"_links":{"self":[{"href":"https:\/\/www.organisator.ch\/de\/wp-json\/wp\/v2\/posts\/12597","targetHints":{"allow":["GET"]}}],"collection":[{"href":"https:\/\/www.organisator.ch\/de\/wp-json\/wp\/v2\/posts"}],"about":[{"href":"https:\/\/www.organisator.ch\/de\/wp-json\/wp\/v2\/types\/post"}],"author":[{"embeddable":true,"href":"https:\/\/www.organisator.ch\/de\/wp-json\/wp\/v2\/users\/4"}],"replies":[{"embeddable":true,"href":"https:\/\/www.organisator.ch\/de\/wp-json\/wp\/v2\/comments?post=12597"}],"version-history":[{"count":1,"href":"https:\/\/www.organisator.ch\/de\/wp-json\/wp\/v2\/posts\/12597\/revisions"}],"predecessor-version":[{"id":12599,"href":"https:\/\/www.organisator.ch\/de\/wp-json\/wp\/v2\/posts\/12597\/revisions\/12599"}],"wp:featuredmedia":[{"embeddable":true,"href":"https:\/\/www.organisator.ch\/de\/wp-json\/wp\/v2\/media\/12598"}],"wp:attachment":[{"href":"https:\/\/www.organisator.ch\/de\/wp-json\/wp\/v2\/media?parent=12597"}],"wp:term":[{"taxonomy":"category","embeddable":true,"href":"https:\/\/www.organisator.ch\/de\/wp-json\/wp\/v2\/categories?post=12597"},{"taxonomy":"post_tag","embeddable":true,"href":"https:\/\/www.organisator.ch\/de\/wp-json\/wp\/v2\/tags?post=12597"}],"curies":[{"name":"wp","href":"https:\/\/api.w.org\/{rel}","templated":true}]}}