{"id":12610,"date":"2022-04-20T09:18:01","date_gmt":"2022-04-20T07:18:01","guid":{"rendered":"https:\/\/www.werbewoche.ch\/?p=169536"},"modified":"2022-08-01T14:20:53","modified_gmt":"2022-08-01T12:20:53","slug":"department-of-noise-gestaltet-sound-identity-von-pro-senectute","status":"publish","type":"post","link":"https:\/\/www.organisator.ch\/de\/marketing\/2022-04-20\/department-of-noise-gestaltet-sound-identity-von-pro-senectute\/","title":{"rendered":"Department of Noise gestaltet Sound Identity von Pro Senectute"},"content":{"rendered":"<img class=\"aligncenter wp-image-169537 size-full\" src=\"https:\/\/www.werbewoche.ch\/wp-content\/uploads\/2022\/04\/ProS_Plakat_fit.jpg\" alt=\"Pro Senectute\" width=\"1200\" height=\"677\" \/>\r\n\r\nPro Senectute setzt sich f\u00fcr ein selbstbestimmtes und sinnerf\u00fclltes Leben \u00e4lterer Menschen in unserer Gesellschaft ein. Die Organisation steht f\u00fcr aktive Teilnahme am Geschehen sowie Betreuung zu Hause unter behutsamer Ber\u00fccksichtigung der Herausforderungen, die das \u00c4lterwerden mit sich bringt. Ein Balanceakt, der unter dem Claim \u00abGemeinsam st\u00e4rker.\u00bb mit aktivierender Zuversicht und bodenst\u00e4ndiger Empathie angegangen wird.\r\n\r\nAuch bei der Entwicklung der Sound Identity war dieses Spannungsfeld ein zentrales Thema. \u00abUns war wichtig, dass der Pro Senectute Sound frisch und aktivierend ist und alle anspricht. Gleichzeitig soll er unaufgeregt, freundlich und warmherzig wirken: \u00c4lterwerden ist nun mal nicht immer nur lustig\u00bb, erkl\u00e4rt Peter Burri Follath, Leiter Kommunikation bei Pro Senectute Schweiz.\r\n\r\nIm Prozess hat sich\u00a0der warme und urchige Klang des Hackbretts, gespielt von der Walliser Koryph\u00e4e Ephraim Salzmann, in Kombination mit akustischer Bluesgitarre als Eckpfeiler der Pro Senectute Sound Identity durchgesetzt. Beide Instrumente sind in der Schweiz wohlbekannt, die ungew\u00f6hnliche Textur im Zusammenspiel l\u00e4sst jedoch aufhorchen.\r\n\r\nDie Sound Identity ist bereits an mehreren Touchpoints im Einsatz. Einer davon ist der soeben gestartete \u00abWie L\u00e4bsch?\u00bb, der den Zuh\u00f6rer*innen durch den gezielten Einsatz von Sound-Elementen durch die Geschichten f\u00fchrt. Des Weiteren wurde die Service Center Experience neugestaltet und zielgruppenspezifisch aufbereitet. F\u00fcr die Bespielung mit Multimedia-Inhalten steht neu ein flexibel ausgef\u00fchrter Soundscape zur Verf\u00fcgung, so beispielsweise im aktuellen Film zur QR-Rechnung). Das auditive Destillat der Marke Pro Senectute Schweiz \u2013 das Audio Logo \u2013 rundet die Sound-Asset Palette ab.\r\n\r\n\u00abDas Resultat komplettiert die Wirkung unserer Marke und verst\u00e4rkt die emotionale Klarheit unserer Kommunikation\u00bb, sagt Tatjana Kistler, Medienverantwortliche und stellvertretende Leiterin Kommunikation von Pro Senectute, zur neuen Sound Identity. \u00abUnd es war wirklich spannend und ein echtes Job Enrichment, mit DoN den Fokus auf die Wirkung von Sound zu richten!\u00bb\r\n\r\n<hr \/>\r\n\r\n<strong>Verantwortlich bei Pro Senectute:<\/strong> Tatjana Kistler (Medienverantwortliche und stv. Leiterin Kommunikation); Sandra Kathriner (Leiterin Marketingservices); Peter Burri Follath \u00a0Leiter Kommunikation \u2013 Strategie und Gesamtverantwortung). <strong>Verantwortlich bei Department of Noise:<\/strong> Florian Goetze, Ph!L!pp Schweidler (Strategie und Creative Direction); Michael Stuber (Strategie). Logo-Animation: Bold.","protected":false},"excerpt":{"rendered":"<p>Pro Senectute setzt sich f\u00fcr ein selbstbestimmtes und sinnerf\u00fclltes Leben \u00e4lterer Menschen in unserer Gesellschaft ein. Die Organisation steht f\u00fcr aktive Teilnahme am Geschehen sowie Betreuung zu Hause unter behutsamer Ber\u00fccksichtigung der Herausforderungen, die das \u00c4lterwerden mit sich bringt. Ein Balanceakt, der unter dem Claim \u00abGemeinsam st\u00e4rker.\u00bb mit aktivierender Zuversicht und bodenst\u00e4ndiger Empathie angegangen wird. [\u2026]<\/p>\n","protected":false},"author":8,"featured_media":0,"comment_status":"closed","ping_status":"closed","sticky":false,"template":"","format":"standard","meta":{"_acf_changed":false,"_yoast_wpseo_focuskw":"Pro Senectute","_yoast_wpseo_metadesc":"So klingt unaufgeregtes Anpacken mit Herz: Die Z\u00fcrcher Agentur f\u00fcr Audio Branding Department of Noise hat f\u00fcr Pro Senectute Schweiz die Sound Identity entwickelt.","articlekey":"","footnotes":""},"categories":[29],"tags":[2815,2816],"class_list":["post-12610","post","type-post","status-publish","format-standard","hentry","category-marketing","tag-audio-branding","tag-pro-senectute"],"acf":[],"yoast_head":"<!-- This site is optimized with the Yoast SEO plugin v27.5 - https:\/\/yoast.com\/product\/yoast-seo-wordpress\/ -->\n<title>Department of Noise gestaltet Sound Identity von Pro Senectute - Organisator<\/title>\n<meta name=\"description\" content=\"So klingt unaufgeregtes Anpacken mit Herz: Die Z\u00fcrcher Agentur f\u00fcr Audio Branding Department of Noise hat f\u00fcr Pro Senectute Schweiz die Sound Identity entwickelt.\" \/>\n<meta name=\"robots\" content=\"index, follow, max-snippet:-1, max-image-preview:large, max-video-preview:-1\" \/>\n<link rel=\"canonical\" href=\"https:\/\/www.werbewoche.ch\/de\/marketing\/marken\/2022-04-20\/department-of-noise-gestaltet-sound-identity-von-pro-senectute\/\" \/>\n<meta property=\"og:locale\" content=\"de_DE\" \/>\n<meta property=\"og:type\" content=\"article\" \/>\n<meta property=\"og:title\" content=\"Department of Noise gestaltet Sound Identity von Pro Senectute - Organisator\" \/>\n<meta property=\"og:description\" content=\"So klingt unaufgeregtes Anpacken mit Herz: Die Z\u00fcrcher Agentur f\u00fcr Audio Branding Department of Noise hat f\u00fcr Pro Senectute Schweiz die Sound Identity entwickelt.\" \/>\n<meta property=\"og:url\" content=\"https:\/\/www.werbewoche.ch\/de\/marketing\/marken\/2022-04-20\/department-of-noise-gestaltet-sound-identity-von-pro-senectute\/\" \/>\n<meta property=\"og:site_name\" content=\"Organisator\" \/>\n<meta property=\"article:publisher\" content=\"https:\/\/www.facebook.com\/OrganisatorFachmagazin\" \/>\n<meta property=\"article:published_time\" content=\"2022-04-20T07:18:01+00:00\" \/>\n<meta property=\"article:modified_time\" content=\"2022-08-01T12:20:53+00:00\" \/>\n<meta property=\"og:image\" content=\"https:\/\/www.werbewoche.ch\/wp-content\/uploads\/2022\/04\/ProS_Plakat_fit.jpg\" \/>\n<meta name=\"author\" content=\"galledia\" \/>\n<meta name=\"twitter:card\" content=\"summary_large_image\" \/>\n<meta name=\"twitter:creator\" content=\"@admin\" \/>\n<script type=\"application\/ld+json\" class=\"yoast-schema-graph\">{\"@context\":\"https:\\\/\\\/schema.org\",\"@graph\":[{\"@type\":\"Article\",\"@id\":\"https:\\\/\\\/www.werbewoche.ch\\\/de\\\/marketing\\\/marken\\\/2022-04-20\\\/department-of-noise-gestaltet-sound-identity-von-pro-senectute\\\/#article\",\"isPartOf\":{\"@id\":\"https:\\\/\\\/www.organisator.ch\\\/marketing\\\/2022-04-20\\\/department-of-noise-gestaltet-sound-identity-von-pro-senectute\\\/\"},\"author\":{\"name\":\"galledia\",\"@id\":\"https:\\\/\\\/www.organisator.ch\\\/#\\\/schema\\\/person\\\/4e51799071cd2dd1232ac003643ef5f0\"},\"headline\":\"Department of Noise gestaltet Sound Identity von Pro Senectute\",\"datePublished\":\"2022-04-20T07:18:01+00:00\",\"dateModified\":\"2022-08-01T12:20:53+00:00\",\"mainEntityOfPage\":{\"@id\":\"https:\\\/\\\/www.organisator.ch\\\/marketing\\\/2022-04-20\\\/department-of-noise-gestaltet-sound-identity-von-pro-senectute\\\/\"},\"wordCount\":353,\"publisher\":{\"@id\":\"https:\\\/\\\/www.organisator.ch\\\/#organization\"},\"image\":{\"@id\":\"https:\\\/\\\/www.werbewoche.ch\\\/de\\\/marketing\\\/marken\\\/2022-04-20\\\/department-of-noise-gestaltet-sound-identity-von-pro-senectute\\\/#primaryimage\"},\"thumbnailUrl\":\"https:\\\/\\\/www.werbewoche.ch\\\/wp-content\\\/uploads\\\/2022\\\/04\\\/ProS_Plakat_fit.jpg\",\"keywords\":[\"Audio Branding\",\"Pro Senectute\"],\"articleSection\":[\"MARKETING\"],\"inLanguage\":\"de\"},{\"@type\":\"WebPage\",\"@id\":\"https:\\\/\\\/www.organisator.ch\\\/marketing\\\/2022-04-20\\\/department-of-noise-gestaltet-sound-identity-von-pro-senectute\\\/\",\"url\":\"https:\\\/\\\/www.werbewoche.ch\\\/de\\\/marketing\\\/marken\\\/2022-04-20\\\/department-of-noise-gestaltet-sound-identity-von-pro-senectute\\\/\",\"name\":\"Department of Noise gestaltet Sound Identity von Pro Senectute - Organisator\",\"isPartOf\":{\"@id\":\"https:\\\/\\\/www.organisator.ch\\\/#website\"},\"primaryImageOfPage\":{\"@id\":\"https:\\\/\\\/www.werbewoche.ch\\\/de\\\/marketing\\\/marken\\\/2022-04-20\\\/department-of-noise-gestaltet-sound-identity-von-pro-senectute\\\/#primaryimage\"},\"image\":{\"@id\":\"https:\\\/\\\/www.werbewoche.ch\\\/de\\\/marketing\\\/marken\\\/2022-04-20\\\/department-of-noise-gestaltet-sound-identity-von-pro-senectute\\\/#primaryimage\"},\"thumbnailUrl\":\"https:\\\/\\\/www.werbewoche.ch\\\/wp-content\\\/uploads\\\/2022\\\/04\\\/ProS_Plakat_fit.jpg\",\"datePublished\":\"2022-04-20T07:18:01+00:00\",\"dateModified\":\"2022-08-01T12:20:53+00:00\",\"description\":\"So klingt unaufgeregtes Anpacken mit Herz: Die Z\u00fcrcher Agentur f\u00fcr Audio Branding Department of Noise hat f\u00fcr Pro Senectute Schweiz die Sound Identity entwickelt.\",\"breadcrumb\":{\"@id\":\"https:\\\/\\\/www.werbewoche.ch\\\/de\\\/marketing\\\/marken\\\/2022-04-20\\\/department-of-noise-gestaltet-sound-identity-von-pro-senectute\\\/#breadcrumb\"},\"inLanguage\":\"de\",\"potentialAction\":[{\"@type\":\"ReadAction\",\"target\":[\"https:\\\/\\\/www.werbewoche.ch\\\/de\\\/marketing\\\/marken\\\/2022-04-20\\\/department-of-noise-gestaltet-sound-identity-von-pro-senectute\\\/\"]}]},{\"@type\":\"ImageObject\",\"inLanguage\":\"de\",\"@id\":\"https:\\\/\\\/www.werbewoche.ch\\\/de\\\/marketing\\\/marken\\\/2022-04-20\\\/department-of-noise-gestaltet-sound-identity-von-pro-senectute\\\/#primaryimage\",\"url\":\"https:\\\/\\\/www.werbewoche.ch\\\/wp-content\\\/uploads\\\/2022\\\/04\\\/ProS_Plakat_fit.jpg\",\"contentUrl\":\"https:\\\/\\\/www.werbewoche.ch\\\/wp-content\\\/uploads\\\/2022\\\/04\\\/ProS_Plakat_fit.jpg\"},{\"@type\":\"BreadcrumbList\",\"@id\":\"https:\\\/\\\/www.werbewoche.ch\\\/de\\\/marketing\\\/marken\\\/2022-04-20\\\/department-of-noise-gestaltet-sound-identity-von-pro-senectute\\\/#breadcrumb\",\"itemListElement\":[{\"@type\":\"ListItem\",\"position\":1,\"name\":\"Home\",\"item\":\"https:\\\/\\\/www.organisator.ch\\\/\"},{\"@type\":\"ListItem\",\"position\":2,\"name\":\"Department of Noise gestaltet Sound Identity von Pro Senectute\"}]},{\"@type\":\"WebSite\",\"@id\":\"https:\\\/\\\/www.organisator.ch\\\/#website\",\"url\":\"https:\\\/\\\/www.organisator.ch\\\/\",\"name\":\"Organisator\",\"description\":\"Kompetent. Praxisnah. Der ORGANISATOR bereitet in 10 Ausgaben pro Jahr die wesentlichen Themen f\u00fcr F\u00fchrungskr\u00e4fte von KMU auf.\",\"publisher\":{\"@id\":\"https:\\\/\\\/www.organisator.ch\\\/#organization\"},\"potentialAction\":[{\"@type\":\"SearchAction\",\"target\":{\"@type\":\"EntryPoint\",\"urlTemplate\":\"https:\\\/\\\/www.organisator.ch\\\/?s={search_term_string}\"},\"query-input\":{\"@type\":\"PropertyValueSpecification\",\"valueRequired\":true,\"valueName\":\"search_term_string\"}}],\"inLanguage\":\"de\"},{\"@type\":\"Organization\",\"@id\":\"https:\\\/\\\/www.organisator.ch\\\/#organization\",\"name\":\"Organisator\",\"url\":\"https:\\\/\\\/www.organisator.ch\\\/\",\"logo\":{\"@type\":\"ImageObject\",\"inLanguage\":\"de\",\"@id\":\"https:\\\/\\\/www.organisator.ch\\\/#\\\/schema\\\/logo\\\/image\\\/\",\"url\":\"https:\\\/\\\/www.organisator.ch\\\/wp-content\\\/uploads\\\/2022\\\/01\\\/Logo_Organisator_Website.png\",\"contentUrl\":\"https:\\\/\\\/www.organisator.ch\\\/wp-content\\\/uploads\\\/2022\\\/01\\\/Logo_Organisator_Website.png\",\"width\":800,\"height\":77,\"caption\":\"Organisator\"},\"image\":{\"@id\":\"https:\\\/\\\/www.organisator.ch\\\/#\\\/schema\\\/logo\\\/image\\\/\"},\"sameAs\":[\"https:\\\/\\\/www.facebook.com\\\/OrganisatorFachmagazin\",\"https:\\\/\\\/www.linkedin.com\\\/showcase\\\/organisator-das-magazin-fr-kmu\",\"https:\\\/\\\/www.xing.com\\\/news\\\/pages\\\/organisator-ch-695\",\"https:\\\/\\\/www.youtube.com\\\/channel\\\/UCGP2Sq0iWaZwT3BdIAQFYpw\"]},{\"@type\":\"Person\",\"@id\":\"https:\\\/\\\/www.organisator.ch\\\/#\\\/schema\\\/person\\\/4e51799071cd2dd1232ac003643ef5f0\",\"name\":\"galledia\",\"image\":{\"@type\":\"ImageObject\",\"inLanguage\":\"de\",\"@id\":\"https:\\\/\\\/secure.gravatar.com\\\/avatar\\\/78a7f90c01fc2bfc875782a0d4922b37cde2cf184ce347b91316d23cd7f69a36?s=96&d=mm&r=g\",\"url\":\"https:\\\/\\\/secure.gravatar.com\\\/avatar\\\/78a7f90c01fc2bfc875782a0d4922b37cde2cf184ce347b91316d23cd7f69a36?s=96&d=mm&r=g\",\"contentUrl\":\"https:\\\/\\\/secure.gravatar.com\\\/avatar\\\/78a7f90c01fc2bfc875782a0d4922b37cde2cf184ce347b91316d23cd7f69a36?s=96&d=mm&r=g\",\"caption\":\"galledia\"},\"sameAs\":[\"https:\\\/\\\/x.com\\\/admin\"],\"url\":\"https:\\\/\\\/www.organisator.ch\\\/de\\\/author\\\/galledia\\\/\"}]}<\/script>\n<!-- \/ Yoast SEO plugin. -->","yoast_head_json":{"title":"Department of Noise gestaltet Sound Identity von Pro Senectute - Organisator","description":"So klingt unaufgeregtes Anpacken mit Herz: Die Z\u00fcrcher Agentur f\u00fcr Audio Branding Department of Noise hat f\u00fcr Pro Senectute Schweiz die Sound Identity entwickelt.","robots":{"index":"index","follow":"follow","max-snippet":"max-snippet:-1","max-image-preview":"max-image-preview:large","max-video-preview":"max-video-preview:-1"},"canonical":"https:\/\/www.werbewoche.ch\/de\/marketing\/marken\/2022-04-20\/department-of-noise-gestaltet-sound-identity-von-pro-senectute\/","og_locale":"de_DE","og_type":"article","og_title":"Department of Noise gestaltet Sound Identity von Pro Senectute - Organisator","og_description":"So klingt unaufgeregtes Anpacken mit Herz: Die Z\u00fcrcher Agentur f\u00fcr Audio Branding Department of Noise hat f\u00fcr Pro Senectute Schweiz die Sound Identity entwickelt.","og_url":"https:\/\/www.werbewoche.ch\/de\/marketing\/marken\/2022-04-20\/department-of-noise-gestaltet-sound-identity-von-pro-senectute\/","og_site_name":"Organisator","article_publisher":"https:\/\/www.facebook.com\/OrganisatorFachmagazin","article_published_time":"2022-04-20T07:18:01+00:00","article_modified_time":"2022-08-01T12:20:53+00:00","og_image":[{"url":"https:\/\/www.werbewoche.ch\/wp-content\/uploads\/2022\/04\/ProS_Plakat_fit.jpg","type":"","width":"","height":""}],"author":"galledia","twitter_card":"summary_large_image","twitter_creator":"@admin","schema":{"@context":"https:\/\/schema.org","@graph":[{"@type":"Article","@id":"https:\/\/www.werbewoche.ch\/de\/marketing\/marken\/2022-04-20\/department-of-noise-gestaltet-sound-identity-von-pro-senectute\/#article","isPartOf":{"@id":"https:\/\/www.organisator.ch\/marketing\/2022-04-20\/department-of-noise-gestaltet-sound-identity-von-pro-senectute\/"},"author":{"name":"galledia","@id":"https:\/\/www.organisator.ch\/#\/schema\/person\/4e51799071cd2dd1232ac003643ef5f0"},"headline":"Department of Noise gestaltet Sound Identity von Pro Senectute","datePublished":"2022-04-20T07:18:01+00:00","dateModified":"2022-08-01T12:20:53+00:00","mainEntityOfPage":{"@id":"https:\/\/www.organisator.ch\/marketing\/2022-04-20\/department-of-noise-gestaltet-sound-identity-von-pro-senectute\/"},"wordCount":353,"publisher":{"@id":"https:\/\/www.organisator.ch\/#organization"},"image":{"@id":"https:\/\/www.werbewoche.ch\/de\/marketing\/marken\/2022-04-20\/department-of-noise-gestaltet-sound-identity-von-pro-senectute\/#primaryimage"},"thumbnailUrl":"https:\/\/www.werbewoche.ch\/wp-content\/uploads\/2022\/04\/ProS_Plakat_fit.jpg","keywords":["Audio Branding","Pro Senectute"],"articleSection":["MARKETING"],"inLanguage":"de"},{"@type":"WebPage","@id":"https:\/\/www.organisator.ch\/marketing\/2022-04-20\/department-of-noise-gestaltet-sound-identity-von-pro-senectute\/","url":"https:\/\/www.werbewoche.ch\/de\/marketing\/marken\/2022-04-20\/department-of-noise-gestaltet-sound-identity-von-pro-senectute\/","name":"Department of Noise gestaltet Sound Identity von Pro Senectute - Organisator","isPartOf":{"@id":"https:\/\/www.organisator.ch\/#website"},"primaryImageOfPage":{"@id":"https:\/\/www.werbewoche.ch\/de\/marketing\/marken\/2022-04-20\/department-of-noise-gestaltet-sound-identity-von-pro-senectute\/#primaryimage"},"image":{"@id":"https:\/\/www.werbewoche.ch\/de\/marketing\/marken\/2022-04-20\/department-of-noise-gestaltet-sound-identity-von-pro-senectute\/#primaryimage"},"thumbnailUrl":"https:\/\/www.werbewoche.ch\/wp-content\/uploads\/2022\/04\/ProS_Plakat_fit.jpg","datePublished":"2022-04-20T07:18:01+00:00","dateModified":"2022-08-01T12:20:53+00:00","description":"So klingt unaufgeregtes Anpacken mit Herz: Die Z\u00fcrcher Agentur f\u00fcr Audio Branding Department of Noise hat f\u00fcr Pro Senectute Schweiz die Sound Identity entwickelt.","breadcrumb":{"@id":"https:\/\/www.werbewoche.ch\/de\/marketing\/marken\/2022-04-20\/department-of-noise-gestaltet-sound-identity-von-pro-senectute\/#breadcrumb"},"inLanguage":"de","potentialAction":[{"@type":"ReadAction","target":["https:\/\/www.werbewoche.ch\/de\/marketing\/marken\/2022-04-20\/department-of-noise-gestaltet-sound-identity-von-pro-senectute\/"]}]},{"@type":"ImageObject","inLanguage":"de","@id":"https:\/\/www.werbewoche.ch\/de\/marketing\/marken\/2022-04-20\/department-of-noise-gestaltet-sound-identity-von-pro-senectute\/#primaryimage","url":"https:\/\/www.werbewoche.ch\/wp-content\/uploads\/2022\/04\/ProS_Plakat_fit.jpg","contentUrl":"https:\/\/www.werbewoche.ch\/wp-content\/uploads\/2022\/04\/ProS_Plakat_fit.jpg"},{"@type":"BreadcrumbList","@id":"https:\/\/www.werbewoche.ch\/de\/marketing\/marken\/2022-04-20\/department-of-noise-gestaltet-sound-identity-von-pro-senectute\/#breadcrumb","itemListElement":[{"@type":"ListItem","position":1,"name":"Home","item":"https:\/\/www.organisator.ch\/"},{"@type":"ListItem","position":2,"name":"Department of Noise gestaltet Sound Identity von Pro Senectute"}]},{"@type":"WebSite","@id":"https:\/\/www.organisator.ch\/#website","url":"https:\/\/www.organisator.ch\/","name":"Organisator","description":"Kompetent. Praxisnah. Der ORGANISATOR bereitet in 10 Ausgaben pro Jahr die wesentlichen Themen f\u00fcr F\u00fchrungskr\u00e4fte von KMU auf.","publisher":{"@id":"https:\/\/www.organisator.ch\/#organization"},"potentialAction":[{"@type":"SearchAction","target":{"@type":"EntryPoint","urlTemplate":"https:\/\/www.organisator.ch\/?s={search_term_string}"},"query-input":{"@type":"PropertyValueSpecification","valueRequired":true,"valueName":"search_term_string"}}],"inLanguage":"de"},{"@type":"Organization","@id":"https:\/\/www.organisator.ch\/#organization","name":"Organisator","url":"https:\/\/www.organisator.ch\/","logo":{"@type":"ImageObject","inLanguage":"de","@id":"https:\/\/www.organisator.ch\/#\/schema\/logo\/image\/","url":"https:\/\/www.organisator.ch\/wp-content\/uploads\/2022\/01\/Logo_Organisator_Website.png","contentUrl":"https:\/\/www.organisator.ch\/wp-content\/uploads\/2022\/01\/Logo_Organisator_Website.png","width":800,"height":77,"caption":"Organisator"},"image":{"@id":"https:\/\/www.organisator.ch\/#\/schema\/logo\/image\/"},"sameAs":["https:\/\/www.facebook.com\/OrganisatorFachmagazin","https:\/\/www.linkedin.com\/showcase\/organisator-das-magazin-fr-kmu","https:\/\/www.xing.com\/news\/pages\/organisator-ch-695","https:\/\/www.youtube.com\/channel\/UCGP2Sq0iWaZwT3BdIAQFYpw"]},{"@type":"Person","@id":"https:\/\/www.organisator.ch\/#\/schema\/person\/4e51799071cd2dd1232ac003643ef5f0","name":"galledia","image":{"@type":"ImageObject","inLanguage":"de","@id":"https:\/\/secure.gravatar.com\/avatar\/78a7f90c01fc2bfc875782a0d4922b37cde2cf184ce347b91316d23cd7f69a36?s=96&d=mm&r=g","url":"https:\/\/secure.gravatar.com\/avatar\/78a7f90c01fc2bfc875782a0d4922b37cde2cf184ce347b91316d23cd7f69a36?s=96&d=mm&r=g","contentUrl":"https:\/\/secure.gravatar.com\/avatar\/78a7f90c01fc2bfc875782a0d4922b37cde2cf184ce347b91316d23cd7f69a36?s=96&d=mm&r=g","caption":"galledia"},"sameAs":["https:\/\/x.com\/admin"],"url":"https:\/\/www.organisator.ch\/de\/author\/galledia\/"}]}},"_links":{"self":[{"href":"https:\/\/www.organisator.ch\/de\/wp-json\/wp\/v2\/posts\/12610","targetHints":{"allow":["GET"]}}],"collection":[{"href":"https:\/\/www.organisator.ch\/de\/wp-json\/wp\/v2\/posts"}],"about":[{"href":"https:\/\/www.organisator.ch\/de\/wp-json\/wp\/v2\/types\/post"}],"author":[{"embeddable":true,"href":"https:\/\/www.organisator.ch\/de\/wp-json\/wp\/v2\/users\/8"}],"replies":[{"embeddable":true,"href":"https:\/\/www.organisator.ch\/de\/wp-json\/wp\/v2\/comments?post=12610"}],"version-history":[{"count":3,"href":"https:\/\/www.organisator.ch\/de\/wp-json\/wp\/v2\/posts\/12610\/revisions"}],"predecessor-version":[{"id":16067,"href":"https:\/\/www.organisator.ch\/de\/wp-json\/wp\/v2\/posts\/12610\/revisions\/16067"}],"wp:attachment":[{"href":"https:\/\/www.organisator.ch\/de\/wp-json\/wp\/v2\/media?parent=12610"}],"wp:term":[{"taxonomy":"category","embeddable":true,"href":"https:\/\/www.organisator.ch\/de\/wp-json\/wp\/v2\/categories?post=12610"},{"taxonomy":"post_tag","embeddable":true,"href":"https:\/\/www.organisator.ch\/de\/wp-json\/wp\/v2\/tags?post=12610"}],"curies":[{"name":"wp","href":"https:\/\/api.w.org\/{rel}","templated":true}]}}