{"id":12617,"date":"2022-04-20T13:44:15","date_gmt":"2022-04-20T11:44:15","guid":{"rendered":"https:\/\/www.m-q.ch\/?p=16231"},"modified":"2022-07-30T15:13:26","modified_gmt":"2022-07-30T13:13:26","slug":"neue-getraenkeabfuelllinie-fuer-eine-nachhaltige-zukunft","status":"publish","type":"post","link":"https:\/\/www.organisator.ch\/de\/operational-excellence\/2022-04-20\/neue-getraenkeabfuelllinie-fuer-eine-nachhaltige-zukunft\/","title":{"rendered":"Neue Getr\u00e4nkeabf\u00fclllinie f\u00fcr eine nachhaltige Zukunft"},"content":{"rendered":"<figure id=\"attachment_16232\" class=\"wp-caption alignnone\" style=\"width: 680px\" aria-describedby=\"caption-attachment-16232\"><img class=\"alignnone wp-image-16232 size-full\" src=\"https:\/\/www.m-q.ch\/wp-content\/uploads\/2022\/04\/Neue-Getraenkeabfuelllinie-fuer-eine-nachhaltige-Zukunft-1_MQi.jpg\" alt=\"Getr\u00e4nke\" width=\"680\" height=\"453\" \/><figcaption id=\"caption-attachment-16232\" class=\"wp-caption-text\">Die neue Getr\u00e4nkeabf\u00fclllinie bei Ramseier Suisse AG in Sursee. (Bild: zVg \/ Ramseier)<\/figcaption><\/figure>\r\nAm Dienstag, 12. April 2022, wurde bei Ramseier Suisse AG in Sursee eine neue Getr\u00e4nkeabf\u00fclllinie in Betrieb genommen. Die Gesamtkosten f\u00fcr diese Anlage betrugen nach Angaben des Unternehmens 19 Millionen Franken. Im Rahmen der offiziellen Inbetriebnahme wurde die Neuheit RAMSEIER\u2019s Huus-Tee Schweizer Fr\u00fcchte abgef\u00fcllt. Mit dieser neuen PET-Weithalsabf\u00fclllinie ist es dem landesweit bekannten Getr\u00e4nkehersteller nun m\u00f6glich, noch flexibler und agiler auf die Kundenbed\u00fcrfnisse einzugehen, wie es heisst. Die Investition ist ein wichtiger Bestandteil des Engagements f\u00fcr Nachhaltigkeit der Ramseier Suisse AG. \u00abDurch den geringeren Vor- und Nachlauf w\u00e4hrend den Abf\u00fcllungen werden die Produktverluste pro Charge und somit der Food-Waste weiter verringert\u00bb, erkl\u00e4rt Gesch\u00e4ftsf\u00fchrer Christoph Richli.\u00a0 Die abzul\u00f6sende Anlage war 19 Jahre in Betrieb.\r\n<figure id=\"attachment_16233\" class=\"wp-caption alignnone\" style=\"width: 680px\" aria-describedby=\"caption-attachment-16233\"><img class=\"alignnone wp-image-16233 size-full\" src=\"https:\/\/www.m-q.ch\/wp-content\/uploads\/2022\/04\/Neue-Getraenkeabfuelllinie-fuer-eine-nachhaltige-Zukunft-2_MQi.jpg\" alt=\"Getr\u00e4nke\" width=\"680\" height=\"439\" \/><figcaption id=\"caption-attachment-16233\" class=\"wp-caption-text\">Die Anlage wurde in Anwesenheit von Christoph Richli, Gesch\u00e4ftsf\u00fchrer der Ramseier Suisse AG, am 12. April 2022 offiziell in Betrieb genommen. (Bild: zVg \/ Ramseier)<\/figcaption><\/figure>\r\nDie Abf\u00fcllhalle am Standort Sursee wurde vorg\u00e4ngig erweitert um Platz f\u00fcr die neue Linie zu schaffen. Auf der neuen Anlage werden stille, nicht karbonisierte Getr\u00e4nke abgef\u00fcllt. Die Entwicklung dieses Produktsegments war in den vergangenen Jahren sehr positiv, wie auch die Beliebtheit des RAMSEIER\u2019s Huus-Tee beweist. Deshalb hat sich das Unternehmen entschieden, in eine Linie zu investieren, auf welcher ausschliesslich Getr\u00e4nke in PET-Weithalsflaschen abgef\u00fcllt werden. Die Anlage verf\u00fcgt \u00fcber eine Abf\u00fcllleistung von 12\u2019000 PET-Flaschen pro Stunde. Neben der neuen Getr\u00e4nkeabf\u00fclllinie werden am Standort Sursee auch eine PET-Abf\u00fclllinie f\u00fcr Enghalsflaschen, eine Glasabf\u00fclllinie, zwei Anlagen f\u00fcr Weichpackungen und eine Bag-in-Box-Abf\u00fclllinie betrieben.\r\n\r\n<a href=\"https:\/\/www.ramseier.ch\/\"><em>www.ramseier.ch<\/em><\/a>\n<p class=\"syndicated-attribution\">Dieser Beitrag erschien urspr\u00fcnglich auf m-q.ch - <a href=\"https:\/\/www.m-q.ch\/de\/neue-getraenkeabfuelllinie-fuer-eine-nachhaltige-zukunft\/\" target=\"_blank\">https:\/\/www.m-q.ch\/de\/neue-getraenkeabfuelllinie-fuer-eine-nachhaltige-zukunft\/<\/a><\/p>","protected":false},"excerpt":{"rendered":"<p>Am Dienstag, 12. April 2022, wurde bei Ramseier Suisse AG in Sursee eine neue Getr\u00e4nkeabf\u00fclllinie in Betrieb genommen. Die Gesamtkosten f\u00fcr diese Anlage betrugen nach Angaben des Unternehmens 19 Millionen Franken. Im Rahmen der offiziellen Inbetriebnahme wurde die Neuheit RAMSEIER\u2019s Huus-Tee Schweizer Fr\u00fcchte abgef\u00fcllt. Mit dieser neuen PET-Weithalsabf\u00fclllinie ist es dem landesweit bekannten Getr\u00e4nkehersteller nun [\u2026]<\/p>\n","protected":false},"author":8,"featured_media":0,"comment_status":"closed","ping_status":"closed","sticky":false,"template":"","format":"standard","meta":{"_acf_changed":false,"_yoast_wpseo_focuskw":"Getr\u00e4nke","_yoast_wpseo_metadesc":"Eine moderne PET-Abf\u00fclllinie f\u00fcr Getr\u00e4nke in Weithalsflaschen l\u00f6st bei Ramseier Suisse AG die bestehende Anlage in Sursee (LU) ab und ist eine nachhaltige Investition in die Zukunft des Unternehmens. Dank modernster Technologie k\u00f6nnen unter anderem der Wasser- und Dampfverbrauch sowie der Einsatz an Reinigungsmitteln deutlich reduziert werden.","articlekey":"","footnotes":""},"categories":[582],"tags":[2884,2818,3199],"class_list":["post-12617","post","type-post","status-publish","format-standard","hentry","category-operational-excellence","tag-getraenke","tag-getraenkeindustrie","tag-zukunft"],"acf":[],"yoast_head":"<!-- This site is optimized with the Yoast SEO plugin v27.4 - https:\/\/yoast.com\/product\/yoast-seo-wordpress\/ -->\n<title>Neue Getr\u00e4nkeabf\u00fclllinie f\u00fcr eine nachhaltige Zukunft - Organisator<\/title>\n<meta name=\"description\" content=\"Eine moderne PET-Abf\u00fclllinie f\u00fcr Getr\u00e4nke in Weithalsflaschen l\u00f6st bei Ramseier Suisse AG die bestehende Anlage in Sursee (LU) ab und ist eine nachhaltige Investition in die Zukunft des Unternehmens. Dank modernster Technologie k\u00f6nnen unter anderem der Wasser- und Dampfverbrauch sowie der Einsatz an Reinigungsmitteln deutlich reduziert werden.\" \/>\n<meta name=\"robots\" content=\"index, follow, max-snippet:-1, max-image-preview:large, max-video-preview:-1\" \/>\n<link rel=\"canonical\" href=\"https:\/\/www.m-q.ch\/de\/neue-getraenkeabfuelllinie-fuer-eine-nachhaltige-zukunft\/\" \/>\n<meta property=\"og:locale\" content=\"de_DE\" \/>\n<meta property=\"og:type\" content=\"article\" \/>\n<meta property=\"og:title\" content=\"Neue Getr\u00e4nkeabf\u00fclllinie f\u00fcr eine nachhaltige Zukunft - Organisator\" \/>\n<meta property=\"og:description\" content=\"Eine moderne PET-Abf\u00fclllinie f\u00fcr Getr\u00e4nke in Weithalsflaschen l\u00f6st bei Ramseier Suisse AG die bestehende Anlage in Sursee (LU) ab und ist eine nachhaltige Investition in die Zukunft des Unternehmens. Dank modernster Technologie k\u00f6nnen unter anderem der Wasser- und Dampfverbrauch sowie der Einsatz an Reinigungsmitteln deutlich reduziert werden.\" \/>\n<meta property=\"og:url\" content=\"https:\/\/www.m-q.ch\/de\/neue-getraenkeabfuelllinie-fuer-eine-nachhaltige-zukunft\/\" \/>\n<meta property=\"og:site_name\" content=\"Organisator\" \/>\n<meta property=\"article:publisher\" content=\"https:\/\/www.facebook.com\/OrganisatorFachmagazin\" \/>\n<meta property=\"article:published_time\" content=\"2022-04-20T11:44:15+00:00\" \/>\n<meta property=\"article:modified_time\" content=\"2022-07-30T13:13:26+00:00\" \/>\n<meta property=\"og:image\" content=\"https:\/\/www.m-q.ch\/wp-content\/uploads\/2022\/04\/Neue-Getraenkeabfuelllinie-fuer-eine-nachhaltige-Zukunft-1_MQi.jpg\" \/>\n<meta name=\"author\" content=\"galledia\" \/>\n<meta name=\"twitter:card\" content=\"summary_large_image\" \/>\n<meta name=\"twitter:creator\" content=\"@admin\" \/>\n<script type=\"application\/ld+json\" class=\"yoast-schema-graph\">{\"@context\":\"https:\\\/\\\/schema.org\",\"@graph\":[{\"@type\":\"Article\",\"@id\":\"https:\\\/\\\/www.m-q.ch\\\/de\\\/neue-getraenkeabfuelllinie-fuer-eine-nachhaltige-zukunft\\\/#article\",\"isPartOf\":{\"@id\":\"https:\\\/\\\/www.organisator.ch\\\/operational-excellence\\\/2022-04-20\\\/neue-getraenkeabfuelllinie-fuer-eine-nachhaltige-zukunft\\\/\"},\"author\":{\"name\":\"galledia\",\"@id\":\"https:\\\/\\\/www.organisator.ch\\\/#\\\/schema\\\/person\\\/4e51799071cd2dd1232ac003643ef5f0\"},\"headline\":\"Neue Getr\u00e4nkeabf\u00fclllinie f\u00fcr eine nachhaltige Zukunft\",\"datePublished\":\"2022-04-20T11:44:15+00:00\",\"dateModified\":\"2022-07-30T13:13:26+00:00\",\"mainEntityOfPage\":{\"@id\":\"https:\\\/\\\/www.organisator.ch\\\/operational-excellence\\\/2022-04-20\\\/neue-getraenkeabfuelllinie-fuer-eine-nachhaltige-zukunft\\\/\"},\"wordCount\":290,\"publisher\":{\"@id\":\"https:\\\/\\\/www.organisator.ch\\\/#organization\"},\"image\":{\"@id\":\"https:\\\/\\\/www.m-q.ch\\\/de\\\/neue-getraenkeabfuelllinie-fuer-eine-nachhaltige-zukunft\\\/#primaryimage\"},\"thumbnailUrl\":\"https:\\\/\\\/www.m-q.ch\\\/wp-content\\\/uploads\\\/2022\\\/04\\\/Neue-Getraenkeabfuelllinie-fuer-eine-nachhaltige-Zukunft-1_MQi.jpg\",\"keywords\":[\"Getr\u00e4nke\",\"Getr\u00e4nkeindustrie\",\"Zukunft\"],\"articleSection\":[\"OPERATIONAL EXCELLENCE\"],\"inLanguage\":\"de\"},{\"@type\":\"WebPage\",\"@id\":\"https:\\\/\\\/www.organisator.ch\\\/operational-excellence\\\/2022-04-20\\\/neue-getraenkeabfuelllinie-fuer-eine-nachhaltige-zukunft\\\/\",\"url\":\"https:\\\/\\\/www.m-q.ch\\\/de\\\/neue-getraenkeabfuelllinie-fuer-eine-nachhaltige-zukunft\\\/\",\"name\":\"Neue Getr\u00e4nkeabf\u00fclllinie f\u00fcr eine nachhaltige Zukunft - Organisator\",\"isPartOf\":{\"@id\":\"https:\\\/\\\/www.organisator.ch\\\/#website\"},\"primaryImageOfPage\":{\"@id\":\"https:\\\/\\\/www.m-q.ch\\\/de\\\/neue-getraenkeabfuelllinie-fuer-eine-nachhaltige-zukunft\\\/#primaryimage\"},\"image\":{\"@id\":\"https:\\\/\\\/www.m-q.ch\\\/de\\\/neue-getraenkeabfuelllinie-fuer-eine-nachhaltige-zukunft\\\/#primaryimage\"},\"thumbnailUrl\":\"https:\\\/\\\/www.m-q.ch\\\/wp-content\\\/uploads\\\/2022\\\/04\\\/Neue-Getraenkeabfuelllinie-fuer-eine-nachhaltige-Zukunft-1_MQi.jpg\",\"datePublished\":\"2022-04-20T11:44:15+00:00\",\"dateModified\":\"2022-07-30T13:13:26+00:00\",\"description\":\"Eine moderne PET-Abf\u00fclllinie f\u00fcr Getr\u00e4nke in Weithalsflaschen l\u00f6st bei Ramseier Suisse AG die bestehende Anlage in Sursee (LU) ab und ist eine nachhaltige Investition in die Zukunft des Unternehmens. Dank modernster Technologie k\u00f6nnen unter anderem der Wasser- und Dampfverbrauch sowie der Einsatz an Reinigungsmitteln deutlich reduziert werden.\",\"breadcrumb\":{\"@id\":\"https:\\\/\\\/www.m-q.ch\\\/de\\\/neue-getraenkeabfuelllinie-fuer-eine-nachhaltige-zukunft\\\/#breadcrumb\"},\"inLanguage\":\"de\",\"potentialAction\":[{\"@type\":\"ReadAction\",\"target\":[\"https:\\\/\\\/www.m-q.ch\\\/de\\\/neue-getraenkeabfuelllinie-fuer-eine-nachhaltige-zukunft\\\/\"]}]},{\"@type\":\"ImageObject\",\"inLanguage\":\"de\",\"@id\":\"https:\\\/\\\/www.m-q.ch\\\/de\\\/neue-getraenkeabfuelllinie-fuer-eine-nachhaltige-zukunft\\\/#primaryimage\",\"url\":\"https:\\\/\\\/www.m-q.ch\\\/wp-content\\\/uploads\\\/2022\\\/04\\\/Neue-Getraenkeabfuelllinie-fuer-eine-nachhaltige-Zukunft-1_MQi.jpg\",\"contentUrl\":\"https:\\\/\\\/www.m-q.ch\\\/wp-content\\\/uploads\\\/2022\\\/04\\\/Neue-Getraenkeabfuelllinie-fuer-eine-nachhaltige-Zukunft-1_MQi.jpg\"},{\"@type\":\"BreadcrumbList\",\"@id\":\"https:\\\/\\\/www.m-q.ch\\\/de\\\/neue-getraenkeabfuelllinie-fuer-eine-nachhaltige-zukunft\\\/#breadcrumb\",\"itemListElement\":[{\"@type\":\"ListItem\",\"position\":1,\"name\":\"Home\",\"item\":\"https:\\\/\\\/www.organisator.ch\\\/\"},{\"@type\":\"ListItem\",\"position\":2,\"name\":\"Neue Getr\u00e4nkeabf\u00fclllinie f\u00fcr eine nachhaltige Zukunft\"}]},{\"@type\":\"WebSite\",\"@id\":\"https:\\\/\\\/www.organisator.ch\\\/#website\",\"url\":\"https:\\\/\\\/www.organisator.ch\\\/\",\"name\":\"Organisator\",\"description\":\"Kompetent. Praxisnah. Der ORGANISATOR bereitet in 10 Ausgaben pro Jahr die wesentlichen Themen f\u00fcr F\u00fchrungskr\u00e4fte von KMU auf.\",\"publisher\":{\"@id\":\"https:\\\/\\\/www.organisator.ch\\\/#organization\"},\"potentialAction\":[{\"@type\":\"SearchAction\",\"target\":{\"@type\":\"EntryPoint\",\"urlTemplate\":\"https:\\\/\\\/www.organisator.ch\\\/?s={search_term_string}\"},\"query-input\":{\"@type\":\"PropertyValueSpecification\",\"valueRequired\":true,\"valueName\":\"search_term_string\"}}],\"inLanguage\":\"de\"},{\"@type\":\"Organization\",\"@id\":\"https:\\\/\\\/www.organisator.ch\\\/#organization\",\"name\":\"Organisator\",\"url\":\"https:\\\/\\\/www.organisator.ch\\\/\",\"logo\":{\"@type\":\"ImageObject\",\"inLanguage\":\"de\",\"@id\":\"https:\\\/\\\/www.organisator.ch\\\/#\\\/schema\\\/logo\\\/image\\\/\",\"url\":\"https:\\\/\\\/www.organisator.ch\\\/wp-content\\\/uploads\\\/2022\\\/01\\\/Logo_Organisator_Website.png\",\"contentUrl\":\"https:\\\/\\\/www.organisator.ch\\\/wp-content\\\/uploads\\\/2022\\\/01\\\/Logo_Organisator_Website.png\",\"width\":800,\"height\":77,\"caption\":\"Organisator\"},\"image\":{\"@id\":\"https:\\\/\\\/www.organisator.ch\\\/#\\\/schema\\\/logo\\\/image\\\/\"},\"sameAs\":[\"https:\\\/\\\/www.facebook.com\\\/OrganisatorFachmagazin\",\"https:\\\/\\\/www.linkedin.com\\\/showcase\\\/organisator-das-magazin-fr-kmu\",\"https:\\\/\\\/www.xing.com\\\/news\\\/pages\\\/organisator-ch-695\",\"https:\\\/\\\/www.youtube.com\\\/channel\\\/UCGP2Sq0iWaZwT3BdIAQFYpw\"]},{\"@type\":\"Person\",\"@id\":\"https:\\\/\\\/www.organisator.ch\\\/#\\\/schema\\\/person\\\/4e51799071cd2dd1232ac003643ef5f0\",\"name\":\"galledia\",\"image\":{\"@type\":\"ImageObject\",\"inLanguage\":\"de\",\"@id\":\"https:\\\/\\\/secure.gravatar.com\\\/avatar\\\/78a7f90c01fc2bfc875782a0d4922b37cde2cf184ce347b91316d23cd7f69a36?s=96&d=mm&r=g\",\"url\":\"https:\\\/\\\/secure.gravatar.com\\\/avatar\\\/78a7f90c01fc2bfc875782a0d4922b37cde2cf184ce347b91316d23cd7f69a36?s=96&d=mm&r=g\",\"contentUrl\":\"https:\\\/\\\/secure.gravatar.com\\\/avatar\\\/78a7f90c01fc2bfc875782a0d4922b37cde2cf184ce347b91316d23cd7f69a36?s=96&d=mm&r=g\",\"caption\":\"galledia\"},\"sameAs\":[\"https:\\\/\\\/x.com\\\/admin\"],\"url\":\"https:\\\/\\\/www.organisator.ch\\\/de\\\/author\\\/galledia\\\/\"}]}<\/script>\n<!-- \/ Yoast SEO plugin. -->","yoast_head_json":{"title":"Neue Getr\u00e4nkeabf\u00fclllinie f\u00fcr eine nachhaltige Zukunft - Organisator","description":"Eine moderne PET-Abf\u00fclllinie f\u00fcr Getr\u00e4nke in Weithalsflaschen l\u00f6st bei Ramseier Suisse AG die bestehende Anlage in Sursee (LU) ab und ist eine nachhaltige Investition in die Zukunft des Unternehmens. Dank modernster Technologie k\u00f6nnen unter anderem der Wasser- und Dampfverbrauch sowie der Einsatz an Reinigungsmitteln deutlich reduziert werden.","robots":{"index":"index","follow":"follow","max-snippet":"max-snippet:-1","max-image-preview":"max-image-preview:large","max-video-preview":"max-video-preview:-1"},"canonical":"https:\/\/www.m-q.ch\/de\/neue-getraenkeabfuelllinie-fuer-eine-nachhaltige-zukunft\/","og_locale":"de_DE","og_type":"article","og_title":"Neue Getr\u00e4nkeabf\u00fclllinie f\u00fcr eine nachhaltige Zukunft - Organisator","og_description":"Eine moderne PET-Abf\u00fclllinie f\u00fcr Getr\u00e4nke in Weithalsflaschen l\u00f6st bei Ramseier Suisse AG die bestehende Anlage in Sursee (LU) ab und ist eine nachhaltige Investition in die Zukunft des Unternehmens. Dank modernster Technologie k\u00f6nnen unter anderem der Wasser- und Dampfverbrauch sowie der Einsatz an Reinigungsmitteln deutlich reduziert werden.","og_url":"https:\/\/www.m-q.ch\/de\/neue-getraenkeabfuelllinie-fuer-eine-nachhaltige-zukunft\/","og_site_name":"Organisator","article_publisher":"https:\/\/www.facebook.com\/OrganisatorFachmagazin","article_published_time":"2022-04-20T11:44:15+00:00","article_modified_time":"2022-07-30T13:13:26+00:00","og_image":[{"url":"https:\/\/www.m-q.ch\/wp-content\/uploads\/2022\/04\/Neue-Getraenkeabfuelllinie-fuer-eine-nachhaltige-Zukunft-1_MQi.jpg","type":"","width":"","height":""}],"author":"galledia","twitter_card":"summary_large_image","twitter_creator":"@admin","schema":{"@context":"https:\/\/schema.org","@graph":[{"@type":"Article","@id":"https:\/\/www.m-q.ch\/de\/neue-getraenkeabfuelllinie-fuer-eine-nachhaltige-zukunft\/#article","isPartOf":{"@id":"https:\/\/www.organisator.ch\/operational-excellence\/2022-04-20\/neue-getraenkeabfuelllinie-fuer-eine-nachhaltige-zukunft\/"},"author":{"name":"galledia","@id":"https:\/\/www.organisator.ch\/#\/schema\/person\/4e51799071cd2dd1232ac003643ef5f0"},"headline":"Neue Getr\u00e4nkeabf\u00fclllinie f\u00fcr eine nachhaltige Zukunft","datePublished":"2022-04-20T11:44:15+00:00","dateModified":"2022-07-30T13:13:26+00:00","mainEntityOfPage":{"@id":"https:\/\/www.organisator.ch\/operational-excellence\/2022-04-20\/neue-getraenkeabfuelllinie-fuer-eine-nachhaltige-zukunft\/"},"wordCount":290,"publisher":{"@id":"https:\/\/www.organisator.ch\/#organization"},"image":{"@id":"https:\/\/www.m-q.ch\/de\/neue-getraenkeabfuelllinie-fuer-eine-nachhaltige-zukunft\/#primaryimage"},"thumbnailUrl":"https:\/\/www.m-q.ch\/wp-content\/uploads\/2022\/04\/Neue-Getraenkeabfuelllinie-fuer-eine-nachhaltige-Zukunft-1_MQi.jpg","keywords":["Getr\u00e4nke","Getr\u00e4nkeindustrie","Zukunft"],"articleSection":["OPERATIONAL EXCELLENCE"],"inLanguage":"de"},{"@type":"WebPage","@id":"https:\/\/www.organisator.ch\/operational-excellence\/2022-04-20\/neue-getraenkeabfuelllinie-fuer-eine-nachhaltige-zukunft\/","url":"https:\/\/www.m-q.ch\/de\/neue-getraenkeabfuelllinie-fuer-eine-nachhaltige-zukunft\/","name":"Neue Getr\u00e4nkeabf\u00fclllinie f\u00fcr eine nachhaltige Zukunft - Organisator","isPartOf":{"@id":"https:\/\/www.organisator.ch\/#website"},"primaryImageOfPage":{"@id":"https:\/\/www.m-q.ch\/de\/neue-getraenkeabfuelllinie-fuer-eine-nachhaltige-zukunft\/#primaryimage"},"image":{"@id":"https:\/\/www.m-q.ch\/de\/neue-getraenkeabfuelllinie-fuer-eine-nachhaltige-zukunft\/#primaryimage"},"thumbnailUrl":"https:\/\/www.m-q.ch\/wp-content\/uploads\/2022\/04\/Neue-Getraenkeabfuelllinie-fuer-eine-nachhaltige-Zukunft-1_MQi.jpg","datePublished":"2022-04-20T11:44:15+00:00","dateModified":"2022-07-30T13:13:26+00:00","description":"Eine moderne PET-Abf\u00fclllinie f\u00fcr Getr\u00e4nke in Weithalsflaschen l\u00f6st bei Ramseier Suisse AG die bestehende Anlage in Sursee (LU) ab und ist eine nachhaltige Investition in die Zukunft des Unternehmens. Dank modernster Technologie k\u00f6nnen unter anderem der Wasser- und Dampfverbrauch sowie der Einsatz an Reinigungsmitteln deutlich reduziert werden.","breadcrumb":{"@id":"https:\/\/www.m-q.ch\/de\/neue-getraenkeabfuelllinie-fuer-eine-nachhaltige-zukunft\/#breadcrumb"},"inLanguage":"de","potentialAction":[{"@type":"ReadAction","target":["https:\/\/www.m-q.ch\/de\/neue-getraenkeabfuelllinie-fuer-eine-nachhaltige-zukunft\/"]}]},{"@type":"ImageObject","inLanguage":"de","@id":"https:\/\/www.m-q.ch\/de\/neue-getraenkeabfuelllinie-fuer-eine-nachhaltige-zukunft\/#primaryimage","url":"https:\/\/www.m-q.ch\/wp-content\/uploads\/2022\/04\/Neue-Getraenkeabfuelllinie-fuer-eine-nachhaltige-Zukunft-1_MQi.jpg","contentUrl":"https:\/\/www.m-q.ch\/wp-content\/uploads\/2022\/04\/Neue-Getraenkeabfuelllinie-fuer-eine-nachhaltige-Zukunft-1_MQi.jpg"},{"@type":"BreadcrumbList","@id":"https:\/\/www.m-q.ch\/de\/neue-getraenkeabfuelllinie-fuer-eine-nachhaltige-zukunft\/#breadcrumb","itemListElement":[{"@type":"ListItem","position":1,"name":"Home","item":"https:\/\/www.organisator.ch\/"},{"@type":"ListItem","position":2,"name":"Neue Getr\u00e4nkeabf\u00fclllinie f\u00fcr eine nachhaltige Zukunft"}]},{"@type":"WebSite","@id":"https:\/\/www.organisator.ch\/#website","url":"https:\/\/www.organisator.ch\/","name":"Organisator","description":"Kompetent. Praxisnah. Der ORGANISATOR bereitet in 10 Ausgaben pro Jahr die wesentlichen Themen f\u00fcr F\u00fchrungskr\u00e4fte von KMU auf.","publisher":{"@id":"https:\/\/www.organisator.ch\/#organization"},"potentialAction":[{"@type":"SearchAction","target":{"@type":"EntryPoint","urlTemplate":"https:\/\/www.organisator.ch\/?s={search_term_string}"},"query-input":{"@type":"PropertyValueSpecification","valueRequired":true,"valueName":"search_term_string"}}],"inLanguage":"de"},{"@type":"Organization","@id":"https:\/\/www.organisator.ch\/#organization","name":"Organisator","url":"https:\/\/www.organisator.ch\/","logo":{"@type":"ImageObject","inLanguage":"de","@id":"https:\/\/www.organisator.ch\/#\/schema\/logo\/image\/","url":"https:\/\/www.organisator.ch\/wp-content\/uploads\/2022\/01\/Logo_Organisator_Website.png","contentUrl":"https:\/\/www.organisator.ch\/wp-content\/uploads\/2022\/01\/Logo_Organisator_Website.png","width":800,"height":77,"caption":"Organisator"},"image":{"@id":"https:\/\/www.organisator.ch\/#\/schema\/logo\/image\/"},"sameAs":["https:\/\/www.facebook.com\/OrganisatorFachmagazin","https:\/\/www.linkedin.com\/showcase\/organisator-das-magazin-fr-kmu","https:\/\/www.xing.com\/news\/pages\/organisator-ch-695","https:\/\/www.youtube.com\/channel\/UCGP2Sq0iWaZwT3BdIAQFYpw"]},{"@type":"Person","@id":"https:\/\/www.organisator.ch\/#\/schema\/person\/4e51799071cd2dd1232ac003643ef5f0","name":"galledia","image":{"@type":"ImageObject","inLanguage":"de","@id":"https:\/\/secure.gravatar.com\/avatar\/78a7f90c01fc2bfc875782a0d4922b37cde2cf184ce347b91316d23cd7f69a36?s=96&d=mm&r=g","url":"https:\/\/secure.gravatar.com\/avatar\/78a7f90c01fc2bfc875782a0d4922b37cde2cf184ce347b91316d23cd7f69a36?s=96&d=mm&r=g","contentUrl":"https:\/\/secure.gravatar.com\/avatar\/78a7f90c01fc2bfc875782a0d4922b37cde2cf184ce347b91316d23cd7f69a36?s=96&d=mm&r=g","caption":"galledia"},"sameAs":["https:\/\/x.com\/admin"],"url":"https:\/\/www.organisator.ch\/de\/author\/galledia\/"}]}},"_links":{"self":[{"href":"https:\/\/www.organisator.ch\/de\/wp-json\/wp\/v2\/posts\/12617","targetHints":{"allow":["GET"]}}],"collection":[{"href":"https:\/\/www.organisator.ch\/de\/wp-json\/wp\/v2\/posts"}],"about":[{"href":"https:\/\/www.organisator.ch\/de\/wp-json\/wp\/v2\/types\/post"}],"author":[{"embeddable":true,"href":"https:\/\/www.organisator.ch\/de\/wp-json\/wp\/v2\/users\/8"}],"replies":[{"embeddable":true,"href":"https:\/\/www.organisator.ch\/de\/wp-json\/wp\/v2\/comments?post=12617"}],"version-history":[{"count":4,"href":"https:\/\/www.organisator.ch\/de\/wp-json\/wp\/v2\/posts\/12617\/revisions"}],"predecessor-version":[{"id":15996,"href":"https:\/\/www.organisator.ch\/de\/wp-json\/wp\/v2\/posts\/12617\/revisions\/15996"}],"wp:attachment":[{"href":"https:\/\/www.organisator.ch\/de\/wp-json\/wp\/v2\/media?parent=12617"}],"wp:term":[{"taxonomy":"category","embeddable":true,"href":"https:\/\/www.organisator.ch\/de\/wp-json\/wp\/v2\/categories?post=12617"},{"taxonomy":"post_tag","embeddable":true,"href":"https:\/\/www.organisator.ch\/de\/wp-json\/wp\/v2\/tags?post=12617"}],"curies":[{"name":"wp","href":"https:\/\/api.w.org\/{rel}","templated":true}]}}