{"id":12625,"date":"2022-04-21T05:34:56","date_gmt":"2022-04-21T03:34:56","guid":{"rendered":"https:\/\/www.organisator.ch\/?p=12625"},"modified":"2022-04-21T05:34:56","modified_gmt":"2022-04-21T03:34:56","slug":"trotz-krisenzeit-nachhaltigkeit-gewinnt-bei-kmu-an-bedeutung","status":"publish","type":"post","link":"https:\/\/www.organisator.ch\/de\/allgemein\/2022-04-21\/trotz-krisenzeit-nachhaltigkeit-gewinnt-bei-kmu-an-bedeutung\/","title":{"rendered":"Trotz Krisenzeit: Nachhaltigkeit gewinnt bei KMU an Bedeutung"},"content":{"rendered":"<figure id=\"attachment_12626\" aria-describedby=\"caption-attachment-12626\" style=\"width: 680px\" class=\"wp-caption alignnone\"><img loading=\"lazy\" class=\"size-full wp-image-12626\" src=\"https:\/\/www.organisator.ch\/wp-content\/uploads\/2022\/04\/Trotz-Krisenzeit-Nachhaltigkeit-gewinnt-bei-KMU-an-Bedeutung-1_Organisator.jpg\" alt=\"\" width=\"680\" height=\"370\" srcset=\"https:\/\/www.organisator.ch\/wp-content\/uploads\/2022\/04\/Trotz-Krisenzeit-Nachhaltigkeit-gewinnt-bei-KMU-an-Bedeutung-1_Organisator.jpg 680w, https:\/\/www.organisator.ch\/wp-content\/uploads\/2022\/04\/Trotz-Krisenzeit-Nachhaltigkeit-gewinnt-bei-KMU-an-Bedeutung-1_Organisator-18x10.jpg 18w, https:\/\/www.organisator.ch\/wp-content\/uploads\/2022\/04\/Trotz-Krisenzeit-Nachhaltigkeit-gewinnt-bei-KMU-an-Bedeutung-1_Organisator-322x175.jpg 322w, https:\/\/www.organisator.ch\/wp-content\/uploads\/2022\/04\/Trotz-Krisenzeit-Nachhaltigkeit-gewinnt-bei-KMU-an-Bedeutung-1_Organisator-643x350.jpg 643w, https:\/\/www.organisator.ch\/wp-content\/uploads\/2022\/04\/Trotz-Krisenzeit-Nachhaltigkeit-gewinnt-bei-KMU-an-Bedeutung-1_Organisator-300x163.jpg 300w\" sizes=\"(max-width: 680px) 100vw, 680px\" \/><figcaption id=\"caption-attachment-12626\" class=\"wp-caption-text\">Trotz oder wegen der aktuellen Krisenzeit setzen KMU beispielsweise verst\u00e4rkt auf umweltfreundlichere Mobilit\u00e4t. (Bild: Unsplash.com)<\/figcaption><\/figure>\n<p>Die aktuelle Krisenzeit scheint begonnene Trends nicht zu bremsen: Mehr als zwei Drittel aller Unternehmen (69 Prozent) haben laut einer k\u00fcrzlich durch den B2B-Plattform-Betreiber Visable in Auftrag gegebenen Umfrage in den letzten zw\u00f6lf Monaten Umwelt- und Klimainitiativen umgesetzt. Bei den Massnahmen setzt sich vor allem das digitale Office immer st\u00e4rker durch, sicher beschleunigt durch die Notwendigkeiten der Corona-Pandemie. Fast ein Drittel (29%) der befragten KMUS haben in den letzten zw\u00f6lf Monaten vermehrt auf Home-Office gesetzt. 26 Prozent der Unternehmen haben auf papierlose Prozesse umgestellt. Rund ein Viertel der Unternehmen (23%) haben ihre Meetings bevorzugt online durchgef\u00fchrt und ein F\u00fcnftel haben ihre Dienstreisen reduziert.<\/p>\n<h3><strong>Trotz oder wegen Krisenzeit: Mehr umweltfreundliche Mobilit\u00e4t<\/strong><\/h3>\n<p>Es gibt auch Massnahmen, die wohl v\u00f6llig unabh\u00e4ngig von der Pandemie vollzogen wurden. So haben 16 Prozent der KMU die umweltfreundliche Mobilit\u00e4t der Mitarbeitenden gef\u00f6rdert und 12 Prozent haben neu Elektrofahrzeuge eingesetzt. Immerhin 11 Prozent haben ihre Energieversorgung auf erneuerbare Quellen umgestellt.<\/p>\n<p>Das Ergebnis der Umfrage erstaunt. Hatten Schweizer KMU doch seit einiger Zeit mit vielen anderen Herausforderungen zu k\u00e4mpfen. \u00abDie aktuellen Krisen stellen Unternehmen auf unterschiedlichsten Feldern vor enorme Probleme: Massiv steigende Energiekosten und unterbrochene Lieferketten sind nur zwei Beispiele\u00bb, sagt Visable-CEO Peter F. Schmid. \u00abTrotzdem verliert das Thema Nachhaltigkeit dadurch nicht an Bedeutung \u2013 ganz im Gegenteil: Gerade eine Krisenzeit zeigt den Unternehmen, dass nur nachhaltiges und vorausschauendes Wirtschaften in allen Bereichen ihre Betriebe zukunftssicher macht\u00bb, erkl\u00e4rt Peter F. Schmid.<\/p>\n<figure id=\"attachment_12627\" aria-describedby=\"caption-attachment-12627\" style=\"width: 680px\" class=\"wp-caption alignnone\"><img loading=\"lazy\" class=\"size-full wp-image-12627\" src=\"https:\/\/www.organisator.ch\/wp-content\/uploads\/2022\/04\/Trotz-Krisenzeit-Nachhaltigkeit-gewinnt-bei-KMU-an-Bedeutung-2_Organisator.png\" alt=\"\" width=\"680\" height=\"453\" srcset=\"https:\/\/www.organisator.ch\/wp-content\/uploads\/2022\/04\/Trotz-Krisenzeit-Nachhaltigkeit-gewinnt-bei-KMU-an-Bedeutung-2_Organisator.png 680w, https:\/\/www.organisator.ch\/wp-content\/uploads\/2022\/04\/Trotz-Krisenzeit-Nachhaltigkeit-gewinnt-bei-KMU-an-Bedeutung-2_Organisator-18x12.png 18w, https:\/\/www.organisator.ch\/wp-content\/uploads\/2022\/04\/Trotz-Krisenzeit-Nachhaltigkeit-gewinnt-bei-KMU-an-Bedeutung-2_Organisator-263x175.png 263w, https:\/\/www.organisator.ch\/wp-content\/uploads\/2022\/04\/Trotz-Krisenzeit-Nachhaltigkeit-gewinnt-bei-KMU-an-Bedeutung-2_Organisator-525x350.png 525w, https:\/\/www.organisator.ch\/wp-content\/uploads\/2022\/04\/Trotz-Krisenzeit-Nachhaltigkeit-gewinnt-bei-KMU-an-Bedeutung-2_Organisator-300x200.png 300w\" sizes=\"(max-width: 680px) 100vw, 680px\" \/><figcaption id=\"caption-attachment-12627\" class=\"wp-caption-text\">Quelle: Visable<\/figcaption><\/figure>\n<p>Die Umfrage wurde durch das Marktforschungsinstitut YouGov im Zeitraum vom 5. bis 10. April 2022 220 unter Entscheidern aus kleinen und mittleren Schweizer Unternehmen durchgef\u00fchrt. Die Umfrage fand aus Anlass der \u00abLeaders for Climate Action Week\u00bb statt. Visable unterst\u00fctzt die Organisation \u00abLeaders for Climate Action (<a href=\"https:\/\/lfca.earth\/de_de\/\">LFCA<\/a>)\u00bb bei ihrem Ziel, in der Aktionswoche vom 18. bis 24. April 2022 insgesamt 100 Millionen Menschen mit Informationen zum Thema Klimaschutz zu erreichen.<\/p>\n<h3><strong>Remote Work verliert nach Pandemie an Bedeutung<\/strong><\/h3>\n<p>Mit dem erwarteten Abflauen der Pandemie scheint auch der Elan bei der Umsetzung von Massnahmen im Bereich Remote Work abzuflachen: F\u00fcr die n\u00e4chsten zw\u00f6lf Monate hat ein deutlich geringerer Anteil der Befragten entsprechende Massnahmen geplant. Doch trotz der bereits jetzt durch zwei Jahre Pandemie radikal ver\u00e4nderten Arbeitssituation wollen immerhin 14 Prozent die Arbeit im Home-Office noch weiter ausbauen. 13 Prozent wollen noch mehr auf Online-Meetings umstellen und 12 Prozent wollen Dienstreisen abbauen. Anderen Massnahmen wie die F\u00f6rderung der umweltfreundlichen Mobilit\u00e4t (14%), die Umstellung auf Elektrofahrzeuge (9%) und die Umstellung der Energieversorgung auf erneuerbare Quellen (10%) bleiben f\u00fcr die n\u00e4chsten 12 Monate in ihrer Bedeutung einigermassen unver\u00e4ndert.<\/p>\n<h3><strong>\u00c4hnliche Tendenzen im internationalen Vergleich<\/strong><\/h3>\n<p>Die Online-Befragung wurde neben der Schweiz auch in Deutschland (508 Teilnehmer), \u00d6sterreich (220 Teilnehmer) und Frankreich (530 Teilnehmer) durchgef\u00fchrt. Der L\u00e4ndervergleich zeigt, dass die Relevanz nachhaltigen Wirtschaftens durch die aktuellen Krisen nicht nur ungebrochen ist, sondern in Teilen sogar (deutlich) zunimmt: Der Stellenwert von Nachhaltigkeit hat bei 41 Prozent der befragten deutschen KMUs deutlich oder etwas zugenommen. In \u00d6sterreich ist dies bei 49 Prozent der KMUs der Fall. In Frankreich sind es immerhin 36 Prozent.<\/p>\n<p>Peter F. Schmid dazu: \u00abEs freut mich zu sehen, dass das Thema in unseren Kernm\u00e4rkten weiter an Bedeutung gewinnt. Um diese Entwicklung zu f\u00f6rdern, ist es mir pers\u00f6nlich wichtig, das Bewusstsein f\u00fcr klimafreundlicheres unternehmerisches Handeln zu sch\u00e4rfen und nat\u00fcrlich auch im eigenen Unternehmen umzusetzen. Deswegen engagiere ich mich bei den Leaders for Climate Action und wir unterst\u00fctzen die Leaders for Climate Week als Unternehmen.\u00bb<\/p>\n<p><em>Quelle: <a href=\"http:\/\/www.visable.com\/\">Visable<\/a><\/em><\/p>\n<p>The post <a rel=\"nofollow\" href=\"https:\/\/www.organisator.ch\/de\/sustainability\/2022-04-21\/trotz-krisenzeit-nachhaltigkeit-gewinnt-bei-kmu-an-bedeutung\/\">Trotz Krisenzeit: Nachhaltigkeit gewinnt bei KMU an Bedeutung<\/a> appeared first on <a rel=\"nofollow\" href=\"https:\/\/www.organisator.ch\/de\">Organisator<\/a>.<\/p>\n","protected":false},"excerpt":{"rendered":"<p>Die aktuelle Krisenzeit scheint begonnene Trends nicht zu bremsen: Mehr als zwei Drittel aller Unternehmen (69 Prozent) haben laut einer k\u00fcrzlich durch den B2B-Plattform-Betreiber Visable in Auftrag gegebenen Umfrage in den letzten zw\u00f6lf Monaten Umwelt- und Klimainitiativen umgesetzt. Bei den Massnahmen setzt sich vor allem das digitale Office immer st\u00e4rker durch, sicher beschleunigt durch die [\u2026]<\/p>\n<p>The post <a rel=\"nofollow\" href=\"https:\/\/www.organisator.ch\/de\/sustainability\/2022-04-21\/trotz-krisenzeit-nachhaltigkeit-gewinnt-bei-kmu-an-bedeutung\/\">Trotz Krisenzeit: Nachhaltigkeit gewinnt bei KMU an Bedeutung<\/a> appeared first on <a rel=\"nofollow\" href=\"https:\/\/www.organisator.ch\/de\">Organisator<\/a>.<\/p>\n","protected":false},"author":4,"featured_media":12626,"comment_status":"closed","ping_status":"closed","sticky":false,"template":"","format":"standard","meta":{"_acf_changed":false,"_yoast_wpseo_focuskw":"Krisenzeit","_yoast_wpseo_metadesc":"Bei 46 Prozent von Schweizer KMU hat der Stellenwert von Nachhaltigkeit trotz Krisenzeit deutlich (18%) oder etwas (28%) zugenommen.","articlekey":"","footnotes":""},"categories":[],"tags":[],"class_list":["post-12625","post","type-post","status-publish","format-standard","has-post-thumbnail","hentry"],"acf":[],"yoast_head":"<!-- This site is optimized with the Yoast SEO plugin v27.5 - https:\/\/yoast.com\/product\/yoast-seo-wordpress\/ -->\n<title>Trotz Krisenzeit: Nachhaltigkeit gewinnt bei KMU an Bedeutung - Organisator<\/title>\n<meta name=\"description\" content=\"Bei 46 Prozent von Schweizer KMU hat der Stellenwert von Nachhaltigkeit trotz Krisenzeit deutlich (18%) oder etwas (28%) zugenommen.\" \/>\n<meta name=\"robots\" content=\"index, follow, max-snippet:-1, max-image-preview:large, max-video-preview:-1\" \/>\n<link rel=\"canonical\" href=\"https:\/\/www.organisator.ch\/de\/allgemein\/2022-04-21\/trotz-krisenzeit-nachhaltigkeit-gewinnt-bei-kmu-an-bedeutung\/\" \/>\n<meta property=\"og:locale\" content=\"de_DE\" \/>\n<meta property=\"og:type\" content=\"article\" \/>\n<meta property=\"og:title\" content=\"Trotz Krisenzeit: Nachhaltigkeit gewinnt bei KMU an Bedeutung\" \/>\n<meta property=\"og:description\" content=\"Bei 46 Prozent von Schweizer KMU hat der Stellenwert von Nachhaltigkeit trotz Krisenzeit deutlich (18%) oder etwas (28%) zugenommen.\" \/>\n<meta property=\"og:url\" content=\"https:\/\/www.organisator.ch\/de\/allgemein\/2022-04-21\/trotz-krisenzeit-nachhaltigkeit-gewinnt-bei-kmu-an-bedeutung\/\" \/>\n<meta property=\"og:site_name\" content=\"Organisator\" \/>\n<meta property=\"article:publisher\" content=\"https:\/\/www.facebook.com\/OrganisatorFachmagazin\" \/>\n<meta property=\"article:published_time\" content=\"2022-04-21T03:34:56+00:00\" \/>\n<meta property=\"og:image\" content=\"https:\/\/www.organisator.ch\/wp-content\/uploads\/2022\/04\/Trotz-Krisenzeit-Nachhaltigkeit-gewinnt-bei-KMU-an-Bedeutung-1_Organisator.jpg\" \/>\n\t<meta property=\"og:image:width\" content=\"680\" \/>\n\t<meta property=\"og:image:height\" content=\"370\" \/>\n\t<meta property=\"og:image:type\" content=\"image\/jpeg\" \/>\n<meta name=\"author\" content=\"thomas.berner\" \/>\n<meta name=\"twitter:card\" content=\"summary_large_image\" \/>\n<meta name=\"twitter:title\" content=\"Trotz #Krisenzeit: #Nachhaltigkeit gewinnt bei #KMU an Bedeutung\" \/>\n<meta name=\"twitter:description\" content=\"Bei 46 Prozent von Schweizer #KMU hat der Stellenwert von #Nachhaltigkeit trotz #Krisenzeit deutlich (18%) oder etwas (28%) zugenommen.\" \/>\n<meta name=\"twitter:image\" content=\"https:\/\/www.organisator.ch\/wp-content\/uploads\/2022\/04\/Trotz-Krisenzeit-Nachhaltigkeit-gewinnt-bei-KMU-an-Bedeutung-1_Organisator.jpg\" \/>\n<script type=\"application\/ld+json\" class=\"yoast-schema-graph\">{\"@context\":\"https:\\\/\\\/schema.org\",\"@graph\":[{\"@type\":\"Article\",\"@id\":\"https:\\\/\\\/www.organisator.ch\\\/fr\\\/allgemein\\\/2022-04-21\\\/trotz-krisenzeit-nachhaltigkeit-gewinnt-bei-kmu-an-bedeutung\\\/#article\",\"isPartOf\":{\"@id\":\"https:\\\/\\\/www.organisator.ch\\\/fr\\\/allgemein\\\/2022-04-21\\\/trotz-krisenzeit-nachhaltigkeit-gewinnt-bei-kmu-an-bedeutung\\\/\"},\"author\":{\"name\":\"thomas.berner\",\"@id\":\"https:\\\/\\\/www.organisator.ch\\\/#\\\/schema\\\/person\\\/6f650f90b2842cd4c0cc334b4e36f67e\"},\"headline\":\"Trotz Krisenzeit: Nachhaltigkeit gewinnt bei KMU an Bedeutung\",\"datePublished\":\"2022-04-21T03:34:56+00:00\",\"mainEntityOfPage\":{\"@id\":\"https:\\\/\\\/www.organisator.ch\\\/fr\\\/allgemein\\\/2022-04-21\\\/trotz-krisenzeit-nachhaltigkeit-gewinnt-bei-kmu-an-bedeutung\\\/\"},\"wordCount\":607,\"publisher\":{\"@id\":\"https:\\\/\\\/www.organisator.ch\\\/#organization\"},\"image\":{\"@id\":\"https:\\\/\\\/www.organisator.ch\\\/fr\\\/allgemein\\\/2022-04-21\\\/trotz-krisenzeit-nachhaltigkeit-gewinnt-bei-kmu-an-bedeutung\\\/#primaryimage\"},\"thumbnailUrl\":\"https:\\\/\\\/www.organisator.ch\\\/wp-content\\\/uploads\\\/2022\\\/04\\\/Trotz-Krisenzeit-Nachhaltigkeit-gewinnt-bei-KMU-an-Bedeutung-1_Organisator.jpg\",\"inLanguage\":\"de\"},{\"@type\":\"WebPage\",\"@id\":\"https:\\\/\\\/www.organisator.ch\\\/fr\\\/allgemein\\\/2022-04-21\\\/trotz-krisenzeit-nachhaltigkeit-gewinnt-bei-kmu-an-bedeutung\\\/\",\"url\":\"https:\\\/\\\/www.organisator.ch\\\/fr\\\/allgemein\\\/2022-04-21\\\/trotz-krisenzeit-nachhaltigkeit-gewinnt-bei-kmu-an-bedeutung\\\/\",\"name\":\"Trotz Krisenzeit: Nachhaltigkeit gewinnt bei KMU an Bedeutung - Organisator\",\"isPartOf\":{\"@id\":\"https:\\\/\\\/www.organisator.ch\\\/#website\"},\"primaryImageOfPage\":{\"@id\":\"https:\\\/\\\/www.organisator.ch\\\/fr\\\/allgemein\\\/2022-04-21\\\/trotz-krisenzeit-nachhaltigkeit-gewinnt-bei-kmu-an-bedeutung\\\/#primaryimage\"},\"image\":{\"@id\":\"https:\\\/\\\/www.organisator.ch\\\/fr\\\/allgemein\\\/2022-04-21\\\/trotz-krisenzeit-nachhaltigkeit-gewinnt-bei-kmu-an-bedeutung\\\/#primaryimage\"},\"thumbnailUrl\":\"https:\\\/\\\/www.organisator.ch\\\/wp-content\\\/uploads\\\/2022\\\/04\\\/Trotz-Krisenzeit-Nachhaltigkeit-gewinnt-bei-KMU-an-Bedeutung-1_Organisator.jpg\",\"datePublished\":\"2022-04-21T03:34:56+00:00\",\"description\":\"Bei 46 Prozent von Schweizer KMU hat der Stellenwert von Nachhaltigkeit trotz Krisenzeit deutlich (18%) oder etwas (28%) zugenommen.\",\"breadcrumb\":{\"@id\":\"https:\\\/\\\/www.organisator.ch\\\/fr\\\/allgemein\\\/2022-04-21\\\/trotz-krisenzeit-nachhaltigkeit-gewinnt-bei-kmu-an-bedeutung\\\/#breadcrumb\"},\"inLanguage\":\"de\",\"potentialAction\":[{\"@type\":\"ReadAction\",\"target\":[\"https:\\\/\\\/www.organisator.ch\\\/fr\\\/allgemein\\\/2022-04-21\\\/trotz-krisenzeit-nachhaltigkeit-gewinnt-bei-kmu-an-bedeutung\\\/\"]}]},{\"@type\":\"ImageObject\",\"inLanguage\":\"de\",\"@id\":\"https:\\\/\\\/www.organisator.ch\\\/fr\\\/allgemein\\\/2022-04-21\\\/trotz-krisenzeit-nachhaltigkeit-gewinnt-bei-kmu-an-bedeutung\\\/#primaryimage\",\"url\":\"https:\\\/\\\/www.organisator.ch\\\/wp-content\\\/uploads\\\/2022\\\/04\\\/Trotz-Krisenzeit-Nachhaltigkeit-gewinnt-bei-KMU-an-Bedeutung-1_Organisator.jpg\",\"contentUrl\":\"https:\\\/\\\/www.organisator.ch\\\/wp-content\\\/uploads\\\/2022\\\/04\\\/Trotz-Krisenzeit-Nachhaltigkeit-gewinnt-bei-KMU-an-Bedeutung-1_Organisator.jpg\",\"width\":680,\"height\":370,\"caption\":\"Trotz oder wegen der aktuellen Krisenzeit setzen KMU beispielsweise verst\u00e4rkt auf umweltfreundlichere Mobilit\u00e4t. (Bild: Unsplash.com)\"},{\"@type\":\"BreadcrumbList\",\"@id\":\"https:\\\/\\\/www.organisator.ch\\\/fr\\\/allgemein\\\/2022-04-21\\\/trotz-krisenzeit-nachhaltigkeit-gewinnt-bei-kmu-an-bedeutung\\\/#breadcrumb\",\"itemListElement\":[{\"@type\":\"ListItem\",\"position\":1,\"name\":\"Home\",\"item\":\"https:\\\/\\\/www.organisator.ch\\\/\"},{\"@type\":\"ListItem\",\"position\":2,\"name\":\"Trotz Krisenzeit: Nachhaltigkeit gewinnt bei KMU an Bedeutung\"}]},{\"@type\":\"WebSite\",\"@id\":\"https:\\\/\\\/www.organisator.ch\\\/#website\",\"url\":\"https:\\\/\\\/www.organisator.ch\\\/\",\"name\":\"Organisator\",\"description\":\"Kompetent. Praxisnah. Der ORGANISATOR bereitet in 10 Ausgaben pro Jahr die wesentlichen Themen f\u00fcr F\u00fchrungskr\u00e4fte von KMU auf.\",\"publisher\":{\"@id\":\"https:\\\/\\\/www.organisator.ch\\\/#organization\"},\"potentialAction\":[{\"@type\":\"SearchAction\",\"target\":{\"@type\":\"EntryPoint\",\"urlTemplate\":\"https:\\\/\\\/www.organisator.ch\\\/?s={search_term_string}\"},\"query-input\":{\"@type\":\"PropertyValueSpecification\",\"valueRequired\":true,\"valueName\":\"search_term_string\"}}],\"inLanguage\":\"de\"},{\"@type\":\"Organization\",\"@id\":\"https:\\\/\\\/www.organisator.ch\\\/#organization\",\"name\":\"Organisator\",\"url\":\"https:\\\/\\\/www.organisator.ch\\\/\",\"logo\":{\"@type\":\"ImageObject\",\"inLanguage\":\"de\",\"@id\":\"https:\\\/\\\/www.organisator.ch\\\/#\\\/schema\\\/logo\\\/image\\\/\",\"url\":\"https:\\\/\\\/www.organisator.ch\\\/wp-content\\\/uploads\\\/2022\\\/01\\\/Logo_Organisator_Website.png\",\"contentUrl\":\"https:\\\/\\\/www.organisator.ch\\\/wp-content\\\/uploads\\\/2022\\\/01\\\/Logo_Organisator_Website.png\",\"width\":800,\"height\":77,\"caption\":\"Organisator\"},\"image\":{\"@id\":\"https:\\\/\\\/www.organisator.ch\\\/#\\\/schema\\\/logo\\\/image\\\/\"},\"sameAs\":[\"https:\\\/\\\/www.facebook.com\\\/OrganisatorFachmagazin\",\"https:\\\/\\\/www.linkedin.com\\\/showcase\\\/organisator-das-magazin-fr-kmu\",\"https:\\\/\\\/www.xing.com\\\/news\\\/pages\\\/organisator-ch-695\",\"https:\\\/\\\/www.youtube.com\\\/channel\\\/UCGP2Sq0iWaZwT3BdIAQFYpw\"]},{\"@type\":\"Person\",\"@id\":\"https:\\\/\\\/www.organisator.ch\\\/#\\\/schema\\\/person\\\/6f650f90b2842cd4c0cc334b4e36f67e\",\"name\":\"thomas.berner\",\"image\":{\"@type\":\"ImageObject\",\"inLanguage\":\"de\",\"@id\":\"https:\\\/\\\/secure.gravatar.com\\\/avatar\\\/ac5001d2a36cb6c6cd3e50789007ffca834b477b74a2144564522e944eabff61?s=96&d=mm&r=g\",\"url\":\"https:\\\/\\\/secure.gravatar.com\\\/avatar\\\/ac5001d2a36cb6c6cd3e50789007ffca834b477b74a2144564522e944eabff61?s=96&d=mm&r=g\",\"contentUrl\":\"https:\\\/\\\/secure.gravatar.com\\\/avatar\\\/ac5001d2a36cb6c6cd3e50789007ffca834b477b74a2144564522e944eabff61?s=96&d=mm&r=g\",\"caption\":\"thomas.berner\"},\"url\":\"https:\\\/\\\/www.organisator.ch\\\/de\\\/author\\\/thomas-berner\\\/\"}]}<\/script>\n<!-- \/ Yoast SEO plugin. -->","yoast_head_json":{"title":"Trotz Krisenzeit: Nachhaltigkeit gewinnt bei KMU an Bedeutung - Organisator","description":"Bei 46 Prozent von Schweizer KMU hat der Stellenwert von Nachhaltigkeit trotz Krisenzeit deutlich (18%) oder etwas (28%) zugenommen.","robots":{"index":"index","follow":"follow","max-snippet":"max-snippet:-1","max-image-preview":"max-image-preview:large","max-video-preview":"max-video-preview:-1"},"canonical":"https:\/\/www.organisator.ch\/de\/allgemein\/2022-04-21\/trotz-krisenzeit-nachhaltigkeit-gewinnt-bei-kmu-an-bedeutung\/","og_locale":"de_DE","og_type":"article","og_title":"Trotz Krisenzeit: Nachhaltigkeit gewinnt bei KMU an Bedeutung","og_description":"Bei 46 Prozent von Schweizer KMU hat der Stellenwert von Nachhaltigkeit trotz Krisenzeit deutlich (18%) oder etwas (28%) zugenommen.","og_url":"https:\/\/www.organisator.ch\/de\/allgemein\/2022-04-21\/trotz-krisenzeit-nachhaltigkeit-gewinnt-bei-kmu-an-bedeutung\/","og_site_name":"Organisator","article_publisher":"https:\/\/www.facebook.com\/OrganisatorFachmagazin","article_published_time":"2022-04-21T03:34:56+00:00","og_image":[{"width":680,"height":370,"url":"https:\/\/www.organisator.ch\/wp-content\/uploads\/2022\/04\/Trotz-Krisenzeit-Nachhaltigkeit-gewinnt-bei-KMU-an-Bedeutung-1_Organisator.jpg","type":"image\/jpeg"}],"author":"thomas.berner","twitter_card":"summary_large_image","twitter_title":"Trotz #Krisenzeit: #Nachhaltigkeit gewinnt bei #KMU an Bedeutung","twitter_description":"Bei 46 Prozent von Schweizer #KMU hat der Stellenwert von #Nachhaltigkeit trotz #Krisenzeit deutlich (18%) oder etwas (28%) zugenommen.","twitter_image":"https:\/\/www.organisator.ch\/wp-content\/uploads\/2022\/04\/Trotz-Krisenzeit-Nachhaltigkeit-gewinnt-bei-KMU-an-Bedeutung-1_Organisator.jpg","schema":{"@context":"https:\/\/schema.org","@graph":[{"@type":"Article","@id":"https:\/\/www.organisator.ch\/fr\/allgemein\/2022-04-21\/trotz-krisenzeit-nachhaltigkeit-gewinnt-bei-kmu-an-bedeutung\/#article","isPartOf":{"@id":"https:\/\/www.organisator.ch\/fr\/allgemein\/2022-04-21\/trotz-krisenzeit-nachhaltigkeit-gewinnt-bei-kmu-an-bedeutung\/"},"author":{"name":"thomas.berner","@id":"https:\/\/www.organisator.ch\/#\/schema\/person\/6f650f90b2842cd4c0cc334b4e36f67e"},"headline":"Trotz Krisenzeit: Nachhaltigkeit gewinnt bei KMU an Bedeutung","datePublished":"2022-04-21T03:34:56+00:00","mainEntityOfPage":{"@id":"https:\/\/www.organisator.ch\/fr\/allgemein\/2022-04-21\/trotz-krisenzeit-nachhaltigkeit-gewinnt-bei-kmu-an-bedeutung\/"},"wordCount":607,"publisher":{"@id":"https:\/\/www.organisator.ch\/#organization"},"image":{"@id":"https:\/\/www.organisator.ch\/fr\/allgemein\/2022-04-21\/trotz-krisenzeit-nachhaltigkeit-gewinnt-bei-kmu-an-bedeutung\/#primaryimage"},"thumbnailUrl":"https:\/\/www.organisator.ch\/wp-content\/uploads\/2022\/04\/Trotz-Krisenzeit-Nachhaltigkeit-gewinnt-bei-KMU-an-Bedeutung-1_Organisator.jpg","inLanguage":"de"},{"@type":"WebPage","@id":"https:\/\/www.organisator.ch\/fr\/allgemein\/2022-04-21\/trotz-krisenzeit-nachhaltigkeit-gewinnt-bei-kmu-an-bedeutung\/","url":"https:\/\/www.organisator.ch\/fr\/allgemein\/2022-04-21\/trotz-krisenzeit-nachhaltigkeit-gewinnt-bei-kmu-an-bedeutung\/","name":"Trotz Krisenzeit: Nachhaltigkeit gewinnt bei KMU an Bedeutung - Organisator","isPartOf":{"@id":"https:\/\/www.organisator.ch\/#website"},"primaryImageOfPage":{"@id":"https:\/\/www.organisator.ch\/fr\/allgemein\/2022-04-21\/trotz-krisenzeit-nachhaltigkeit-gewinnt-bei-kmu-an-bedeutung\/#primaryimage"},"image":{"@id":"https:\/\/www.organisator.ch\/fr\/allgemein\/2022-04-21\/trotz-krisenzeit-nachhaltigkeit-gewinnt-bei-kmu-an-bedeutung\/#primaryimage"},"thumbnailUrl":"https:\/\/www.organisator.ch\/wp-content\/uploads\/2022\/04\/Trotz-Krisenzeit-Nachhaltigkeit-gewinnt-bei-KMU-an-Bedeutung-1_Organisator.jpg","datePublished":"2022-04-21T03:34:56+00:00","description":"Bei 46 Prozent von Schweizer KMU hat der Stellenwert von Nachhaltigkeit trotz Krisenzeit deutlich (18%) oder etwas (28%) zugenommen.","breadcrumb":{"@id":"https:\/\/www.organisator.ch\/fr\/allgemein\/2022-04-21\/trotz-krisenzeit-nachhaltigkeit-gewinnt-bei-kmu-an-bedeutung\/#breadcrumb"},"inLanguage":"de","potentialAction":[{"@type":"ReadAction","target":["https:\/\/www.organisator.ch\/fr\/allgemein\/2022-04-21\/trotz-krisenzeit-nachhaltigkeit-gewinnt-bei-kmu-an-bedeutung\/"]}]},{"@type":"ImageObject","inLanguage":"de","@id":"https:\/\/www.organisator.ch\/fr\/allgemein\/2022-04-21\/trotz-krisenzeit-nachhaltigkeit-gewinnt-bei-kmu-an-bedeutung\/#primaryimage","url":"https:\/\/www.organisator.ch\/wp-content\/uploads\/2022\/04\/Trotz-Krisenzeit-Nachhaltigkeit-gewinnt-bei-KMU-an-Bedeutung-1_Organisator.jpg","contentUrl":"https:\/\/www.organisator.ch\/wp-content\/uploads\/2022\/04\/Trotz-Krisenzeit-Nachhaltigkeit-gewinnt-bei-KMU-an-Bedeutung-1_Organisator.jpg","width":680,"height":370,"caption":"Trotz oder wegen der aktuellen Krisenzeit setzen KMU beispielsweise verst\u00e4rkt auf umweltfreundlichere Mobilit\u00e4t. (Bild: Unsplash.com)"},{"@type":"BreadcrumbList","@id":"https:\/\/www.organisator.ch\/fr\/allgemein\/2022-04-21\/trotz-krisenzeit-nachhaltigkeit-gewinnt-bei-kmu-an-bedeutung\/#breadcrumb","itemListElement":[{"@type":"ListItem","position":1,"name":"Home","item":"https:\/\/www.organisator.ch\/"},{"@type":"ListItem","position":2,"name":"Trotz Krisenzeit: Nachhaltigkeit gewinnt bei KMU an Bedeutung"}]},{"@type":"WebSite","@id":"https:\/\/www.organisator.ch\/#website","url":"https:\/\/www.organisator.ch\/","name":"Organisator","description":"Kompetent. Praxisnah. Der ORGANISATOR bereitet in 10 Ausgaben pro Jahr die wesentlichen Themen f\u00fcr F\u00fchrungskr\u00e4fte von KMU auf.","publisher":{"@id":"https:\/\/www.organisator.ch\/#organization"},"potentialAction":[{"@type":"SearchAction","target":{"@type":"EntryPoint","urlTemplate":"https:\/\/www.organisator.ch\/?s={search_term_string}"},"query-input":{"@type":"PropertyValueSpecification","valueRequired":true,"valueName":"search_term_string"}}],"inLanguage":"de"},{"@type":"Organization","@id":"https:\/\/www.organisator.ch\/#organization","name":"Organisator","url":"https:\/\/www.organisator.ch\/","logo":{"@type":"ImageObject","inLanguage":"de","@id":"https:\/\/www.organisator.ch\/#\/schema\/logo\/image\/","url":"https:\/\/www.organisator.ch\/wp-content\/uploads\/2022\/01\/Logo_Organisator_Website.png","contentUrl":"https:\/\/www.organisator.ch\/wp-content\/uploads\/2022\/01\/Logo_Organisator_Website.png","width":800,"height":77,"caption":"Organisator"},"image":{"@id":"https:\/\/www.organisator.ch\/#\/schema\/logo\/image\/"},"sameAs":["https:\/\/www.facebook.com\/OrganisatorFachmagazin","https:\/\/www.linkedin.com\/showcase\/organisator-das-magazin-fr-kmu","https:\/\/www.xing.com\/news\/pages\/organisator-ch-695","https:\/\/www.youtube.com\/channel\/UCGP2Sq0iWaZwT3BdIAQFYpw"]},{"@type":"Person","@id":"https:\/\/www.organisator.ch\/#\/schema\/person\/6f650f90b2842cd4c0cc334b4e36f67e","name":"thomas.berner","image":{"@type":"ImageObject","inLanguage":"de","@id":"https:\/\/secure.gravatar.com\/avatar\/ac5001d2a36cb6c6cd3e50789007ffca834b477b74a2144564522e944eabff61?s=96&d=mm&r=g","url":"https:\/\/secure.gravatar.com\/avatar\/ac5001d2a36cb6c6cd3e50789007ffca834b477b74a2144564522e944eabff61?s=96&d=mm&r=g","contentUrl":"https:\/\/secure.gravatar.com\/avatar\/ac5001d2a36cb6c6cd3e50789007ffca834b477b74a2144564522e944eabff61?s=96&d=mm&r=g","caption":"thomas.berner"},"url":"https:\/\/www.organisator.ch\/de\/author\/thomas-berner\/"}]}},"_links":{"self":[{"href":"https:\/\/www.organisator.ch\/de\/wp-json\/wp\/v2\/posts\/12625","targetHints":{"allow":["GET"]}}],"collection":[{"href":"https:\/\/www.organisator.ch\/de\/wp-json\/wp\/v2\/posts"}],"about":[{"href":"https:\/\/www.organisator.ch\/de\/wp-json\/wp\/v2\/types\/post"}],"author":[{"embeddable":true,"href":"https:\/\/www.organisator.ch\/de\/wp-json\/wp\/v2\/users\/4"}],"replies":[{"embeddable":true,"href":"https:\/\/www.organisator.ch\/de\/wp-json\/wp\/v2\/comments?post=12625"}],"version-history":[{"count":2,"href":"https:\/\/www.organisator.ch\/de\/wp-json\/wp\/v2\/posts\/12625\/revisions"}],"predecessor-version":[{"id":12668,"href":"https:\/\/www.organisator.ch\/de\/wp-json\/wp\/v2\/posts\/12625\/revisions\/12668"}],"wp:featuredmedia":[{"embeddable":true,"href":"https:\/\/www.organisator.ch\/de\/wp-json\/wp\/v2\/media\/12626"}],"wp:attachment":[{"href":"https:\/\/www.organisator.ch\/de\/wp-json\/wp\/v2\/media?parent=12625"}],"wp:term":[{"taxonomy":"category","embeddable":true,"href":"https:\/\/www.organisator.ch\/de\/wp-json\/wp\/v2\/categories?post=12625"},{"taxonomy":"post_tag","embeddable":true,"href":"https:\/\/www.organisator.ch\/de\/wp-json\/wp\/v2\/tags?post=12625"}],"curies":[{"name":"wp","href":"https:\/\/api.w.org\/{rel}","templated":true}]}}