{"id":12664,"date":"2022-04-27T05:16:42","date_gmt":"2022-04-27T03:16:42","guid":{"rendered":"https:\/\/www.organisator.ch\/?p=12664"},"modified":"2022-04-27T09:16:34","modified_gmt":"2022-04-27T07:16:34","slug":"klimastiftung-schweiz-blickt-auf-wegweisendes-jahr-zurueck","status":"publish","type":"post","link":"https:\/\/www.organisator.ch\/de\/sustainability\/2022-04-27\/klimastiftung-schweiz-blickt-auf-wegweisendes-jahr-zurueck\/","title":{"rendered":"Klimastiftung Schweiz blickt auf wegweisendes Jahr zur\u00fcck"},"content":{"rendered":"<figure id=\"attachment_12665\" class=\"wp-caption alignnone\" style=\"width: 680px;\" aria-describedby=\"caption-attachment-12665\"><img class=\"size-full wp-image-12665\" src=\"https:\/\/www.organisator.ch\/wp-content\/uploads\/2022\/04\/Klimastiftung-Schweiz-blickt-auf-wegweisendes-Jahr-zurueck_Organisator.jpg\" sizes=\"(max-width: 680px) 100vw, 680px\" srcset=\"https:\/\/www.organisator.ch\/wp-content\/uploads\/2022\/04\/Klimastiftung-Schweiz-blickt-auf-wegweisendes-Jahr-zurueck_Organisator.jpg 680w, https:\/\/www.organisator.ch\/wp-content\/uploads\/2022\/04\/Klimastiftung-Schweiz-blickt-auf-wegweisendes-Jahr-zurueck_Organisator-18x10.jpg 18w, https:\/\/www.organisator.ch\/wp-content\/uploads\/2022\/04\/Klimastiftung-Schweiz-blickt-auf-wegweisendes-Jahr-zurueck_Organisator-311x175.jpg 311w, https:\/\/www.organisator.ch\/wp-content\/uploads\/2022\/04\/Klimastiftung-Schweiz-blickt-auf-wegweisendes-Jahr-zurueck_Organisator-621x350.jpg 621w, https:\/\/www.organisator.ch\/wp-content\/uploads\/2022\/04\/Klimastiftung-Schweiz-blickt-auf-wegweisendes-Jahr-zurueck_Organisator-300x169.jpg 300w\" alt=\"\" width=\"680\" height=\"383\" \/><figcaption id=\"caption-attachment-12665\" class=\"wp-caption-text\">Das von der Klimastiftung Schweiz unterst\u00fctzte Solarfaltdach von dhp technology ist auf Expansionskurs. (Bild: Klimastiftung Schweiz \/ dhp technology AG)<\/figcaption><\/figure>\r\nDurch die F\u00f6rderung von Klimaschutz-Innovationen bei KMU einen wichtigen Beitrag an die Netto-Null-Klimaziele der Schweiz und Liechtenstein leisten und den Wirtschaftsstandort st\u00e4rken. Das ist das Ziel der Klimastiftung Schweiz. Seit 2009 unterst\u00fctzt die Stiftung lokale KMU bei der Umsetzung von Klimaschutzprojekten. Auch 2021 sind neue Projekte dazu gekommen: 2.4 Millionen Franken hat die Stiftung letztes Jahr gesprochen. Diese fliessen an rund 100 KMU in der Schweiz und Liechtenstein. <a href=\"https:\/\/www.organisator.ch\/de\/sustainability\/2020-04-21\/klimastiftung-unterstuetzung-fuer-klimaschutz-waechst-weiter\/\">Insgesamt ist die T\u00e4tigkeit der Stiftung immer wieder gewachsen<\/a>.\r\n<h3><strong>Innovationen stehen im Fokus der F\u00f6rderung<\/strong><\/h3>\r\nEin Grossteil der F\u00f6rdergelder, 1.7 Millionen Franken, floss auch 2021 in Innovationen. Insgesamt 19 innovative Klimaschutzprojekte erhielten eine Zusage der Klimastiftung Schweiz. Dazu geh\u00f6rt beispielsweise eine Batterie aus Kochsalz: Die Salzbatterien des Meiringer KMU <a href=\"https:\/\/maxcomm.us12.list-manage.com\/track\/click?u=74090039ecde65db808b5baa9&amp;id=5400f8f0eb&amp;e=2fa6853443\">Battery Consult<\/a> bestehen aus unkritischen und leicht verf\u00fcgbaren Materialien, haben eine lange Lebensdauer und k\u00f6nnen wirtschaftlich rezykliert werden. Die Klimastiftung Schweiz unterst\u00fctzt deren Entwicklung mit 150\u2019000 Franken. Auch die <a href=\"https:\/\/maxcomm.us12.list-manage.com\/track\/click?u=74090039ecde65db808b5baa9&amp;id=f6e4a77af7&amp;e=2fa6853443\">Cyltronic AG<\/a> erh\u00e4lt neu F\u00f6rdergelder der Stiftung: Das Winterthurer Startup entwickelt einen neuartigen Elektrozylinder als Alternative zu Druckluft, mit dem sich in der Industrie erheblich Energie einsparen l\u00e4sst. <a href=\"https:\/\/maxcomm.us12.list-manage.com\/track\/click?u=74090039ecde65db808b5baa9&amp;id=2be874db70&amp;e=2fa6853443\">ExerGo<\/a> aus Sitten wiederum arbeitet an einem innovativen Konzept f\u00fcr Fernw\u00e4rme und -k\u00e4lte in St\u00e4dten. Mit dem hocheffizienten System lassen sich bei der Energieversorgung urbaner Zentren bis zu 90% CO<sub>2<\/sub>-Emissionen einsparen.\r\n<h3><strong>Energieeffizienzprogramme beendet<\/strong><\/h3>\r\nWeitere 0.7 Millionen Franken entfielen 2021 auf Energieeffizienzprojekte: Damit unterst\u00fctzte die Stiftung konkrete Massnahmen von KMU zum Energiesparen im eigenen Betrieb. Zudem beteiligte sie sich an den Kosten f\u00fcr Energieberatungen mit der <a href=\"https:\/\/maxcomm.us12.list-manage.com\/track\/click?u=74090039ecde65db808b5baa9&amp;id=23d91d2007&amp;e=2fa6853443\">act Cleantech Agentur Schweiz<\/a> und der <a href=\"https:\/\/maxcomm.us12.list-manage.com\/track\/click?u=74090039ecde65db808b5baa9&amp;id=8f8d553a30&amp;e=2fa6853443\">Energie-Agentur der Wirtschaft EnAW<\/a>.\r\n\r\nBeide Energieeffizienzprogramme der Klimastiftung Schweiz sind 2021 wie geplant ausgelaufen. K\u00fcnftig konzentriert die Stiftung ihre F\u00f6rderung ausschliesslich auf den Innovationsbereich. Hier sieht sie die gr\u00f6sste Hebelwirkung: \u201eDurch die F\u00f6rderung von Innovationen entfalten unsere Mittel ihre maximale Wirkung im Hinblick auf die Erreichung der Klimaziele\u201c, sagt Stiftungsratspr\u00e4sident Thomas H\u00fcgli. \u201eF\u00fcr die Dekarbonisierung der Wirtschaft braucht es neue L\u00f6sungen, gerade in der Bau- und Wertstoffindustrie, der Mobilit\u00e4t und der Landwirtschaft. Wir tragen unseren Teil dazu bei, indem wir innovative Technologien und Projekte in diesen Bereichen noch st\u00e4rker unterst\u00fctzen.\u201c\r\n<h3>Wie sich die Klimastiftung Schweiz finanziert<\/h3>\r\nM\u00f6glich wird das Engagement der Klimastiftung Schweiz dank 26 Dienstleistungsunternehmen aus der Schweiz und Liechtenstein: Die Partnerfirmen spenden jedes Jahr ihre erhaltenen Gelder aus der R\u00fcckverteilung der CO<sub>2<\/sub>-Abgabe der gemeinsamen Stiftung, die damit wiederum Klimaschutzprojekte von KMU finanziert. Seit Sommer 2021 sind mit Baloise, Zuger Kantonalbank, Mobiliar, Union Bancaire Priv\u00e9e (UBP) und LGT Capital Partners neue Partner zur Klimastiftung Schweiz gestossen. Sie ist offen f\u00fcr weitere interessierte Firmen, welche die Stiftung als Partner mittragen und damit konkret zum Klimaschutz in der Schweiz und Liechtenstein beitragen m\u00f6chten.\r\n\r\n<a href=\"http:\/\/www.klimastiftung.ch\/\"><em>Quelle und weitere Informationen<\/em><\/a>\r\n\r\nThe post <a href=\"https:\/\/www.organisator.ch\/de\/sustainability\/2022-04-27\/klimastiftung-schweiz-blickt-auf-wegweisendes-jahr-zurueck\/\" rel=\"nofollow\">Klimastiftung Schweiz blickt auf wegweisendes Jahr zur\u00fcck<\/a> appeared first on <a href=\"https:\/\/www.organisator.ch\/de\" rel=\"nofollow\">Organisator<\/a>.","protected":false},"excerpt":{"rendered":"<p>Durch die F\u00f6rderung von Klimaschutz-Innovationen bei KMU einen wichtigen Beitrag an die Netto-Null-Klimaziele der Schweiz und Liechtenstein leisten und den Wirtschaftsstandort st\u00e4rken. Das ist das Ziel der Klimastiftung Schweiz. Seit 2009 unterst\u00fctzt die Stiftung lokale KMU bei der Umsetzung von Klimaschutzprojekten. Auch 2021 sind neue Projekte dazu gekommen: 2.4 Millionen Franken hat die Stiftung letztes [\u2026]<\/p>\n<p>The post <a rel=\"nofollow\" href=\"https:\/\/www.organisator.ch\/de\/sustainability\/2022-04-27\/klimastiftung-schweiz-blickt-auf-wegweisendes-jahr-zurueck\/\">Klimastiftung Schweiz blickt auf wegweisendes Jahr zur\u00fcck<\/a> appeared first on <a rel=\"nofollow\" href=\"https:\/\/www.organisator.ch\/de\">Organisator<\/a>.<\/p>\n","protected":false},"author":4,"featured_media":0,"comment_status":"closed","ping_status":"closed","sticky":false,"template":"","format":"standard","meta":{"_acf_changed":false,"_yoast_wpseo_focuskw":"Klimastiftung","_yoast_wpseo_metadesc":"Die Klimastiftung Schweiz hat ein wegweisendes Jahr hinter sich. Insgesamt f\u00fcnf neue Partnerschaften konnten aufgegleist werden.","articlekey":"","footnotes":""},"categories":[580],"tags":[1525,358,2707],"class_list":["post-12664","post","type-post","status-publish","format-standard","hentry","category-sustainability","tag-klimastiftung","tag-nachhaltige-wirtschaft","tag-wirtschaftsfoerderung"],"acf":[],"yoast_head":"<!-- This site is optimized with the Yoast SEO plugin v27.5 - https:\/\/yoast.com\/product\/yoast-seo-wordpress\/ -->\n<title>Klimastiftung Schweiz blickt auf wegweisendes Jahr zur\u00fcck - Organisator<\/title>\n<meta name=\"description\" content=\"Die Klimastiftung Schweiz hat ein wegweisendes Jahr hinter sich. Insgesamt f\u00fcnf neue Partnerschaften konnten aufgegleist werden.\" \/>\n<meta name=\"robots\" content=\"index, follow, max-snippet:-1, max-image-preview:large, max-video-preview:-1\" \/>\n<link rel=\"canonical\" href=\"https:\/\/www.organisator.ch\/de\/sustainability\/2022-04-27\/klimastiftung-schweiz-blickt-auf-wegweisendes-jahr-zurueck\/\" \/>\n<meta property=\"og:locale\" content=\"de_DE\" \/>\n<meta property=\"og:type\" content=\"article\" \/>\n<meta property=\"og:title\" content=\"Klimastiftung Schweiz blickt auf wegweisendes Jahr zur\u00fcck\" \/>\n<meta property=\"og:description\" content=\"Die Klimastiftung Schweiz hat ein wegweisendes Jahr hinter sich. Insgesamt f\u00fcnf neue Partnerschaften konnten aufgegleist werden.\" \/>\n<meta property=\"og:url\" content=\"https:\/\/www.organisator.ch\/de\/sustainability\/2022-04-27\/klimastiftung-schweiz-blickt-auf-wegweisendes-jahr-zurueck\/\" \/>\n<meta property=\"og:site_name\" content=\"Organisator\" \/>\n<meta property=\"article:publisher\" content=\"https:\/\/www.facebook.com\/OrganisatorFachmagazin\" \/>\n<meta property=\"article:published_time\" content=\"2022-04-27T03:16:42+00:00\" \/>\n<meta property=\"article:modified_time\" content=\"2022-04-27T07:16:34+00:00\" \/>\n<meta property=\"og:image\" content=\"https:\/\/www.organisator.ch\/wp-content\/uploads\/2022\/04\/Klimastiftung-Schweiz-blickt-auf-wegweisendes-Jahr-zurueck_Organisator.jpg\" \/>\n\t<meta property=\"og:image:width\" content=\"680\" \/>\n\t<meta property=\"og:image:height\" content=\"383\" \/>\n\t<meta property=\"og:image:type\" content=\"image\/jpeg\" \/>\n<meta name=\"author\" content=\"thomas.berner\" \/>\n<meta name=\"twitter:card\" content=\"summary_large_image\" \/>\n<meta name=\"twitter:title\" content=\"#Klimastiftung Schweiz blickt auf wegweisendes Jahr zur\u00fcck\" \/>\n<meta name=\"twitter:description\" content=\"Die #Klimastiftung Schweiz hat ein wegweisendes Jahr hinter sich. Insgesamt f\u00fcnf neue #Partnerschaften konnten aufgegleist werden.\" \/>\n<meta name=\"twitter:image\" content=\"https:\/\/www.organisator.ch\/wp-content\/uploads\/2022\/04\/Klimastiftung-Schweiz-blickt-auf-wegweisendes-Jahr-zurueck_Organisator.jpg\" \/>\n<script type=\"application\/ld+json\" class=\"yoast-schema-graph\">{\"@context\":\"https:\\\/\\\/schema.org\",\"@graph\":[{\"@type\":\"Article\",\"@id\":\"https:\\\/\\\/www.organisator.ch\\\/sustainability\\\/2022-04-27\\\/klimastiftung-schweiz-blickt-auf-wegweisendes-jahr-zurueck\\\/#article\",\"isPartOf\":{\"@id\":\"https:\\\/\\\/www.organisator.ch\\\/sustainability\\\/2022-04-27\\\/klimastiftung-schweiz-blickt-auf-wegweisendes-jahr-zurueck\\\/\"},\"author\":{\"name\":\"thomas.berner\",\"@id\":\"https:\\\/\\\/www.organisator.ch\\\/#\\\/schema\\\/person\\\/6f650f90b2842cd4c0cc334b4e36f67e\"},\"headline\":\"Klimastiftung Schweiz blickt auf wegweisendes Jahr zur\u00fcck\",\"datePublished\":\"2022-04-27T03:16:42+00:00\",\"dateModified\":\"2022-04-27T07:16:34+00:00\",\"mainEntityOfPage\":{\"@id\":\"https:\\\/\\\/www.organisator.ch\\\/sustainability\\\/2022-04-27\\\/klimastiftung-schweiz-blickt-auf-wegweisendes-jahr-zurueck\\\/\"},\"wordCount\":496,\"publisher\":{\"@id\":\"https:\\\/\\\/www.organisator.ch\\\/#organization\"},\"image\":{\"@id\":\"https:\\\/\\\/www.organisator.ch\\\/sustainability\\\/2022-04-27\\\/klimastiftung-schweiz-blickt-auf-wegweisendes-jahr-zurueck\\\/#primaryimage\"},\"thumbnailUrl\":\"https:\\\/\\\/www.organisator.ch\\\/wp-content\\\/uploads\\\/2022\\\/04\\\/Klimastiftung-Schweiz-blickt-auf-wegweisendes-Jahr-zurueck_Organisator.jpg\",\"keywords\":[\"Klimastiftung\",\"Nachhaltige Wirtschaft\",\"Wirtschaftsf\u00f6rderung\"],\"articleSection\":[\"SUSTAINABILITY\"],\"inLanguage\":\"de\"},{\"@type\":\"WebPage\",\"@id\":\"https:\\\/\\\/www.organisator.ch\\\/sustainability\\\/2022-04-27\\\/klimastiftung-schweiz-blickt-auf-wegweisendes-jahr-zurueck\\\/\",\"url\":\"https:\\\/\\\/www.organisator.ch\\\/sustainability\\\/2022-04-27\\\/klimastiftung-schweiz-blickt-auf-wegweisendes-jahr-zurueck\\\/\",\"name\":\"Klimastiftung Schweiz blickt auf wegweisendes Jahr zur\u00fcck - Organisator\",\"isPartOf\":{\"@id\":\"https:\\\/\\\/www.organisator.ch\\\/#website\"},\"primaryImageOfPage\":{\"@id\":\"https:\\\/\\\/www.organisator.ch\\\/sustainability\\\/2022-04-27\\\/klimastiftung-schweiz-blickt-auf-wegweisendes-jahr-zurueck\\\/#primaryimage\"},\"image\":{\"@id\":\"https:\\\/\\\/www.organisator.ch\\\/sustainability\\\/2022-04-27\\\/klimastiftung-schweiz-blickt-auf-wegweisendes-jahr-zurueck\\\/#primaryimage\"},\"thumbnailUrl\":\"https:\\\/\\\/www.organisator.ch\\\/wp-content\\\/uploads\\\/2022\\\/04\\\/Klimastiftung-Schweiz-blickt-auf-wegweisendes-Jahr-zurueck_Organisator.jpg\",\"datePublished\":\"2022-04-27T03:16:42+00:00\",\"dateModified\":\"2022-04-27T07:16:34+00:00\",\"description\":\"Die Klimastiftung Schweiz hat ein wegweisendes Jahr hinter sich. Insgesamt f\u00fcnf neue Partnerschaften konnten aufgegleist werden.\",\"breadcrumb\":{\"@id\":\"https:\\\/\\\/www.organisator.ch\\\/sustainability\\\/2022-04-27\\\/klimastiftung-schweiz-blickt-auf-wegweisendes-jahr-zurueck\\\/#breadcrumb\"},\"inLanguage\":\"de\",\"potentialAction\":[{\"@type\":\"ReadAction\",\"target\":[\"https:\\\/\\\/www.organisator.ch\\\/sustainability\\\/2022-04-27\\\/klimastiftung-schweiz-blickt-auf-wegweisendes-jahr-zurueck\\\/\"]}]},{\"@type\":\"ImageObject\",\"inLanguage\":\"de\",\"@id\":\"https:\\\/\\\/www.organisator.ch\\\/sustainability\\\/2022-04-27\\\/klimastiftung-schweiz-blickt-auf-wegweisendes-jahr-zurueck\\\/#primaryimage\",\"url\":\"https:\\\/\\\/www.organisator.ch\\\/wp-content\\\/uploads\\\/2022\\\/04\\\/Klimastiftung-Schweiz-blickt-auf-wegweisendes-Jahr-zurueck_Organisator.jpg\",\"contentUrl\":\"https:\\\/\\\/www.organisator.ch\\\/wp-content\\\/uploads\\\/2022\\\/04\\\/Klimastiftung-Schweiz-blickt-auf-wegweisendes-Jahr-zurueck_Organisator.jpg\"},{\"@type\":\"BreadcrumbList\",\"@id\":\"https:\\\/\\\/www.organisator.ch\\\/sustainability\\\/2022-04-27\\\/klimastiftung-schweiz-blickt-auf-wegweisendes-jahr-zurueck\\\/#breadcrumb\",\"itemListElement\":[{\"@type\":\"ListItem\",\"position\":1,\"name\":\"Home\",\"item\":\"https:\\\/\\\/www.organisator.ch\\\/\"},{\"@type\":\"ListItem\",\"position\":2,\"name\":\"Klimastiftung Schweiz blickt auf wegweisendes Jahr zur\u00fcck\"}]},{\"@type\":\"WebSite\",\"@id\":\"https:\\\/\\\/www.organisator.ch\\\/#website\",\"url\":\"https:\\\/\\\/www.organisator.ch\\\/\",\"name\":\"Organisator\",\"description\":\"Kompetent. Praxisnah. Der ORGANISATOR bereitet in 10 Ausgaben pro Jahr die wesentlichen Themen f\u00fcr F\u00fchrungskr\u00e4fte von KMU auf.\",\"publisher\":{\"@id\":\"https:\\\/\\\/www.organisator.ch\\\/#organization\"},\"potentialAction\":[{\"@type\":\"SearchAction\",\"target\":{\"@type\":\"EntryPoint\",\"urlTemplate\":\"https:\\\/\\\/www.organisator.ch\\\/?s={search_term_string}\"},\"query-input\":{\"@type\":\"PropertyValueSpecification\",\"valueRequired\":true,\"valueName\":\"search_term_string\"}}],\"inLanguage\":\"de\"},{\"@type\":\"Organization\",\"@id\":\"https:\\\/\\\/www.organisator.ch\\\/#organization\",\"name\":\"Organisator\",\"url\":\"https:\\\/\\\/www.organisator.ch\\\/\",\"logo\":{\"@type\":\"ImageObject\",\"inLanguage\":\"de\",\"@id\":\"https:\\\/\\\/www.organisator.ch\\\/#\\\/schema\\\/logo\\\/image\\\/\",\"url\":\"https:\\\/\\\/www.organisator.ch\\\/wp-content\\\/uploads\\\/2022\\\/01\\\/Logo_Organisator_Website.png\",\"contentUrl\":\"https:\\\/\\\/www.organisator.ch\\\/wp-content\\\/uploads\\\/2022\\\/01\\\/Logo_Organisator_Website.png\",\"width\":800,\"height\":77,\"caption\":\"Organisator\"},\"image\":{\"@id\":\"https:\\\/\\\/www.organisator.ch\\\/#\\\/schema\\\/logo\\\/image\\\/\"},\"sameAs\":[\"https:\\\/\\\/www.facebook.com\\\/OrganisatorFachmagazin\",\"https:\\\/\\\/www.linkedin.com\\\/showcase\\\/organisator-das-magazin-fr-kmu\",\"https:\\\/\\\/www.xing.com\\\/news\\\/pages\\\/organisator-ch-695\",\"https:\\\/\\\/www.youtube.com\\\/channel\\\/UCGP2Sq0iWaZwT3BdIAQFYpw\"]},{\"@type\":\"Person\",\"@id\":\"https:\\\/\\\/www.organisator.ch\\\/#\\\/schema\\\/person\\\/6f650f90b2842cd4c0cc334b4e36f67e\",\"name\":\"thomas.berner\",\"image\":{\"@type\":\"ImageObject\",\"inLanguage\":\"de\",\"@id\":\"https:\\\/\\\/secure.gravatar.com\\\/avatar\\\/ac5001d2a36cb6c6cd3e50789007ffca834b477b74a2144564522e944eabff61?s=96&d=mm&r=g\",\"url\":\"https:\\\/\\\/secure.gravatar.com\\\/avatar\\\/ac5001d2a36cb6c6cd3e50789007ffca834b477b74a2144564522e944eabff61?s=96&d=mm&r=g\",\"contentUrl\":\"https:\\\/\\\/secure.gravatar.com\\\/avatar\\\/ac5001d2a36cb6c6cd3e50789007ffca834b477b74a2144564522e944eabff61?s=96&d=mm&r=g\",\"caption\":\"thomas.berner\"},\"url\":\"https:\\\/\\\/www.organisator.ch\\\/de\\\/author\\\/thomas-berner\\\/\"}]}<\/script>\n<!-- \/ Yoast SEO plugin. -->","yoast_head_json":{"title":"Klimastiftung Schweiz blickt auf wegweisendes Jahr zur\u00fcck - Organisator","description":"Die Klimastiftung Schweiz hat ein wegweisendes Jahr hinter sich. Insgesamt f\u00fcnf neue Partnerschaften konnten aufgegleist werden.","robots":{"index":"index","follow":"follow","max-snippet":"max-snippet:-1","max-image-preview":"max-image-preview:large","max-video-preview":"max-video-preview:-1"},"canonical":"https:\/\/www.organisator.ch\/de\/sustainability\/2022-04-27\/klimastiftung-schweiz-blickt-auf-wegweisendes-jahr-zurueck\/","og_locale":"de_DE","og_type":"article","og_title":"Klimastiftung Schweiz blickt auf wegweisendes Jahr zur\u00fcck","og_description":"Die Klimastiftung Schweiz hat ein wegweisendes Jahr hinter sich. Insgesamt f\u00fcnf neue Partnerschaften konnten aufgegleist werden.","og_url":"https:\/\/www.organisator.ch\/de\/sustainability\/2022-04-27\/klimastiftung-schweiz-blickt-auf-wegweisendes-jahr-zurueck\/","og_site_name":"Organisator","article_publisher":"https:\/\/www.facebook.com\/OrganisatorFachmagazin","article_published_time":"2022-04-27T03:16:42+00:00","article_modified_time":"2022-04-27T07:16:34+00:00","og_image":[{"width":680,"height":383,"url":"https:\/\/www.organisator.ch\/wp-content\/uploads\/2022\/04\/Klimastiftung-Schweiz-blickt-auf-wegweisendes-Jahr-zurueck_Organisator.jpg","type":"image\/jpeg"}],"author":"thomas.berner","twitter_card":"summary_large_image","twitter_title":"#Klimastiftung Schweiz blickt auf wegweisendes Jahr zur\u00fcck","twitter_description":"Die #Klimastiftung Schweiz hat ein wegweisendes Jahr hinter sich. Insgesamt f\u00fcnf neue #Partnerschaften konnten aufgegleist werden.","twitter_image":"https:\/\/www.organisator.ch\/wp-content\/uploads\/2022\/04\/Klimastiftung-Schweiz-blickt-auf-wegweisendes-Jahr-zurueck_Organisator.jpg","schema":{"@context":"https:\/\/schema.org","@graph":[{"@type":"Article","@id":"https:\/\/www.organisator.ch\/sustainability\/2022-04-27\/klimastiftung-schweiz-blickt-auf-wegweisendes-jahr-zurueck\/#article","isPartOf":{"@id":"https:\/\/www.organisator.ch\/sustainability\/2022-04-27\/klimastiftung-schweiz-blickt-auf-wegweisendes-jahr-zurueck\/"},"author":{"name":"thomas.berner","@id":"https:\/\/www.organisator.ch\/#\/schema\/person\/6f650f90b2842cd4c0cc334b4e36f67e"},"headline":"Klimastiftung Schweiz blickt auf wegweisendes Jahr zur\u00fcck","datePublished":"2022-04-27T03:16:42+00:00","dateModified":"2022-04-27T07:16:34+00:00","mainEntityOfPage":{"@id":"https:\/\/www.organisator.ch\/sustainability\/2022-04-27\/klimastiftung-schweiz-blickt-auf-wegweisendes-jahr-zurueck\/"},"wordCount":496,"publisher":{"@id":"https:\/\/www.organisator.ch\/#organization"},"image":{"@id":"https:\/\/www.organisator.ch\/sustainability\/2022-04-27\/klimastiftung-schweiz-blickt-auf-wegweisendes-jahr-zurueck\/#primaryimage"},"thumbnailUrl":"https:\/\/www.organisator.ch\/wp-content\/uploads\/2022\/04\/Klimastiftung-Schweiz-blickt-auf-wegweisendes-Jahr-zurueck_Organisator.jpg","keywords":["Klimastiftung","Nachhaltige Wirtschaft","Wirtschaftsf\u00f6rderung"],"articleSection":["SUSTAINABILITY"],"inLanguage":"de"},{"@type":"WebPage","@id":"https:\/\/www.organisator.ch\/sustainability\/2022-04-27\/klimastiftung-schweiz-blickt-auf-wegweisendes-jahr-zurueck\/","url":"https:\/\/www.organisator.ch\/sustainability\/2022-04-27\/klimastiftung-schweiz-blickt-auf-wegweisendes-jahr-zurueck\/","name":"Klimastiftung Schweiz blickt auf wegweisendes Jahr zur\u00fcck - Organisator","isPartOf":{"@id":"https:\/\/www.organisator.ch\/#website"},"primaryImageOfPage":{"@id":"https:\/\/www.organisator.ch\/sustainability\/2022-04-27\/klimastiftung-schweiz-blickt-auf-wegweisendes-jahr-zurueck\/#primaryimage"},"image":{"@id":"https:\/\/www.organisator.ch\/sustainability\/2022-04-27\/klimastiftung-schweiz-blickt-auf-wegweisendes-jahr-zurueck\/#primaryimage"},"thumbnailUrl":"https:\/\/www.organisator.ch\/wp-content\/uploads\/2022\/04\/Klimastiftung-Schweiz-blickt-auf-wegweisendes-Jahr-zurueck_Organisator.jpg","datePublished":"2022-04-27T03:16:42+00:00","dateModified":"2022-04-27T07:16:34+00:00","description":"Die Klimastiftung Schweiz hat ein wegweisendes Jahr hinter sich. Insgesamt f\u00fcnf neue Partnerschaften konnten aufgegleist werden.","breadcrumb":{"@id":"https:\/\/www.organisator.ch\/sustainability\/2022-04-27\/klimastiftung-schweiz-blickt-auf-wegweisendes-jahr-zurueck\/#breadcrumb"},"inLanguage":"de","potentialAction":[{"@type":"ReadAction","target":["https:\/\/www.organisator.ch\/sustainability\/2022-04-27\/klimastiftung-schweiz-blickt-auf-wegweisendes-jahr-zurueck\/"]}]},{"@type":"ImageObject","inLanguage":"de","@id":"https:\/\/www.organisator.ch\/sustainability\/2022-04-27\/klimastiftung-schweiz-blickt-auf-wegweisendes-jahr-zurueck\/#primaryimage","url":"https:\/\/www.organisator.ch\/wp-content\/uploads\/2022\/04\/Klimastiftung-Schweiz-blickt-auf-wegweisendes-Jahr-zurueck_Organisator.jpg","contentUrl":"https:\/\/www.organisator.ch\/wp-content\/uploads\/2022\/04\/Klimastiftung-Schweiz-blickt-auf-wegweisendes-Jahr-zurueck_Organisator.jpg"},{"@type":"BreadcrumbList","@id":"https:\/\/www.organisator.ch\/sustainability\/2022-04-27\/klimastiftung-schweiz-blickt-auf-wegweisendes-jahr-zurueck\/#breadcrumb","itemListElement":[{"@type":"ListItem","position":1,"name":"Home","item":"https:\/\/www.organisator.ch\/"},{"@type":"ListItem","position":2,"name":"Klimastiftung Schweiz blickt auf wegweisendes Jahr zur\u00fcck"}]},{"@type":"WebSite","@id":"https:\/\/www.organisator.ch\/#website","url":"https:\/\/www.organisator.ch\/","name":"Organisator","description":"Kompetent. Praxisnah. Der ORGANISATOR bereitet in 10 Ausgaben pro Jahr die wesentlichen Themen f\u00fcr F\u00fchrungskr\u00e4fte von KMU auf.","publisher":{"@id":"https:\/\/www.organisator.ch\/#organization"},"potentialAction":[{"@type":"SearchAction","target":{"@type":"EntryPoint","urlTemplate":"https:\/\/www.organisator.ch\/?s={search_term_string}"},"query-input":{"@type":"PropertyValueSpecification","valueRequired":true,"valueName":"search_term_string"}}],"inLanguage":"de"},{"@type":"Organization","@id":"https:\/\/www.organisator.ch\/#organization","name":"Organisator","url":"https:\/\/www.organisator.ch\/","logo":{"@type":"ImageObject","inLanguage":"de","@id":"https:\/\/www.organisator.ch\/#\/schema\/logo\/image\/","url":"https:\/\/www.organisator.ch\/wp-content\/uploads\/2022\/01\/Logo_Organisator_Website.png","contentUrl":"https:\/\/www.organisator.ch\/wp-content\/uploads\/2022\/01\/Logo_Organisator_Website.png","width":800,"height":77,"caption":"Organisator"},"image":{"@id":"https:\/\/www.organisator.ch\/#\/schema\/logo\/image\/"},"sameAs":["https:\/\/www.facebook.com\/OrganisatorFachmagazin","https:\/\/www.linkedin.com\/showcase\/organisator-das-magazin-fr-kmu","https:\/\/www.xing.com\/news\/pages\/organisator-ch-695","https:\/\/www.youtube.com\/channel\/UCGP2Sq0iWaZwT3BdIAQFYpw"]},{"@type":"Person","@id":"https:\/\/www.organisator.ch\/#\/schema\/person\/6f650f90b2842cd4c0cc334b4e36f67e","name":"thomas.berner","image":{"@type":"ImageObject","inLanguage":"de","@id":"https:\/\/secure.gravatar.com\/avatar\/ac5001d2a36cb6c6cd3e50789007ffca834b477b74a2144564522e944eabff61?s=96&d=mm&r=g","url":"https:\/\/secure.gravatar.com\/avatar\/ac5001d2a36cb6c6cd3e50789007ffca834b477b74a2144564522e944eabff61?s=96&d=mm&r=g","contentUrl":"https:\/\/secure.gravatar.com\/avatar\/ac5001d2a36cb6c6cd3e50789007ffca834b477b74a2144564522e944eabff61?s=96&d=mm&r=g","caption":"thomas.berner"},"url":"https:\/\/www.organisator.ch\/de\/author\/thomas-berner\/"}]}},"_links":{"self":[{"href":"https:\/\/www.organisator.ch\/de\/wp-json\/wp\/v2\/posts\/12664","targetHints":{"allow":["GET"]}}],"collection":[{"href":"https:\/\/www.organisator.ch\/de\/wp-json\/wp\/v2\/posts"}],"about":[{"href":"https:\/\/www.organisator.ch\/de\/wp-json\/wp\/v2\/types\/post"}],"author":[{"embeddable":true,"href":"https:\/\/www.organisator.ch\/de\/wp-json\/wp\/v2\/users\/4"}],"replies":[{"embeddable":true,"href":"https:\/\/www.organisator.ch\/de\/wp-json\/wp\/v2\/comments?post=12664"}],"version-history":[{"count":4,"href":"https:\/\/www.organisator.ch\/de\/wp-json\/wp\/v2\/posts\/12664\/revisions"}],"predecessor-version":[{"id":12688,"href":"https:\/\/www.organisator.ch\/de\/wp-json\/wp\/v2\/posts\/12664\/revisions\/12688"}],"wp:attachment":[{"href":"https:\/\/www.organisator.ch\/de\/wp-json\/wp\/v2\/media?parent=12664"}],"wp:term":[{"taxonomy":"category","embeddable":true,"href":"https:\/\/www.organisator.ch\/de\/wp-json\/wp\/v2\/categories?post=12664"},{"taxonomy":"post_tag","embeddable":true,"href":"https:\/\/www.organisator.ch\/de\/wp-json\/wp\/v2\/tags?post=12664"}],"curies":[{"name":"wp","href":"https:\/\/api.w.org\/{rel}","templated":true}]}}