{"id":12697,"date":"2022-04-27T14:46:40","date_gmt":"2022-04-27T12:46:40","guid":{"rendered":"https:\/\/www.werbewoche.ch\/?p=169916"},"modified":"2022-07-30T15:50:52","modified_gmt":"2022-07-30T13:50:52","slug":"vier-buecher-die-sie-interessieren-koennten-3","status":"publish","type":"post","link":"https:\/\/www.organisator.ch\/de\/marketing\/2022-04-27\/vier-buecher-die-sie-interessieren-koennten-3\/","title":{"rendered":"Vier B\u00fccher, die Sie interessieren k\u00f6nnten"},"content":{"rendered":"<img class=\"aligncenter wp-image-169917 size-full\" src=\"https:\/\/www.werbewoche.ch\/wp-content\/uploads\/2022\/04\/getabstract-lesetipps.jpg\" alt=\"B\u00fccher\" width=\"1200\" height=\"756\" \/>\r\n\r\n<strong>Der Change-Code<\/strong>\r\n\r\n<em>Wie Menschen sich f\u00fcr Ver\u00e4nderungen begeistern und Unternehmen damit gewinnen. <\/em>\r\n<ul>\r\n \t<li>Autor: Dieter Lederer<\/li>\r\n \t<li>Verlag: Wiley-VCH, 2022<\/li>\r\n \t<li>Seiten: 262<\/li>\r\n \t<li>ISBN: 9783527511075<\/li>\r\n<\/ul>\r\nChange-Projekte scheitern, weil sie sich nicht am Menschen orientieren und die Gef\u00fchle der Mitarbeitenden ignorieren. Das ist Dieter Lederers zentrale These. Aus ihr leitet er seinen \u00abChange-Code\u00bb ab, der aus drei Elementen besteht: einer sinnhaften und verst\u00e4ndlichen Ver\u00e4nderungsstrategie, dem geschlossenen Auftreten der F\u00fchrungskr\u00e4fte und der Wertsch\u00e4tzung von Gef\u00fchlen. Die Zielgruppe des Buches bildet vor allem F\u00fchrungskr\u00e4fte der zweiten Ebene. Sie haben es in der Hand, ihre Mitarbeitenden dazu zu bewegen, den Weg mitzugehen.\r\n\r\n<strong><img class=\"aligncenter wp-image-169918 size-full\" src=\"https:\/\/www.werbewoche.ch\/wp-content\/uploads\/2022\/04\/Der-Change-Code.jpg\" alt=\"B\u00fccher\" width=\"1200\" height=\"850\" \/>Psychologische Sicherheit in Unternehmen<\/strong>\r\n\r\n<em>Wie Hochleistungsteams wirklich funktionieren. <\/em>\r\n\r\nAutor: Ina Goller und Tanja Laufer\r\n\r\nVerlag: Springer Gabler, 2018\r\n\r\nSeiten: 56\r\n\r\nISBN: 9783658213374\r\n\r\nPsychologische Sicherheit ist entscheidend, wenn es darum geht, Teams zu H\u00f6chstleistungen zu motivieren. Doch leider sieht die Realit\u00e4t in vielen Unternehmen anders aus \u2013 wer Probleme anspricht, erntet Schweigen oder aggressive Reaktionen. In der Folge sinken unter anderem Motivation und Innovativit\u00e4t. Die Autorinnen erkl\u00e4ren, wie es gelingt, ein sicheres Arbeitsumfeld zu schaffen, und wieso es dabei vor allem auf die F\u00fchrungskr\u00e4fte ankommt. Ein lesenswertes Buch, vollgepackt mit praktischen Tipps, in dem aber auch der theoretische Hintergrund nicht zu kurz kommt.\r\n\r\n<img class=\"aligncenter wp-image-169920 size-full\" src=\"https:\/\/www.werbewoche.ch\/wp-content\/uploads\/2022\/04\/Psychologische-Sicherheit-in-Unternehmen.jpg\" alt=\"B\u00fccher\" width=\"1200\" height=\"850\" \/>\r\n\r\n<strong>Boost \u2013 Denken wie Elon Musk und Co<\/strong>\r\n\r\n<em>Wissenschaftlich erprobte Strategien f\u00fcr gigantische Fortschritte in Beruf und Privatleben. <\/em>\r\n\r\nAutor: Ozan Varol\r\n\r\nVerlag: Books4Success, 2021\r\n\r\nSeiten: 416\r\n\r\nISBN: 9783864707315\r\n\r\nDas Buch heisst im englischen Original \u00abThink Like a Rocket Scientist\u00bb. Der ehemalige NASA-Mitarbeiter Ozan Varol erkl\u00e4rt hier, warum es gar nicht so schwierig ist, wie ein Raketenwissenschaftler zu denken \u2013 vor allem aber, welche Vorteile es etwa f\u00fcr Produktentwickler in der Privatwirtschaft mit sich bringt. Locker im Ton und angereichert mit vielen Anekdoten gibt Ihnen das Buch Werkzeuge an die Hand, mit denen Sie ausgetretene Denkpfade verlassen und scheinbar Gegebenes gezielt infrage stellen k\u00f6nnen. Ein inspirierendes Buch f\u00fcr im Innovationsbereich T\u00e4tige.\r\n\r\n<strong><img class=\"aligncenter wp-image-169921 size-full\" src=\"https:\/\/www.werbewoche.ch\/wp-content\/uploads\/2022\/04\/boost-denken-wie-elon-musk-und-co.jpg\" alt=\"B\u00fccher\" width=\"1200\" height=\"850\" \/>Lernhacks<\/strong>\r\n\r\n<em>Mit einfachen Routinen Schritt f\u00fcr Schritt zur agilen Lernkultur. <\/em>\r\n\r\nAutor: Thomas Tillmann und Jan Sch\u00f6nfeld\r\n\r\nVerlag: Vahlen Verlag, 2021\r\n\r\nSeiten: 215\r\n\r\nISBN: 9783800664986\r\n\r\nMit ihrer Firma Lernhacks haben die Autoren Unternehmen wie Porsche, Bosch und die Deutsche Bahn auf dem Weg zu einer agilen, eigenverantwortlichen Lernkultur begleitet. Die besten Lernroutinen haben sie in diesem Buch zusammengestellt. Entstanden ist ein n\u00fctzliches Kompendium in sch\u00f6nem, \u00fcbersichtlichem Design. Es bietet viele praktische Tipps, Methoden und Inspirationen f\u00fcr alle, die die Floskel vom lebenslangen Lernen mit Leben f\u00fcllen wollen \u2013 Spass und Erfolg sind garantiert.<img class=\"aligncenter wp-image-169919 size-full\" src=\"https:\/\/www.werbewoche.ch\/wp-content\/uploads\/2022\/04\/lernhacks.jpg\" alt=\"B\u00fccher\" width=\"1200\" height=\"850\" \/>","protected":false},"excerpt":{"rendered":"<p>Der Change-Code Wie Menschen sich f\u00fcr Ver\u00e4nderungen begeistern und Unternehmen damit gewinnen. Autor: Dieter Lederer Verlag: Wiley-VCH, 2022 Seiten: 262 ISBN: 9783527511075 Change-Projekte scheitern, weil sie sich nicht am Menschen orientieren und die Gef\u00fchle der Mitarbeitenden ignorieren. Das ist Dieter Lederers zentrale These. Aus ihr leitet er seinen \u00abChange-Code\u00bb ab, der aus drei Elementen besteht: [\u2026]<\/p>\n","protected":false},"author":8,"featured_media":0,"comment_status":"closed","ping_status":"closed","sticky":false,"template":"","format":"standard","meta":{"_acf_changed":false,"_yoast_wpseo_focuskw":"B\u00fccher","_yoast_wpseo_metadesc":"In Zusammenarbeit mit GetAbstract stellen wir Ihnen vier B\u00fccher aus dem Marketing- und Kommunikationsbereich vor.","articlekey":"","footnotes":""},"categories":[29],"tags":[2947,3211],"class_list":["post-12697","post","type-post","status-publish","format-standard","hentry","category-marketing","tag-buecher","tag-interessieren"],"acf":[],"yoast_head":"<!-- This site is optimized with the Yoast SEO plugin v27.5 - https:\/\/yoast.com\/product\/yoast-seo-wordpress\/ -->\n<title>Vier B\u00fccher, die Sie interessieren k\u00f6nnten - Organisator<\/title>\n<meta name=\"description\" content=\"In Zusammenarbeit mit GetAbstract stellen wir Ihnen vier B\u00fccher aus dem Marketing- und Kommunikationsbereich vor.\" \/>\n<meta name=\"robots\" content=\"index, follow, max-snippet:-1, max-image-preview:large, max-video-preview:-1\" \/>\n<link rel=\"canonical\" href=\"https:\/\/www.werbewoche.ch\/de\/marketing\/2022-04-27\/vier-buecher-die-sie-interessieren-koennten-14\/\" \/>\n<meta property=\"og:locale\" content=\"de_DE\" \/>\n<meta property=\"og:type\" content=\"article\" \/>\n<meta property=\"og:title\" content=\"Vier B\u00fccher, die Sie interessieren k\u00f6nnten - Organisator\" \/>\n<meta property=\"og:description\" content=\"In Zusammenarbeit mit GetAbstract stellen wir Ihnen vier B\u00fccher aus dem Marketing- und Kommunikationsbereich vor.\" \/>\n<meta property=\"og:url\" content=\"https:\/\/www.werbewoche.ch\/de\/marketing\/2022-04-27\/vier-buecher-die-sie-interessieren-koennten-14\/\" \/>\n<meta property=\"og:site_name\" content=\"Organisator\" \/>\n<meta property=\"article:publisher\" content=\"https:\/\/www.facebook.com\/OrganisatorFachmagazin\" \/>\n<meta property=\"article:published_time\" content=\"2022-04-27T12:46:40+00:00\" \/>\n<meta property=\"article:modified_time\" content=\"2022-07-30T13:50:52+00:00\" \/>\n<meta property=\"og:image\" content=\"https:\/\/www.werbewoche.ch\/wp-content\/uploads\/2022\/04\/getabstract-lesetipps.jpg\" \/>\n<meta name=\"author\" content=\"galledia\" \/>\n<meta name=\"twitter:card\" content=\"summary_large_image\" \/>\n<meta name=\"twitter:creator\" content=\"@admin\" \/>\n<script type=\"application\/ld+json\" class=\"yoast-schema-graph\">{\"@context\":\"https:\\\/\\\/schema.org\",\"@graph\":[{\"@type\":\"Article\",\"@id\":\"https:\\\/\\\/www.werbewoche.ch\\\/de\\\/marketing\\\/2022-04-27\\\/vier-buecher-die-sie-interessieren-koennten-14\\\/#article\",\"isPartOf\":{\"@id\":\"https:\\\/\\\/www.organisator.ch\\\/marketing\\\/2022-04-27\\\/vier-buecher-die-sie-interessieren-koennten-3\\\/\"},\"author\":{\"name\":\"galledia\",\"@id\":\"https:\\\/\\\/www.organisator.ch\\\/#\\\/schema\\\/person\\\/4e51799071cd2dd1232ac003643ef5f0\"},\"headline\":\"Vier B\u00fccher, die Sie interessieren k\u00f6nnten\",\"datePublished\":\"2022-04-27T12:46:40+00:00\",\"dateModified\":\"2022-07-30T13:50:52+00:00\",\"mainEntityOfPage\":{\"@id\":\"https:\\\/\\\/www.organisator.ch\\\/marketing\\\/2022-04-27\\\/vier-buecher-die-sie-interessieren-koennten-3\\\/\"},\"wordCount\":421,\"publisher\":{\"@id\":\"https:\\\/\\\/www.organisator.ch\\\/#organization\"},\"image\":{\"@id\":\"https:\\\/\\\/www.werbewoche.ch\\\/de\\\/marketing\\\/2022-04-27\\\/vier-buecher-die-sie-interessieren-koennten-14\\\/#primaryimage\"},\"thumbnailUrl\":\"https:\\\/\\\/www.werbewoche.ch\\\/wp-content\\\/uploads\\\/2022\\\/04\\\/getabstract-lesetipps.jpg\",\"keywords\":[\"B\u00fccher\",\"interessieren\"],\"articleSection\":[\"MARKETING\"],\"inLanguage\":\"de\"},{\"@type\":\"WebPage\",\"@id\":\"https:\\\/\\\/www.organisator.ch\\\/marketing\\\/2022-04-27\\\/vier-buecher-die-sie-interessieren-koennten-3\\\/\",\"url\":\"https:\\\/\\\/www.werbewoche.ch\\\/de\\\/marketing\\\/2022-04-27\\\/vier-buecher-die-sie-interessieren-koennten-14\\\/\",\"name\":\"Vier B\u00fccher, die Sie interessieren k\u00f6nnten - Organisator\",\"isPartOf\":{\"@id\":\"https:\\\/\\\/www.organisator.ch\\\/#website\"},\"primaryImageOfPage\":{\"@id\":\"https:\\\/\\\/www.werbewoche.ch\\\/de\\\/marketing\\\/2022-04-27\\\/vier-buecher-die-sie-interessieren-koennten-14\\\/#primaryimage\"},\"image\":{\"@id\":\"https:\\\/\\\/www.werbewoche.ch\\\/de\\\/marketing\\\/2022-04-27\\\/vier-buecher-die-sie-interessieren-koennten-14\\\/#primaryimage\"},\"thumbnailUrl\":\"https:\\\/\\\/www.werbewoche.ch\\\/wp-content\\\/uploads\\\/2022\\\/04\\\/getabstract-lesetipps.jpg\",\"datePublished\":\"2022-04-27T12:46:40+00:00\",\"dateModified\":\"2022-07-30T13:50:52+00:00\",\"description\":\"In Zusammenarbeit mit GetAbstract stellen wir Ihnen vier B\u00fccher aus dem Marketing- und Kommunikationsbereich vor.\",\"breadcrumb\":{\"@id\":\"https:\\\/\\\/www.werbewoche.ch\\\/de\\\/marketing\\\/2022-04-27\\\/vier-buecher-die-sie-interessieren-koennten-14\\\/#breadcrumb\"},\"inLanguage\":\"de\",\"potentialAction\":[{\"@type\":\"ReadAction\",\"target\":[\"https:\\\/\\\/www.werbewoche.ch\\\/de\\\/marketing\\\/2022-04-27\\\/vier-buecher-die-sie-interessieren-koennten-14\\\/\"]}]},{\"@type\":\"ImageObject\",\"inLanguage\":\"de\",\"@id\":\"https:\\\/\\\/www.werbewoche.ch\\\/de\\\/marketing\\\/2022-04-27\\\/vier-buecher-die-sie-interessieren-koennten-14\\\/#primaryimage\",\"url\":\"https:\\\/\\\/www.werbewoche.ch\\\/wp-content\\\/uploads\\\/2022\\\/04\\\/getabstract-lesetipps.jpg\",\"contentUrl\":\"https:\\\/\\\/www.werbewoche.ch\\\/wp-content\\\/uploads\\\/2022\\\/04\\\/getabstract-lesetipps.jpg\"},{\"@type\":\"BreadcrumbList\",\"@id\":\"https:\\\/\\\/www.werbewoche.ch\\\/de\\\/marketing\\\/2022-04-27\\\/vier-buecher-die-sie-interessieren-koennten-14\\\/#breadcrumb\",\"itemListElement\":[{\"@type\":\"ListItem\",\"position\":1,\"name\":\"Home\",\"item\":\"https:\\\/\\\/www.organisator.ch\\\/\"},{\"@type\":\"ListItem\",\"position\":2,\"name\":\"Vier B\u00fccher, die Sie interessieren k\u00f6nnten\"}]},{\"@type\":\"WebSite\",\"@id\":\"https:\\\/\\\/www.organisator.ch\\\/#website\",\"url\":\"https:\\\/\\\/www.organisator.ch\\\/\",\"name\":\"Organisator\",\"description\":\"Kompetent. Praxisnah. Der ORGANISATOR bereitet in 10 Ausgaben pro Jahr die wesentlichen Themen f\u00fcr F\u00fchrungskr\u00e4fte von KMU auf.\",\"publisher\":{\"@id\":\"https:\\\/\\\/www.organisator.ch\\\/#organization\"},\"potentialAction\":[{\"@type\":\"SearchAction\",\"target\":{\"@type\":\"EntryPoint\",\"urlTemplate\":\"https:\\\/\\\/www.organisator.ch\\\/?s={search_term_string}\"},\"query-input\":{\"@type\":\"PropertyValueSpecification\",\"valueRequired\":true,\"valueName\":\"search_term_string\"}}],\"inLanguage\":\"de\"},{\"@type\":\"Organization\",\"@id\":\"https:\\\/\\\/www.organisator.ch\\\/#organization\",\"name\":\"Organisator\",\"url\":\"https:\\\/\\\/www.organisator.ch\\\/\",\"logo\":{\"@type\":\"ImageObject\",\"inLanguage\":\"de\",\"@id\":\"https:\\\/\\\/www.organisator.ch\\\/#\\\/schema\\\/logo\\\/image\\\/\",\"url\":\"https:\\\/\\\/www.organisator.ch\\\/wp-content\\\/uploads\\\/2022\\\/01\\\/Logo_Organisator_Website.png\",\"contentUrl\":\"https:\\\/\\\/www.organisator.ch\\\/wp-content\\\/uploads\\\/2022\\\/01\\\/Logo_Organisator_Website.png\",\"width\":800,\"height\":77,\"caption\":\"Organisator\"},\"image\":{\"@id\":\"https:\\\/\\\/www.organisator.ch\\\/#\\\/schema\\\/logo\\\/image\\\/\"},\"sameAs\":[\"https:\\\/\\\/www.facebook.com\\\/OrganisatorFachmagazin\",\"https:\\\/\\\/www.linkedin.com\\\/showcase\\\/organisator-das-magazin-fr-kmu\",\"https:\\\/\\\/www.xing.com\\\/news\\\/pages\\\/organisator-ch-695\",\"https:\\\/\\\/www.youtube.com\\\/channel\\\/UCGP2Sq0iWaZwT3BdIAQFYpw\"]},{\"@type\":\"Person\",\"@id\":\"https:\\\/\\\/www.organisator.ch\\\/#\\\/schema\\\/person\\\/4e51799071cd2dd1232ac003643ef5f0\",\"name\":\"galledia\",\"image\":{\"@type\":\"ImageObject\",\"inLanguage\":\"de\",\"@id\":\"https:\\\/\\\/secure.gravatar.com\\\/avatar\\\/78a7f90c01fc2bfc875782a0d4922b37cde2cf184ce347b91316d23cd7f69a36?s=96&d=mm&r=g\",\"url\":\"https:\\\/\\\/secure.gravatar.com\\\/avatar\\\/78a7f90c01fc2bfc875782a0d4922b37cde2cf184ce347b91316d23cd7f69a36?s=96&d=mm&r=g\",\"contentUrl\":\"https:\\\/\\\/secure.gravatar.com\\\/avatar\\\/78a7f90c01fc2bfc875782a0d4922b37cde2cf184ce347b91316d23cd7f69a36?s=96&d=mm&r=g\",\"caption\":\"galledia\"},\"sameAs\":[\"https:\\\/\\\/x.com\\\/admin\"],\"url\":\"https:\\\/\\\/www.organisator.ch\\\/de\\\/author\\\/galledia\\\/\"}]}<\/script>\n<!-- \/ Yoast SEO plugin. -->","yoast_head_json":{"title":"Vier B\u00fccher, die Sie interessieren k\u00f6nnten - Organisator","description":"In Zusammenarbeit mit GetAbstract stellen wir Ihnen vier B\u00fccher aus dem Marketing- und Kommunikationsbereich vor.","robots":{"index":"index","follow":"follow","max-snippet":"max-snippet:-1","max-image-preview":"max-image-preview:large","max-video-preview":"max-video-preview:-1"},"canonical":"https:\/\/www.werbewoche.ch\/de\/marketing\/2022-04-27\/vier-buecher-die-sie-interessieren-koennten-14\/","og_locale":"de_DE","og_type":"article","og_title":"Vier B\u00fccher, die Sie interessieren k\u00f6nnten - Organisator","og_description":"In Zusammenarbeit mit GetAbstract stellen wir Ihnen vier B\u00fccher aus dem Marketing- und Kommunikationsbereich vor.","og_url":"https:\/\/www.werbewoche.ch\/de\/marketing\/2022-04-27\/vier-buecher-die-sie-interessieren-koennten-14\/","og_site_name":"Organisator","article_publisher":"https:\/\/www.facebook.com\/OrganisatorFachmagazin","article_published_time":"2022-04-27T12:46:40+00:00","article_modified_time":"2022-07-30T13:50:52+00:00","og_image":[{"url":"https:\/\/www.werbewoche.ch\/wp-content\/uploads\/2022\/04\/getabstract-lesetipps.jpg","type":"","width":"","height":""}],"author":"galledia","twitter_card":"summary_large_image","twitter_creator":"@admin","schema":{"@context":"https:\/\/schema.org","@graph":[{"@type":"Article","@id":"https:\/\/www.werbewoche.ch\/de\/marketing\/2022-04-27\/vier-buecher-die-sie-interessieren-koennten-14\/#article","isPartOf":{"@id":"https:\/\/www.organisator.ch\/marketing\/2022-04-27\/vier-buecher-die-sie-interessieren-koennten-3\/"},"author":{"name":"galledia","@id":"https:\/\/www.organisator.ch\/#\/schema\/person\/4e51799071cd2dd1232ac003643ef5f0"},"headline":"Vier B\u00fccher, die Sie interessieren k\u00f6nnten","datePublished":"2022-04-27T12:46:40+00:00","dateModified":"2022-07-30T13:50:52+00:00","mainEntityOfPage":{"@id":"https:\/\/www.organisator.ch\/marketing\/2022-04-27\/vier-buecher-die-sie-interessieren-koennten-3\/"},"wordCount":421,"publisher":{"@id":"https:\/\/www.organisator.ch\/#organization"},"image":{"@id":"https:\/\/www.werbewoche.ch\/de\/marketing\/2022-04-27\/vier-buecher-die-sie-interessieren-koennten-14\/#primaryimage"},"thumbnailUrl":"https:\/\/www.werbewoche.ch\/wp-content\/uploads\/2022\/04\/getabstract-lesetipps.jpg","keywords":["B\u00fccher","interessieren"],"articleSection":["MARKETING"],"inLanguage":"de"},{"@type":"WebPage","@id":"https:\/\/www.organisator.ch\/marketing\/2022-04-27\/vier-buecher-die-sie-interessieren-koennten-3\/","url":"https:\/\/www.werbewoche.ch\/de\/marketing\/2022-04-27\/vier-buecher-die-sie-interessieren-koennten-14\/","name":"Vier B\u00fccher, die Sie interessieren k\u00f6nnten - Organisator","isPartOf":{"@id":"https:\/\/www.organisator.ch\/#website"},"primaryImageOfPage":{"@id":"https:\/\/www.werbewoche.ch\/de\/marketing\/2022-04-27\/vier-buecher-die-sie-interessieren-koennten-14\/#primaryimage"},"image":{"@id":"https:\/\/www.werbewoche.ch\/de\/marketing\/2022-04-27\/vier-buecher-die-sie-interessieren-koennten-14\/#primaryimage"},"thumbnailUrl":"https:\/\/www.werbewoche.ch\/wp-content\/uploads\/2022\/04\/getabstract-lesetipps.jpg","datePublished":"2022-04-27T12:46:40+00:00","dateModified":"2022-07-30T13:50:52+00:00","description":"In Zusammenarbeit mit GetAbstract stellen wir Ihnen vier B\u00fccher aus dem Marketing- und Kommunikationsbereich vor.","breadcrumb":{"@id":"https:\/\/www.werbewoche.ch\/de\/marketing\/2022-04-27\/vier-buecher-die-sie-interessieren-koennten-14\/#breadcrumb"},"inLanguage":"de","potentialAction":[{"@type":"ReadAction","target":["https:\/\/www.werbewoche.ch\/de\/marketing\/2022-04-27\/vier-buecher-die-sie-interessieren-koennten-14\/"]}]},{"@type":"ImageObject","inLanguage":"de","@id":"https:\/\/www.werbewoche.ch\/de\/marketing\/2022-04-27\/vier-buecher-die-sie-interessieren-koennten-14\/#primaryimage","url":"https:\/\/www.werbewoche.ch\/wp-content\/uploads\/2022\/04\/getabstract-lesetipps.jpg","contentUrl":"https:\/\/www.werbewoche.ch\/wp-content\/uploads\/2022\/04\/getabstract-lesetipps.jpg"},{"@type":"BreadcrumbList","@id":"https:\/\/www.werbewoche.ch\/de\/marketing\/2022-04-27\/vier-buecher-die-sie-interessieren-koennten-14\/#breadcrumb","itemListElement":[{"@type":"ListItem","position":1,"name":"Home","item":"https:\/\/www.organisator.ch\/"},{"@type":"ListItem","position":2,"name":"Vier B\u00fccher, die Sie interessieren k\u00f6nnten"}]},{"@type":"WebSite","@id":"https:\/\/www.organisator.ch\/#website","url":"https:\/\/www.organisator.ch\/","name":"Organisator","description":"Kompetent. Praxisnah. Der ORGANISATOR bereitet in 10 Ausgaben pro Jahr die wesentlichen Themen f\u00fcr F\u00fchrungskr\u00e4fte von KMU auf.","publisher":{"@id":"https:\/\/www.organisator.ch\/#organization"},"potentialAction":[{"@type":"SearchAction","target":{"@type":"EntryPoint","urlTemplate":"https:\/\/www.organisator.ch\/?s={search_term_string}"},"query-input":{"@type":"PropertyValueSpecification","valueRequired":true,"valueName":"search_term_string"}}],"inLanguage":"de"},{"@type":"Organization","@id":"https:\/\/www.organisator.ch\/#organization","name":"Organisator","url":"https:\/\/www.organisator.ch\/","logo":{"@type":"ImageObject","inLanguage":"de","@id":"https:\/\/www.organisator.ch\/#\/schema\/logo\/image\/","url":"https:\/\/www.organisator.ch\/wp-content\/uploads\/2022\/01\/Logo_Organisator_Website.png","contentUrl":"https:\/\/www.organisator.ch\/wp-content\/uploads\/2022\/01\/Logo_Organisator_Website.png","width":800,"height":77,"caption":"Organisator"},"image":{"@id":"https:\/\/www.organisator.ch\/#\/schema\/logo\/image\/"},"sameAs":["https:\/\/www.facebook.com\/OrganisatorFachmagazin","https:\/\/www.linkedin.com\/showcase\/organisator-das-magazin-fr-kmu","https:\/\/www.xing.com\/news\/pages\/organisator-ch-695","https:\/\/www.youtube.com\/channel\/UCGP2Sq0iWaZwT3BdIAQFYpw"]},{"@type":"Person","@id":"https:\/\/www.organisator.ch\/#\/schema\/person\/4e51799071cd2dd1232ac003643ef5f0","name":"galledia","image":{"@type":"ImageObject","inLanguage":"de","@id":"https:\/\/secure.gravatar.com\/avatar\/78a7f90c01fc2bfc875782a0d4922b37cde2cf184ce347b91316d23cd7f69a36?s=96&d=mm&r=g","url":"https:\/\/secure.gravatar.com\/avatar\/78a7f90c01fc2bfc875782a0d4922b37cde2cf184ce347b91316d23cd7f69a36?s=96&d=mm&r=g","contentUrl":"https:\/\/secure.gravatar.com\/avatar\/78a7f90c01fc2bfc875782a0d4922b37cde2cf184ce347b91316d23cd7f69a36?s=96&d=mm&r=g","caption":"galledia"},"sameAs":["https:\/\/x.com\/admin"],"url":"https:\/\/www.organisator.ch\/de\/author\/galledia\/"}]}},"_links":{"self":[{"href":"https:\/\/www.organisator.ch\/de\/wp-json\/wp\/v2\/posts\/12697","targetHints":{"allow":["GET"]}}],"collection":[{"href":"https:\/\/www.organisator.ch\/de\/wp-json\/wp\/v2\/posts"}],"about":[{"href":"https:\/\/www.organisator.ch\/de\/wp-json\/wp\/v2\/types\/post"}],"author":[{"embeddable":true,"href":"https:\/\/www.organisator.ch\/de\/wp-json\/wp\/v2\/users\/8"}],"replies":[{"embeddable":true,"href":"https:\/\/www.organisator.ch\/de\/wp-json\/wp\/v2\/comments?post=12697"}],"version-history":[{"count":3,"href":"https:\/\/www.organisator.ch\/de\/wp-json\/wp\/v2\/posts\/12697\/revisions"}],"predecessor-version":[{"id":15976,"href":"https:\/\/www.organisator.ch\/de\/wp-json\/wp\/v2\/posts\/12697\/revisions\/15976"}],"wp:attachment":[{"href":"https:\/\/www.organisator.ch\/de\/wp-json\/wp\/v2\/media?parent=12697"}],"wp:term":[{"taxonomy":"category","embeddable":true,"href":"https:\/\/www.organisator.ch\/de\/wp-json\/wp\/v2\/categories?post=12697"},{"taxonomy":"post_tag","embeddable":true,"href":"https:\/\/www.organisator.ch\/de\/wp-json\/wp\/v2\/tags?post=12697"}],"curies":[{"name":"wp","href":"https:\/\/api.w.org\/{rel}","templated":true}]}}