{"id":12714,"date":"2022-04-29T08:00:36","date_gmt":"2022-04-29T06:00:36","guid":{"rendered":"https:\/\/www.organisator.ch\/?p=12714"},"modified":"2022-04-29T08:00:36","modified_gmt":"2022-04-29T06:00:36","slug":"lyreco-setzt-auf-eigenen-solarstrom","status":"publish","type":"post","link":"https:\/\/www.organisator.ch\/de\/sustainability\/2022-04-29\/lyreco-setzt-auf-eigenen-solarstrom\/","title":{"rendered":"Lyreco setzt auf eigenen Solarstrom"},"content":{"rendered":"<figure id=\"attachment_12716\" aria-describedby=\"caption-attachment-12716\" style=\"width: 680px\" class=\"wp-caption alignnone\"><img loading=\"lazy\" decoding=\"async\" class=\"size-full wp-image-12716\" src=\"https:\/\/www.organisator.ch\/wp-content\/uploads\/2022\/04\/Lyreco-setzt-auf-eigenen-Solarstrom_Organisator.jpg\" alt=\"\" width=\"680\" height=\"403\" srcset=\"https:\/\/www.organisator.ch\/wp-content\/uploads\/2022\/04\/Lyreco-setzt-auf-eigenen-Solarstrom_Organisator.jpg 680w, https:\/\/www.organisator.ch\/wp-content\/uploads\/2022\/04\/Lyreco-setzt-auf-eigenen-Solarstrom_Organisator-18x12.jpg 18w, https:\/\/www.organisator.ch\/wp-content\/uploads\/2022\/04\/Lyreco-setzt-auf-eigenen-Solarstrom_Organisator-295x175.jpg 295w, https:\/\/www.organisator.ch\/wp-content\/uploads\/2022\/04\/Lyreco-setzt-auf-eigenen-Solarstrom_Organisator-591x350.jpg 591w, https:\/\/www.organisator.ch\/wp-content\/uploads\/2022\/04\/Lyreco-setzt-auf-eigenen-Solarstrom_Organisator-300x178.jpg 300w\" sizes=\"auto, (max-width: 680px) 100vw, 680px\" \/><figcaption id=\"caption-attachment-12716\" class=\"wp-caption-text\">Ab April 2022 wird auf dem Dach des Logistikzentrums von Lyreco im aargauischen Dintikon Solarstrom produziert. (Bild: Lyreco)<\/figcaption><\/figure>\n<p>Schon seit rund zehn Jahren bezieht Lyreco am Standort Dintikon erneuerbar produzierten Strom. Nun wird im Sinne der Nachhaltigkeitsstrategie von Lyreco auf dem Dach des Logistikzentrums in Dintikon eine Fotovoltaikanlage gebaut. Rund 3000 Solarpaneele auf einer Gesamtfl\u00e4che von 5424\u00a0m<sup>2<\/sup>, die der Partner Romande Energie realisiert, versorgen den Standort Dintikon ab April 2022 mit \u00f6kologischem Strom aus Sonnenenergie. Mit der neu errichteten Anlage k\u00f6nnen pro Jahr 1,1 Gigawattstunden Solarstrom erzeugt werden, was einem Bedarf von 450 Wohnungen entspricht. Das Lyreco Logistikzentrum wird davon rund 40 Prozent zur Eigennutzung verwenden, die restlichen 60 Prozent fliessen direkt in das Solarstromnetz von Romande Energie. Die Solaranlage ist auf eine Nutzungsdauer von 30 Jahren ausgelegt. Zum Einsatz kommen gem\u00e4ss Romande Energie Solarpanels der neuesten Generation, die \u00fcber einen um 15 bis 20 Prozent h\u00f6heren Wirkungsgrad haben sollen als \u00e4ltere Modelle.<\/p>\n<p>Nachhaltigkeit ist in der Unternehmensphilosophie von Lyreco fest verankert. Deshalb setzt sich das Unternehmen nach eigenen Angaben konsequent daf\u00fcr ein, den \u00f6kologischen Fussabdruck weiter zu minimieren und den Ausstoss von CO2 zu senken. Dies soll etwa mit dem umweltfreundlichen Transport via Schiene, per <a href=\"https:\/\/www.organisator.ch\/de\/allgemein\/2021-01-21\/einsatz-von-e-vans-lyreco-liefert-elektrisch\/\">E-Van<\/a> oder E-Rikscha \u2013 oder mit den robusten und klimaneutralen Mehrwegboxen aus rezykliertem Material erfolgen, die im Schnitt bis zu sechsmal im Einsatz sind. Das Ziel des Unternehmens ist es, bis 2024 den CO2-Ausstoss in der Schweiz um 15 Prozent gegen\u00fcber 2019 zu senken. Mit \u00f6kologisch produziertem Strom aus Sonnenenergie soll diesem Ziel ein wichtiger Schritt n\u00e4her ger\u00fcckt werden.<\/p>\n<p><em>Quelle: <a href=\"http:\/\/www.lyreco.ch\">Lyreco<\/a><\/em><\/p>\n","protected":false},"excerpt":{"rendered":"<p>Schon seit rund zehn Jahren bezieht Lyreco am Standort Dintikon erneuerbar produzierten Strom. Nun wird im Sinne der Nachhaltigkeitsstrategie von Lyreco auf dem Dach des Logistikzentrums in Dintikon eine Fotovoltaikanlage gebaut. Rund 3000 Solarpaneele auf einer Gesamtfl\u00e4che von 5424\u00a0m2, die der Partner Romande Energie realisiert, versorgen den Standort Dintikon ab April 2022 mit \u00f6kologischem Strom [&hellip;]<\/p>\n","protected":false},"author":4,"featured_media":12716,"comment_status":"closed","ping_status":"closed","sticky":false,"template":"","format":"standard","meta":{"_acf_changed":false,"_yoast_wpseo_focuskw":"Solarstrom","_yoast_wpseo_metadesc":"Auf dem Dach des Logistikzentrums von Lyreco im aargauischen Dintikon wird ab April 2022 eigener Solarstrom produziert.","articlekey":"","footnotes":""},"categories":[580],"tags":[358,2143,492],"class_list":["post-12714","post","type-post","status-publish","format-standard","has-post-thumbnail","hentry","category-sustainability","tag-nachhaltige-wirtschaft","tag-solarenergie","tag-unternehmen"],"acf":[],"yoast_head":"<!-- This site is optimized with the Yoast SEO plugin v27.4 - https:\/\/yoast.com\/product\/yoast-seo-wordpress\/ -->\n<title>Lyreco setzt auf eigenen Solarstrom - Organisator<\/title>\n<meta name=\"description\" content=\"Auf dem Dach des Logistikzentrums von Lyreco im aargauischen Dintikon wird ab April 2022 eigener Solarstrom produziert.\" \/>\n<meta name=\"robots\" content=\"index, follow, max-snippet:-1, max-image-preview:large, max-video-preview:-1\" \/>\n<link rel=\"canonical\" href=\"https:\/\/www.organisator.ch\/de\/sustainability\/2022-04-29\/lyreco-setzt-auf-eigenen-solarstrom\/\" \/>\n<meta property=\"og:locale\" content=\"de_DE\" \/>\n<meta property=\"og:type\" content=\"article\" \/>\n<meta property=\"og:title\" content=\"Lyreco setzt auf eigenen Solarstrom\" \/>\n<meta property=\"og:description\" content=\"Auf dem Dach des Logistikzentrums von Lyreco im aargauischen Dintikon wird ab April 2022 eigener Solarstrom produziert.\" \/>\n<meta property=\"og:url\" content=\"https:\/\/www.organisator.ch\/de\/sustainability\/2022-04-29\/lyreco-setzt-auf-eigenen-solarstrom\/\" \/>\n<meta property=\"og:site_name\" content=\"Organisator\" \/>\n<meta property=\"article:publisher\" content=\"https:\/\/www.facebook.com\/OrganisatorFachmagazin\" \/>\n<meta property=\"article:published_time\" content=\"2022-04-29T06:00:36+00:00\" \/>\n<meta property=\"og:image\" content=\"https:\/\/www.organisator.ch\/wp-content\/uploads\/2022\/04\/Lyreco-setzt-auf-eigenen-Solarstrom_Organisator.jpg\" \/>\n\t<meta property=\"og:image:width\" content=\"680\" \/>\n\t<meta property=\"og:image:height\" content=\"403\" \/>\n\t<meta property=\"og:image:type\" content=\"image\/jpeg\" \/>\n<meta name=\"author\" content=\"thomas.berner\" \/>\n<meta name=\"twitter:card\" content=\"summary_large_image\" \/>\n<meta name=\"twitter:title\" content=\"#Lyreco setzt auf eigenen #Solarstrom\" \/>\n<meta name=\"twitter:description\" content=\"Auf dem Dach des #Logistikzentrums von #Lyreco im aargauischen #Dintikon wird ab April 2022 eigener #Solarstrom produziert.\" \/>\n<meta name=\"twitter:image\" content=\"https:\/\/www.organisator.ch\/wp-content\/uploads\/2022\/04\/Lyreco-setzt-auf-eigenen-Solarstrom_Organisator.jpg\" \/>\n<script type=\"application\/ld+json\" class=\"yoast-schema-graph\">{\"@context\":\"https:\\\/\\\/schema.org\",\"@graph\":[{\"@type\":\"Article\",\"@id\":\"https:\\\/\\\/www.organisator.ch\\\/sustainability\\\/2022-04-29\\\/lyreco-setzt-auf-eigenen-solarstrom\\\/#article\",\"isPartOf\":{\"@id\":\"https:\\\/\\\/www.organisator.ch\\\/sustainability\\\/2022-04-29\\\/lyreco-setzt-auf-eigenen-solarstrom\\\/\"},\"author\":{\"name\":\"thomas.berner\",\"@id\":\"https:\\\/\\\/www.organisator.ch\\\/#\\\/schema\\\/person\\\/6f650f90b2842cd4c0cc334b4e36f67e\"},\"headline\":\"Lyreco setzt auf eigenen Solarstrom\",\"datePublished\":\"2022-04-29T06:00:36+00:00\",\"mainEntityOfPage\":{\"@id\":\"https:\\\/\\\/www.organisator.ch\\\/sustainability\\\/2022-04-29\\\/lyreco-setzt-auf-eigenen-solarstrom\\\/\"},\"wordCount\":264,\"publisher\":{\"@id\":\"https:\\\/\\\/www.organisator.ch\\\/#organization\"},\"image\":{\"@id\":\"https:\\\/\\\/www.organisator.ch\\\/sustainability\\\/2022-04-29\\\/lyreco-setzt-auf-eigenen-solarstrom\\\/#primaryimage\"},\"thumbnailUrl\":\"https:\\\/\\\/www.organisator.ch\\\/wp-content\\\/uploads\\\/2022\\\/04\\\/Lyreco-setzt-auf-eigenen-Solarstrom_Organisator.jpg\",\"keywords\":[\"Nachhaltige Wirtschaft\",\"Solarenergie\",\"Unternehmen\"],\"articleSection\":[\"SUSTAINABILITY\"],\"inLanguage\":\"de\"},{\"@type\":\"WebPage\",\"@id\":\"https:\\\/\\\/www.organisator.ch\\\/sustainability\\\/2022-04-29\\\/lyreco-setzt-auf-eigenen-solarstrom\\\/\",\"url\":\"https:\\\/\\\/www.organisator.ch\\\/sustainability\\\/2022-04-29\\\/lyreco-setzt-auf-eigenen-solarstrom\\\/\",\"name\":\"Lyreco setzt auf eigenen Solarstrom - Organisator\",\"isPartOf\":{\"@id\":\"https:\\\/\\\/www.organisator.ch\\\/#website\"},\"primaryImageOfPage\":{\"@id\":\"https:\\\/\\\/www.organisator.ch\\\/sustainability\\\/2022-04-29\\\/lyreco-setzt-auf-eigenen-solarstrom\\\/#primaryimage\"},\"image\":{\"@id\":\"https:\\\/\\\/www.organisator.ch\\\/sustainability\\\/2022-04-29\\\/lyreco-setzt-auf-eigenen-solarstrom\\\/#primaryimage\"},\"thumbnailUrl\":\"https:\\\/\\\/www.organisator.ch\\\/wp-content\\\/uploads\\\/2022\\\/04\\\/Lyreco-setzt-auf-eigenen-Solarstrom_Organisator.jpg\",\"datePublished\":\"2022-04-29T06:00:36+00:00\",\"description\":\"Auf dem Dach des Logistikzentrums von Lyreco im aargauischen Dintikon wird ab April 2022 eigener Solarstrom produziert.\",\"breadcrumb\":{\"@id\":\"https:\\\/\\\/www.organisator.ch\\\/sustainability\\\/2022-04-29\\\/lyreco-setzt-auf-eigenen-solarstrom\\\/#breadcrumb\"},\"inLanguage\":\"de\",\"potentialAction\":[{\"@type\":\"ReadAction\",\"target\":[\"https:\\\/\\\/www.organisator.ch\\\/sustainability\\\/2022-04-29\\\/lyreco-setzt-auf-eigenen-solarstrom\\\/\"]}]},{\"@type\":\"ImageObject\",\"inLanguage\":\"de\",\"@id\":\"https:\\\/\\\/www.organisator.ch\\\/sustainability\\\/2022-04-29\\\/lyreco-setzt-auf-eigenen-solarstrom\\\/#primaryimage\",\"url\":\"https:\\\/\\\/www.organisator.ch\\\/wp-content\\\/uploads\\\/2022\\\/04\\\/Lyreco-setzt-auf-eigenen-Solarstrom_Organisator.jpg\",\"contentUrl\":\"https:\\\/\\\/www.organisator.ch\\\/wp-content\\\/uploads\\\/2022\\\/04\\\/Lyreco-setzt-auf-eigenen-Solarstrom_Organisator.jpg\",\"width\":680,\"height\":403,\"caption\":\"Ab April 2022 wird auf dem Dach des Logistikzentrums von Lyreco im aargauischen Dintikon Solarstrom produziert. (Bild: Lyreco)\"},{\"@type\":\"BreadcrumbList\",\"@id\":\"https:\\\/\\\/www.organisator.ch\\\/sustainability\\\/2022-04-29\\\/lyreco-setzt-auf-eigenen-solarstrom\\\/#breadcrumb\",\"itemListElement\":[{\"@type\":\"ListItem\",\"position\":1,\"name\":\"Home\",\"item\":\"https:\\\/\\\/www.organisator.ch\\\/\"},{\"@type\":\"ListItem\",\"position\":2,\"name\":\"Lyreco setzt auf eigenen Solarstrom\"}]},{\"@type\":\"WebSite\",\"@id\":\"https:\\\/\\\/www.organisator.ch\\\/#website\",\"url\":\"https:\\\/\\\/www.organisator.ch\\\/\",\"name\":\"Organisator\",\"description\":\"Kompetent. Praxisnah. Der ORGANISATOR bereitet in 10 Ausgaben pro Jahr die wesentlichen Themen f\u00fcr F\u00fchrungskr\u00e4fte von KMU auf.\",\"publisher\":{\"@id\":\"https:\\\/\\\/www.organisator.ch\\\/#organization\"},\"potentialAction\":[{\"@type\":\"SearchAction\",\"target\":{\"@type\":\"EntryPoint\",\"urlTemplate\":\"https:\\\/\\\/www.organisator.ch\\\/?s={search_term_string}\"},\"query-input\":{\"@type\":\"PropertyValueSpecification\",\"valueRequired\":true,\"valueName\":\"search_term_string\"}}],\"inLanguage\":\"de\"},{\"@type\":\"Organization\",\"@id\":\"https:\\\/\\\/www.organisator.ch\\\/#organization\",\"name\":\"Organisator\",\"url\":\"https:\\\/\\\/www.organisator.ch\\\/\",\"logo\":{\"@type\":\"ImageObject\",\"inLanguage\":\"de\",\"@id\":\"https:\\\/\\\/www.organisator.ch\\\/#\\\/schema\\\/logo\\\/image\\\/\",\"url\":\"https:\\\/\\\/www.organisator.ch\\\/wp-content\\\/uploads\\\/2022\\\/01\\\/Logo_Organisator_Website.png\",\"contentUrl\":\"https:\\\/\\\/www.organisator.ch\\\/wp-content\\\/uploads\\\/2022\\\/01\\\/Logo_Organisator_Website.png\",\"width\":800,\"height\":77,\"caption\":\"Organisator\"},\"image\":{\"@id\":\"https:\\\/\\\/www.organisator.ch\\\/#\\\/schema\\\/logo\\\/image\\\/\"},\"sameAs\":[\"https:\\\/\\\/www.facebook.com\\\/OrganisatorFachmagazin\",\"https:\\\/\\\/www.linkedin.com\\\/showcase\\\/organisator-das-magazin-fr-kmu\",\"https:\\\/\\\/www.xing.com\\\/news\\\/pages\\\/organisator-ch-695\",\"https:\\\/\\\/www.youtube.com\\\/channel\\\/UCGP2Sq0iWaZwT3BdIAQFYpw\"]},{\"@type\":\"Person\",\"@id\":\"https:\\\/\\\/www.organisator.ch\\\/#\\\/schema\\\/person\\\/6f650f90b2842cd4c0cc334b4e36f67e\",\"name\":\"thomas.berner\",\"image\":{\"@type\":\"ImageObject\",\"inLanguage\":\"de\",\"@id\":\"https:\\\/\\\/secure.gravatar.com\\\/avatar\\\/ac5001d2a36cb6c6cd3e50789007ffca834b477b74a2144564522e944eabff61?s=96&d=mm&r=g\",\"url\":\"https:\\\/\\\/secure.gravatar.com\\\/avatar\\\/ac5001d2a36cb6c6cd3e50789007ffca834b477b74a2144564522e944eabff61?s=96&d=mm&r=g\",\"contentUrl\":\"https:\\\/\\\/secure.gravatar.com\\\/avatar\\\/ac5001d2a36cb6c6cd3e50789007ffca834b477b74a2144564522e944eabff61?s=96&d=mm&r=g\",\"caption\":\"thomas.berner\"},\"url\":\"https:\\\/\\\/www.organisator.ch\\\/de\\\/author\\\/thomas-berner\\\/\"}]}<\/script>\n<!-- \/ Yoast SEO plugin. -->","yoast_head_json":{"title":"Lyreco setzt auf eigenen Solarstrom - Organisator","description":"Auf dem Dach des Logistikzentrums von Lyreco im aargauischen Dintikon wird ab April 2022 eigener Solarstrom produziert.","robots":{"index":"index","follow":"follow","max-snippet":"max-snippet:-1","max-image-preview":"max-image-preview:large","max-video-preview":"max-video-preview:-1"},"canonical":"https:\/\/www.organisator.ch\/de\/sustainability\/2022-04-29\/lyreco-setzt-auf-eigenen-solarstrom\/","og_locale":"de_DE","og_type":"article","og_title":"Lyreco setzt auf eigenen Solarstrom","og_description":"Auf dem Dach des Logistikzentrums von Lyreco im aargauischen Dintikon wird ab April 2022 eigener Solarstrom produziert.","og_url":"https:\/\/www.organisator.ch\/de\/sustainability\/2022-04-29\/lyreco-setzt-auf-eigenen-solarstrom\/","og_site_name":"Organisator","article_publisher":"https:\/\/www.facebook.com\/OrganisatorFachmagazin","article_published_time":"2022-04-29T06:00:36+00:00","og_image":[{"width":680,"height":403,"url":"https:\/\/www.organisator.ch\/wp-content\/uploads\/2022\/04\/Lyreco-setzt-auf-eigenen-Solarstrom_Organisator.jpg","type":"image\/jpeg"}],"author":"thomas.berner","twitter_card":"summary_large_image","twitter_title":"#Lyreco setzt auf eigenen #Solarstrom","twitter_description":"Auf dem Dach des #Logistikzentrums von #Lyreco im aargauischen #Dintikon wird ab April 2022 eigener #Solarstrom produziert.","twitter_image":"https:\/\/www.organisator.ch\/wp-content\/uploads\/2022\/04\/Lyreco-setzt-auf-eigenen-Solarstrom_Organisator.jpg","schema":{"@context":"https:\/\/schema.org","@graph":[{"@type":"Article","@id":"https:\/\/www.organisator.ch\/sustainability\/2022-04-29\/lyreco-setzt-auf-eigenen-solarstrom\/#article","isPartOf":{"@id":"https:\/\/www.organisator.ch\/sustainability\/2022-04-29\/lyreco-setzt-auf-eigenen-solarstrom\/"},"author":{"name":"thomas.berner","@id":"https:\/\/www.organisator.ch\/#\/schema\/person\/6f650f90b2842cd4c0cc334b4e36f67e"},"headline":"Lyreco setzt auf eigenen Solarstrom","datePublished":"2022-04-29T06:00:36+00:00","mainEntityOfPage":{"@id":"https:\/\/www.organisator.ch\/sustainability\/2022-04-29\/lyreco-setzt-auf-eigenen-solarstrom\/"},"wordCount":264,"publisher":{"@id":"https:\/\/www.organisator.ch\/#organization"},"image":{"@id":"https:\/\/www.organisator.ch\/sustainability\/2022-04-29\/lyreco-setzt-auf-eigenen-solarstrom\/#primaryimage"},"thumbnailUrl":"https:\/\/www.organisator.ch\/wp-content\/uploads\/2022\/04\/Lyreco-setzt-auf-eigenen-Solarstrom_Organisator.jpg","keywords":["Nachhaltige Wirtschaft","Solarenergie","Unternehmen"],"articleSection":["SUSTAINABILITY"],"inLanguage":"de"},{"@type":"WebPage","@id":"https:\/\/www.organisator.ch\/sustainability\/2022-04-29\/lyreco-setzt-auf-eigenen-solarstrom\/","url":"https:\/\/www.organisator.ch\/sustainability\/2022-04-29\/lyreco-setzt-auf-eigenen-solarstrom\/","name":"Lyreco setzt auf eigenen Solarstrom - Organisator","isPartOf":{"@id":"https:\/\/www.organisator.ch\/#website"},"primaryImageOfPage":{"@id":"https:\/\/www.organisator.ch\/sustainability\/2022-04-29\/lyreco-setzt-auf-eigenen-solarstrom\/#primaryimage"},"image":{"@id":"https:\/\/www.organisator.ch\/sustainability\/2022-04-29\/lyreco-setzt-auf-eigenen-solarstrom\/#primaryimage"},"thumbnailUrl":"https:\/\/www.organisator.ch\/wp-content\/uploads\/2022\/04\/Lyreco-setzt-auf-eigenen-Solarstrom_Organisator.jpg","datePublished":"2022-04-29T06:00:36+00:00","description":"Auf dem Dach des Logistikzentrums von Lyreco im aargauischen Dintikon wird ab April 2022 eigener Solarstrom produziert.","breadcrumb":{"@id":"https:\/\/www.organisator.ch\/sustainability\/2022-04-29\/lyreco-setzt-auf-eigenen-solarstrom\/#breadcrumb"},"inLanguage":"de","potentialAction":[{"@type":"ReadAction","target":["https:\/\/www.organisator.ch\/sustainability\/2022-04-29\/lyreco-setzt-auf-eigenen-solarstrom\/"]}]},{"@type":"ImageObject","inLanguage":"de","@id":"https:\/\/www.organisator.ch\/sustainability\/2022-04-29\/lyreco-setzt-auf-eigenen-solarstrom\/#primaryimage","url":"https:\/\/www.organisator.ch\/wp-content\/uploads\/2022\/04\/Lyreco-setzt-auf-eigenen-Solarstrom_Organisator.jpg","contentUrl":"https:\/\/www.organisator.ch\/wp-content\/uploads\/2022\/04\/Lyreco-setzt-auf-eigenen-Solarstrom_Organisator.jpg","width":680,"height":403,"caption":"Ab April 2022 wird auf dem Dach des Logistikzentrums von Lyreco im aargauischen Dintikon Solarstrom produziert. (Bild: Lyreco)"},{"@type":"BreadcrumbList","@id":"https:\/\/www.organisator.ch\/sustainability\/2022-04-29\/lyreco-setzt-auf-eigenen-solarstrom\/#breadcrumb","itemListElement":[{"@type":"ListItem","position":1,"name":"Home","item":"https:\/\/www.organisator.ch\/"},{"@type":"ListItem","position":2,"name":"Lyreco setzt auf eigenen Solarstrom"}]},{"@type":"WebSite","@id":"https:\/\/www.organisator.ch\/#website","url":"https:\/\/www.organisator.ch\/","name":"Organisator","description":"Kompetent. Praxisnah. Der ORGANISATOR bereitet in 10 Ausgaben pro Jahr die wesentlichen Themen f\u00fcr F\u00fchrungskr\u00e4fte von KMU auf.","publisher":{"@id":"https:\/\/www.organisator.ch\/#organization"},"potentialAction":[{"@type":"SearchAction","target":{"@type":"EntryPoint","urlTemplate":"https:\/\/www.organisator.ch\/?s={search_term_string}"},"query-input":{"@type":"PropertyValueSpecification","valueRequired":true,"valueName":"search_term_string"}}],"inLanguage":"de"},{"@type":"Organization","@id":"https:\/\/www.organisator.ch\/#organization","name":"Organisator","url":"https:\/\/www.organisator.ch\/","logo":{"@type":"ImageObject","inLanguage":"de","@id":"https:\/\/www.organisator.ch\/#\/schema\/logo\/image\/","url":"https:\/\/www.organisator.ch\/wp-content\/uploads\/2022\/01\/Logo_Organisator_Website.png","contentUrl":"https:\/\/www.organisator.ch\/wp-content\/uploads\/2022\/01\/Logo_Organisator_Website.png","width":800,"height":77,"caption":"Organisator"},"image":{"@id":"https:\/\/www.organisator.ch\/#\/schema\/logo\/image\/"},"sameAs":["https:\/\/www.facebook.com\/OrganisatorFachmagazin","https:\/\/www.linkedin.com\/showcase\/organisator-das-magazin-fr-kmu","https:\/\/www.xing.com\/news\/pages\/organisator-ch-695","https:\/\/www.youtube.com\/channel\/UCGP2Sq0iWaZwT3BdIAQFYpw"]},{"@type":"Person","@id":"https:\/\/www.organisator.ch\/#\/schema\/person\/6f650f90b2842cd4c0cc334b4e36f67e","name":"thomas.berner","image":{"@type":"ImageObject","inLanguage":"de","@id":"https:\/\/secure.gravatar.com\/avatar\/ac5001d2a36cb6c6cd3e50789007ffca834b477b74a2144564522e944eabff61?s=96&d=mm&r=g","url":"https:\/\/secure.gravatar.com\/avatar\/ac5001d2a36cb6c6cd3e50789007ffca834b477b74a2144564522e944eabff61?s=96&d=mm&r=g","contentUrl":"https:\/\/secure.gravatar.com\/avatar\/ac5001d2a36cb6c6cd3e50789007ffca834b477b74a2144564522e944eabff61?s=96&d=mm&r=g","caption":"thomas.berner"},"url":"https:\/\/www.organisator.ch\/de\/author\/thomas-berner\/"}]}},"_links":{"self":[{"href":"https:\/\/www.organisator.ch\/de\/wp-json\/wp\/v2\/posts\/12714","targetHints":{"allow":["GET"]}}],"collection":[{"href":"https:\/\/www.organisator.ch\/de\/wp-json\/wp\/v2\/posts"}],"about":[{"href":"https:\/\/www.organisator.ch\/de\/wp-json\/wp\/v2\/types\/post"}],"author":[{"embeddable":true,"href":"https:\/\/www.organisator.ch\/de\/wp-json\/wp\/v2\/users\/4"}],"replies":[{"embeddable":true,"href":"https:\/\/www.organisator.ch\/de\/wp-json\/wp\/v2\/comments?post=12714"}],"version-history":[{"count":4,"href":"https:\/\/www.organisator.ch\/de\/wp-json\/wp\/v2\/posts\/12714\/revisions"}],"predecessor-version":[{"id":12755,"href":"https:\/\/www.organisator.ch\/de\/wp-json\/wp\/v2\/posts\/12714\/revisions\/12755"}],"wp:featuredmedia":[{"embeddable":true,"href":"https:\/\/www.organisator.ch\/de\/wp-json\/wp\/v2\/media\/12716"}],"wp:attachment":[{"href":"https:\/\/www.organisator.ch\/de\/wp-json\/wp\/v2\/media?parent=12714"}],"wp:term":[{"taxonomy":"category","embeddable":true,"href":"https:\/\/www.organisator.ch\/de\/wp-json\/wp\/v2\/categories?post=12714"},{"taxonomy":"post_tag","embeddable":true,"href":"https:\/\/www.organisator.ch\/de\/wp-json\/wp\/v2\/tags?post=12714"}],"curies":[{"name":"wp","href":"https:\/\/api.w.org\/{rel}","templated":true}]}}