{"id":12756,"date":"2022-05-03T12:00:53","date_gmt":"2022-05-03T10:00:53","guid":{"rendered":"https:\/\/www.werbewoche.ch\/?p=170228"},"modified":"2022-07-30T11:12:33","modified_gmt":"2022-07-30T09:12:33","slug":"scholtysik-entwickelt-visuelle-identitaet-fuer-eth-entrepreneurship","status":"publish","type":"post","link":"https:\/\/www.organisator.ch\/de\/marketing\/2022-05-03\/scholtysik-entwickelt-visuelle-identitaet-fuer-eth-entrepreneurship\/","title":{"rendered":"Scholtysik entwickelt visuelle Identit\u00e4t f\u00fcr ETH Entrepreneurship"},"content":{"rendered":"<p class=\"p1\"><img class=\"alignnone wp-image-170229 size-full\" src=\"https:\/\/www.werbewoche.ch\/wp-content\/uploads\/2022\/05\/scholtysik_eth_entrepreneurship_newlogo02-scaled-e1651571664641.jpg\" alt=\"ETH Entrepreneurship\" width=\"1200\" height=\"800\" \/>Die ETH Zu\u0308rich will den Transfer zwischen Wissenschaft und Wirtschaft auf vielen Ebenen vorantreiben. Als zentraler Baustein gilt dabei der neu formierte Bereich ETH Entrepreneurship. Die Gruppe soll junge Talente auf dem Weg zur erfolgreichen Unternehmensgru\u0308ndung fordern und f\u00f6rdern. Dafu\u0308r hat die Agentur Scholtysik einen Auftritt mit \u00abstarkem Zeichen fu\u0308r Unternehmertum an der ETH\u00bb entwickelt, wie sie mitteilt.<\/p>\r\n<strong>\u00a0<\/strong>An der Hochschule herrscht permanent rege Kommunikation auf allen m\u00f6glichen Kan\u00e4len. Um gesehen und geh\u00f6rt zu werden, brauche ETH Entrepreneurship einen eing\u00e4ngigen Namen und einen pr\u00e4gnanten visuellen Auftritt. Das neue Zeichen kann als Abk\u00fcrzung EE gelesen werden, aber auch als dynamische Bewegung und Aufstieg. Der leuchtende Farbverlauf unterst\u00fctzt die Dynamik der Form wie auch den transformativen Charakter der Aktivit\u00e4ten von ETH Entrepreneurship. Wichtige Touchpoints sind Events, soziale Medien, Aussenwerbung auf dem Campus und die Website.\r\n\r\nUm der Kultur des Entrepreneurship-Teams nahezukommen, hat Scholtysik den Auftritt in einem besonders diversen Designteam entwickelt mit jungen und erfahrenen Gestalterinnen und Gestaltern aus der Schweiz, Italien, Grossbritannien und Deutschland. 2020 hatte Scholtysik bereits den Gesamtauftritt der ETH\u00a0 und des neu gegr\u00fcndeten ETH AI Centers entwickelt.\r\n\r\n<img class=\"alignnone wp-image-170230 size-full\" src=\"https:\/\/www.werbewoche.ch\/wp-content\/uploads\/2022\/05\/scholtysik_eth_entrepreneurship_newlogo03.jpg\" alt=\"ETH Entrepreneurship\" width=\"2000\" height=\"1333\" \/>\r\n\r\n&nbsp;","protected":false},"excerpt":{"rendered":"<p>Die ETH Zu\u0308rich will den Transfer zwischen Wissenschaft und Wirtschaft auf vielen Ebenen vorantreiben. Als zentraler Baustein gilt dabei der neu formierte Bereich ETH Entrepreneurship. Die Gruppe soll junge Talente auf dem Weg zur erfolgreichen Unternehmensgru\u0308ndung fordern und f\u00f6rdern. Dafu\u0308r hat die Agentur Scholtysik einen Auftritt mit \u00abstarkem Zeichen fu\u0308r Unternehmertum an der ETH\u00bb entwickelt, [\u2026]<\/p>\n","protected":false},"author":8,"featured_media":0,"comment_status":"closed","ping_status":"closed","sticky":false,"template":"","format":"standard","meta":{"_acf_changed":false,"_yoast_wpseo_focuskw":"ETH Entrepreneurship","_yoast_wpseo_metadesc":"Als \u00abstarkes Zeichen f\u00fcr Unternehmertum\u00bb soll der von der Agentur Scholtsyk entwickelte Auftritt f\u00fcr den Bereich der ETH wirken, der junge Unternehmer:innen f\u00f6rdert und fordert.","articlekey":"","footnotes":""},"categories":[29],"tags":[2840,3159,2841],"class_list":["post-12756","post","type-post","status-publish","format-standard","hentry","category-marketing","tag-corporate-design","tag-eth-entrepreneurship","tag-scholtysik-partner"],"acf":[],"yoast_head":"<!-- This site is optimized with the Yoast SEO plugin v27.5 - https:\/\/yoast.com\/product\/yoast-seo-wordpress\/ -->\n<title>Scholtysik entwickelt visuelle Identit\u00e4t f\u00fcr ETH Entrepreneurship - Organisator<\/title>\n<meta name=\"description\" content=\"Als \u00abstarkes Zeichen f\u00fcr Unternehmertum\u00bb soll der von der Agentur Scholtsyk entwickelte Auftritt f\u00fcr den Bereich der ETH wirken, der junge Unternehmer:innen f\u00f6rdert und fordert.\" \/>\n<meta name=\"robots\" content=\"index, follow, max-snippet:-1, max-image-preview:large, max-video-preview:-1\" \/>\n<link rel=\"canonical\" href=\"https:\/\/www.werbewoche.ch\/de\/marketing\/marken\/2022-05-03\/scholtysik-entwickelt-visuelle-identitaet-fuer-eth-entrepreneurship\/\" \/>\n<meta property=\"og:locale\" content=\"de_DE\" \/>\n<meta property=\"og:type\" content=\"article\" \/>\n<meta property=\"og:title\" content=\"Scholtysik entwickelt visuelle Identit\u00e4t f\u00fcr ETH Entrepreneurship - Organisator\" \/>\n<meta property=\"og:description\" content=\"Als \u00abstarkes Zeichen f\u00fcr Unternehmertum\u00bb soll der von der Agentur Scholtsyk entwickelte Auftritt f\u00fcr den Bereich der ETH wirken, der junge Unternehmer:innen f\u00f6rdert und fordert.\" \/>\n<meta property=\"og:url\" content=\"https:\/\/www.werbewoche.ch\/de\/marketing\/marken\/2022-05-03\/scholtysik-entwickelt-visuelle-identitaet-fuer-eth-entrepreneurship\/\" \/>\n<meta property=\"og:site_name\" content=\"Organisator\" \/>\n<meta property=\"article:publisher\" content=\"https:\/\/www.facebook.com\/OrganisatorFachmagazin\" \/>\n<meta property=\"article:published_time\" content=\"2022-05-03T10:00:53+00:00\" \/>\n<meta property=\"article:modified_time\" content=\"2022-07-30T09:12:33+00:00\" \/>\n<meta property=\"og:image\" content=\"https:\/\/www.werbewoche.ch\/wp-content\/uploads\/2022\/05\/scholtysik_eth_entrepreneurship_newlogo02-scaled-e1651571664641.jpg\" \/>\n<meta name=\"author\" content=\"galledia\" \/>\n<meta name=\"twitter:card\" content=\"summary_large_image\" \/>\n<meta name=\"twitter:creator\" content=\"@admin\" \/>\n<script type=\"application\/ld+json\" class=\"yoast-schema-graph\">{\"@context\":\"https:\\\/\\\/schema.org\",\"@graph\":[{\"@type\":\"Article\",\"@id\":\"https:\\\/\\\/www.werbewoche.ch\\\/de\\\/marketing\\\/marken\\\/2022-05-03\\\/scholtysik-entwickelt-visuelle-identitaet-fuer-eth-entrepreneurship\\\/#article\",\"isPartOf\":{\"@id\":\"https:\\\/\\\/www.organisator.ch\\\/marketing\\\/2022-05-03\\\/scholtysik-entwickelt-visuelle-identitaet-fuer-eth-entrepreneurship\\\/\"},\"author\":{\"name\":\"galledia\",\"@id\":\"https:\\\/\\\/www.organisator.ch\\\/#\\\/schema\\\/person\\\/4e51799071cd2dd1232ac003643ef5f0\"},\"headline\":\"Scholtysik entwickelt visuelle Identit\u00e4t f\u00fcr ETH Entrepreneurship\",\"datePublished\":\"2022-05-03T10:00:53+00:00\",\"dateModified\":\"2022-07-30T09:12:33+00:00\",\"mainEntityOfPage\":{\"@id\":\"https:\\\/\\\/www.organisator.ch\\\/marketing\\\/2022-05-03\\\/scholtysik-entwickelt-visuelle-identitaet-fuer-eth-entrepreneurship\\\/\"},\"wordCount\":202,\"publisher\":{\"@id\":\"https:\\\/\\\/www.organisator.ch\\\/#organization\"},\"image\":{\"@id\":\"https:\\\/\\\/www.werbewoche.ch\\\/de\\\/marketing\\\/marken\\\/2022-05-03\\\/scholtysik-entwickelt-visuelle-identitaet-fuer-eth-entrepreneurship\\\/#primaryimage\"},\"thumbnailUrl\":\"https:\\\/\\\/www.werbewoche.ch\\\/wp-content\\\/uploads\\\/2022\\\/05\\\/scholtysik_eth_entrepreneurship_newlogo02-scaled-e1651571664641.jpg\",\"keywords\":[\"Corporate Design\",\"ETH Entrepreneurship\",\"Scholtysik &amp; Partner\"],\"articleSection\":[\"MARKETING\"],\"inLanguage\":\"de\"},{\"@type\":\"WebPage\",\"@id\":\"https:\\\/\\\/www.organisator.ch\\\/marketing\\\/2022-05-03\\\/scholtysik-entwickelt-visuelle-identitaet-fuer-eth-entrepreneurship\\\/\",\"url\":\"https:\\\/\\\/www.werbewoche.ch\\\/de\\\/marketing\\\/marken\\\/2022-05-03\\\/scholtysik-entwickelt-visuelle-identitaet-fuer-eth-entrepreneurship\\\/\",\"name\":\"Scholtysik entwickelt visuelle Identit\u00e4t f\u00fcr ETH Entrepreneurship - Organisator\",\"isPartOf\":{\"@id\":\"https:\\\/\\\/www.organisator.ch\\\/#website\"},\"primaryImageOfPage\":{\"@id\":\"https:\\\/\\\/www.werbewoche.ch\\\/de\\\/marketing\\\/marken\\\/2022-05-03\\\/scholtysik-entwickelt-visuelle-identitaet-fuer-eth-entrepreneurship\\\/#primaryimage\"},\"image\":{\"@id\":\"https:\\\/\\\/www.werbewoche.ch\\\/de\\\/marketing\\\/marken\\\/2022-05-03\\\/scholtysik-entwickelt-visuelle-identitaet-fuer-eth-entrepreneurship\\\/#primaryimage\"},\"thumbnailUrl\":\"https:\\\/\\\/www.werbewoche.ch\\\/wp-content\\\/uploads\\\/2022\\\/05\\\/scholtysik_eth_entrepreneurship_newlogo02-scaled-e1651571664641.jpg\",\"datePublished\":\"2022-05-03T10:00:53+00:00\",\"dateModified\":\"2022-07-30T09:12:33+00:00\",\"description\":\"Als \u00abstarkes Zeichen f\u00fcr Unternehmertum\u00bb soll der von der Agentur Scholtsyk entwickelte Auftritt f\u00fcr den Bereich der ETH wirken, der junge Unternehmer:innen f\u00f6rdert und fordert.\",\"breadcrumb\":{\"@id\":\"https:\\\/\\\/www.werbewoche.ch\\\/de\\\/marketing\\\/marken\\\/2022-05-03\\\/scholtysik-entwickelt-visuelle-identitaet-fuer-eth-entrepreneurship\\\/#breadcrumb\"},\"inLanguage\":\"de\",\"potentialAction\":[{\"@type\":\"ReadAction\",\"target\":[\"https:\\\/\\\/www.werbewoche.ch\\\/de\\\/marketing\\\/marken\\\/2022-05-03\\\/scholtysik-entwickelt-visuelle-identitaet-fuer-eth-entrepreneurship\\\/\"]}]},{\"@type\":\"ImageObject\",\"inLanguage\":\"de\",\"@id\":\"https:\\\/\\\/www.werbewoche.ch\\\/de\\\/marketing\\\/marken\\\/2022-05-03\\\/scholtysik-entwickelt-visuelle-identitaet-fuer-eth-entrepreneurship\\\/#primaryimage\",\"url\":\"https:\\\/\\\/www.werbewoche.ch\\\/wp-content\\\/uploads\\\/2022\\\/05\\\/scholtysik_eth_entrepreneurship_newlogo02-scaled-e1651571664641.jpg\",\"contentUrl\":\"https:\\\/\\\/www.werbewoche.ch\\\/wp-content\\\/uploads\\\/2022\\\/05\\\/scholtysik_eth_entrepreneurship_newlogo02-scaled-e1651571664641.jpg\"},{\"@type\":\"BreadcrumbList\",\"@id\":\"https:\\\/\\\/www.werbewoche.ch\\\/de\\\/marketing\\\/marken\\\/2022-05-03\\\/scholtysik-entwickelt-visuelle-identitaet-fuer-eth-entrepreneurship\\\/#breadcrumb\",\"itemListElement\":[{\"@type\":\"ListItem\",\"position\":1,\"name\":\"Home\",\"item\":\"https:\\\/\\\/www.organisator.ch\\\/\"},{\"@type\":\"ListItem\",\"position\":2,\"name\":\"Scholtysik entwickelt visuelle Identit\u00e4t f\u00fcr ETH Entrepreneurship\"}]},{\"@type\":\"WebSite\",\"@id\":\"https:\\\/\\\/www.organisator.ch\\\/#website\",\"url\":\"https:\\\/\\\/www.organisator.ch\\\/\",\"name\":\"Organisator\",\"description\":\"Kompetent. Praxisnah. Der ORGANISATOR bereitet in 10 Ausgaben pro Jahr die wesentlichen Themen f\u00fcr F\u00fchrungskr\u00e4fte von KMU auf.\",\"publisher\":{\"@id\":\"https:\\\/\\\/www.organisator.ch\\\/#organization\"},\"potentialAction\":[{\"@type\":\"SearchAction\",\"target\":{\"@type\":\"EntryPoint\",\"urlTemplate\":\"https:\\\/\\\/www.organisator.ch\\\/?s={search_term_string}\"},\"query-input\":{\"@type\":\"PropertyValueSpecification\",\"valueRequired\":true,\"valueName\":\"search_term_string\"}}],\"inLanguage\":\"de\"},{\"@type\":\"Organization\",\"@id\":\"https:\\\/\\\/www.organisator.ch\\\/#organization\",\"name\":\"Organisator\",\"url\":\"https:\\\/\\\/www.organisator.ch\\\/\",\"logo\":{\"@type\":\"ImageObject\",\"inLanguage\":\"de\",\"@id\":\"https:\\\/\\\/www.organisator.ch\\\/#\\\/schema\\\/logo\\\/image\\\/\",\"url\":\"https:\\\/\\\/www.organisator.ch\\\/wp-content\\\/uploads\\\/2022\\\/01\\\/Logo_Organisator_Website.png\",\"contentUrl\":\"https:\\\/\\\/www.organisator.ch\\\/wp-content\\\/uploads\\\/2022\\\/01\\\/Logo_Organisator_Website.png\",\"width\":800,\"height\":77,\"caption\":\"Organisator\"},\"image\":{\"@id\":\"https:\\\/\\\/www.organisator.ch\\\/#\\\/schema\\\/logo\\\/image\\\/\"},\"sameAs\":[\"https:\\\/\\\/www.facebook.com\\\/OrganisatorFachmagazin\",\"https:\\\/\\\/www.linkedin.com\\\/showcase\\\/organisator-das-magazin-fr-kmu\",\"https:\\\/\\\/www.xing.com\\\/news\\\/pages\\\/organisator-ch-695\",\"https:\\\/\\\/www.youtube.com\\\/channel\\\/UCGP2Sq0iWaZwT3BdIAQFYpw\"]},{\"@type\":\"Person\",\"@id\":\"https:\\\/\\\/www.organisator.ch\\\/#\\\/schema\\\/person\\\/4e51799071cd2dd1232ac003643ef5f0\",\"name\":\"galledia\",\"image\":{\"@type\":\"ImageObject\",\"inLanguage\":\"de\",\"@id\":\"https:\\\/\\\/secure.gravatar.com\\\/avatar\\\/78a7f90c01fc2bfc875782a0d4922b37cde2cf184ce347b91316d23cd7f69a36?s=96&d=mm&r=g\",\"url\":\"https:\\\/\\\/secure.gravatar.com\\\/avatar\\\/78a7f90c01fc2bfc875782a0d4922b37cde2cf184ce347b91316d23cd7f69a36?s=96&d=mm&r=g\",\"contentUrl\":\"https:\\\/\\\/secure.gravatar.com\\\/avatar\\\/78a7f90c01fc2bfc875782a0d4922b37cde2cf184ce347b91316d23cd7f69a36?s=96&d=mm&r=g\",\"caption\":\"galledia\"},\"sameAs\":[\"https:\\\/\\\/x.com\\\/admin\"],\"url\":\"https:\\\/\\\/www.organisator.ch\\\/de\\\/author\\\/galledia\\\/\"}]}<\/script>\n<!-- \/ Yoast SEO plugin. -->","yoast_head_json":{"title":"Scholtysik entwickelt visuelle Identit\u00e4t f\u00fcr ETH Entrepreneurship - Organisator","description":"Als \u00abstarkes Zeichen f\u00fcr Unternehmertum\u00bb soll der von der Agentur Scholtsyk entwickelte Auftritt f\u00fcr den Bereich der ETH wirken, der junge Unternehmer:innen f\u00f6rdert und fordert.","robots":{"index":"index","follow":"follow","max-snippet":"max-snippet:-1","max-image-preview":"max-image-preview:large","max-video-preview":"max-video-preview:-1"},"canonical":"https:\/\/www.werbewoche.ch\/de\/marketing\/marken\/2022-05-03\/scholtysik-entwickelt-visuelle-identitaet-fuer-eth-entrepreneurship\/","og_locale":"de_DE","og_type":"article","og_title":"Scholtysik entwickelt visuelle Identit\u00e4t f\u00fcr ETH Entrepreneurship - Organisator","og_description":"Als \u00abstarkes Zeichen f\u00fcr Unternehmertum\u00bb soll der von der Agentur Scholtsyk entwickelte Auftritt f\u00fcr den Bereich der ETH wirken, der junge Unternehmer:innen f\u00f6rdert und fordert.","og_url":"https:\/\/www.werbewoche.ch\/de\/marketing\/marken\/2022-05-03\/scholtysik-entwickelt-visuelle-identitaet-fuer-eth-entrepreneurship\/","og_site_name":"Organisator","article_publisher":"https:\/\/www.facebook.com\/OrganisatorFachmagazin","article_published_time":"2022-05-03T10:00:53+00:00","article_modified_time":"2022-07-30T09:12:33+00:00","og_image":[{"url":"https:\/\/www.werbewoche.ch\/wp-content\/uploads\/2022\/05\/scholtysik_eth_entrepreneurship_newlogo02-scaled-e1651571664641.jpg","type":"","width":"","height":""}],"author":"galledia","twitter_card":"summary_large_image","twitter_creator":"@admin","schema":{"@context":"https:\/\/schema.org","@graph":[{"@type":"Article","@id":"https:\/\/www.werbewoche.ch\/de\/marketing\/marken\/2022-05-03\/scholtysik-entwickelt-visuelle-identitaet-fuer-eth-entrepreneurship\/#article","isPartOf":{"@id":"https:\/\/www.organisator.ch\/marketing\/2022-05-03\/scholtysik-entwickelt-visuelle-identitaet-fuer-eth-entrepreneurship\/"},"author":{"name":"galledia","@id":"https:\/\/www.organisator.ch\/#\/schema\/person\/4e51799071cd2dd1232ac003643ef5f0"},"headline":"Scholtysik entwickelt visuelle Identit\u00e4t f\u00fcr ETH Entrepreneurship","datePublished":"2022-05-03T10:00:53+00:00","dateModified":"2022-07-30T09:12:33+00:00","mainEntityOfPage":{"@id":"https:\/\/www.organisator.ch\/marketing\/2022-05-03\/scholtysik-entwickelt-visuelle-identitaet-fuer-eth-entrepreneurship\/"},"wordCount":202,"publisher":{"@id":"https:\/\/www.organisator.ch\/#organization"},"image":{"@id":"https:\/\/www.werbewoche.ch\/de\/marketing\/marken\/2022-05-03\/scholtysik-entwickelt-visuelle-identitaet-fuer-eth-entrepreneurship\/#primaryimage"},"thumbnailUrl":"https:\/\/www.werbewoche.ch\/wp-content\/uploads\/2022\/05\/scholtysik_eth_entrepreneurship_newlogo02-scaled-e1651571664641.jpg","keywords":["Corporate Design","ETH Entrepreneurship","Scholtysik &amp; Partner"],"articleSection":["MARKETING"],"inLanguage":"de"},{"@type":"WebPage","@id":"https:\/\/www.organisator.ch\/marketing\/2022-05-03\/scholtysik-entwickelt-visuelle-identitaet-fuer-eth-entrepreneurship\/","url":"https:\/\/www.werbewoche.ch\/de\/marketing\/marken\/2022-05-03\/scholtysik-entwickelt-visuelle-identitaet-fuer-eth-entrepreneurship\/","name":"Scholtysik entwickelt visuelle Identit\u00e4t f\u00fcr ETH Entrepreneurship - Organisator","isPartOf":{"@id":"https:\/\/www.organisator.ch\/#website"},"primaryImageOfPage":{"@id":"https:\/\/www.werbewoche.ch\/de\/marketing\/marken\/2022-05-03\/scholtysik-entwickelt-visuelle-identitaet-fuer-eth-entrepreneurship\/#primaryimage"},"image":{"@id":"https:\/\/www.werbewoche.ch\/de\/marketing\/marken\/2022-05-03\/scholtysik-entwickelt-visuelle-identitaet-fuer-eth-entrepreneurship\/#primaryimage"},"thumbnailUrl":"https:\/\/www.werbewoche.ch\/wp-content\/uploads\/2022\/05\/scholtysik_eth_entrepreneurship_newlogo02-scaled-e1651571664641.jpg","datePublished":"2022-05-03T10:00:53+00:00","dateModified":"2022-07-30T09:12:33+00:00","description":"Als \u00abstarkes Zeichen f\u00fcr Unternehmertum\u00bb soll der von der Agentur Scholtsyk entwickelte Auftritt f\u00fcr den Bereich der ETH wirken, der junge Unternehmer:innen f\u00f6rdert und fordert.","breadcrumb":{"@id":"https:\/\/www.werbewoche.ch\/de\/marketing\/marken\/2022-05-03\/scholtysik-entwickelt-visuelle-identitaet-fuer-eth-entrepreneurship\/#breadcrumb"},"inLanguage":"de","potentialAction":[{"@type":"ReadAction","target":["https:\/\/www.werbewoche.ch\/de\/marketing\/marken\/2022-05-03\/scholtysik-entwickelt-visuelle-identitaet-fuer-eth-entrepreneurship\/"]}]},{"@type":"ImageObject","inLanguage":"de","@id":"https:\/\/www.werbewoche.ch\/de\/marketing\/marken\/2022-05-03\/scholtysik-entwickelt-visuelle-identitaet-fuer-eth-entrepreneurship\/#primaryimage","url":"https:\/\/www.werbewoche.ch\/wp-content\/uploads\/2022\/05\/scholtysik_eth_entrepreneurship_newlogo02-scaled-e1651571664641.jpg","contentUrl":"https:\/\/www.werbewoche.ch\/wp-content\/uploads\/2022\/05\/scholtysik_eth_entrepreneurship_newlogo02-scaled-e1651571664641.jpg"},{"@type":"BreadcrumbList","@id":"https:\/\/www.werbewoche.ch\/de\/marketing\/marken\/2022-05-03\/scholtysik-entwickelt-visuelle-identitaet-fuer-eth-entrepreneurship\/#breadcrumb","itemListElement":[{"@type":"ListItem","position":1,"name":"Home","item":"https:\/\/www.organisator.ch\/"},{"@type":"ListItem","position":2,"name":"Scholtysik entwickelt visuelle Identit\u00e4t f\u00fcr ETH Entrepreneurship"}]},{"@type":"WebSite","@id":"https:\/\/www.organisator.ch\/#website","url":"https:\/\/www.organisator.ch\/","name":"Organisator","description":"Kompetent. Praxisnah. Der ORGANISATOR bereitet in 10 Ausgaben pro Jahr die wesentlichen Themen f\u00fcr F\u00fchrungskr\u00e4fte von KMU auf.","publisher":{"@id":"https:\/\/www.organisator.ch\/#organization"},"potentialAction":[{"@type":"SearchAction","target":{"@type":"EntryPoint","urlTemplate":"https:\/\/www.organisator.ch\/?s={search_term_string}"},"query-input":{"@type":"PropertyValueSpecification","valueRequired":true,"valueName":"search_term_string"}}],"inLanguage":"de"},{"@type":"Organization","@id":"https:\/\/www.organisator.ch\/#organization","name":"Organisator","url":"https:\/\/www.organisator.ch\/","logo":{"@type":"ImageObject","inLanguage":"de","@id":"https:\/\/www.organisator.ch\/#\/schema\/logo\/image\/","url":"https:\/\/www.organisator.ch\/wp-content\/uploads\/2022\/01\/Logo_Organisator_Website.png","contentUrl":"https:\/\/www.organisator.ch\/wp-content\/uploads\/2022\/01\/Logo_Organisator_Website.png","width":800,"height":77,"caption":"Organisator"},"image":{"@id":"https:\/\/www.organisator.ch\/#\/schema\/logo\/image\/"},"sameAs":["https:\/\/www.facebook.com\/OrganisatorFachmagazin","https:\/\/www.linkedin.com\/showcase\/organisator-das-magazin-fr-kmu","https:\/\/www.xing.com\/news\/pages\/organisator-ch-695","https:\/\/www.youtube.com\/channel\/UCGP2Sq0iWaZwT3BdIAQFYpw"]},{"@type":"Person","@id":"https:\/\/www.organisator.ch\/#\/schema\/person\/4e51799071cd2dd1232ac003643ef5f0","name":"galledia","image":{"@type":"ImageObject","inLanguage":"de","@id":"https:\/\/secure.gravatar.com\/avatar\/78a7f90c01fc2bfc875782a0d4922b37cde2cf184ce347b91316d23cd7f69a36?s=96&d=mm&r=g","url":"https:\/\/secure.gravatar.com\/avatar\/78a7f90c01fc2bfc875782a0d4922b37cde2cf184ce347b91316d23cd7f69a36?s=96&d=mm&r=g","contentUrl":"https:\/\/secure.gravatar.com\/avatar\/78a7f90c01fc2bfc875782a0d4922b37cde2cf184ce347b91316d23cd7f69a36?s=96&d=mm&r=g","caption":"galledia"},"sameAs":["https:\/\/x.com\/admin"],"url":"https:\/\/www.organisator.ch\/de\/author\/galledia\/"}]}},"_links":{"self":[{"href":"https:\/\/www.organisator.ch\/de\/wp-json\/wp\/v2\/posts\/12756","targetHints":{"allow":["GET"]}}],"collection":[{"href":"https:\/\/www.organisator.ch\/de\/wp-json\/wp\/v2\/posts"}],"about":[{"href":"https:\/\/www.organisator.ch\/de\/wp-json\/wp\/v2\/types\/post"}],"author":[{"embeddable":true,"href":"https:\/\/www.organisator.ch\/de\/wp-json\/wp\/v2\/users\/8"}],"replies":[{"embeddable":true,"href":"https:\/\/www.organisator.ch\/de\/wp-json\/wp\/v2\/comments?post=12756"}],"version-history":[{"count":3,"href":"https:\/\/www.organisator.ch\/de\/wp-json\/wp\/v2\/posts\/12756\/revisions"}],"predecessor-version":[{"id":15961,"href":"https:\/\/www.organisator.ch\/de\/wp-json\/wp\/v2\/posts\/12756\/revisions\/15961"}],"wp:attachment":[{"href":"https:\/\/www.organisator.ch\/de\/wp-json\/wp\/v2\/media?parent=12756"}],"wp:term":[{"taxonomy":"category","embeddable":true,"href":"https:\/\/www.organisator.ch\/de\/wp-json\/wp\/v2\/categories?post=12756"},{"taxonomy":"post_tag","embeddable":true,"href":"https:\/\/www.organisator.ch\/de\/wp-json\/wp\/v2\/tags?post=12756"}],"curies":[{"name":"wp","href":"https:\/\/api.w.org\/{rel}","templated":true}]}}