{"id":12761,"date":"2022-05-03T15:31:47","date_gmt":"2022-05-03T13:31:47","guid":{"rendered":"https:\/\/www.organisator.ch\/?p=12761"},"modified":"2022-05-03T15:31:47","modified_gmt":"2022-05-03T13:31:47","slug":"erster-wasserstoff-gabelstapler-in-der-schweiz-eingefuehrt","status":"publish","type":"post","link":"https:\/\/www.organisator.ch\/de\/sustainability\/2022-05-03\/erster-wasserstoff-gabelstapler-in-der-schweiz-eingefuehrt\/","title":{"rendered":"Erster Wasserstoff-Gabelstapler in der Schweiz eingef\u00fchrt"},"content":{"rendered":"<figure id=\"attachment_12762\" aria-describedby=\"caption-attachment-12762\" style=\"width: 680px\" class=\"wp-caption alignnone\"><img loading=\"lazy\" decoding=\"async\" class=\"size-full wp-image-12762\" src=\"https:\/\/www.organisator.ch\/wp-content\/uploads\/2022\/05\/Erster-Wasserstoff-Gabelstapler-in-der-Schweiz-eingefuehrt_Organisator.jpg\" alt=\"\" width=\"680\" height=\"392\" srcset=\"https:\/\/www.organisator.ch\/wp-content\/uploads\/2022\/05\/Erster-Wasserstoff-Gabelstapler-in-der-Schweiz-eingefuehrt_Organisator.jpg 680w, https:\/\/www.organisator.ch\/wp-content\/uploads\/2022\/05\/Erster-Wasserstoff-Gabelstapler-in-der-Schweiz-eingefuehrt_Organisator-18x10.jpg 18w, https:\/\/www.organisator.ch\/wp-content\/uploads\/2022\/05\/Erster-Wasserstoff-Gabelstapler-in-der-Schweiz-eingefuehrt_Organisator-304x175.jpg 304w, https:\/\/www.organisator.ch\/wp-content\/uploads\/2022\/05\/Erster-Wasserstoff-Gabelstapler-in-der-Schweiz-eingefuehrt_Organisator-607x350.jpg 607w, https:\/\/www.organisator.ch\/wp-content\/uploads\/2022\/05\/Erster-Wasserstoff-Gabelstapler-in-der-Schweiz-eingefuehrt_Organisator-300x173.jpg 300w\" sizes=\"auto, (max-width: 680px) 100vw, 680px\" \/><figcaption id=\"caption-attachment-12762\" class=\"wp-caption-text\">Der erste Wasserstoff-Gabelstapler der Schweiz ist in Lenzburg im Einsatz. (Bild: Messer Schweiz)<\/figcaption><\/figure>\n<p>Gemeinsam f\u00fchren Linde Material Handling und die Messer Schweiz AG die ersten gr\u00fcnen Wasserstoff-Gabelstapler in der nationalen Logistik der Schweiz ein. Elektrostapler haben sich &#8211; wie es heisst &#8211; in den letzten Jahren als wenig effizient erwiesen und werden k\u00fcnftig von H2-Staplern abgel\u00f6st.<\/p>\n<h3>In weniger als 5 Minuten aufgetankt<\/h3>\n<p>Die Linde Wasserstoff-Gabelstapler haben einen 1,8 kg Wasserstofftank, der es dem Industrie- oder Logistikunternehmen erlaubt, diese Flurf\u00f6rderzeuge problemlos w\u00e4hrend der ganzen Schicht einzusetzen. Der H2-Gabelstapler ist in weniger als 5 Minuten aufgetankt. Daf\u00fcr braucht es bei Elektrostaplern mehr als 2 Stunden. H2-Gabelstapler stossen bei ihrem Einsatz null CO2 aus. Eine Entsorgung der Batterie nach rund 6000, wie bei Elektrostapler, ist nicht n\u00f6tig. Die Brennstoffzellen des H2-Staplers von Linde MH liefert der Brennstoffzellengigant Plug Power, der bereits Amazon und seit 14 Tagen auch Walmart mit ihren Ger\u00e4ten versorgt.<\/p>\n<h3>Lange Lebensdauer<\/h3>\n<p>\u201eWir sind stolz darauf, in der Schweiz die ersten zu sein, die einen Wasserstoff-Gabelstapler einf\u00fchren, damit die Schweizer Logistik k\u00fcnftig sehr viel \u00f6kologischer arbeiten kann\u201c, sagt Messer Schweiz-CEO, Dr. Ing. Hans Michael Kellner. Linde liefert die H2-Gabelstapler und die Messer Schweiz AG, Lenzburg, diverse H2-Tankstellentypen, einschliesslich autarke. Mit Hilfe von z. B. Solarzellen und einer Elektrolyse kann jedes Logistikunternehmen seinen Wasserstoff damit gr\u00fcn vor Ort herstellen, speichern und auf Wunschdruck verdichten. F\u00fcr jeden Betrieb gibt es eine wirtschaftliche L\u00f6sung. \u201eH2-Stapler bieten gleich mehrere Vorz\u00fcge gegen\u00fcber anderen Antriebssysteme. Es bringt die jeweiligen Vorteile der verschiedenen Systeme zusammen. Man tankt so schnell wie beim Dieselstapler und ist gr\u00fcn wie ein Elektrostapler. Die lange Lebenszeit und die Betriebszuverl\u00e4ssigkeit sind weitere Argumente. Selbst bei einem Ausfall der Brennstoffzelle kann das Modul binnen weniger Minuten ersetzt werden\u201c, erl\u00e4utert Kellner.<\/p>\n<p><em>Quelle und weitere Informationen: <a href=\"http:\/\/www.messer.ch\">Messer Schweiz<\/a><\/em><\/p>\n","protected":false},"excerpt":{"rendered":"<p>Gemeinsam f\u00fchren Linde Material Handling und die Messer Schweiz AG die ersten gr\u00fcnen Wasserstoff-Gabelstapler in der nationalen Logistik der Schweiz ein. Elektrostapler haben sich &#8211; wie es heisst &#8211; in den letzten Jahren als wenig effizient erwiesen und werden k\u00fcnftig von H2-Staplern abgel\u00f6st. In weniger als 5 Minuten aufgetankt Die Linde Wasserstoff-Gabelstapler haben einen 1,8 [&hellip;]<\/p>\n","protected":false},"author":4,"featured_media":12762,"comment_status":"closed","ping_status":"closed","sticky":false,"template":"","format":"standard","meta":{"_acf_changed":false,"_yoast_wpseo_focuskw":"Wasserstoff-Gabelstapler","_yoast_wpseo_metadesc":"Der erste Wasserstoff-Gabelstapler in der Schweiz ist bei der Messer Schweiz AG angekommen und ist per sofort im Einsatz.","articlekey":"","footnotes":""},"categories":[580],"tags":[2842,328,492,2524],"class_list":["post-12761","post","type-post","status-publish","format-standard","has-post-thumbnail","hentry","category-sustainability","tag-flurfoerderfahrzeuge","tag-logistik","tag-unternehmen","tag-wasserstoff"],"acf":[],"yoast_head":"<!-- This site is optimized with the Yoast SEO plugin v27.5 - https:\/\/yoast.com\/product\/yoast-seo-wordpress\/ -->\n<title>Erster Wasserstoff-Gabelstapler in der Schweiz eingef\u00fchrt - Organisator<\/title>\n<meta name=\"description\" content=\"Der erste Wasserstoff-Gabelstapler in der Schweiz ist bei der Messer Schweiz AG angekommen und ist per sofort im Einsatz.\" \/>\n<meta name=\"robots\" content=\"index, follow, max-snippet:-1, max-image-preview:large, max-video-preview:-1\" \/>\n<link rel=\"canonical\" href=\"https:\/\/www.organisator.ch\/de\/sustainability\/2022-05-03\/erster-wasserstoff-gabelstapler-in-der-schweiz-eingefuehrt\/\" \/>\n<meta property=\"og:locale\" content=\"de_DE\" \/>\n<meta property=\"og:type\" content=\"article\" \/>\n<meta property=\"og:title\" content=\"Erster Wasserstoff-Gabelstapler in der Schweiz eingef\u00fchrt\" \/>\n<meta property=\"og:description\" content=\"Der erste Wasserstoff-Gabelstapler in der Schweiz ist bei der Messer Schweiz AG angekommen und ist per sofort im Einsatz.\" \/>\n<meta property=\"og:url\" content=\"https:\/\/www.organisator.ch\/de\/sustainability\/2022-05-03\/erster-wasserstoff-gabelstapler-in-der-schweiz-eingefuehrt\/\" \/>\n<meta property=\"og:site_name\" content=\"Organisator\" \/>\n<meta property=\"article:publisher\" content=\"https:\/\/www.facebook.com\/OrganisatorFachmagazin\" \/>\n<meta property=\"article:published_time\" content=\"2022-05-03T13:31:47+00:00\" \/>\n<meta property=\"og:image\" content=\"https:\/\/www.organisator.ch\/wp-content\/uploads\/2022\/05\/Erster-Wasserstoff-Gabelstapler-in-der-Schweiz-eingefuehrt_Organisator.jpg\" \/>\n\t<meta property=\"og:image:width\" content=\"680\" \/>\n\t<meta property=\"og:image:height\" content=\"392\" \/>\n\t<meta property=\"og:image:type\" content=\"image\/jpeg\" \/>\n<meta name=\"author\" content=\"thomas.berner\" \/>\n<meta name=\"twitter:card\" content=\"summary_large_image\" \/>\n<meta name=\"twitter:title\" content=\"Erster #Wasserstoff-Gabelstapler in der Schweiz eingef\u00fchrt\" \/>\n<meta name=\"twitter:description\" content=\"Der erste #Wasserstoff-Gabelstapler in der Schweiz ist bei der Messer Schweiz AG angekommen und ist per sofort im Einsatz.\" \/>\n<meta name=\"twitter:image\" content=\"https:\/\/www.organisator.ch\/wp-content\/uploads\/2022\/05\/Erster-Wasserstoff-Gabelstapler-in-der-Schweiz-eingefuehrt_Organisator.jpg\" \/>\n<script type=\"application\/ld+json\" class=\"yoast-schema-graph\">{\"@context\":\"https:\\\/\\\/schema.org\",\"@graph\":[{\"@type\":\"Article\",\"@id\":\"https:\\\/\\\/www.organisator.ch\\\/sustainability\\\/2022-05-03\\\/erster-wasserstoff-gabelstapler-in-der-schweiz-eingefuehrt\\\/#article\",\"isPartOf\":{\"@id\":\"https:\\\/\\\/www.organisator.ch\\\/sustainability\\\/2022-05-03\\\/erster-wasserstoff-gabelstapler-in-der-schweiz-eingefuehrt\\\/\"},\"author\":{\"name\":\"thomas.berner\",\"@id\":\"https:\\\/\\\/www.organisator.ch\\\/#\\\/schema\\\/person\\\/6f650f90b2842cd4c0cc334b4e36f67e\"},\"headline\":\"Erster Wasserstoff-Gabelstapler in der Schweiz eingef\u00fchrt\",\"datePublished\":\"2022-05-03T13:31:47+00:00\",\"mainEntityOfPage\":{\"@id\":\"https:\\\/\\\/www.organisator.ch\\\/sustainability\\\/2022-05-03\\\/erster-wasserstoff-gabelstapler-in-der-schweiz-eingefuehrt\\\/\"},\"wordCount\":325,\"publisher\":{\"@id\":\"https:\\\/\\\/www.organisator.ch\\\/#organization\"},\"image\":{\"@id\":\"https:\\\/\\\/www.organisator.ch\\\/sustainability\\\/2022-05-03\\\/erster-wasserstoff-gabelstapler-in-der-schweiz-eingefuehrt\\\/#primaryimage\"},\"thumbnailUrl\":\"https:\\\/\\\/www.organisator.ch\\\/wp-content\\\/uploads\\\/2022\\\/05\\\/Erster-Wasserstoff-Gabelstapler-in-der-Schweiz-eingefuehrt_Organisator.jpg\",\"keywords\":[\"Flurf\u00f6rderfahrzeuge\",\"Logistik\",\"Unternehmen\",\"Wasserstoff\"],\"articleSection\":[\"SUSTAINABILITY\"],\"inLanguage\":\"de\"},{\"@type\":\"WebPage\",\"@id\":\"https:\\\/\\\/www.organisator.ch\\\/sustainability\\\/2022-05-03\\\/erster-wasserstoff-gabelstapler-in-der-schweiz-eingefuehrt\\\/\",\"url\":\"https:\\\/\\\/www.organisator.ch\\\/sustainability\\\/2022-05-03\\\/erster-wasserstoff-gabelstapler-in-der-schweiz-eingefuehrt\\\/\",\"name\":\"Erster Wasserstoff-Gabelstapler in der Schweiz eingef\u00fchrt - Organisator\",\"isPartOf\":{\"@id\":\"https:\\\/\\\/www.organisator.ch\\\/#website\"},\"primaryImageOfPage\":{\"@id\":\"https:\\\/\\\/www.organisator.ch\\\/sustainability\\\/2022-05-03\\\/erster-wasserstoff-gabelstapler-in-der-schweiz-eingefuehrt\\\/#primaryimage\"},\"image\":{\"@id\":\"https:\\\/\\\/www.organisator.ch\\\/sustainability\\\/2022-05-03\\\/erster-wasserstoff-gabelstapler-in-der-schweiz-eingefuehrt\\\/#primaryimage\"},\"thumbnailUrl\":\"https:\\\/\\\/www.organisator.ch\\\/wp-content\\\/uploads\\\/2022\\\/05\\\/Erster-Wasserstoff-Gabelstapler-in-der-Schweiz-eingefuehrt_Organisator.jpg\",\"datePublished\":\"2022-05-03T13:31:47+00:00\",\"description\":\"Der erste Wasserstoff-Gabelstapler in der Schweiz ist bei der Messer Schweiz AG angekommen und ist per sofort im Einsatz.\",\"breadcrumb\":{\"@id\":\"https:\\\/\\\/www.organisator.ch\\\/sustainability\\\/2022-05-03\\\/erster-wasserstoff-gabelstapler-in-der-schweiz-eingefuehrt\\\/#breadcrumb\"},\"inLanguage\":\"de\",\"potentialAction\":[{\"@type\":\"ReadAction\",\"target\":[\"https:\\\/\\\/www.organisator.ch\\\/sustainability\\\/2022-05-03\\\/erster-wasserstoff-gabelstapler-in-der-schweiz-eingefuehrt\\\/\"]}]},{\"@type\":\"ImageObject\",\"inLanguage\":\"de\",\"@id\":\"https:\\\/\\\/www.organisator.ch\\\/sustainability\\\/2022-05-03\\\/erster-wasserstoff-gabelstapler-in-der-schweiz-eingefuehrt\\\/#primaryimage\",\"url\":\"https:\\\/\\\/www.organisator.ch\\\/wp-content\\\/uploads\\\/2022\\\/05\\\/Erster-Wasserstoff-Gabelstapler-in-der-Schweiz-eingefuehrt_Organisator.jpg\",\"contentUrl\":\"https:\\\/\\\/www.organisator.ch\\\/wp-content\\\/uploads\\\/2022\\\/05\\\/Erster-Wasserstoff-Gabelstapler-in-der-Schweiz-eingefuehrt_Organisator.jpg\",\"width\":680,\"height\":392,\"caption\":\"Der erste Wasserstoff-Gabelstapler der Schweiz ist in Lenzburg im Einsatz. (Bild: Messer Schweiz)\"},{\"@type\":\"BreadcrumbList\",\"@id\":\"https:\\\/\\\/www.organisator.ch\\\/sustainability\\\/2022-05-03\\\/erster-wasserstoff-gabelstapler-in-der-schweiz-eingefuehrt\\\/#breadcrumb\",\"itemListElement\":[{\"@type\":\"ListItem\",\"position\":1,\"name\":\"Home\",\"item\":\"https:\\\/\\\/www.organisator.ch\\\/\"},{\"@type\":\"ListItem\",\"position\":2,\"name\":\"Erster Wasserstoff-Gabelstapler in der Schweiz eingef\u00fchrt\"}]},{\"@type\":\"WebSite\",\"@id\":\"https:\\\/\\\/www.organisator.ch\\\/#website\",\"url\":\"https:\\\/\\\/www.organisator.ch\\\/\",\"name\":\"Organisator\",\"description\":\"Kompetent. Praxisnah. Der ORGANISATOR bereitet in 10 Ausgaben pro Jahr die wesentlichen Themen f\u00fcr F\u00fchrungskr\u00e4fte von KMU auf.\",\"publisher\":{\"@id\":\"https:\\\/\\\/www.organisator.ch\\\/#organization\"},\"potentialAction\":[{\"@type\":\"SearchAction\",\"target\":{\"@type\":\"EntryPoint\",\"urlTemplate\":\"https:\\\/\\\/www.organisator.ch\\\/?s={search_term_string}\"},\"query-input\":{\"@type\":\"PropertyValueSpecification\",\"valueRequired\":true,\"valueName\":\"search_term_string\"}}],\"inLanguage\":\"de\"},{\"@type\":\"Organization\",\"@id\":\"https:\\\/\\\/www.organisator.ch\\\/#organization\",\"name\":\"Organisator\",\"url\":\"https:\\\/\\\/www.organisator.ch\\\/\",\"logo\":{\"@type\":\"ImageObject\",\"inLanguage\":\"de\",\"@id\":\"https:\\\/\\\/www.organisator.ch\\\/#\\\/schema\\\/logo\\\/image\\\/\",\"url\":\"https:\\\/\\\/www.organisator.ch\\\/wp-content\\\/uploads\\\/2022\\\/01\\\/Logo_Organisator_Website.png\",\"contentUrl\":\"https:\\\/\\\/www.organisator.ch\\\/wp-content\\\/uploads\\\/2022\\\/01\\\/Logo_Organisator_Website.png\",\"width\":800,\"height\":77,\"caption\":\"Organisator\"},\"image\":{\"@id\":\"https:\\\/\\\/www.organisator.ch\\\/#\\\/schema\\\/logo\\\/image\\\/\"},\"sameAs\":[\"https:\\\/\\\/www.facebook.com\\\/OrganisatorFachmagazin\",\"https:\\\/\\\/www.linkedin.com\\\/showcase\\\/organisator-das-magazin-fr-kmu\",\"https:\\\/\\\/www.xing.com\\\/news\\\/pages\\\/organisator-ch-695\",\"https:\\\/\\\/www.youtube.com\\\/channel\\\/UCGP2Sq0iWaZwT3BdIAQFYpw\"]},{\"@type\":\"Person\",\"@id\":\"https:\\\/\\\/www.organisator.ch\\\/#\\\/schema\\\/person\\\/6f650f90b2842cd4c0cc334b4e36f67e\",\"name\":\"thomas.berner\",\"image\":{\"@type\":\"ImageObject\",\"inLanguage\":\"de\",\"@id\":\"https:\\\/\\\/secure.gravatar.com\\\/avatar\\\/ac5001d2a36cb6c6cd3e50789007ffca834b477b74a2144564522e944eabff61?s=96&d=mm&r=g\",\"url\":\"https:\\\/\\\/secure.gravatar.com\\\/avatar\\\/ac5001d2a36cb6c6cd3e50789007ffca834b477b74a2144564522e944eabff61?s=96&d=mm&r=g\",\"contentUrl\":\"https:\\\/\\\/secure.gravatar.com\\\/avatar\\\/ac5001d2a36cb6c6cd3e50789007ffca834b477b74a2144564522e944eabff61?s=96&d=mm&r=g\",\"caption\":\"thomas.berner\"},\"url\":\"https:\\\/\\\/www.organisator.ch\\\/de\\\/author\\\/thomas-berner\\\/\"}]}<\/script>\n<!-- \/ Yoast SEO plugin. -->","yoast_head_json":{"title":"Erster Wasserstoff-Gabelstapler in der Schweiz eingef\u00fchrt - Organisator","description":"Der erste Wasserstoff-Gabelstapler in der Schweiz ist bei der Messer Schweiz AG angekommen und ist per sofort im Einsatz.","robots":{"index":"index","follow":"follow","max-snippet":"max-snippet:-1","max-image-preview":"max-image-preview:large","max-video-preview":"max-video-preview:-1"},"canonical":"https:\/\/www.organisator.ch\/de\/sustainability\/2022-05-03\/erster-wasserstoff-gabelstapler-in-der-schweiz-eingefuehrt\/","og_locale":"de_DE","og_type":"article","og_title":"Erster Wasserstoff-Gabelstapler in der Schweiz eingef\u00fchrt","og_description":"Der erste Wasserstoff-Gabelstapler in der Schweiz ist bei der Messer Schweiz AG angekommen und ist per sofort im Einsatz.","og_url":"https:\/\/www.organisator.ch\/de\/sustainability\/2022-05-03\/erster-wasserstoff-gabelstapler-in-der-schweiz-eingefuehrt\/","og_site_name":"Organisator","article_publisher":"https:\/\/www.facebook.com\/OrganisatorFachmagazin","article_published_time":"2022-05-03T13:31:47+00:00","og_image":[{"width":680,"height":392,"url":"https:\/\/www.organisator.ch\/wp-content\/uploads\/2022\/05\/Erster-Wasserstoff-Gabelstapler-in-der-Schweiz-eingefuehrt_Organisator.jpg","type":"image\/jpeg"}],"author":"thomas.berner","twitter_card":"summary_large_image","twitter_title":"Erster #Wasserstoff-Gabelstapler in der Schweiz eingef\u00fchrt","twitter_description":"Der erste #Wasserstoff-Gabelstapler in der Schweiz ist bei der Messer Schweiz AG angekommen und ist per sofort im Einsatz.","twitter_image":"https:\/\/www.organisator.ch\/wp-content\/uploads\/2022\/05\/Erster-Wasserstoff-Gabelstapler-in-der-Schweiz-eingefuehrt_Organisator.jpg","schema":{"@context":"https:\/\/schema.org","@graph":[{"@type":"Article","@id":"https:\/\/www.organisator.ch\/sustainability\/2022-05-03\/erster-wasserstoff-gabelstapler-in-der-schweiz-eingefuehrt\/#article","isPartOf":{"@id":"https:\/\/www.organisator.ch\/sustainability\/2022-05-03\/erster-wasserstoff-gabelstapler-in-der-schweiz-eingefuehrt\/"},"author":{"name":"thomas.berner","@id":"https:\/\/www.organisator.ch\/#\/schema\/person\/6f650f90b2842cd4c0cc334b4e36f67e"},"headline":"Erster Wasserstoff-Gabelstapler in der Schweiz eingef\u00fchrt","datePublished":"2022-05-03T13:31:47+00:00","mainEntityOfPage":{"@id":"https:\/\/www.organisator.ch\/sustainability\/2022-05-03\/erster-wasserstoff-gabelstapler-in-der-schweiz-eingefuehrt\/"},"wordCount":325,"publisher":{"@id":"https:\/\/www.organisator.ch\/#organization"},"image":{"@id":"https:\/\/www.organisator.ch\/sustainability\/2022-05-03\/erster-wasserstoff-gabelstapler-in-der-schweiz-eingefuehrt\/#primaryimage"},"thumbnailUrl":"https:\/\/www.organisator.ch\/wp-content\/uploads\/2022\/05\/Erster-Wasserstoff-Gabelstapler-in-der-Schweiz-eingefuehrt_Organisator.jpg","keywords":["Flurf\u00f6rderfahrzeuge","Logistik","Unternehmen","Wasserstoff"],"articleSection":["SUSTAINABILITY"],"inLanguage":"de"},{"@type":"WebPage","@id":"https:\/\/www.organisator.ch\/sustainability\/2022-05-03\/erster-wasserstoff-gabelstapler-in-der-schweiz-eingefuehrt\/","url":"https:\/\/www.organisator.ch\/sustainability\/2022-05-03\/erster-wasserstoff-gabelstapler-in-der-schweiz-eingefuehrt\/","name":"Erster Wasserstoff-Gabelstapler in der Schweiz eingef\u00fchrt - Organisator","isPartOf":{"@id":"https:\/\/www.organisator.ch\/#website"},"primaryImageOfPage":{"@id":"https:\/\/www.organisator.ch\/sustainability\/2022-05-03\/erster-wasserstoff-gabelstapler-in-der-schweiz-eingefuehrt\/#primaryimage"},"image":{"@id":"https:\/\/www.organisator.ch\/sustainability\/2022-05-03\/erster-wasserstoff-gabelstapler-in-der-schweiz-eingefuehrt\/#primaryimage"},"thumbnailUrl":"https:\/\/www.organisator.ch\/wp-content\/uploads\/2022\/05\/Erster-Wasserstoff-Gabelstapler-in-der-Schweiz-eingefuehrt_Organisator.jpg","datePublished":"2022-05-03T13:31:47+00:00","description":"Der erste Wasserstoff-Gabelstapler in der Schweiz ist bei der Messer Schweiz AG angekommen und ist per sofort im Einsatz.","breadcrumb":{"@id":"https:\/\/www.organisator.ch\/sustainability\/2022-05-03\/erster-wasserstoff-gabelstapler-in-der-schweiz-eingefuehrt\/#breadcrumb"},"inLanguage":"de","potentialAction":[{"@type":"ReadAction","target":["https:\/\/www.organisator.ch\/sustainability\/2022-05-03\/erster-wasserstoff-gabelstapler-in-der-schweiz-eingefuehrt\/"]}]},{"@type":"ImageObject","inLanguage":"de","@id":"https:\/\/www.organisator.ch\/sustainability\/2022-05-03\/erster-wasserstoff-gabelstapler-in-der-schweiz-eingefuehrt\/#primaryimage","url":"https:\/\/www.organisator.ch\/wp-content\/uploads\/2022\/05\/Erster-Wasserstoff-Gabelstapler-in-der-Schweiz-eingefuehrt_Organisator.jpg","contentUrl":"https:\/\/www.organisator.ch\/wp-content\/uploads\/2022\/05\/Erster-Wasserstoff-Gabelstapler-in-der-Schweiz-eingefuehrt_Organisator.jpg","width":680,"height":392,"caption":"Der erste Wasserstoff-Gabelstapler der Schweiz ist in Lenzburg im Einsatz. (Bild: Messer Schweiz)"},{"@type":"BreadcrumbList","@id":"https:\/\/www.organisator.ch\/sustainability\/2022-05-03\/erster-wasserstoff-gabelstapler-in-der-schweiz-eingefuehrt\/#breadcrumb","itemListElement":[{"@type":"ListItem","position":1,"name":"Home","item":"https:\/\/www.organisator.ch\/"},{"@type":"ListItem","position":2,"name":"Erster Wasserstoff-Gabelstapler in der Schweiz eingef\u00fchrt"}]},{"@type":"WebSite","@id":"https:\/\/www.organisator.ch\/#website","url":"https:\/\/www.organisator.ch\/","name":"Organisator","description":"Kompetent. Praxisnah. Der ORGANISATOR bereitet in 10 Ausgaben pro Jahr die wesentlichen Themen f\u00fcr F\u00fchrungskr\u00e4fte von KMU auf.","publisher":{"@id":"https:\/\/www.organisator.ch\/#organization"},"potentialAction":[{"@type":"SearchAction","target":{"@type":"EntryPoint","urlTemplate":"https:\/\/www.organisator.ch\/?s={search_term_string}"},"query-input":{"@type":"PropertyValueSpecification","valueRequired":true,"valueName":"search_term_string"}}],"inLanguage":"de"},{"@type":"Organization","@id":"https:\/\/www.organisator.ch\/#organization","name":"Organisator","url":"https:\/\/www.organisator.ch\/","logo":{"@type":"ImageObject","inLanguage":"de","@id":"https:\/\/www.organisator.ch\/#\/schema\/logo\/image\/","url":"https:\/\/www.organisator.ch\/wp-content\/uploads\/2022\/01\/Logo_Organisator_Website.png","contentUrl":"https:\/\/www.organisator.ch\/wp-content\/uploads\/2022\/01\/Logo_Organisator_Website.png","width":800,"height":77,"caption":"Organisator"},"image":{"@id":"https:\/\/www.organisator.ch\/#\/schema\/logo\/image\/"},"sameAs":["https:\/\/www.facebook.com\/OrganisatorFachmagazin","https:\/\/www.linkedin.com\/showcase\/organisator-das-magazin-fr-kmu","https:\/\/www.xing.com\/news\/pages\/organisator-ch-695","https:\/\/www.youtube.com\/channel\/UCGP2Sq0iWaZwT3BdIAQFYpw"]},{"@type":"Person","@id":"https:\/\/www.organisator.ch\/#\/schema\/person\/6f650f90b2842cd4c0cc334b4e36f67e","name":"thomas.berner","image":{"@type":"ImageObject","inLanguage":"de","@id":"https:\/\/secure.gravatar.com\/avatar\/ac5001d2a36cb6c6cd3e50789007ffca834b477b74a2144564522e944eabff61?s=96&d=mm&r=g","url":"https:\/\/secure.gravatar.com\/avatar\/ac5001d2a36cb6c6cd3e50789007ffca834b477b74a2144564522e944eabff61?s=96&d=mm&r=g","contentUrl":"https:\/\/secure.gravatar.com\/avatar\/ac5001d2a36cb6c6cd3e50789007ffca834b477b74a2144564522e944eabff61?s=96&d=mm&r=g","caption":"thomas.berner"},"url":"https:\/\/www.organisator.ch\/de\/author\/thomas-berner\/"}]}},"_links":{"self":[{"href":"https:\/\/www.organisator.ch\/de\/wp-json\/wp\/v2\/posts\/12761","targetHints":{"allow":["GET"]}}],"collection":[{"href":"https:\/\/www.organisator.ch\/de\/wp-json\/wp\/v2\/posts"}],"about":[{"href":"https:\/\/www.organisator.ch\/de\/wp-json\/wp\/v2\/types\/post"}],"author":[{"embeddable":true,"href":"https:\/\/www.organisator.ch\/de\/wp-json\/wp\/v2\/users\/4"}],"replies":[{"embeddable":true,"href":"https:\/\/www.organisator.ch\/de\/wp-json\/wp\/v2\/comments?post=12761"}],"version-history":[{"count":3,"href":"https:\/\/www.organisator.ch\/de\/wp-json\/wp\/v2\/posts\/12761\/revisions"}],"predecessor-version":[{"id":12770,"href":"https:\/\/www.organisator.ch\/de\/wp-json\/wp\/v2\/posts\/12761\/revisions\/12770"}],"wp:featuredmedia":[{"embeddable":true,"href":"https:\/\/www.organisator.ch\/de\/wp-json\/wp\/v2\/media\/12762"}],"wp:attachment":[{"href":"https:\/\/www.organisator.ch\/de\/wp-json\/wp\/v2\/media?parent=12761"}],"wp:term":[{"taxonomy":"category","embeddable":true,"href":"https:\/\/www.organisator.ch\/de\/wp-json\/wp\/v2\/categories?post=12761"},{"taxonomy":"post_tag","embeddable":true,"href":"https:\/\/www.organisator.ch\/de\/wp-json\/wp\/v2\/tags?post=12761"}],"curies":[{"name":"wp","href":"https:\/\/api.w.org\/{rel}","templated":true}]}}