{"id":12776,"date":"2022-05-04T13:37:24","date_gmt":"2022-05-04T11:37:24","guid":{"rendered":"https:\/\/www.organisator.ch\/?p=12776"},"modified":"2022-05-04T13:37:24","modified_gmt":"2022-05-04T11:37:24","slug":"wertstoffsammler-mr-green-faehrt-nun-elektrisch","status":"publish","type":"post","link":"https:\/\/www.organisator.ch\/de\/sustainability\/2022-05-04\/wertstoffsammler-mr-green-faehrt-nun-elektrisch\/","title":{"rendered":"Wertstoffsammler Mr. Green f\u00e4hrt nun elektrisch"},"content":{"rendered":"<figure id=\"attachment_12777\" aria-describedby=\"caption-attachment-12777\" style=\"width: 680px\" class=\"wp-caption alignnone\"><img loading=\"lazy\" decoding=\"async\" class=\"size-full wp-image-12777\" src=\"https:\/\/www.organisator.ch\/wp-content\/uploads\/2022\/05\/Wertstoffsammler-Mr-Green-faehrt-nun-elektrisch_Organisator.jpg\" alt=\"\" width=\"680\" height=\"379\" srcset=\"https:\/\/www.organisator.ch\/wp-content\/uploads\/2022\/05\/Wertstoffsammler-Mr-Green-faehrt-nun-elektrisch_Organisator.jpg 680w, https:\/\/www.organisator.ch\/wp-content\/uploads\/2022\/05\/Wertstoffsammler-Mr-Green-faehrt-nun-elektrisch_Organisator-18x10.jpg 18w, https:\/\/www.organisator.ch\/wp-content\/uploads\/2022\/05\/Wertstoffsammler-Mr-Green-faehrt-nun-elektrisch_Organisator-314x175.jpg 314w, https:\/\/www.organisator.ch\/wp-content\/uploads\/2022\/05\/Wertstoffsammler-Mr-Green-faehrt-nun-elektrisch_Organisator-628x350.jpg 628w, https:\/\/www.organisator.ch\/wp-content\/uploads\/2022\/05\/Wertstoffsammler-Mr-Green-faehrt-nun-elektrisch_Organisator-300x167.jpg 300w\" sizes=\"auto, (max-width: 680px) 100vw, 680px\" \/><figcaption id=\"caption-attachment-12777\" class=\"wp-caption-text\">Elektrisch betriebene Fahrzeuge von Yepp Logistics gehen nun f\u00fcr Mr. Green auf Tour. (Bild: YEPP Logistics)<\/figcaption><\/figure>\n<p>Nachhaltigkeit beginnt im Kleinen, das heisst im eigenen Haushalt. Die Wertstoffe wieder in den Kreislauf zur\u00fcckzuf\u00fchren ist wichtig, um gegen die stetig wachsenden Abfallberge anzuk\u00e4mpfen. Der Wertstoffsammler Mr. Green leistet daf\u00fcr seit 2009 einen namhaften Beitrag: Das Unternehmen aus Z\u00fcrich sammelt bei \u00fcber 10&#8217;000 Kunden in den Kantonen Z\u00fcrich, Bern und Basel 14 verschiedene Wertstoffe ein &#8211; in gr\u00fcnen S\u00e4cken, die in der Limmatstadt inzwischen zum Alltag geh\u00f6ren. Herk\u00f6mmliche Recyclingprodukte wie Glas, Alu, Batterien, Pfannen und Papier, aber eben auch Plastikverpackungen, Tetrapaks und Korkzapfen landen alle in diesem gr\u00fcnen Sack \u2013 und werden vor der Haust\u00fcr abgeholt, fachgerecht sortiert und recycelt. \u00abMit Mr. Green kann man nicht nur einfacher, sondern auch besser und mehr recyclen\u00bb, h\u00e4lt Mitgr\u00fcnder und Gesch\u00e4ftsf\u00fchrer Valentin Fisler fest.<\/p>\n<h3>Zwischenschritt f\u00fcr zukunftsf\u00e4hige Logistik<\/h3>\n<p>Neu spannen die Wertstoffsammler von Mr. Green daf\u00fcr in Z\u00fcrich mit YEPP Logistics Ltd. zusammen \u2013 und k\u00f6nnen damit ihr \u00f6kologisches Versprechen noch besser einhalten. Die Logistik- und Fulfillmentprofis aus Schlieren sammeln die S\u00e4cke ab sofort mit einer Flotte von brandneuen Elektrosprintern von Mercedes-Benz ein. Erste Erfahrungen wurden ab August letzten Jahres gesammelt. Damit beginne nicht nur ein neues Kapitel in der Geschichte von Mr. Green, sondern auch in jener von YEPP Logistics, wie das Unternehmen mitteilt. \u00abWir wollen der nachhaltigste Partner f\u00fcr individuelle Logistik- und Fulfillmentl\u00f6sungen werden\u00bb, h\u00e4lt Tullio Bucher, Gesch\u00e4ftsf\u00fchrer und Partner von YEPP Logistics fest. Die Elektro-Sprinter-Flotte sei ein Zwischenschritt in eine zukunftsf\u00e4hige Logistik. \u00abUnd die muss und soll so nachhaltig wie m\u00f6glich sein.\u00bb Entlang der technischen Entwicklung sollen auch die gr\u00f6sseren Fahrzeuge mit der Zeit ersetzt werden.<\/p>\n<h3>Wertstoffsammler mit weiteren Ambitionen<\/h3>\n<p>Unter dem Namen Green Bird baut das Unternehmen derzeit ausserdem weitere Projekte und Kunden im Bereich der Kreislaufwirtschaft auf und widmet sich, gemeinsam mit Partnern wie Mr. Green, der Optimierung der aktuellen Touren. \u00abWir m\u00f6chten die Kreislaufwirtschaft f\u00f6rdern, indem wir Kreislauflogistik anbieten\u00bb, erkl\u00e4rt Bucher und f\u00fchrt aus, wie das gr\u00fcne Engagement die<br \/>\nLogistiker inspiriert: \u00abWarum sollte etwa die Mr. Green Kundschaft bei der regelm\u00e4ssigen Abholung der Wertstoffe direkt vor der Haust\u00fcr nicht auch die M\u00f6glichkeit haben, Produkte aus dem Webshop zu erhalten oder Pakete zu retournieren?\u00bb Green Bird sei eben nicht nur ein Angebot an umweltfreundlichen Logistikl\u00f6sungen, sondern biete vielmehr den Anschluss an ein Netzwerk von gleichgesinnten Partnern, welche voneinander profitieren und Synergien nutzen k\u00f6nnen.<\/p>\n<p><em>Quellen und weitere Informationen: <a href=\"https:\/\/mr-green.ch\/\">mr-green.ch<\/a>; <a href=\"https:\/\/www.yepp.ch\/\">yepp.ch<\/a><\/em><\/p>\n","protected":false},"excerpt":{"rendered":"<p>Nachhaltigkeit beginnt im Kleinen, das heisst im eigenen Haushalt. Die Wertstoffe wieder in den Kreislauf zur\u00fcckzuf\u00fchren ist wichtig, um gegen die stetig wachsenden Abfallberge anzuk\u00e4mpfen. Der Wertstoffsammler Mr. Green leistet daf\u00fcr seit 2009 einen namhaften Beitrag: Das Unternehmen aus Z\u00fcrich sammelt bei \u00fcber 10&#8217;000 Kunden in den Kantonen Z\u00fcrich, Bern und Basel 14 verschiedene Wertstoffe [&hellip;]<\/p>\n","protected":false},"author":4,"featured_media":12777,"comment_status":"closed","ping_status":"closed","sticky":false,"template":"","format":"standard","meta":{"_acf_changed":false,"_yoast_wpseo_focuskw":"Wertstoffsammler","_yoast_wpseo_metadesc":"Das Logistikunternehmen YEPP Logistics f\u00e4hrt f\u00fcr die Wertstoffsammler von Mr. Green mit elektrisch betriebenen Fahrzeugen.","articlekey":"","footnotes":""},"categories":[580],"tags":[1006,594,328],"class_list":["post-12776","post","type-post","status-publish","format-standard","has-post-thumbnail","hentry","category-sustainability","tag-e-mobilitaet","tag-kreislaufwirtschaft","tag-logistik"],"acf":[],"yoast_head":"<!-- This site is optimized with the Yoast SEO plugin v27.5 - https:\/\/yoast.com\/product\/yoast-seo-wordpress\/ -->\n<title>Wertstoffsammler Mr. Green f\u00e4hrt nun elektrisch - Organisator<\/title>\n<meta name=\"description\" content=\"Das Logistikunternehmen YEPP Logistics f\u00e4hrt f\u00fcr die Wertstoffsammler von Mr. Green mit elektrisch betriebenen Fahrzeugen.\" \/>\n<meta name=\"robots\" content=\"index, follow, max-snippet:-1, max-image-preview:large, max-video-preview:-1\" \/>\n<link rel=\"canonical\" href=\"https:\/\/www.organisator.ch\/de\/sustainability\/2022-05-04\/wertstoffsammler-mr-green-faehrt-nun-elektrisch\/\" \/>\n<meta property=\"og:locale\" content=\"de_DE\" \/>\n<meta property=\"og:type\" content=\"article\" \/>\n<meta property=\"og:title\" content=\"Wertstoffsammler Mr. Green f\u00e4hrt nun elektrisch\" \/>\n<meta property=\"og:description\" content=\"Das Logistikunternehmen YEPP Logistics f\u00e4hrt f\u00fcr die Wertstoffsammler von Mr. Green mit elektrisch betriebenen Fahrzeugen.\" \/>\n<meta property=\"og:url\" content=\"https:\/\/www.organisator.ch\/de\/sustainability\/2022-05-04\/wertstoffsammler-mr-green-faehrt-nun-elektrisch\/\" \/>\n<meta property=\"og:site_name\" content=\"Organisator\" \/>\n<meta property=\"article:publisher\" content=\"https:\/\/www.facebook.com\/OrganisatorFachmagazin\" \/>\n<meta property=\"article:published_time\" content=\"2022-05-04T11:37:24+00:00\" \/>\n<meta property=\"og:image\" content=\"https:\/\/www.organisator.ch\/wp-content\/uploads\/2022\/05\/Wertstoffsammler-Mr-Green-faehrt-nun-elektrisch_Organisator.jpg\" \/>\n\t<meta property=\"og:image:width\" content=\"680\" \/>\n\t<meta property=\"og:image:height\" content=\"379\" \/>\n\t<meta property=\"og:image:type\" content=\"image\/jpeg\" \/>\n<meta name=\"author\" content=\"thomas.berner\" \/>\n<meta name=\"twitter:card\" content=\"summary_large_image\" \/>\n<meta name=\"twitter:title\" content=\"#Wertstoffsammler Mr. Green f\u00e4hrt nun elektrisch\" \/>\n<meta name=\"twitter:description\" content=\"Das Logistikunternehmen #YEPP Logistics f\u00e4hrt f\u00fcr die #Wertstoffsammler von #Mr.Green mit elektrisch betriebenen Fahrzeugen.\" \/>\n<meta name=\"twitter:image\" content=\"https:\/\/www.organisator.ch\/wp-content\/uploads\/2022\/05\/Wertstoffsammler-Mr-Green-faehrt-nun-elektrisch_Organisator.jpg\" \/>\n<script type=\"application\/ld+json\" class=\"yoast-schema-graph\">{\"@context\":\"https:\\\/\\\/schema.org\",\"@graph\":[{\"@type\":\"Article\",\"@id\":\"https:\\\/\\\/www.organisator.ch\\\/sustainability\\\/2022-05-04\\\/wertstoffsammler-mr-green-faehrt-nun-elektrisch\\\/#article\",\"isPartOf\":{\"@id\":\"https:\\\/\\\/www.organisator.ch\\\/sustainability\\\/2022-05-04\\\/wertstoffsammler-mr-green-faehrt-nun-elektrisch\\\/\"},\"author\":{\"name\":\"thomas.berner\",\"@id\":\"https:\\\/\\\/www.organisator.ch\\\/#\\\/schema\\\/person\\\/6f650f90b2842cd4c0cc334b4e36f67e\"},\"headline\":\"Wertstoffsammler Mr. Green f\u00e4hrt nun elektrisch\",\"datePublished\":\"2022-05-04T11:37:24+00:00\",\"mainEntityOfPage\":{\"@id\":\"https:\\\/\\\/www.organisator.ch\\\/sustainability\\\/2022-05-04\\\/wertstoffsammler-mr-green-faehrt-nun-elektrisch\\\/\"},\"wordCount\":450,\"publisher\":{\"@id\":\"https:\\\/\\\/www.organisator.ch\\\/#organization\"},\"image\":{\"@id\":\"https:\\\/\\\/www.organisator.ch\\\/sustainability\\\/2022-05-04\\\/wertstoffsammler-mr-green-faehrt-nun-elektrisch\\\/#primaryimage\"},\"thumbnailUrl\":\"https:\\\/\\\/www.organisator.ch\\\/wp-content\\\/uploads\\\/2022\\\/05\\\/Wertstoffsammler-Mr-Green-faehrt-nun-elektrisch_Organisator.jpg\",\"keywords\":[\"E-Mobilit\u00e4t\",\"Kreislaufwirtschaft\",\"Logistik\"],\"articleSection\":[\"SUSTAINABILITY\"],\"inLanguage\":\"de\"},{\"@type\":\"WebPage\",\"@id\":\"https:\\\/\\\/www.organisator.ch\\\/sustainability\\\/2022-05-04\\\/wertstoffsammler-mr-green-faehrt-nun-elektrisch\\\/\",\"url\":\"https:\\\/\\\/www.organisator.ch\\\/sustainability\\\/2022-05-04\\\/wertstoffsammler-mr-green-faehrt-nun-elektrisch\\\/\",\"name\":\"Wertstoffsammler Mr. Green f\u00e4hrt nun elektrisch - Organisator\",\"isPartOf\":{\"@id\":\"https:\\\/\\\/www.organisator.ch\\\/#website\"},\"primaryImageOfPage\":{\"@id\":\"https:\\\/\\\/www.organisator.ch\\\/sustainability\\\/2022-05-04\\\/wertstoffsammler-mr-green-faehrt-nun-elektrisch\\\/#primaryimage\"},\"image\":{\"@id\":\"https:\\\/\\\/www.organisator.ch\\\/sustainability\\\/2022-05-04\\\/wertstoffsammler-mr-green-faehrt-nun-elektrisch\\\/#primaryimage\"},\"thumbnailUrl\":\"https:\\\/\\\/www.organisator.ch\\\/wp-content\\\/uploads\\\/2022\\\/05\\\/Wertstoffsammler-Mr-Green-faehrt-nun-elektrisch_Organisator.jpg\",\"datePublished\":\"2022-05-04T11:37:24+00:00\",\"description\":\"Das Logistikunternehmen YEPP Logistics f\u00e4hrt f\u00fcr die Wertstoffsammler von Mr. Green mit elektrisch betriebenen Fahrzeugen.\",\"breadcrumb\":{\"@id\":\"https:\\\/\\\/www.organisator.ch\\\/sustainability\\\/2022-05-04\\\/wertstoffsammler-mr-green-faehrt-nun-elektrisch\\\/#breadcrumb\"},\"inLanguage\":\"de\",\"potentialAction\":[{\"@type\":\"ReadAction\",\"target\":[\"https:\\\/\\\/www.organisator.ch\\\/sustainability\\\/2022-05-04\\\/wertstoffsammler-mr-green-faehrt-nun-elektrisch\\\/\"]}]},{\"@type\":\"ImageObject\",\"inLanguage\":\"de\",\"@id\":\"https:\\\/\\\/www.organisator.ch\\\/sustainability\\\/2022-05-04\\\/wertstoffsammler-mr-green-faehrt-nun-elektrisch\\\/#primaryimage\",\"url\":\"https:\\\/\\\/www.organisator.ch\\\/wp-content\\\/uploads\\\/2022\\\/05\\\/Wertstoffsammler-Mr-Green-faehrt-nun-elektrisch_Organisator.jpg\",\"contentUrl\":\"https:\\\/\\\/www.organisator.ch\\\/wp-content\\\/uploads\\\/2022\\\/05\\\/Wertstoffsammler-Mr-Green-faehrt-nun-elektrisch_Organisator.jpg\",\"width\":680,\"height\":379,\"caption\":\"Elektrisch betriebene Fahrzeuge von Yepp Logistics gehen nun f\u00fcr Mr. Green auf Tour. (Bild: Yepp)\"},{\"@type\":\"BreadcrumbList\",\"@id\":\"https:\\\/\\\/www.organisator.ch\\\/sustainability\\\/2022-05-04\\\/wertstoffsammler-mr-green-faehrt-nun-elektrisch\\\/#breadcrumb\",\"itemListElement\":[{\"@type\":\"ListItem\",\"position\":1,\"name\":\"Home\",\"item\":\"https:\\\/\\\/www.organisator.ch\\\/\"},{\"@type\":\"ListItem\",\"position\":2,\"name\":\"Wertstoffsammler Mr. Green f\u00e4hrt nun elektrisch\"}]},{\"@type\":\"WebSite\",\"@id\":\"https:\\\/\\\/www.organisator.ch\\\/#website\",\"url\":\"https:\\\/\\\/www.organisator.ch\\\/\",\"name\":\"Organisator\",\"description\":\"Kompetent. Praxisnah. Der ORGANISATOR bereitet in 10 Ausgaben pro Jahr die wesentlichen Themen f\u00fcr F\u00fchrungskr\u00e4fte von KMU auf.\",\"publisher\":{\"@id\":\"https:\\\/\\\/www.organisator.ch\\\/#organization\"},\"potentialAction\":[{\"@type\":\"SearchAction\",\"target\":{\"@type\":\"EntryPoint\",\"urlTemplate\":\"https:\\\/\\\/www.organisator.ch\\\/?s={search_term_string}\"},\"query-input\":{\"@type\":\"PropertyValueSpecification\",\"valueRequired\":true,\"valueName\":\"search_term_string\"}}],\"inLanguage\":\"de\"},{\"@type\":\"Organization\",\"@id\":\"https:\\\/\\\/www.organisator.ch\\\/#organization\",\"name\":\"Organisator\",\"url\":\"https:\\\/\\\/www.organisator.ch\\\/\",\"logo\":{\"@type\":\"ImageObject\",\"inLanguage\":\"de\",\"@id\":\"https:\\\/\\\/www.organisator.ch\\\/#\\\/schema\\\/logo\\\/image\\\/\",\"url\":\"https:\\\/\\\/www.organisator.ch\\\/wp-content\\\/uploads\\\/2022\\\/01\\\/Logo_Organisator_Website.png\",\"contentUrl\":\"https:\\\/\\\/www.organisator.ch\\\/wp-content\\\/uploads\\\/2022\\\/01\\\/Logo_Organisator_Website.png\",\"width\":800,\"height\":77,\"caption\":\"Organisator\"},\"image\":{\"@id\":\"https:\\\/\\\/www.organisator.ch\\\/#\\\/schema\\\/logo\\\/image\\\/\"},\"sameAs\":[\"https:\\\/\\\/www.facebook.com\\\/OrganisatorFachmagazin\",\"https:\\\/\\\/www.linkedin.com\\\/showcase\\\/organisator-das-magazin-fr-kmu\",\"https:\\\/\\\/www.xing.com\\\/news\\\/pages\\\/organisator-ch-695\",\"https:\\\/\\\/www.youtube.com\\\/channel\\\/UCGP2Sq0iWaZwT3BdIAQFYpw\"]},{\"@type\":\"Person\",\"@id\":\"https:\\\/\\\/www.organisator.ch\\\/#\\\/schema\\\/person\\\/6f650f90b2842cd4c0cc334b4e36f67e\",\"name\":\"thomas.berner\",\"image\":{\"@type\":\"ImageObject\",\"inLanguage\":\"de\",\"@id\":\"https:\\\/\\\/secure.gravatar.com\\\/avatar\\\/ac5001d2a36cb6c6cd3e50789007ffca834b477b74a2144564522e944eabff61?s=96&d=mm&r=g\",\"url\":\"https:\\\/\\\/secure.gravatar.com\\\/avatar\\\/ac5001d2a36cb6c6cd3e50789007ffca834b477b74a2144564522e944eabff61?s=96&d=mm&r=g\",\"contentUrl\":\"https:\\\/\\\/secure.gravatar.com\\\/avatar\\\/ac5001d2a36cb6c6cd3e50789007ffca834b477b74a2144564522e944eabff61?s=96&d=mm&r=g\",\"caption\":\"thomas.berner\"},\"url\":\"https:\\\/\\\/www.organisator.ch\\\/de\\\/author\\\/thomas-berner\\\/\"}]}<\/script>\n<!-- \/ Yoast SEO plugin. -->","yoast_head_json":{"title":"Wertstoffsammler Mr. Green f\u00e4hrt nun elektrisch - Organisator","description":"Das Logistikunternehmen YEPP Logistics f\u00e4hrt f\u00fcr die Wertstoffsammler von Mr. Green mit elektrisch betriebenen Fahrzeugen.","robots":{"index":"index","follow":"follow","max-snippet":"max-snippet:-1","max-image-preview":"max-image-preview:large","max-video-preview":"max-video-preview:-1"},"canonical":"https:\/\/www.organisator.ch\/de\/sustainability\/2022-05-04\/wertstoffsammler-mr-green-faehrt-nun-elektrisch\/","og_locale":"de_DE","og_type":"article","og_title":"Wertstoffsammler Mr. Green f\u00e4hrt nun elektrisch","og_description":"Das Logistikunternehmen YEPP Logistics f\u00e4hrt f\u00fcr die Wertstoffsammler von Mr. Green mit elektrisch betriebenen Fahrzeugen.","og_url":"https:\/\/www.organisator.ch\/de\/sustainability\/2022-05-04\/wertstoffsammler-mr-green-faehrt-nun-elektrisch\/","og_site_name":"Organisator","article_publisher":"https:\/\/www.facebook.com\/OrganisatorFachmagazin","article_published_time":"2022-05-04T11:37:24+00:00","og_image":[{"width":680,"height":379,"url":"https:\/\/www.organisator.ch\/wp-content\/uploads\/2022\/05\/Wertstoffsammler-Mr-Green-faehrt-nun-elektrisch_Organisator.jpg","type":"image\/jpeg"}],"author":"thomas.berner","twitter_card":"summary_large_image","twitter_title":"#Wertstoffsammler Mr. Green f\u00e4hrt nun elektrisch","twitter_description":"Das Logistikunternehmen #YEPP Logistics f\u00e4hrt f\u00fcr die #Wertstoffsammler von #Mr.Green mit elektrisch betriebenen Fahrzeugen.","twitter_image":"https:\/\/www.organisator.ch\/wp-content\/uploads\/2022\/05\/Wertstoffsammler-Mr-Green-faehrt-nun-elektrisch_Organisator.jpg","schema":{"@context":"https:\/\/schema.org","@graph":[{"@type":"Article","@id":"https:\/\/www.organisator.ch\/sustainability\/2022-05-04\/wertstoffsammler-mr-green-faehrt-nun-elektrisch\/#article","isPartOf":{"@id":"https:\/\/www.organisator.ch\/sustainability\/2022-05-04\/wertstoffsammler-mr-green-faehrt-nun-elektrisch\/"},"author":{"name":"thomas.berner","@id":"https:\/\/www.organisator.ch\/#\/schema\/person\/6f650f90b2842cd4c0cc334b4e36f67e"},"headline":"Wertstoffsammler Mr. Green f\u00e4hrt nun elektrisch","datePublished":"2022-05-04T11:37:24+00:00","mainEntityOfPage":{"@id":"https:\/\/www.organisator.ch\/sustainability\/2022-05-04\/wertstoffsammler-mr-green-faehrt-nun-elektrisch\/"},"wordCount":450,"publisher":{"@id":"https:\/\/www.organisator.ch\/#organization"},"image":{"@id":"https:\/\/www.organisator.ch\/sustainability\/2022-05-04\/wertstoffsammler-mr-green-faehrt-nun-elektrisch\/#primaryimage"},"thumbnailUrl":"https:\/\/www.organisator.ch\/wp-content\/uploads\/2022\/05\/Wertstoffsammler-Mr-Green-faehrt-nun-elektrisch_Organisator.jpg","keywords":["E-Mobilit\u00e4t","Kreislaufwirtschaft","Logistik"],"articleSection":["SUSTAINABILITY"],"inLanguage":"de"},{"@type":"WebPage","@id":"https:\/\/www.organisator.ch\/sustainability\/2022-05-04\/wertstoffsammler-mr-green-faehrt-nun-elektrisch\/","url":"https:\/\/www.organisator.ch\/sustainability\/2022-05-04\/wertstoffsammler-mr-green-faehrt-nun-elektrisch\/","name":"Wertstoffsammler Mr. Green f\u00e4hrt nun elektrisch - Organisator","isPartOf":{"@id":"https:\/\/www.organisator.ch\/#website"},"primaryImageOfPage":{"@id":"https:\/\/www.organisator.ch\/sustainability\/2022-05-04\/wertstoffsammler-mr-green-faehrt-nun-elektrisch\/#primaryimage"},"image":{"@id":"https:\/\/www.organisator.ch\/sustainability\/2022-05-04\/wertstoffsammler-mr-green-faehrt-nun-elektrisch\/#primaryimage"},"thumbnailUrl":"https:\/\/www.organisator.ch\/wp-content\/uploads\/2022\/05\/Wertstoffsammler-Mr-Green-faehrt-nun-elektrisch_Organisator.jpg","datePublished":"2022-05-04T11:37:24+00:00","description":"Das Logistikunternehmen YEPP Logistics f\u00e4hrt f\u00fcr die Wertstoffsammler von Mr. Green mit elektrisch betriebenen Fahrzeugen.","breadcrumb":{"@id":"https:\/\/www.organisator.ch\/sustainability\/2022-05-04\/wertstoffsammler-mr-green-faehrt-nun-elektrisch\/#breadcrumb"},"inLanguage":"de","potentialAction":[{"@type":"ReadAction","target":["https:\/\/www.organisator.ch\/sustainability\/2022-05-04\/wertstoffsammler-mr-green-faehrt-nun-elektrisch\/"]}]},{"@type":"ImageObject","inLanguage":"de","@id":"https:\/\/www.organisator.ch\/sustainability\/2022-05-04\/wertstoffsammler-mr-green-faehrt-nun-elektrisch\/#primaryimage","url":"https:\/\/www.organisator.ch\/wp-content\/uploads\/2022\/05\/Wertstoffsammler-Mr-Green-faehrt-nun-elektrisch_Organisator.jpg","contentUrl":"https:\/\/www.organisator.ch\/wp-content\/uploads\/2022\/05\/Wertstoffsammler-Mr-Green-faehrt-nun-elektrisch_Organisator.jpg","width":680,"height":379,"caption":"Elektrisch betriebene Fahrzeuge von Yepp Logistics gehen nun f\u00fcr Mr. Green auf Tour. (Bild: Yepp)"},{"@type":"BreadcrumbList","@id":"https:\/\/www.organisator.ch\/sustainability\/2022-05-04\/wertstoffsammler-mr-green-faehrt-nun-elektrisch\/#breadcrumb","itemListElement":[{"@type":"ListItem","position":1,"name":"Home","item":"https:\/\/www.organisator.ch\/"},{"@type":"ListItem","position":2,"name":"Wertstoffsammler Mr. Green f\u00e4hrt nun elektrisch"}]},{"@type":"WebSite","@id":"https:\/\/www.organisator.ch\/#website","url":"https:\/\/www.organisator.ch\/","name":"Organisator","description":"Kompetent. Praxisnah. Der ORGANISATOR bereitet in 10 Ausgaben pro Jahr die wesentlichen Themen f\u00fcr F\u00fchrungskr\u00e4fte von KMU auf.","publisher":{"@id":"https:\/\/www.organisator.ch\/#organization"},"potentialAction":[{"@type":"SearchAction","target":{"@type":"EntryPoint","urlTemplate":"https:\/\/www.organisator.ch\/?s={search_term_string}"},"query-input":{"@type":"PropertyValueSpecification","valueRequired":true,"valueName":"search_term_string"}}],"inLanguage":"de"},{"@type":"Organization","@id":"https:\/\/www.organisator.ch\/#organization","name":"Organisator","url":"https:\/\/www.organisator.ch\/","logo":{"@type":"ImageObject","inLanguage":"de","@id":"https:\/\/www.organisator.ch\/#\/schema\/logo\/image\/","url":"https:\/\/www.organisator.ch\/wp-content\/uploads\/2022\/01\/Logo_Organisator_Website.png","contentUrl":"https:\/\/www.organisator.ch\/wp-content\/uploads\/2022\/01\/Logo_Organisator_Website.png","width":800,"height":77,"caption":"Organisator"},"image":{"@id":"https:\/\/www.organisator.ch\/#\/schema\/logo\/image\/"},"sameAs":["https:\/\/www.facebook.com\/OrganisatorFachmagazin","https:\/\/www.linkedin.com\/showcase\/organisator-das-magazin-fr-kmu","https:\/\/www.xing.com\/news\/pages\/organisator-ch-695","https:\/\/www.youtube.com\/channel\/UCGP2Sq0iWaZwT3BdIAQFYpw"]},{"@type":"Person","@id":"https:\/\/www.organisator.ch\/#\/schema\/person\/6f650f90b2842cd4c0cc334b4e36f67e","name":"thomas.berner","image":{"@type":"ImageObject","inLanguage":"de","@id":"https:\/\/secure.gravatar.com\/avatar\/ac5001d2a36cb6c6cd3e50789007ffca834b477b74a2144564522e944eabff61?s=96&d=mm&r=g","url":"https:\/\/secure.gravatar.com\/avatar\/ac5001d2a36cb6c6cd3e50789007ffca834b477b74a2144564522e944eabff61?s=96&d=mm&r=g","contentUrl":"https:\/\/secure.gravatar.com\/avatar\/ac5001d2a36cb6c6cd3e50789007ffca834b477b74a2144564522e944eabff61?s=96&d=mm&r=g","caption":"thomas.berner"},"url":"https:\/\/www.organisator.ch\/de\/author\/thomas-berner\/"}]}},"_links":{"self":[{"href":"https:\/\/www.organisator.ch\/de\/wp-json\/wp\/v2\/posts\/12776","targetHints":{"allow":["GET"]}}],"collection":[{"href":"https:\/\/www.organisator.ch\/de\/wp-json\/wp\/v2\/posts"}],"about":[{"href":"https:\/\/www.organisator.ch\/de\/wp-json\/wp\/v2\/types\/post"}],"author":[{"embeddable":true,"href":"https:\/\/www.organisator.ch\/de\/wp-json\/wp\/v2\/users\/4"}],"replies":[{"embeddable":true,"href":"https:\/\/www.organisator.ch\/de\/wp-json\/wp\/v2\/comments?post=12776"}],"version-history":[{"count":3,"href":"https:\/\/www.organisator.ch\/de\/wp-json\/wp\/v2\/posts\/12776\/revisions"}],"predecessor-version":[{"id":12826,"href":"https:\/\/www.organisator.ch\/de\/wp-json\/wp\/v2\/posts\/12776\/revisions\/12826"}],"wp:featuredmedia":[{"embeddable":true,"href":"https:\/\/www.organisator.ch\/de\/wp-json\/wp\/v2\/media\/12777"}],"wp:attachment":[{"href":"https:\/\/www.organisator.ch\/de\/wp-json\/wp\/v2\/media?parent=12776"}],"wp:term":[{"taxonomy":"category","embeddable":true,"href":"https:\/\/www.organisator.ch\/de\/wp-json\/wp\/v2\/categories?post=12776"},{"taxonomy":"post_tag","embeddable":true,"href":"https:\/\/www.organisator.ch\/de\/wp-json\/wp\/v2\/tags?post=12776"}],"curies":[{"name":"wp","href":"https:\/\/api.w.org\/{rel}","templated":true}]}}