{"id":12780,"date":"2022-05-05T13:47:01","date_gmt":"2022-05-05T11:47:01","guid":{"rendered":"https:\/\/www.organisator.ch\/?p=12780"},"modified":"2022-05-04T14:01:08","modified_gmt":"2022-05-04T12:01:08","slug":"wachstum-von-noventa-eroeffnet-neue-karrierechancen","status":"publish","type":"post","link":"https:\/\/www.organisator.ch\/de\/management\/2022-05-05\/wachstum-von-noventa-eroeffnet-neue-karrierechancen\/","title":{"rendered":"Wachstum von Noventa er\u00f6ffnet neue Karrierechancen"},"content":{"rendered":"<figure id=\"attachment_12781\" aria-describedby=\"caption-attachment-12781\" style=\"width: 680px\" class=\"wp-caption alignnone\"><img loading=\"lazy\" decoding=\"async\" class=\"size-full wp-image-12781\" src=\"https:\/\/www.organisator.ch\/wp-content\/uploads\/2022\/05\/Wachstum-von-Noventa-eroeffnet-neue-Karrierechancen_Organisator.jpg\" alt=\"\" width=\"680\" height=\"454\" srcset=\"https:\/\/www.organisator.ch\/wp-content\/uploads\/2022\/05\/Wachstum-von-Noventa-eroeffnet-neue-Karrierechancen_Organisator.jpg 680w, https:\/\/www.organisator.ch\/wp-content\/uploads\/2022\/05\/Wachstum-von-Noventa-eroeffnet-neue-Karrierechancen_Organisator-18x12.jpg 18w, https:\/\/www.organisator.ch\/wp-content\/uploads\/2022\/05\/Wachstum-von-Noventa-eroeffnet-neue-Karrierechancen_Organisator-262x175.jpg 262w, https:\/\/www.organisator.ch\/wp-content\/uploads\/2022\/05\/Wachstum-von-Noventa-eroeffnet-neue-Karrierechancen_Organisator-524x350.jpg 524w, https:\/\/www.organisator.ch\/wp-content\/uploads\/2022\/05\/Wachstum-von-Noventa-eroeffnet-neue-Karrierechancen_Organisator-300x200.jpg 300w\" sizes=\"auto, (max-width: 680px) 100vw, 680px\" \/><figcaption id=\"caption-attachment-12781\" class=\"wp-caption-text\">Auf der Suche nach Talenten, die die zukunftsweisenden Projekte zielgerichtet vorantreiben: CEO Patrick Besserer und Project-Managerin Rahel Hasler. (Bild: zVg \/ Noventa)<\/figcaption><\/figure>\n<p>Dank neuer Kunden, Projekte und Produkte ist das Technologieunternehmen Noventa als Entwicklungs- und Fertigungspartner von etablierten OEM und innovativen Jungunternehmen weiter auf Wachstumskurs. \u00abNach herausfordernden Zeiten blicken wir auf ein vielversprechendes Jahr mit neuen Kunden und wegweisenden Produkten. Dabei k\u00f6nnten wir erstmals einen Umsatz von \u00fcber 100 Mio. Franken erreichen\u00bb, so Patrick Besserer, CEO der Noventa AG. Hierzu beitragen werden auch Projekte f\u00fcr Bestandskunden wie CWS, LaPreva, Laufen, V-Zug, K\u00e4rcher und Winterhalter.<\/p>\n<h3><strong>Wachstum von Noventa bietet Chancen f\u00fcr neue Mitarbeitende<\/strong><\/h3>\n<p>Mit seinem Wachstum er\u00f6ffnet das Unternehmen auch f\u00fcr neue Mitarbeitende Karrierechancen. \u00abDank voller Auftragsb\u00fccher, neuer Kunden und neuer Projekte befinden wir uns klar auf Wachstumskurs. In nahezu allen Bereichen er\u00f6ffnen wir neuen Talenten die Chance, die Zukunft unseres Unternehmens aktiv mitzugestalten\u00bb, so Chief Business Administration Philippe B\u00fcrki. In den kommenden Monaten wird das Unternehmen zahlreiche Vakanzen ausschreiben, wie es heisst. Schon jetzt sucht der Standort Diepoldsau personelle Verst\u00e4rkung f\u00fcr betriebswirtschaftliche Aufgaben, aber auch f\u00fcr Projektmanagement, Entwicklung, Beschaffung und Finanzen.<\/p>\n<h3><strong>Modernisierungs- und Ausbaupl\u00e4ne f\u00fcr alle Standorte<\/strong><\/h3>\n<p>Insbesondere die Bereiche Industrieprodukte sowie Sanit\u00e4r- und Hygieneprodukte entwickeln sich positiv, aber auch im Konsumg\u00fcterbereich, bei Automotive und im Kaffeemaschinensegment zieht das Wachstum deutlich an. Daher seien alle Standorte voll ausgelastet, und die Noventa AG treibe ihre Weiterentwicklung voran, so die Mitteilung an die Medien weiter. Der Standort Rum\u00e4nien wird modernisiert und durch neue B\u00fcro- und Produktionsfl\u00e4chen sowie zus\u00e4tzliche Spritzgussmaschinen erweitert. Auch am Produktionsstandort Thailand ist ein Ausbau der Produktionsfl\u00e4chen geplant. Am Schweizer Hauptsitz investiert das Unternehmen weiter in sein Innovationszentrum, um noch mehr Raum f\u00fcr Kreativit\u00e4t und Entwicklung zu schaffen.<\/p>\n<h3><strong>Noventa entwickelt und produziert f\u00fcr Kunden zukunftsweisende Produkte<\/strong><\/h3>\n<p>Mit rund 700 Mitarbeitenden und Produktionsstandorten in der Schweiz, Thailand und Rum\u00e4nien unterst\u00fctzt das Technologieunternehmen die Entwicklung und Fertigung von Produkten f\u00fcr die Zukunft. \u00abWir sind stolz darauf, gemeinsam mit unseren Kunden innovative Produkte zur Marktreife zu entwickeln und zu fertigen\u00bb, so Produktentwickler Christian Frei. \u00abDavon profitieren insbesondere auch Unternehmen, die mit einem Spezialisten f\u00fcr anspruchsvolle Produktsysteme arbeiten m\u00f6chten.\u00bb<\/p>\n<p>Ein j\u00fcngstes Beispiel ist das Babyphone \u00abSandy\u00bb von Dokoki, das mit Kameras, Einschlafhilfe, integriertem Mediaplayer und Zweiwegekommunikation ausgestattet ist und sich bequem \u00fcber ein Smartphone steuern l\u00e4sst. Auch mit einer Weltneuheit illustriert Noventa seine Begeisterung f\u00fcr neue Ideen: Das hygienische und wasserlose Toilettensystem Clesana f\u00fcr Wohnmobile und Boote soll schon im zweiten Quartal 2022 auf den Markt kommen. F\u00fcr Laufen fertigt Noventa das hochwertige Dusch-WC Aqiva speziell f\u00fcr den chinesischen Markt, f\u00fcr CWS die optisch ansprechenden, modernen Hygienesysteme der Produktlinie CWS PureLine.<\/p>\n<h3><strong>Vom Kunststoff-Spezialisten zum Innovations- und Fertigungscenter<\/strong><\/h3>\n<p>Die Wurzeln von Noventa reichen ins Jahr 1958 zur\u00fcck. Inzwischen hat sich das Unternehmen zu einem leistungsf\u00e4higen Innovations- und Fertigungscenter f\u00fcr anspruchsvolle Produktsysteme entwickelt, die im Kundenauftrag realisiert und produziert werden. Mit rund 700 Mitarbeitenden an drei Standorten (Hauptsitz Schweiz, Thailand und Rum\u00e4nien) erzielte die Noventa Gruppe 2021 einen Jahresumsatz von rund 82 Mio. Franken. Sie wird von einem dreik\u00f6pfigen Management-Team geleitet, das auch mehrheitlich am Unternehmen beteiligt ist. Zu den Kunden z\u00e4hlen unter anderem Bernina, Compleo, CWS, Laufen, LaPreva, Ivoclar, K\u00e4rcher, Siemens, SKROSS, V-Zug und Winterhalter. Seit 2004 agiert Noventa als Vorzeigeunternehmen f\u00fcr Lean Management. Nach der Einf\u00fchrung von Lean Production hat das Unternehmen seinen Umsatz auf gleichbleibender Fl\u00e4che erheblich gesteigert. Von diesem Know-how profitieren auch die Kunden des Unternehmens. Zur Noventa Gruppe geh\u00f6ren die Tochtergesellschaften Noventa (Thailand) Co., Ltd., Noventa Romania S.R.L. (Rum\u00e4nien), Noventa Tooling AG (Widnau), Noventa Consulting AG (Diepoldsau), sowie LaPreva AG (Diepoldsau).<\/p>\n<p><a href=\"http:\/\/www.noventa.com\"><em>Weitere Informationen<\/em><\/a><\/p>\n","protected":false},"excerpt":{"rendered":"<p>Dank neuer Kunden, Projekte und Produkte ist das Technologieunternehmen Noventa als Entwicklungs- und Fertigungspartner von etablierten OEM und innovativen Jungunternehmen weiter auf Wachstumskurs. \u00abNach herausfordernden Zeiten blicken wir auf ein vielversprechendes Jahr mit neuen Kunden und wegweisenden Produkten. Dabei k\u00f6nnten wir erstmals einen Umsatz von \u00fcber 100 Mio. Franken erreichen\u00bb, so Patrick Besserer, CEO der [&hellip;]<\/p>\n","protected":false},"author":4,"featured_media":12781,"comment_status":"closed","ping_status":"closed","sticky":false,"template":"","format":"standard","meta":{"_acf_changed":false,"_yoast_wpseo_focuskw":"Noventa","_yoast_wpseo_metadesc":"Dank voller Auftragsb\u00fccher, neuer Kunden und zukunftsweisender Projekte k\u00f6nnte Noventa die Umsatzmarke von 100 Mio. Franken 2022 knacken.","articlekey":"","footnotes":""},"categories":[28],"tags":[236,294,492],"class_list":["post-12780","post","type-post","status-publish","format-standard","has-post-thumbnail","hentry","category-management","tag-geschaeftsbericht","tag-karriere","tag-unternehmen"],"acf":[],"yoast_head":"<!-- This site is optimized with the Yoast SEO plugin v27.5 - https:\/\/yoast.com\/product\/yoast-seo-wordpress\/ -->\n<title>Wachstum von Noventa er\u00f6ffnet neue Karrierechancen - Organisator<\/title>\n<meta name=\"description\" content=\"Dank voller Auftragsb\u00fccher, neuer Kunden und zukunftsweisender Projekte k\u00f6nnte Noventa die Umsatzmarke von 100 Mio. Franken 2022 knacken.\" \/>\n<meta name=\"robots\" content=\"index, follow, max-snippet:-1, max-image-preview:large, max-video-preview:-1\" \/>\n<link rel=\"canonical\" href=\"https:\/\/www.organisator.ch\/de\/management\/2022-05-05\/wachstum-von-noventa-eroeffnet-neue-karrierechancen\/\" \/>\n<meta property=\"og:locale\" content=\"de_DE\" \/>\n<meta property=\"og:type\" content=\"article\" \/>\n<meta property=\"og:title\" content=\"Wachstum von Noventa er\u00f6ffnet neue Karrierechancen\" \/>\n<meta property=\"og:description\" content=\"Dank voller Auftragsb\u00fccher, neuer Kunden und zukunftsweisender Projekte k\u00f6nnte Noventa die Umsatzmarke von 100 Mio. Franken 2022 knacken.\" \/>\n<meta property=\"og:url\" content=\"https:\/\/www.organisator.ch\/de\/management\/2022-05-05\/wachstum-von-noventa-eroeffnet-neue-karrierechancen\/\" \/>\n<meta property=\"og:site_name\" content=\"Organisator\" \/>\n<meta property=\"article:publisher\" content=\"https:\/\/www.facebook.com\/OrganisatorFachmagazin\" \/>\n<meta property=\"article:published_time\" content=\"2022-05-05T11:47:01+00:00\" \/>\n<meta property=\"og:image\" content=\"https:\/\/www.organisator.ch\/wp-content\/uploads\/2022\/05\/Wachstum-von-Noventa-eroeffnet-neue-Karrierechancen_Organisator.jpg\" \/>\n\t<meta property=\"og:image:width\" content=\"680\" \/>\n\t<meta property=\"og:image:height\" content=\"454\" \/>\n\t<meta property=\"og:image:type\" content=\"image\/jpeg\" \/>\n<meta name=\"author\" content=\"thomas.berner\" \/>\n<meta name=\"twitter:card\" content=\"summary_large_image\" \/>\n<meta name=\"twitter:title\" content=\"Wachstum von #Noventa er\u00f6ffnet neue #Karrierechancen\" \/>\n<meta name=\"twitter:description\" content=\"Dank voller #Auftragsb\u00fccher, neuer Kunden und zukunftsweisender Projekte k\u00f6nnte #Noventa die #Umsatzmarke von 100 Mio. Franken 2022 knacken.\" \/>\n<meta name=\"twitter:image\" content=\"https:\/\/www.organisator.ch\/wp-content\/uploads\/2022\/05\/Wachstum-von-Noventa-eroeffnet-neue-Karrierechancen_Organisator.jpg\" \/>\n<script type=\"application\/ld+json\" class=\"yoast-schema-graph\">{\"@context\":\"https:\\\/\\\/schema.org\",\"@graph\":[{\"@type\":\"Article\",\"@id\":\"https:\\\/\\\/www.organisator.ch\\\/management\\\/2022-05-05\\\/wachstum-von-noventa-eroeffnet-neue-karrierechancen\\\/#article\",\"isPartOf\":{\"@id\":\"https:\\\/\\\/www.organisator.ch\\\/management\\\/2022-05-05\\\/wachstum-von-noventa-eroeffnet-neue-karrierechancen\\\/\"},\"author\":{\"name\":\"thomas.berner\",\"@id\":\"https:\\\/\\\/www.organisator.ch\\\/#\\\/schema\\\/person\\\/6f650f90b2842cd4c0cc334b4e36f67e\"},\"headline\":\"Wachstum von Noventa er\u00f6ffnet neue Karrierechancen\",\"datePublished\":\"2022-05-05T11:47:01+00:00\",\"mainEntityOfPage\":{\"@id\":\"https:\\\/\\\/www.organisator.ch\\\/management\\\/2022-05-05\\\/wachstum-von-noventa-eroeffnet-neue-karrierechancen\\\/\"},\"wordCount\":637,\"publisher\":{\"@id\":\"https:\\\/\\\/www.organisator.ch\\\/#organization\"},\"image\":{\"@id\":\"https:\\\/\\\/www.organisator.ch\\\/management\\\/2022-05-05\\\/wachstum-von-noventa-eroeffnet-neue-karrierechancen\\\/#primaryimage\"},\"thumbnailUrl\":\"https:\\\/\\\/www.organisator.ch\\\/wp-content\\\/uploads\\\/2022\\\/05\\\/Wachstum-von-Noventa-eroeffnet-neue-Karrierechancen_Organisator.jpg\",\"keywords\":[\"Gesch\u00e4ftsbericht\",\"Karriere\",\"Unternehmen\"],\"articleSection\":[\"MANAGEMENT\"],\"inLanguage\":\"de\"},{\"@type\":\"WebPage\",\"@id\":\"https:\\\/\\\/www.organisator.ch\\\/management\\\/2022-05-05\\\/wachstum-von-noventa-eroeffnet-neue-karrierechancen\\\/\",\"url\":\"https:\\\/\\\/www.organisator.ch\\\/management\\\/2022-05-05\\\/wachstum-von-noventa-eroeffnet-neue-karrierechancen\\\/\",\"name\":\"Wachstum von Noventa er\u00f6ffnet neue Karrierechancen - Organisator\",\"isPartOf\":{\"@id\":\"https:\\\/\\\/www.organisator.ch\\\/#website\"},\"primaryImageOfPage\":{\"@id\":\"https:\\\/\\\/www.organisator.ch\\\/management\\\/2022-05-05\\\/wachstum-von-noventa-eroeffnet-neue-karrierechancen\\\/#primaryimage\"},\"image\":{\"@id\":\"https:\\\/\\\/www.organisator.ch\\\/management\\\/2022-05-05\\\/wachstum-von-noventa-eroeffnet-neue-karrierechancen\\\/#primaryimage\"},\"thumbnailUrl\":\"https:\\\/\\\/www.organisator.ch\\\/wp-content\\\/uploads\\\/2022\\\/05\\\/Wachstum-von-Noventa-eroeffnet-neue-Karrierechancen_Organisator.jpg\",\"datePublished\":\"2022-05-05T11:47:01+00:00\",\"description\":\"Dank voller Auftragsb\u00fccher, neuer Kunden und zukunftsweisender Projekte k\u00f6nnte Noventa die Umsatzmarke von 100 Mio. Franken 2022 knacken.\",\"breadcrumb\":{\"@id\":\"https:\\\/\\\/www.organisator.ch\\\/management\\\/2022-05-05\\\/wachstum-von-noventa-eroeffnet-neue-karrierechancen\\\/#breadcrumb\"},\"inLanguage\":\"de\",\"potentialAction\":[{\"@type\":\"ReadAction\",\"target\":[\"https:\\\/\\\/www.organisator.ch\\\/management\\\/2022-05-05\\\/wachstum-von-noventa-eroeffnet-neue-karrierechancen\\\/\"]}]},{\"@type\":\"ImageObject\",\"inLanguage\":\"de\",\"@id\":\"https:\\\/\\\/www.organisator.ch\\\/management\\\/2022-05-05\\\/wachstum-von-noventa-eroeffnet-neue-karrierechancen\\\/#primaryimage\",\"url\":\"https:\\\/\\\/www.organisator.ch\\\/wp-content\\\/uploads\\\/2022\\\/05\\\/Wachstum-von-Noventa-eroeffnet-neue-Karrierechancen_Organisator.jpg\",\"contentUrl\":\"https:\\\/\\\/www.organisator.ch\\\/wp-content\\\/uploads\\\/2022\\\/05\\\/Wachstum-von-Noventa-eroeffnet-neue-Karrierechancen_Organisator.jpg\",\"width\":680,\"height\":454,\"caption\":\"Auf der Suche nach Talenten, die die zukunftsweisenden Projekte zielgerichtet vorantreiben: Noventa CEO Patrick Besserer und Project-Managerin Rahel Hasler. (Bild: zVg \\\/ Noventa)\"},{\"@type\":\"BreadcrumbList\",\"@id\":\"https:\\\/\\\/www.organisator.ch\\\/management\\\/2022-05-05\\\/wachstum-von-noventa-eroeffnet-neue-karrierechancen\\\/#breadcrumb\",\"itemListElement\":[{\"@type\":\"ListItem\",\"position\":1,\"name\":\"Home\",\"item\":\"https:\\\/\\\/www.organisator.ch\\\/\"},{\"@type\":\"ListItem\",\"position\":2,\"name\":\"Wachstum von Noventa er\u00f6ffnet neue Karrierechancen\"}]},{\"@type\":\"WebSite\",\"@id\":\"https:\\\/\\\/www.organisator.ch\\\/#website\",\"url\":\"https:\\\/\\\/www.organisator.ch\\\/\",\"name\":\"Organisator\",\"description\":\"Kompetent. Praxisnah. Der ORGANISATOR bereitet in 10 Ausgaben pro Jahr die wesentlichen Themen f\u00fcr F\u00fchrungskr\u00e4fte von KMU auf.\",\"publisher\":{\"@id\":\"https:\\\/\\\/www.organisator.ch\\\/#organization\"},\"potentialAction\":[{\"@type\":\"SearchAction\",\"target\":{\"@type\":\"EntryPoint\",\"urlTemplate\":\"https:\\\/\\\/www.organisator.ch\\\/?s={search_term_string}\"},\"query-input\":{\"@type\":\"PropertyValueSpecification\",\"valueRequired\":true,\"valueName\":\"search_term_string\"}}],\"inLanguage\":\"de\"},{\"@type\":\"Organization\",\"@id\":\"https:\\\/\\\/www.organisator.ch\\\/#organization\",\"name\":\"Organisator\",\"url\":\"https:\\\/\\\/www.organisator.ch\\\/\",\"logo\":{\"@type\":\"ImageObject\",\"inLanguage\":\"de\",\"@id\":\"https:\\\/\\\/www.organisator.ch\\\/#\\\/schema\\\/logo\\\/image\\\/\",\"url\":\"https:\\\/\\\/www.organisator.ch\\\/wp-content\\\/uploads\\\/2022\\\/01\\\/Logo_Organisator_Website.png\",\"contentUrl\":\"https:\\\/\\\/www.organisator.ch\\\/wp-content\\\/uploads\\\/2022\\\/01\\\/Logo_Organisator_Website.png\",\"width\":800,\"height\":77,\"caption\":\"Organisator\"},\"image\":{\"@id\":\"https:\\\/\\\/www.organisator.ch\\\/#\\\/schema\\\/logo\\\/image\\\/\"},\"sameAs\":[\"https:\\\/\\\/www.facebook.com\\\/OrganisatorFachmagazin\",\"https:\\\/\\\/www.linkedin.com\\\/showcase\\\/organisator-das-magazin-fr-kmu\",\"https:\\\/\\\/www.xing.com\\\/news\\\/pages\\\/organisator-ch-695\",\"https:\\\/\\\/www.youtube.com\\\/channel\\\/UCGP2Sq0iWaZwT3BdIAQFYpw\"]},{\"@type\":\"Person\",\"@id\":\"https:\\\/\\\/www.organisator.ch\\\/#\\\/schema\\\/person\\\/6f650f90b2842cd4c0cc334b4e36f67e\",\"name\":\"thomas.berner\",\"image\":{\"@type\":\"ImageObject\",\"inLanguage\":\"de\",\"@id\":\"https:\\\/\\\/secure.gravatar.com\\\/avatar\\\/ac5001d2a36cb6c6cd3e50789007ffca834b477b74a2144564522e944eabff61?s=96&d=mm&r=g\",\"url\":\"https:\\\/\\\/secure.gravatar.com\\\/avatar\\\/ac5001d2a36cb6c6cd3e50789007ffca834b477b74a2144564522e944eabff61?s=96&d=mm&r=g\",\"contentUrl\":\"https:\\\/\\\/secure.gravatar.com\\\/avatar\\\/ac5001d2a36cb6c6cd3e50789007ffca834b477b74a2144564522e944eabff61?s=96&d=mm&r=g\",\"caption\":\"thomas.berner\"},\"url\":\"https:\\\/\\\/www.organisator.ch\\\/de\\\/author\\\/thomas-berner\\\/\"}]}<\/script>\n<!-- \/ Yoast SEO plugin. -->","yoast_head_json":{"title":"Wachstum von Noventa er\u00f6ffnet neue Karrierechancen - Organisator","description":"Dank voller Auftragsb\u00fccher, neuer Kunden und zukunftsweisender Projekte k\u00f6nnte Noventa die Umsatzmarke von 100 Mio. Franken 2022 knacken.","robots":{"index":"index","follow":"follow","max-snippet":"max-snippet:-1","max-image-preview":"max-image-preview:large","max-video-preview":"max-video-preview:-1"},"canonical":"https:\/\/www.organisator.ch\/de\/management\/2022-05-05\/wachstum-von-noventa-eroeffnet-neue-karrierechancen\/","og_locale":"de_DE","og_type":"article","og_title":"Wachstum von Noventa er\u00f6ffnet neue Karrierechancen","og_description":"Dank voller Auftragsb\u00fccher, neuer Kunden und zukunftsweisender Projekte k\u00f6nnte Noventa die Umsatzmarke von 100 Mio. Franken 2022 knacken.","og_url":"https:\/\/www.organisator.ch\/de\/management\/2022-05-05\/wachstum-von-noventa-eroeffnet-neue-karrierechancen\/","og_site_name":"Organisator","article_publisher":"https:\/\/www.facebook.com\/OrganisatorFachmagazin","article_published_time":"2022-05-05T11:47:01+00:00","og_image":[{"width":680,"height":454,"url":"https:\/\/www.organisator.ch\/wp-content\/uploads\/2022\/05\/Wachstum-von-Noventa-eroeffnet-neue-Karrierechancen_Organisator.jpg","type":"image\/jpeg"}],"author":"thomas.berner","twitter_card":"summary_large_image","twitter_title":"Wachstum von #Noventa er\u00f6ffnet neue #Karrierechancen","twitter_description":"Dank voller #Auftragsb\u00fccher, neuer Kunden und zukunftsweisender Projekte k\u00f6nnte #Noventa die #Umsatzmarke von 100 Mio. Franken 2022 knacken.","twitter_image":"https:\/\/www.organisator.ch\/wp-content\/uploads\/2022\/05\/Wachstum-von-Noventa-eroeffnet-neue-Karrierechancen_Organisator.jpg","schema":{"@context":"https:\/\/schema.org","@graph":[{"@type":"Article","@id":"https:\/\/www.organisator.ch\/management\/2022-05-05\/wachstum-von-noventa-eroeffnet-neue-karrierechancen\/#article","isPartOf":{"@id":"https:\/\/www.organisator.ch\/management\/2022-05-05\/wachstum-von-noventa-eroeffnet-neue-karrierechancen\/"},"author":{"name":"thomas.berner","@id":"https:\/\/www.organisator.ch\/#\/schema\/person\/6f650f90b2842cd4c0cc334b4e36f67e"},"headline":"Wachstum von Noventa er\u00f6ffnet neue Karrierechancen","datePublished":"2022-05-05T11:47:01+00:00","mainEntityOfPage":{"@id":"https:\/\/www.organisator.ch\/management\/2022-05-05\/wachstum-von-noventa-eroeffnet-neue-karrierechancen\/"},"wordCount":637,"publisher":{"@id":"https:\/\/www.organisator.ch\/#organization"},"image":{"@id":"https:\/\/www.organisator.ch\/management\/2022-05-05\/wachstum-von-noventa-eroeffnet-neue-karrierechancen\/#primaryimage"},"thumbnailUrl":"https:\/\/www.organisator.ch\/wp-content\/uploads\/2022\/05\/Wachstum-von-Noventa-eroeffnet-neue-Karrierechancen_Organisator.jpg","keywords":["Gesch\u00e4ftsbericht","Karriere","Unternehmen"],"articleSection":["MANAGEMENT"],"inLanguage":"de"},{"@type":"WebPage","@id":"https:\/\/www.organisator.ch\/management\/2022-05-05\/wachstum-von-noventa-eroeffnet-neue-karrierechancen\/","url":"https:\/\/www.organisator.ch\/management\/2022-05-05\/wachstum-von-noventa-eroeffnet-neue-karrierechancen\/","name":"Wachstum von Noventa er\u00f6ffnet neue Karrierechancen - Organisator","isPartOf":{"@id":"https:\/\/www.organisator.ch\/#website"},"primaryImageOfPage":{"@id":"https:\/\/www.organisator.ch\/management\/2022-05-05\/wachstum-von-noventa-eroeffnet-neue-karrierechancen\/#primaryimage"},"image":{"@id":"https:\/\/www.organisator.ch\/management\/2022-05-05\/wachstum-von-noventa-eroeffnet-neue-karrierechancen\/#primaryimage"},"thumbnailUrl":"https:\/\/www.organisator.ch\/wp-content\/uploads\/2022\/05\/Wachstum-von-Noventa-eroeffnet-neue-Karrierechancen_Organisator.jpg","datePublished":"2022-05-05T11:47:01+00:00","description":"Dank voller Auftragsb\u00fccher, neuer Kunden und zukunftsweisender Projekte k\u00f6nnte Noventa die Umsatzmarke von 100 Mio. Franken 2022 knacken.","breadcrumb":{"@id":"https:\/\/www.organisator.ch\/management\/2022-05-05\/wachstum-von-noventa-eroeffnet-neue-karrierechancen\/#breadcrumb"},"inLanguage":"de","potentialAction":[{"@type":"ReadAction","target":["https:\/\/www.organisator.ch\/management\/2022-05-05\/wachstum-von-noventa-eroeffnet-neue-karrierechancen\/"]}]},{"@type":"ImageObject","inLanguage":"de","@id":"https:\/\/www.organisator.ch\/management\/2022-05-05\/wachstum-von-noventa-eroeffnet-neue-karrierechancen\/#primaryimage","url":"https:\/\/www.organisator.ch\/wp-content\/uploads\/2022\/05\/Wachstum-von-Noventa-eroeffnet-neue-Karrierechancen_Organisator.jpg","contentUrl":"https:\/\/www.organisator.ch\/wp-content\/uploads\/2022\/05\/Wachstum-von-Noventa-eroeffnet-neue-Karrierechancen_Organisator.jpg","width":680,"height":454,"caption":"Auf der Suche nach Talenten, die die zukunftsweisenden Projekte zielgerichtet vorantreiben: Noventa CEO Patrick Besserer und Project-Managerin Rahel Hasler. (Bild: zVg \/ Noventa)"},{"@type":"BreadcrumbList","@id":"https:\/\/www.organisator.ch\/management\/2022-05-05\/wachstum-von-noventa-eroeffnet-neue-karrierechancen\/#breadcrumb","itemListElement":[{"@type":"ListItem","position":1,"name":"Home","item":"https:\/\/www.organisator.ch\/"},{"@type":"ListItem","position":2,"name":"Wachstum von Noventa er\u00f6ffnet neue Karrierechancen"}]},{"@type":"WebSite","@id":"https:\/\/www.organisator.ch\/#website","url":"https:\/\/www.organisator.ch\/","name":"Organisator","description":"Kompetent. Praxisnah. Der ORGANISATOR bereitet in 10 Ausgaben pro Jahr die wesentlichen Themen f\u00fcr F\u00fchrungskr\u00e4fte von KMU auf.","publisher":{"@id":"https:\/\/www.organisator.ch\/#organization"},"potentialAction":[{"@type":"SearchAction","target":{"@type":"EntryPoint","urlTemplate":"https:\/\/www.organisator.ch\/?s={search_term_string}"},"query-input":{"@type":"PropertyValueSpecification","valueRequired":true,"valueName":"search_term_string"}}],"inLanguage":"de"},{"@type":"Organization","@id":"https:\/\/www.organisator.ch\/#organization","name":"Organisator","url":"https:\/\/www.organisator.ch\/","logo":{"@type":"ImageObject","inLanguage":"de","@id":"https:\/\/www.organisator.ch\/#\/schema\/logo\/image\/","url":"https:\/\/www.organisator.ch\/wp-content\/uploads\/2022\/01\/Logo_Organisator_Website.png","contentUrl":"https:\/\/www.organisator.ch\/wp-content\/uploads\/2022\/01\/Logo_Organisator_Website.png","width":800,"height":77,"caption":"Organisator"},"image":{"@id":"https:\/\/www.organisator.ch\/#\/schema\/logo\/image\/"},"sameAs":["https:\/\/www.facebook.com\/OrganisatorFachmagazin","https:\/\/www.linkedin.com\/showcase\/organisator-das-magazin-fr-kmu","https:\/\/www.xing.com\/news\/pages\/organisator-ch-695","https:\/\/www.youtube.com\/channel\/UCGP2Sq0iWaZwT3BdIAQFYpw"]},{"@type":"Person","@id":"https:\/\/www.organisator.ch\/#\/schema\/person\/6f650f90b2842cd4c0cc334b4e36f67e","name":"thomas.berner","image":{"@type":"ImageObject","inLanguage":"de","@id":"https:\/\/secure.gravatar.com\/avatar\/ac5001d2a36cb6c6cd3e50789007ffca834b477b74a2144564522e944eabff61?s=96&d=mm&r=g","url":"https:\/\/secure.gravatar.com\/avatar\/ac5001d2a36cb6c6cd3e50789007ffca834b477b74a2144564522e944eabff61?s=96&d=mm&r=g","contentUrl":"https:\/\/secure.gravatar.com\/avatar\/ac5001d2a36cb6c6cd3e50789007ffca834b477b74a2144564522e944eabff61?s=96&d=mm&r=g","caption":"thomas.berner"},"url":"https:\/\/www.organisator.ch\/de\/author\/thomas-berner\/"}]}},"_links":{"self":[{"href":"https:\/\/www.organisator.ch\/de\/wp-json\/wp\/v2\/posts\/12780","targetHints":{"allow":["GET"]}}],"collection":[{"href":"https:\/\/www.organisator.ch\/de\/wp-json\/wp\/v2\/posts"}],"about":[{"href":"https:\/\/www.organisator.ch\/de\/wp-json\/wp\/v2\/types\/post"}],"author":[{"embeddable":true,"href":"https:\/\/www.organisator.ch\/de\/wp-json\/wp\/v2\/users\/4"}],"replies":[{"embeddable":true,"href":"https:\/\/www.organisator.ch\/de\/wp-json\/wp\/v2\/comments?post=12780"}],"version-history":[{"count":1,"href":"https:\/\/www.organisator.ch\/de\/wp-json\/wp\/v2\/posts\/12780\/revisions"}],"predecessor-version":[{"id":12782,"href":"https:\/\/www.organisator.ch\/de\/wp-json\/wp\/v2\/posts\/12780\/revisions\/12782"}],"wp:featuredmedia":[{"embeddable":true,"href":"https:\/\/www.organisator.ch\/de\/wp-json\/wp\/v2\/media\/12781"}],"wp:attachment":[{"href":"https:\/\/www.organisator.ch\/de\/wp-json\/wp\/v2\/media?parent=12780"}],"wp:term":[{"taxonomy":"category","embeddable":true,"href":"https:\/\/www.organisator.ch\/de\/wp-json\/wp\/v2\/categories?post=12780"},{"taxonomy":"post_tag","embeddable":true,"href":"https:\/\/www.organisator.ch\/de\/wp-json\/wp\/v2\/tags?post=12780"}],"curies":[{"name":"wp","href":"https:\/\/api.w.org\/{rel}","templated":true}]}}