{"id":12789,"date":"2022-05-04T18:19:37","date_gmt":"2022-05-04T16:19:37","guid":{"rendered":"https:\/\/www.werbewoche.ch\/?p=170357"},"modified":"2022-08-02T12:33:50","modified_gmt":"2022-08-02T10:33:50","slug":"umfrage-zu-status-ausblick-der-marketing-analytics-nutzung-in-der-schweiz","status":"publish","type":"post","link":"https:\/\/www.organisator.ch\/de\/marketing\/2022-05-04\/umfrage-zu-status-ausblick-der-marketing-analytics-nutzung-in-der-schweiz\/","title":{"rendered":"Umfrage zu Status &amp; Ausblick der Marketing-Analytics-Nutzung in der Schweiz"},"content":{"rendered":"<figure id=\"attachment_170358\" class=\"wp-caption aligncenter\" style=\"width: 1200px\" aria-describedby=\"caption-attachment-170358\"><img class=\"aligncenter wp-image-170358 size-full\" src=\"https:\/\/www.werbewoche.ch\/wp-content\/uploads\/2022\/05\/Wanamaker.jpg\" alt=\"Umfrage\" width=\"1200\" height=\"675\" \/><figcaption id=\"caption-attachment-170358\" class=\"wp-caption-text\">(Bild: zVg.)<\/figcaption><\/figure>\r\n\u00abHalf the money I spend on advertising is wasted; the trouble is I don\u2019t know which half.\u00bb Der amerikanische Unternehmer John Wanamaker formulierte bereits zu Beginn des 20. Jahrhunderts eindr\u00fccklich das Dilemma im Umgang mit Werbeinvestitionen. Damals mussten Marketer noch Vermutungen dar\u00fcber anstellen, welche Konsumenten f\u00fcr ihre Werbebotschaften empf\u00e4nglich sein k\u00f6nnten.\r\n\r\nMittlerweile ist viel passiert und die Digitalisierung in Wirtschaft und Gesellschaft schreitet unaufhaltsam voran. Daten, auch bezeichnet als \u00d6l der digitalen Wirtschaft, stehen in grosser Menge zur Verf\u00fcgung. Nun stellt sich die Frage, inwiefern werbetreibende Schweizer Unternehmen im Jahre 2022 in der Lage sind ihre Entscheidungen zum Einsatz des Kommunikations-Mix basierend auf Fakten und Wissen zu treffen.\r\n\r\nDiese Frage untersucht Christian Kleiner im Rahmen seiner Masterarbeit an der ZHAW quantitativ mit <a href=\"https:\/\/de.surveymonkey.com\/r\/marketinganalytics2022_de\" rel=\"noopener\">einer Online-Umfrage<\/a>. Mit Ihrer Unterst\u00fctzung ermittelt er die passenden Antworten. Die Umfrage dauert knapp 20 Minuten.\r\n\r\nHier geht es zur Umfrage in <a href=\"https:\/\/de.surveymonkey.com\/r\/marketinganalytics2022_de\" rel=\"noopener\">Deutsch<\/a> und <a href=\"https:\/\/de.surveymonkey.com\/r\/marketinganalytics2022_en\" rel=\"noopener\">Englisch<\/a>.","protected":false},"excerpt":{"rendered":"<p>\u00abHalf the money I spend on advertising is wasted; the trouble is I don\u2019t know which half.\u00bb Der amerikanische Unternehmer John Wanamaker formulierte bereits zu Beginn des 20. Jahrhunderts eindr\u00fccklich das Dilemma im Umgang mit Werbeinvestitionen. Damals mussten Marketer noch Vermutungen dar\u00fcber anstellen, welche Konsumenten f\u00fcr ihre Werbebotschaften empf\u00e4nglich sein k\u00f6nnten. Mittlerweile ist viel passiert [\u2026]<\/p>\n","protected":false},"author":8,"featured_media":0,"comment_status":"closed","ping_status":"closed","sticky":false,"template":"","format":"standard","meta":{"_acf_changed":false,"_yoast_wpseo_focuskw":"Umfrage","_yoast_wpseo_metadesc":"Im Rahmen seiner Masterarbeit an der ZHAW untersucht Christian Kleiner den Stand der Nutzung datengetriebener analytischer Modelle bei Planung, Umsetzung und Auswertung des Kommunikations-Mix.","articlekey":"","footnotes":""},"categories":[29],"tags":[487],"class_list":["post-12789","post","type-post","status-publish","format-standard","hentry","category-marketing","tag-umfrage"],"acf":[],"yoast_head":"<!-- This site is optimized with the Yoast SEO plugin v27.4 - https:\/\/yoast.com\/product\/yoast-seo-wordpress\/ -->\n<title>Umfrage zu Status &amp; Ausblick der Marketing-Analytics-Nutzung in der Schweiz - Organisator<\/title>\n<meta name=\"description\" content=\"Im Rahmen seiner Masterarbeit an der ZHAW untersucht Christian Kleiner den Stand der Nutzung datengetriebener analytischer Modelle bei Planung, Umsetzung und Auswertung des Kommunikations-Mix.\" \/>\n<meta name=\"robots\" content=\"index, follow, max-snippet:-1, max-image-preview:large, max-video-preview:-1\" \/>\n<link rel=\"canonical\" href=\"https:\/\/www.werbewoche.ch\/de\/marketing\/2022-05-04\/umfrage-zu-status-ausblick-der-marketing-analytics-nutzung-in-der-schweiz\/\" \/>\n<meta property=\"og:locale\" content=\"de_DE\" \/>\n<meta property=\"og:type\" content=\"article\" \/>\n<meta property=\"og:title\" content=\"Umfrage zu Status &amp; Ausblick der Marketing-Analytics-Nutzung in der Schweiz - Organisator\" \/>\n<meta property=\"og:description\" content=\"Im Rahmen seiner Masterarbeit an der ZHAW untersucht Christian Kleiner den Stand der Nutzung datengetriebener analytischer Modelle bei Planung, Umsetzung und Auswertung des Kommunikations-Mix.\" \/>\n<meta property=\"og:url\" content=\"https:\/\/www.werbewoche.ch\/de\/marketing\/2022-05-04\/umfrage-zu-status-ausblick-der-marketing-analytics-nutzung-in-der-schweiz\/\" \/>\n<meta property=\"og:site_name\" content=\"Organisator\" \/>\n<meta property=\"article:publisher\" content=\"https:\/\/www.facebook.com\/OrganisatorFachmagazin\" \/>\n<meta property=\"article:published_time\" content=\"2022-05-04T16:19:37+00:00\" \/>\n<meta property=\"article:modified_time\" content=\"2022-08-02T10:33:50+00:00\" \/>\n<meta property=\"og:image\" content=\"https:\/\/www.werbewoche.ch\/wp-content\/uploads\/2022\/05\/Wanamaker.jpg\" \/>\n<meta name=\"author\" content=\"galledia\" \/>\n<meta name=\"twitter:card\" content=\"summary_large_image\" \/>\n<meta name=\"twitter:creator\" content=\"@admin\" \/>\n<script type=\"application\/ld+json\" class=\"yoast-schema-graph\">{\"@context\":\"https:\\\/\\\/schema.org\",\"@graph\":[{\"@type\":\"Article\",\"@id\":\"https:\\\/\\\/www.werbewoche.ch\\\/de\\\/marketing\\\/2022-05-04\\\/umfrage-zu-status-ausblick-der-marketing-analytics-nutzung-in-der-schweiz\\\/#article\",\"isPartOf\":{\"@id\":\"https:\\\/\\\/www.organisator.ch\\\/marketing\\\/2022-05-04\\\/umfrage-zu-status-ausblick-der-marketing-analytics-nutzung-in-der-schweiz\\\/\"},\"author\":{\"name\":\"galledia\",\"@id\":\"https:\\\/\\\/www.organisator.ch\\\/#\\\/schema\\\/person\\\/4e51799071cd2dd1232ac003643ef5f0\"},\"headline\":\"Umfrage zu Status &amp; Ausblick der Marketing-Analytics-Nutzung in der Schweiz\",\"datePublished\":\"2022-05-04T16:19:37+00:00\",\"dateModified\":\"2022-08-02T10:33:50+00:00\",\"mainEntityOfPage\":{\"@id\":\"https:\\\/\\\/www.organisator.ch\\\/marketing\\\/2022-05-04\\\/umfrage-zu-status-ausblick-der-marketing-analytics-nutzung-in-der-schweiz\\\/\"},\"wordCount\":164,\"publisher\":{\"@id\":\"https:\\\/\\\/www.organisator.ch\\\/#organization\"},\"image\":{\"@id\":\"https:\\\/\\\/www.werbewoche.ch\\\/de\\\/marketing\\\/2022-05-04\\\/umfrage-zu-status-ausblick-der-marketing-analytics-nutzung-in-der-schweiz\\\/#primaryimage\"},\"thumbnailUrl\":\"https:\\\/\\\/www.werbewoche.ch\\\/wp-content\\\/uploads\\\/2022\\\/05\\\/Wanamaker.jpg\",\"keywords\":[\"Umfrage\"],\"articleSection\":[\"MARKETING\"],\"inLanguage\":\"de\"},{\"@type\":\"WebPage\",\"@id\":\"https:\\\/\\\/www.organisator.ch\\\/marketing\\\/2022-05-04\\\/umfrage-zu-status-ausblick-der-marketing-analytics-nutzung-in-der-schweiz\\\/\",\"url\":\"https:\\\/\\\/www.werbewoche.ch\\\/de\\\/marketing\\\/2022-05-04\\\/umfrage-zu-status-ausblick-der-marketing-analytics-nutzung-in-der-schweiz\\\/\",\"name\":\"Umfrage zu Status &amp; Ausblick der Marketing-Analytics-Nutzung in der Schweiz - Organisator\",\"isPartOf\":{\"@id\":\"https:\\\/\\\/www.organisator.ch\\\/#website\"},\"primaryImageOfPage\":{\"@id\":\"https:\\\/\\\/www.werbewoche.ch\\\/de\\\/marketing\\\/2022-05-04\\\/umfrage-zu-status-ausblick-der-marketing-analytics-nutzung-in-der-schweiz\\\/#primaryimage\"},\"image\":{\"@id\":\"https:\\\/\\\/www.werbewoche.ch\\\/de\\\/marketing\\\/2022-05-04\\\/umfrage-zu-status-ausblick-der-marketing-analytics-nutzung-in-der-schweiz\\\/#primaryimage\"},\"thumbnailUrl\":\"https:\\\/\\\/www.werbewoche.ch\\\/wp-content\\\/uploads\\\/2022\\\/05\\\/Wanamaker.jpg\",\"datePublished\":\"2022-05-04T16:19:37+00:00\",\"dateModified\":\"2022-08-02T10:33:50+00:00\",\"description\":\"Im Rahmen seiner Masterarbeit an der ZHAW untersucht Christian Kleiner den Stand der Nutzung datengetriebener analytischer Modelle bei Planung, Umsetzung und Auswertung des Kommunikations-Mix.\",\"breadcrumb\":{\"@id\":\"https:\\\/\\\/www.werbewoche.ch\\\/de\\\/marketing\\\/2022-05-04\\\/umfrage-zu-status-ausblick-der-marketing-analytics-nutzung-in-der-schweiz\\\/#breadcrumb\"},\"inLanguage\":\"de\",\"potentialAction\":[{\"@type\":\"ReadAction\",\"target\":[\"https:\\\/\\\/www.werbewoche.ch\\\/de\\\/marketing\\\/2022-05-04\\\/umfrage-zu-status-ausblick-der-marketing-analytics-nutzung-in-der-schweiz\\\/\"]}]},{\"@type\":\"ImageObject\",\"inLanguage\":\"de\",\"@id\":\"https:\\\/\\\/www.werbewoche.ch\\\/de\\\/marketing\\\/2022-05-04\\\/umfrage-zu-status-ausblick-der-marketing-analytics-nutzung-in-der-schweiz\\\/#primaryimage\",\"url\":\"https:\\\/\\\/www.werbewoche.ch\\\/wp-content\\\/uploads\\\/2022\\\/05\\\/Wanamaker.jpg\",\"contentUrl\":\"https:\\\/\\\/www.werbewoche.ch\\\/wp-content\\\/uploads\\\/2022\\\/05\\\/Wanamaker.jpg\"},{\"@type\":\"BreadcrumbList\",\"@id\":\"https:\\\/\\\/www.werbewoche.ch\\\/de\\\/marketing\\\/2022-05-04\\\/umfrage-zu-status-ausblick-der-marketing-analytics-nutzung-in-der-schweiz\\\/#breadcrumb\",\"itemListElement\":[{\"@type\":\"ListItem\",\"position\":1,\"name\":\"Home\",\"item\":\"https:\\\/\\\/www.organisator.ch\\\/\"},{\"@type\":\"ListItem\",\"position\":2,\"name\":\"Umfrage zu Status &amp; Ausblick der Marketing-Analytics-Nutzung in der Schweiz\"}]},{\"@type\":\"WebSite\",\"@id\":\"https:\\\/\\\/www.organisator.ch\\\/#website\",\"url\":\"https:\\\/\\\/www.organisator.ch\\\/\",\"name\":\"Organisator\",\"description\":\"Kompetent. Praxisnah. Der ORGANISATOR bereitet in 10 Ausgaben pro Jahr die wesentlichen Themen f\u00fcr F\u00fchrungskr\u00e4fte von KMU auf.\",\"publisher\":{\"@id\":\"https:\\\/\\\/www.organisator.ch\\\/#organization\"},\"potentialAction\":[{\"@type\":\"SearchAction\",\"target\":{\"@type\":\"EntryPoint\",\"urlTemplate\":\"https:\\\/\\\/www.organisator.ch\\\/?s={search_term_string}\"},\"query-input\":{\"@type\":\"PropertyValueSpecification\",\"valueRequired\":true,\"valueName\":\"search_term_string\"}}],\"inLanguage\":\"de\"},{\"@type\":\"Organization\",\"@id\":\"https:\\\/\\\/www.organisator.ch\\\/#organization\",\"name\":\"Organisator\",\"url\":\"https:\\\/\\\/www.organisator.ch\\\/\",\"logo\":{\"@type\":\"ImageObject\",\"inLanguage\":\"de\",\"@id\":\"https:\\\/\\\/www.organisator.ch\\\/#\\\/schema\\\/logo\\\/image\\\/\",\"url\":\"https:\\\/\\\/www.organisator.ch\\\/wp-content\\\/uploads\\\/2022\\\/01\\\/Logo_Organisator_Website.png\",\"contentUrl\":\"https:\\\/\\\/www.organisator.ch\\\/wp-content\\\/uploads\\\/2022\\\/01\\\/Logo_Organisator_Website.png\",\"width\":800,\"height\":77,\"caption\":\"Organisator\"},\"image\":{\"@id\":\"https:\\\/\\\/www.organisator.ch\\\/#\\\/schema\\\/logo\\\/image\\\/\"},\"sameAs\":[\"https:\\\/\\\/www.facebook.com\\\/OrganisatorFachmagazin\",\"https:\\\/\\\/www.linkedin.com\\\/showcase\\\/organisator-das-magazin-fr-kmu\",\"https:\\\/\\\/www.xing.com\\\/news\\\/pages\\\/organisator-ch-695\",\"https:\\\/\\\/www.youtube.com\\\/channel\\\/UCGP2Sq0iWaZwT3BdIAQFYpw\"]},{\"@type\":\"Person\",\"@id\":\"https:\\\/\\\/www.organisator.ch\\\/#\\\/schema\\\/person\\\/4e51799071cd2dd1232ac003643ef5f0\",\"name\":\"galledia\",\"image\":{\"@type\":\"ImageObject\",\"inLanguage\":\"de\",\"@id\":\"https:\\\/\\\/secure.gravatar.com\\\/avatar\\\/78a7f90c01fc2bfc875782a0d4922b37cde2cf184ce347b91316d23cd7f69a36?s=96&d=mm&r=g\",\"url\":\"https:\\\/\\\/secure.gravatar.com\\\/avatar\\\/78a7f90c01fc2bfc875782a0d4922b37cde2cf184ce347b91316d23cd7f69a36?s=96&d=mm&r=g\",\"contentUrl\":\"https:\\\/\\\/secure.gravatar.com\\\/avatar\\\/78a7f90c01fc2bfc875782a0d4922b37cde2cf184ce347b91316d23cd7f69a36?s=96&d=mm&r=g\",\"caption\":\"galledia\"},\"sameAs\":[\"https:\\\/\\\/x.com\\\/admin\"],\"url\":\"https:\\\/\\\/www.organisator.ch\\\/de\\\/author\\\/galledia\\\/\"}]}<\/script>\n<!-- \/ Yoast SEO plugin. -->","yoast_head_json":{"title":"Umfrage zu Status &amp; Ausblick der Marketing-Analytics-Nutzung in der Schweiz - Organisator","description":"Im Rahmen seiner Masterarbeit an der ZHAW untersucht Christian Kleiner den Stand der Nutzung datengetriebener analytischer Modelle bei Planung, Umsetzung und Auswertung des Kommunikations-Mix.","robots":{"index":"index","follow":"follow","max-snippet":"max-snippet:-1","max-image-preview":"max-image-preview:large","max-video-preview":"max-video-preview:-1"},"canonical":"https:\/\/www.werbewoche.ch\/de\/marketing\/2022-05-04\/umfrage-zu-status-ausblick-der-marketing-analytics-nutzung-in-der-schweiz\/","og_locale":"de_DE","og_type":"article","og_title":"Umfrage zu Status &amp; Ausblick der Marketing-Analytics-Nutzung in der Schweiz - Organisator","og_description":"Im Rahmen seiner Masterarbeit an der ZHAW untersucht Christian Kleiner den Stand der Nutzung datengetriebener analytischer Modelle bei Planung, Umsetzung und Auswertung des Kommunikations-Mix.","og_url":"https:\/\/www.werbewoche.ch\/de\/marketing\/2022-05-04\/umfrage-zu-status-ausblick-der-marketing-analytics-nutzung-in-der-schweiz\/","og_site_name":"Organisator","article_publisher":"https:\/\/www.facebook.com\/OrganisatorFachmagazin","article_published_time":"2022-05-04T16:19:37+00:00","article_modified_time":"2022-08-02T10:33:50+00:00","og_image":[{"url":"https:\/\/www.werbewoche.ch\/wp-content\/uploads\/2022\/05\/Wanamaker.jpg","type":"","width":"","height":""}],"author":"galledia","twitter_card":"summary_large_image","twitter_creator":"@admin","schema":{"@context":"https:\/\/schema.org","@graph":[{"@type":"Article","@id":"https:\/\/www.werbewoche.ch\/de\/marketing\/2022-05-04\/umfrage-zu-status-ausblick-der-marketing-analytics-nutzung-in-der-schweiz\/#article","isPartOf":{"@id":"https:\/\/www.organisator.ch\/marketing\/2022-05-04\/umfrage-zu-status-ausblick-der-marketing-analytics-nutzung-in-der-schweiz\/"},"author":{"name":"galledia","@id":"https:\/\/www.organisator.ch\/#\/schema\/person\/4e51799071cd2dd1232ac003643ef5f0"},"headline":"Umfrage zu Status &amp; Ausblick der Marketing-Analytics-Nutzung in der Schweiz","datePublished":"2022-05-04T16:19:37+00:00","dateModified":"2022-08-02T10:33:50+00:00","mainEntityOfPage":{"@id":"https:\/\/www.organisator.ch\/marketing\/2022-05-04\/umfrage-zu-status-ausblick-der-marketing-analytics-nutzung-in-der-schweiz\/"},"wordCount":164,"publisher":{"@id":"https:\/\/www.organisator.ch\/#organization"},"image":{"@id":"https:\/\/www.werbewoche.ch\/de\/marketing\/2022-05-04\/umfrage-zu-status-ausblick-der-marketing-analytics-nutzung-in-der-schweiz\/#primaryimage"},"thumbnailUrl":"https:\/\/www.werbewoche.ch\/wp-content\/uploads\/2022\/05\/Wanamaker.jpg","keywords":["Umfrage"],"articleSection":["MARKETING"],"inLanguage":"de"},{"@type":"WebPage","@id":"https:\/\/www.organisator.ch\/marketing\/2022-05-04\/umfrage-zu-status-ausblick-der-marketing-analytics-nutzung-in-der-schweiz\/","url":"https:\/\/www.werbewoche.ch\/de\/marketing\/2022-05-04\/umfrage-zu-status-ausblick-der-marketing-analytics-nutzung-in-der-schweiz\/","name":"Umfrage zu Status &amp; Ausblick der Marketing-Analytics-Nutzung in der Schweiz - Organisator","isPartOf":{"@id":"https:\/\/www.organisator.ch\/#website"},"primaryImageOfPage":{"@id":"https:\/\/www.werbewoche.ch\/de\/marketing\/2022-05-04\/umfrage-zu-status-ausblick-der-marketing-analytics-nutzung-in-der-schweiz\/#primaryimage"},"image":{"@id":"https:\/\/www.werbewoche.ch\/de\/marketing\/2022-05-04\/umfrage-zu-status-ausblick-der-marketing-analytics-nutzung-in-der-schweiz\/#primaryimage"},"thumbnailUrl":"https:\/\/www.werbewoche.ch\/wp-content\/uploads\/2022\/05\/Wanamaker.jpg","datePublished":"2022-05-04T16:19:37+00:00","dateModified":"2022-08-02T10:33:50+00:00","description":"Im Rahmen seiner Masterarbeit an der ZHAW untersucht Christian Kleiner den Stand der Nutzung datengetriebener analytischer Modelle bei Planung, Umsetzung und Auswertung des Kommunikations-Mix.","breadcrumb":{"@id":"https:\/\/www.werbewoche.ch\/de\/marketing\/2022-05-04\/umfrage-zu-status-ausblick-der-marketing-analytics-nutzung-in-der-schweiz\/#breadcrumb"},"inLanguage":"de","potentialAction":[{"@type":"ReadAction","target":["https:\/\/www.werbewoche.ch\/de\/marketing\/2022-05-04\/umfrage-zu-status-ausblick-der-marketing-analytics-nutzung-in-der-schweiz\/"]}]},{"@type":"ImageObject","inLanguage":"de","@id":"https:\/\/www.werbewoche.ch\/de\/marketing\/2022-05-04\/umfrage-zu-status-ausblick-der-marketing-analytics-nutzung-in-der-schweiz\/#primaryimage","url":"https:\/\/www.werbewoche.ch\/wp-content\/uploads\/2022\/05\/Wanamaker.jpg","contentUrl":"https:\/\/www.werbewoche.ch\/wp-content\/uploads\/2022\/05\/Wanamaker.jpg"},{"@type":"BreadcrumbList","@id":"https:\/\/www.werbewoche.ch\/de\/marketing\/2022-05-04\/umfrage-zu-status-ausblick-der-marketing-analytics-nutzung-in-der-schweiz\/#breadcrumb","itemListElement":[{"@type":"ListItem","position":1,"name":"Home","item":"https:\/\/www.organisator.ch\/"},{"@type":"ListItem","position":2,"name":"Umfrage zu Status &amp; Ausblick der Marketing-Analytics-Nutzung in der Schweiz"}]},{"@type":"WebSite","@id":"https:\/\/www.organisator.ch\/#website","url":"https:\/\/www.organisator.ch\/","name":"Organisator","description":"Kompetent. Praxisnah. Der ORGANISATOR bereitet in 10 Ausgaben pro Jahr die wesentlichen Themen f\u00fcr F\u00fchrungskr\u00e4fte von KMU auf.","publisher":{"@id":"https:\/\/www.organisator.ch\/#organization"},"potentialAction":[{"@type":"SearchAction","target":{"@type":"EntryPoint","urlTemplate":"https:\/\/www.organisator.ch\/?s={search_term_string}"},"query-input":{"@type":"PropertyValueSpecification","valueRequired":true,"valueName":"search_term_string"}}],"inLanguage":"de"},{"@type":"Organization","@id":"https:\/\/www.organisator.ch\/#organization","name":"Organisator","url":"https:\/\/www.organisator.ch\/","logo":{"@type":"ImageObject","inLanguage":"de","@id":"https:\/\/www.organisator.ch\/#\/schema\/logo\/image\/","url":"https:\/\/www.organisator.ch\/wp-content\/uploads\/2022\/01\/Logo_Organisator_Website.png","contentUrl":"https:\/\/www.organisator.ch\/wp-content\/uploads\/2022\/01\/Logo_Organisator_Website.png","width":800,"height":77,"caption":"Organisator"},"image":{"@id":"https:\/\/www.organisator.ch\/#\/schema\/logo\/image\/"},"sameAs":["https:\/\/www.facebook.com\/OrganisatorFachmagazin","https:\/\/www.linkedin.com\/showcase\/organisator-das-magazin-fr-kmu","https:\/\/www.xing.com\/news\/pages\/organisator-ch-695","https:\/\/www.youtube.com\/channel\/UCGP2Sq0iWaZwT3BdIAQFYpw"]},{"@type":"Person","@id":"https:\/\/www.organisator.ch\/#\/schema\/person\/4e51799071cd2dd1232ac003643ef5f0","name":"galledia","image":{"@type":"ImageObject","inLanguage":"de","@id":"https:\/\/secure.gravatar.com\/avatar\/78a7f90c01fc2bfc875782a0d4922b37cde2cf184ce347b91316d23cd7f69a36?s=96&d=mm&r=g","url":"https:\/\/secure.gravatar.com\/avatar\/78a7f90c01fc2bfc875782a0d4922b37cde2cf184ce347b91316d23cd7f69a36?s=96&d=mm&r=g","contentUrl":"https:\/\/secure.gravatar.com\/avatar\/78a7f90c01fc2bfc875782a0d4922b37cde2cf184ce347b91316d23cd7f69a36?s=96&d=mm&r=g","caption":"galledia"},"sameAs":["https:\/\/x.com\/admin"],"url":"https:\/\/www.organisator.ch\/de\/author\/galledia\/"}]}},"_links":{"self":[{"href":"https:\/\/www.organisator.ch\/de\/wp-json\/wp\/v2\/posts\/12789","targetHints":{"allow":["GET"]}}],"collection":[{"href":"https:\/\/www.organisator.ch\/de\/wp-json\/wp\/v2\/posts"}],"about":[{"href":"https:\/\/www.organisator.ch\/de\/wp-json\/wp\/v2\/types\/post"}],"author":[{"embeddable":true,"href":"https:\/\/www.organisator.ch\/de\/wp-json\/wp\/v2\/users\/8"}],"replies":[{"embeddable":true,"href":"https:\/\/www.organisator.ch\/de\/wp-json\/wp\/v2\/comments?post=12789"}],"version-history":[{"count":4,"href":"https:\/\/www.organisator.ch\/de\/wp-json\/wp\/v2\/posts\/12789\/revisions"}],"predecessor-version":[{"id":16142,"href":"https:\/\/www.organisator.ch\/de\/wp-json\/wp\/v2\/posts\/12789\/revisions\/16142"}],"wp:attachment":[{"href":"https:\/\/www.organisator.ch\/de\/wp-json\/wp\/v2\/media?parent=12789"}],"wp:term":[{"taxonomy":"category","embeddable":true,"href":"https:\/\/www.organisator.ch\/de\/wp-json\/wp\/v2\/categories?post=12789"},{"taxonomy":"post_tag","embeddable":true,"href":"https:\/\/www.organisator.ch\/de\/wp-json\/wp\/v2\/tags?post=12789"}],"curies":[{"name":"wp","href":"https:\/\/api.w.org\/{rel}","templated":true}]}}