{"id":12804,"date":"2022-05-06T08:30:06","date_gmt":"2022-05-06T06:30:06","guid":{"rendered":"https:\/\/www.organisator.ch\/?p=12804"},"modified":"2022-05-06T08:30:06","modified_gmt":"2022-05-06T06:30:06","slug":"neue-eventhalle-zum-50-jahr-jubilaeum-des-campus-sursee-eroeffnet","status":"publish","type":"post","link":"https:\/\/www.organisator.ch\/de\/marketing\/2022-05-06\/neue-eventhalle-zum-50-jahr-jubilaeum-des-campus-sursee-eroeffnet\/","title":{"rendered":"Neue Eventhalle zum 50-Jahr-Jubil\u00e4um des Campus Sursee er\u00f6ffnet"},"content":{"rendered":"<figure id=\"attachment_12805\" aria-describedby=\"caption-attachment-12805\" style=\"width: 680px\" class=\"wp-caption alignnone\"><img loading=\"lazy\" decoding=\"async\" class=\"size-full wp-image-12805\" src=\"https:\/\/www.organisator.ch\/wp-content\/uploads\/2022\/05\/Neue-Eventhalle-zum-50-Jahr-Jubilaeum-des-Campus-Sursee-eroeffnet_Organisator.jpg\" alt=\"\" width=\"680\" height=\"433\" srcset=\"https:\/\/www.organisator.ch\/wp-content\/uploads\/2022\/05\/Neue-Eventhalle-zum-50-Jahr-Jubilaeum-des-Campus-Sursee-eroeffnet_Organisator.jpg 680w, https:\/\/www.organisator.ch\/wp-content\/uploads\/2022\/05\/Neue-Eventhalle-zum-50-Jahr-Jubilaeum-des-Campus-Sursee-eroeffnet_Organisator-18x12.jpg 18w, https:\/\/www.organisator.ch\/wp-content\/uploads\/2022\/05\/Neue-Eventhalle-zum-50-Jahr-Jubilaeum-des-Campus-Sursee-eroeffnet_Organisator-275x175.jpg 275w, https:\/\/www.organisator.ch\/wp-content\/uploads\/2022\/05\/Neue-Eventhalle-zum-50-Jahr-Jubilaeum-des-Campus-Sursee-eroeffnet_Organisator-550x350.jpg 550w, https:\/\/www.organisator.ch\/wp-content\/uploads\/2022\/05\/Neue-Eventhalle-zum-50-Jahr-Jubilaeum-des-Campus-Sursee-eroeffnet_Organisator-300x191.jpg 300w\" sizes=\"auto, (max-width: 680px) 100vw, 680px\" \/><figcaption id=\"caption-attachment-12805\" class=\"wp-caption-text\">Die neue Eventhalle des Campus Sursee bietet Platz f\u00fcr 1000 Personen und wird von einer 600 Quadratmeter grossen Photovoltaikanlage mit Strom versorgt. Sie ist individuell nutzbar f\u00fcr Ausstellungen, Tagungen, Kongresse oder Messen. (Bild: Campus Sursee)<\/figcaption><\/figure>\n<p>P\u00fcnktlich zum 50. Geburtstag des Campus Sursee konnte am 5. Mai 2022 die neue Eventhalle er\u00f6ffnet werden. Gian-Luca Lardi, Pr\u00e4sident des Schweizerischen Baumeisterverbands SBV und Pr\u00e4sident des Stiftungsrats des Campus Sursee, war sichtlich stolz: &#8222;Wir sehen in der neuen Eventhalle ein grosses Potenzial, nationale Ausstrahlungskraft zu erreichen. Die Halle ist vielseitig bespielbar, mit modernster Technik ausgestattet und erf\u00fcllt h\u00f6chste \u00f6kologische Anforderungen.&#8220; Bei den Baumeisterarbeiten wurde viel Wert auf hochwertige Handwerkskunst gelegt. Dies offenbart sich etwa auf bei der Br\u00fcstung im Foyer der Eventhalle oder bei den Sichtbetonfl\u00e4chen, die gleichzeitig das Fundament f\u00fcr Kunst am Bau im Foyer darstellen. Ein \u00fcberwiegender Teil des f\u00fcr die Tr\u00e4gerkonstruktion verwendeten Buchenholzes stammt aus regionaler und nachhaltiger Waldbewirtschaftung.<\/p>\n<h3>Neue Eventhalle mit kleinem \u00f6kologischem Fussabdruck<\/h3>\n<p>Der Bau gliedert sich in zwei Teilbereiche: Einerseits in die Eventhalle selbst, die Platz f\u00fcr bis zu 1000 Personen bietet. Sie eignet sich deshalb gut f\u00fcr Kongresse, Bankette oder sogar Autopr\u00e4sentationen. Anderseits ist da der grossz\u00fcgige und moderne Eingangsbereich mit Hotelr\u00e9ception. Gem\u00e4ss Andrea Ming, Bauherrin und Direktorin Campus Sursee, soll der Neubau als Leuchtturm in der Baubranche wahrgenommen werden, zumal der Stiftungszweck die F\u00f6rderung der beruflichen Aus- und Weiterbildung von Berufsleuten der Bauwirtschaft ist. Entsprechend sieht sich der Campus Sursee in einer Vorbildfunktion &#8211; auch in Sachen \u00d6kologie. So wird mit dem neuen Geb\u00e4ude der CO2-neutrale Weg weiter beschritten. Mit dem Ertrag der Photovoltaik-Anlage auf dem Dach k\u00f6nnten beispielsweise 20 Einfamilienh\u00e4user mit Strom versorgt werden. F\u00fcr die Toiletten- und Gartenbew\u00e4sserung verwendet Campus Sursee Regenwasser. Die Gesamtkosten von 15 Millionen Franken tr\u00e4gt die Stiftung Campus Sursee des Schweizerischen Baumeisterverbands.<\/p>\n<h3>Blick hinter die Kulissen an den Tagen der offenen T\u00fcr<\/h3>\n<p>Die Er\u00f6ffnung der Eventhalle bildete den Startpunkt f\u00fcr die Jubil\u00e4umsfeierlichkeiten, die noch bis zum 10. Mai 2022 dauern. Gefeiert wird gemeinsam mit dem Stifter, dem Schweizerischen Baumeisterverband, der seinerseits auf eine 125-j\u00e4hrige Geschichte zur\u00fcckblicken kann. Auf dem Programm stehen Versammlungen, der Tag der Bauwirtschaft oder die Bildungstage. Am 7. und 8. Mai \u00f6ffnet der Campus Sursee seine Tore und l\u00e4dt alle Interessierten ein, hinter die Kulissen zu sehen. F\u00fcr Abwechslung ist gesorgt: Von Kulinarik bis Hotelzimmer, von grossen Baggern bis digitales Bauen, vom olympischen Pool bis Rollstuhl-Basketball, von Kran- und Baumaschinenf\u00fchrer-Cup bis zum Rock-Konzert.<\/p>\n<p><em>Weiter Informationen: <a href=\"http:\/\/www.campus-sursee.ch\">Campus Sursee<\/a><\/em><\/p>\n","protected":false},"excerpt":{"rendered":"<p>P\u00fcnktlich zum 50. Geburtstag des Campus Sursee konnte am 5. Mai 2022 die neue Eventhalle er\u00f6ffnet werden. Gian-Luca Lardi, Pr\u00e4sident des Schweizerischen Baumeisterverbands SBV und Pr\u00e4sident des Stiftungsrats des Campus Sursee, war sichtlich stolz: &#8222;Wir sehen in der neuen Eventhalle ein grosses Potenzial, nationale Ausstrahlungskraft zu erreichen. Die Halle ist vielseitig bespielbar, mit modernster Technik [&hellip;]<\/p>\n","protected":false},"author":4,"featured_media":12805,"comment_status":"closed","ping_status":"closed","sticky":false,"template":"","format":"standard","meta":{"_acf_changed":false,"_yoast_wpseo_focuskw":"Neue Eventhalle","_yoast_wpseo_metadesc":"Der Campus Sursee hat am 5. Mai 2022 p\u00fcnktlich zu seinem 50. Geburtstag die neue Eventhalle er\u00f6ffnet. Sie umfasst 800 Quadratmeter.","articlekey":"","footnotes":""},"categories":[29],"tags":[62,791,358,2846],"class_list":["post-12804","post","type-post","status-publish","format-standard","has-post-thumbnail","hentry","category-marketing","tag-aus-weiterbildung","tag-bauwirtschaft","tag-nachhaltige-wirtschaft","tag-tagungen-und-events"],"acf":[],"yoast_head":"<!-- This site is optimized with the Yoast SEO plugin v27.5 - https:\/\/yoast.com\/product\/yoast-seo-wordpress\/ -->\n<title>Neue Eventhalle zum 50-Jahr-Jubil\u00e4um des Campus Sursee er\u00f6ffnet - Organisator<\/title>\n<meta name=\"description\" content=\"Der Campus Sursee hat am 5. Mai 2022 p\u00fcnktlich zu seinem 50. Geburtstag die neue Eventhalle er\u00f6ffnet. Sie umfasst 800 Quadratmeter.\" \/>\n<meta name=\"robots\" content=\"index, follow, max-snippet:-1, max-image-preview:large, max-video-preview:-1\" \/>\n<link rel=\"canonical\" href=\"https:\/\/www.organisator.ch\/de\/marketing\/2022-05-06\/neue-eventhalle-zum-50-jahr-jubilaeum-des-campus-sursee-eroeffnet\/\" \/>\n<meta property=\"og:locale\" content=\"de_DE\" \/>\n<meta property=\"og:type\" content=\"article\" \/>\n<meta property=\"og:title\" content=\"Neue Eventhalle zum 50-Jahr-Jubil\u00e4um des Campus Sursee er\u00f6ffnet\" \/>\n<meta property=\"og:description\" content=\"Der Campus Sursee hat am 5. Mai 2022 p\u00fcnktlich zu seinem 50. Geburtstag die neue Eventhalle er\u00f6ffnet. Sie umfasst 800 Quadratmeter.\" \/>\n<meta property=\"og:url\" content=\"https:\/\/www.organisator.ch\/de\/marketing\/2022-05-06\/neue-eventhalle-zum-50-jahr-jubilaeum-des-campus-sursee-eroeffnet\/\" \/>\n<meta property=\"og:site_name\" content=\"Organisator\" \/>\n<meta property=\"article:publisher\" content=\"https:\/\/www.facebook.com\/OrganisatorFachmagazin\" \/>\n<meta property=\"article:published_time\" content=\"2022-05-06T06:30:06+00:00\" \/>\n<meta property=\"og:image\" content=\"https:\/\/www.organisator.ch\/wp-content\/uploads\/2022\/05\/Neue-Eventhalle-zum-50-Jahr-Jubilaeum-des-Campus-Sursee-eroeffnet_Organisator.jpg\" \/>\n\t<meta property=\"og:image:width\" content=\"680\" \/>\n\t<meta property=\"og:image:height\" content=\"433\" \/>\n\t<meta property=\"og:image:type\" content=\"image\/jpeg\" \/>\n<meta name=\"author\" content=\"thomas.berner\" \/>\n<meta name=\"twitter:card\" content=\"summary_large_image\" \/>\n<meta name=\"twitter:title\" content=\"Neue #Eventhalle zum #50-Jahr-Jubil\u00e4um des Campus Sursee er\u00f6ffnet\" \/>\n<meta name=\"twitter:description\" content=\"Der #Campus Sursee hat am 5. Mai 2022 p\u00fcnktlich zu seinem 50. Geburtstag die neue #Eventhalle er\u00f6ffnet. Sie umfasst 800 Quadratmeter.\" \/>\n<meta name=\"twitter:image\" content=\"https:\/\/www.organisator.ch\/wp-content\/uploads\/2022\/05\/Neue-Eventhalle-zum-50-Jahr-Jubilaeum-des-Campus-Sursee-eroeffnet_Organisator.jpg\" \/>\n<script type=\"application\/ld+json\" class=\"yoast-schema-graph\">{\"@context\":\"https:\\\/\\\/schema.org\",\"@graph\":[{\"@type\":\"Article\",\"@id\":\"https:\\\/\\\/www.organisator.ch\\\/marketing\\\/2022-05-06\\\/neue-eventhalle-zum-50-jahr-jubilaeum-des-campus-sursee-eroeffnet\\\/#article\",\"isPartOf\":{\"@id\":\"https:\\\/\\\/www.organisator.ch\\\/marketing\\\/2022-05-06\\\/neue-eventhalle-zum-50-jahr-jubilaeum-des-campus-sursee-eroeffnet\\\/\"},\"author\":{\"name\":\"thomas.berner\",\"@id\":\"https:\\\/\\\/www.organisator.ch\\\/#\\\/schema\\\/person\\\/6f650f90b2842cd4c0cc334b4e36f67e\"},\"headline\":\"Neue Eventhalle zum 50-Jahr-Jubil\u00e4um des Campus Sursee er\u00f6ffnet\",\"datePublished\":\"2022-05-06T06:30:06+00:00\",\"mainEntityOfPage\":{\"@id\":\"https:\\\/\\\/www.organisator.ch\\\/marketing\\\/2022-05-06\\\/neue-eventhalle-zum-50-jahr-jubilaeum-des-campus-sursee-eroeffnet\\\/\"},\"wordCount\":441,\"publisher\":{\"@id\":\"https:\\\/\\\/www.organisator.ch\\\/#organization\"},\"image\":{\"@id\":\"https:\\\/\\\/www.organisator.ch\\\/marketing\\\/2022-05-06\\\/neue-eventhalle-zum-50-jahr-jubilaeum-des-campus-sursee-eroeffnet\\\/#primaryimage\"},\"thumbnailUrl\":\"https:\\\/\\\/www.organisator.ch\\\/wp-content\\\/uploads\\\/2022\\\/05\\\/Neue-Eventhalle-zum-50-Jahr-Jubilaeum-des-Campus-Sursee-eroeffnet_Organisator.jpg\",\"keywords\":[\"Aus-\\\/Weiterbildung\",\"Bauwirtschaft\",\"Nachhaltige Wirtschaft\",\"Tagungen und Events\"],\"articleSection\":[\"MARKETING\"],\"inLanguage\":\"de\"},{\"@type\":\"WebPage\",\"@id\":\"https:\\\/\\\/www.organisator.ch\\\/marketing\\\/2022-05-06\\\/neue-eventhalle-zum-50-jahr-jubilaeum-des-campus-sursee-eroeffnet\\\/\",\"url\":\"https:\\\/\\\/www.organisator.ch\\\/marketing\\\/2022-05-06\\\/neue-eventhalle-zum-50-jahr-jubilaeum-des-campus-sursee-eroeffnet\\\/\",\"name\":\"Neue Eventhalle zum 50-Jahr-Jubil\u00e4um des Campus Sursee er\u00f6ffnet - Organisator\",\"isPartOf\":{\"@id\":\"https:\\\/\\\/www.organisator.ch\\\/#website\"},\"primaryImageOfPage\":{\"@id\":\"https:\\\/\\\/www.organisator.ch\\\/marketing\\\/2022-05-06\\\/neue-eventhalle-zum-50-jahr-jubilaeum-des-campus-sursee-eroeffnet\\\/#primaryimage\"},\"image\":{\"@id\":\"https:\\\/\\\/www.organisator.ch\\\/marketing\\\/2022-05-06\\\/neue-eventhalle-zum-50-jahr-jubilaeum-des-campus-sursee-eroeffnet\\\/#primaryimage\"},\"thumbnailUrl\":\"https:\\\/\\\/www.organisator.ch\\\/wp-content\\\/uploads\\\/2022\\\/05\\\/Neue-Eventhalle-zum-50-Jahr-Jubilaeum-des-Campus-Sursee-eroeffnet_Organisator.jpg\",\"datePublished\":\"2022-05-06T06:30:06+00:00\",\"description\":\"Der Campus Sursee hat am 5. Mai 2022 p\u00fcnktlich zu seinem 50. Geburtstag die neue Eventhalle er\u00f6ffnet. Sie umfasst 800 Quadratmeter.\",\"breadcrumb\":{\"@id\":\"https:\\\/\\\/www.organisator.ch\\\/marketing\\\/2022-05-06\\\/neue-eventhalle-zum-50-jahr-jubilaeum-des-campus-sursee-eroeffnet\\\/#breadcrumb\"},\"inLanguage\":\"de\",\"potentialAction\":[{\"@type\":\"ReadAction\",\"target\":[\"https:\\\/\\\/www.organisator.ch\\\/marketing\\\/2022-05-06\\\/neue-eventhalle-zum-50-jahr-jubilaeum-des-campus-sursee-eroeffnet\\\/\"]}]},{\"@type\":\"ImageObject\",\"inLanguage\":\"de\",\"@id\":\"https:\\\/\\\/www.organisator.ch\\\/marketing\\\/2022-05-06\\\/neue-eventhalle-zum-50-jahr-jubilaeum-des-campus-sursee-eroeffnet\\\/#primaryimage\",\"url\":\"https:\\\/\\\/www.organisator.ch\\\/wp-content\\\/uploads\\\/2022\\\/05\\\/Neue-Eventhalle-zum-50-Jahr-Jubilaeum-des-Campus-Sursee-eroeffnet_Organisator.jpg\",\"contentUrl\":\"https:\\\/\\\/www.organisator.ch\\\/wp-content\\\/uploads\\\/2022\\\/05\\\/Neue-Eventhalle-zum-50-Jahr-Jubilaeum-des-Campus-Sursee-eroeffnet_Organisator.jpg\",\"width\":680,\"height\":433,\"caption\":\"Die neue Eventhalle des Campus Sursee bietet Platz f\u00fcr 1000 Personen und wird von einer 600 Quadratmeter grossen Photovoltaikanlage mit Strom versorgt. Sie ist individuell nutzbar f\u00fcr Ausstellungen, Tagungen, Kongresse oder Messen. (Bild: Campus Sursee)\"},{\"@type\":\"BreadcrumbList\",\"@id\":\"https:\\\/\\\/www.organisator.ch\\\/marketing\\\/2022-05-06\\\/neue-eventhalle-zum-50-jahr-jubilaeum-des-campus-sursee-eroeffnet\\\/#breadcrumb\",\"itemListElement\":[{\"@type\":\"ListItem\",\"position\":1,\"name\":\"Home\",\"item\":\"https:\\\/\\\/www.organisator.ch\\\/\"},{\"@type\":\"ListItem\",\"position\":2,\"name\":\"Neue Eventhalle zum 50-Jahr-Jubil\u00e4um des Campus Sursee er\u00f6ffnet\"}]},{\"@type\":\"WebSite\",\"@id\":\"https:\\\/\\\/www.organisator.ch\\\/#website\",\"url\":\"https:\\\/\\\/www.organisator.ch\\\/\",\"name\":\"Organisator\",\"description\":\"Kompetent. Praxisnah. Der ORGANISATOR bereitet in 10 Ausgaben pro Jahr die wesentlichen Themen f\u00fcr F\u00fchrungskr\u00e4fte von KMU auf.\",\"publisher\":{\"@id\":\"https:\\\/\\\/www.organisator.ch\\\/#organization\"},\"potentialAction\":[{\"@type\":\"SearchAction\",\"target\":{\"@type\":\"EntryPoint\",\"urlTemplate\":\"https:\\\/\\\/www.organisator.ch\\\/?s={search_term_string}\"},\"query-input\":{\"@type\":\"PropertyValueSpecification\",\"valueRequired\":true,\"valueName\":\"search_term_string\"}}],\"inLanguage\":\"de\"},{\"@type\":\"Organization\",\"@id\":\"https:\\\/\\\/www.organisator.ch\\\/#organization\",\"name\":\"Organisator\",\"url\":\"https:\\\/\\\/www.organisator.ch\\\/\",\"logo\":{\"@type\":\"ImageObject\",\"inLanguage\":\"de\",\"@id\":\"https:\\\/\\\/www.organisator.ch\\\/#\\\/schema\\\/logo\\\/image\\\/\",\"url\":\"https:\\\/\\\/www.organisator.ch\\\/wp-content\\\/uploads\\\/2022\\\/01\\\/Logo_Organisator_Website.png\",\"contentUrl\":\"https:\\\/\\\/www.organisator.ch\\\/wp-content\\\/uploads\\\/2022\\\/01\\\/Logo_Organisator_Website.png\",\"width\":800,\"height\":77,\"caption\":\"Organisator\"},\"image\":{\"@id\":\"https:\\\/\\\/www.organisator.ch\\\/#\\\/schema\\\/logo\\\/image\\\/\"},\"sameAs\":[\"https:\\\/\\\/www.facebook.com\\\/OrganisatorFachmagazin\",\"https:\\\/\\\/www.linkedin.com\\\/showcase\\\/organisator-das-magazin-fr-kmu\",\"https:\\\/\\\/www.xing.com\\\/news\\\/pages\\\/organisator-ch-695\",\"https:\\\/\\\/www.youtube.com\\\/channel\\\/UCGP2Sq0iWaZwT3BdIAQFYpw\"]},{\"@type\":\"Person\",\"@id\":\"https:\\\/\\\/www.organisator.ch\\\/#\\\/schema\\\/person\\\/6f650f90b2842cd4c0cc334b4e36f67e\",\"name\":\"thomas.berner\",\"image\":{\"@type\":\"ImageObject\",\"inLanguage\":\"de\",\"@id\":\"https:\\\/\\\/secure.gravatar.com\\\/avatar\\\/ac5001d2a36cb6c6cd3e50789007ffca834b477b74a2144564522e944eabff61?s=96&d=mm&r=g\",\"url\":\"https:\\\/\\\/secure.gravatar.com\\\/avatar\\\/ac5001d2a36cb6c6cd3e50789007ffca834b477b74a2144564522e944eabff61?s=96&d=mm&r=g\",\"contentUrl\":\"https:\\\/\\\/secure.gravatar.com\\\/avatar\\\/ac5001d2a36cb6c6cd3e50789007ffca834b477b74a2144564522e944eabff61?s=96&d=mm&r=g\",\"caption\":\"thomas.berner\"},\"url\":\"https:\\\/\\\/www.organisator.ch\\\/de\\\/author\\\/thomas-berner\\\/\"}]}<\/script>\n<!-- \/ Yoast SEO plugin. -->","yoast_head_json":{"title":"Neue Eventhalle zum 50-Jahr-Jubil\u00e4um des Campus Sursee er\u00f6ffnet - Organisator","description":"Der Campus Sursee hat am 5. Mai 2022 p\u00fcnktlich zu seinem 50. Geburtstag die neue Eventhalle er\u00f6ffnet. Sie umfasst 800 Quadratmeter.","robots":{"index":"index","follow":"follow","max-snippet":"max-snippet:-1","max-image-preview":"max-image-preview:large","max-video-preview":"max-video-preview:-1"},"canonical":"https:\/\/www.organisator.ch\/de\/marketing\/2022-05-06\/neue-eventhalle-zum-50-jahr-jubilaeum-des-campus-sursee-eroeffnet\/","og_locale":"de_DE","og_type":"article","og_title":"Neue Eventhalle zum 50-Jahr-Jubil\u00e4um des Campus Sursee er\u00f6ffnet","og_description":"Der Campus Sursee hat am 5. Mai 2022 p\u00fcnktlich zu seinem 50. Geburtstag die neue Eventhalle er\u00f6ffnet. Sie umfasst 800 Quadratmeter.","og_url":"https:\/\/www.organisator.ch\/de\/marketing\/2022-05-06\/neue-eventhalle-zum-50-jahr-jubilaeum-des-campus-sursee-eroeffnet\/","og_site_name":"Organisator","article_publisher":"https:\/\/www.facebook.com\/OrganisatorFachmagazin","article_published_time":"2022-05-06T06:30:06+00:00","og_image":[{"width":680,"height":433,"url":"https:\/\/www.organisator.ch\/wp-content\/uploads\/2022\/05\/Neue-Eventhalle-zum-50-Jahr-Jubilaeum-des-Campus-Sursee-eroeffnet_Organisator.jpg","type":"image\/jpeg"}],"author":"thomas.berner","twitter_card":"summary_large_image","twitter_title":"Neue #Eventhalle zum #50-Jahr-Jubil\u00e4um des Campus Sursee er\u00f6ffnet","twitter_description":"Der #Campus Sursee hat am 5. Mai 2022 p\u00fcnktlich zu seinem 50. Geburtstag die neue #Eventhalle er\u00f6ffnet. Sie umfasst 800 Quadratmeter.","twitter_image":"https:\/\/www.organisator.ch\/wp-content\/uploads\/2022\/05\/Neue-Eventhalle-zum-50-Jahr-Jubilaeum-des-Campus-Sursee-eroeffnet_Organisator.jpg","schema":{"@context":"https:\/\/schema.org","@graph":[{"@type":"Article","@id":"https:\/\/www.organisator.ch\/marketing\/2022-05-06\/neue-eventhalle-zum-50-jahr-jubilaeum-des-campus-sursee-eroeffnet\/#article","isPartOf":{"@id":"https:\/\/www.organisator.ch\/marketing\/2022-05-06\/neue-eventhalle-zum-50-jahr-jubilaeum-des-campus-sursee-eroeffnet\/"},"author":{"name":"thomas.berner","@id":"https:\/\/www.organisator.ch\/#\/schema\/person\/6f650f90b2842cd4c0cc334b4e36f67e"},"headline":"Neue Eventhalle zum 50-Jahr-Jubil\u00e4um des Campus Sursee er\u00f6ffnet","datePublished":"2022-05-06T06:30:06+00:00","mainEntityOfPage":{"@id":"https:\/\/www.organisator.ch\/marketing\/2022-05-06\/neue-eventhalle-zum-50-jahr-jubilaeum-des-campus-sursee-eroeffnet\/"},"wordCount":441,"publisher":{"@id":"https:\/\/www.organisator.ch\/#organization"},"image":{"@id":"https:\/\/www.organisator.ch\/marketing\/2022-05-06\/neue-eventhalle-zum-50-jahr-jubilaeum-des-campus-sursee-eroeffnet\/#primaryimage"},"thumbnailUrl":"https:\/\/www.organisator.ch\/wp-content\/uploads\/2022\/05\/Neue-Eventhalle-zum-50-Jahr-Jubilaeum-des-Campus-Sursee-eroeffnet_Organisator.jpg","keywords":["Aus-\/Weiterbildung","Bauwirtschaft","Nachhaltige Wirtschaft","Tagungen und Events"],"articleSection":["MARKETING"],"inLanguage":"de"},{"@type":"WebPage","@id":"https:\/\/www.organisator.ch\/marketing\/2022-05-06\/neue-eventhalle-zum-50-jahr-jubilaeum-des-campus-sursee-eroeffnet\/","url":"https:\/\/www.organisator.ch\/marketing\/2022-05-06\/neue-eventhalle-zum-50-jahr-jubilaeum-des-campus-sursee-eroeffnet\/","name":"Neue Eventhalle zum 50-Jahr-Jubil\u00e4um des Campus Sursee er\u00f6ffnet - Organisator","isPartOf":{"@id":"https:\/\/www.organisator.ch\/#website"},"primaryImageOfPage":{"@id":"https:\/\/www.organisator.ch\/marketing\/2022-05-06\/neue-eventhalle-zum-50-jahr-jubilaeum-des-campus-sursee-eroeffnet\/#primaryimage"},"image":{"@id":"https:\/\/www.organisator.ch\/marketing\/2022-05-06\/neue-eventhalle-zum-50-jahr-jubilaeum-des-campus-sursee-eroeffnet\/#primaryimage"},"thumbnailUrl":"https:\/\/www.organisator.ch\/wp-content\/uploads\/2022\/05\/Neue-Eventhalle-zum-50-Jahr-Jubilaeum-des-Campus-Sursee-eroeffnet_Organisator.jpg","datePublished":"2022-05-06T06:30:06+00:00","description":"Der Campus Sursee hat am 5. Mai 2022 p\u00fcnktlich zu seinem 50. Geburtstag die neue Eventhalle er\u00f6ffnet. Sie umfasst 800 Quadratmeter.","breadcrumb":{"@id":"https:\/\/www.organisator.ch\/marketing\/2022-05-06\/neue-eventhalle-zum-50-jahr-jubilaeum-des-campus-sursee-eroeffnet\/#breadcrumb"},"inLanguage":"de","potentialAction":[{"@type":"ReadAction","target":["https:\/\/www.organisator.ch\/marketing\/2022-05-06\/neue-eventhalle-zum-50-jahr-jubilaeum-des-campus-sursee-eroeffnet\/"]}]},{"@type":"ImageObject","inLanguage":"de","@id":"https:\/\/www.organisator.ch\/marketing\/2022-05-06\/neue-eventhalle-zum-50-jahr-jubilaeum-des-campus-sursee-eroeffnet\/#primaryimage","url":"https:\/\/www.organisator.ch\/wp-content\/uploads\/2022\/05\/Neue-Eventhalle-zum-50-Jahr-Jubilaeum-des-Campus-Sursee-eroeffnet_Organisator.jpg","contentUrl":"https:\/\/www.organisator.ch\/wp-content\/uploads\/2022\/05\/Neue-Eventhalle-zum-50-Jahr-Jubilaeum-des-Campus-Sursee-eroeffnet_Organisator.jpg","width":680,"height":433,"caption":"Die neue Eventhalle des Campus Sursee bietet Platz f\u00fcr 1000 Personen und wird von einer 600 Quadratmeter grossen Photovoltaikanlage mit Strom versorgt. Sie ist individuell nutzbar f\u00fcr Ausstellungen, Tagungen, Kongresse oder Messen. (Bild: Campus Sursee)"},{"@type":"BreadcrumbList","@id":"https:\/\/www.organisator.ch\/marketing\/2022-05-06\/neue-eventhalle-zum-50-jahr-jubilaeum-des-campus-sursee-eroeffnet\/#breadcrumb","itemListElement":[{"@type":"ListItem","position":1,"name":"Home","item":"https:\/\/www.organisator.ch\/"},{"@type":"ListItem","position":2,"name":"Neue Eventhalle zum 50-Jahr-Jubil\u00e4um des Campus Sursee er\u00f6ffnet"}]},{"@type":"WebSite","@id":"https:\/\/www.organisator.ch\/#website","url":"https:\/\/www.organisator.ch\/","name":"Organisator","description":"Kompetent. Praxisnah. Der ORGANISATOR bereitet in 10 Ausgaben pro Jahr die wesentlichen Themen f\u00fcr F\u00fchrungskr\u00e4fte von KMU auf.","publisher":{"@id":"https:\/\/www.organisator.ch\/#organization"},"potentialAction":[{"@type":"SearchAction","target":{"@type":"EntryPoint","urlTemplate":"https:\/\/www.organisator.ch\/?s={search_term_string}"},"query-input":{"@type":"PropertyValueSpecification","valueRequired":true,"valueName":"search_term_string"}}],"inLanguage":"de"},{"@type":"Organization","@id":"https:\/\/www.organisator.ch\/#organization","name":"Organisator","url":"https:\/\/www.organisator.ch\/","logo":{"@type":"ImageObject","inLanguage":"de","@id":"https:\/\/www.organisator.ch\/#\/schema\/logo\/image\/","url":"https:\/\/www.organisator.ch\/wp-content\/uploads\/2022\/01\/Logo_Organisator_Website.png","contentUrl":"https:\/\/www.organisator.ch\/wp-content\/uploads\/2022\/01\/Logo_Organisator_Website.png","width":800,"height":77,"caption":"Organisator"},"image":{"@id":"https:\/\/www.organisator.ch\/#\/schema\/logo\/image\/"},"sameAs":["https:\/\/www.facebook.com\/OrganisatorFachmagazin","https:\/\/www.linkedin.com\/showcase\/organisator-das-magazin-fr-kmu","https:\/\/www.xing.com\/news\/pages\/organisator-ch-695","https:\/\/www.youtube.com\/channel\/UCGP2Sq0iWaZwT3BdIAQFYpw"]},{"@type":"Person","@id":"https:\/\/www.organisator.ch\/#\/schema\/person\/6f650f90b2842cd4c0cc334b4e36f67e","name":"thomas.berner","image":{"@type":"ImageObject","inLanguage":"de","@id":"https:\/\/secure.gravatar.com\/avatar\/ac5001d2a36cb6c6cd3e50789007ffca834b477b74a2144564522e944eabff61?s=96&d=mm&r=g","url":"https:\/\/secure.gravatar.com\/avatar\/ac5001d2a36cb6c6cd3e50789007ffca834b477b74a2144564522e944eabff61?s=96&d=mm&r=g","contentUrl":"https:\/\/secure.gravatar.com\/avatar\/ac5001d2a36cb6c6cd3e50789007ffca834b477b74a2144564522e944eabff61?s=96&d=mm&r=g","caption":"thomas.berner"},"url":"https:\/\/www.organisator.ch\/de\/author\/thomas-berner\/"}]}},"_links":{"self":[{"href":"https:\/\/www.organisator.ch\/de\/wp-json\/wp\/v2\/posts\/12804","targetHints":{"allow":["GET"]}}],"collection":[{"href":"https:\/\/www.organisator.ch\/de\/wp-json\/wp\/v2\/posts"}],"about":[{"href":"https:\/\/www.organisator.ch\/de\/wp-json\/wp\/v2\/types\/post"}],"author":[{"embeddable":true,"href":"https:\/\/www.organisator.ch\/de\/wp-json\/wp\/v2\/users\/4"}],"replies":[{"embeddable":true,"href":"https:\/\/www.organisator.ch\/de\/wp-json\/wp\/v2\/comments?post=12804"}],"version-history":[{"count":1,"href":"https:\/\/www.organisator.ch\/de\/wp-json\/wp\/v2\/posts\/12804\/revisions"}],"predecessor-version":[{"id":12806,"href":"https:\/\/www.organisator.ch\/de\/wp-json\/wp\/v2\/posts\/12804\/revisions\/12806"}],"wp:featuredmedia":[{"embeddable":true,"href":"https:\/\/www.organisator.ch\/de\/wp-json\/wp\/v2\/media\/12805"}],"wp:attachment":[{"href":"https:\/\/www.organisator.ch\/de\/wp-json\/wp\/v2\/media?parent=12804"}],"wp:term":[{"taxonomy":"category","embeddable":true,"href":"https:\/\/www.organisator.ch\/de\/wp-json\/wp\/v2\/categories?post=12804"},{"taxonomy":"post_tag","embeddable":true,"href":"https:\/\/www.organisator.ch\/de\/wp-json\/wp\/v2\/tags?post=12804"}],"curies":[{"name":"wp","href":"https:\/\/api.w.org\/{rel}","templated":true}]}}