{"id":12844,"date":"2022-05-12T07:23:17","date_gmt":"2022-05-12T05:23:17","guid":{"rendered":"https:\/\/www.m-q.ch\/?p=16341"},"modified":"2022-08-01T15:49:57","modified_gmt":"2022-08-01T13:49:57","slug":"control-2022-erfolgreiche-rueckkehr","status":"publish","type":"post","link":"https:\/\/www.organisator.ch\/de\/operational-excellence\/2022-05-12\/control-2022-erfolgreiche-rueckkehr\/","title":{"rendered":"Control 2022: Erfolgreiche R\u00fcckkehr"},"content":{"rendered":"<figure id=\"attachment_16342\" class=\"wp-caption alignnone\" style=\"width: 680px\" aria-describedby=\"caption-attachment-16342\"><img class=\"alignnone wp-image-16342 size-full\" src=\"https:\/\/www.m-q.ch\/wp-content\/uploads\/2022\/05\/Control-2022-Erfolgreiche-Rueckkehr_MQ.jpg\" alt=\"Control\" width=\"680\" height=\"453\" \/><figcaption id=\"caption-attachment-16342\" class=\"wp-caption-text\">Die wichtigste Fachmesse f\u00fcr Qualit\u00e4tssicherung, die Control in Stuttgart, zog vom 3. bis 6. Mai 2022 \u00fcber 18\u2019000 Besucherinnen und Besucher an. (Bild: Schall Messen \/ Control 2022)<\/figcaption><\/figure>\r\n18.531 Fachbesucher der Control 2022 erlebten in Stuttgart endlich wieder QS-Weiterentwicklungen aus den Bereichen Visiontechnologie, Bildverarbeitung, Sensortechnik sowie Mess- und Pr\u00fcftechnik \u2013 up to date, live und pr\u00e4sent. 617 Aussteller zeigten vom 3. bis 6. Mai 2022 in Stuttgart auf knapp 23.000 Quadratmeter Fl\u00e4che in sechs Hallen L\u00f6sungsneuheiten und effiziente QS-Spitzentechnologien. \u201eEs ist klasse, dass wir wieder auf der Control ausstellen k\u00f6nnen nach zwei Jahren Verzicht\u201c, sagte Gerhard Mohr, Gesch\u00e4ftsf\u00fchrer der Kapp Niles Metrology GmbH in Gro\u00dfostheim. \u201eEs ist erfreulich zu erleben, dass die Fachbesucher wieder anreisen, dass die Pr\u00e4senzmessen wieder Fahrt aufnehmen und dass wir uns ein St\u00fcck der alten Realit\u00e4t n\u00e4hern.\u201c Georg Gutsch, Gebietsverkaufsleiter bei Kapp Niles bekr\u00e4ftigte dieses Statement und erg\u00e4nzt: \u201eDer pers\u00f6nliche Austausch hat einfach viele gro\u00dfe Vorteile, die bei Online-Formaten gar nicht m\u00f6glich sind.\u201c\r\n\r\nAuch Hubert Meintrup, Advisor New Technology bei der Matrix Automations GmbH in Ostfildern, \u00e4u\u00dferte sich erleichtert dar\u00fcber, f\u00fcr Interessenten und Anwender in der Branche endlich wieder sichtbar zu sein. \u201eWir freuen uns, dass wir wieder hier sein k\u00f6nnen.\u201c Ebenfalls erfreut \u00e4u\u00dferte sich Matthias Ruf, Leiter Vertrieb am Kunststoffzentrum SKZ in W\u00fcrzburg. \u201eF\u00fcr uns verlief die Control schon ab dem ersten Messetag erfolgreich und mit gro\u00dfem Interesse seitens der Besucher\u201c, erkl\u00e4rte Ruf. \u201eWir sind froh, uns hier als SKZ fachlich pr\u00e4sentieren zu k\u00f6nnen.\u201c\r\n<h2>Control 2022: Endlich wieder live dabei!<\/h2>\r\nZum Branchenhighlight 2022 waren 31 Prozent der Aussteller aus dem Ausland angereist; sechs Prozent der Aussteller kamen aus der Schweiz, vier Prozent aus Italien, drei Prozent aus den USA, und gut zwei Prozent der Aussteller kamen aus UK. Ausdr\u00fccklich dankte Fabian Kr\u00fcger, Projektleiter der Control, jedem Aussteller samt der Messeteams daf\u00fcr, dass sie den Control-Restart realisiert haben. Auch Bettina Schall, Gesch\u00e4ftsf\u00fchrerin des Messeveranstalters P. E. Schall, \u00e4u\u00dferte sich erfreut und zufrieden: \u201eDiese Messe wurde mit gro\u00dfer Vorfreude, mit Spannung und mit bester Stimmung im Vorfeld erwartet. Denn wir alle haben den pers\u00f6nlichen Austausch vermisst, das Fachgespr\u00e4ch auf Augenh\u00f6he, das echte Erleben der Anlagen mit allen Sinnen.\u00a0 Das ist jetzt zum Gl\u00fcck wieder m\u00f6glich!\u201c\r\n<h2>Schnell, pr\u00e4zise und inline<\/h2>\r\nDie Control gilt als Tempomacher in Sachen Qualit\u00e4tssicherung und gibt Fachbesuchern alles Erforderliche an die Hand, um im internationalen Wettbewerb mit exzellenter QS in der Fertigung zu punkten. In allen Hallen war durchweg zu sp\u00fcren, dass der Bedarf an pers\u00f6nlichem Austausch \u00fcber Neuentwicklungen riesig ist. In den vergangenen drei Jahren seit der letzten Control haben die Qualit\u00e4ts\u00fcberpr\u00fcfung und Qualit\u00e4tssicherung aufgrund der wachsenden Automatisierung und Digitalisierung, der kontaktlosen Abl\u00e4ufe und Remote-Services, der kleinen Losgr\u00f6\u00dfen, der Null-Fehler-Fertigung und Datenanalysen eine neue Bedeutung erlangt. Deshalb waren Neuigkeiten rund um Mess- und Pr\u00fcftechnik, Werkstoffpr\u00fcfung, Analyseger\u00e4te, Visionstechnologie, Bildverarbeitung, Sensortechnik sowie W\u00e4ge- und Z\u00e4hltechnik mit Spannung erwartet worden. Vor allem auch der Einsatz von Verfahren der K\u00fcnstlichen Intelligenz (KI) stie\u00df auf gro\u00dfes Interesse. Dass KI l\u00e4ngst in der Produktion angekommen ist und QS-Abl\u00e4ufe ma\u00dfgeblich vereinfacht, war an vielen Stellen zu erleben. Auch kleine industrielle Unternehmen k\u00f6nnen einen einfachen Einstieg in die KI-Unterst\u00fctzung realisieren, das zeigte zum Beispiel Dr. Dominik Lausch von der Denkweit GmbH aus Halle zusammen mit Marvin Krebs von der Xactools aus B\u00f6nnigheim. Messvorg\u00e4nge m\u00fcssen zunehmen schnell vonstattengehen, und sie m\u00fcssen immer zuverl\u00e4ssiger sein. Dabei unterst\u00fctzen KI-gest\u00fctzte Methoden. Zu den aktuellen Themen geh\u00f6rt auch, dass Mess-, Pr\u00fcf- und Inspektionsvorg\u00e4nge integrierter Bestandteil der Fertigungsabl\u00e4ufe sind. Statt in eigens geschaffenen Messumgebungen finden Pr\u00fcfvorg\u00e4nge vielmehr in Umgebungen mit Staub und Schwingungen sowie unter Zeitdruck statt, woraus sich neue Herausforderungen an Messmaschinen und Pr\u00fcfmittel ergeben. \u201eDaran arbeiten wir verst\u00e4rkt\u201c, best\u00e4tigte Dr. Heike Wenzel, Gesch\u00e4ftsf\u00fchrende Gesellschafterin der Wenzel Group, die sich ebenfalls begeistert dar\u00fcber zeigte, in Stuttgart endlich wieder live dabei zu sein.\r\n<h2>N\u00e4chste Control im Mai 2023<\/h2>\r\nDie Control ist im internationalen Ma\u00dfstab die interessanteste und auch gr\u00f6\u00dfte Messe zum Thema Qualit\u00e4tssicherung. Mit hochkar\u00e4tigen messebegleitenden Veranstaltungen mit den renommierten Forschungseinrichtungen des Fraunhofer Instituts, Fraunhofer Allianz Vision und Fraunhofer Institut f\u00fcr Produktionstechnik und Automatisierung (IPA), sowie der Sonderschau \u201eBer\u00fchrungslose Messtechnik\u201c ist die Control traditionell ein fest etablierter Marktplatz der Innovationen. Die n\u00e4chste Control \u2013 Internationale Fachmesse f\u00fcr Qualit\u00e4tssicherung \u2013 findet vom 9. bis 12. Mai 2023 statt.\r\n\r\n<em>Weitere Informationen: <a href=\"http:\/\/www.control-messe.de\/\">www.control-messe.de<\/a><\/em>\n<p class=\"syndicated-attribution\">Dieser Beitrag erschien urspr\u00fcnglich auf m-q.ch - <a href=\"https:\/\/www.m-q.ch\/de\/control-2022-erfolgreiche-rueckkehr\/\" target=\"_blank\">https:\/\/www.m-q.ch\/de\/control-2022-erfolgreiche-rueckkehr\/<\/a><\/p>","protected":false},"excerpt":{"rendered":"<p>18.531 Fachbesucher der Control 2022 erlebten in Stuttgart endlich wieder QS-Weiterentwicklungen aus den Bereichen Visiontechnologie, Bildverarbeitung, Sensortechnik sowie Mess- und Pr\u00fcftechnik \u2013 up to date, live und pr\u00e4sent. 617 Aussteller zeigten vom 3. bis 6. Mai 2022 in Stuttgart auf knapp 23.000 Quadratmeter Fl\u00e4che in sechs Hallen L\u00f6sungsneuheiten und effiziente QS-Spitzentechnologien. \u201eEs ist klasse, dass [\u2026]<\/p>\n","protected":false},"author":8,"featured_media":0,"comment_status":"closed","ping_status":"closed","sticky":false,"template":"","format":"standard","meta":{"_acf_changed":false,"_yoast_wpseo_focuskw":"Control","_yoast_wpseo_metadesc":"Die 34. Control \u2013 Internationale Fachmesse f\u00fcr Qualit\u00e4tssicherung \u2013 hat vom 3. bis 6. Mai 2022 wieder mit Erfolg stattgefunden.","articlekey":"","footnotes":""},"categories":[582],"tags":[2750],"class_list":["post-12844","post","type-post","status-publish","format-standard","hentry","category-operational-excellence","tag-control"],"acf":[],"yoast_head":"<!-- This site is optimized with the Yoast SEO plugin v27.5 - https:\/\/yoast.com\/product\/yoast-seo-wordpress\/ -->\n<title>Control 2022: Erfolgreiche R\u00fcckkehr - Organisator<\/title>\n<meta name=\"description\" content=\"Die 34. Control \u2013 Internationale Fachmesse f\u00fcr Qualit\u00e4tssicherung \u2013 hat vom 3. bis 6. Mai 2022 wieder mit Erfolg stattgefunden.\" \/>\n<meta name=\"robots\" content=\"index, follow, max-snippet:-1, max-image-preview:large, max-video-preview:-1\" \/>\n<link rel=\"canonical\" href=\"https:\/\/www.m-q.ch\/de\/control-2022-erfolgreiche-rueckkehr\/\" \/>\n<meta property=\"og:locale\" content=\"de_DE\" \/>\n<meta property=\"og:type\" content=\"article\" \/>\n<meta property=\"og:title\" content=\"Control 2022: Erfolgreiche R\u00fcckkehr - Organisator\" \/>\n<meta property=\"og:description\" content=\"Die 34. Control \u2013 Internationale Fachmesse f\u00fcr Qualit\u00e4tssicherung \u2013 hat vom 3. bis 6. Mai 2022 wieder mit Erfolg stattgefunden.\" \/>\n<meta property=\"og:url\" content=\"https:\/\/www.m-q.ch\/de\/control-2022-erfolgreiche-rueckkehr\/\" \/>\n<meta property=\"og:site_name\" content=\"Organisator\" \/>\n<meta property=\"article:publisher\" content=\"https:\/\/www.facebook.com\/OrganisatorFachmagazin\" \/>\n<meta property=\"article:published_time\" content=\"2022-05-12T05:23:17+00:00\" \/>\n<meta property=\"article:modified_time\" content=\"2022-08-01T13:49:57+00:00\" \/>\n<meta property=\"og:image\" content=\"https:\/\/www.m-q.ch\/wp-content\/uploads\/2022\/05\/Control-2022-Erfolgreiche-Rueckkehr_MQ.jpg\" \/>\n<meta name=\"author\" content=\"galledia\" \/>\n<meta name=\"twitter:card\" content=\"summary_large_image\" \/>\n<meta name=\"twitter:creator\" content=\"@admin\" \/>\n<script type=\"application\/ld+json\" class=\"yoast-schema-graph\">{\"@context\":\"https:\\\/\\\/schema.org\",\"@graph\":[{\"@type\":\"Article\",\"@id\":\"https:\\\/\\\/www.m-q.ch\\\/de\\\/control-2022-erfolgreiche-rueckkehr\\\/#article\",\"isPartOf\":{\"@id\":\"https:\\\/\\\/www.organisator.ch\\\/operational-excellence\\\/2022-05-12\\\/control-2022-erfolgreiche-rueckkehr\\\/\"},\"author\":{\"name\":\"galledia\",\"@id\":\"https:\\\/\\\/www.organisator.ch\\\/#\\\/schema\\\/person\\\/4e51799071cd2dd1232ac003643ef5f0\"},\"headline\":\"Control 2022: Erfolgreiche R\u00fcckkehr\",\"datePublished\":\"2022-05-12T05:23:17+00:00\",\"dateModified\":\"2022-08-01T13:49:57+00:00\",\"mainEntityOfPage\":{\"@id\":\"https:\\\/\\\/www.organisator.ch\\\/operational-excellence\\\/2022-05-12\\\/control-2022-erfolgreiche-rueckkehr\\\/\"},\"wordCount\":769,\"publisher\":{\"@id\":\"https:\\\/\\\/www.organisator.ch\\\/#organization\"},\"image\":{\"@id\":\"https:\\\/\\\/www.m-q.ch\\\/de\\\/control-2022-erfolgreiche-rueckkehr\\\/#primaryimage\"},\"thumbnailUrl\":\"https:\\\/\\\/www.m-q.ch\\\/wp-content\\\/uploads\\\/2022\\\/05\\\/Control-2022-Erfolgreiche-Rueckkehr_MQ.jpg\",\"keywords\":[\"Control\"],\"articleSection\":[\"OPERATIONAL EXCELLENCE\"],\"inLanguage\":\"de\"},{\"@type\":\"WebPage\",\"@id\":\"https:\\\/\\\/www.organisator.ch\\\/operational-excellence\\\/2022-05-12\\\/control-2022-erfolgreiche-rueckkehr\\\/\",\"url\":\"https:\\\/\\\/www.m-q.ch\\\/de\\\/control-2022-erfolgreiche-rueckkehr\\\/\",\"name\":\"Control 2022: Erfolgreiche R\u00fcckkehr - Organisator\",\"isPartOf\":{\"@id\":\"https:\\\/\\\/www.organisator.ch\\\/#website\"},\"primaryImageOfPage\":{\"@id\":\"https:\\\/\\\/www.m-q.ch\\\/de\\\/control-2022-erfolgreiche-rueckkehr\\\/#primaryimage\"},\"image\":{\"@id\":\"https:\\\/\\\/www.m-q.ch\\\/de\\\/control-2022-erfolgreiche-rueckkehr\\\/#primaryimage\"},\"thumbnailUrl\":\"https:\\\/\\\/www.m-q.ch\\\/wp-content\\\/uploads\\\/2022\\\/05\\\/Control-2022-Erfolgreiche-Rueckkehr_MQ.jpg\",\"datePublished\":\"2022-05-12T05:23:17+00:00\",\"dateModified\":\"2022-08-01T13:49:57+00:00\",\"description\":\"Die 34. Control \u2013 Internationale Fachmesse f\u00fcr Qualit\u00e4tssicherung \u2013 hat vom 3. bis 6. Mai 2022 wieder mit Erfolg stattgefunden.\",\"breadcrumb\":{\"@id\":\"https:\\\/\\\/www.m-q.ch\\\/de\\\/control-2022-erfolgreiche-rueckkehr\\\/#breadcrumb\"},\"inLanguage\":\"de\",\"potentialAction\":[{\"@type\":\"ReadAction\",\"target\":[\"https:\\\/\\\/www.m-q.ch\\\/de\\\/control-2022-erfolgreiche-rueckkehr\\\/\"]}]},{\"@type\":\"ImageObject\",\"inLanguage\":\"de\",\"@id\":\"https:\\\/\\\/www.m-q.ch\\\/de\\\/control-2022-erfolgreiche-rueckkehr\\\/#primaryimage\",\"url\":\"https:\\\/\\\/www.m-q.ch\\\/wp-content\\\/uploads\\\/2022\\\/05\\\/Control-2022-Erfolgreiche-Rueckkehr_MQ.jpg\",\"contentUrl\":\"https:\\\/\\\/www.m-q.ch\\\/wp-content\\\/uploads\\\/2022\\\/05\\\/Control-2022-Erfolgreiche-Rueckkehr_MQ.jpg\"},{\"@type\":\"BreadcrumbList\",\"@id\":\"https:\\\/\\\/www.m-q.ch\\\/de\\\/control-2022-erfolgreiche-rueckkehr\\\/#breadcrumb\",\"itemListElement\":[{\"@type\":\"ListItem\",\"position\":1,\"name\":\"Home\",\"item\":\"https:\\\/\\\/www.organisator.ch\\\/\"},{\"@type\":\"ListItem\",\"position\":2,\"name\":\"Control 2022: Erfolgreiche R\u00fcckkehr\"}]},{\"@type\":\"WebSite\",\"@id\":\"https:\\\/\\\/www.organisator.ch\\\/#website\",\"url\":\"https:\\\/\\\/www.organisator.ch\\\/\",\"name\":\"Organisator\",\"description\":\"Kompetent. Praxisnah. Der ORGANISATOR bereitet in 10 Ausgaben pro Jahr die wesentlichen Themen f\u00fcr F\u00fchrungskr\u00e4fte von KMU auf.\",\"publisher\":{\"@id\":\"https:\\\/\\\/www.organisator.ch\\\/#organization\"},\"potentialAction\":[{\"@type\":\"SearchAction\",\"target\":{\"@type\":\"EntryPoint\",\"urlTemplate\":\"https:\\\/\\\/www.organisator.ch\\\/?s={search_term_string}\"},\"query-input\":{\"@type\":\"PropertyValueSpecification\",\"valueRequired\":true,\"valueName\":\"search_term_string\"}}],\"inLanguage\":\"de\"},{\"@type\":\"Organization\",\"@id\":\"https:\\\/\\\/www.organisator.ch\\\/#organization\",\"name\":\"Organisator\",\"url\":\"https:\\\/\\\/www.organisator.ch\\\/\",\"logo\":{\"@type\":\"ImageObject\",\"inLanguage\":\"de\",\"@id\":\"https:\\\/\\\/www.organisator.ch\\\/#\\\/schema\\\/logo\\\/image\\\/\",\"url\":\"https:\\\/\\\/www.organisator.ch\\\/wp-content\\\/uploads\\\/2022\\\/01\\\/Logo_Organisator_Website.png\",\"contentUrl\":\"https:\\\/\\\/www.organisator.ch\\\/wp-content\\\/uploads\\\/2022\\\/01\\\/Logo_Organisator_Website.png\",\"width\":800,\"height\":77,\"caption\":\"Organisator\"},\"image\":{\"@id\":\"https:\\\/\\\/www.organisator.ch\\\/#\\\/schema\\\/logo\\\/image\\\/\"},\"sameAs\":[\"https:\\\/\\\/www.facebook.com\\\/OrganisatorFachmagazin\",\"https:\\\/\\\/www.linkedin.com\\\/showcase\\\/organisator-das-magazin-fr-kmu\",\"https:\\\/\\\/www.xing.com\\\/news\\\/pages\\\/organisator-ch-695\",\"https:\\\/\\\/www.youtube.com\\\/channel\\\/UCGP2Sq0iWaZwT3BdIAQFYpw\"]},{\"@type\":\"Person\",\"@id\":\"https:\\\/\\\/www.organisator.ch\\\/#\\\/schema\\\/person\\\/4e51799071cd2dd1232ac003643ef5f0\",\"name\":\"galledia\",\"image\":{\"@type\":\"ImageObject\",\"inLanguage\":\"de\",\"@id\":\"https:\\\/\\\/secure.gravatar.com\\\/avatar\\\/78a7f90c01fc2bfc875782a0d4922b37cde2cf184ce347b91316d23cd7f69a36?s=96&d=mm&r=g\",\"url\":\"https:\\\/\\\/secure.gravatar.com\\\/avatar\\\/78a7f90c01fc2bfc875782a0d4922b37cde2cf184ce347b91316d23cd7f69a36?s=96&d=mm&r=g\",\"contentUrl\":\"https:\\\/\\\/secure.gravatar.com\\\/avatar\\\/78a7f90c01fc2bfc875782a0d4922b37cde2cf184ce347b91316d23cd7f69a36?s=96&d=mm&r=g\",\"caption\":\"galledia\"},\"sameAs\":[\"https:\\\/\\\/x.com\\\/admin\"],\"url\":\"https:\\\/\\\/www.organisator.ch\\\/de\\\/author\\\/galledia\\\/\"}]}<\/script>\n<!-- \/ Yoast SEO plugin. -->","yoast_head_json":{"title":"Control 2022: Erfolgreiche R\u00fcckkehr - Organisator","description":"Die 34. Control \u2013 Internationale Fachmesse f\u00fcr Qualit\u00e4tssicherung \u2013 hat vom 3. bis 6. Mai 2022 wieder mit Erfolg stattgefunden.","robots":{"index":"index","follow":"follow","max-snippet":"max-snippet:-1","max-image-preview":"max-image-preview:large","max-video-preview":"max-video-preview:-1"},"canonical":"https:\/\/www.m-q.ch\/de\/control-2022-erfolgreiche-rueckkehr\/","og_locale":"de_DE","og_type":"article","og_title":"Control 2022: Erfolgreiche R\u00fcckkehr - Organisator","og_description":"Die 34. Control \u2013 Internationale Fachmesse f\u00fcr Qualit\u00e4tssicherung \u2013 hat vom 3. bis 6. Mai 2022 wieder mit Erfolg stattgefunden.","og_url":"https:\/\/www.m-q.ch\/de\/control-2022-erfolgreiche-rueckkehr\/","og_site_name":"Organisator","article_publisher":"https:\/\/www.facebook.com\/OrganisatorFachmagazin","article_published_time":"2022-05-12T05:23:17+00:00","article_modified_time":"2022-08-01T13:49:57+00:00","og_image":[{"url":"https:\/\/www.m-q.ch\/wp-content\/uploads\/2022\/05\/Control-2022-Erfolgreiche-Rueckkehr_MQ.jpg","type":"","width":"","height":""}],"author":"galledia","twitter_card":"summary_large_image","twitter_creator":"@admin","schema":{"@context":"https:\/\/schema.org","@graph":[{"@type":"Article","@id":"https:\/\/www.m-q.ch\/de\/control-2022-erfolgreiche-rueckkehr\/#article","isPartOf":{"@id":"https:\/\/www.organisator.ch\/operational-excellence\/2022-05-12\/control-2022-erfolgreiche-rueckkehr\/"},"author":{"name":"galledia","@id":"https:\/\/www.organisator.ch\/#\/schema\/person\/4e51799071cd2dd1232ac003643ef5f0"},"headline":"Control 2022: Erfolgreiche R\u00fcckkehr","datePublished":"2022-05-12T05:23:17+00:00","dateModified":"2022-08-01T13:49:57+00:00","mainEntityOfPage":{"@id":"https:\/\/www.organisator.ch\/operational-excellence\/2022-05-12\/control-2022-erfolgreiche-rueckkehr\/"},"wordCount":769,"publisher":{"@id":"https:\/\/www.organisator.ch\/#organization"},"image":{"@id":"https:\/\/www.m-q.ch\/de\/control-2022-erfolgreiche-rueckkehr\/#primaryimage"},"thumbnailUrl":"https:\/\/www.m-q.ch\/wp-content\/uploads\/2022\/05\/Control-2022-Erfolgreiche-Rueckkehr_MQ.jpg","keywords":["Control"],"articleSection":["OPERATIONAL EXCELLENCE"],"inLanguage":"de"},{"@type":"WebPage","@id":"https:\/\/www.organisator.ch\/operational-excellence\/2022-05-12\/control-2022-erfolgreiche-rueckkehr\/","url":"https:\/\/www.m-q.ch\/de\/control-2022-erfolgreiche-rueckkehr\/","name":"Control 2022: Erfolgreiche R\u00fcckkehr - Organisator","isPartOf":{"@id":"https:\/\/www.organisator.ch\/#website"},"primaryImageOfPage":{"@id":"https:\/\/www.m-q.ch\/de\/control-2022-erfolgreiche-rueckkehr\/#primaryimage"},"image":{"@id":"https:\/\/www.m-q.ch\/de\/control-2022-erfolgreiche-rueckkehr\/#primaryimage"},"thumbnailUrl":"https:\/\/www.m-q.ch\/wp-content\/uploads\/2022\/05\/Control-2022-Erfolgreiche-Rueckkehr_MQ.jpg","datePublished":"2022-05-12T05:23:17+00:00","dateModified":"2022-08-01T13:49:57+00:00","description":"Die 34. Control \u2013 Internationale Fachmesse f\u00fcr Qualit\u00e4tssicherung \u2013 hat vom 3. bis 6. Mai 2022 wieder mit Erfolg stattgefunden.","breadcrumb":{"@id":"https:\/\/www.m-q.ch\/de\/control-2022-erfolgreiche-rueckkehr\/#breadcrumb"},"inLanguage":"de","potentialAction":[{"@type":"ReadAction","target":["https:\/\/www.m-q.ch\/de\/control-2022-erfolgreiche-rueckkehr\/"]}]},{"@type":"ImageObject","inLanguage":"de","@id":"https:\/\/www.m-q.ch\/de\/control-2022-erfolgreiche-rueckkehr\/#primaryimage","url":"https:\/\/www.m-q.ch\/wp-content\/uploads\/2022\/05\/Control-2022-Erfolgreiche-Rueckkehr_MQ.jpg","contentUrl":"https:\/\/www.m-q.ch\/wp-content\/uploads\/2022\/05\/Control-2022-Erfolgreiche-Rueckkehr_MQ.jpg"},{"@type":"BreadcrumbList","@id":"https:\/\/www.m-q.ch\/de\/control-2022-erfolgreiche-rueckkehr\/#breadcrumb","itemListElement":[{"@type":"ListItem","position":1,"name":"Home","item":"https:\/\/www.organisator.ch\/"},{"@type":"ListItem","position":2,"name":"Control 2022: Erfolgreiche R\u00fcckkehr"}]},{"@type":"WebSite","@id":"https:\/\/www.organisator.ch\/#website","url":"https:\/\/www.organisator.ch\/","name":"Organisator","description":"Kompetent. Praxisnah. Der ORGANISATOR bereitet in 10 Ausgaben pro Jahr die wesentlichen Themen f\u00fcr F\u00fchrungskr\u00e4fte von KMU auf.","publisher":{"@id":"https:\/\/www.organisator.ch\/#organization"},"potentialAction":[{"@type":"SearchAction","target":{"@type":"EntryPoint","urlTemplate":"https:\/\/www.organisator.ch\/?s={search_term_string}"},"query-input":{"@type":"PropertyValueSpecification","valueRequired":true,"valueName":"search_term_string"}}],"inLanguage":"de"},{"@type":"Organization","@id":"https:\/\/www.organisator.ch\/#organization","name":"Organisator","url":"https:\/\/www.organisator.ch\/","logo":{"@type":"ImageObject","inLanguage":"de","@id":"https:\/\/www.organisator.ch\/#\/schema\/logo\/image\/","url":"https:\/\/www.organisator.ch\/wp-content\/uploads\/2022\/01\/Logo_Organisator_Website.png","contentUrl":"https:\/\/www.organisator.ch\/wp-content\/uploads\/2022\/01\/Logo_Organisator_Website.png","width":800,"height":77,"caption":"Organisator"},"image":{"@id":"https:\/\/www.organisator.ch\/#\/schema\/logo\/image\/"},"sameAs":["https:\/\/www.facebook.com\/OrganisatorFachmagazin","https:\/\/www.linkedin.com\/showcase\/organisator-das-magazin-fr-kmu","https:\/\/www.xing.com\/news\/pages\/organisator-ch-695","https:\/\/www.youtube.com\/channel\/UCGP2Sq0iWaZwT3BdIAQFYpw"]},{"@type":"Person","@id":"https:\/\/www.organisator.ch\/#\/schema\/person\/4e51799071cd2dd1232ac003643ef5f0","name":"galledia","image":{"@type":"ImageObject","inLanguage":"de","@id":"https:\/\/secure.gravatar.com\/avatar\/78a7f90c01fc2bfc875782a0d4922b37cde2cf184ce347b91316d23cd7f69a36?s=96&d=mm&r=g","url":"https:\/\/secure.gravatar.com\/avatar\/78a7f90c01fc2bfc875782a0d4922b37cde2cf184ce347b91316d23cd7f69a36?s=96&d=mm&r=g","contentUrl":"https:\/\/secure.gravatar.com\/avatar\/78a7f90c01fc2bfc875782a0d4922b37cde2cf184ce347b91316d23cd7f69a36?s=96&d=mm&r=g","caption":"galledia"},"sameAs":["https:\/\/x.com\/admin"],"url":"https:\/\/www.organisator.ch\/de\/author\/galledia\/"}]}},"_links":{"self":[{"href":"https:\/\/www.organisator.ch\/de\/wp-json\/wp\/v2\/posts\/12844","targetHints":{"allow":["GET"]}}],"collection":[{"href":"https:\/\/www.organisator.ch\/de\/wp-json\/wp\/v2\/posts"}],"about":[{"href":"https:\/\/www.organisator.ch\/de\/wp-json\/wp\/v2\/types\/post"}],"author":[{"embeddable":true,"href":"https:\/\/www.organisator.ch\/de\/wp-json\/wp\/v2\/users\/8"}],"replies":[{"embeddable":true,"href":"https:\/\/www.organisator.ch\/de\/wp-json\/wp\/v2\/comments?post=12844"}],"version-history":[{"count":4,"href":"https:\/\/www.organisator.ch\/de\/wp-json\/wp\/v2\/posts\/12844\/revisions"}],"predecessor-version":[{"id":16113,"href":"https:\/\/www.organisator.ch\/de\/wp-json\/wp\/v2\/posts\/12844\/revisions\/16113"}],"wp:attachment":[{"href":"https:\/\/www.organisator.ch\/de\/wp-json\/wp\/v2\/media?parent=12844"}],"wp:term":[{"taxonomy":"category","embeddable":true,"href":"https:\/\/www.organisator.ch\/de\/wp-json\/wp\/v2\/categories?post=12844"},{"taxonomy":"post_tag","embeddable":true,"href":"https:\/\/www.organisator.ch\/de\/wp-json\/wp\/v2\/tags?post=12844"}],"curies":[{"name":"wp","href":"https:\/\/api.w.org\/{rel}","templated":true}]}}