{"id":12861,"date":"2022-05-13T09:40:18","date_gmt":"2022-05-13T07:40:18","guid":{"rendered":"https:\/\/www.organisator.ch\/?p=12861"},"modified":"2022-05-13T09:40:18","modified_gmt":"2022-05-13T07:40:18","slug":"veraenderungen-im-management-von-bechtle-schweiz","status":"publish","type":"post","link":"https:\/\/www.organisator.ch\/de\/management\/2022-05-13\/veraenderungen-im-management-von-bechtle-schweiz\/","title":{"rendered":"Ver\u00e4nderungen im Management von Bechtle Schweiz"},"content":{"rendered":"<figure id=\"attachment_12865\" aria-describedby=\"caption-attachment-12865\" style=\"width: 680px\" class=\"wp-caption alignnone\"><img loading=\"lazy\" decoding=\"async\" class=\"size-full wp-image-12865\" src=\"https:\/\/www.organisator.ch\/wp-content\/uploads\/2022\/05\/Veraenderungen-im-Management-von-Bechtle-Schweiz_Organisator.jpg\" alt=\"\" width=\"680\" height=\"359\" srcset=\"https:\/\/www.organisator.ch\/wp-content\/uploads\/2022\/05\/Veraenderungen-im-Management-von-Bechtle-Schweiz_Organisator.jpg 680w, https:\/\/www.organisator.ch\/wp-content\/uploads\/2022\/05\/Veraenderungen-im-Management-von-Bechtle-Schweiz_Organisator-18x10.jpg 18w, https:\/\/www.organisator.ch\/wp-content\/uploads\/2022\/05\/Veraenderungen-im-Management-von-Bechtle-Schweiz_Organisator-331x175.jpg 331w, https:\/\/www.organisator.ch\/wp-content\/uploads\/2022\/05\/Veraenderungen-im-Management-von-Bechtle-Schweiz_Organisator-663x350.jpg 663w, https:\/\/www.organisator.ch\/wp-content\/uploads\/2022\/05\/Veraenderungen-im-Management-von-Bechtle-Schweiz_Organisator-300x158.jpg 300w\" sizes=\"auto, (max-width: 680px) 100vw, 680px\" \/><figcaption id=\"caption-attachment-12865\" class=\"wp-caption-text\">Christian Speck (links) und Hanspeter Oeschger von Bechtle Schweiz AG. (Bild: zVg \/ Bechtle)<\/figcaption><\/figure>\n<p>Bechtle z\u00e4hlt mit seinen \u00fcber 80 IT-Systemh\u00e4usern und mit IT-E-Commerce-Gesellschaften in 14 L\u00e4ndern zu den f\u00fchrenden IT-Unternehmen in Europa. Die Bechtle Schweiz AG (Systemhaus Deutschschweiz) stellt nun sein Management personell neu auf: Christian Speck \u00fcbernimmt in der Deutschschweiz die alleinige Gesch\u00e4ftsf\u00fchrung der Systemhausaktivit\u00e4ten der Bechtle Schweiz AG. Die Leitung des Verkaufs verantwortet k\u00fcnftig Patrick Fischbacher, der bisher bereits die Region Ost geleitet hat. Seine Stellvertretung \u00fcbernimmt Pierre Bolle, der aktuell f\u00fcr die Verkaufsregion Mitte zust\u00e4ndig ist. Zusammen werden sie den Verkauf in allen Regionen der Deutschschweiz verantworten. \u201eChristian Speck ist mit seiner Pers\u00f6nlichkeit, seiner Erfahrung und seinem Know-how die ideale Besetzung des Gesch\u00e4ftsf\u00fchrers der Bechtle Schweiz AG. Wir freuen uns sehr, dass er nun die alleinige Gesamtverantwortung \u00fcbernimmt und sind \u00fcberzeugt, dass er damit auch weiterhin sehr erfolgreich sein wird\u201c, sagt Hanspeter Oeschger, Bereichsvorstand f\u00fcr Bechtle IT-Systemhaus &amp; Managed Services Schweiz. Bis Jahresende werden alle operativen Aufgaben des Verkaufs, die nach dem Ausscheiden des Co-Gesch\u00e4ftsf\u00fchrers Roger Suter interimsweise durch Hanspeter Oeschger \u00fcbernommen wurden, schrittweise an die neue Verkaufsleitung \u00fcbergeben. \u201eIch freue mich, dass wir Patrick Fischbacher und Pierre Bolle f\u00fcr die Leitung des Verkaufs gewinnen konnten. Wir haben damit beste Voraussetzungen geschaffen, um den Wachstumsplan in der Schweiz erfolgreich umzusetzen&#8220;, sagt Christian Speck, Gesch\u00e4ftsf\u00fchrer der Bechtle Schweiz AG.<\/p>\n<p>Gegr\u00fcndet 1983, besch\u00e4ftigt die gesamte Bechtle Gruppe mit Hauptsitz in Neckarsulm derzeit \u00fcber 12.800 Mitarbeitende. Die mehr als 70.000 Kunden aus Industrie und Handel, dem Public Sector sowie dem Finanzmarkt begleiten wir bei ihrer digitalen Transformation und bieten hersteller\u00fcbergreifend ein l\u00fcckenloses Angebot rund um IT-Infrastruktur und IT-Betrieb. Bechtle ist im MDAX und im TecDAX notiert. 2021 lag der Umsatz bei 5,31 Mrd. \u20ac.<\/p>\n<p><em> Quelle und weitere Informationen: <a href=\"https:\/\/www.bechtle.com\/\">bechtle.com<\/a><\/em><\/p>\n","protected":false},"excerpt":{"rendered":"<p>Bechtle z\u00e4hlt mit seinen \u00fcber 80 IT-Systemh\u00e4usern und mit IT-E-Commerce-Gesellschaften in 14 L\u00e4ndern zu den f\u00fchrenden IT-Unternehmen in Europa. Die Bechtle Schweiz AG (Systemhaus Deutschschweiz) stellt nun sein Management personell neu auf: Christian Speck \u00fcbernimmt in der Deutschschweiz die alleinige Gesch\u00e4ftsf\u00fchrung der Systemhausaktivit\u00e4ten der Bechtle Schweiz AG. Die Leitung des Verkaufs verantwortet k\u00fcnftig Patrick Fischbacher, [&hellip;]<\/p>\n","protected":false},"author":4,"featured_media":12865,"comment_status":"closed","ping_status":"closed","sticky":false,"template":"","format":"standard","meta":{"_acf_changed":false,"_yoast_wpseo_focuskw":"Bechtle Schweiz","_yoast_wpseo_metadesc":"Die Bechtle Schweiz AG organisiert ihr Management neu: Christian Speck, Patrick Fischbacher und Pierre Bolle \u00fcbernehmen neue Funktionen.","articlekey":"","footnotes":""},"categories":[28],"tags":[286,335,381],"class_list":["post-12861","post","type-post","status-publish","format-standard","has-post-thumbnail","hentry","category-management","tag-it","tag-management-und-unternehmensfuehrung","tag-personalia"],"acf":[],"yoast_head":"<!-- This site is optimized with the Yoast SEO plugin v27.5 - https:\/\/yoast.com\/product\/yoast-seo-wordpress\/ -->\n<title>Ver\u00e4nderungen im Management von Bechtle Schweiz - Organisator<\/title>\n<meta name=\"description\" content=\"Die Bechtle Schweiz AG organisiert ihr Management neu: Christian Speck, Patrick Fischbacher und Pierre Bolle \u00fcbernehmen neue Funktionen.\" \/>\n<meta name=\"robots\" content=\"index, follow, max-snippet:-1, max-image-preview:large, max-video-preview:-1\" \/>\n<link rel=\"canonical\" href=\"https:\/\/www.organisator.ch\/de\/management\/2022-05-13\/veraenderungen-im-management-von-bechtle-schweiz\/\" \/>\n<meta property=\"og:locale\" content=\"de_DE\" \/>\n<meta property=\"og:type\" content=\"article\" \/>\n<meta property=\"og:title\" content=\"Ver\u00e4nderungen im Management von Bechtle Schweiz\" \/>\n<meta property=\"og:description\" content=\"Die Bechtle Schweiz AG organisiert ihr Management neu: Christian Speck, Patrick Fischbacher und Pierre Bolle \u00fcbernehmen neue Funktionen.\" \/>\n<meta property=\"og:url\" content=\"https:\/\/www.organisator.ch\/de\/management\/2022-05-13\/veraenderungen-im-management-von-bechtle-schweiz\/\" \/>\n<meta property=\"og:site_name\" content=\"Organisator\" \/>\n<meta property=\"article:publisher\" content=\"https:\/\/www.facebook.com\/OrganisatorFachmagazin\" \/>\n<meta property=\"article:published_time\" content=\"2022-05-13T07:40:18+00:00\" \/>\n<meta property=\"og:image\" content=\"https:\/\/www.organisator.ch\/wp-content\/uploads\/2022\/05\/Veraenderungen-im-Management-von-Bechtle-Schweiz_Organisator.jpg\" \/>\n\t<meta property=\"og:image:width\" content=\"680\" \/>\n\t<meta property=\"og:image:height\" content=\"359\" \/>\n\t<meta property=\"og:image:type\" content=\"image\/jpeg\" \/>\n<meta name=\"author\" content=\"thomas.berner\" \/>\n<meta name=\"twitter:card\" content=\"summary_large_image\" \/>\n<meta name=\"twitter:title\" content=\"Ver\u00e4nderungen im #Management von #Bechtle Schweiz\" \/>\n<meta name=\"twitter:description\" content=\"Die #Bechtle Schweiz AG organisiert ihr #Management neu: Christian Speck, Patrick Fischbacher und Pierre Bolle \u00fcbernehmen neue Funktionen.\" \/>\n<meta name=\"twitter:image\" content=\"https:\/\/www.organisator.ch\/wp-content\/uploads\/2022\/05\/Veraenderungen-im-Management-von-Bechtle-Schweiz_Organisator.jpg\" \/>\n<script type=\"application\/ld+json\" class=\"yoast-schema-graph\">{\"@context\":\"https:\\\/\\\/schema.org\",\"@graph\":[{\"@type\":\"Article\",\"@id\":\"https:\\\/\\\/www.organisator.ch\\\/management\\\/2022-05-13\\\/veraenderungen-im-management-von-bechtle-schweiz\\\/#article\",\"isPartOf\":{\"@id\":\"https:\\\/\\\/www.organisator.ch\\\/management\\\/2022-05-13\\\/veraenderungen-im-management-von-bechtle-schweiz\\\/\"},\"author\":{\"name\":\"thomas.berner\",\"@id\":\"https:\\\/\\\/www.organisator.ch\\\/#\\\/schema\\\/person\\\/6f650f90b2842cd4c0cc334b4e36f67e\"},\"headline\":\"Ver\u00e4nderungen im Management von Bechtle Schweiz\",\"datePublished\":\"2022-05-13T07:40:18+00:00\",\"mainEntityOfPage\":{\"@id\":\"https:\\\/\\\/www.organisator.ch\\\/management\\\/2022-05-13\\\/veraenderungen-im-management-von-bechtle-schweiz\\\/\"},\"wordCount\":319,\"publisher\":{\"@id\":\"https:\\\/\\\/www.organisator.ch\\\/#organization\"},\"image\":{\"@id\":\"https:\\\/\\\/www.organisator.ch\\\/management\\\/2022-05-13\\\/veraenderungen-im-management-von-bechtle-schweiz\\\/#primaryimage\"},\"thumbnailUrl\":\"https:\\\/\\\/www.organisator.ch\\\/wp-content\\\/uploads\\\/2022\\\/05\\\/Veraenderungen-im-Management-von-Bechtle-Schweiz_Organisator.jpg\",\"keywords\":[\"IT\",\"Management und Unternehmensf\u00fchrung\",\"Personalia\"],\"articleSection\":[\"MANAGEMENT\"],\"inLanguage\":\"de\"},{\"@type\":\"WebPage\",\"@id\":\"https:\\\/\\\/www.organisator.ch\\\/management\\\/2022-05-13\\\/veraenderungen-im-management-von-bechtle-schweiz\\\/\",\"url\":\"https:\\\/\\\/www.organisator.ch\\\/management\\\/2022-05-13\\\/veraenderungen-im-management-von-bechtle-schweiz\\\/\",\"name\":\"Ver\u00e4nderungen im Management von Bechtle Schweiz - Organisator\",\"isPartOf\":{\"@id\":\"https:\\\/\\\/www.organisator.ch\\\/#website\"},\"primaryImageOfPage\":{\"@id\":\"https:\\\/\\\/www.organisator.ch\\\/management\\\/2022-05-13\\\/veraenderungen-im-management-von-bechtle-schweiz\\\/#primaryimage\"},\"image\":{\"@id\":\"https:\\\/\\\/www.organisator.ch\\\/management\\\/2022-05-13\\\/veraenderungen-im-management-von-bechtle-schweiz\\\/#primaryimage\"},\"thumbnailUrl\":\"https:\\\/\\\/www.organisator.ch\\\/wp-content\\\/uploads\\\/2022\\\/05\\\/Veraenderungen-im-Management-von-Bechtle-Schweiz_Organisator.jpg\",\"datePublished\":\"2022-05-13T07:40:18+00:00\",\"description\":\"Die Bechtle Schweiz AG organisiert ihr Management neu: Christian Speck, Patrick Fischbacher und Pierre Bolle \u00fcbernehmen neue Funktionen.\",\"breadcrumb\":{\"@id\":\"https:\\\/\\\/www.organisator.ch\\\/management\\\/2022-05-13\\\/veraenderungen-im-management-von-bechtle-schweiz\\\/#breadcrumb\"},\"inLanguage\":\"de\",\"potentialAction\":[{\"@type\":\"ReadAction\",\"target\":[\"https:\\\/\\\/www.organisator.ch\\\/management\\\/2022-05-13\\\/veraenderungen-im-management-von-bechtle-schweiz\\\/\"]}]},{\"@type\":\"ImageObject\",\"inLanguage\":\"de\",\"@id\":\"https:\\\/\\\/www.organisator.ch\\\/management\\\/2022-05-13\\\/veraenderungen-im-management-von-bechtle-schweiz\\\/#primaryimage\",\"url\":\"https:\\\/\\\/www.organisator.ch\\\/wp-content\\\/uploads\\\/2022\\\/05\\\/Veraenderungen-im-Management-von-Bechtle-Schweiz_Organisator.jpg\",\"contentUrl\":\"https:\\\/\\\/www.organisator.ch\\\/wp-content\\\/uploads\\\/2022\\\/05\\\/Veraenderungen-im-Management-von-Bechtle-Schweiz_Organisator.jpg\",\"width\":680,\"height\":359,\"caption\":\"Christian Speck (links) und Hanspeter Oeschger von Bechtle Schweiz AG. (Bild: zVg \\\/ Bechtle)\"},{\"@type\":\"BreadcrumbList\",\"@id\":\"https:\\\/\\\/www.organisator.ch\\\/management\\\/2022-05-13\\\/veraenderungen-im-management-von-bechtle-schweiz\\\/#breadcrumb\",\"itemListElement\":[{\"@type\":\"ListItem\",\"position\":1,\"name\":\"Home\",\"item\":\"https:\\\/\\\/www.organisator.ch\\\/\"},{\"@type\":\"ListItem\",\"position\":2,\"name\":\"Ver\u00e4nderungen im Management von Bechtle Schweiz\"}]},{\"@type\":\"WebSite\",\"@id\":\"https:\\\/\\\/www.organisator.ch\\\/#website\",\"url\":\"https:\\\/\\\/www.organisator.ch\\\/\",\"name\":\"Organisator\",\"description\":\"Kompetent. Praxisnah. Der ORGANISATOR bereitet in 10 Ausgaben pro Jahr die wesentlichen Themen f\u00fcr F\u00fchrungskr\u00e4fte von KMU auf.\",\"publisher\":{\"@id\":\"https:\\\/\\\/www.organisator.ch\\\/#organization\"},\"potentialAction\":[{\"@type\":\"SearchAction\",\"target\":{\"@type\":\"EntryPoint\",\"urlTemplate\":\"https:\\\/\\\/www.organisator.ch\\\/?s={search_term_string}\"},\"query-input\":{\"@type\":\"PropertyValueSpecification\",\"valueRequired\":true,\"valueName\":\"search_term_string\"}}],\"inLanguage\":\"de\"},{\"@type\":\"Organization\",\"@id\":\"https:\\\/\\\/www.organisator.ch\\\/#organization\",\"name\":\"Organisator\",\"url\":\"https:\\\/\\\/www.organisator.ch\\\/\",\"logo\":{\"@type\":\"ImageObject\",\"inLanguage\":\"de\",\"@id\":\"https:\\\/\\\/www.organisator.ch\\\/#\\\/schema\\\/logo\\\/image\\\/\",\"url\":\"https:\\\/\\\/www.organisator.ch\\\/wp-content\\\/uploads\\\/2022\\\/01\\\/Logo_Organisator_Website.png\",\"contentUrl\":\"https:\\\/\\\/www.organisator.ch\\\/wp-content\\\/uploads\\\/2022\\\/01\\\/Logo_Organisator_Website.png\",\"width\":800,\"height\":77,\"caption\":\"Organisator\"},\"image\":{\"@id\":\"https:\\\/\\\/www.organisator.ch\\\/#\\\/schema\\\/logo\\\/image\\\/\"},\"sameAs\":[\"https:\\\/\\\/www.facebook.com\\\/OrganisatorFachmagazin\",\"https:\\\/\\\/www.linkedin.com\\\/showcase\\\/organisator-das-magazin-fr-kmu\",\"https:\\\/\\\/www.xing.com\\\/news\\\/pages\\\/organisator-ch-695\",\"https:\\\/\\\/www.youtube.com\\\/channel\\\/UCGP2Sq0iWaZwT3BdIAQFYpw\"]},{\"@type\":\"Person\",\"@id\":\"https:\\\/\\\/www.organisator.ch\\\/#\\\/schema\\\/person\\\/6f650f90b2842cd4c0cc334b4e36f67e\",\"name\":\"thomas.berner\",\"image\":{\"@type\":\"ImageObject\",\"inLanguage\":\"de\",\"@id\":\"https:\\\/\\\/secure.gravatar.com\\\/avatar\\\/ac5001d2a36cb6c6cd3e50789007ffca834b477b74a2144564522e944eabff61?s=96&d=mm&r=g\",\"url\":\"https:\\\/\\\/secure.gravatar.com\\\/avatar\\\/ac5001d2a36cb6c6cd3e50789007ffca834b477b74a2144564522e944eabff61?s=96&d=mm&r=g\",\"contentUrl\":\"https:\\\/\\\/secure.gravatar.com\\\/avatar\\\/ac5001d2a36cb6c6cd3e50789007ffca834b477b74a2144564522e944eabff61?s=96&d=mm&r=g\",\"caption\":\"thomas.berner\"},\"url\":\"https:\\\/\\\/www.organisator.ch\\\/de\\\/author\\\/thomas-berner\\\/\"}]}<\/script>\n<!-- \/ Yoast SEO plugin. -->","yoast_head_json":{"title":"Ver\u00e4nderungen im Management von Bechtle Schweiz - Organisator","description":"Die Bechtle Schweiz AG organisiert ihr Management neu: Christian Speck, Patrick Fischbacher und Pierre Bolle \u00fcbernehmen neue Funktionen.","robots":{"index":"index","follow":"follow","max-snippet":"max-snippet:-1","max-image-preview":"max-image-preview:large","max-video-preview":"max-video-preview:-1"},"canonical":"https:\/\/www.organisator.ch\/de\/management\/2022-05-13\/veraenderungen-im-management-von-bechtle-schweiz\/","og_locale":"de_DE","og_type":"article","og_title":"Ver\u00e4nderungen im Management von Bechtle Schweiz","og_description":"Die Bechtle Schweiz AG organisiert ihr Management neu: Christian Speck, Patrick Fischbacher und Pierre Bolle \u00fcbernehmen neue Funktionen.","og_url":"https:\/\/www.organisator.ch\/de\/management\/2022-05-13\/veraenderungen-im-management-von-bechtle-schweiz\/","og_site_name":"Organisator","article_publisher":"https:\/\/www.facebook.com\/OrganisatorFachmagazin","article_published_time":"2022-05-13T07:40:18+00:00","og_image":[{"width":680,"height":359,"url":"https:\/\/www.organisator.ch\/wp-content\/uploads\/2022\/05\/Veraenderungen-im-Management-von-Bechtle-Schweiz_Organisator.jpg","type":"image\/jpeg"}],"author":"thomas.berner","twitter_card":"summary_large_image","twitter_title":"Ver\u00e4nderungen im #Management von #Bechtle Schweiz","twitter_description":"Die #Bechtle Schweiz AG organisiert ihr #Management neu: Christian Speck, Patrick Fischbacher und Pierre Bolle \u00fcbernehmen neue Funktionen.","twitter_image":"https:\/\/www.organisator.ch\/wp-content\/uploads\/2022\/05\/Veraenderungen-im-Management-von-Bechtle-Schweiz_Organisator.jpg","schema":{"@context":"https:\/\/schema.org","@graph":[{"@type":"Article","@id":"https:\/\/www.organisator.ch\/management\/2022-05-13\/veraenderungen-im-management-von-bechtle-schweiz\/#article","isPartOf":{"@id":"https:\/\/www.organisator.ch\/management\/2022-05-13\/veraenderungen-im-management-von-bechtle-schweiz\/"},"author":{"name":"thomas.berner","@id":"https:\/\/www.organisator.ch\/#\/schema\/person\/6f650f90b2842cd4c0cc334b4e36f67e"},"headline":"Ver\u00e4nderungen im Management von Bechtle Schweiz","datePublished":"2022-05-13T07:40:18+00:00","mainEntityOfPage":{"@id":"https:\/\/www.organisator.ch\/management\/2022-05-13\/veraenderungen-im-management-von-bechtle-schweiz\/"},"wordCount":319,"publisher":{"@id":"https:\/\/www.organisator.ch\/#organization"},"image":{"@id":"https:\/\/www.organisator.ch\/management\/2022-05-13\/veraenderungen-im-management-von-bechtle-schweiz\/#primaryimage"},"thumbnailUrl":"https:\/\/www.organisator.ch\/wp-content\/uploads\/2022\/05\/Veraenderungen-im-Management-von-Bechtle-Schweiz_Organisator.jpg","keywords":["IT","Management und Unternehmensf\u00fchrung","Personalia"],"articleSection":["MANAGEMENT"],"inLanguage":"de"},{"@type":"WebPage","@id":"https:\/\/www.organisator.ch\/management\/2022-05-13\/veraenderungen-im-management-von-bechtle-schweiz\/","url":"https:\/\/www.organisator.ch\/management\/2022-05-13\/veraenderungen-im-management-von-bechtle-schweiz\/","name":"Ver\u00e4nderungen im Management von Bechtle Schweiz - Organisator","isPartOf":{"@id":"https:\/\/www.organisator.ch\/#website"},"primaryImageOfPage":{"@id":"https:\/\/www.organisator.ch\/management\/2022-05-13\/veraenderungen-im-management-von-bechtle-schweiz\/#primaryimage"},"image":{"@id":"https:\/\/www.organisator.ch\/management\/2022-05-13\/veraenderungen-im-management-von-bechtle-schweiz\/#primaryimage"},"thumbnailUrl":"https:\/\/www.organisator.ch\/wp-content\/uploads\/2022\/05\/Veraenderungen-im-Management-von-Bechtle-Schweiz_Organisator.jpg","datePublished":"2022-05-13T07:40:18+00:00","description":"Die Bechtle Schweiz AG organisiert ihr Management neu: Christian Speck, Patrick Fischbacher und Pierre Bolle \u00fcbernehmen neue Funktionen.","breadcrumb":{"@id":"https:\/\/www.organisator.ch\/management\/2022-05-13\/veraenderungen-im-management-von-bechtle-schweiz\/#breadcrumb"},"inLanguage":"de","potentialAction":[{"@type":"ReadAction","target":["https:\/\/www.organisator.ch\/management\/2022-05-13\/veraenderungen-im-management-von-bechtle-schweiz\/"]}]},{"@type":"ImageObject","inLanguage":"de","@id":"https:\/\/www.organisator.ch\/management\/2022-05-13\/veraenderungen-im-management-von-bechtle-schweiz\/#primaryimage","url":"https:\/\/www.organisator.ch\/wp-content\/uploads\/2022\/05\/Veraenderungen-im-Management-von-Bechtle-Schweiz_Organisator.jpg","contentUrl":"https:\/\/www.organisator.ch\/wp-content\/uploads\/2022\/05\/Veraenderungen-im-Management-von-Bechtle-Schweiz_Organisator.jpg","width":680,"height":359,"caption":"Christian Speck (links) und Hanspeter Oeschger von Bechtle Schweiz AG. (Bild: zVg \/ Bechtle)"},{"@type":"BreadcrumbList","@id":"https:\/\/www.organisator.ch\/management\/2022-05-13\/veraenderungen-im-management-von-bechtle-schweiz\/#breadcrumb","itemListElement":[{"@type":"ListItem","position":1,"name":"Home","item":"https:\/\/www.organisator.ch\/"},{"@type":"ListItem","position":2,"name":"Ver\u00e4nderungen im Management von Bechtle Schweiz"}]},{"@type":"WebSite","@id":"https:\/\/www.organisator.ch\/#website","url":"https:\/\/www.organisator.ch\/","name":"Organisator","description":"Kompetent. Praxisnah. Der ORGANISATOR bereitet in 10 Ausgaben pro Jahr die wesentlichen Themen f\u00fcr F\u00fchrungskr\u00e4fte von KMU auf.","publisher":{"@id":"https:\/\/www.organisator.ch\/#organization"},"potentialAction":[{"@type":"SearchAction","target":{"@type":"EntryPoint","urlTemplate":"https:\/\/www.organisator.ch\/?s={search_term_string}"},"query-input":{"@type":"PropertyValueSpecification","valueRequired":true,"valueName":"search_term_string"}}],"inLanguage":"de"},{"@type":"Organization","@id":"https:\/\/www.organisator.ch\/#organization","name":"Organisator","url":"https:\/\/www.organisator.ch\/","logo":{"@type":"ImageObject","inLanguage":"de","@id":"https:\/\/www.organisator.ch\/#\/schema\/logo\/image\/","url":"https:\/\/www.organisator.ch\/wp-content\/uploads\/2022\/01\/Logo_Organisator_Website.png","contentUrl":"https:\/\/www.organisator.ch\/wp-content\/uploads\/2022\/01\/Logo_Organisator_Website.png","width":800,"height":77,"caption":"Organisator"},"image":{"@id":"https:\/\/www.organisator.ch\/#\/schema\/logo\/image\/"},"sameAs":["https:\/\/www.facebook.com\/OrganisatorFachmagazin","https:\/\/www.linkedin.com\/showcase\/organisator-das-magazin-fr-kmu","https:\/\/www.xing.com\/news\/pages\/organisator-ch-695","https:\/\/www.youtube.com\/channel\/UCGP2Sq0iWaZwT3BdIAQFYpw"]},{"@type":"Person","@id":"https:\/\/www.organisator.ch\/#\/schema\/person\/6f650f90b2842cd4c0cc334b4e36f67e","name":"thomas.berner","image":{"@type":"ImageObject","inLanguage":"de","@id":"https:\/\/secure.gravatar.com\/avatar\/ac5001d2a36cb6c6cd3e50789007ffca834b477b74a2144564522e944eabff61?s=96&d=mm&r=g","url":"https:\/\/secure.gravatar.com\/avatar\/ac5001d2a36cb6c6cd3e50789007ffca834b477b74a2144564522e944eabff61?s=96&d=mm&r=g","contentUrl":"https:\/\/secure.gravatar.com\/avatar\/ac5001d2a36cb6c6cd3e50789007ffca834b477b74a2144564522e944eabff61?s=96&d=mm&r=g","caption":"thomas.berner"},"url":"https:\/\/www.organisator.ch\/de\/author\/thomas-berner\/"}]}},"_links":{"self":[{"href":"https:\/\/www.organisator.ch\/de\/wp-json\/wp\/v2\/posts\/12861","targetHints":{"allow":["GET"]}}],"collection":[{"href":"https:\/\/www.organisator.ch\/de\/wp-json\/wp\/v2\/posts"}],"about":[{"href":"https:\/\/www.organisator.ch\/de\/wp-json\/wp\/v2\/types\/post"}],"author":[{"embeddable":true,"href":"https:\/\/www.organisator.ch\/de\/wp-json\/wp\/v2\/users\/4"}],"replies":[{"embeddable":true,"href":"https:\/\/www.organisator.ch\/de\/wp-json\/wp\/v2\/comments?post=12861"}],"version-history":[{"count":1,"href":"https:\/\/www.organisator.ch\/de\/wp-json\/wp\/v2\/posts\/12861\/revisions"}],"predecessor-version":[{"id":12866,"href":"https:\/\/www.organisator.ch\/de\/wp-json\/wp\/v2\/posts\/12861\/revisions\/12866"}],"wp:featuredmedia":[{"embeddable":true,"href":"https:\/\/www.organisator.ch\/de\/wp-json\/wp\/v2\/media\/12865"}],"wp:attachment":[{"href":"https:\/\/www.organisator.ch\/de\/wp-json\/wp\/v2\/media?parent=12861"}],"wp:term":[{"taxonomy":"category","embeddable":true,"href":"https:\/\/www.organisator.ch\/de\/wp-json\/wp\/v2\/categories?post=12861"},{"taxonomy":"post_tag","embeddable":true,"href":"https:\/\/www.organisator.ch\/de\/wp-json\/wp\/v2\/tags?post=12861"}],"curies":[{"name":"wp","href":"https:\/\/api.w.org\/{rel}","templated":true}]}}