{"id":12874,"date":"2022-05-13T16:59:44","date_gmt":"2022-05-13T14:59:44","guid":{"rendered":"https:\/\/www.werbewoche.ch\/?p=171130"},"modified":"2022-08-01T14:02:06","modified_gmt":"2022-08-01T12:02:06","slug":"schweiz-tourismus-yamuna-betschart-uebernimmt-leitung-des-heimmarktes","status":"publish","type":"post","link":"https:\/\/www.organisator.ch\/de\/marketing\/2022-05-13\/schweiz-tourismus-yamuna-betschart-uebernimmt-leitung-des-heimmarktes\/","title":{"rendered":"Schweiz Tourismus: Yamuna Betschart \u00fcbernimmt Leitung des Heimmarktes"},"content":{"rendered":"<figure id=\"attachment_171131\" class=\"wp-caption alignnone\" style=\"width: 683px\" aria-describedby=\"caption-attachment-171131\"><img class=\"alignnone wp-image-171131 size-large\" src=\"https:\/\/www.werbewoche.ch\/wp-content\/uploads\/2022\/05\/Betschart-Yamuna-683x1024.jpg\" alt=\"Yamuna\" width=\"683\" height=\"1024\" \/><figcaption id=\"caption-attachment-171131\" class=\"wp-caption-text\">Yamuna Beschart.<\/figcaption><\/figure>\r\nYamuna Betschart, bis Ende 2021 Senior Marketing Manager Asia Pacific der Lufthansa Group in Singapur, ist ab 1. Juni neue Marktleiterin Schweiz bei ST. Die Inhaberin eines MAS in Communication Management der Hochschule Luzern kehrt nach zahlreichen Stationen bei globalen Marken und Akteuren in Singapur in die Schweiz zur\u00fcck und \u00fcbernimmt die Verantwortung f\u00fcr die Abteilung \u00abMarkt Schweiz\u00bb bei ST.\r\n<h3><strong>Hauptmarkt des Schweizer Tourismus<\/strong><\/h3>\r\n2019 konnten im Markt Schweiz beinahe 18 Mio. Hotellogiern\u00e4chte verzeichnet werden, womit die einheimischen \u00dcbernachtungen einen Marktanteil von \u00fcber 45 Prozent bildeten. Im Pandemiejahr 2021 kam es mit fast 21 Mio. Hoteln\u00e4chten sogar zu einem Allzeitrekord.\r\n\r\nDie Marketing-Massnahmen von ST und ihren Partnern verantwortet nun mit Yamuna Betschart eine erfahrene Kommunikatorin mit viel Marketingkompetenz und einer F\u00fchrungsexpertise auf internationaler Ebene. Ihre Aufgabe wird es sein, die wiedererstarkte Liebe der Schweizer:innen\u00a0 zu ihrer Heimat als Feriendestination \u00fcber die Pandemie hinaus zu erhalten und zu st\u00e4rken.\r\n\r\n\u00abIch freue mich auf ein neues Gesicht bei ST mit einem grossen internationalen Marketing-Fachausweis. Yamuna Betschart wird unseren so zentralen Markt Schweiz weiterhin vorantreiben und unsere Aktivit\u00e4ten hier mit ihrem weltgewandten Blick bereichern\u00bb, so die W\u00fcrdigung von Martin Nydegger, Direktor ST.","protected":false},"excerpt":{"rendered":"<p>Yamuna Betschart, bis Ende 2021 Senior Marketing Manager Asia Pacific der Lufthansa Group in Singapur, ist ab 1. Juni neue Marktleiterin Schweiz bei ST. Die Inhaberin eines MAS in Communication Management der Hochschule Luzern kehrt nach zahlreichen Stationen bei globalen Marken und Akteuren in Singapur in die Schweiz zur\u00fcck und \u00fcbernimmt die Verantwortung f\u00fcr die [\u2026]<\/p>\n","protected":false},"author":8,"featured_media":0,"comment_status":"closed","ping_status":"closed","sticky":false,"template":"","format":"standard","meta":{"_acf_changed":false,"_yoast_wpseo_focuskw":"Yamuna","_yoast_wpseo_metadesc":"Der gemessen an Hotellogiern\u00e4chten gr\u00f6sste Markt f\u00fcr den Schweizer Tourismus liegt ab 1. Juni in der Verantwortung von Yamuna Betschart.","articlekey":"","footnotes":""},"categories":[29],"tags":[2853,2854,3225],"class_list":["post-12874","post","type-post","status-publish","format-standard","hentry","category-marketing","tag-jobchange","tag-schweiz-tourismus","tag-yamuna"],"acf":[],"yoast_head":"<!-- This site is optimized with the Yoast SEO plugin v27.5 - https:\/\/yoast.com\/product\/yoast-seo-wordpress\/ -->\n<title>Schweiz Tourismus: Yamuna Betschart \u00fcbernimmt Leitung des Heimmarktes - Organisator<\/title>\n<meta name=\"description\" content=\"Der gemessen an Hotellogiern\u00e4chten gr\u00f6sste Markt f\u00fcr den Schweizer Tourismus liegt ab 1. Juni in der Verantwortung von Yamuna Betschart.\" \/>\n<meta name=\"robots\" content=\"index, follow, max-snippet:-1, max-image-preview:large, max-video-preview:-1\" \/>\n<link rel=\"canonical\" href=\"https:\/\/www.werbewoche.ch\/de\/marketing\/2022-05-13\/schweiz-tourismus-yamuna-betschart-uebernimmt-leitung-des-heimmarktes\/\" \/>\n<meta property=\"og:locale\" content=\"de_DE\" \/>\n<meta property=\"og:type\" content=\"article\" \/>\n<meta property=\"og:title\" content=\"Schweiz Tourismus: Yamuna Betschart \u00fcbernimmt Leitung des Heimmarktes - Organisator\" \/>\n<meta property=\"og:description\" content=\"Der gemessen an Hotellogiern\u00e4chten gr\u00f6sste Markt f\u00fcr den Schweizer Tourismus liegt ab 1. Juni in der Verantwortung von Yamuna Betschart.\" \/>\n<meta property=\"og:url\" content=\"https:\/\/www.werbewoche.ch\/de\/marketing\/2022-05-13\/schweiz-tourismus-yamuna-betschart-uebernimmt-leitung-des-heimmarktes\/\" \/>\n<meta property=\"og:site_name\" content=\"Organisator\" \/>\n<meta property=\"article:publisher\" content=\"https:\/\/www.facebook.com\/OrganisatorFachmagazin\" \/>\n<meta property=\"article:published_time\" content=\"2022-05-13T14:59:44+00:00\" \/>\n<meta property=\"article:modified_time\" content=\"2022-08-01T12:02:06+00:00\" \/>\n<meta property=\"og:image\" content=\"https:\/\/www.werbewoche.ch\/wp-content\/uploads\/2022\/05\/Betschart-Yamuna-683x1024.jpg\" \/>\n<meta name=\"author\" content=\"galledia\" \/>\n<meta name=\"twitter:card\" content=\"summary_large_image\" \/>\n<meta name=\"twitter:creator\" content=\"@admin\" \/>\n<script type=\"application\/ld+json\" class=\"yoast-schema-graph\">{\"@context\":\"https:\\\/\\\/schema.org\",\"@graph\":[{\"@type\":\"Article\",\"@id\":\"https:\\\/\\\/www.werbewoche.ch\\\/de\\\/marketing\\\/2022-05-13\\\/schweiz-tourismus-yamuna-betschart-uebernimmt-leitung-des-heimmarktes\\\/#article\",\"isPartOf\":{\"@id\":\"https:\\\/\\\/www.organisator.ch\\\/marketing\\\/2022-05-13\\\/schweiz-tourismus-yamuna-betschart-uebernimmt-leitung-des-heimmarktes\\\/\"},\"author\":{\"name\":\"galledia\",\"@id\":\"https:\\\/\\\/www.organisator.ch\\\/#\\\/schema\\\/person\\\/4e51799071cd2dd1232ac003643ef5f0\"},\"headline\":\"Schweiz Tourismus: Yamuna Betschart \u00fcbernimmt Leitung des Heimmarktes\",\"datePublished\":\"2022-05-13T14:59:44+00:00\",\"dateModified\":\"2022-08-01T12:02:06+00:00\",\"mainEntityOfPage\":{\"@id\":\"https:\\\/\\\/www.organisator.ch\\\/marketing\\\/2022-05-13\\\/schweiz-tourismus-yamuna-betschart-uebernimmt-leitung-des-heimmarktes\\\/\"},\"wordCount\":201,\"publisher\":{\"@id\":\"https:\\\/\\\/www.organisator.ch\\\/#organization\"},\"image\":{\"@id\":\"https:\\\/\\\/www.werbewoche.ch\\\/de\\\/marketing\\\/2022-05-13\\\/schweiz-tourismus-yamuna-betschart-uebernimmt-leitung-des-heimmarktes\\\/#primaryimage\"},\"thumbnailUrl\":\"https:\\\/\\\/www.werbewoche.ch\\\/wp-content\\\/uploads\\\/2022\\\/05\\\/Betschart-Yamuna-683x1024.jpg\",\"keywords\":[\"Jobchange\",\"Schweiz Tourismus\",\"Yamuna\"],\"articleSection\":[\"MARKETING\"],\"inLanguage\":\"de\"},{\"@type\":\"WebPage\",\"@id\":\"https:\\\/\\\/www.organisator.ch\\\/marketing\\\/2022-05-13\\\/schweiz-tourismus-yamuna-betschart-uebernimmt-leitung-des-heimmarktes\\\/\",\"url\":\"https:\\\/\\\/www.werbewoche.ch\\\/de\\\/marketing\\\/2022-05-13\\\/schweiz-tourismus-yamuna-betschart-uebernimmt-leitung-des-heimmarktes\\\/\",\"name\":\"Schweiz Tourismus: Yamuna Betschart \u00fcbernimmt Leitung des Heimmarktes - Organisator\",\"isPartOf\":{\"@id\":\"https:\\\/\\\/www.organisator.ch\\\/#website\"},\"primaryImageOfPage\":{\"@id\":\"https:\\\/\\\/www.werbewoche.ch\\\/de\\\/marketing\\\/2022-05-13\\\/schweiz-tourismus-yamuna-betschart-uebernimmt-leitung-des-heimmarktes\\\/#primaryimage\"},\"image\":{\"@id\":\"https:\\\/\\\/www.werbewoche.ch\\\/de\\\/marketing\\\/2022-05-13\\\/schweiz-tourismus-yamuna-betschart-uebernimmt-leitung-des-heimmarktes\\\/#primaryimage\"},\"thumbnailUrl\":\"https:\\\/\\\/www.werbewoche.ch\\\/wp-content\\\/uploads\\\/2022\\\/05\\\/Betschart-Yamuna-683x1024.jpg\",\"datePublished\":\"2022-05-13T14:59:44+00:00\",\"dateModified\":\"2022-08-01T12:02:06+00:00\",\"description\":\"Der gemessen an Hotellogiern\u00e4chten gr\u00f6sste Markt f\u00fcr den Schweizer Tourismus liegt ab 1. Juni in der Verantwortung von Yamuna Betschart.\",\"breadcrumb\":{\"@id\":\"https:\\\/\\\/www.werbewoche.ch\\\/de\\\/marketing\\\/2022-05-13\\\/schweiz-tourismus-yamuna-betschart-uebernimmt-leitung-des-heimmarktes\\\/#breadcrumb\"},\"inLanguage\":\"de\",\"potentialAction\":[{\"@type\":\"ReadAction\",\"target\":[\"https:\\\/\\\/www.werbewoche.ch\\\/de\\\/marketing\\\/2022-05-13\\\/schweiz-tourismus-yamuna-betschart-uebernimmt-leitung-des-heimmarktes\\\/\"]}]},{\"@type\":\"ImageObject\",\"inLanguage\":\"de\",\"@id\":\"https:\\\/\\\/www.werbewoche.ch\\\/de\\\/marketing\\\/2022-05-13\\\/schweiz-tourismus-yamuna-betschart-uebernimmt-leitung-des-heimmarktes\\\/#primaryimage\",\"url\":\"https:\\\/\\\/www.werbewoche.ch\\\/wp-content\\\/uploads\\\/2022\\\/05\\\/Betschart-Yamuna-683x1024.jpg\",\"contentUrl\":\"https:\\\/\\\/www.werbewoche.ch\\\/wp-content\\\/uploads\\\/2022\\\/05\\\/Betschart-Yamuna-683x1024.jpg\"},{\"@type\":\"BreadcrumbList\",\"@id\":\"https:\\\/\\\/www.werbewoche.ch\\\/de\\\/marketing\\\/2022-05-13\\\/schweiz-tourismus-yamuna-betschart-uebernimmt-leitung-des-heimmarktes\\\/#breadcrumb\",\"itemListElement\":[{\"@type\":\"ListItem\",\"position\":1,\"name\":\"Home\",\"item\":\"https:\\\/\\\/www.organisator.ch\\\/\"},{\"@type\":\"ListItem\",\"position\":2,\"name\":\"Schweiz Tourismus: Yamuna Betschart \u00fcbernimmt Leitung des Heimmarktes\"}]},{\"@type\":\"WebSite\",\"@id\":\"https:\\\/\\\/www.organisator.ch\\\/#website\",\"url\":\"https:\\\/\\\/www.organisator.ch\\\/\",\"name\":\"Organisator\",\"description\":\"Kompetent. Praxisnah. Der ORGANISATOR bereitet in 10 Ausgaben pro Jahr die wesentlichen Themen f\u00fcr F\u00fchrungskr\u00e4fte von KMU auf.\",\"publisher\":{\"@id\":\"https:\\\/\\\/www.organisator.ch\\\/#organization\"},\"potentialAction\":[{\"@type\":\"SearchAction\",\"target\":{\"@type\":\"EntryPoint\",\"urlTemplate\":\"https:\\\/\\\/www.organisator.ch\\\/?s={search_term_string}\"},\"query-input\":{\"@type\":\"PropertyValueSpecification\",\"valueRequired\":true,\"valueName\":\"search_term_string\"}}],\"inLanguage\":\"de\"},{\"@type\":\"Organization\",\"@id\":\"https:\\\/\\\/www.organisator.ch\\\/#organization\",\"name\":\"Organisator\",\"url\":\"https:\\\/\\\/www.organisator.ch\\\/\",\"logo\":{\"@type\":\"ImageObject\",\"inLanguage\":\"de\",\"@id\":\"https:\\\/\\\/www.organisator.ch\\\/#\\\/schema\\\/logo\\\/image\\\/\",\"url\":\"https:\\\/\\\/www.organisator.ch\\\/wp-content\\\/uploads\\\/2022\\\/01\\\/Logo_Organisator_Website.png\",\"contentUrl\":\"https:\\\/\\\/www.organisator.ch\\\/wp-content\\\/uploads\\\/2022\\\/01\\\/Logo_Organisator_Website.png\",\"width\":800,\"height\":77,\"caption\":\"Organisator\"},\"image\":{\"@id\":\"https:\\\/\\\/www.organisator.ch\\\/#\\\/schema\\\/logo\\\/image\\\/\"},\"sameAs\":[\"https:\\\/\\\/www.facebook.com\\\/OrganisatorFachmagazin\",\"https:\\\/\\\/www.linkedin.com\\\/showcase\\\/organisator-das-magazin-fr-kmu\",\"https:\\\/\\\/www.xing.com\\\/news\\\/pages\\\/organisator-ch-695\",\"https:\\\/\\\/www.youtube.com\\\/channel\\\/UCGP2Sq0iWaZwT3BdIAQFYpw\"]},{\"@type\":\"Person\",\"@id\":\"https:\\\/\\\/www.organisator.ch\\\/#\\\/schema\\\/person\\\/4e51799071cd2dd1232ac003643ef5f0\",\"name\":\"galledia\",\"image\":{\"@type\":\"ImageObject\",\"inLanguage\":\"de\",\"@id\":\"https:\\\/\\\/secure.gravatar.com\\\/avatar\\\/78a7f90c01fc2bfc875782a0d4922b37cde2cf184ce347b91316d23cd7f69a36?s=96&d=mm&r=g\",\"url\":\"https:\\\/\\\/secure.gravatar.com\\\/avatar\\\/78a7f90c01fc2bfc875782a0d4922b37cde2cf184ce347b91316d23cd7f69a36?s=96&d=mm&r=g\",\"contentUrl\":\"https:\\\/\\\/secure.gravatar.com\\\/avatar\\\/78a7f90c01fc2bfc875782a0d4922b37cde2cf184ce347b91316d23cd7f69a36?s=96&d=mm&r=g\",\"caption\":\"galledia\"},\"sameAs\":[\"https:\\\/\\\/x.com\\\/admin\"],\"url\":\"https:\\\/\\\/www.organisator.ch\\\/de\\\/author\\\/galledia\\\/\"}]}<\/script>\n<!-- \/ Yoast SEO plugin. -->","yoast_head_json":{"title":"Schweiz Tourismus: Yamuna Betschart \u00fcbernimmt Leitung des Heimmarktes - Organisator","description":"Der gemessen an Hotellogiern\u00e4chten gr\u00f6sste Markt f\u00fcr den Schweizer Tourismus liegt ab 1. Juni in der Verantwortung von Yamuna Betschart.","robots":{"index":"index","follow":"follow","max-snippet":"max-snippet:-1","max-image-preview":"max-image-preview:large","max-video-preview":"max-video-preview:-1"},"canonical":"https:\/\/www.werbewoche.ch\/de\/marketing\/2022-05-13\/schweiz-tourismus-yamuna-betschart-uebernimmt-leitung-des-heimmarktes\/","og_locale":"de_DE","og_type":"article","og_title":"Schweiz Tourismus: Yamuna Betschart \u00fcbernimmt Leitung des Heimmarktes - Organisator","og_description":"Der gemessen an Hotellogiern\u00e4chten gr\u00f6sste Markt f\u00fcr den Schweizer Tourismus liegt ab 1. Juni in der Verantwortung von Yamuna Betschart.","og_url":"https:\/\/www.werbewoche.ch\/de\/marketing\/2022-05-13\/schweiz-tourismus-yamuna-betschart-uebernimmt-leitung-des-heimmarktes\/","og_site_name":"Organisator","article_publisher":"https:\/\/www.facebook.com\/OrganisatorFachmagazin","article_published_time":"2022-05-13T14:59:44+00:00","article_modified_time":"2022-08-01T12:02:06+00:00","og_image":[{"url":"https:\/\/www.werbewoche.ch\/wp-content\/uploads\/2022\/05\/Betschart-Yamuna-683x1024.jpg","type":"","width":"","height":""}],"author":"galledia","twitter_card":"summary_large_image","twitter_creator":"@admin","schema":{"@context":"https:\/\/schema.org","@graph":[{"@type":"Article","@id":"https:\/\/www.werbewoche.ch\/de\/marketing\/2022-05-13\/schweiz-tourismus-yamuna-betschart-uebernimmt-leitung-des-heimmarktes\/#article","isPartOf":{"@id":"https:\/\/www.organisator.ch\/marketing\/2022-05-13\/schweiz-tourismus-yamuna-betschart-uebernimmt-leitung-des-heimmarktes\/"},"author":{"name":"galledia","@id":"https:\/\/www.organisator.ch\/#\/schema\/person\/4e51799071cd2dd1232ac003643ef5f0"},"headline":"Schweiz Tourismus: Yamuna Betschart \u00fcbernimmt Leitung des Heimmarktes","datePublished":"2022-05-13T14:59:44+00:00","dateModified":"2022-08-01T12:02:06+00:00","mainEntityOfPage":{"@id":"https:\/\/www.organisator.ch\/marketing\/2022-05-13\/schweiz-tourismus-yamuna-betschart-uebernimmt-leitung-des-heimmarktes\/"},"wordCount":201,"publisher":{"@id":"https:\/\/www.organisator.ch\/#organization"},"image":{"@id":"https:\/\/www.werbewoche.ch\/de\/marketing\/2022-05-13\/schweiz-tourismus-yamuna-betschart-uebernimmt-leitung-des-heimmarktes\/#primaryimage"},"thumbnailUrl":"https:\/\/www.werbewoche.ch\/wp-content\/uploads\/2022\/05\/Betschart-Yamuna-683x1024.jpg","keywords":["Jobchange","Schweiz Tourismus","Yamuna"],"articleSection":["MARKETING"],"inLanguage":"de"},{"@type":"WebPage","@id":"https:\/\/www.organisator.ch\/marketing\/2022-05-13\/schweiz-tourismus-yamuna-betschart-uebernimmt-leitung-des-heimmarktes\/","url":"https:\/\/www.werbewoche.ch\/de\/marketing\/2022-05-13\/schweiz-tourismus-yamuna-betschart-uebernimmt-leitung-des-heimmarktes\/","name":"Schweiz Tourismus: Yamuna Betschart \u00fcbernimmt Leitung des Heimmarktes - Organisator","isPartOf":{"@id":"https:\/\/www.organisator.ch\/#website"},"primaryImageOfPage":{"@id":"https:\/\/www.werbewoche.ch\/de\/marketing\/2022-05-13\/schweiz-tourismus-yamuna-betschart-uebernimmt-leitung-des-heimmarktes\/#primaryimage"},"image":{"@id":"https:\/\/www.werbewoche.ch\/de\/marketing\/2022-05-13\/schweiz-tourismus-yamuna-betschart-uebernimmt-leitung-des-heimmarktes\/#primaryimage"},"thumbnailUrl":"https:\/\/www.werbewoche.ch\/wp-content\/uploads\/2022\/05\/Betschart-Yamuna-683x1024.jpg","datePublished":"2022-05-13T14:59:44+00:00","dateModified":"2022-08-01T12:02:06+00:00","description":"Der gemessen an Hotellogiern\u00e4chten gr\u00f6sste Markt f\u00fcr den Schweizer Tourismus liegt ab 1. Juni in der Verantwortung von Yamuna Betschart.","breadcrumb":{"@id":"https:\/\/www.werbewoche.ch\/de\/marketing\/2022-05-13\/schweiz-tourismus-yamuna-betschart-uebernimmt-leitung-des-heimmarktes\/#breadcrumb"},"inLanguage":"de","potentialAction":[{"@type":"ReadAction","target":["https:\/\/www.werbewoche.ch\/de\/marketing\/2022-05-13\/schweiz-tourismus-yamuna-betschart-uebernimmt-leitung-des-heimmarktes\/"]}]},{"@type":"ImageObject","inLanguage":"de","@id":"https:\/\/www.werbewoche.ch\/de\/marketing\/2022-05-13\/schweiz-tourismus-yamuna-betschart-uebernimmt-leitung-des-heimmarktes\/#primaryimage","url":"https:\/\/www.werbewoche.ch\/wp-content\/uploads\/2022\/05\/Betschart-Yamuna-683x1024.jpg","contentUrl":"https:\/\/www.werbewoche.ch\/wp-content\/uploads\/2022\/05\/Betschart-Yamuna-683x1024.jpg"},{"@type":"BreadcrumbList","@id":"https:\/\/www.werbewoche.ch\/de\/marketing\/2022-05-13\/schweiz-tourismus-yamuna-betschart-uebernimmt-leitung-des-heimmarktes\/#breadcrumb","itemListElement":[{"@type":"ListItem","position":1,"name":"Home","item":"https:\/\/www.organisator.ch\/"},{"@type":"ListItem","position":2,"name":"Schweiz Tourismus: Yamuna Betschart \u00fcbernimmt Leitung des Heimmarktes"}]},{"@type":"WebSite","@id":"https:\/\/www.organisator.ch\/#website","url":"https:\/\/www.organisator.ch\/","name":"Organisator","description":"Kompetent. Praxisnah. Der ORGANISATOR bereitet in 10 Ausgaben pro Jahr die wesentlichen Themen f\u00fcr F\u00fchrungskr\u00e4fte von KMU auf.","publisher":{"@id":"https:\/\/www.organisator.ch\/#organization"},"potentialAction":[{"@type":"SearchAction","target":{"@type":"EntryPoint","urlTemplate":"https:\/\/www.organisator.ch\/?s={search_term_string}"},"query-input":{"@type":"PropertyValueSpecification","valueRequired":true,"valueName":"search_term_string"}}],"inLanguage":"de"},{"@type":"Organization","@id":"https:\/\/www.organisator.ch\/#organization","name":"Organisator","url":"https:\/\/www.organisator.ch\/","logo":{"@type":"ImageObject","inLanguage":"de","@id":"https:\/\/www.organisator.ch\/#\/schema\/logo\/image\/","url":"https:\/\/www.organisator.ch\/wp-content\/uploads\/2022\/01\/Logo_Organisator_Website.png","contentUrl":"https:\/\/www.organisator.ch\/wp-content\/uploads\/2022\/01\/Logo_Organisator_Website.png","width":800,"height":77,"caption":"Organisator"},"image":{"@id":"https:\/\/www.organisator.ch\/#\/schema\/logo\/image\/"},"sameAs":["https:\/\/www.facebook.com\/OrganisatorFachmagazin","https:\/\/www.linkedin.com\/showcase\/organisator-das-magazin-fr-kmu","https:\/\/www.xing.com\/news\/pages\/organisator-ch-695","https:\/\/www.youtube.com\/channel\/UCGP2Sq0iWaZwT3BdIAQFYpw"]},{"@type":"Person","@id":"https:\/\/www.organisator.ch\/#\/schema\/person\/4e51799071cd2dd1232ac003643ef5f0","name":"galledia","image":{"@type":"ImageObject","inLanguage":"de","@id":"https:\/\/secure.gravatar.com\/avatar\/78a7f90c01fc2bfc875782a0d4922b37cde2cf184ce347b91316d23cd7f69a36?s=96&d=mm&r=g","url":"https:\/\/secure.gravatar.com\/avatar\/78a7f90c01fc2bfc875782a0d4922b37cde2cf184ce347b91316d23cd7f69a36?s=96&d=mm&r=g","contentUrl":"https:\/\/secure.gravatar.com\/avatar\/78a7f90c01fc2bfc875782a0d4922b37cde2cf184ce347b91316d23cd7f69a36?s=96&d=mm&r=g","caption":"galledia"},"sameAs":["https:\/\/x.com\/admin"],"url":"https:\/\/www.organisator.ch\/de\/author\/galledia\/"}]}},"_links":{"self":[{"href":"https:\/\/www.organisator.ch\/de\/wp-json\/wp\/v2\/posts\/12874","targetHints":{"allow":["GET"]}}],"collection":[{"href":"https:\/\/www.organisator.ch\/de\/wp-json\/wp\/v2\/posts"}],"about":[{"href":"https:\/\/www.organisator.ch\/de\/wp-json\/wp\/v2\/types\/post"}],"author":[{"embeddable":true,"href":"https:\/\/www.organisator.ch\/de\/wp-json\/wp\/v2\/users\/8"}],"replies":[{"embeddable":true,"href":"https:\/\/www.organisator.ch\/de\/wp-json\/wp\/v2\/comments?post=12874"}],"version-history":[{"count":6,"href":"https:\/\/www.organisator.ch\/de\/wp-json\/wp\/v2\/posts\/12874\/revisions"}],"predecessor-version":[{"id":16055,"href":"https:\/\/www.organisator.ch\/de\/wp-json\/wp\/v2\/posts\/12874\/revisions\/16055"}],"wp:attachment":[{"href":"https:\/\/www.organisator.ch\/de\/wp-json\/wp\/v2\/media?parent=12874"}],"wp:term":[{"taxonomy":"category","embeddable":true,"href":"https:\/\/www.organisator.ch\/de\/wp-json\/wp\/v2\/categories?post=12874"},{"taxonomy":"post_tag","embeddable":true,"href":"https:\/\/www.organisator.ch\/de\/wp-json\/wp\/v2\/tags?post=12874"}],"curies":[{"name":"wp","href":"https:\/\/api.w.org\/{rel}","templated":true}]}}