{"id":12881,"date":"2022-05-16T08:47:13","date_gmt":"2022-05-16T06:47:13","guid":{"rendered":"https:\/\/www.organisator.ch\/?p=12881"},"modified":"2022-05-16T08:47:13","modified_gmt":"2022-05-16T06:47:13","slug":"e-cargobikes-zentralschweizer-betriebe-erhalten-unterstuetzung","status":"publish","type":"post","link":"https:\/\/www.organisator.ch\/de\/sustainability\/2022-05-16\/e-cargobikes-zentralschweizer-betriebe-erhalten-unterstuetzung\/","title":{"rendered":"E-Cargobikes: Zentralschweizer Betriebe erhalten Unterst\u00fctzung"},"content":{"rendered":"<figure id=\"attachment_12882\" aria-describedby=\"caption-attachment-12882\" style=\"width: 680px\" class=\"wp-caption alignnone\"><img loading=\"lazy\" decoding=\"async\" class=\"size-full wp-image-12882\" src=\"https:\/\/www.organisator.ch\/wp-content\/uploads\/2022\/05\/E-Cargobikes-Zentralschweizer-Betriebe-erhalten-Unterstuetzung_Organisator.jpg\" alt=\"\" width=\"680\" height=\"454\" srcset=\"https:\/\/www.organisator.ch\/wp-content\/uploads\/2022\/05\/E-Cargobikes-Zentralschweizer-Betriebe-erhalten-Unterstuetzung_Organisator.jpg 680w, https:\/\/www.organisator.ch\/wp-content\/uploads\/2022\/05\/E-Cargobikes-Zentralschweizer-Betriebe-erhalten-Unterstuetzung_Organisator-18x12.jpg 18w, https:\/\/www.organisator.ch\/wp-content\/uploads\/2022\/05\/E-Cargobikes-Zentralschweizer-Betriebe-erhalten-Unterstuetzung_Organisator-262x175.jpg 262w, https:\/\/www.organisator.ch\/wp-content\/uploads\/2022\/05\/E-Cargobikes-Zentralschweizer-Betriebe-erhalten-Unterstuetzung_Organisator-524x350.jpg 524w, https:\/\/www.organisator.ch\/wp-content\/uploads\/2022\/05\/E-Cargobikes-Zentralschweizer-Betriebe-erhalten-Unterstuetzung_Organisator-300x200.jpg 300w\" sizes=\"auto, (max-width: 680px) 100vw, 680px\" \/><figcaption id=\"caption-attachment-12882\" class=\"wp-caption-text\">Mit dem neuen E-Cargobike samt Anh\u00e4nger ist Sascha Zbinden rascher bei seinen Kunden und zur\u00fcck in seiner Werkstatt. (Foto: Marcel Kaufmann \/ zVg AKS)<\/figcaption><\/figure>\n<p>Die 1997 gegr\u00fcndete Albert Koechlin Stiftung (AKS) unterst\u00fctzt in der Zentralschweiz regelm\u00e4ssig nachhaltige Projekte in den Bereichen Soziales, Bildung, Kultur, Wirtschaft und Umwelt. Dabei steht gem\u00e4ss Stiftungszweck immer das Gemeinwohl im Zentrum. Aktuell unterst\u00fctzt die Stiftung im Rahmen des Projekts \u00abclever unterwegs\u00bb Betriebe, die mit der Anschaffung eines E-Cargobikes ihre Logistik nachhaltig ver\u00e4ndern wollen. Innerschweizer Betrieben steht daf\u00fcr eine limitierte Anzahl verschiedener Modelle von E-Cargobikes oder Anh\u00e4ngern zur Wahl. Interessierte Unternehmen k\u00f6nnen sich ab sofort online unter cleverunterwegs.ch\/e-cargobike informieren und bewerben. Das aktuelle Bewerbungsfenster ist offen, bis alle in diesem Jahr zur Verf\u00fcgung stehenden E-Cargobikes vergeben sind. Ein n\u00e4chstes Bewerbungsfenster ist im Fr\u00fchjahr 2023 geplant.<\/p>\n<h3>Stiftung \u00fcbernimmt 60 Prozent der Anschaffungskosten<\/h3>\n<p>Die Integration von E-Cargobikes bedingt Umstellungen im Betriebsalltag sowie Vorinvestitionen. Dank der finanziellen Unterst\u00fctzung der AKS wird der Kauf eines E-Cargobikes trag- und finanzierbar. Betriebe, die bisher mit dem Auto oder Transporter durchgef\u00fchrte Fahrten neu mit einem E-Cargobike ersetzen wollen, erhalten von der Stiftung eine finanzielle Unterst\u00fctzung in der H\u00f6he von 60 Prozent der Anschaffungskosten. Zum Gesamtpaket geh\u00f6ren neben der Anschaffung ein erster Service nach einem Jahr sowie die passende Beschriftung.<\/p>\n<p>Betriebe, deren Bewerbung ber\u00fccksichtigt wird, k\u00f6nnen sich jeweils durch den Fachh\u00e4ndler Velociped in Kriens beraten lassen, die zur Verf\u00fcgung stehenden Modelle besichtigen und testfahren. Nach der Wahl des passenden Modells wird in Absprache mit dem Betrieb die Beschriftung realisiert, so dass die Betriebe noch in diesem Sommer ihr E-Cargobike entgegennehmen k\u00f6nnen.<\/p>\n<h3>E-Cargobikes: Vorteile \u00fcber kurze Distanzen<\/h3>\n<p>Der Einsatz eines E-Cargobikes hat f\u00fcr Betriebe viele Vorteile. Bei Fahrten im innerst\u00e4dtischen Bereich bis zu 3 Kilometer Distanz ist das E-Cargobike schneller als Autos oder Lieferwagen. Damit erreichen Betriebe ihre Kunden oder Filialen rascher und effizienter, ohne im Stau oder bei der Parkplatzsuche Zeit zu verlieren. Zudem kann der Einsatz von E-Cargobikes das Engagement f\u00fcr den Klimaschutz ins Zentrum r\u00fccken. Allerdings haben bisher nur wenige Betriebe diese Vorteile f\u00fcr sich entdeckt und die Anschaffung eines E-Cargobikes gewagt. Gem\u00e4ss Projektleiter Andreas Merz will die Albert Koechlin Stiftung mit ihrem Engagement diese H\u00fcrde abbauen und dem E-Cargobike zum Durchbruch verhelfen: \u00abDamit erschliessen wir Betrieben eine zus\u00e4tzliche, nachhaltige Mobilit\u00e4tsform, die sich in der privaten Mobilit\u00e4t von Familien l\u00e4ngst etabliert hat.\u00bb<\/p>\n<h3>Erfolgreiche Umsetzung mit Pilotbetrieben<\/h3>\n<p>Gemeinsam mit Feinwerk und El Imposible Roasters konnte die AKS bereits die ersten zwei E-Cargobikes beziehungsweise Anh\u00e4nger im Rahmen eines Pilotprojekts in Betrieb nehmen. F\u00fcr das Team von Feinwerk geht gem\u00e4ss Inhaber Sacha Zbinden damit ein lang ersehnter Traum in Erf\u00fcllung: \u00abDa wir oft im Zentrum von Luzern t\u00e4tig sind, sind wir mit dem E-Cargobike samt Anh\u00e4nger nun rascher und unkomplizierter beim Kunden und wieder zur\u00fcck in der Werkstatt.\u00bb<\/p>\n<p>Auch f\u00fcr Mario Waldisp\u00fchl, Mitinhaber der Horwer R\u00f6sterei El Imposible Roasters und Gastronom, bietet der neue Anh\u00e4nger viele Vorteile: \u00abMit dem grossen Anh\u00e4nger k\u00f6nnen wir die Kaffeeauslieferung effizienter abwickeln und zuk\u00fcnftig zudem in der Umgebung an Anl\u00e4sse fahren und direkt vom Anh\u00e4nger Kaffee ausschenken. Damit k\u00f6nnen wir einen weiteren Schritt hin zu einem nachhaltigen Kaffeegenuss machen.\u00bb<\/p>\n<p><em>Weitere Informationen: <a href=\"https:\/\/www.cleverunterwegs.ch\/veloverkehr\/e-cargobike\">cleverunterwegs.ch\/e-cargobike<\/a><\/em><\/p>\n","protected":false},"excerpt":{"rendered":"<p>Die 1997 gegr\u00fcndete Albert Koechlin Stiftung (AKS) unterst\u00fctzt in der Zentralschweiz regelm\u00e4ssig nachhaltige Projekte in den Bereichen Soziales, Bildung, Kultur, Wirtschaft und Umwelt. Dabei steht gem\u00e4ss Stiftungszweck immer das Gemeinwohl im Zentrum. Aktuell unterst\u00fctzt die Stiftung im Rahmen des Projekts \u00abclever unterwegs\u00bb Betriebe, die mit der Anschaffung eines E-Cargobikes ihre Logistik nachhaltig ver\u00e4ndern wollen. Innerschweizer [&hellip;]<\/p>\n","protected":false},"author":4,"featured_media":12882,"comment_status":"closed","ping_status":"closed","sticky":false,"template":"","format":"standard","meta":{"_acf_changed":false,"_yoast_wpseo_focuskw":"E-Cargobikes","_yoast_wpseo_metadesc":"Die Albert Koechlin Stiftung unterst\u00fctzt in der Innerschweiz Betriebe bei der Anschaffung eines E-Cargobikes.","articlekey":"","footnotes":""},"categories":[580],"tags":[328,358,1775,2856],"class_list":["post-12881","post","type-post","status-publish","format-standard","has-post-thumbnail","hentry","category-sustainability","tag-logistik","tag-nachhaltige-wirtschaft","tag-nachhaltiger-verkehr","tag-zentralschweiz"],"acf":[],"yoast_head":"<!-- This site is optimized with the Yoast SEO plugin v27.5 - https:\/\/yoast.com\/product\/yoast-seo-wordpress\/ -->\n<title>E-Cargobikes: Zentralschweizer Betriebe erhalten Unterst\u00fctzung - Organisator<\/title>\n<meta name=\"description\" content=\"Die Albert Koechlin Stiftung unterst\u00fctzt in der Innerschweiz Betriebe bei der Anschaffung eines E-Cargobikes.\" \/>\n<meta name=\"robots\" content=\"index, follow, max-snippet:-1, max-image-preview:large, max-video-preview:-1\" \/>\n<link rel=\"canonical\" href=\"https:\/\/www.organisator.ch\/de\/sustainability\/2022-05-16\/e-cargobikes-zentralschweizer-betriebe-erhalten-unterstuetzung\/\" \/>\n<meta property=\"og:locale\" content=\"de_DE\" \/>\n<meta property=\"og:type\" content=\"article\" \/>\n<meta property=\"og:title\" content=\"E-Cargobikes: Zentralschweizer Betriebe erhalten Unterst\u00fctzung\" \/>\n<meta property=\"og:description\" content=\"Die Albert Koechlin Stiftung unterst\u00fctzt in der Innerschweiz Betriebe bei der Anschaffung eines E-Cargobikes.\" \/>\n<meta property=\"og:url\" content=\"https:\/\/www.organisator.ch\/de\/sustainability\/2022-05-16\/e-cargobikes-zentralschweizer-betriebe-erhalten-unterstuetzung\/\" \/>\n<meta property=\"og:site_name\" content=\"Organisator\" \/>\n<meta property=\"article:publisher\" content=\"https:\/\/www.facebook.com\/OrganisatorFachmagazin\" \/>\n<meta property=\"article:published_time\" content=\"2022-05-16T06:47:13+00:00\" \/>\n<meta property=\"og:image\" content=\"https:\/\/www.organisator.ch\/wp-content\/uploads\/2022\/05\/E-Cargobikes-Zentralschweizer-Betriebe-erhalten-Unterstuetzung_Organisator.jpg\" \/>\n\t<meta property=\"og:image:width\" content=\"680\" \/>\n\t<meta property=\"og:image:height\" content=\"454\" \/>\n\t<meta property=\"og:image:type\" content=\"image\/jpeg\" \/>\n<meta name=\"author\" content=\"thomas.berner\" \/>\n<meta name=\"twitter:card\" content=\"summary_large_image\" \/>\n<meta name=\"twitter:title\" content=\"#E-Cargobikes: Zentralschweizer Betriebe erhalten #Unterst\u00fctzung\" \/>\n<meta name=\"twitter:description\" content=\"Die Albert Koechlin Stiftung #AKS unterst\u00fctzt in der Innerschweiz Betriebe bei der Anschaffung eines #E-Cargobikes.\" \/>\n<meta name=\"twitter:image\" content=\"https:\/\/www.organisator.ch\/wp-content\/uploads\/2022\/05\/E-Cargobikes-Zentralschweizer-Betriebe-erhalten-Unterstuetzung_Organisator.jpg\" \/>\n<script type=\"application\/ld+json\" class=\"yoast-schema-graph\">{\"@context\":\"https:\\\/\\\/schema.org\",\"@graph\":[{\"@type\":\"Article\",\"@id\":\"https:\\\/\\\/www.organisator.ch\\\/sustainability\\\/2022-05-16\\\/e-cargobikes-zentralschweizer-betriebe-erhalten-unterstuetzung\\\/#article\",\"isPartOf\":{\"@id\":\"https:\\\/\\\/www.organisator.ch\\\/sustainability\\\/2022-05-16\\\/e-cargobikes-zentralschweizer-betriebe-erhalten-unterstuetzung\\\/\"},\"author\":{\"name\":\"thomas.berner\",\"@id\":\"https:\\\/\\\/www.organisator.ch\\\/#\\\/schema\\\/person\\\/6f650f90b2842cd4c0cc334b4e36f67e\"},\"headline\":\"E-Cargobikes: Zentralschweizer Betriebe erhalten Unterst\u00fctzung\",\"datePublished\":\"2022-05-16T06:47:13+00:00\",\"mainEntityOfPage\":{\"@id\":\"https:\\\/\\\/www.organisator.ch\\\/sustainability\\\/2022-05-16\\\/e-cargobikes-zentralschweizer-betriebe-erhalten-unterstuetzung\\\/\"},\"wordCount\":575,\"publisher\":{\"@id\":\"https:\\\/\\\/www.organisator.ch\\\/#organization\"},\"image\":{\"@id\":\"https:\\\/\\\/www.organisator.ch\\\/sustainability\\\/2022-05-16\\\/e-cargobikes-zentralschweizer-betriebe-erhalten-unterstuetzung\\\/#primaryimage\"},\"thumbnailUrl\":\"https:\\\/\\\/www.organisator.ch\\\/wp-content\\\/uploads\\\/2022\\\/05\\\/E-Cargobikes-Zentralschweizer-Betriebe-erhalten-Unterstuetzung_Organisator.jpg\",\"keywords\":[\"Logistik\",\"Nachhaltige Wirtschaft\",\"Nachhaltiger Verkehr\",\"Zentralschweiz\"],\"articleSection\":[\"SUSTAINABILITY\"],\"inLanguage\":\"de\"},{\"@type\":\"WebPage\",\"@id\":\"https:\\\/\\\/www.organisator.ch\\\/sustainability\\\/2022-05-16\\\/e-cargobikes-zentralschweizer-betriebe-erhalten-unterstuetzung\\\/\",\"url\":\"https:\\\/\\\/www.organisator.ch\\\/sustainability\\\/2022-05-16\\\/e-cargobikes-zentralschweizer-betriebe-erhalten-unterstuetzung\\\/\",\"name\":\"E-Cargobikes: Zentralschweizer Betriebe erhalten Unterst\u00fctzung - Organisator\",\"isPartOf\":{\"@id\":\"https:\\\/\\\/www.organisator.ch\\\/#website\"},\"primaryImageOfPage\":{\"@id\":\"https:\\\/\\\/www.organisator.ch\\\/sustainability\\\/2022-05-16\\\/e-cargobikes-zentralschweizer-betriebe-erhalten-unterstuetzung\\\/#primaryimage\"},\"image\":{\"@id\":\"https:\\\/\\\/www.organisator.ch\\\/sustainability\\\/2022-05-16\\\/e-cargobikes-zentralschweizer-betriebe-erhalten-unterstuetzung\\\/#primaryimage\"},\"thumbnailUrl\":\"https:\\\/\\\/www.organisator.ch\\\/wp-content\\\/uploads\\\/2022\\\/05\\\/E-Cargobikes-Zentralschweizer-Betriebe-erhalten-Unterstuetzung_Organisator.jpg\",\"datePublished\":\"2022-05-16T06:47:13+00:00\",\"description\":\"Die Albert Koechlin Stiftung unterst\u00fctzt in der Innerschweiz Betriebe bei der Anschaffung eines E-Cargobikes.\",\"breadcrumb\":{\"@id\":\"https:\\\/\\\/www.organisator.ch\\\/sustainability\\\/2022-05-16\\\/e-cargobikes-zentralschweizer-betriebe-erhalten-unterstuetzung\\\/#breadcrumb\"},\"inLanguage\":\"de\",\"potentialAction\":[{\"@type\":\"ReadAction\",\"target\":[\"https:\\\/\\\/www.organisator.ch\\\/sustainability\\\/2022-05-16\\\/e-cargobikes-zentralschweizer-betriebe-erhalten-unterstuetzung\\\/\"]}]},{\"@type\":\"ImageObject\",\"inLanguage\":\"de\",\"@id\":\"https:\\\/\\\/www.organisator.ch\\\/sustainability\\\/2022-05-16\\\/e-cargobikes-zentralschweizer-betriebe-erhalten-unterstuetzung\\\/#primaryimage\",\"url\":\"https:\\\/\\\/www.organisator.ch\\\/wp-content\\\/uploads\\\/2022\\\/05\\\/E-Cargobikes-Zentralschweizer-Betriebe-erhalten-Unterstuetzung_Organisator.jpg\",\"contentUrl\":\"https:\\\/\\\/www.organisator.ch\\\/wp-content\\\/uploads\\\/2022\\\/05\\\/E-Cargobikes-Zentralschweizer-Betriebe-erhalten-Unterstuetzung_Organisator.jpg\",\"width\":680,\"height\":454,\"caption\":\"Mit dem neuen E-Cargobike samt Anh\u00e4nger ist Sascha Zbinden rascher bei seinen Kunden und zur\u00fcck in seiner Werkstatt. (Foto: Marcel Kaufmann \\\/ zVg AKS)\"},{\"@type\":\"BreadcrumbList\",\"@id\":\"https:\\\/\\\/www.organisator.ch\\\/sustainability\\\/2022-05-16\\\/e-cargobikes-zentralschweizer-betriebe-erhalten-unterstuetzung\\\/#breadcrumb\",\"itemListElement\":[{\"@type\":\"ListItem\",\"position\":1,\"name\":\"Home\",\"item\":\"https:\\\/\\\/www.organisator.ch\\\/\"},{\"@type\":\"ListItem\",\"position\":2,\"name\":\"E-Cargobikes: Zentralschweizer Betriebe erhalten Unterst\u00fctzung\"}]},{\"@type\":\"WebSite\",\"@id\":\"https:\\\/\\\/www.organisator.ch\\\/#website\",\"url\":\"https:\\\/\\\/www.organisator.ch\\\/\",\"name\":\"Organisator\",\"description\":\"Kompetent. Praxisnah. Der ORGANISATOR bereitet in 10 Ausgaben pro Jahr die wesentlichen Themen f\u00fcr F\u00fchrungskr\u00e4fte von KMU auf.\",\"publisher\":{\"@id\":\"https:\\\/\\\/www.organisator.ch\\\/#organization\"},\"potentialAction\":[{\"@type\":\"SearchAction\",\"target\":{\"@type\":\"EntryPoint\",\"urlTemplate\":\"https:\\\/\\\/www.organisator.ch\\\/?s={search_term_string}\"},\"query-input\":{\"@type\":\"PropertyValueSpecification\",\"valueRequired\":true,\"valueName\":\"search_term_string\"}}],\"inLanguage\":\"de\"},{\"@type\":\"Organization\",\"@id\":\"https:\\\/\\\/www.organisator.ch\\\/#organization\",\"name\":\"Organisator\",\"url\":\"https:\\\/\\\/www.organisator.ch\\\/\",\"logo\":{\"@type\":\"ImageObject\",\"inLanguage\":\"de\",\"@id\":\"https:\\\/\\\/www.organisator.ch\\\/#\\\/schema\\\/logo\\\/image\\\/\",\"url\":\"https:\\\/\\\/www.organisator.ch\\\/wp-content\\\/uploads\\\/2022\\\/01\\\/Logo_Organisator_Website.png\",\"contentUrl\":\"https:\\\/\\\/www.organisator.ch\\\/wp-content\\\/uploads\\\/2022\\\/01\\\/Logo_Organisator_Website.png\",\"width\":800,\"height\":77,\"caption\":\"Organisator\"},\"image\":{\"@id\":\"https:\\\/\\\/www.organisator.ch\\\/#\\\/schema\\\/logo\\\/image\\\/\"},\"sameAs\":[\"https:\\\/\\\/www.facebook.com\\\/OrganisatorFachmagazin\",\"https:\\\/\\\/www.linkedin.com\\\/showcase\\\/organisator-das-magazin-fr-kmu\",\"https:\\\/\\\/www.xing.com\\\/news\\\/pages\\\/organisator-ch-695\",\"https:\\\/\\\/www.youtube.com\\\/channel\\\/UCGP2Sq0iWaZwT3BdIAQFYpw\"]},{\"@type\":\"Person\",\"@id\":\"https:\\\/\\\/www.organisator.ch\\\/#\\\/schema\\\/person\\\/6f650f90b2842cd4c0cc334b4e36f67e\",\"name\":\"thomas.berner\",\"image\":{\"@type\":\"ImageObject\",\"inLanguage\":\"de\",\"@id\":\"https:\\\/\\\/secure.gravatar.com\\\/avatar\\\/ac5001d2a36cb6c6cd3e50789007ffca834b477b74a2144564522e944eabff61?s=96&d=mm&r=g\",\"url\":\"https:\\\/\\\/secure.gravatar.com\\\/avatar\\\/ac5001d2a36cb6c6cd3e50789007ffca834b477b74a2144564522e944eabff61?s=96&d=mm&r=g\",\"contentUrl\":\"https:\\\/\\\/secure.gravatar.com\\\/avatar\\\/ac5001d2a36cb6c6cd3e50789007ffca834b477b74a2144564522e944eabff61?s=96&d=mm&r=g\",\"caption\":\"thomas.berner\"},\"url\":\"https:\\\/\\\/www.organisator.ch\\\/de\\\/author\\\/thomas-berner\\\/\"}]}<\/script>\n<!-- \/ Yoast SEO plugin. -->","yoast_head_json":{"title":"E-Cargobikes: Zentralschweizer Betriebe erhalten Unterst\u00fctzung - Organisator","description":"Die Albert Koechlin Stiftung unterst\u00fctzt in der Innerschweiz Betriebe bei der Anschaffung eines E-Cargobikes.","robots":{"index":"index","follow":"follow","max-snippet":"max-snippet:-1","max-image-preview":"max-image-preview:large","max-video-preview":"max-video-preview:-1"},"canonical":"https:\/\/www.organisator.ch\/de\/sustainability\/2022-05-16\/e-cargobikes-zentralschweizer-betriebe-erhalten-unterstuetzung\/","og_locale":"de_DE","og_type":"article","og_title":"E-Cargobikes: Zentralschweizer Betriebe erhalten Unterst\u00fctzung","og_description":"Die Albert Koechlin Stiftung unterst\u00fctzt in der Innerschweiz Betriebe bei der Anschaffung eines E-Cargobikes.","og_url":"https:\/\/www.organisator.ch\/de\/sustainability\/2022-05-16\/e-cargobikes-zentralschweizer-betriebe-erhalten-unterstuetzung\/","og_site_name":"Organisator","article_publisher":"https:\/\/www.facebook.com\/OrganisatorFachmagazin","article_published_time":"2022-05-16T06:47:13+00:00","og_image":[{"width":680,"height":454,"url":"https:\/\/www.organisator.ch\/wp-content\/uploads\/2022\/05\/E-Cargobikes-Zentralschweizer-Betriebe-erhalten-Unterstuetzung_Organisator.jpg","type":"image\/jpeg"}],"author":"thomas.berner","twitter_card":"summary_large_image","twitter_title":"#E-Cargobikes: Zentralschweizer Betriebe erhalten #Unterst\u00fctzung","twitter_description":"Die Albert Koechlin Stiftung #AKS unterst\u00fctzt in der Innerschweiz Betriebe bei der Anschaffung eines #E-Cargobikes.","twitter_image":"https:\/\/www.organisator.ch\/wp-content\/uploads\/2022\/05\/E-Cargobikes-Zentralschweizer-Betriebe-erhalten-Unterstuetzung_Organisator.jpg","schema":{"@context":"https:\/\/schema.org","@graph":[{"@type":"Article","@id":"https:\/\/www.organisator.ch\/sustainability\/2022-05-16\/e-cargobikes-zentralschweizer-betriebe-erhalten-unterstuetzung\/#article","isPartOf":{"@id":"https:\/\/www.organisator.ch\/sustainability\/2022-05-16\/e-cargobikes-zentralschweizer-betriebe-erhalten-unterstuetzung\/"},"author":{"name":"thomas.berner","@id":"https:\/\/www.organisator.ch\/#\/schema\/person\/6f650f90b2842cd4c0cc334b4e36f67e"},"headline":"E-Cargobikes: Zentralschweizer Betriebe erhalten Unterst\u00fctzung","datePublished":"2022-05-16T06:47:13+00:00","mainEntityOfPage":{"@id":"https:\/\/www.organisator.ch\/sustainability\/2022-05-16\/e-cargobikes-zentralschweizer-betriebe-erhalten-unterstuetzung\/"},"wordCount":575,"publisher":{"@id":"https:\/\/www.organisator.ch\/#organization"},"image":{"@id":"https:\/\/www.organisator.ch\/sustainability\/2022-05-16\/e-cargobikes-zentralschweizer-betriebe-erhalten-unterstuetzung\/#primaryimage"},"thumbnailUrl":"https:\/\/www.organisator.ch\/wp-content\/uploads\/2022\/05\/E-Cargobikes-Zentralschweizer-Betriebe-erhalten-Unterstuetzung_Organisator.jpg","keywords":["Logistik","Nachhaltige Wirtschaft","Nachhaltiger Verkehr","Zentralschweiz"],"articleSection":["SUSTAINABILITY"],"inLanguage":"de"},{"@type":"WebPage","@id":"https:\/\/www.organisator.ch\/sustainability\/2022-05-16\/e-cargobikes-zentralschweizer-betriebe-erhalten-unterstuetzung\/","url":"https:\/\/www.organisator.ch\/sustainability\/2022-05-16\/e-cargobikes-zentralschweizer-betriebe-erhalten-unterstuetzung\/","name":"E-Cargobikes: Zentralschweizer Betriebe erhalten Unterst\u00fctzung - Organisator","isPartOf":{"@id":"https:\/\/www.organisator.ch\/#website"},"primaryImageOfPage":{"@id":"https:\/\/www.organisator.ch\/sustainability\/2022-05-16\/e-cargobikes-zentralschweizer-betriebe-erhalten-unterstuetzung\/#primaryimage"},"image":{"@id":"https:\/\/www.organisator.ch\/sustainability\/2022-05-16\/e-cargobikes-zentralschweizer-betriebe-erhalten-unterstuetzung\/#primaryimage"},"thumbnailUrl":"https:\/\/www.organisator.ch\/wp-content\/uploads\/2022\/05\/E-Cargobikes-Zentralschweizer-Betriebe-erhalten-Unterstuetzung_Organisator.jpg","datePublished":"2022-05-16T06:47:13+00:00","description":"Die Albert Koechlin Stiftung unterst\u00fctzt in der Innerschweiz Betriebe bei der Anschaffung eines E-Cargobikes.","breadcrumb":{"@id":"https:\/\/www.organisator.ch\/sustainability\/2022-05-16\/e-cargobikes-zentralschweizer-betriebe-erhalten-unterstuetzung\/#breadcrumb"},"inLanguage":"de","potentialAction":[{"@type":"ReadAction","target":["https:\/\/www.organisator.ch\/sustainability\/2022-05-16\/e-cargobikes-zentralschweizer-betriebe-erhalten-unterstuetzung\/"]}]},{"@type":"ImageObject","inLanguage":"de","@id":"https:\/\/www.organisator.ch\/sustainability\/2022-05-16\/e-cargobikes-zentralschweizer-betriebe-erhalten-unterstuetzung\/#primaryimage","url":"https:\/\/www.organisator.ch\/wp-content\/uploads\/2022\/05\/E-Cargobikes-Zentralschweizer-Betriebe-erhalten-Unterstuetzung_Organisator.jpg","contentUrl":"https:\/\/www.organisator.ch\/wp-content\/uploads\/2022\/05\/E-Cargobikes-Zentralschweizer-Betriebe-erhalten-Unterstuetzung_Organisator.jpg","width":680,"height":454,"caption":"Mit dem neuen E-Cargobike samt Anh\u00e4nger ist Sascha Zbinden rascher bei seinen Kunden und zur\u00fcck in seiner Werkstatt. (Foto: Marcel Kaufmann \/ zVg AKS)"},{"@type":"BreadcrumbList","@id":"https:\/\/www.organisator.ch\/sustainability\/2022-05-16\/e-cargobikes-zentralschweizer-betriebe-erhalten-unterstuetzung\/#breadcrumb","itemListElement":[{"@type":"ListItem","position":1,"name":"Home","item":"https:\/\/www.organisator.ch\/"},{"@type":"ListItem","position":2,"name":"E-Cargobikes: Zentralschweizer Betriebe erhalten Unterst\u00fctzung"}]},{"@type":"WebSite","@id":"https:\/\/www.organisator.ch\/#website","url":"https:\/\/www.organisator.ch\/","name":"Organisator","description":"Kompetent. Praxisnah. Der ORGANISATOR bereitet in 10 Ausgaben pro Jahr die wesentlichen Themen f\u00fcr F\u00fchrungskr\u00e4fte von KMU auf.","publisher":{"@id":"https:\/\/www.organisator.ch\/#organization"},"potentialAction":[{"@type":"SearchAction","target":{"@type":"EntryPoint","urlTemplate":"https:\/\/www.organisator.ch\/?s={search_term_string}"},"query-input":{"@type":"PropertyValueSpecification","valueRequired":true,"valueName":"search_term_string"}}],"inLanguage":"de"},{"@type":"Organization","@id":"https:\/\/www.organisator.ch\/#organization","name":"Organisator","url":"https:\/\/www.organisator.ch\/","logo":{"@type":"ImageObject","inLanguage":"de","@id":"https:\/\/www.organisator.ch\/#\/schema\/logo\/image\/","url":"https:\/\/www.organisator.ch\/wp-content\/uploads\/2022\/01\/Logo_Organisator_Website.png","contentUrl":"https:\/\/www.organisator.ch\/wp-content\/uploads\/2022\/01\/Logo_Organisator_Website.png","width":800,"height":77,"caption":"Organisator"},"image":{"@id":"https:\/\/www.organisator.ch\/#\/schema\/logo\/image\/"},"sameAs":["https:\/\/www.facebook.com\/OrganisatorFachmagazin","https:\/\/www.linkedin.com\/showcase\/organisator-das-magazin-fr-kmu","https:\/\/www.xing.com\/news\/pages\/organisator-ch-695","https:\/\/www.youtube.com\/channel\/UCGP2Sq0iWaZwT3BdIAQFYpw"]},{"@type":"Person","@id":"https:\/\/www.organisator.ch\/#\/schema\/person\/6f650f90b2842cd4c0cc334b4e36f67e","name":"thomas.berner","image":{"@type":"ImageObject","inLanguage":"de","@id":"https:\/\/secure.gravatar.com\/avatar\/ac5001d2a36cb6c6cd3e50789007ffca834b477b74a2144564522e944eabff61?s=96&d=mm&r=g","url":"https:\/\/secure.gravatar.com\/avatar\/ac5001d2a36cb6c6cd3e50789007ffca834b477b74a2144564522e944eabff61?s=96&d=mm&r=g","contentUrl":"https:\/\/secure.gravatar.com\/avatar\/ac5001d2a36cb6c6cd3e50789007ffca834b477b74a2144564522e944eabff61?s=96&d=mm&r=g","caption":"thomas.berner"},"url":"https:\/\/www.organisator.ch\/de\/author\/thomas-berner\/"}]}},"_links":{"self":[{"href":"https:\/\/www.organisator.ch\/de\/wp-json\/wp\/v2\/posts\/12881","targetHints":{"allow":["GET"]}}],"collection":[{"href":"https:\/\/www.organisator.ch\/de\/wp-json\/wp\/v2\/posts"}],"about":[{"href":"https:\/\/www.organisator.ch\/de\/wp-json\/wp\/v2\/types\/post"}],"author":[{"embeddable":true,"href":"https:\/\/www.organisator.ch\/de\/wp-json\/wp\/v2\/users\/4"}],"replies":[{"embeddable":true,"href":"https:\/\/www.organisator.ch\/de\/wp-json\/wp\/v2\/comments?post=12881"}],"version-history":[{"count":3,"href":"https:\/\/www.organisator.ch\/de\/wp-json\/wp\/v2\/posts\/12881\/revisions"}],"predecessor-version":[{"id":12954,"href":"https:\/\/www.organisator.ch\/de\/wp-json\/wp\/v2\/posts\/12881\/revisions\/12954"}],"wp:featuredmedia":[{"embeddable":true,"href":"https:\/\/www.organisator.ch\/de\/wp-json\/wp\/v2\/media\/12882"}],"wp:attachment":[{"href":"https:\/\/www.organisator.ch\/de\/wp-json\/wp\/v2\/media?parent=12881"}],"wp:term":[{"taxonomy":"category","embeddable":true,"href":"https:\/\/www.organisator.ch\/de\/wp-json\/wp\/v2\/categories?post=12881"},{"taxonomy":"post_tag","embeddable":true,"href":"https:\/\/www.organisator.ch\/de\/wp-json\/wp\/v2\/tags?post=12881"}],"curies":[{"name":"wp","href":"https:\/\/api.w.org\/{rel}","templated":true}]}}