{"id":12913,"date":"2022-05-17T15:39:16","date_gmt":"2022-05-17T13:39:16","guid":{"rendered":"https:\/\/www.m-q.ch\/?p=16358"},"modified":"2022-07-30T16:34:54","modified_gmt":"2022-07-30T14:34:54","slug":"digital-trust-label-waehlt-neues-expertenkomitee","status":"publish","type":"post","link":"https:\/\/www.organisator.ch\/de\/operational-excellence\/2022-05-17\/digital-trust-label-waehlt-neues-expertenkomitee\/","title":{"rendered":"Digital Trust Label w\u00e4hlt neues Expertenkomitee"},"content":{"rendered":"<figure id=\"attachment_16359\" class=\"wp-caption alignnone\" style=\"width: 680px\" aria-describedby=\"caption-attachment-16359\"><img class=\"alignnone wp-image-16359 size-full\" src=\"https:\/\/www.m-q.ch\/wp-content\/uploads\/2022\/05\/Digital-Trust-Label-waehlt-neues-Expertenkomitee_MQ.jpg\" alt=\"Digital Trust Label\" width=\"680\" height=\"593\" \/><figcaption id=\"caption-attachment-16359\" class=\"wp-caption-text\">Ein f\u00e4lschungssicherer QR-Code wird das Digital Trust Label noch sicherer machen. (Symbolbild; Pixabay.com)<\/figcaption><\/figure>\r\nDie Swiss Digital Initiative hat im Januar 2022 das Digital Trust Label lanciert (<a href=\"https:\/\/www.m-q.ch\/de\/die-swiss-digital-initiative-enthuellt-das-digital-trust-label\/\">wir berichteten dar\u00fcber<\/a>). Das Label zeigt die Vertrauensw\u00fcrdigkeit einer digitalen Anwendung wie einer Website oder einer App in einer einfachen und nicht-technischen Sprache. Digitale Anwendungen werden anhand von 35 Kriterien in vier Dimensionen gepr\u00fcft: Sicherheit des digitalen Dienstes, Datenschutz, Zuverl\u00e4ssigkeit des digitalen Dienstes und faire Interaktion mit den Nutzerinnen und Nutzern, wozu auch die Benachrichtigung \u00fcber die Verwendung automatisierter Entscheidungsprozesse geh\u00f6rt. Der Kriterienkatalog wurde vom ersten Label Expert Committee (LEC) unter der Leitung der EPFL erstellt und auf der Grundlage der R\u00fcckmeldungen aus mehreren \u00f6ffentlichen Konsultationen weiterentwickelt. Die erarbeiteten Kriterien dienen als Grundlage f\u00fcr eine unabh\u00e4ngige Pr\u00fcfung.\r\n<h2><strong>Vertrauensw\u00fcrdigkeit des Labels weiterentwickeln<\/strong><\/h2>\r\nDas Mandat des ersten Label-Expertenkomitees endete mit der Finalisierung der ersten Version des Kriterienkatalogs f\u00fcr das Digital Trust Label. Da digitale Technologien schnell fortschreiten, ist die kontinuierliche Weiterentwicklung des Labels eine Priorit\u00e4t der SDI. Die Expertinnen und Experten treffen sich regelm\u00e4ssig, sammeln das ganze Jahr \u00fcber Feedback und erarbeiten Empfehlungen f\u00fcr m\u00f6gliche Anpassungen des Labels. Nach einem offenen Bewerbungsprozess mit einer Anzahl hochwertiger Dossiers konnten nun neue Mitglieder ins Expertenkomitee aufgenommen werden. Die neuen Vertreterinnen und Vertreter stammen aus\u00a0den Bereichen Zivilgesellschaft und Konsumentenschutz, \u00f6ffentlicher Sektor und internationale Organisationen, Wissenschaft und aus dem Privatsektor. Es handelt sich um Expertinnen und Experten mit nachgewiesenem Know-how und Fachwissen in den vier Dimensionen des Digital Trust Labels:\r\n<ul>\r\n \t<li>Marcel Blattner, Principal Data Scientist und Team Leader, ETH Swiss Data Science Center<\/li>\r\n \t<li>Nikki B\u00f6hler, Direktorin, Opendata.ch<\/li>\r\n \t<li>Sophia Ding, Managing Consultant, Head Trustworthy AI &amp; Responsible Tech, AWK Group<\/li>\r\n \t<li>Maximilian Groth, Co-Founder &amp; CEO, Decentriq<\/li>\r\n \t<li>Michael Kende, Senior Fellow und Visiting Lecturer am Geneva Graduate Institute, und Senior Advisor bei Analysys Mason<\/li>\r\n \t<li>Rodolphe Koller, Chefredakteur, ICTjournal<\/li>\r\n \t<li>Diego Kuonen, CEO, Statoo Consulting &amp; Professor f\u00fcr Data Science, GSEM, Universit\u00e4t Genf<\/li>\r\n \t<li>Patrick Schaller, Senior Scientist System Security, ETHZ<\/li>\r\n \t<li>Mitchell Scherr, CEO, Assured Cyber Protection<\/li>\r\n \t<li>Manouchehr Shamsrizi, Co-Founder, gamelab.berlin Humboldt-Universit\u00e4t\u2019s Cluster of Excellence und Co-Founder RetroBrain R&amp;D<\/li>\r\n \t<li>Martin Steiger, Partner Steiger Legal, Co-Founder Datenschutzpartner<\/li>\r\n \t<li>Tuulia Timonen, Head PSC Service Excellence, Posti Group<\/li>\r\n \t<li>Leila Toplic, Head Emerging Technologies Initiative, NetHope<\/li>\r\n \t<li>Charlotte van Ooijen, Associate Director Digital Government and Data, The Lisbon Council for Economic Competitiveness and Social Renewal<\/li>\r\n<\/ul>\r\n<h2><strong>\u00a0Digital Trust Label mit f\u00e4lschungssicherer QR-Markierung<\/strong><\/h2>\r\nUm die Glaubw\u00fcrdigkeit des Labels weiter zu st\u00e4rken und f\u00e4lschungssicher zu machen, ist die SDI zudem eine Partnerschaft mit SICPA eingegangen, einem f\u00fchrenden Schweizer Anbieter von sicheren Authentifizierungs-, Identifizierungs- und R\u00fcckverfolgbarkeitsl\u00f6sungen. Die Blockchain-basierte und kosteneffiziente digitale L\u00f6sung von SICPA verifiziert den dynamischen Inhalt von papierbasierten und digitalen Dokumenten durch Aufbringen einer f\u00e4lschungssicheren QR-Markierung. Das Digital Trust Label wird mit einer entsprechenden QR-Kennzeichnung versehen und kann somit ab dem dritten Quartal 2022 mit allgemeinen Verifizierungswerkzeugen wie Web- und Mobil-Apps sofort \u00fcberpr\u00fcft werden.\r\n\r\n<a href=\"https:\/\/digitaltrust-label.swiss\/de\/ueber\/#geschichte\"><em>Weitere Informationen<\/em><\/a>\n<p class=\"syndicated-attribution\">Dieser Beitrag erschien urspr\u00fcnglich auf m-q.ch - <a href=\"https:\/\/www.m-q.ch\/de\/digital-trust-label-waehlt-neues-expertenkomitee\/\" target=\"_blank\">https:\/\/www.m-q.ch\/de\/digital-trust-label-waehlt-neues-expertenkomitee\/<\/a><\/p>","protected":false},"excerpt":{"rendered":"<p>Die Swiss Digital Initiative hat im Januar 2022 das Digital Trust Label lanciert (wir berichteten dar\u00fcber). Das Label zeigt die Vertrauensw\u00fcrdigkeit einer digitalen Anwendung wie einer Website oder einer App in einer einfachen und nicht-technischen Sprache. Digitale Anwendungen werden anhand von 35 Kriterien in vier Dimensionen gepr\u00fcft: Sicherheit des digitalen Dienstes, Datenschutz, Zuverl\u00e4ssigkeit des digitalen [\u2026]<\/p>\n","protected":false},"author":8,"featured_media":0,"comment_status":"closed","ping_status":"closed","sticky":false,"template":"","format":"standard","meta":{"_acf_changed":false,"_yoast_wpseo_focuskw":"Digital Trust Label","_yoast_wpseo_metadesc":"Die Swiss Digital Initiative legt die Grundlagen f\u00fcr die n\u00e4chste Version des Digital Trust Labels. Mittels eines offenen Bewerbungsprozesses hat die Organisation ein neues Expertenkomitee gew\u00e4hlt, welches das Digital Trust Label auf die n\u00e4chste Stufe bringt.","articlekey":"","footnotes":""},"categories":[582],"tags":[612,3157],"class_list":["post-12913","post","type-post","status-publish","format-standard","hentry","category-operational-excellence","tag-digital-trust-label","tag-expertenkomitee"],"acf":[],"yoast_head":"<!-- This site is optimized with the Yoast SEO plugin v27.5 - https:\/\/yoast.com\/product\/yoast-seo-wordpress\/ -->\n<title>Digital Trust Label w\u00e4hlt neues Expertenkomitee - Organisator<\/title>\n<meta name=\"description\" content=\"Die Swiss Digital Initiative legt die Grundlagen f\u00fcr die n\u00e4chste Version des Digital Trust Labels. Mittels eines offenen Bewerbungsprozesses hat die Organisation ein neues Expertenkomitee gew\u00e4hlt, welches das Digital Trust Label auf die n\u00e4chste Stufe bringt.\" \/>\n<meta name=\"robots\" content=\"index, follow, max-snippet:-1, max-image-preview:large, max-video-preview:-1\" \/>\n<link rel=\"canonical\" href=\"https:\/\/www.m-q.ch\/de\/digital-trust-label-waehlt-neues-expertenkomitee\/\" \/>\n<meta property=\"og:locale\" content=\"de_DE\" \/>\n<meta property=\"og:type\" content=\"article\" \/>\n<meta property=\"og:title\" content=\"Digital Trust Label w\u00e4hlt neues Expertenkomitee - Organisator\" \/>\n<meta property=\"og:description\" content=\"Die Swiss Digital Initiative legt die Grundlagen f\u00fcr die n\u00e4chste Version des Digital Trust Labels. Mittels eines offenen Bewerbungsprozesses hat die Organisation ein neues Expertenkomitee gew\u00e4hlt, welches das Digital Trust Label auf die n\u00e4chste Stufe bringt.\" \/>\n<meta property=\"og:url\" content=\"https:\/\/www.m-q.ch\/de\/digital-trust-label-waehlt-neues-expertenkomitee\/\" \/>\n<meta property=\"og:site_name\" content=\"Organisator\" \/>\n<meta property=\"article:publisher\" content=\"https:\/\/www.facebook.com\/OrganisatorFachmagazin\" \/>\n<meta property=\"article:published_time\" content=\"2022-05-17T13:39:16+00:00\" \/>\n<meta property=\"article:modified_time\" content=\"2022-07-30T14:34:54+00:00\" \/>\n<meta property=\"og:image\" content=\"https:\/\/www.m-q.ch\/wp-content\/uploads\/2022\/05\/Digital-Trust-Label-waehlt-neues-Expertenkomitee_MQ.jpg\" \/>\n<meta name=\"author\" content=\"galledia\" \/>\n<meta name=\"twitter:card\" content=\"summary_large_image\" \/>\n<meta name=\"twitter:creator\" content=\"@admin\" \/>\n<script type=\"application\/ld+json\" class=\"yoast-schema-graph\">{\"@context\":\"https:\\\/\\\/schema.org\",\"@graph\":[{\"@type\":\"Article\",\"@id\":\"https:\\\/\\\/www.m-q.ch\\\/de\\\/digital-trust-label-waehlt-neues-expertenkomitee\\\/#article\",\"isPartOf\":{\"@id\":\"https:\\\/\\\/www.organisator.ch\\\/operational-excellence\\\/2022-05-17\\\/digital-trust-label-waehlt-neues-expertenkomitee\\\/\"},\"author\":{\"name\":\"galledia\",\"@id\":\"https:\\\/\\\/www.organisator.ch\\\/#\\\/schema\\\/person\\\/4e51799071cd2dd1232ac003643ef5f0\"},\"headline\":\"Digital Trust Label w\u00e4hlt neues Expertenkomitee\",\"datePublished\":\"2022-05-17T13:39:16+00:00\",\"dateModified\":\"2022-07-30T14:34:54+00:00\",\"mainEntityOfPage\":{\"@id\":\"https:\\\/\\\/www.organisator.ch\\\/operational-excellence\\\/2022-05-17\\\/digital-trust-label-waehlt-neues-expertenkomitee\\\/\"},\"wordCount\":504,\"publisher\":{\"@id\":\"https:\\\/\\\/www.organisator.ch\\\/#organization\"},\"image\":{\"@id\":\"https:\\\/\\\/www.m-q.ch\\\/de\\\/digital-trust-label-waehlt-neues-expertenkomitee\\\/#primaryimage\"},\"thumbnailUrl\":\"https:\\\/\\\/www.m-q.ch\\\/wp-content\\\/uploads\\\/2022\\\/05\\\/Digital-Trust-Label-waehlt-neues-Expertenkomitee_MQ.jpg\",\"keywords\":[\"Digital Trust Label\",\"Expertenkomitee\"],\"articleSection\":[\"OPERATIONAL EXCELLENCE\"],\"inLanguage\":\"de\"},{\"@type\":\"WebPage\",\"@id\":\"https:\\\/\\\/www.organisator.ch\\\/operational-excellence\\\/2022-05-17\\\/digital-trust-label-waehlt-neues-expertenkomitee\\\/\",\"url\":\"https:\\\/\\\/www.m-q.ch\\\/de\\\/digital-trust-label-waehlt-neues-expertenkomitee\\\/\",\"name\":\"Digital Trust Label w\u00e4hlt neues Expertenkomitee - Organisator\",\"isPartOf\":{\"@id\":\"https:\\\/\\\/www.organisator.ch\\\/#website\"},\"primaryImageOfPage\":{\"@id\":\"https:\\\/\\\/www.m-q.ch\\\/de\\\/digital-trust-label-waehlt-neues-expertenkomitee\\\/#primaryimage\"},\"image\":{\"@id\":\"https:\\\/\\\/www.m-q.ch\\\/de\\\/digital-trust-label-waehlt-neues-expertenkomitee\\\/#primaryimage\"},\"thumbnailUrl\":\"https:\\\/\\\/www.m-q.ch\\\/wp-content\\\/uploads\\\/2022\\\/05\\\/Digital-Trust-Label-waehlt-neues-Expertenkomitee_MQ.jpg\",\"datePublished\":\"2022-05-17T13:39:16+00:00\",\"dateModified\":\"2022-07-30T14:34:54+00:00\",\"description\":\"Die Swiss Digital Initiative legt die Grundlagen f\u00fcr die n\u00e4chste Version des Digital Trust Labels. Mittels eines offenen Bewerbungsprozesses hat die Organisation ein neues Expertenkomitee gew\u00e4hlt, welches das Digital Trust Label auf die n\u00e4chste Stufe bringt.\",\"breadcrumb\":{\"@id\":\"https:\\\/\\\/www.m-q.ch\\\/de\\\/digital-trust-label-waehlt-neues-expertenkomitee\\\/#breadcrumb\"},\"inLanguage\":\"de\",\"potentialAction\":[{\"@type\":\"ReadAction\",\"target\":[\"https:\\\/\\\/www.m-q.ch\\\/de\\\/digital-trust-label-waehlt-neues-expertenkomitee\\\/\"]}]},{\"@type\":\"ImageObject\",\"inLanguage\":\"de\",\"@id\":\"https:\\\/\\\/www.m-q.ch\\\/de\\\/digital-trust-label-waehlt-neues-expertenkomitee\\\/#primaryimage\",\"url\":\"https:\\\/\\\/www.m-q.ch\\\/wp-content\\\/uploads\\\/2022\\\/05\\\/Digital-Trust-Label-waehlt-neues-Expertenkomitee_MQ.jpg\",\"contentUrl\":\"https:\\\/\\\/www.m-q.ch\\\/wp-content\\\/uploads\\\/2022\\\/05\\\/Digital-Trust-Label-waehlt-neues-Expertenkomitee_MQ.jpg\"},{\"@type\":\"BreadcrumbList\",\"@id\":\"https:\\\/\\\/www.m-q.ch\\\/de\\\/digital-trust-label-waehlt-neues-expertenkomitee\\\/#breadcrumb\",\"itemListElement\":[{\"@type\":\"ListItem\",\"position\":1,\"name\":\"Home\",\"item\":\"https:\\\/\\\/www.organisator.ch\\\/\"},{\"@type\":\"ListItem\",\"position\":2,\"name\":\"Digital Trust Label w\u00e4hlt neues Expertenkomitee\"}]},{\"@type\":\"WebSite\",\"@id\":\"https:\\\/\\\/www.organisator.ch\\\/#website\",\"url\":\"https:\\\/\\\/www.organisator.ch\\\/\",\"name\":\"Organisator\",\"description\":\"Kompetent. Praxisnah. Der ORGANISATOR bereitet in 10 Ausgaben pro Jahr die wesentlichen Themen f\u00fcr F\u00fchrungskr\u00e4fte von KMU auf.\",\"publisher\":{\"@id\":\"https:\\\/\\\/www.organisator.ch\\\/#organization\"},\"potentialAction\":[{\"@type\":\"SearchAction\",\"target\":{\"@type\":\"EntryPoint\",\"urlTemplate\":\"https:\\\/\\\/www.organisator.ch\\\/?s={search_term_string}\"},\"query-input\":{\"@type\":\"PropertyValueSpecification\",\"valueRequired\":true,\"valueName\":\"search_term_string\"}}],\"inLanguage\":\"de\"},{\"@type\":\"Organization\",\"@id\":\"https:\\\/\\\/www.organisator.ch\\\/#organization\",\"name\":\"Organisator\",\"url\":\"https:\\\/\\\/www.organisator.ch\\\/\",\"logo\":{\"@type\":\"ImageObject\",\"inLanguage\":\"de\",\"@id\":\"https:\\\/\\\/www.organisator.ch\\\/#\\\/schema\\\/logo\\\/image\\\/\",\"url\":\"https:\\\/\\\/www.organisator.ch\\\/wp-content\\\/uploads\\\/2022\\\/01\\\/Logo_Organisator_Website.png\",\"contentUrl\":\"https:\\\/\\\/www.organisator.ch\\\/wp-content\\\/uploads\\\/2022\\\/01\\\/Logo_Organisator_Website.png\",\"width\":800,\"height\":77,\"caption\":\"Organisator\"},\"image\":{\"@id\":\"https:\\\/\\\/www.organisator.ch\\\/#\\\/schema\\\/logo\\\/image\\\/\"},\"sameAs\":[\"https:\\\/\\\/www.facebook.com\\\/OrganisatorFachmagazin\",\"https:\\\/\\\/www.linkedin.com\\\/showcase\\\/organisator-das-magazin-fr-kmu\",\"https:\\\/\\\/www.xing.com\\\/news\\\/pages\\\/organisator-ch-695\",\"https:\\\/\\\/www.youtube.com\\\/channel\\\/UCGP2Sq0iWaZwT3BdIAQFYpw\"]},{\"@type\":\"Person\",\"@id\":\"https:\\\/\\\/www.organisator.ch\\\/#\\\/schema\\\/person\\\/4e51799071cd2dd1232ac003643ef5f0\",\"name\":\"galledia\",\"image\":{\"@type\":\"ImageObject\",\"inLanguage\":\"de\",\"@id\":\"https:\\\/\\\/secure.gravatar.com\\\/avatar\\\/78a7f90c01fc2bfc875782a0d4922b37cde2cf184ce347b91316d23cd7f69a36?s=96&d=mm&r=g\",\"url\":\"https:\\\/\\\/secure.gravatar.com\\\/avatar\\\/78a7f90c01fc2bfc875782a0d4922b37cde2cf184ce347b91316d23cd7f69a36?s=96&d=mm&r=g\",\"contentUrl\":\"https:\\\/\\\/secure.gravatar.com\\\/avatar\\\/78a7f90c01fc2bfc875782a0d4922b37cde2cf184ce347b91316d23cd7f69a36?s=96&d=mm&r=g\",\"caption\":\"galledia\"},\"sameAs\":[\"https:\\\/\\\/x.com\\\/admin\"],\"url\":\"https:\\\/\\\/www.organisator.ch\\\/de\\\/author\\\/galledia\\\/\"}]}<\/script>\n<!-- \/ Yoast SEO plugin. -->","yoast_head_json":{"title":"Digital Trust Label w\u00e4hlt neues Expertenkomitee - Organisator","description":"Die Swiss Digital Initiative legt die Grundlagen f\u00fcr die n\u00e4chste Version des Digital Trust Labels. Mittels eines offenen Bewerbungsprozesses hat die Organisation ein neues Expertenkomitee gew\u00e4hlt, welches das Digital Trust Label auf die n\u00e4chste Stufe bringt.","robots":{"index":"index","follow":"follow","max-snippet":"max-snippet:-1","max-image-preview":"max-image-preview:large","max-video-preview":"max-video-preview:-1"},"canonical":"https:\/\/www.m-q.ch\/de\/digital-trust-label-waehlt-neues-expertenkomitee\/","og_locale":"de_DE","og_type":"article","og_title":"Digital Trust Label w\u00e4hlt neues Expertenkomitee - Organisator","og_description":"Die Swiss Digital Initiative legt die Grundlagen f\u00fcr die n\u00e4chste Version des Digital Trust Labels. Mittels eines offenen Bewerbungsprozesses hat die Organisation ein neues Expertenkomitee gew\u00e4hlt, welches das Digital Trust Label auf die n\u00e4chste Stufe bringt.","og_url":"https:\/\/www.m-q.ch\/de\/digital-trust-label-waehlt-neues-expertenkomitee\/","og_site_name":"Organisator","article_publisher":"https:\/\/www.facebook.com\/OrganisatorFachmagazin","article_published_time":"2022-05-17T13:39:16+00:00","article_modified_time":"2022-07-30T14:34:54+00:00","og_image":[{"url":"https:\/\/www.m-q.ch\/wp-content\/uploads\/2022\/05\/Digital-Trust-Label-waehlt-neues-Expertenkomitee_MQ.jpg","type":"","width":"","height":""}],"author":"galledia","twitter_card":"summary_large_image","twitter_creator":"@admin","schema":{"@context":"https:\/\/schema.org","@graph":[{"@type":"Article","@id":"https:\/\/www.m-q.ch\/de\/digital-trust-label-waehlt-neues-expertenkomitee\/#article","isPartOf":{"@id":"https:\/\/www.organisator.ch\/operational-excellence\/2022-05-17\/digital-trust-label-waehlt-neues-expertenkomitee\/"},"author":{"name":"galledia","@id":"https:\/\/www.organisator.ch\/#\/schema\/person\/4e51799071cd2dd1232ac003643ef5f0"},"headline":"Digital Trust Label w\u00e4hlt neues Expertenkomitee","datePublished":"2022-05-17T13:39:16+00:00","dateModified":"2022-07-30T14:34:54+00:00","mainEntityOfPage":{"@id":"https:\/\/www.organisator.ch\/operational-excellence\/2022-05-17\/digital-trust-label-waehlt-neues-expertenkomitee\/"},"wordCount":504,"publisher":{"@id":"https:\/\/www.organisator.ch\/#organization"},"image":{"@id":"https:\/\/www.m-q.ch\/de\/digital-trust-label-waehlt-neues-expertenkomitee\/#primaryimage"},"thumbnailUrl":"https:\/\/www.m-q.ch\/wp-content\/uploads\/2022\/05\/Digital-Trust-Label-waehlt-neues-Expertenkomitee_MQ.jpg","keywords":["Digital Trust Label","Expertenkomitee"],"articleSection":["OPERATIONAL EXCELLENCE"],"inLanguage":"de"},{"@type":"WebPage","@id":"https:\/\/www.organisator.ch\/operational-excellence\/2022-05-17\/digital-trust-label-waehlt-neues-expertenkomitee\/","url":"https:\/\/www.m-q.ch\/de\/digital-trust-label-waehlt-neues-expertenkomitee\/","name":"Digital Trust Label w\u00e4hlt neues Expertenkomitee - Organisator","isPartOf":{"@id":"https:\/\/www.organisator.ch\/#website"},"primaryImageOfPage":{"@id":"https:\/\/www.m-q.ch\/de\/digital-trust-label-waehlt-neues-expertenkomitee\/#primaryimage"},"image":{"@id":"https:\/\/www.m-q.ch\/de\/digital-trust-label-waehlt-neues-expertenkomitee\/#primaryimage"},"thumbnailUrl":"https:\/\/www.m-q.ch\/wp-content\/uploads\/2022\/05\/Digital-Trust-Label-waehlt-neues-Expertenkomitee_MQ.jpg","datePublished":"2022-05-17T13:39:16+00:00","dateModified":"2022-07-30T14:34:54+00:00","description":"Die Swiss Digital Initiative legt die Grundlagen f\u00fcr die n\u00e4chste Version des Digital Trust Labels. Mittels eines offenen Bewerbungsprozesses hat die Organisation ein neues Expertenkomitee gew\u00e4hlt, welches das Digital Trust Label auf die n\u00e4chste Stufe bringt.","breadcrumb":{"@id":"https:\/\/www.m-q.ch\/de\/digital-trust-label-waehlt-neues-expertenkomitee\/#breadcrumb"},"inLanguage":"de","potentialAction":[{"@type":"ReadAction","target":["https:\/\/www.m-q.ch\/de\/digital-trust-label-waehlt-neues-expertenkomitee\/"]}]},{"@type":"ImageObject","inLanguage":"de","@id":"https:\/\/www.m-q.ch\/de\/digital-trust-label-waehlt-neues-expertenkomitee\/#primaryimage","url":"https:\/\/www.m-q.ch\/wp-content\/uploads\/2022\/05\/Digital-Trust-Label-waehlt-neues-Expertenkomitee_MQ.jpg","contentUrl":"https:\/\/www.m-q.ch\/wp-content\/uploads\/2022\/05\/Digital-Trust-Label-waehlt-neues-Expertenkomitee_MQ.jpg"},{"@type":"BreadcrumbList","@id":"https:\/\/www.m-q.ch\/de\/digital-trust-label-waehlt-neues-expertenkomitee\/#breadcrumb","itemListElement":[{"@type":"ListItem","position":1,"name":"Home","item":"https:\/\/www.organisator.ch\/"},{"@type":"ListItem","position":2,"name":"Digital Trust Label w\u00e4hlt neues Expertenkomitee"}]},{"@type":"WebSite","@id":"https:\/\/www.organisator.ch\/#website","url":"https:\/\/www.organisator.ch\/","name":"Organisator","description":"Kompetent. Praxisnah. Der ORGANISATOR bereitet in 10 Ausgaben pro Jahr die wesentlichen Themen f\u00fcr F\u00fchrungskr\u00e4fte von KMU auf.","publisher":{"@id":"https:\/\/www.organisator.ch\/#organization"},"potentialAction":[{"@type":"SearchAction","target":{"@type":"EntryPoint","urlTemplate":"https:\/\/www.organisator.ch\/?s={search_term_string}"},"query-input":{"@type":"PropertyValueSpecification","valueRequired":true,"valueName":"search_term_string"}}],"inLanguage":"de"},{"@type":"Organization","@id":"https:\/\/www.organisator.ch\/#organization","name":"Organisator","url":"https:\/\/www.organisator.ch\/","logo":{"@type":"ImageObject","inLanguage":"de","@id":"https:\/\/www.organisator.ch\/#\/schema\/logo\/image\/","url":"https:\/\/www.organisator.ch\/wp-content\/uploads\/2022\/01\/Logo_Organisator_Website.png","contentUrl":"https:\/\/www.organisator.ch\/wp-content\/uploads\/2022\/01\/Logo_Organisator_Website.png","width":800,"height":77,"caption":"Organisator"},"image":{"@id":"https:\/\/www.organisator.ch\/#\/schema\/logo\/image\/"},"sameAs":["https:\/\/www.facebook.com\/OrganisatorFachmagazin","https:\/\/www.linkedin.com\/showcase\/organisator-das-magazin-fr-kmu","https:\/\/www.xing.com\/news\/pages\/organisator-ch-695","https:\/\/www.youtube.com\/channel\/UCGP2Sq0iWaZwT3BdIAQFYpw"]},{"@type":"Person","@id":"https:\/\/www.organisator.ch\/#\/schema\/person\/4e51799071cd2dd1232ac003643ef5f0","name":"galledia","image":{"@type":"ImageObject","inLanguage":"de","@id":"https:\/\/secure.gravatar.com\/avatar\/78a7f90c01fc2bfc875782a0d4922b37cde2cf184ce347b91316d23cd7f69a36?s=96&d=mm&r=g","url":"https:\/\/secure.gravatar.com\/avatar\/78a7f90c01fc2bfc875782a0d4922b37cde2cf184ce347b91316d23cd7f69a36?s=96&d=mm&r=g","contentUrl":"https:\/\/secure.gravatar.com\/avatar\/78a7f90c01fc2bfc875782a0d4922b37cde2cf184ce347b91316d23cd7f69a36?s=96&d=mm&r=g","caption":"galledia"},"sameAs":["https:\/\/x.com\/admin"],"url":"https:\/\/www.organisator.ch\/de\/author\/galledia\/"}]}},"_links":{"self":[{"href":"https:\/\/www.organisator.ch\/de\/wp-json\/wp\/v2\/posts\/12913","targetHints":{"allow":["GET"]}}],"collection":[{"href":"https:\/\/www.organisator.ch\/de\/wp-json\/wp\/v2\/posts"}],"about":[{"href":"https:\/\/www.organisator.ch\/de\/wp-json\/wp\/v2\/types\/post"}],"author":[{"embeddable":true,"href":"https:\/\/www.organisator.ch\/de\/wp-json\/wp\/v2\/users\/8"}],"replies":[{"embeddable":true,"href":"https:\/\/www.organisator.ch\/de\/wp-json\/wp\/v2\/comments?post=12913"}],"version-history":[{"count":4,"href":"https:\/\/www.organisator.ch\/de\/wp-json\/wp\/v2\/posts\/12913\/revisions"}],"predecessor-version":[{"id":15955,"href":"https:\/\/www.organisator.ch\/de\/wp-json\/wp\/v2\/posts\/12913\/revisions\/15955"}],"wp:attachment":[{"href":"https:\/\/www.organisator.ch\/de\/wp-json\/wp\/v2\/media?parent=12913"}],"wp:term":[{"taxonomy":"category","embeddable":true,"href":"https:\/\/www.organisator.ch\/de\/wp-json\/wp\/v2\/categories?post=12913"},{"taxonomy":"post_tag","embeddable":true,"href":"https:\/\/www.organisator.ch\/de\/wp-json\/wp\/v2\/tags?post=12913"}],"curies":[{"name":"wp","href":"https:\/\/api.w.org\/{rel}","templated":true}]}}