{"id":12920,"date":"2022-05-18T12:22:40","date_gmt":"2022-05-18T10:22:40","guid":{"rendered":"https:\/\/www.werbewoche.ch\/?p=171443"},"modified":"2022-07-30T16:33:47","modified_gmt":"2022-07-30T14:33:47","slug":"vier-buecher-die-sie-interessieren-koennten-4","status":"publish","type":"post","link":"https:\/\/www.organisator.ch\/de\/marketing\/2022-05-18\/vier-buecher-die-sie-interessieren-koennten-4\/","title":{"rendered":"Vier B\u00fccher, die Sie interessieren k\u00f6nnten"},"content":{"rendered":"<strong><img class=\"aligncenter wp-image-171448 size-full\" src=\"https:\/\/www.werbewoche.ch\/wp-content\/uploads\/2022\/05\/header-lesetipps-mai-22.jpg\" alt=\"B\u00fccher\" width=\"1200\" height=\"729\" \/>Die YouTube-Formel<\/strong>\r\n\r\n<em>Wie Sie den Algorithmus entschl\u00fcsseln und eine umsatzstarke Content-Strategie entwickeln. <\/em>\r\n<ul>\r\n \t<li>Autor: Derral Eves<\/li>\r\n \t<li>Verlag: Wiley-VCH, 2022<\/li>\r\n \t<li>Seiten: 385<\/li>\r\n \t<li>ISBN: 9783527510962<\/li>\r\n<\/ul>\r\nYouTube bietet die M\u00f6glichkeit, ein grosses Publikum auf der ganzen Welt zu erreichen und viel Geld zu verdienen. Allerdings ist es nicht damit getan, ein Video zu drehen und hochzuladen. Wer sich auf die Plattform einl\u00e4sst und ihre Algorithmen zu lesen weiss, hat mehr Erfolg. Das ist kein Hexenwerk: Am Ende h\u00e4ngt alles davon ab, wie gut man auf seine Zielgruppe eingeht. YouTube-Kenner Derral Eves plaudert aus dem N\u00e4hk\u00e4stchen und verr\u00e4t viele praktische Tipps. Auch wenn er recht weitschweifend erz\u00e4hlt, weckt er Lust, mit dem n\u00e4chsten Videoclip durchzustarten.\r\n\r\n<img class=\"aligncenter wp-image-171447 size-full\" src=\"https:\/\/www.werbewoche.ch\/wp-content\/uploads\/2022\/05\/Die-YouTube-Formel.jpg\" alt=\"B\u00fccher\" width=\"1200\" height=\"850\" \/>\r\n\r\n<strong>Grundwissen Eventmanagement<\/strong>\r\n<ul>\r\n \t<li>Autor: Dieter J\u00e4ger<\/li>\r\n \t<li>Verlag: A. Francke Verlag, 2021<\/li>\r\n \t<li>Seiten: 244<\/li>\r\n \t<li>ISBN: 9783825256814<\/li>\r\n<\/ul>\r\nEvents sind nicht nur Expo und Olympische Spiele, sondern auch Parteitage, Kongresse oder Produktpr\u00e4sentationen. Ob gross oder klein: Events wollen gut geplant und organisiert sein. Das Buch von Dieter J\u00e4ger vermittelt Grundlagen und Konzepte einer gelungenen Eventplanung. Manchmal k\u00f6nnte es mehr in die Tiefe gehen, an anderer Stelle ist es etwas zu lehrbuchm\u00e4ssig. F\u00fcr einen ersten \u00dcberblick und als Einstieg in Spezialfragen \u2013 zum Beispiel das Thema Corporate Social Responsibility oder Nachhaltigkeit in der Eventbranche \u2013 ist es jedoch ein guter Startpunkt.\r\n\r\n<img class=\"aligncenter wp-image-171444 size-full\" src=\"https:\/\/www.werbewoche.ch\/wp-content\/uploads\/2022\/05\/Grundwissen_Eventmanagement.jpg\" alt=\"B\u00fccher\" width=\"1200\" height=\"850\" \/>\r\n\r\n<strong>Lean Project Management<\/strong>\r\n\r\n<em>Hybride Methoden wertsch\u00f6pfend anwenden. <\/em>\r\n<ul>\r\n \t<li>Autor: Claus H\u00fcsselmann<\/li>\r\n \t<li>Verlag: Sch\u00e4ffer-Poeschel, 2021<\/li>\r\n \t<li>Seiten: 298<\/li>\r\n \t<li>ISBN: 9783791052342<\/li>\r\n<\/ul>\r\nKlassisches Projektmanagement funktioniert, wo es noch m\u00f6glich ist, langfristige Pl\u00e4ne zu machen. In der heutigen Welt ist das allerdings selten der Fall. Diese Schw\u00e4che merzt agiles Projektmanagement mit gr\u00f6sstm\u00f6glicher Flexibilit\u00e4t aus. Noch besser ist es gem\u00e4ss Claus H\u00fcsselmann, dazu auch die Grundidee der Lean Production einzubauen: jede Verschwendung vermeiden. Die drei Denkweisen, also klassisches Projektmanagement, agiles und Lean Project Management, lassen sich hybrid kombinieren, auch innerhalb eines Projekts. Punkteabzug bekommt das Buch, weil es sich fast ausschliesslich auf Begriffe und Regeln fokussiert und zu wenig auf die Praxis.\r\n\r\n<strong><img class=\"aligncenter wp-image-171445 size-full\" src=\"https:\/\/www.werbewoche.ch\/wp-content\/uploads\/2022\/05\/Lean-Project-Management.jpg\" alt=\"B\u00fccher\" width=\"1200\" height=\"850\" \/>Die 44 Fallen der Digitalisierung<\/strong>\r\n\r\n<em>\u2026 und wie wir alle sie vermeiden. <\/em>\r\n<ul>\r\n \t<li>Autor: Nicole Gaiziunas<\/li>\r\n \t<li>Verlag: Haufe Verlag, 2021<\/li>\r\n \t<li>Seiten: 215<\/li>\r\n \t<li>ISBN: 9783648156438<\/li>\r\n<\/ul>\r\nF\u00fcr viele ist es ein vertrautes Szenario: Die Digitalstrategie liegt vor und zahlreiche Massnahmen wurden beschlossen. Allein die Diskussion \u00fcber den n\u00f6tigen Kulturwandel hat gef\u00fchlt eine ganze Sitzungswoche verschlungen. Und dann? Passiert wenig bis nichts. Betriebsr\u00e4te mauern, Vorgesetzte delegieren, Untergebene ducken sich weg. Die Digitalisierer sind als Tiger gesprungen und als Bettvorleger gelandet. Nicole Gaiziunas erkl\u00e4rt anschaulich und unterhaltsam, wie Unternehmen den t\u00fcckischsten Digitalisierungsfallen aus dem Weg gehen, pr\u00e4ventiv kommunizieren und potenzielle Krisen im Keim ersticken.<img class=\"aligncenter wp-image-171446 size-full\" src=\"https:\/\/www.werbewoche.ch\/wp-content\/uploads\/2022\/05\/Die-44-Fallen-der-Digitalisierung.jpg\" alt=\"B\u00fccher\" width=\"1200\" height=\"850\" \/>","protected":false},"excerpt":{"rendered":"<p>Die YouTube-Formel Wie Sie den Algorithmus entschl\u00fcsseln und eine umsatzstarke Content-Strategie entwickeln. Autor: Derral Eves Verlag: Wiley-VCH, 2022 Seiten: 385 ISBN: 9783527510962 YouTube bietet die M\u00f6glichkeit, ein grosses Publikum auf der ganzen Welt zu erreichen und viel Geld zu verdienen. Allerdings ist es nicht damit getan, ein Video zu drehen und hochzuladen. Wer sich auf [\u2026]<\/p>\n","protected":false},"author":8,"featured_media":0,"comment_status":"closed","ping_status":"closed","sticky":false,"template":"","format":"standard","meta":{"_acf_changed":false,"_yoast_wpseo_focuskw":"B\u00fccher","_yoast_wpseo_metadesc":"In Zusammenarbeit mit GetAbstract stellen wir Ihnen vier B\u00fccher aus dem Marketing- und Kommunikationsbereich vor.","articlekey":"","footnotes":""},"categories":[29],"tags":[2947,3211],"class_list":["post-12920","post","type-post","status-publish","format-standard","hentry","category-marketing","tag-buecher","tag-interessieren"],"acf":[],"yoast_head":"<!-- This site is optimized with the Yoast SEO plugin v27.5 - https:\/\/yoast.com\/product\/yoast-seo-wordpress\/ -->\n<title>Vier B\u00fccher, die Sie interessieren k\u00f6nnten - Organisator<\/title>\n<meta name=\"description\" content=\"In Zusammenarbeit mit GetAbstract stellen wir Ihnen vier B\u00fccher aus dem Marketing- und Kommunikationsbereich vor.\" \/>\n<meta name=\"robots\" content=\"index, follow, max-snippet:-1, max-image-preview:large, max-video-preview:-1\" \/>\n<link rel=\"canonical\" href=\"https:\/\/www.werbewoche.ch\/de\/marketing\/2022-05-18\/vier-buecher-die-sie-interessieren-koennten-15\/\" \/>\n<meta property=\"og:locale\" content=\"de_DE\" \/>\n<meta property=\"og:type\" content=\"article\" \/>\n<meta property=\"og:title\" content=\"Vier B\u00fccher, die Sie interessieren k\u00f6nnten - Organisator\" \/>\n<meta property=\"og:description\" content=\"In Zusammenarbeit mit GetAbstract stellen wir Ihnen vier B\u00fccher aus dem Marketing- und Kommunikationsbereich vor.\" \/>\n<meta property=\"og:url\" content=\"https:\/\/www.werbewoche.ch\/de\/marketing\/2022-05-18\/vier-buecher-die-sie-interessieren-koennten-15\/\" \/>\n<meta property=\"og:site_name\" content=\"Organisator\" \/>\n<meta property=\"article:publisher\" content=\"https:\/\/www.facebook.com\/OrganisatorFachmagazin\" \/>\n<meta property=\"article:published_time\" content=\"2022-05-18T10:22:40+00:00\" \/>\n<meta property=\"article:modified_time\" content=\"2022-07-30T14:33:47+00:00\" \/>\n<meta property=\"og:image\" content=\"https:\/\/www.werbewoche.ch\/wp-content\/uploads\/2022\/05\/header-lesetipps-mai-22.jpg\" \/>\n<meta name=\"author\" content=\"galledia\" \/>\n<meta name=\"twitter:card\" content=\"summary_large_image\" \/>\n<meta name=\"twitter:creator\" content=\"@admin\" \/>\n<script type=\"application\/ld+json\" class=\"yoast-schema-graph\">{\"@context\":\"https:\\\/\\\/schema.org\",\"@graph\":[{\"@type\":\"Article\",\"@id\":\"https:\\\/\\\/www.werbewoche.ch\\\/de\\\/marketing\\\/2022-05-18\\\/vier-buecher-die-sie-interessieren-koennten-15\\\/#article\",\"isPartOf\":{\"@id\":\"https:\\\/\\\/www.organisator.ch\\\/marketing\\\/2022-05-18\\\/vier-buecher-die-sie-interessieren-koennten-4\\\/\"},\"author\":{\"name\":\"galledia\",\"@id\":\"https:\\\/\\\/www.organisator.ch\\\/#\\\/schema\\\/person\\\/4e51799071cd2dd1232ac003643ef5f0\"},\"headline\":\"Vier B\u00fccher, die Sie interessieren k\u00f6nnten\",\"datePublished\":\"2022-05-18T10:22:40+00:00\",\"dateModified\":\"2022-07-30T14:33:47+00:00\",\"mainEntityOfPage\":{\"@id\":\"https:\\\/\\\/www.organisator.ch\\\/marketing\\\/2022-05-18\\\/vier-buecher-die-sie-interessieren-koennten-4\\\/\"},\"wordCount\":435,\"publisher\":{\"@id\":\"https:\\\/\\\/www.organisator.ch\\\/#organization\"},\"image\":{\"@id\":\"https:\\\/\\\/www.werbewoche.ch\\\/de\\\/marketing\\\/2022-05-18\\\/vier-buecher-die-sie-interessieren-koennten-15\\\/#primaryimage\"},\"thumbnailUrl\":\"https:\\\/\\\/www.werbewoche.ch\\\/wp-content\\\/uploads\\\/2022\\\/05\\\/header-lesetipps-mai-22.jpg\",\"keywords\":[\"B\u00fccher\",\"interessieren\"],\"articleSection\":[\"MARKETING\"],\"inLanguage\":\"de\"},{\"@type\":\"WebPage\",\"@id\":\"https:\\\/\\\/www.organisator.ch\\\/marketing\\\/2022-05-18\\\/vier-buecher-die-sie-interessieren-koennten-4\\\/\",\"url\":\"https:\\\/\\\/www.werbewoche.ch\\\/de\\\/marketing\\\/2022-05-18\\\/vier-buecher-die-sie-interessieren-koennten-15\\\/\",\"name\":\"Vier B\u00fccher, die Sie interessieren k\u00f6nnten - Organisator\",\"isPartOf\":{\"@id\":\"https:\\\/\\\/www.organisator.ch\\\/#website\"},\"primaryImageOfPage\":{\"@id\":\"https:\\\/\\\/www.werbewoche.ch\\\/de\\\/marketing\\\/2022-05-18\\\/vier-buecher-die-sie-interessieren-koennten-15\\\/#primaryimage\"},\"image\":{\"@id\":\"https:\\\/\\\/www.werbewoche.ch\\\/de\\\/marketing\\\/2022-05-18\\\/vier-buecher-die-sie-interessieren-koennten-15\\\/#primaryimage\"},\"thumbnailUrl\":\"https:\\\/\\\/www.werbewoche.ch\\\/wp-content\\\/uploads\\\/2022\\\/05\\\/header-lesetipps-mai-22.jpg\",\"datePublished\":\"2022-05-18T10:22:40+00:00\",\"dateModified\":\"2022-07-30T14:33:47+00:00\",\"description\":\"In Zusammenarbeit mit GetAbstract stellen wir Ihnen vier B\u00fccher aus dem Marketing- und Kommunikationsbereich vor.\",\"breadcrumb\":{\"@id\":\"https:\\\/\\\/www.werbewoche.ch\\\/de\\\/marketing\\\/2022-05-18\\\/vier-buecher-die-sie-interessieren-koennten-15\\\/#breadcrumb\"},\"inLanguage\":\"de\",\"potentialAction\":[{\"@type\":\"ReadAction\",\"target\":[\"https:\\\/\\\/www.werbewoche.ch\\\/de\\\/marketing\\\/2022-05-18\\\/vier-buecher-die-sie-interessieren-koennten-15\\\/\"]}]},{\"@type\":\"ImageObject\",\"inLanguage\":\"de\",\"@id\":\"https:\\\/\\\/www.werbewoche.ch\\\/de\\\/marketing\\\/2022-05-18\\\/vier-buecher-die-sie-interessieren-koennten-15\\\/#primaryimage\",\"url\":\"https:\\\/\\\/www.werbewoche.ch\\\/wp-content\\\/uploads\\\/2022\\\/05\\\/header-lesetipps-mai-22.jpg\",\"contentUrl\":\"https:\\\/\\\/www.werbewoche.ch\\\/wp-content\\\/uploads\\\/2022\\\/05\\\/header-lesetipps-mai-22.jpg\"},{\"@type\":\"BreadcrumbList\",\"@id\":\"https:\\\/\\\/www.werbewoche.ch\\\/de\\\/marketing\\\/2022-05-18\\\/vier-buecher-die-sie-interessieren-koennten-15\\\/#breadcrumb\",\"itemListElement\":[{\"@type\":\"ListItem\",\"position\":1,\"name\":\"Home\",\"item\":\"https:\\\/\\\/www.organisator.ch\\\/\"},{\"@type\":\"ListItem\",\"position\":2,\"name\":\"Vier B\u00fccher, die Sie interessieren k\u00f6nnten\"}]},{\"@type\":\"WebSite\",\"@id\":\"https:\\\/\\\/www.organisator.ch\\\/#website\",\"url\":\"https:\\\/\\\/www.organisator.ch\\\/\",\"name\":\"Organisator\",\"description\":\"Kompetent. Praxisnah. Der ORGANISATOR bereitet in 10 Ausgaben pro Jahr die wesentlichen Themen f\u00fcr F\u00fchrungskr\u00e4fte von KMU auf.\",\"publisher\":{\"@id\":\"https:\\\/\\\/www.organisator.ch\\\/#organization\"},\"potentialAction\":[{\"@type\":\"SearchAction\",\"target\":{\"@type\":\"EntryPoint\",\"urlTemplate\":\"https:\\\/\\\/www.organisator.ch\\\/?s={search_term_string}\"},\"query-input\":{\"@type\":\"PropertyValueSpecification\",\"valueRequired\":true,\"valueName\":\"search_term_string\"}}],\"inLanguage\":\"de\"},{\"@type\":\"Organization\",\"@id\":\"https:\\\/\\\/www.organisator.ch\\\/#organization\",\"name\":\"Organisator\",\"url\":\"https:\\\/\\\/www.organisator.ch\\\/\",\"logo\":{\"@type\":\"ImageObject\",\"inLanguage\":\"de\",\"@id\":\"https:\\\/\\\/www.organisator.ch\\\/#\\\/schema\\\/logo\\\/image\\\/\",\"url\":\"https:\\\/\\\/www.organisator.ch\\\/wp-content\\\/uploads\\\/2022\\\/01\\\/Logo_Organisator_Website.png\",\"contentUrl\":\"https:\\\/\\\/www.organisator.ch\\\/wp-content\\\/uploads\\\/2022\\\/01\\\/Logo_Organisator_Website.png\",\"width\":800,\"height\":77,\"caption\":\"Organisator\"},\"image\":{\"@id\":\"https:\\\/\\\/www.organisator.ch\\\/#\\\/schema\\\/logo\\\/image\\\/\"},\"sameAs\":[\"https:\\\/\\\/www.facebook.com\\\/OrganisatorFachmagazin\",\"https:\\\/\\\/www.linkedin.com\\\/showcase\\\/organisator-das-magazin-fr-kmu\",\"https:\\\/\\\/www.xing.com\\\/news\\\/pages\\\/organisator-ch-695\",\"https:\\\/\\\/www.youtube.com\\\/channel\\\/UCGP2Sq0iWaZwT3BdIAQFYpw\"]},{\"@type\":\"Person\",\"@id\":\"https:\\\/\\\/www.organisator.ch\\\/#\\\/schema\\\/person\\\/4e51799071cd2dd1232ac003643ef5f0\",\"name\":\"galledia\",\"image\":{\"@type\":\"ImageObject\",\"inLanguage\":\"de\",\"@id\":\"https:\\\/\\\/secure.gravatar.com\\\/avatar\\\/78a7f90c01fc2bfc875782a0d4922b37cde2cf184ce347b91316d23cd7f69a36?s=96&d=mm&r=g\",\"url\":\"https:\\\/\\\/secure.gravatar.com\\\/avatar\\\/78a7f90c01fc2bfc875782a0d4922b37cde2cf184ce347b91316d23cd7f69a36?s=96&d=mm&r=g\",\"contentUrl\":\"https:\\\/\\\/secure.gravatar.com\\\/avatar\\\/78a7f90c01fc2bfc875782a0d4922b37cde2cf184ce347b91316d23cd7f69a36?s=96&d=mm&r=g\",\"caption\":\"galledia\"},\"sameAs\":[\"https:\\\/\\\/x.com\\\/admin\"],\"url\":\"https:\\\/\\\/www.organisator.ch\\\/de\\\/author\\\/galledia\\\/\"}]}<\/script>\n<!-- \/ Yoast SEO plugin. -->","yoast_head_json":{"title":"Vier B\u00fccher, die Sie interessieren k\u00f6nnten - Organisator","description":"In Zusammenarbeit mit GetAbstract stellen wir Ihnen vier B\u00fccher aus dem Marketing- und Kommunikationsbereich vor.","robots":{"index":"index","follow":"follow","max-snippet":"max-snippet:-1","max-image-preview":"max-image-preview:large","max-video-preview":"max-video-preview:-1"},"canonical":"https:\/\/www.werbewoche.ch\/de\/marketing\/2022-05-18\/vier-buecher-die-sie-interessieren-koennten-15\/","og_locale":"de_DE","og_type":"article","og_title":"Vier B\u00fccher, die Sie interessieren k\u00f6nnten - Organisator","og_description":"In Zusammenarbeit mit GetAbstract stellen wir Ihnen vier B\u00fccher aus dem Marketing- und Kommunikationsbereich vor.","og_url":"https:\/\/www.werbewoche.ch\/de\/marketing\/2022-05-18\/vier-buecher-die-sie-interessieren-koennten-15\/","og_site_name":"Organisator","article_publisher":"https:\/\/www.facebook.com\/OrganisatorFachmagazin","article_published_time":"2022-05-18T10:22:40+00:00","article_modified_time":"2022-07-30T14:33:47+00:00","og_image":[{"url":"https:\/\/www.werbewoche.ch\/wp-content\/uploads\/2022\/05\/header-lesetipps-mai-22.jpg","type":"","width":"","height":""}],"author":"galledia","twitter_card":"summary_large_image","twitter_creator":"@admin","schema":{"@context":"https:\/\/schema.org","@graph":[{"@type":"Article","@id":"https:\/\/www.werbewoche.ch\/de\/marketing\/2022-05-18\/vier-buecher-die-sie-interessieren-koennten-15\/#article","isPartOf":{"@id":"https:\/\/www.organisator.ch\/marketing\/2022-05-18\/vier-buecher-die-sie-interessieren-koennten-4\/"},"author":{"name":"galledia","@id":"https:\/\/www.organisator.ch\/#\/schema\/person\/4e51799071cd2dd1232ac003643ef5f0"},"headline":"Vier B\u00fccher, die Sie interessieren k\u00f6nnten","datePublished":"2022-05-18T10:22:40+00:00","dateModified":"2022-07-30T14:33:47+00:00","mainEntityOfPage":{"@id":"https:\/\/www.organisator.ch\/marketing\/2022-05-18\/vier-buecher-die-sie-interessieren-koennten-4\/"},"wordCount":435,"publisher":{"@id":"https:\/\/www.organisator.ch\/#organization"},"image":{"@id":"https:\/\/www.werbewoche.ch\/de\/marketing\/2022-05-18\/vier-buecher-die-sie-interessieren-koennten-15\/#primaryimage"},"thumbnailUrl":"https:\/\/www.werbewoche.ch\/wp-content\/uploads\/2022\/05\/header-lesetipps-mai-22.jpg","keywords":["B\u00fccher","interessieren"],"articleSection":["MARKETING"],"inLanguage":"de"},{"@type":"WebPage","@id":"https:\/\/www.organisator.ch\/marketing\/2022-05-18\/vier-buecher-die-sie-interessieren-koennten-4\/","url":"https:\/\/www.werbewoche.ch\/de\/marketing\/2022-05-18\/vier-buecher-die-sie-interessieren-koennten-15\/","name":"Vier B\u00fccher, die Sie interessieren k\u00f6nnten - Organisator","isPartOf":{"@id":"https:\/\/www.organisator.ch\/#website"},"primaryImageOfPage":{"@id":"https:\/\/www.werbewoche.ch\/de\/marketing\/2022-05-18\/vier-buecher-die-sie-interessieren-koennten-15\/#primaryimage"},"image":{"@id":"https:\/\/www.werbewoche.ch\/de\/marketing\/2022-05-18\/vier-buecher-die-sie-interessieren-koennten-15\/#primaryimage"},"thumbnailUrl":"https:\/\/www.werbewoche.ch\/wp-content\/uploads\/2022\/05\/header-lesetipps-mai-22.jpg","datePublished":"2022-05-18T10:22:40+00:00","dateModified":"2022-07-30T14:33:47+00:00","description":"In Zusammenarbeit mit GetAbstract stellen wir Ihnen vier B\u00fccher aus dem Marketing- und Kommunikationsbereich vor.","breadcrumb":{"@id":"https:\/\/www.werbewoche.ch\/de\/marketing\/2022-05-18\/vier-buecher-die-sie-interessieren-koennten-15\/#breadcrumb"},"inLanguage":"de","potentialAction":[{"@type":"ReadAction","target":["https:\/\/www.werbewoche.ch\/de\/marketing\/2022-05-18\/vier-buecher-die-sie-interessieren-koennten-15\/"]}]},{"@type":"ImageObject","inLanguage":"de","@id":"https:\/\/www.werbewoche.ch\/de\/marketing\/2022-05-18\/vier-buecher-die-sie-interessieren-koennten-15\/#primaryimage","url":"https:\/\/www.werbewoche.ch\/wp-content\/uploads\/2022\/05\/header-lesetipps-mai-22.jpg","contentUrl":"https:\/\/www.werbewoche.ch\/wp-content\/uploads\/2022\/05\/header-lesetipps-mai-22.jpg"},{"@type":"BreadcrumbList","@id":"https:\/\/www.werbewoche.ch\/de\/marketing\/2022-05-18\/vier-buecher-die-sie-interessieren-koennten-15\/#breadcrumb","itemListElement":[{"@type":"ListItem","position":1,"name":"Home","item":"https:\/\/www.organisator.ch\/"},{"@type":"ListItem","position":2,"name":"Vier B\u00fccher, die Sie interessieren k\u00f6nnten"}]},{"@type":"WebSite","@id":"https:\/\/www.organisator.ch\/#website","url":"https:\/\/www.organisator.ch\/","name":"Organisator","description":"Kompetent. Praxisnah. Der ORGANISATOR bereitet in 10 Ausgaben pro Jahr die wesentlichen Themen f\u00fcr F\u00fchrungskr\u00e4fte von KMU auf.","publisher":{"@id":"https:\/\/www.organisator.ch\/#organization"},"potentialAction":[{"@type":"SearchAction","target":{"@type":"EntryPoint","urlTemplate":"https:\/\/www.organisator.ch\/?s={search_term_string}"},"query-input":{"@type":"PropertyValueSpecification","valueRequired":true,"valueName":"search_term_string"}}],"inLanguage":"de"},{"@type":"Organization","@id":"https:\/\/www.organisator.ch\/#organization","name":"Organisator","url":"https:\/\/www.organisator.ch\/","logo":{"@type":"ImageObject","inLanguage":"de","@id":"https:\/\/www.organisator.ch\/#\/schema\/logo\/image\/","url":"https:\/\/www.organisator.ch\/wp-content\/uploads\/2022\/01\/Logo_Organisator_Website.png","contentUrl":"https:\/\/www.organisator.ch\/wp-content\/uploads\/2022\/01\/Logo_Organisator_Website.png","width":800,"height":77,"caption":"Organisator"},"image":{"@id":"https:\/\/www.organisator.ch\/#\/schema\/logo\/image\/"},"sameAs":["https:\/\/www.facebook.com\/OrganisatorFachmagazin","https:\/\/www.linkedin.com\/showcase\/organisator-das-magazin-fr-kmu","https:\/\/www.xing.com\/news\/pages\/organisator-ch-695","https:\/\/www.youtube.com\/channel\/UCGP2Sq0iWaZwT3BdIAQFYpw"]},{"@type":"Person","@id":"https:\/\/www.organisator.ch\/#\/schema\/person\/4e51799071cd2dd1232ac003643ef5f0","name":"galledia","image":{"@type":"ImageObject","inLanguage":"de","@id":"https:\/\/secure.gravatar.com\/avatar\/78a7f90c01fc2bfc875782a0d4922b37cde2cf184ce347b91316d23cd7f69a36?s=96&d=mm&r=g","url":"https:\/\/secure.gravatar.com\/avatar\/78a7f90c01fc2bfc875782a0d4922b37cde2cf184ce347b91316d23cd7f69a36?s=96&d=mm&r=g","contentUrl":"https:\/\/secure.gravatar.com\/avatar\/78a7f90c01fc2bfc875782a0d4922b37cde2cf184ce347b91316d23cd7f69a36?s=96&d=mm&r=g","caption":"galledia"},"sameAs":["https:\/\/x.com\/admin"],"url":"https:\/\/www.organisator.ch\/de\/author\/galledia\/"}]}},"_links":{"self":[{"href":"https:\/\/www.organisator.ch\/de\/wp-json\/wp\/v2\/posts\/12920","targetHints":{"allow":["GET"]}}],"collection":[{"href":"https:\/\/www.organisator.ch\/de\/wp-json\/wp\/v2\/posts"}],"about":[{"href":"https:\/\/www.organisator.ch\/de\/wp-json\/wp\/v2\/types\/post"}],"author":[{"embeddable":true,"href":"https:\/\/www.organisator.ch\/de\/wp-json\/wp\/v2\/users\/8"}],"replies":[{"embeddable":true,"href":"https:\/\/www.organisator.ch\/de\/wp-json\/wp\/v2\/comments?post=12920"}],"version-history":[{"count":3,"href":"https:\/\/www.organisator.ch\/de\/wp-json\/wp\/v2\/posts\/12920\/revisions"}],"predecessor-version":[{"id":15952,"href":"https:\/\/www.organisator.ch\/de\/wp-json\/wp\/v2\/posts\/12920\/revisions\/15952"}],"wp:attachment":[{"href":"https:\/\/www.organisator.ch\/de\/wp-json\/wp\/v2\/media?parent=12920"}],"wp:term":[{"taxonomy":"category","embeddable":true,"href":"https:\/\/www.organisator.ch\/de\/wp-json\/wp\/v2\/categories?post=12920"},{"taxonomy":"post_tag","embeddable":true,"href":"https:\/\/www.organisator.ch\/de\/wp-json\/wp\/v2\/tags?post=12920"}],"curies":[{"name":"wp","href":"https:\/\/api.w.org\/{rel}","templated":true}]}}