{"id":12937,"date":"2022-05-19T14:29:47","date_gmt":"2022-05-19T12:29:47","guid":{"rendered":"https:\/\/www.organisator.ch\/?p=12937"},"modified":"2022-05-19T14:29:47","modified_gmt":"2022-05-19T12:29:47","slug":"zweite-saeule-bedeutung-wird-unterschaetzt","status":"publish","type":"post","link":"https:\/\/www.organisator.ch\/de\/allgemein\/2022-05-19\/zweite-saeule-bedeutung-wird-unterschaetzt\/","title":{"rendered":"Zweite S\u00e4ule: Bedeutung wird untersch\u00e4tzt"},"content":{"rendered":"<figure id=\"attachment_12938\" aria-describedby=\"caption-attachment-12938\" style=\"width: 680px\" class=\"wp-caption alignnone\"><img loading=\"lazy\" decoding=\"async\" class=\"size-full wp-image-12938\" src=\"https:\/\/www.organisator.ch\/wp-content\/uploads\/2022\/05\/Zweite-Saeule-Bedeutung-wird-unterschaetzt_Organisator.jpg\" alt=\"\" width=\"680\" height=\"510\" srcset=\"https:\/\/www.organisator.ch\/wp-content\/uploads\/2022\/05\/Zweite-Saeule-Bedeutung-wird-unterschaetzt_Organisator.jpg 680w, https:\/\/www.organisator.ch\/wp-content\/uploads\/2022\/05\/Zweite-Saeule-Bedeutung-wird-unterschaetzt_Organisator-16x12.jpg 16w, https:\/\/www.organisator.ch\/wp-content\/uploads\/2022\/05\/Zweite-Saeule-Bedeutung-wird-unterschaetzt_Organisator-233x175.jpg 233w, https:\/\/www.organisator.ch\/wp-content\/uploads\/2022\/05\/Zweite-Saeule-Bedeutung-wird-unterschaetzt_Organisator-467x350.jpg 467w, https:\/\/www.organisator.ch\/wp-content\/uploads\/2022\/05\/Zweite-Saeule-Bedeutung-wird-unterschaetzt_Organisator-300x225.jpg 300w\" sizes=\"auto, (max-width: 680px) 100vw, 680px\" \/><figcaption id=\"caption-attachment-12938\" class=\"wp-caption-text\">Wohlstand im Ruhestand: Das Altersguthaben in der beruflichen Vorsorge (BVG) stellt f\u00fcr die meisten Schweizer die gr\u00f6sste Verm\u00f6genskomponente dar. Doch ein Grossteil der Schweizer Bev\u00f6lkerung weiss dar\u00fcber zu wenig. (Bild: Pixabay.com)<\/figcaption><\/figure>\n<p>Das BVG bzw. die zweite S\u00e4ule steht in der Debatte rund um die Altersvorsorge oft im Hintergrund. Auch dass Milliarden von Schweizer Franken aus den Anlageertr\u00e4gen der aktiven Erwerbst\u00e4tigen f\u00fcr laufende Renten verwendet werden, f\u00fchrt kaum zu Widerstand. Dies zeigte eine zum zweiten Mal durchgef\u00fchrte Studie im Auftrag von Vita und Zurich zum Thema \u00abFairplay in der beruflichen Vorsorge\u00bb. Ausgangslage dieser Studie bildet eine Haupterkenntnis aus der ersten Fairplay-Studie von 2021. Diese hatte gezeigt, dass 56% der Erwerbsbev\u00f6lkerung das BVG-Vorsorgekapital nicht zum eigenen Verm\u00f6gen z\u00e4hlen. Die aktuelle Studie hat nun die Gr\u00fcnde f\u00fcr dieses mangelnde Bewusstsein untersucht und zeigt, dass die Bindung zum eigenen Altersguthaben gest\u00e4rkt werden k\u00f6nnte, wenn dessen Sichtbarkeit erh\u00f6ht w\u00fcrde und\/oder wenn die Bev\u00f6lkerung bei BVG-Anlagen mehr mitbestimmen k\u00f6nnte.<\/p>\n<h3>BVG-Ersparnisse \u2013 Bedeutung wird systematisch untersch\u00e4tzt<\/h3>\n<p>\u00abDie Bev\u00f6lkerung ist sich der Bedeutung der beruflichen Vorsorge f\u00fcr ihr Einkommen im Alter nicht bewusst\u00bb, stellt Studienleiter Michael Hermann fest. Heute tr\u00e4gt die zweite S\u00e4ule (BVG) f\u00fcr Durchschnittsverdienende, die in Rente gehen, einen gr\u00f6sseren Anteil zum Alterseinkommen bei als die erste S\u00e4ule (AHV). Dennoch sch\u00e4tzen die Befragten im Erwerbsalter die Bedeutung der AHV f\u00fcr ihre finanzielle Absicherung im Alter als deutlich gr\u00f6sser ein als die des BVG. Sie gehen von einer Aufteilung von 44 Prozent (AHV), 33 Prozent (BVG) und 22 Prozent (freiwilliges Sparen) aus. \u00abZu dieser verzerrten Wahrnehmung passt, dass nur 18 Prozent der Erwerbsbev\u00f6lkerung die Summe des eigenen BVG-Vorsorgekapitals \u00fcberhaupt kennen\u00bb, sagt Hermann.<\/p>\n<h3>BVG-Beitr\u00e4ge \u2013 die H\u00e4lfte nimmt sie als Geb\u00fchr oder Steuer wahr<\/h3>\n<p>Obwohl die BVG-Lohnabz\u00fcge direkt ins pers\u00f6nliche Vorsorgekonto einbezahlt werden, nehmen nur 47 Prozent der Erwerbst\u00e4tigen diese als Investition ins eigene Alterskapital wahr. 28 Prozent sehen darin eine Art Steuer (\u00abBeitrag zur Sicherung der Renten in der Schweiz\u00bb) und 21 Prozent halten die Beitr\u00e4ge f\u00fcr eine Geb\u00fchr, die bezahlt werden muss. Die Ausgestaltung und Benennung der BVG-Beitr\u00e4ge als \u00abLohnabzug\u00bb analog zu den AHV-Beitr\u00e4gen tragen dazu bei, dass nur 43 Prozent das eigene Vorsorgekapital \u00fcberhaupt als Teil des Verm\u00f6gens wahrnehmen. \u00abHaben die Lohnbeitr\u00e4ge der beruflichen Vorsorge f\u00fcr die Versicherten den Charakter einer Geb\u00fchr oder Steuer, schw\u00e4cht dies die Grundidee der beruflichen Vorsorge als Sparen f\u00fcr das eigene Alter\u00bb, erkl\u00e4rt Hermann.<\/p>\n<h3>Zweite S\u00e4ule ist meist kein Thema bei Anstellung<\/h3>\n<p>Obwohl sich die Ausgestaltung der Pensionskasse von Unternehmung zu Unternehmung deutlich unterscheiden und es dabei um grosse Geldsummen geht, ist das BVG meist kein Thema bei Anstellungen. \u00abNur bei 22 Prozent spielte die Ausgestaltung der beruflichen Vorsorge bei der Anstellung eine Rolle\u00bb, sagt Hermann. Nur gerade 18 Prozent thematisierten diese im Lauf des Bewerbungsprozesses. Das BVG ist auch hier f\u00fcr die grosse Mehrheit unsichtbar.<\/p>\n<p>Auffallend ist gem\u00e4ss der Studie, dass junge Erwachsene wesentlich seltener Bescheid \u00fcber das BVG wissen als \u00e4ltere Personen. Dabei sind es gerade die J\u00fcngeren, deren Verm\u00f6gensaufbau aufgrund der Verwendung eines grossen Teils ihrer Kapitalertr\u00e4ge f\u00fcr die aktuellen Renten langfristig am st\u00e4rksten betroffen ist. Insgesamt wisse nur ein Drittel der Bev\u00f6lkerung, dass ein Teil der Kapitalertr\u00e4ge der Erwerbst\u00e4tigen heute f\u00fcr die Finanzierung der aktuellen Renten verwendet werden.<\/p>\n<h3>BVG \u2013 mehr Sichtbarkeit und Mitbestimmung<\/h3>\n<p>Wo liegen die L\u00f6sungsans\u00e4tze f\u00fcr die aufgezeigte Problematik? \u00abSoll das Bewusstsein f\u00fcr und die Bedeutung des BVG in der Bev\u00f6lkerung gest\u00e4rkt werden, muss dieses sichtbarer werden und es braucht mehr Mitbestimmung\u00bb, erkl\u00e4rt Hermann. Dies sei die Einsch\u00e4tzung der Bev\u00f6lkerung: 72 Prozent der aktiv Versicherten w\u00fcrden die M\u00f6glichkeit begr\u00fcssen, mit Hilfe einer App jederzeit und \u00fcberall \u00dcberblick \u00fcber die Vorsorgesituation zu erhalten. Ebenso viele sprechen sich f\u00fcr die M\u00f6glichkeit aus, die Pensionskasse (72 %) oder die Anlagestrategie selbst zu w\u00e4hlen (71 %). Neben solchen Massnahmen w\u00fcrde insbesondere auch die generelle Verbesserung des Anlagewissens zu einem besseren Verst\u00e4ndnis f\u00fcr das BVG beitragen. Wer sich mit Kapitalanlagen auskennt, hat meist ein sehr gutes Verst\u00e4ndnis f\u00fcr die Mechanismen des BVG.<\/p>\n<h3>Umverteilung im BVG gilt als unfair<\/h3>\n<p>Nur ein Drittel der Befragten ist sich bewusst, dass heute rund die H\u00e4lfte der Kapitalertr\u00e4ge der Erwerbst\u00e4tigen f\u00fcr die Finanzierung der aktuellen Renten verwendet werden. Werden Personen im Erwerbsalter, die Beitr\u00e4ge ins BVG leisten, jedoch \u00fcber diese Umverteilung ihrer Kapitalertr\u00e4ge informiert, erachten 63 Prozent dies als unfair. Noch mehr, n\u00e4mlich 78 Prozent der Befragten w\u00fcrden es unfair finden, wenn ein Teil der Ertr\u00e4ge ihres Vorsorgekontos der S\u00e4ule 3a f\u00fcr aktuelle Renten verwendet w\u00fcrde. \u00abDies zeigt, dass die pers\u00f6nliche Bindung zum Vorsorgekapital entscheidend daf\u00fcr ist, dass die Verwendung von Ertr\u00e4gen f\u00fcr andere als unfair und systemfremd wahrgenommen wird \u00bb, stellt Hermann fest.<\/p>\n<p><em>Quelle: <a href=\"http:\/\/www.vita.ch\">Vita Sammelstiftungen<\/a><\/em><\/p>\n","protected":false},"excerpt":{"rendered":"<p>Das BVG bzw. die zweite S\u00e4ule steht in der Debatte rund um die Altersvorsorge oft im Hintergrund. Auch dass Milliarden von Schweizer Franken aus den Anlageertr\u00e4gen der aktiven Erwerbst\u00e4tigen f\u00fcr laufende Renten verwendet werden, f\u00fchrt kaum zu Widerstand. Dies zeigte eine zum zweiten Mal durchgef\u00fchrte Studie im Auftrag von Vita und Zurich zum Thema \u00abFairplay [&hellip;]<\/p>\n","protected":false},"author":4,"featured_media":0,"comment_status":"closed","ping_status":"closed","sticky":false,"template":"","format":"standard","meta":{"_acf_changed":false,"_yoast_wpseo_focuskw":"Zweite S\u00e4ule","_yoast_wpseo_metadesc":"Die Schweizer Bev\u00f6lkerung untersch\u00e4tzt die zweite S\u00e4ule f\u00fcr die finanzielle Absicherung im Alter im Vergleich zur AHV systematisch.","articlekey":"","footnotes":""},"categories":[1],"tags":[377,459,516],"class_list":["post-12937","post","type-post","status-publish","format-standard","hentry","category-allgemein","tag-pensionskassen","tag-studie","tag-vorsorge"],"acf":[],"yoast_head":"<!-- This site is optimized with the Yoast SEO plugin v27.5 - https:\/\/yoast.com\/product\/yoast-seo-wordpress\/ -->\n<title>Zweite S\u00e4ule: Bedeutung wird untersch\u00e4tzt - Organisator<\/title>\n<meta name=\"description\" content=\"Die Schweizer Bev\u00f6lkerung untersch\u00e4tzt die zweite S\u00e4ule f\u00fcr die finanzielle Absicherung im Alter im Vergleich zur AHV systematisch.\" \/>\n<meta name=\"robots\" content=\"index, follow, max-snippet:-1, max-image-preview:large, max-video-preview:-1\" \/>\n<link rel=\"canonical\" href=\"https:\/\/www.organisator.ch\/de\/allgemein\/2022-05-19\/zweite-saeule-bedeutung-wird-unterschaetzt\/\" \/>\n<meta property=\"og:locale\" content=\"de_DE\" \/>\n<meta property=\"og:type\" content=\"article\" \/>\n<meta property=\"og:title\" content=\"Zweite S\u00e4ule: Bedeutung wird untersch\u00e4tzt\" \/>\n<meta property=\"og:description\" content=\"Die Schweizer Bev\u00f6lkerung untersch\u00e4tzt die zweite S\u00e4ule f\u00fcr die finanzielle Absicherung im Alter im Vergleich zur AHV systematisch.\" \/>\n<meta property=\"og:url\" content=\"https:\/\/www.organisator.ch\/de\/allgemein\/2022-05-19\/zweite-saeule-bedeutung-wird-unterschaetzt\/\" \/>\n<meta property=\"og:site_name\" content=\"Organisator\" \/>\n<meta property=\"article:publisher\" content=\"https:\/\/www.facebook.com\/OrganisatorFachmagazin\" \/>\n<meta property=\"article:published_time\" content=\"2022-05-19T12:29:47+00:00\" \/>\n<meta property=\"og:image\" content=\"https:\/\/www.organisator.ch\/wp-content\/uploads\/2022\/05\/Zweite-Saeule-Bedeutung-wird-unterschaetzt_Organisator.jpg\" \/>\n\t<meta property=\"og:image:width\" content=\"680\" \/>\n\t<meta property=\"og:image:height\" content=\"510\" \/>\n\t<meta property=\"og:image:type\" content=\"image\/jpeg\" \/>\n<meta name=\"author\" content=\"thomas.berner\" \/>\n<meta name=\"twitter:card\" content=\"summary_large_image\" \/>\n<meta name=\"twitter:title\" content=\"Zweite S\u00e4ule: Bedeutung wird untersch\u00e4tzt\" \/>\n<meta name=\"twitter:description\" content=\"Die Schweizer Bev\u00f6lkerung untersch\u00e4tzt die zweite S\u00e4ule #BVG f\u00fcr die finanzielle Absicherung im Alter im Vergleich zur #AHV systematisch.\" \/>\n<meta name=\"twitter:image\" content=\"https:\/\/www.organisator.ch\/wp-content\/uploads\/2022\/05\/Zweite-Saeule-Bedeutung-wird-unterschaetzt_Organisator.jpg\" \/>\n<script type=\"application\/ld+json\" class=\"yoast-schema-graph\">{\"@context\":\"https:\\\/\\\/schema.org\",\"@graph\":[{\"@type\":\"Article\",\"@id\":\"https:\\\/\\\/www.organisator.ch\\\/de\\\/allgemein\\\/2022-05-19\\\/zweite-saeule-bedeutung-wird-unterschaetzt\\\/#article\",\"isPartOf\":{\"@id\":\"https:\\\/\\\/www.organisator.ch\\\/de\\\/allgemein\\\/2022-05-19\\\/zweite-saeule-bedeutung-wird-unterschaetzt\\\/\"},\"author\":{\"name\":\"thomas.berner\",\"@id\":\"https:\\\/\\\/www.organisator.ch\\\/#\\\/schema\\\/person\\\/6f650f90b2842cd4c0cc334b4e36f67e\"},\"headline\":\"Zweite S\u00e4ule: Bedeutung wird untersch\u00e4tzt\",\"datePublished\":\"2022-05-19T12:29:47+00:00\",\"mainEntityOfPage\":{\"@id\":\"https:\\\/\\\/www.organisator.ch\\\/de\\\/allgemein\\\/2022-05-19\\\/zweite-saeule-bedeutung-wird-unterschaetzt\\\/\"},\"wordCount\":847,\"publisher\":{\"@id\":\"https:\\\/\\\/www.organisator.ch\\\/#organization\"},\"image\":{\"@id\":\"https:\\\/\\\/www.organisator.ch\\\/de\\\/allgemein\\\/2022-05-19\\\/zweite-saeule-bedeutung-wird-unterschaetzt\\\/#primaryimage\"},\"thumbnailUrl\":\"https:\\\/\\\/www.organisator.ch\\\/wp-content\\\/uploads\\\/2022\\\/05\\\/Zweite-Saeule-Bedeutung-wird-unterschaetzt_Organisator.jpg\",\"keywords\":[\"Pensionskassen\",\"Studie\",\"Vorsorge\"],\"inLanguage\":\"de\"},{\"@type\":\"WebPage\",\"@id\":\"https:\\\/\\\/www.organisator.ch\\\/de\\\/allgemein\\\/2022-05-19\\\/zweite-saeule-bedeutung-wird-unterschaetzt\\\/\",\"url\":\"https:\\\/\\\/www.organisator.ch\\\/de\\\/allgemein\\\/2022-05-19\\\/zweite-saeule-bedeutung-wird-unterschaetzt\\\/\",\"name\":\"Zweite S\u00e4ule: Bedeutung wird untersch\u00e4tzt - Organisator\",\"isPartOf\":{\"@id\":\"https:\\\/\\\/www.organisator.ch\\\/#website\"},\"primaryImageOfPage\":{\"@id\":\"https:\\\/\\\/www.organisator.ch\\\/de\\\/allgemein\\\/2022-05-19\\\/zweite-saeule-bedeutung-wird-unterschaetzt\\\/#primaryimage\"},\"image\":{\"@id\":\"https:\\\/\\\/www.organisator.ch\\\/de\\\/allgemein\\\/2022-05-19\\\/zweite-saeule-bedeutung-wird-unterschaetzt\\\/#primaryimage\"},\"thumbnailUrl\":\"https:\\\/\\\/www.organisator.ch\\\/wp-content\\\/uploads\\\/2022\\\/05\\\/Zweite-Saeule-Bedeutung-wird-unterschaetzt_Organisator.jpg\",\"datePublished\":\"2022-05-19T12:29:47+00:00\",\"description\":\"Die Schweizer Bev\u00f6lkerung untersch\u00e4tzt die zweite S\u00e4ule f\u00fcr die finanzielle Absicherung im Alter im Vergleich zur AHV systematisch.\",\"breadcrumb\":{\"@id\":\"https:\\\/\\\/www.organisator.ch\\\/de\\\/allgemein\\\/2022-05-19\\\/zweite-saeule-bedeutung-wird-unterschaetzt\\\/#breadcrumb\"},\"inLanguage\":\"de\",\"potentialAction\":[{\"@type\":\"ReadAction\",\"target\":[\"https:\\\/\\\/www.organisator.ch\\\/de\\\/allgemein\\\/2022-05-19\\\/zweite-saeule-bedeutung-wird-unterschaetzt\\\/\"]}]},{\"@type\":\"ImageObject\",\"inLanguage\":\"de\",\"@id\":\"https:\\\/\\\/www.organisator.ch\\\/de\\\/allgemein\\\/2022-05-19\\\/zweite-saeule-bedeutung-wird-unterschaetzt\\\/#primaryimage\",\"url\":\"https:\\\/\\\/www.organisator.ch\\\/wp-content\\\/uploads\\\/2022\\\/05\\\/Zweite-Saeule-Bedeutung-wird-unterschaetzt_Organisator.jpg\",\"contentUrl\":\"https:\\\/\\\/www.organisator.ch\\\/wp-content\\\/uploads\\\/2022\\\/05\\\/Zweite-Saeule-Bedeutung-wird-unterschaetzt_Organisator.jpg\"},{\"@type\":\"BreadcrumbList\",\"@id\":\"https:\\\/\\\/www.organisator.ch\\\/de\\\/allgemein\\\/2022-05-19\\\/zweite-saeule-bedeutung-wird-unterschaetzt\\\/#breadcrumb\",\"itemListElement\":[{\"@type\":\"ListItem\",\"position\":1,\"name\":\"Home\",\"item\":\"https:\\\/\\\/www.organisator.ch\\\/\"},{\"@type\":\"ListItem\",\"position\":2,\"name\":\"Zweite S\u00e4ule: Bedeutung wird untersch\u00e4tzt\"}]},{\"@type\":\"WebSite\",\"@id\":\"https:\\\/\\\/www.organisator.ch\\\/#website\",\"url\":\"https:\\\/\\\/www.organisator.ch\\\/\",\"name\":\"Organisator\",\"description\":\"Kompetent. Praxisnah. Der ORGANISATOR bereitet in 10 Ausgaben pro Jahr die wesentlichen Themen f\u00fcr F\u00fchrungskr\u00e4fte von KMU auf.\",\"publisher\":{\"@id\":\"https:\\\/\\\/www.organisator.ch\\\/#organization\"},\"potentialAction\":[{\"@type\":\"SearchAction\",\"target\":{\"@type\":\"EntryPoint\",\"urlTemplate\":\"https:\\\/\\\/www.organisator.ch\\\/?s={search_term_string}\"},\"query-input\":{\"@type\":\"PropertyValueSpecification\",\"valueRequired\":true,\"valueName\":\"search_term_string\"}}],\"inLanguage\":\"de\"},{\"@type\":\"Organization\",\"@id\":\"https:\\\/\\\/www.organisator.ch\\\/#organization\",\"name\":\"Organisator\",\"url\":\"https:\\\/\\\/www.organisator.ch\\\/\",\"logo\":{\"@type\":\"ImageObject\",\"inLanguage\":\"de\",\"@id\":\"https:\\\/\\\/www.organisator.ch\\\/#\\\/schema\\\/logo\\\/image\\\/\",\"url\":\"https:\\\/\\\/www.organisator.ch\\\/wp-content\\\/uploads\\\/2022\\\/01\\\/Logo_Organisator_Website.png\",\"contentUrl\":\"https:\\\/\\\/www.organisator.ch\\\/wp-content\\\/uploads\\\/2022\\\/01\\\/Logo_Organisator_Website.png\",\"width\":800,\"height\":77,\"caption\":\"Organisator\"},\"image\":{\"@id\":\"https:\\\/\\\/www.organisator.ch\\\/#\\\/schema\\\/logo\\\/image\\\/\"},\"sameAs\":[\"https:\\\/\\\/www.facebook.com\\\/OrganisatorFachmagazin\",\"https:\\\/\\\/www.linkedin.com\\\/showcase\\\/organisator-das-magazin-fr-kmu\",\"https:\\\/\\\/www.xing.com\\\/news\\\/pages\\\/organisator-ch-695\",\"https:\\\/\\\/www.youtube.com\\\/channel\\\/UCGP2Sq0iWaZwT3BdIAQFYpw\"]},{\"@type\":\"Person\",\"@id\":\"https:\\\/\\\/www.organisator.ch\\\/#\\\/schema\\\/person\\\/6f650f90b2842cd4c0cc334b4e36f67e\",\"name\":\"thomas.berner\",\"image\":{\"@type\":\"ImageObject\",\"inLanguage\":\"de\",\"@id\":\"https:\\\/\\\/secure.gravatar.com\\\/avatar\\\/ac5001d2a36cb6c6cd3e50789007ffca834b477b74a2144564522e944eabff61?s=96&d=mm&r=g\",\"url\":\"https:\\\/\\\/secure.gravatar.com\\\/avatar\\\/ac5001d2a36cb6c6cd3e50789007ffca834b477b74a2144564522e944eabff61?s=96&d=mm&r=g\",\"contentUrl\":\"https:\\\/\\\/secure.gravatar.com\\\/avatar\\\/ac5001d2a36cb6c6cd3e50789007ffca834b477b74a2144564522e944eabff61?s=96&d=mm&r=g\",\"caption\":\"thomas.berner\"},\"url\":\"https:\\\/\\\/www.organisator.ch\\\/de\\\/author\\\/thomas-berner\\\/\"}]}<\/script>\n<!-- \/ Yoast SEO plugin. -->","yoast_head_json":{"title":"Zweite S\u00e4ule: Bedeutung wird untersch\u00e4tzt - Organisator","description":"Die Schweizer Bev\u00f6lkerung untersch\u00e4tzt die zweite S\u00e4ule f\u00fcr die finanzielle Absicherung im Alter im Vergleich zur AHV systematisch.","robots":{"index":"index","follow":"follow","max-snippet":"max-snippet:-1","max-image-preview":"max-image-preview:large","max-video-preview":"max-video-preview:-1"},"canonical":"https:\/\/www.organisator.ch\/de\/allgemein\/2022-05-19\/zweite-saeule-bedeutung-wird-unterschaetzt\/","og_locale":"de_DE","og_type":"article","og_title":"Zweite S\u00e4ule: Bedeutung wird untersch\u00e4tzt","og_description":"Die Schweizer Bev\u00f6lkerung untersch\u00e4tzt die zweite S\u00e4ule f\u00fcr die finanzielle Absicherung im Alter im Vergleich zur AHV systematisch.","og_url":"https:\/\/www.organisator.ch\/de\/allgemein\/2022-05-19\/zweite-saeule-bedeutung-wird-unterschaetzt\/","og_site_name":"Organisator","article_publisher":"https:\/\/www.facebook.com\/OrganisatorFachmagazin","article_published_time":"2022-05-19T12:29:47+00:00","og_image":[{"width":680,"height":510,"url":"https:\/\/www.organisator.ch\/wp-content\/uploads\/2022\/05\/Zweite-Saeule-Bedeutung-wird-unterschaetzt_Organisator.jpg","type":"image\/jpeg"}],"author":"thomas.berner","twitter_card":"summary_large_image","twitter_title":"Zweite S\u00e4ule: Bedeutung wird untersch\u00e4tzt","twitter_description":"Die Schweizer Bev\u00f6lkerung untersch\u00e4tzt die zweite S\u00e4ule #BVG f\u00fcr die finanzielle Absicherung im Alter im Vergleich zur #AHV systematisch.","twitter_image":"https:\/\/www.organisator.ch\/wp-content\/uploads\/2022\/05\/Zweite-Saeule-Bedeutung-wird-unterschaetzt_Organisator.jpg","schema":{"@context":"https:\/\/schema.org","@graph":[{"@type":"Article","@id":"https:\/\/www.organisator.ch\/de\/allgemein\/2022-05-19\/zweite-saeule-bedeutung-wird-unterschaetzt\/#article","isPartOf":{"@id":"https:\/\/www.organisator.ch\/de\/allgemein\/2022-05-19\/zweite-saeule-bedeutung-wird-unterschaetzt\/"},"author":{"name":"thomas.berner","@id":"https:\/\/www.organisator.ch\/#\/schema\/person\/6f650f90b2842cd4c0cc334b4e36f67e"},"headline":"Zweite S\u00e4ule: Bedeutung wird untersch\u00e4tzt","datePublished":"2022-05-19T12:29:47+00:00","mainEntityOfPage":{"@id":"https:\/\/www.organisator.ch\/de\/allgemein\/2022-05-19\/zweite-saeule-bedeutung-wird-unterschaetzt\/"},"wordCount":847,"publisher":{"@id":"https:\/\/www.organisator.ch\/#organization"},"image":{"@id":"https:\/\/www.organisator.ch\/de\/allgemein\/2022-05-19\/zweite-saeule-bedeutung-wird-unterschaetzt\/#primaryimage"},"thumbnailUrl":"https:\/\/www.organisator.ch\/wp-content\/uploads\/2022\/05\/Zweite-Saeule-Bedeutung-wird-unterschaetzt_Organisator.jpg","keywords":["Pensionskassen","Studie","Vorsorge"],"inLanguage":"de"},{"@type":"WebPage","@id":"https:\/\/www.organisator.ch\/de\/allgemein\/2022-05-19\/zweite-saeule-bedeutung-wird-unterschaetzt\/","url":"https:\/\/www.organisator.ch\/de\/allgemein\/2022-05-19\/zweite-saeule-bedeutung-wird-unterschaetzt\/","name":"Zweite S\u00e4ule: Bedeutung wird untersch\u00e4tzt - Organisator","isPartOf":{"@id":"https:\/\/www.organisator.ch\/#website"},"primaryImageOfPage":{"@id":"https:\/\/www.organisator.ch\/de\/allgemein\/2022-05-19\/zweite-saeule-bedeutung-wird-unterschaetzt\/#primaryimage"},"image":{"@id":"https:\/\/www.organisator.ch\/de\/allgemein\/2022-05-19\/zweite-saeule-bedeutung-wird-unterschaetzt\/#primaryimage"},"thumbnailUrl":"https:\/\/www.organisator.ch\/wp-content\/uploads\/2022\/05\/Zweite-Saeule-Bedeutung-wird-unterschaetzt_Organisator.jpg","datePublished":"2022-05-19T12:29:47+00:00","description":"Die Schweizer Bev\u00f6lkerung untersch\u00e4tzt die zweite S\u00e4ule f\u00fcr die finanzielle Absicherung im Alter im Vergleich zur AHV systematisch.","breadcrumb":{"@id":"https:\/\/www.organisator.ch\/de\/allgemein\/2022-05-19\/zweite-saeule-bedeutung-wird-unterschaetzt\/#breadcrumb"},"inLanguage":"de","potentialAction":[{"@type":"ReadAction","target":["https:\/\/www.organisator.ch\/de\/allgemein\/2022-05-19\/zweite-saeule-bedeutung-wird-unterschaetzt\/"]}]},{"@type":"ImageObject","inLanguage":"de","@id":"https:\/\/www.organisator.ch\/de\/allgemein\/2022-05-19\/zweite-saeule-bedeutung-wird-unterschaetzt\/#primaryimage","url":"https:\/\/www.organisator.ch\/wp-content\/uploads\/2022\/05\/Zweite-Saeule-Bedeutung-wird-unterschaetzt_Organisator.jpg","contentUrl":"https:\/\/www.organisator.ch\/wp-content\/uploads\/2022\/05\/Zweite-Saeule-Bedeutung-wird-unterschaetzt_Organisator.jpg"},{"@type":"BreadcrumbList","@id":"https:\/\/www.organisator.ch\/de\/allgemein\/2022-05-19\/zweite-saeule-bedeutung-wird-unterschaetzt\/#breadcrumb","itemListElement":[{"@type":"ListItem","position":1,"name":"Home","item":"https:\/\/www.organisator.ch\/"},{"@type":"ListItem","position":2,"name":"Zweite S\u00e4ule: Bedeutung wird untersch\u00e4tzt"}]},{"@type":"WebSite","@id":"https:\/\/www.organisator.ch\/#website","url":"https:\/\/www.organisator.ch\/","name":"Organisator","description":"Kompetent. Praxisnah. Der ORGANISATOR bereitet in 10 Ausgaben pro Jahr die wesentlichen Themen f\u00fcr F\u00fchrungskr\u00e4fte von KMU auf.","publisher":{"@id":"https:\/\/www.organisator.ch\/#organization"},"potentialAction":[{"@type":"SearchAction","target":{"@type":"EntryPoint","urlTemplate":"https:\/\/www.organisator.ch\/?s={search_term_string}"},"query-input":{"@type":"PropertyValueSpecification","valueRequired":true,"valueName":"search_term_string"}}],"inLanguage":"de"},{"@type":"Organization","@id":"https:\/\/www.organisator.ch\/#organization","name":"Organisator","url":"https:\/\/www.organisator.ch\/","logo":{"@type":"ImageObject","inLanguage":"de","@id":"https:\/\/www.organisator.ch\/#\/schema\/logo\/image\/","url":"https:\/\/www.organisator.ch\/wp-content\/uploads\/2022\/01\/Logo_Organisator_Website.png","contentUrl":"https:\/\/www.organisator.ch\/wp-content\/uploads\/2022\/01\/Logo_Organisator_Website.png","width":800,"height":77,"caption":"Organisator"},"image":{"@id":"https:\/\/www.organisator.ch\/#\/schema\/logo\/image\/"},"sameAs":["https:\/\/www.facebook.com\/OrganisatorFachmagazin","https:\/\/www.linkedin.com\/showcase\/organisator-das-magazin-fr-kmu","https:\/\/www.xing.com\/news\/pages\/organisator-ch-695","https:\/\/www.youtube.com\/channel\/UCGP2Sq0iWaZwT3BdIAQFYpw"]},{"@type":"Person","@id":"https:\/\/www.organisator.ch\/#\/schema\/person\/6f650f90b2842cd4c0cc334b4e36f67e","name":"thomas.berner","image":{"@type":"ImageObject","inLanguage":"de","@id":"https:\/\/secure.gravatar.com\/avatar\/ac5001d2a36cb6c6cd3e50789007ffca834b477b74a2144564522e944eabff61?s=96&d=mm&r=g","url":"https:\/\/secure.gravatar.com\/avatar\/ac5001d2a36cb6c6cd3e50789007ffca834b477b74a2144564522e944eabff61?s=96&d=mm&r=g","contentUrl":"https:\/\/secure.gravatar.com\/avatar\/ac5001d2a36cb6c6cd3e50789007ffca834b477b74a2144564522e944eabff61?s=96&d=mm&r=g","caption":"thomas.berner"},"url":"https:\/\/www.organisator.ch\/de\/author\/thomas-berner\/"}]}},"_links":{"self":[{"href":"https:\/\/www.organisator.ch\/de\/wp-json\/wp\/v2\/posts\/12937","targetHints":{"allow":["GET"]}}],"collection":[{"href":"https:\/\/www.organisator.ch\/de\/wp-json\/wp\/v2\/posts"}],"about":[{"href":"https:\/\/www.organisator.ch\/de\/wp-json\/wp\/v2\/types\/post"}],"author":[{"embeddable":true,"href":"https:\/\/www.organisator.ch\/de\/wp-json\/wp\/v2\/users\/4"}],"replies":[{"embeddable":true,"href":"https:\/\/www.organisator.ch\/de\/wp-json\/wp\/v2\/comments?post=12937"}],"version-history":[{"count":1,"href":"https:\/\/www.organisator.ch\/de\/wp-json\/wp\/v2\/posts\/12937\/revisions"}],"predecessor-version":[{"id":12939,"href":"https:\/\/www.organisator.ch\/de\/wp-json\/wp\/v2\/posts\/12937\/revisions\/12939"}],"wp:attachment":[{"href":"https:\/\/www.organisator.ch\/de\/wp-json\/wp\/v2\/media?parent=12937"}],"wp:term":[{"taxonomy":"category","embeddable":true,"href":"https:\/\/www.organisator.ch\/de\/wp-json\/wp\/v2\/categories?post=12937"},{"taxonomy":"post_tag","embeddable":true,"href":"https:\/\/www.organisator.ch\/de\/wp-json\/wp\/v2\/tags?post=12937"}],"curies":[{"name":"wp","href":"https:\/\/api.w.org\/{rel}","templated":true}]}}