{"id":12958,"date":"2022-05-20T09:11:11","date_gmt":"2022-05-20T07:11:11","guid":{"rendered":"https:\/\/www.organisator.ch\/?p=12958"},"modified":"2022-05-20T09:11:11","modified_gmt":"2022-05-20T07:11:11","slug":"digitalswitzerland-waehlt-sechs-neue-vorstandsmitglieder","status":"publish","type":"post","link":"https:\/\/www.organisator.ch\/de\/management\/2022-05-20\/digitalswitzerland-waehlt-sechs-neue-vorstandsmitglieder\/","title":{"rendered":"digitalswitzerland w\u00e4hlt sechs neue Vorstandsmitglieder"},"content":{"rendered":"<figure id=\"attachment_12960\" aria-describedby=\"caption-attachment-12960\" style=\"width: 680px\" class=\"wp-caption alignnone\"><img loading=\"lazy\" decoding=\"async\" class=\"size-full wp-image-12960\" src=\"https:\/\/www.organisator.ch\/wp-content\/uploads\/2022\/05\/digitalswitzerland-waehlt-sechs-neue-Vorstandsmitglieder_Organisator-1.jpg\" alt=\"\" width=\"680\" height=\"363\" srcset=\"https:\/\/www.organisator.ch\/wp-content\/uploads\/2022\/05\/digitalswitzerland-waehlt-sechs-neue-Vorstandsmitglieder_Organisator-1.jpg 680w, https:\/\/www.organisator.ch\/wp-content\/uploads\/2022\/05\/digitalswitzerland-waehlt-sechs-neue-Vorstandsmitglieder_Organisator-1-18x10.jpg 18w, https:\/\/www.organisator.ch\/wp-content\/uploads\/2022\/05\/digitalswitzerland-waehlt-sechs-neue-Vorstandsmitglieder_Organisator-1-328x175.jpg 328w, https:\/\/www.organisator.ch\/wp-content\/uploads\/2022\/05\/digitalswitzerland-waehlt-sechs-neue-Vorstandsmitglieder_Organisator-1-656x350.jpg 656w, https:\/\/www.organisator.ch\/wp-content\/uploads\/2022\/05\/digitalswitzerland-waehlt-sechs-neue-Vorstandsmitglieder_Organisator-1-300x160.jpg 300w\" sizes=\"auto, (max-width: 680px) 100vw, 680px\" \/><figcaption id=\"caption-attachment-12960\" class=\"wp-caption-text\">digitalswitzerland ist eine schweizweite, branchen\u00fcbergreifende Initiative, welche die Schweiz als weltweit f\u00fchrenden digitalen Innovationsstandort st\u00e4rken und verankern will.<\/figcaption><\/figure>\n<p>An der Generalversammlung von digitalswitzerland wurden mit Philomena Colatrella (CEO CSS) Anna Takihara (Google) &amp; Jill K\u00fcmin (Google) im Jobsharing-Tandem, Rainer Baumann (COO Migros Genossenschafts Bund), Adrian M\u00fcller (Swico) und Sabine Magri (COO UBS Schweiz) sechs neue Vorstandsmitglieder gew\u00e4hlt. Mit dem vor einem Jahr zum Pr\u00e4sidenten berufenen Sascha Zahnd umfasst der digitalswitzerland Vorstand 23 Mitglieder. Die von einem sechsk\u00f6pfigen Nominierungsausschuss zur Wahl vorgeschlagenen Kandidaten erhielten ein einstimmiges Votum der Generalversammlung. Diese \u00c4nderung ist auf den R\u00fccktritt von sechs Vorstandsmitgliedern zur\u00fcckzuf\u00fchren. \u201eIch danke den ausscheidenden Mitgliedern herzlich f\u00fcr ihr grosses Engagement. Mit den neuen Vorstandsmitgliedern wird das transversale Wissen unseres Vorstandes ideal komplettiert und es ist erfreulich, dass wir bei der Nomination auf Vielfalt achten konnten&#8220;, betont Sascha Zahnd, Pr\u00e4sident digitalswitzerland. Sascha Zahnd (Pr\u00e4sident), Yvonne Bettkober, Nicole Burth, Marcel Dobler, Thomas Flatt, Ivo Furrer, Peter Gr\u00fctter, Catrin Hinkel, Ren\u00e9 H\u00fcsler, Marco Huwiler, Gabriela Keller, Christian Keller, C\u00e9dric Moret, Christophe Nicolas, Marcel Stalder, Marc Walder, Anja Wyden Guelpa wurden f\u00fcr eine weitere einj\u00e4hrige Amtsperiode wiedergew\u00e4hlt. Seit der Gr\u00fcndung der schweizweiten, branchen\u00fcbergreifenden Initiative im Jahr 2015 unterst\u00fctzen mittlerweile \u00fcber 240 Vereinsmitglieder und politisch neutrale Stiftungspartner die Schweiz auf ihrem Weg zu einem f\u00fchrenden digitalen Innovationsstandort.<\/p>\n<p>Das Jahr 2022 markiere f\u00fcr digitalswitzerland eine wichtige Etappe der Strategieverfeinerung und Neuausrichtung, wie es heisst. Die Ernennung des neuen Managing Director Stefan Metzger im Januar 2022 unterstreiche den \u00dcbergang zu einer st\u00e4rkeren Wirkungsorientierung mit sechs Schwerpunktaktivit\u00e4ten, teilt der Verband weiter mit. Die Weiterentwicklung der Strategie, bekannt als Strategie 2025, definiert die wichtigsten Erfolgsfaktoren, die eine digitale Nation auszeichnen sollen. Die Priorit\u00e4ten von digitalswitzerland f\u00fcr 2022 konzentrieren sich auf die\u00a0 Wirkungsbereiche Bildung, Cybersecurity, e-Health, e-Sustainability, St\u00e4rkung von Regionen und KMU und schliesslich Cloud-Verf\u00fcgbarkeit und Infrastruktur.\u00a0\u201eZeiten des Wandels schaffen neue M\u00f6glichkeiten. Ich blicke mit Begeisterung und Optimismus auf die n\u00e4chsten 12 Monate. Als Team und als Nation haben wir in letzter Zeit viele Herausforderungen gemeistert. Die anhaltenden Auswirkungen der Covid-19-Pandemie und die rasante Digitalisierung haben eine neue Normalit\u00e4t geschaffen, die unsere Lebensweise pr\u00e4gt. Unsere Strategie begr\u00fcsst Ambiguit\u00e4t und macht sie zu unserem Vorteil. Sie erm\u00f6glicht Flexibilit\u00e4t und Gestaltungsfreiheit, ohne dabei den Fokus auf unsere Wirkungsbereiche zu verlieren\u201d, sagt Stefan Metzger, Managing Director digitalswitzerland.<\/p>\n<p><a href=\"https:\/\/digitalswitzerland.com\/\"><em>Weitere Informationen<\/em><\/a><\/p>\n","protected":false},"excerpt":{"rendered":"<p>An der Generalversammlung von digitalswitzerland wurden mit Philomena Colatrella (CEO CSS) Anna Takihara (Google) &amp; Jill K\u00fcmin (Google) im Jobsharing-Tandem, Rainer Baumann (COO Migros Genossenschafts Bund), Adrian M\u00fcller (Swico) und Sabine Magri (COO UBS Schweiz) sechs neue Vorstandsmitglieder gew\u00e4hlt. Mit dem vor einem Jahr zum Pr\u00e4sidenten berufenen Sascha Zahnd umfasst der digitalswitzerland Vorstand 23 Mitglieder. [&hellip;]<\/p>\n","protected":false},"author":4,"featured_media":12960,"comment_status":"closed","ping_status":"closed","sticky":false,"template":"","format":"standard","meta":{"_acf_changed":false,"_yoast_wpseo_focuskw":"digitalswitzerland","_yoast_wpseo_metadesc":"An der Generalversammlung von digitalswitzerland wurden sechs neue Mitglieder in den Vorstand gew\u00e4hlt.","articlekey":"","footnotes":""},"categories":[28],"tags":[156,334,503],"class_list":["post-12958","post","type-post","status-publish","format-standard","has-post-thumbnail","hentry","category-management","tag-digitalisierung","tag-management","tag-verbaende"],"acf":[],"yoast_head":"<!-- This site is optimized with the Yoast SEO plugin v27.5 - https:\/\/yoast.com\/product\/yoast-seo-wordpress\/ -->\n<title>digitalswitzerland w\u00e4hlt sechs neue Vorstandsmitglieder - Organisator<\/title>\n<meta name=\"description\" content=\"An der Generalversammlung von digitalswitzerland wurden sechs neue Mitglieder in den Vorstand gew\u00e4hlt.\" \/>\n<meta name=\"robots\" content=\"index, follow, max-snippet:-1, max-image-preview:large, max-video-preview:-1\" \/>\n<link rel=\"canonical\" href=\"https:\/\/www.organisator.ch\/de\/management\/2022-05-20\/digitalswitzerland-waehlt-sechs-neue-vorstandsmitglieder\/\" \/>\n<meta property=\"og:locale\" content=\"de_DE\" \/>\n<meta property=\"og:type\" content=\"article\" \/>\n<meta property=\"og:title\" content=\"digitalswitzerland w\u00e4hlt sechs neue Vorstandsmitglieder\" \/>\n<meta property=\"og:description\" content=\"An der Generalversammlung von digitalswitzerland wurden sechs neue Mitglieder in den Vorstand gew\u00e4hlt.\" \/>\n<meta property=\"og:url\" content=\"https:\/\/www.organisator.ch\/de\/management\/2022-05-20\/digitalswitzerland-waehlt-sechs-neue-vorstandsmitglieder\/\" \/>\n<meta property=\"og:site_name\" content=\"Organisator\" \/>\n<meta property=\"article:publisher\" content=\"https:\/\/www.facebook.com\/OrganisatorFachmagazin\" \/>\n<meta property=\"article:published_time\" content=\"2022-05-20T07:11:11+00:00\" \/>\n<meta property=\"og:image\" content=\"https:\/\/www.organisator.ch\/wp-content\/uploads\/2022\/05\/digitalswitzerland-waehlt-sechs-neue-Vorstandsmitglieder_Organisator-1.jpg\" \/>\n\t<meta property=\"og:image:width\" content=\"680\" \/>\n\t<meta property=\"og:image:height\" content=\"363\" \/>\n\t<meta property=\"og:image:type\" content=\"image\/jpeg\" \/>\n<meta name=\"author\" content=\"thomas.berner\" \/>\n<meta name=\"twitter:card\" content=\"summary_large_image\" \/>\n<meta name=\"twitter:title\" content=\"#digitalswitzerland w\u00e4hlt sechs neue #Vorstandsmitglieder\" \/>\n<meta name=\"twitter:description\" content=\"An der Generalversammlung von #digitalswitzerland wurden sechs neue Mitglieder in den #Vorstand gew\u00e4hlt.\" \/>\n<meta name=\"twitter:image\" content=\"https:\/\/www.organisator.ch\/wp-content\/uploads\/2022\/05\/digitalswitzerland-waehlt-sechs-neue-Vorstandsmitglieder_Organisator-1.jpg\" \/>\n<script type=\"application\/ld+json\" class=\"yoast-schema-graph\">{\"@context\":\"https:\\\/\\\/schema.org\",\"@graph\":[{\"@type\":\"Article\",\"@id\":\"https:\\\/\\\/www.organisator.ch\\\/management\\\/2022-05-20\\\/digitalswitzerland-waehlt-sechs-neue-vorstandsmitglieder\\\/#article\",\"isPartOf\":{\"@id\":\"https:\\\/\\\/www.organisator.ch\\\/management\\\/2022-05-20\\\/digitalswitzerland-waehlt-sechs-neue-vorstandsmitglieder\\\/\"},\"author\":{\"name\":\"thomas.berner\",\"@id\":\"https:\\\/\\\/www.organisator.ch\\\/#\\\/schema\\\/person\\\/6f650f90b2842cd4c0cc334b4e36f67e\"},\"headline\":\"digitalswitzerland w\u00e4hlt sechs neue Vorstandsmitglieder\",\"datePublished\":\"2022-05-20T07:11:11+00:00\",\"mainEntityOfPage\":{\"@id\":\"https:\\\/\\\/www.organisator.ch\\\/management\\\/2022-05-20\\\/digitalswitzerland-waehlt-sechs-neue-vorstandsmitglieder\\\/\"},\"wordCount\":420,\"publisher\":{\"@id\":\"https:\\\/\\\/www.organisator.ch\\\/#organization\"},\"image\":{\"@id\":\"https:\\\/\\\/www.organisator.ch\\\/management\\\/2022-05-20\\\/digitalswitzerland-waehlt-sechs-neue-vorstandsmitglieder\\\/#primaryimage\"},\"thumbnailUrl\":\"https:\\\/\\\/www.organisator.ch\\\/wp-content\\\/uploads\\\/2022\\\/05\\\/digitalswitzerland-waehlt-sechs-neue-Vorstandsmitglieder_Organisator-1.jpg\",\"keywords\":[\"Digitalisierung\",\"Management\",\"Verb\u00e4nde\"],\"articleSection\":[\"MANAGEMENT\"],\"inLanguage\":\"de\"},{\"@type\":\"WebPage\",\"@id\":\"https:\\\/\\\/www.organisator.ch\\\/management\\\/2022-05-20\\\/digitalswitzerland-waehlt-sechs-neue-vorstandsmitglieder\\\/\",\"url\":\"https:\\\/\\\/www.organisator.ch\\\/management\\\/2022-05-20\\\/digitalswitzerland-waehlt-sechs-neue-vorstandsmitglieder\\\/\",\"name\":\"digitalswitzerland w\u00e4hlt sechs neue Vorstandsmitglieder - Organisator\",\"isPartOf\":{\"@id\":\"https:\\\/\\\/www.organisator.ch\\\/#website\"},\"primaryImageOfPage\":{\"@id\":\"https:\\\/\\\/www.organisator.ch\\\/management\\\/2022-05-20\\\/digitalswitzerland-waehlt-sechs-neue-vorstandsmitglieder\\\/#primaryimage\"},\"image\":{\"@id\":\"https:\\\/\\\/www.organisator.ch\\\/management\\\/2022-05-20\\\/digitalswitzerland-waehlt-sechs-neue-vorstandsmitglieder\\\/#primaryimage\"},\"thumbnailUrl\":\"https:\\\/\\\/www.organisator.ch\\\/wp-content\\\/uploads\\\/2022\\\/05\\\/digitalswitzerland-waehlt-sechs-neue-Vorstandsmitglieder_Organisator-1.jpg\",\"datePublished\":\"2022-05-20T07:11:11+00:00\",\"description\":\"An der Generalversammlung von digitalswitzerland wurden sechs neue Mitglieder in den Vorstand gew\u00e4hlt.\",\"breadcrumb\":{\"@id\":\"https:\\\/\\\/www.organisator.ch\\\/management\\\/2022-05-20\\\/digitalswitzerland-waehlt-sechs-neue-vorstandsmitglieder\\\/#breadcrumb\"},\"inLanguage\":\"de\",\"potentialAction\":[{\"@type\":\"ReadAction\",\"target\":[\"https:\\\/\\\/www.organisator.ch\\\/management\\\/2022-05-20\\\/digitalswitzerland-waehlt-sechs-neue-vorstandsmitglieder\\\/\"]}]},{\"@type\":\"ImageObject\",\"inLanguage\":\"de\",\"@id\":\"https:\\\/\\\/www.organisator.ch\\\/management\\\/2022-05-20\\\/digitalswitzerland-waehlt-sechs-neue-vorstandsmitglieder\\\/#primaryimage\",\"url\":\"https:\\\/\\\/www.organisator.ch\\\/wp-content\\\/uploads\\\/2022\\\/05\\\/digitalswitzerland-waehlt-sechs-neue-Vorstandsmitglieder_Organisator-1.jpg\",\"contentUrl\":\"https:\\\/\\\/www.organisator.ch\\\/wp-content\\\/uploads\\\/2022\\\/05\\\/digitalswitzerland-waehlt-sechs-neue-Vorstandsmitglieder_Organisator-1.jpg\",\"width\":680,\"height\":363,\"caption\":\"digitalswitzerland ist eine schweizweite, branchen\u00fcbergreifende Initiative, welche die Schweiz als weltweit f\u00fchrenden digitalen Innovationsstandort st\u00e4rken und verankern will.\"},{\"@type\":\"BreadcrumbList\",\"@id\":\"https:\\\/\\\/www.organisator.ch\\\/management\\\/2022-05-20\\\/digitalswitzerland-waehlt-sechs-neue-vorstandsmitglieder\\\/#breadcrumb\",\"itemListElement\":[{\"@type\":\"ListItem\",\"position\":1,\"name\":\"Home\",\"item\":\"https:\\\/\\\/www.organisator.ch\\\/\"},{\"@type\":\"ListItem\",\"position\":2,\"name\":\"digitalswitzerland w\u00e4hlt sechs neue Vorstandsmitglieder\"}]},{\"@type\":\"WebSite\",\"@id\":\"https:\\\/\\\/www.organisator.ch\\\/#website\",\"url\":\"https:\\\/\\\/www.organisator.ch\\\/\",\"name\":\"Organisator\",\"description\":\"Kompetent. Praxisnah. Der ORGANISATOR bereitet in 10 Ausgaben pro Jahr die wesentlichen Themen f\u00fcr F\u00fchrungskr\u00e4fte von KMU auf.\",\"publisher\":{\"@id\":\"https:\\\/\\\/www.organisator.ch\\\/#organization\"},\"potentialAction\":[{\"@type\":\"SearchAction\",\"target\":{\"@type\":\"EntryPoint\",\"urlTemplate\":\"https:\\\/\\\/www.organisator.ch\\\/?s={search_term_string}\"},\"query-input\":{\"@type\":\"PropertyValueSpecification\",\"valueRequired\":true,\"valueName\":\"search_term_string\"}}],\"inLanguage\":\"de\"},{\"@type\":\"Organization\",\"@id\":\"https:\\\/\\\/www.organisator.ch\\\/#organization\",\"name\":\"Organisator\",\"url\":\"https:\\\/\\\/www.organisator.ch\\\/\",\"logo\":{\"@type\":\"ImageObject\",\"inLanguage\":\"de\",\"@id\":\"https:\\\/\\\/www.organisator.ch\\\/#\\\/schema\\\/logo\\\/image\\\/\",\"url\":\"https:\\\/\\\/www.organisator.ch\\\/wp-content\\\/uploads\\\/2022\\\/01\\\/Logo_Organisator_Website.png\",\"contentUrl\":\"https:\\\/\\\/www.organisator.ch\\\/wp-content\\\/uploads\\\/2022\\\/01\\\/Logo_Organisator_Website.png\",\"width\":800,\"height\":77,\"caption\":\"Organisator\"},\"image\":{\"@id\":\"https:\\\/\\\/www.organisator.ch\\\/#\\\/schema\\\/logo\\\/image\\\/\"},\"sameAs\":[\"https:\\\/\\\/www.facebook.com\\\/OrganisatorFachmagazin\",\"https:\\\/\\\/www.linkedin.com\\\/showcase\\\/organisator-das-magazin-fr-kmu\",\"https:\\\/\\\/www.xing.com\\\/news\\\/pages\\\/organisator-ch-695\",\"https:\\\/\\\/www.youtube.com\\\/channel\\\/UCGP2Sq0iWaZwT3BdIAQFYpw\"]},{\"@type\":\"Person\",\"@id\":\"https:\\\/\\\/www.organisator.ch\\\/#\\\/schema\\\/person\\\/6f650f90b2842cd4c0cc334b4e36f67e\",\"name\":\"thomas.berner\",\"image\":{\"@type\":\"ImageObject\",\"inLanguage\":\"de\",\"@id\":\"https:\\\/\\\/secure.gravatar.com\\\/avatar\\\/ac5001d2a36cb6c6cd3e50789007ffca834b477b74a2144564522e944eabff61?s=96&d=mm&r=g\",\"url\":\"https:\\\/\\\/secure.gravatar.com\\\/avatar\\\/ac5001d2a36cb6c6cd3e50789007ffca834b477b74a2144564522e944eabff61?s=96&d=mm&r=g\",\"contentUrl\":\"https:\\\/\\\/secure.gravatar.com\\\/avatar\\\/ac5001d2a36cb6c6cd3e50789007ffca834b477b74a2144564522e944eabff61?s=96&d=mm&r=g\",\"caption\":\"thomas.berner\"},\"url\":\"https:\\\/\\\/www.organisator.ch\\\/de\\\/author\\\/thomas-berner\\\/\"}]}<\/script>\n<!-- \/ Yoast SEO plugin. -->","yoast_head_json":{"title":"digitalswitzerland w\u00e4hlt sechs neue Vorstandsmitglieder - Organisator","description":"An der Generalversammlung von digitalswitzerland wurden sechs neue Mitglieder in den Vorstand gew\u00e4hlt.","robots":{"index":"index","follow":"follow","max-snippet":"max-snippet:-1","max-image-preview":"max-image-preview:large","max-video-preview":"max-video-preview:-1"},"canonical":"https:\/\/www.organisator.ch\/de\/management\/2022-05-20\/digitalswitzerland-waehlt-sechs-neue-vorstandsmitglieder\/","og_locale":"de_DE","og_type":"article","og_title":"digitalswitzerland w\u00e4hlt sechs neue Vorstandsmitglieder","og_description":"An der Generalversammlung von digitalswitzerland wurden sechs neue Mitglieder in den Vorstand gew\u00e4hlt.","og_url":"https:\/\/www.organisator.ch\/de\/management\/2022-05-20\/digitalswitzerland-waehlt-sechs-neue-vorstandsmitglieder\/","og_site_name":"Organisator","article_publisher":"https:\/\/www.facebook.com\/OrganisatorFachmagazin","article_published_time":"2022-05-20T07:11:11+00:00","og_image":[{"width":680,"height":363,"url":"https:\/\/www.organisator.ch\/wp-content\/uploads\/2022\/05\/digitalswitzerland-waehlt-sechs-neue-Vorstandsmitglieder_Organisator-1.jpg","type":"image\/jpeg"}],"author":"thomas.berner","twitter_card":"summary_large_image","twitter_title":"#digitalswitzerland w\u00e4hlt sechs neue #Vorstandsmitglieder","twitter_description":"An der Generalversammlung von #digitalswitzerland wurden sechs neue Mitglieder in den #Vorstand gew\u00e4hlt.","twitter_image":"https:\/\/www.organisator.ch\/wp-content\/uploads\/2022\/05\/digitalswitzerland-waehlt-sechs-neue-Vorstandsmitglieder_Organisator-1.jpg","schema":{"@context":"https:\/\/schema.org","@graph":[{"@type":"Article","@id":"https:\/\/www.organisator.ch\/management\/2022-05-20\/digitalswitzerland-waehlt-sechs-neue-vorstandsmitglieder\/#article","isPartOf":{"@id":"https:\/\/www.organisator.ch\/management\/2022-05-20\/digitalswitzerland-waehlt-sechs-neue-vorstandsmitglieder\/"},"author":{"name":"thomas.berner","@id":"https:\/\/www.organisator.ch\/#\/schema\/person\/6f650f90b2842cd4c0cc334b4e36f67e"},"headline":"digitalswitzerland w\u00e4hlt sechs neue Vorstandsmitglieder","datePublished":"2022-05-20T07:11:11+00:00","mainEntityOfPage":{"@id":"https:\/\/www.organisator.ch\/management\/2022-05-20\/digitalswitzerland-waehlt-sechs-neue-vorstandsmitglieder\/"},"wordCount":420,"publisher":{"@id":"https:\/\/www.organisator.ch\/#organization"},"image":{"@id":"https:\/\/www.organisator.ch\/management\/2022-05-20\/digitalswitzerland-waehlt-sechs-neue-vorstandsmitglieder\/#primaryimage"},"thumbnailUrl":"https:\/\/www.organisator.ch\/wp-content\/uploads\/2022\/05\/digitalswitzerland-waehlt-sechs-neue-Vorstandsmitglieder_Organisator-1.jpg","keywords":["Digitalisierung","Management","Verb\u00e4nde"],"articleSection":["MANAGEMENT"],"inLanguage":"de"},{"@type":"WebPage","@id":"https:\/\/www.organisator.ch\/management\/2022-05-20\/digitalswitzerland-waehlt-sechs-neue-vorstandsmitglieder\/","url":"https:\/\/www.organisator.ch\/management\/2022-05-20\/digitalswitzerland-waehlt-sechs-neue-vorstandsmitglieder\/","name":"digitalswitzerland w\u00e4hlt sechs neue Vorstandsmitglieder - Organisator","isPartOf":{"@id":"https:\/\/www.organisator.ch\/#website"},"primaryImageOfPage":{"@id":"https:\/\/www.organisator.ch\/management\/2022-05-20\/digitalswitzerland-waehlt-sechs-neue-vorstandsmitglieder\/#primaryimage"},"image":{"@id":"https:\/\/www.organisator.ch\/management\/2022-05-20\/digitalswitzerland-waehlt-sechs-neue-vorstandsmitglieder\/#primaryimage"},"thumbnailUrl":"https:\/\/www.organisator.ch\/wp-content\/uploads\/2022\/05\/digitalswitzerland-waehlt-sechs-neue-Vorstandsmitglieder_Organisator-1.jpg","datePublished":"2022-05-20T07:11:11+00:00","description":"An der Generalversammlung von digitalswitzerland wurden sechs neue Mitglieder in den Vorstand gew\u00e4hlt.","breadcrumb":{"@id":"https:\/\/www.organisator.ch\/management\/2022-05-20\/digitalswitzerland-waehlt-sechs-neue-vorstandsmitglieder\/#breadcrumb"},"inLanguage":"de","potentialAction":[{"@type":"ReadAction","target":["https:\/\/www.organisator.ch\/management\/2022-05-20\/digitalswitzerland-waehlt-sechs-neue-vorstandsmitglieder\/"]}]},{"@type":"ImageObject","inLanguage":"de","@id":"https:\/\/www.organisator.ch\/management\/2022-05-20\/digitalswitzerland-waehlt-sechs-neue-vorstandsmitglieder\/#primaryimage","url":"https:\/\/www.organisator.ch\/wp-content\/uploads\/2022\/05\/digitalswitzerland-waehlt-sechs-neue-Vorstandsmitglieder_Organisator-1.jpg","contentUrl":"https:\/\/www.organisator.ch\/wp-content\/uploads\/2022\/05\/digitalswitzerland-waehlt-sechs-neue-Vorstandsmitglieder_Organisator-1.jpg","width":680,"height":363,"caption":"digitalswitzerland ist eine schweizweite, branchen\u00fcbergreifende Initiative, welche die Schweiz als weltweit f\u00fchrenden digitalen Innovationsstandort st\u00e4rken und verankern will."},{"@type":"BreadcrumbList","@id":"https:\/\/www.organisator.ch\/management\/2022-05-20\/digitalswitzerland-waehlt-sechs-neue-vorstandsmitglieder\/#breadcrumb","itemListElement":[{"@type":"ListItem","position":1,"name":"Home","item":"https:\/\/www.organisator.ch\/"},{"@type":"ListItem","position":2,"name":"digitalswitzerland w\u00e4hlt sechs neue Vorstandsmitglieder"}]},{"@type":"WebSite","@id":"https:\/\/www.organisator.ch\/#website","url":"https:\/\/www.organisator.ch\/","name":"Organisator","description":"Kompetent. Praxisnah. Der ORGANISATOR bereitet in 10 Ausgaben pro Jahr die wesentlichen Themen f\u00fcr F\u00fchrungskr\u00e4fte von KMU auf.","publisher":{"@id":"https:\/\/www.organisator.ch\/#organization"},"potentialAction":[{"@type":"SearchAction","target":{"@type":"EntryPoint","urlTemplate":"https:\/\/www.organisator.ch\/?s={search_term_string}"},"query-input":{"@type":"PropertyValueSpecification","valueRequired":true,"valueName":"search_term_string"}}],"inLanguage":"de"},{"@type":"Organization","@id":"https:\/\/www.organisator.ch\/#organization","name":"Organisator","url":"https:\/\/www.organisator.ch\/","logo":{"@type":"ImageObject","inLanguage":"de","@id":"https:\/\/www.organisator.ch\/#\/schema\/logo\/image\/","url":"https:\/\/www.organisator.ch\/wp-content\/uploads\/2022\/01\/Logo_Organisator_Website.png","contentUrl":"https:\/\/www.organisator.ch\/wp-content\/uploads\/2022\/01\/Logo_Organisator_Website.png","width":800,"height":77,"caption":"Organisator"},"image":{"@id":"https:\/\/www.organisator.ch\/#\/schema\/logo\/image\/"},"sameAs":["https:\/\/www.facebook.com\/OrganisatorFachmagazin","https:\/\/www.linkedin.com\/showcase\/organisator-das-magazin-fr-kmu","https:\/\/www.xing.com\/news\/pages\/organisator-ch-695","https:\/\/www.youtube.com\/channel\/UCGP2Sq0iWaZwT3BdIAQFYpw"]},{"@type":"Person","@id":"https:\/\/www.organisator.ch\/#\/schema\/person\/6f650f90b2842cd4c0cc334b4e36f67e","name":"thomas.berner","image":{"@type":"ImageObject","inLanguage":"de","@id":"https:\/\/secure.gravatar.com\/avatar\/ac5001d2a36cb6c6cd3e50789007ffca834b477b74a2144564522e944eabff61?s=96&d=mm&r=g","url":"https:\/\/secure.gravatar.com\/avatar\/ac5001d2a36cb6c6cd3e50789007ffca834b477b74a2144564522e944eabff61?s=96&d=mm&r=g","contentUrl":"https:\/\/secure.gravatar.com\/avatar\/ac5001d2a36cb6c6cd3e50789007ffca834b477b74a2144564522e944eabff61?s=96&d=mm&r=g","caption":"thomas.berner"},"url":"https:\/\/www.organisator.ch\/de\/author\/thomas-berner\/"}]}},"_links":{"self":[{"href":"https:\/\/www.organisator.ch\/de\/wp-json\/wp\/v2\/posts\/12958","targetHints":{"allow":["GET"]}}],"collection":[{"href":"https:\/\/www.organisator.ch\/de\/wp-json\/wp\/v2\/posts"}],"about":[{"href":"https:\/\/www.organisator.ch\/de\/wp-json\/wp\/v2\/types\/post"}],"author":[{"embeddable":true,"href":"https:\/\/www.organisator.ch\/de\/wp-json\/wp\/v2\/users\/4"}],"replies":[{"embeddable":true,"href":"https:\/\/www.organisator.ch\/de\/wp-json\/wp\/v2\/comments?post=12958"}],"version-history":[{"count":1,"href":"https:\/\/www.organisator.ch\/de\/wp-json\/wp\/v2\/posts\/12958\/revisions"}],"predecessor-version":[{"id":12961,"href":"https:\/\/www.organisator.ch\/de\/wp-json\/wp\/v2\/posts\/12958\/revisions\/12961"}],"wp:featuredmedia":[{"embeddable":true,"href":"https:\/\/www.organisator.ch\/de\/wp-json\/wp\/v2\/media\/12960"}],"wp:attachment":[{"href":"https:\/\/www.organisator.ch\/de\/wp-json\/wp\/v2\/media?parent=12958"}],"wp:term":[{"taxonomy":"category","embeddable":true,"href":"https:\/\/www.organisator.ch\/de\/wp-json\/wp\/v2\/categories?post=12958"},{"taxonomy":"post_tag","embeddable":true,"href":"https:\/\/www.organisator.ch\/de\/wp-json\/wp\/v2\/tags?post=12958"}],"curies":[{"name":"wp","href":"https:\/\/api.w.org\/{rel}","templated":true}]}}