{"id":12988,"date":"2022-05-24T06:19:13","date_gmt":"2022-05-24T04:19:13","guid":{"rendered":"https:\/\/www.organisator.ch\/?p=12988"},"modified":"2022-05-23T16:31:33","modified_gmt":"2022-05-23T14:31:33","slug":"stabsuebergabe-bei-tca-thermoclima-ag","status":"publish","type":"post","link":"https:\/\/www.organisator.ch\/de\/management\/2022-05-24\/stabsuebergabe-bei-tca-thermoclima-ag\/","title":{"rendered":"Stabs\u00fcbergabe bei TCA Thermoclima AG"},"content":{"rendered":"<figure id=\"attachment_12989\" aria-describedby=\"caption-attachment-12989\" style=\"width: 680px\" class=\"wp-caption alignnone\"><img loading=\"lazy\" decoding=\"async\" class=\"size-full wp-image-12989\" src=\"https:\/\/www.organisator.ch\/wp-content\/uploads\/2022\/05\/Stabsuebergabe-bei-TCA-Thermoclima-AG_Organisator.jpg\" alt=\"\" width=\"680\" height=\"503\" srcset=\"https:\/\/www.organisator.ch\/wp-content\/uploads\/2022\/05\/Stabsuebergabe-bei-TCA-Thermoclima-AG_Organisator.jpg 680w, https:\/\/www.organisator.ch\/wp-content\/uploads\/2022\/05\/Stabsuebergabe-bei-TCA-Thermoclima-AG_Organisator-16x12.jpg 16w, https:\/\/www.organisator.ch\/wp-content\/uploads\/2022\/05\/Stabsuebergabe-bei-TCA-Thermoclima-AG_Organisator-237x175.jpg 237w, https:\/\/www.organisator.ch\/wp-content\/uploads\/2022\/05\/Stabsuebergabe-bei-TCA-Thermoclima-AG_Organisator-473x350.jpg 473w, https:\/\/www.organisator.ch\/wp-content\/uploads\/2022\/05\/Stabsuebergabe-bei-TCA-Thermoclima-AG_Organisator-300x222.jpg 300w\" sizes=\"auto, (max-width: 680px) 100vw, 680px\" \/><figcaption id=\"caption-attachment-12989\" class=\"wp-caption-text\">Die Gesch\u00e4ftsleitung der TCA Thermoclima AG: v. l. Swen Sch\u00f6nenberger (Leiter Technik und gewerbliche K\u00e4lte), Rolf Fankhauser (Hauptinhaber und Leiter Finanzen), Heinrich Esseiva (CEO und Leiter Verkauf), J\u00fcrgen Sturn (Mitinhaber und Leiter Direktverdampfung &amp; Administration). (Foto: zVg \/ TCA Thermoclima)<\/figcaption><\/figure>\n<p>Die TCA Thermoclima AG ist ein schweizweit f\u00fchrender Distributor von japanischen und europ\u00e4ischen Klimasystemen und W\u00e4rmepumpen wie Daikin, Panasonic, Aermec und Heliotherm. Seit \u00fcber 40 Jahren arbeiten rund 70 Mitarbeitende am Erfolg des Unternehmens. Mit viel Engagement und breitem Fachwissen finden arbeitet das Unternehmen mit seinen Kunden an optimalen L\u00f6sungen.<\/p>\n<p>Nun tritt im Unternehmen Heinrich Esseiva die Nachfolge in der Gesch\u00e4ftsf\u00fchrung an und \u00fcbernimmt diese Aufgabe von CEO Rolf Fankhauser. Esseiva ist zweisprachig in der Stadt Fribourg aufgewachsen und kennt die diversen Aspekte der M\u00e4rkte in der ganzen Schweiz. Gemeinsam mit J\u00fcrgen Sturn, Mitinhaber und Leiter Direktverdampfung &amp; Administration und Swen Sch\u00f6nenberger, Leiter Technik und gewerbliche K\u00e4lte, wird die TCA auch in Zukunft durch ein starkes, im Markt verankertes Quartett gef\u00fchrt.<\/p>\n<p>Zusammen mit den Mitarbeitenden arbeitet das F\u00fchrungsteam laufend an der Weiterentwicklung der TCA, um das Unternehmen den neuen Marktgegebenheiten anzupassen. Hierzu z\u00e4hlen etwa Themen wie die Digitalisierung aber vor allem auch die Aus- und Weiterbildung. In den stark wachsenden M\u00e4rkten werden zudem st\u00e4ndig neue Mitarbeitende rekrutiert und die Marktpr\u00e4senz verst\u00e4rkt.<\/p>\n<p><em><a href=\"https:\/\/www.tca.ch\/\">Weitere Informationen<\/a><\/em><\/p>\n","protected":false},"excerpt":{"rendered":"<p>Die TCA Thermoclima AG ist ein schweizweit f\u00fchrender Distributor von japanischen und europ\u00e4ischen Klimasystemen und W\u00e4rmepumpen wie Daikin, Panasonic, Aermec und Heliotherm. Seit \u00fcber 40 Jahren arbeiten rund 70 Mitarbeitende am Erfolg des Unternehmens. Mit viel Engagement und breitem Fachwissen finden arbeitet das Unternehmen mit seinen Kunden an optimalen L\u00f6sungen. Nun tritt im Unternehmen Heinrich [&hellip;]<\/p>\n","protected":false},"author":4,"featured_media":12989,"comment_status":"closed","ping_status":"closed","sticky":false,"template":"","format":"standard","meta":{"_acf_changed":false,"_yoast_wpseo_focuskw":"TCA Thermoclima","_yoast_wpseo_metadesc":"Rolf Fankhauser, CEO und Hauptinhaber der TCA Thermoclima AG, hat per 1. April 2022 die Gesch\u00e4ftsf\u00fchrung an Heinrich Esseiva \u00fcbergeben.","articlekey":"","footnotes":""},"categories":[28],"tags":[335,358,492],"class_list":["post-12988","post","type-post","status-publish","format-standard","has-post-thumbnail","hentry","category-management","tag-management-und-unternehmensfuehrung","tag-nachhaltige-wirtschaft","tag-unternehmen"],"acf":[],"yoast_head":"<!-- This site is optimized with the Yoast SEO plugin v27.5 - https:\/\/yoast.com\/product\/yoast-seo-wordpress\/ -->\n<title>Stabs\u00fcbergabe bei TCA Thermoclima AG - Organisator<\/title>\n<meta name=\"description\" content=\"Rolf Fankhauser, CEO und Hauptinhaber der TCA Thermoclima AG, hat per 1. April 2022 die Gesch\u00e4ftsf\u00fchrung an Heinrich Esseiva \u00fcbergeben.\" \/>\n<meta name=\"robots\" content=\"index, follow, max-snippet:-1, max-image-preview:large, max-video-preview:-1\" \/>\n<link rel=\"canonical\" href=\"https:\/\/www.organisator.ch\/de\/management\/2022-05-24\/stabsuebergabe-bei-tca-thermoclima-ag\/\" \/>\n<meta property=\"og:locale\" content=\"de_DE\" \/>\n<meta property=\"og:type\" content=\"article\" \/>\n<meta property=\"og:title\" content=\"Stabs\u00fcbergabe bei TCA Thermoclima AG\" \/>\n<meta property=\"og:description\" content=\"Rolf Fankhauser, CEO und Hauptinhaber der TCA Thermoclima AG, hat per 1. April 2022 die Gesch\u00e4ftsf\u00fchrung an Heinrich Esseiva \u00fcbergeben.\" \/>\n<meta property=\"og:url\" content=\"https:\/\/www.organisator.ch\/de\/management\/2022-05-24\/stabsuebergabe-bei-tca-thermoclima-ag\/\" \/>\n<meta property=\"og:site_name\" content=\"Organisator\" \/>\n<meta property=\"article:publisher\" content=\"https:\/\/www.facebook.com\/OrganisatorFachmagazin\" \/>\n<meta property=\"article:published_time\" content=\"2022-05-24T04:19:13+00:00\" \/>\n<meta property=\"og:image\" content=\"https:\/\/www.organisator.ch\/wp-content\/uploads\/2022\/05\/Stabsuebergabe-bei-TCA-Thermoclima-AG_Organisator.jpg\" \/>\n\t<meta property=\"og:image:width\" content=\"680\" \/>\n\t<meta property=\"og:image:height\" content=\"503\" \/>\n\t<meta property=\"og:image:type\" content=\"image\/jpeg\" \/>\n<meta name=\"author\" content=\"thomas.berner\" \/>\n<meta name=\"twitter:card\" content=\"summary_large_image\" \/>\n<meta name=\"twitter:title\" content=\"#Stabs\u00fcbergabe bei TCA #Thermoclima AG\" \/>\n<meta name=\"twitter:description\" content=\"Rolf Fankhauser, CEO und Hauptinhaber der TCA #Thermoclima AG, hat per 1. April 2022 die #Gesch\u00e4ftsf\u00fchrung an Heinrich Esseiva \u00fcbergeben.\" \/>\n<meta name=\"twitter:image\" content=\"https:\/\/www.organisator.ch\/wp-content\/uploads\/2022\/05\/Stabsuebergabe-bei-TCA-Thermoclima-AG_Organisator.jpg\" \/>\n<script type=\"application\/ld+json\" class=\"yoast-schema-graph\">{\"@context\":\"https:\\\/\\\/schema.org\",\"@graph\":[{\"@type\":\"Article\",\"@id\":\"https:\\\/\\\/www.organisator.ch\\\/management\\\/2022-05-24\\\/stabsuebergabe-bei-tca-thermoclima-ag\\\/#article\",\"isPartOf\":{\"@id\":\"https:\\\/\\\/www.organisator.ch\\\/management\\\/2022-05-24\\\/stabsuebergabe-bei-tca-thermoclima-ag\\\/\"},\"author\":{\"name\":\"thomas.berner\",\"@id\":\"https:\\\/\\\/www.organisator.ch\\\/#\\\/schema\\\/person\\\/6f650f90b2842cd4c0cc334b4e36f67e\"},\"headline\":\"Stabs\u00fcbergabe bei TCA Thermoclima AG\",\"datePublished\":\"2022-05-24T04:19:13+00:00\",\"mainEntityOfPage\":{\"@id\":\"https:\\\/\\\/www.organisator.ch\\\/management\\\/2022-05-24\\\/stabsuebergabe-bei-tca-thermoclima-ag\\\/\"},\"wordCount\":244,\"publisher\":{\"@id\":\"https:\\\/\\\/www.organisator.ch\\\/#organization\"},\"image\":{\"@id\":\"https:\\\/\\\/www.organisator.ch\\\/management\\\/2022-05-24\\\/stabsuebergabe-bei-tca-thermoclima-ag\\\/#primaryimage\"},\"thumbnailUrl\":\"https:\\\/\\\/www.organisator.ch\\\/wp-content\\\/uploads\\\/2022\\\/05\\\/Stabsuebergabe-bei-TCA-Thermoclima-AG_Organisator.jpg\",\"keywords\":[\"Management und Unternehmensf\u00fchrung\",\"Nachhaltige Wirtschaft\",\"Unternehmen\"],\"articleSection\":[\"MANAGEMENT\"],\"inLanguage\":\"de\"},{\"@type\":\"WebPage\",\"@id\":\"https:\\\/\\\/www.organisator.ch\\\/management\\\/2022-05-24\\\/stabsuebergabe-bei-tca-thermoclima-ag\\\/\",\"url\":\"https:\\\/\\\/www.organisator.ch\\\/management\\\/2022-05-24\\\/stabsuebergabe-bei-tca-thermoclima-ag\\\/\",\"name\":\"Stabs\u00fcbergabe bei TCA Thermoclima AG - Organisator\",\"isPartOf\":{\"@id\":\"https:\\\/\\\/www.organisator.ch\\\/#website\"},\"primaryImageOfPage\":{\"@id\":\"https:\\\/\\\/www.organisator.ch\\\/management\\\/2022-05-24\\\/stabsuebergabe-bei-tca-thermoclima-ag\\\/#primaryimage\"},\"image\":{\"@id\":\"https:\\\/\\\/www.organisator.ch\\\/management\\\/2022-05-24\\\/stabsuebergabe-bei-tca-thermoclima-ag\\\/#primaryimage\"},\"thumbnailUrl\":\"https:\\\/\\\/www.organisator.ch\\\/wp-content\\\/uploads\\\/2022\\\/05\\\/Stabsuebergabe-bei-TCA-Thermoclima-AG_Organisator.jpg\",\"datePublished\":\"2022-05-24T04:19:13+00:00\",\"description\":\"Rolf Fankhauser, CEO und Hauptinhaber der TCA Thermoclima AG, hat per 1. April 2022 die Gesch\u00e4ftsf\u00fchrung an Heinrich Esseiva \u00fcbergeben.\",\"breadcrumb\":{\"@id\":\"https:\\\/\\\/www.organisator.ch\\\/management\\\/2022-05-24\\\/stabsuebergabe-bei-tca-thermoclima-ag\\\/#breadcrumb\"},\"inLanguage\":\"de\",\"potentialAction\":[{\"@type\":\"ReadAction\",\"target\":[\"https:\\\/\\\/www.organisator.ch\\\/management\\\/2022-05-24\\\/stabsuebergabe-bei-tca-thermoclima-ag\\\/\"]}]},{\"@type\":\"ImageObject\",\"inLanguage\":\"de\",\"@id\":\"https:\\\/\\\/www.organisator.ch\\\/management\\\/2022-05-24\\\/stabsuebergabe-bei-tca-thermoclima-ag\\\/#primaryimage\",\"url\":\"https:\\\/\\\/www.organisator.ch\\\/wp-content\\\/uploads\\\/2022\\\/05\\\/Stabsuebergabe-bei-TCA-Thermoclima-AG_Organisator.jpg\",\"contentUrl\":\"https:\\\/\\\/www.organisator.ch\\\/wp-content\\\/uploads\\\/2022\\\/05\\\/Stabsuebergabe-bei-TCA-Thermoclima-AG_Organisator.jpg\",\"width\":680,\"height\":503,\"caption\":\"Die Gesch\u00e4ftsleitung der TCA Thermoclima AG: v. l. Swen Sch\u00f6nenberger (Leiter Technik und gewerbliche K\u00e4lte), Rolf Fankhauser (Hauptinhaber und Leiter Finanzen), Heinrich Esseiva (CEO und Leiter Verkauf), J\u00fcrgen Sturn (Mitinhaber und Leiter Direktverdampfung & Administration). (Foto: TCA Thermoclima)\"},{\"@type\":\"BreadcrumbList\",\"@id\":\"https:\\\/\\\/www.organisator.ch\\\/management\\\/2022-05-24\\\/stabsuebergabe-bei-tca-thermoclima-ag\\\/#breadcrumb\",\"itemListElement\":[{\"@type\":\"ListItem\",\"position\":1,\"name\":\"Home\",\"item\":\"https:\\\/\\\/www.organisator.ch\\\/\"},{\"@type\":\"ListItem\",\"position\":2,\"name\":\"Stabs\u00fcbergabe bei TCA Thermoclima AG\"}]},{\"@type\":\"WebSite\",\"@id\":\"https:\\\/\\\/www.organisator.ch\\\/#website\",\"url\":\"https:\\\/\\\/www.organisator.ch\\\/\",\"name\":\"Organisator\",\"description\":\"Kompetent. Praxisnah. Der ORGANISATOR bereitet in 10 Ausgaben pro Jahr die wesentlichen Themen f\u00fcr F\u00fchrungskr\u00e4fte von KMU auf.\",\"publisher\":{\"@id\":\"https:\\\/\\\/www.organisator.ch\\\/#organization\"},\"potentialAction\":[{\"@type\":\"SearchAction\",\"target\":{\"@type\":\"EntryPoint\",\"urlTemplate\":\"https:\\\/\\\/www.organisator.ch\\\/?s={search_term_string}\"},\"query-input\":{\"@type\":\"PropertyValueSpecification\",\"valueRequired\":true,\"valueName\":\"search_term_string\"}}],\"inLanguage\":\"de\"},{\"@type\":\"Organization\",\"@id\":\"https:\\\/\\\/www.organisator.ch\\\/#organization\",\"name\":\"Organisator\",\"url\":\"https:\\\/\\\/www.organisator.ch\\\/\",\"logo\":{\"@type\":\"ImageObject\",\"inLanguage\":\"de\",\"@id\":\"https:\\\/\\\/www.organisator.ch\\\/#\\\/schema\\\/logo\\\/image\\\/\",\"url\":\"https:\\\/\\\/www.organisator.ch\\\/wp-content\\\/uploads\\\/2022\\\/01\\\/Logo_Organisator_Website.png\",\"contentUrl\":\"https:\\\/\\\/www.organisator.ch\\\/wp-content\\\/uploads\\\/2022\\\/01\\\/Logo_Organisator_Website.png\",\"width\":800,\"height\":77,\"caption\":\"Organisator\"},\"image\":{\"@id\":\"https:\\\/\\\/www.organisator.ch\\\/#\\\/schema\\\/logo\\\/image\\\/\"},\"sameAs\":[\"https:\\\/\\\/www.facebook.com\\\/OrganisatorFachmagazin\",\"https:\\\/\\\/www.linkedin.com\\\/showcase\\\/organisator-das-magazin-fr-kmu\",\"https:\\\/\\\/www.xing.com\\\/news\\\/pages\\\/organisator-ch-695\",\"https:\\\/\\\/www.youtube.com\\\/channel\\\/UCGP2Sq0iWaZwT3BdIAQFYpw\"]},{\"@type\":\"Person\",\"@id\":\"https:\\\/\\\/www.organisator.ch\\\/#\\\/schema\\\/person\\\/6f650f90b2842cd4c0cc334b4e36f67e\",\"name\":\"thomas.berner\",\"image\":{\"@type\":\"ImageObject\",\"inLanguage\":\"de\",\"@id\":\"https:\\\/\\\/secure.gravatar.com\\\/avatar\\\/ac5001d2a36cb6c6cd3e50789007ffca834b477b74a2144564522e944eabff61?s=96&d=mm&r=g\",\"url\":\"https:\\\/\\\/secure.gravatar.com\\\/avatar\\\/ac5001d2a36cb6c6cd3e50789007ffca834b477b74a2144564522e944eabff61?s=96&d=mm&r=g\",\"contentUrl\":\"https:\\\/\\\/secure.gravatar.com\\\/avatar\\\/ac5001d2a36cb6c6cd3e50789007ffca834b477b74a2144564522e944eabff61?s=96&d=mm&r=g\",\"caption\":\"thomas.berner\"},\"url\":\"https:\\\/\\\/www.organisator.ch\\\/de\\\/author\\\/thomas-berner\\\/\"}]}<\/script>\n<!-- \/ Yoast SEO plugin. -->","yoast_head_json":{"title":"Stabs\u00fcbergabe bei TCA Thermoclima AG - Organisator","description":"Rolf Fankhauser, CEO und Hauptinhaber der TCA Thermoclima AG, hat per 1. April 2022 die Gesch\u00e4ftsf\u00fchrung an Heinrich Esseiva \u00fcbergeben.","robots":{"index":"index","follow":"follow","max-snippet":"max-snippet:-1","max-image-preview":"max-image-preview:large","max-video-preview":"max-video-preview:-1"},"canonical":"https:\/\/www.organisator.ch\/de\/management\/2022-05-24\/stabsuebergabe-bei-tca-thermoclima-ag\/","og_locale":"de_DE","og_type":"article","og_title":"Stabs\u00fcbergabe bei TCA Thermoclima AG","og_description":"Rolf Fankhauser, CEO und Hauptinhaber der TCA Thermoclima AG, hat per 1. April 2022 die Gesch\u00e4ftsf\u00fchrung an Heinrich Esseiva \u00fcbergeben.","og_url":"https:\/\/www.organisator.ch\/de\/management\/2022-05-24\/stabsuebergabe-bei-tca-thermoclima-ag\/","og_site_name":"Organisator","article_publisher":"https:\/\/www.facebook.com\/OrganisatorFachmagazin","article_published_time":"2022-05-24T04:19:13+00:00","og_image":[{"width":680,"height":503,"url":"https:\/\/www.organisator.ch\/wp-content\/uploads\/2022\/05\/Stabsuebergabe-bei-TCA-Thermoclima-AG_Organisator.jpg","type":"image\/jpeg"}],"author":"thomas.berner","twitter_card":"summary_large_image","twitter_title":"#Stabs\u00fcbergabe bei TCA #Thermoclima AG","twitter_description":"Rolf Fankhauser, CEO und Hauptinhaber der TCA #Thermoclima AG, hat per 1. April 2022 die #Gesch\u00e4ftsf\u00fchrung an Heinrich Esseiva \u00fcbergeben.","twitter_image":"https:\/\/www.organisator.ch\/wp-content\/uploads\/2022\/05\/Stabsuebergabe-bei-TCA-Thermoclima-AG_Organisator.jpg","schema":{"@context":"https:\/\/schema.org","@graph":[{"@type":"Article","@id":"https:\/\/www.organisator.ch\/management\/2022-05-24\/stabsuebergabe-bei-tca-thermoclima-ag\/#article","isPartOf":{"@id":"https:\/\/www.organisator.ch\/management\/2022-05-24\/stabsuebergabe-bei-tca-thermoclima-ag\/"},"author":{"name":"thomas.berner","@id":"https:\/\/www.organisator.ch\/#\/schema\/person\/6f650f90b2842cd4c0cc334b4e36f67e"},"headline":"Stabs\u00fcbergabe bei TCA Thermoclima AG","datePublished":"2022-05-24T04:19:13+00:00","mainEntityOfPage":{"@id":"https:\/\/www.organisator.ch\/management\/2022-05-24\/stabsuebergabe-bei-tca-thermoclima-ag\/"},"wordCount":244,"publisher":{"@id":"https:\/\/www.organisator.ch\/#organization"},"image":{"@id":"https:\/\/www.organisator.ch\/management\/2022-05-24\/stabsuebergabe-bei-tca-thermoclima-ag\/#primaryimage"},"thumbnailUrl":"https:\/\/www.organisator.ch\/wp-content\/uploads\/2022\/05\/Stabsuebergabe-bei-TCA-Thermoclima-AG_Organisator.jpg","keywords":["Management und Unternehmensf\u00fchrung","Nachhaltige Wirtschaft","Unternehmen"],"articleSection":["MANAGEMENT"],"inLanguage":"de"},{"@type":"WebPage","@id":"https:\/\/www.organisator.ch\/management\/2022-05-24\/stabsuebergabe-bei-tca-thermoclima-ag\/","url":"https:\/\/www.organisator.ch\/management\/2022-05-24\/stabsuebergabe-bei-tca-thermoclima-ag\/","name":"Stabs\u00fcbergabe bei TCA Thermoclima AG - Organisator","isPartOf":{"@id":"https:\/\/www.organisator.ch\/#website"},"primaryImageOfPage":{"@id":"https:\/\/www.organisator.ch\/management\/2022-05-24\/stabsuebergabe-bei-tca-thermoclima-ag\/#primaryimage"},"image":{"@id":"https:\/\/www.organisator.ch\/management\/2022-05-24\/stabsuebergabe-bei-tca-thermoclima-ag\/#primaryimage"},"thumbnailUrl":"https:\/\/www.organisator.ch\/wp-content\/uploads\/2022\/05\/Stabsuebergabe-bei-TCA-Thermoclima-AG_Organisator.jpg","datePublished":"2022-05-24T04:19:13+00:00","description":"Rolf Fankhauser, CEO und Hauptinhaber der TCA Thermoclima AG, hat per 1. April 2022 die Gesch\u00e4ftsf\u00fchrung an Heinrich Esseiva \u00fcbergeben.","breadcrumb":{"@id":"https:\/\/www.organisator.ch\/management\/2022-05-24\/stabsuebergabe-bei-tca-thermoclima-ag\/#breadcrumb"},"inLanguage":"de","potentialAction":[{"@type":"ReadAction","target":["https:\/\/www.organisator.ch\/management\/2022-05-24\/stabsuebergabe-bei-tca-thermoclima-ag\/"]}]},{"@type":"ImageObject","inLanguage":"de","@id":"https:\/\/www.organisator.ch\/management\/2022-05-24\/stabsuebergabe-bei-tca-thermoclima-ag\/#primaryimage","url":"https:\/\/www.organisator.ch\/wp-content\/uploads\/2022\/05\/Stabsuebergabe-bei-TCA-Thermoclima-AG_Organisator.jpg","contentUrl":"https:\/\/www.organisator.ch\/wp-content\/uploads\/2022\/05\/Stabsuebergabe-bei-TCA-Thermoclima-AG_Organisator.jpg","width":680,"height":503,"caption":"Die Gesch\u00e4ftsleitung der TCA Thermoclima AG: v. l. Swen Sch\u00f6nenberger (Leiter Technik und gewerbliche K\u00e4lte), Rolf Fankhauser (Hauptinhaber und Leiter Finanzen), Heinrich Esseiva (CEO und Leiter Verkauf), J\u00fcrgen Sturn (Mitinhaber und Leiter Direktverdampfung & Administration). (Foto: TCA Thermoclima)"},{"@type":"BreadcrumbList","@id":"https:\/\/www.organisator.ch\/management\/2022-05-24\/stabsuebergabe-bei-tca-thermoclima-ag\/#breadcrumb","itemListElement":[{"@type":"ListItem","position":1,"name":"Home","item":"https:\/\/www.organisator.ch\/"},{"@type":"ListItem","position":2,"name":"Stabs\u00fcbergabe bei TCA Thermoclima AG"}]},{"@type":"WebSite","@id":"https:\/\/www.organisator.ch\/#website","url":"https:\/\/www.organisator.ch\/","name":"Organisator","description":"Kompetent. Praxisnah. Der ORGANISATOR bereitet in 10 Ausgaben pro Jahr die wesentlichen Themen f\u00fcr F\u00fchrungskr\u00e4fte von KMU auf.","publisher":{"@id":"https:\/\/www.organisator.ch\/#organization"},"potentialAction":[{"@type":"SearchAction","target":{"@type":"EntryPoint","urlTemplate":"https:\/\/www.organisator.ch\/?s={search_term_string}"},"query-input":{"@type":"PropertyValueSpecification","valueRequired":true,"valueName":"search_term_string"}}],"inLanguage":"de"},{"@type":"Organization","@id":"https:\/\/www.organisator.ch\/#organization","name":"Organisator","url":"https:\/\/www.organisator.ch\/","logo":{"@type":"ImageObject","inLanguage":"de","@id":"https:\/\/www.organisator.ch\/#\/schema\/logo\/image\/","url":"https:\/\/www.organisator.ch\/wp-content\/uploads\/2022\/01\/Logo_Organisator_Website.png","contentUrl":"https:\/\/www.organisator.ch\/wp-content\/uploads\/2022\/01\/Logo_Organisator_Website.png","width":800,"height":77,"caption":"Organisator"},"image":{"@id":"https:\/\/www.organisator.ch\/#\/schema\/logo\/image\/"},"sameAs":["https:\/\/www.facebook.com\/OrganisatorFachmagazin","https:\/\/www.linkedin.com\/showcase\/organisator-das-magazin-fr-kmu","https:\/\/www.xing.com\/news\/pages\/organisator-ch-695","https:\/\/www.youtube.com\/channel\/UCGP2Sq0iWaZwT3BdIAQFYpw"]},{"@type":"Person","@id":"https:\/\/www.organisator.ch\/#\/schema\/person\/6f650f90b2842cd4c0cc334b4e36f67e","name":"thomas.berner","image":{"@type":"ImageObject","inLanguage":"de","@id":"https:\/\/secure.gravatar.com\/avatar\/ac5001d2a36cb6c6cd3e50789007ffca834b477b74a2144564522e944eabff61?s=96&d=mm&r=g","url":"https:\/\/secure.gravatar.com\/avatar\/ac5001d2a36cb6c6cd3e50789007ffca834b477b74a2144564522e944eabff61?s=96&d=mm&r=g","contentUrl":"https:\/\/secure.gravatar.com\/avatar\/ac5001d2a36cb6c6cd3e50789007ffca834b477b74a2144564522e944eabff61?s=96&d=mm&r=g","caption":"thomas.berner"},"url":"https:\/\/www.organisator.ch\/de\/author\/thomas-berner\/"}]}},"_links":{"self":[{"href":"https:\/\/www.organisator.ch\/de\/wp-json\/wp\/v2\/posts\/12988","targetHints":{"allow":["GET"]}}],"collection":[{"href":"https:\/\/www.organisator.ch\/de\/wp-json\/wp\/v2\/posts"}],"about":[{"href":"https:\/\/www.organisator.ch\/de\/wp-json\/wp\/v2\/types\/post"}],"author":[{"embeddable":true,"href":"https:\/\/www.organisator.ch\/de\/wp-json\/wp\/v2\/users\/4"}],"replies":[{"embeddable":true,"href":"https:\/\/www.organisator.ch\/de\/wp-json\/wp\/v2\/comments?post=12988"}],"version-history":[{"count":1,"href":"https:\/\/www.organisator.ch\/de\/wp-json\/wp\/v2\/posts\/12988\/revisions"}],"predecessor-version":[{"id":12990,"href":"https:\/\/www.organisator.ch\/de\/wp-json\/wp\/v2\/posts\/12988\/revisions\/12990"}],"wp:featuredmedia":[{"embeddable":true,"href":"https:\/\/www.organisator.ch\/de\/wp-json\/wp\/v2\/media\/12989"}],"wp:attachment":[{"href":"https:\/\/www.organisator.ch\/de\/wp-json\/wp\/v2\/media?parent=12988"}],"wp:term":[{"taxonomy":"category","embeddable":true,"href":"https:\/\/www.organisator.ch\/de\/wp-json\/wp\/v2\/categories?post=12988"},{"taxonomy":"post_tag","embeddable":true,"href":"https:\/\/www.organisator.ch\/de\/wp-json\/wp\/v2\/tags?post=12988"}],"curies":[{"name":"wp","href":"https:\/\/api.w.org\/{rel}","templated":true}]}}