{"id":12991,"date":"2022-05-24T08:35:56","date_gmt":"2022-05-24T06:35:56","guid":{"rendered":"https:\/\/www.organisator.ch\/?p=12991"},"modified":"2022-05-24T08:35:56","modified_gmt":"2022-05-24T06:35:56","slug":"export-aussichten-naehern-sich-dem-langfristigen-trend-an","status":"publish","type":"post","link":"https:\/\/www.organisator.ch\/de\/management\/2022-05-24\/export-aussichten-naehern-sich-dem-langfristigen-trend-an\/","title":{"rendered":"Export-Aussichten n\u00e4hern sich dem langfristigen Trend an"},"content":{"rendered":"<figure id=\"attachment_12992\" aria-describedby=\"caption-attachment-12992\" style=\"width: 680px\" class=\"wp-caption alignnone\"><img loading=\"lazy\" decoding=\"async\" class=\"size-full wp-image-12992\" src=\"https:\/\/www.organisator.ch\/wp-content\/uploads\/2022\/05\/Export-Aussichten-naehern-sich-dem-langfristigen-Trend-an_Organisator.jpg\" alt=\"\" width=\"680\" height=\"482\" srcset=\"https:\/\/www.organisator.ch\/wp-content\/uploads\/2022\/05\/Export-Aussichten-naehern-sich-dem-langfristigen-Trend-an_Organisator.jpg 680w, https:\/\/www.organisator.ch\/wp-content\/uploads\/2022\/05\/Export-Aussichten-naehern-sich-dem-langfristigen-Trend-an_Organisator-18x12.jpg 18w, https:\/\/www.organisator.ch\/wp-content\/uploads\/2022\/05\/Export-Aussichten-naehern-sich-dem-langfristigen-Trend-an_Organisator-247x175.jpg 247w, https:\/\/www.organisator.ch\/wp-content\/uploads\/2022\/05\/Export-Aussichten-naehern-sich-dem-langfristigen-Trend-an_Organisator-494x350.jpg 494w, https:\/\/www.organisator.ch\/wp-content\/uploads\/2022\/05\/Export-Aussichten-naehern-sich-dem-langfristigen-Trend-an_Organisator-300x213.jpg 300w\" sizes=\"auto, (max-width: 680px) 100vw, 680px\" \/><figcaption id=\"caption-attachment-12992\" class=\"wp-caption-text\">Die Schweizer Wirtschaft profitiert zwar noch vom positiven Trend der Pandemie-Bew\u00e4ltigung, doch auch hierzulande tr\u00fcben sich die Export-Aussichten ein. (Bild: Pixabay.com)<\/figcaption><\/figure>\n<p>Der Allianz Trade Export Forecast steht im Mai 2022 auf 0.33 Punkten. Noch im Februar notierte er 0.69 Punkte. Langsam n\u00e4hert sich der Indikator damit dem langfristigen Trendwachstum an. Noch stehen die Signale zwar auf \u00fcberdurchschnittliches Exportwachstum, wie die Analyse zeigt. L\u00e4sst allerdings eine Entspannung der Krisenherde l\u00e4nger auf sich warten, droht im Jahresverlauf eine sch\u00e4rfere Gegenbewegung bei den Export-Aussichten. Die Wachstumsprognosen f\u00fcr den Welthandel wurden bereits nach unten angepasst.<\/p>\n<h3>Export-Aussichten: Optimismus weicht Realismus<\/h3>\n<p>Nachdem die \u00abWiederer\u00f6ffnung\u00bb der Weltwirtschaft im letzten Jahr f\u00fcr viel Optimismus unter Exporteuren gesorgt hat, d\u00fcrfte die Entwicklung des Welthandels 2022 nun doch deutlich verhaltener ausfallen als erwartet. Die russische Invasion in die Ukraine hat das Vertrauen der Unternehmen und Verbraucher ersch\u00fcttert, die Rohstoffpreise in die H\u00f6he getrieben und den coronabedingten Lieferkettenstress \u2013 zuletzt befeuert vor allem durch Chinas Null-Covid-Strategie \u2013 nochmals verst\u00e4rkt. \u00abUnsere Prognose f\u00fcr den Welthandel 2022 haben wir dementsprechend nach unten korrigiert von 6 % auf 4 %\u00bb, erl\u00e4utert Allianz Trade Europa-\u00d6konomin Katharina Uterm\u00f6hl. F\u00fcr die Schweiz rechnet Allianz Trade f\u00fcr 2022 mit einem Wachstum des BIP von 2.2 % (2023: +1.3 %) und einem Exportzuwachs von 4 % (2023: +3 %).<\/p>\n<h3>Schweizer Aussenhandel: Wachstum im ersten Quartal<\/h3>\n<p>Der schweizerische Aussenhandel wuchs auch im ersten Quartal des Jahres 2022 und erreichte einen neuen H\u00f6chststand. W\u00e4hrend die Importe weiter an Fahrt gewannen, verloren die Exporte leicht an Schwung. Der Handelsbilanz\u00fcberschuss ging deutlich zur\u00fcck, um 2.8 Mrd. Franken. Gegen\u00fcber dem 4. Quartal 2021 legten die Exporte nominal 1.2 % zu. Real \u2013 das heisst inflationsbereinigt \u2013 resultierte ein Plus von 2.4 %. Den gr\u00f6ssten Beitrag zum Quartalsplus leisteten die Exporte von Uhren, welche um 5.3 % zulegten. Es folgten die Metalle mit 6.3 % sowie die Maschinen und Elektronik mit 2.4 %. Die Ausfuhren von Pr\u00e4zisionsinstrumenten stiegen um 4.2 %. Derweil verringerten sich die Exporte von chemisch-pharmazeutischen Produkten leicht (-0.7 %). Trotz des Anstiegs bei den immunologischen Produkten (+7.1 %) dr\u00fcckte der Exportr\u00fcckgang bei den pharmazeutischen Wirkstoffen (-10 %) das Gruppenergebnis ins Minus. Hier sind die hohen Ausgangsniveaus bzw. Basiseffekte zu ber\u00fccksichtigen.<\/p>\n<h3>Stark steigende Kosten bei den Energietr\u00e4gern<\/h3>\n<p>Im ersten Quartal wurden gegen\u00fcber dem Vorquartal um 6.7 % mehr G\u00fcter importiert (real betrug das Plus 2.7 %). Abgesehen von Bijouterie und Juwelierwaren (-15,1 %), Textilien, Bekleidung und Schuhe (-3.7 %) sowie Pr\u00e4zisionsinstrumenten (-0.5 %) verzeichneten die \u00fcbrigen Warengruppen einen Importanstieg. Den gr\u00f6ssten Beitrag lieferten mit +1.8 Mrd. Franken die Energietr\u00e4ger (+46 %). Dieser Anstieg ist allerdings nicht auf h\u00f6here Volumen, sondern ausschliesslich auf steigende Preise zur\u00fcckzuf\u00fchren (real +0.8 %). Stark zugelegt haben ebenfalls die Importe von chemisch-pharmazeutischen Produkten, welche um 11.8 % wuchsen. Auch die Importe von Metallen notierten h\u00f6her (+4,2 %) und setzten damit ihren seit sieben Quartalen anhaltenden Wachstumstrend fort.<\/p>\n<h3>Schweizer Exporteure behaupten sich besser als ihre EU-Kollegen<\/h3>\n<p>Die Schweizer Exporteure werden die ged\u00e4mpfte globale Nachfrage auch zu sp\u00fcren bekommen. Insbesondere die deutliche Konjunkturabk\u00fchlung in wichtigen Handelspartnerl\u00e4ndern wie Deutschland, Grossbritannien und Frankreich, die zusammen 30 % der Schweizer Exporte absorbieren. Allerdings werden sich wohl die Schweizer Exporteure besser behaupten als ihre EU-Kollegen. Zum einen ist die Schweizer Wirtschaft weniger abh\u00e4ngig von Vorprodukten aus \u00dcbersee, so dass die Industrie nicht so stark von Lieferengp\u00e4ssen betroffen sein d\u00fcrfte. Zum anderen sollten die weniger konjunktursensitiven Exporte der Sektoren Chemie und Pharma \u2013 welche zusammen rund 40 % der Schweizer Gesamtexporte ausmachen \u2013 erneut eine verl\u00e4ssliche St\u00fctze sein. Allerdings beobachten die Analysten mit Spannung die Auswirkungen des Zusammentreffens von steigenden Preisen und sinkender Konjunktur. Diese Konstellation birgt das Risiko eines &#8222;Perfect Storm&#8220;, der eine Normalisierung nachhaltig st\u00f6ren w\u00fcrde.<\/p>\n<p><em>Quelle: <a href=\"http:\/\/www.allianz-trade.ch\">Allianz Trade<\/a><\/em><\/p>\n","protected":false},"excerpt":{"rendered":"<p>Der Allianz Trade Export Forecast steht im Mai 2022 auf 0.33 Punkten. Noch im Februar notierte er 0.69 Punkte. Langsam n\u00e4hert sich der Indikator damit dem langfristigen Trendwachstum an. Noch stehen die Signale zwar auf \u00fcberdurchschnittliches Exportwachstum, wie die Analyse zeigt. L\u00e4sst allerdings eine Entspannung der Krisenherde l\u00e4nger auf sich warten, droht im Jahresverlauf eine [&hellip;]<\/p>\n","protected":false},"author":4,"featured_media":12992,"comment_status":"closed","ping_status":"closed","sticky":false,"template":"","format":"standard","meta":{"_acf_changed":false,"_yoast_wpseo_focuskw":"Export-Aussichten","_yoast_wpseo_metadesc":"Mit \u00fcberdurchschnittlichen Export-Aussichten d\u00fcrfte es vorbei sein: Dem grossem Optimismus folgt Vorsicht bei Unternehmen und Konsumenten.","articlekey":"","footnotes":""},"categories":[28],"tags":[189,310,418],"class_list":["post-12991","post","type-post","status-publish","format-standard","has-post-thumbnail","hentry","category-management","tag-export","tag-konjunktur","tag-risikomanagement"],"acf":[],"yoast_head":"<!-- This site is optimized with the Yoast SEO plugin v27.5 - https:\/\/yoast.com\/product\/yoast-seo-wordpress\/ -->\n<title>Export-Aussichten n\u00e4hern sich dem langfristigen Trend an - Organisator<\/title>\n<meta name=\"description\" content=\"Mit \u00fcberdurchschnittlichen Export-Aussichten d\u00fcrfte es vorbei sein: Dem grossem Optimismus folgt Vorsicht bei Unternehmen und Konsumenten.\" \/>\n<meta name=\"robots\" content=\"index, follow, max-snippet:-1, max-image-preview:large, max-video-preview:-1\" \/>\n<link rel=\"canonical\" href=\"https:\/\/www.organisator.ch\/de\/management\/2022-05-24\/export-aussichten-naehern-sich-dem-langfristigen-trend-an\/\" \/>\n<meta property=\"og:locale\" content=\"de_DE\" \/>\n<meta property=\"og:type\" content=\"article\" \/>\n<meta property=\"og:title\" content=\"Export-Aussichten n\u00e4hern sich dem langfristigen Trend an\" \/>\n<meta property=\"og:description\" content=\"Mit \u00fcberdurchschnittlichen Export-Aussichten d\u00fcrfte es vorbei sein: Dem grossem Optimismus folgt Vorsicht bei Unternehmen und Konsumenten.\" \/>\n<meta property=\"og:url\" content=\"https:\/\/www.organisator.ch\/de\/management\/2022-05-24\/export-aussichten-naehern-sich-dem-langfristigen-trend-an\/\" \/>\n<meta property=\"og:site_name\" content=\"Organisator\" \/>\n<meta property=\"article:publisher\" content=\"https:\/\/www.facebook.com\/OrganisatorFachmagazin\" \/>\n<meta property=\"article:published_time\" content=\"2022-05-24T06:35:56+00:00\" \/>\n<meta property=\"og:image\" content=\"https:\/\/www.organisator.ch\/wp-content\/uploads\/2022\/05\/Export-Aussichten-naehern-sich-dem-langfristigen-Trend-an_Organisator.jpg\" \/>\n\t<meta property=\"og:image:width\" content=\"680\" \/>\n\t<meta property=\"og:image:height\" content=\"482\" \/>\n\t<meta property=\"og:image:type\" content=\"image\/jpeg\" \/>\n<meta name=\"author\" content=\"thomas.berner\" \/>\n<meta name=\"twitter:card\" content=\"summary_large_image\" \/>\n<meta name=\"twitter:title\" content=\"#Export-Aussichten n\u00e4hern sich dem langfristigen #Trend an\" \/>\n<meta name=\"twitter:description\" content=\"Mit \u00fcberdurchschnittlichen #Export-Aussichten d\u00fcrfte es vorbei sein: Dem grossem #Optimismus folgt Vorsicht bei #Unternehmen und #Konsumenten.\" \/>\n<meta name=\"twitter:image\" content=\"https:\/\/www.organisator.ch\/wp-content\/uploads\/2022\/05\/Export-Aussichten-naehern-sich-dem-langfristigen-Trend-an_Organisator.jpg\" \/>\n<script type=\"application\/ld+json\" class=\"yoast-schema-graph\">{\"@context\":\"https:\\\/\\\/schema.org\",\"@graph\":[{\"@type\":\"Article\",\"@id\":\"https:\\\/\\\/www.organisator.ch\\\/management\\\/2022-05-24\\\/export-aussichten-naehern-sich-dem-langfristigen-trend-an\\\/#article\",\"isPartOf\":{\"@id\":\"https:\\\/\\\/www.organisator.ch\\\/management\\\/2022-05-24\\\/export-aussichten-naehern-sich-dem-langfristigen-trend-an\\\/\"},\"author\":{\"name\":\"thomas.berner\",\"@id\":\"https:\\\/\\\/www.organisator.ch\\\/#\\\/schema\\\/person\\\/6f650f90b2842cd4c0cc334b4e36f67e\"},\"headline\":\"Export-Aussichten n\u00e4hern sich dem langfristigen Trend an\",\"datePublished\":\"2022-05-24T06:35:56+00:00\",\"mainEntityOfPage\":{\"@id\":\"https:\\\/\\\/www.organisator.ch\\\/management\\\/2022-05-24\\\/export-aussichten-naehern-sich-dem-langfristigen-trend-an\\\/\"},\"wordCount\":605,\"publisher\":{\"@id\":\"https:\\\/\\\/www.organisator.ch\\\/#organization\"},\"image\":{\"@id\":\"https:\\\/\\\/www.organisator.ch\\\/management\\\/2022-05-24\\\/export-aussichten-naehern-sich-dem-langfristigen-trend-an\\\/#primaryimage\"},\"thumbnailUrl\":\"https:\\\/\\\/www.organisator.ch\\\/wp-content\\\/uploads\\\/2022\\\/05\\\/Export-Aussichten-naehern-sich-dem-langfristigen-Trend-an_Organisator.jpg\",\"keywords\":[\"Export\",\"Konjunktur\",\"Risikomanagement\"],\"articleSection\":[\"MANAGEMENT\"],\"inLanguage\":\"de\"},{\"@type\":\"WebPage\",\"@id\":\"https:\\\/\\\/www.organisator.ch\\\/management\\\/2022-05-24\\\/export-aussichten-naehern-sich-dem-langfristigen-trend-an\\\/\",\"url\":\"https:\\\/\\\/www.organisator.ch\\\/management\\\/2022-05-24\\\/export-aussichten-naehern-sich-dem-langfristigen-trend-an\\\/\",\"name\":\"Export-Aussichten n\u00e4hern sich dem langfristigen Trend an - Organisator\",\"isPartOf\":{\"@id\":\"https:\\\/\\\/www.organisator.ch\\\/#website\"},\"primaryImageOfPage\":{\"@id\":\"https:\\\/\\\/www.organisator.ch\\\/management\\\/2022-05-24\\\/export-aussichten-naehern-sich-dem-langfristigen-trend-an\\\/#primaryimage\"},\"image\":{\"@id\":\"https:\\\/\\\/www.organisator.ch\\\/management\\\/2022-05-24\\\/export-aussichten-naehern-sich-dem-langfristigen-trend-an\\\/#primaryimage\"},\"thumbnailUrl\":\"https:\\\/\\\/www.organisator.ch\\\/wp-content\\\/uploads\\\/2022\\\/05\\\/Export-Aussichten-naehern-sich-dem-langfristigen-Trend-an_Organisator.jpg\",\"datePublished\":\"2022-05-24T06:35:56+00:00\",\"description\":\"Mit \u00fcberdurchschnittlichen Export-Aussichten d\u00fcrfte es vorbei sein: Dem grossem Optimismus folgt Vorsicht bei Unternehmen und Konsumenten.\",\"breadcrumb\":{\"@id\":\"https:\\\/\\\/www.organisator.ch\\\/management\\\/2022-05-24\\\/export-aussichten-naehern-sich-dem-langfristigen-trend-an\\\/#breadcrumb\"},\"inLanguage\":\"de\",\"potentialAction\":[{\"@type\":\"ReadAction\",\"target\":[\"https:\\\/\\\/www.organisator.ch\\\/management\\\/2022-05-24\\\/export-aussichten-naehern-sich-dem-langfristigen-trend-an\\\/\"]}]},{\"@type\":\"ImageObject\",\"inLanguage\":\"de\",\"@id\":\"https:\\\/\\\/www.organisator.ch\\\/management\\\/2022-05-24\\\/export-aussichten-naehern-sich-dem-langfristigen-trend-an\\\/#primaryimage\",\"url\":\"https:\\\/\\\/www.organisator.ch\\\/wp-content\\\/uploads\\\/2022\\\/05\\\/Export-Aussichten-naehern-sich-dem-langfristigen-Trend-an_Organisator.jpg\",\"contentUrl\":\"https:\\\/\\\/www.organisator.ch\\\/wp-content\\\/uploads\\\/2022\\\/05\\\/Export-Aussichten-naehern-sich-dem-langfristigen-Trend-an_Organisator.jpg\",\"width\":680,\"height\":482,\"caption\":\"Die Schweizer Wirtschaft profitiert zwar noch vom positiven Trend der Pandemie-Bew\u00e4ltigung, doch auch hierzulande tr\u00fcben sich die Export-Aussichten ein. (Bild: Pixabay.com)\"},{\"@type\":\"BreadcrumbList\",\"@id\":\"https:\\\/\\\/www.organisator.ch\\\/management\\\/2022-05-24\\\/export-aussichten-naehern-sich-dem-langfristigen-trend-an\\\/#breadcrumb\",\"itemListElement\":[{\"@type\":\"ListItem\",\"position\":1,\"name\":\"Home\",\"item\":\"https:\\\/\\\/www.organisator.ch\\\/\"},{\"@type\":\"ListItem\",\"position\":2,\"name\":\"Export-Aussichten n\u00e4hern sich dem langfristigen Trend an\"}]},{\"@type\":\"WebSite\",\"@id\":\"https:\\\/\\\/www.organisator.ch\\\/#website\",\"url\":\"https:\\\/\\\/www.organisator.ch\\\/\",\"name\":\"Organisator\",\"description\":\"Kompetent. Praxisnah. Der ORGANISATOR bereitet in 10 Ausgaben pro Jahr die wesentlichen Themen f\u00fcr F\u00fchrungskr\u00e4fte von KMU auf.\",\"publisher\":{\"@id\":\"https:\\\/\\\/www.organisator.ch\\\/#organization\"},\"potentialAction\":[{\"@type\":\"SearchAction\",\"target\":{\"@type\":\"EntryPoint\",\"urlTemplate\":\"https:\\\/\\\/www.organisator.ch\\\/?s={search_term_string}\"},\"query-input\":{\"@type\":\"PropertyValueSpecification\",\"valueRequired\":true,\"valueName\":\"search_term_string\"}}],\"inLanguage\":\"de\"},{\"@type\":\"Organization\",\"@id\":\"https:\\\/\\\/www.organisator.ch\\\/#organization\",\"name\":\"Organisator\",\"url\":\"https:\\\/\\\/www.organisator.ch\\\/\",\"logo\":{\"@type\":\"ImageObject\",\"inLanguage\":\"de\",\"@id\":\"https:\\\/\\\/www.organisator.ch\\\/#\\\/schema\\\/logo\\\/image\\\/\",\"url\":\"https:\\\/\\\/www.organisator.ch\\\/wp-content\\\/uploads\\\/2022\\\/01\\\/Logo_Organisator_Website.png\",\"contentUrl\":\"https:\\\/\\\/www.organisator.ch\\\/wp-content\\\/uploads\\\/2022\\\/01\\\/Logo_Organisator_Website.png\",\"width\":800,\"height\":77,\"caption\":\"Organisator\"},\"image\":{\"@id\":\"https:\\\/\\\/www.organisator.ch\\\/#\\\/schema\\\/logo\\\/image\\\/\"},\"sameAs\":[\"https:\\\/\\\/www.facebook.com\\\/OrganisatorFachmagazin\",\"https:\\\/\\\/www.linkedin.com\\\/showcase\\\/organisator-das-magazin-fr-kmu\",\"https:\\\/\\\/www.xing.com\\\/news\\\/pages\\\/organisator-ch-695\",\"https:\\\/\\\/www.youtube.com\\\/channel\\\/UCGP2Sq0iWaZwT3BdIAQFYpw\"]},{\"@type\":\"Person\",\"@id\":\"https:\\\/\\\/www.organisator.ch\\\/#\\\/schema\\\/person\\\/6f650f90b2842cd4c0cc334b4e36f67e\",\"name\":\"thomas.berner\",\"image\":{\"@type\":\"ImageObject\",\"inLanguage\":\"de\",\"@id\":\"https:\\\/\\\/secure.gravatar.com\\\/avatar\\\/ac5001d2a36cb6c6cd3e50789007ffca834b477b74a2144564522e944eabff61?s=96&d=mm&r=g\",\"url\":\"https:\\\/\\\/secure.gravatar.com\\\/avatar\\\/ac5001d2a36cb6c6cd3e50789007ffca834b477b74a2144564522e944eabff61?s=96&d=mm&r=g\",\"contentUrl\":\"https:\\\/\\\/secure.gravatar.com\\\/avatar\\\/ac5001d2a36cb6c6cd3e50789007ffca834b477b74a2144564522e944eabff61?s=96&d=mm&r=g\",\"caption\":\"thomas.berner\"},\"url\":\"https:\\\/\\\/www.organisator.ch\\\/de\\\/author\\\/thomas-berner\\\/\"}]}<\/script>\n<!-- \/ Yoast SEO plugin. -->","yoast_head_json":{"title":"Export-Aussichten n\u00e4hern sich dem langfristigen Trend an - Organisator","description":"Mit \u00fcberdurchschnittlichen Export-Aussichten d\u00fcrfte es vorbei sein: Dem grossem Optimismus folgt Vorsicht bei Unternehmen und Konsumenten.","robots":{"index":"index","follow":"follow","max-snippet":"max-snippet:-1","max-image-preview":"max-image-preview:large","max-video-preview":"max-video-preview:-1"},"canonical":"https:\/\/www.organisator.ch\/de\/management\/2022-05-24\/export-aussichten-naehern-sich-dem-langfristigen-trend-an\/","og_locale":"de_DE","og_type":"article","og_title":"Export-Aussichten n\u00e4hern sich dem langfristigen Trend an","og_description":"Mit \u00fcberdurchschnittlichen Export-Aussichten d\u00fcrfte es vorbei sein: Dem grossem Optimismus folgt Vorsicht bei Unternehmen und Konsumenten.","og_url":"https:\/\/www.organisator.ch\/de\/management\/2022-05-24\/export-aussichten-naehern-sich-dem-langfristigen-trend-an\/","og_site_name":"Organisator","article_publisher":"https:\/\/www.facebook.com\/OrganisatorFachmagazin","article_published_time":"2022-05-24T06:35:56+00:00","og_image":[{"width":680,"height":482,"url":"https:\/\/www.organisator.ch\/wp-content\/uploads\/2022\/05\/Export-Aussichten-naehern-sich-dem-langfristigen-Trend-an_Organisator.jpg","type":"image\/jpeg"}],"author":"thomas.berner","twitter_card":"summary_large_image","twitter_title":"#Export-Aussichten n\u00e4hern sich dem langfristigen #Trend an","twitter_description":"Mit \u00fcberdurchschnittlichen #Export-Aussichten d\u00fcrfte es vorbei sein: Dem grossem #Optimismus folgt Vorsicht bei #Unternehmen und #Konsumenten.","twitter_image":"https:\/\/www.organisator.ch\/wp-content\/uploads\/2022\/05\/Export-Aussichten-naehern-sich-dem-langfristigen-Trend-an_Organisator.jpg","schema":{"@context":"https:\/\/schema.org","@graph":[{"@type":"Article","@id":"https:\/\/www.organisator.ch\/management\/2022-05-24\/export-aussichten-naehern-sich-dem-langfristigen-trend-an\/#article","isPartOf":{"@id":"https:\/\/www.organisator.ch\/management\/2022-05-24\/export-aussichten-naehern-sich-dem-langfristigen-trend-an\/"},"author":{"name":"thomas.berner","@id":"https:\/\/www.organisator.ch\/#\/schema\/person\/6f650f90b2842cd4c0cc334b4e36f67e"},"headline":"Export-Aussichten n\u00e4hern sich dem langfristigen Trend an","datePublished":"2022-05-24T06:35:56+00:00","mainEntityOfPage":{"@id":"https:\/\/www.organisator.ch\/management\/2022-05-24\/export-aussichten-naehern-sich-dem-langfristigen-trend-an\/"},"wordCount":605,"publisher":{"@id":"https:\/\/www.organisator.ch\/#organization"},"image":{"@id":"https:\/\/www.organisator.ch\/management\/2022-05-24\/export-aussichten-naehern-sich-dem-langfristigen-trend-an\/#primaryimage"},"thumbnailUrl":"https:\/\/www.organisator.ch\/wp-content\/uploads\/2022\/05\/Export-Aussichten-naehern-sich-dem-langfristigen-Trend-an_Organisator.jpg","keywords":["Export","Konjunktur","Risikomanagement"],"articleSection":["MANAGEMENT"],"inLanguage":"de"},{"@type":"WebPage","@id":"https:\/\/www.organisator.ch\/management\/2022-05-24\/export-aussichten-naehern-sich-dem-langfristigen-trend-an\/","url":"https:\/\/www.organisator.ch\/management\/2022-05-24\/export-aussichten-naehern-sich-dem-langfristigen-trend-an\/","name":"Export-Aussichten n\u00e4hern sich dem langfristigen Trend an - Organisator","isPartOf":{"@id":"https:\/\/www.organisator.ch\/#website"},"primaryImageOfPage":{"@id":"https:\/\/www.organisator.ch\/management\/2022-05-24\/export-aussichten-naehern-sich-dem-langfristigen-trend-an\/#primaryimage"},"image":{"@id":"https:\/\/www.organisator.ch\/management\/2022-05-24\/export-aussichten-naehern-sich-dem-langfristigen-trend-an\/#primaryimage"},"thumbnailUrl":"https:\/\/www.organisator.ch\/wp-content\/uploads\/2022\/05\/Export-Aussichten-naehern-sich-dem-langfristigen-Trend-an_Organisator.jpg","datePublished":"2022-05-24T06:35:56+00:00","description":"Mit \u00fcberdurchschnittlichen Export-Aussichten d\u00fcrfte es vorbei sein: Dem grossem Optimismus folgt Vorsicht bei Unternehmen und Konsumenten.","breadcrumb":{"@id":"https:\/\/www.organisator.ch\/management\/2022-05-24\/export-aussichten-naehern-sich-dem-langfristigen-trend-an\/#breadcrumb"},"inLanguage":"de","potentialAction":[{"@type":"ReadAction","target":["https:\/\/www.organisator.ch\/management\/2022-05-24\/export-aussichten-naehern-sich-dem-langfristigen-trend-an\/"]}]},{"@type":"ImageObject","inLanguage":"de","@id":"https:\/\/www.organisator.ch\/management\/2022-05-24\/export-aussichten-naehern-sich-dem-langfristigen-trend-an\/#primaryimage","url":"https:\/\/www.organisator.ch\/wp-content\/uploads\/2022\/05\/Export-Aussichten-naehern-sich-dem-langfristigen-Trend-an_Organisator.jpg","contentUrl":"https:\/\/www.organisator.ch\/wp-content\/uploads\/2022\/05\/Export-Aussichten-naehern-sich-dem-langfristigen-Trend-an_Organisator.jpg","width":680,"height":482,"caption":"Die Schweizer Wirtschaft profitiert zwar noch vom positiven Trend der Pandemie-Bew\u00e4ltigung, doch auch hierzulande tr\u00fcben sich die Export-Aussichten ein. (Bild: Pixabay.com)"},{"@type":"BreadcrumbList","@id":"https:\/\/www.organisator.ch\/management\/2022-05-24\/export-aussichten-naehern-sich-dem-langfristigen-trend-an\/#breadcrumb","itemListElement":[{"@type":"ListItem","position":1,"name":"Home","item":"https:\/\/www.organisator.ch\/"},{"@type":"ListItem","position":2,"name":"Export-Aussichten n\u00e4hern sich dem langfristigen Trend an"}]},{"@type":"WebSite","@id":"https:\/\/www.organisator.ch\/#website","url":"https:\/\/www.organisator.ch\/","name":"Organisator","description":"Kompetent. Praxisnah. Der ORGANISATOR bereitet in 10 Ausgaben pro Jahr die wesentlichen Themen f\u00fcr F\u00fchrungskr\u00e4fte von KMU auf.","publisher":{"@id":"https:\/\/www.organisator.ch\/#organization"},"potentialAction":[{"@type":"SearchAction","target":{"@type":"EntryPoint","urlTemplate":"https:\/\/www.organisator.ch\/?s={search_term_string}"},"query-input":{"@type":"PropertyValueSpecification","valueRequired":true,"valueName":"search_term_string"}}],"inLanguage":"de"},{"@type":"Organization","@id":"https:\/\/www.organisator.ch\/#organization","name":"Organisator","url":"https:\/\/www.organisator.ch\/","logo":{"@type":"ImageObject","inLanguage":"de","@id":"https:\/\/www.organisator.ch\/#\/schema\/logo\/image\/","url":"https:\/\/www.organisator.ch\/wp-content\/uploads\/2022\/01\/Logo_Organisator_Website.png","contentUrl":"https:\/\/www.organisator.ch\/wp-content\/uploads\/2022\/01\/Logo_Organisator_Website.png","width":800,"height":77,"caption":"Organisator"},"image":{"@id":"https:\/\/www.organisator.ch\/#\/schema\/logo\/image\/"},"sameAs":["https:\/\/www.facebook.com\/OrganisatorFachmagazin","https:\/\/www.linkedin.com\/showcase\/organisator-das-magazin-fr-kmu","https:\/\/www.xing.com\/news\/pages\/organisator-ch-695","https:\/\/www.youtube.com\/channel\/UCGP2Sq0iWaZwT3BdIAQFYpw"]},{"@type":"Person","@id":"https:\/\/www.organisator.ch\/#\/schema\/person\/6f650f90b2842cd4c0cc334b4e36f67e","name":"thomas.berner","image":{"@type":"ImageObject","inLanguage":"de","@id":"https:\/\/secure.gravatar.com\/avatar\/ac5001d2a36cb6c6cd3e50789007ffca834b477b74a2144564522e944eabff61?s=96&d=mm&r=g","url":"https:\/\/secure.gravatar.com\/avatar\/ac5001d2a36cb6c6cd3e50789007ffca834b477b74a2144564522e944eabff61?s=96&d=mm&r=g","contentUrl":"https:\/\/secure.gravatar.com\/avatar\/ac5001d2a36cb6c6cd3e50789007ffca834b477b74a2144564522e944eabff61?s=96&d=mm&r=g","caption":"thomas.berner"},"url":"https:\/\/www.organisator.ch\/de\/author\/thomas-berner\/"}]}},"_links":{"self":[{"href":"https:\/\/www.organisator.ch\/de\/wp-json\/wp\/v2\/posts\/12991","targetHints":{"allow":["GET"]}}],"collection":[{"href":"https:\/\/www.organisator.ch\/de\/wp-json\/wp\/v2\/posts"}],"about":[{"href":"https:\/\/www.organisator.ch\/de\/wp-json\/wp\/v2\/types\/post"}],"author":[{"embeddable":true,"href":"https:\/\/www.organisator.ch\/de\/wp-json\/wp\/v2\/users\/4"}],"replies":[{"embeddable":true,"href":"https:\/\/www.organisator.ch\/de\/wp-json\/wp\/v2\/comments?post=12991"}],"version-history":[{"count":1,"href":"https:\/\/www.organisator.ch\/de\/wp-json\/wp\/v2\/posts\/12991\/revisions"}],"predecessor-version":[{"id":12993,"href":"https:\/\/www.organisator.ch\/de\/wp-json\/wp\/v2\/posts\/12991\/revisions\/12993"}],"wp:featuredmedia":[{"embeddable":true,"href":"https:\/\/www.organisator.ch\/de\/wp-json\/wp\/v2\/media\/12992"}],"wp:attachment":[{"href":"https:\/\/www.organisator.ch\/de\/wp-json\/wp\/v2\/media?parent=12991"}],"wp:term":[{"taxonomy":"category","embeddable":true,"href":"https:\/\/www.organisator.ch\/de\/wp-json\/wp\/v2\/categories?post=12991"},{"taxonomy":"post_tag","embeddable":true,"href":"https:\/\/www.organisator.ch\/de\/wp-json\/wp\/v2\/tags?post=12991"}],"curies":[{"name":"wp","href":"https:\/\/api.w.org\/{rel}","templated":true}]}}