{"id":13006,"date":"2022-05-25T07:54:18","date_gmt":"2022-05-25T05:54:18","guid":{"rendered":"https:\/\/www.m-q.ch\/?p=16382"},"modified":"2022-07-30T16:06:03","modified_gmt":"2022-07-30T14:06:03","slug":"sicherer-elektronischer-impfausweis-interessengemeinschaft-legt-konzept-vor","status":"publish","type":"post","link":"https:\/\/www.organisator.ch\/de\/operational-excellence\/2022-05-25\/sicherer-elektronischer-impfausweis-interessengemeinschaft-legt-konzept-vor\/","title":{"rendered":"Sicherer elektronischer Impfausweis: Interessengemeinschaft legt Konzept vor"},"content":{"rendered":"<figure id=\"attachment_16383\" class=\"wp-caption alignnone\" style=\"width: 680px\" aria-describedby=\"caption-attachment-16383\"><img class=\"alignnone wp-image-16383 size-full\" src=\"https:\/\/www.m-q.ch\/wp-content\/uploads\/2022\/05\/Sicherer-elektronischer-Impfausweis-Interessengemeinschaft-legt-Konzept-vor_MQ.jpg\" alt=\"elektronischer Impfausweis\" width=\"680\" height=\"452\" \/><figcaption id=\"caption-attachment-16383\" class=\"wp-caption-text\">Die Berner Fachhochschule BFH, die Verbindung der Schweizer \u00c4rztinnen und \u00c4rzte FMH, pharmaSuisse, HCI Solutions von Galenica, Interpharma und die Genossenschaft MIDATA legen gemeinsam ein Konzept vor, wie die Schweiz einen sicheren elektronischen Impfausweis aufbauen kann. (Bild: iStock)<\/figcaption><\/figure>\r\nEs tut sich was in Sachen elektronischer Impfausweis. Nachdem <a href=\"https:\/\/www.srf.ch\/news\/international\/das-neueste-zum-coronavirus-datenschuetzer-laesst-daten-von-meineimpfungen-ch-loeschen\">aus Datenschutzgr\u00fcnden ein erster Versuch, durchgef\u00fchrte Impfungen digital zu verwalten<\/a>, gescheitert ist, sollen Schweizerinnen und Schweizer erneut die M\u00f6glichkeit haben, ihre Impfdaten elektronisch zu erheben, zu verwalten und zu nutzen. Um das zu erm\u00f6glichen, hat ein breites Konsortium eine Machbarkeitsstudie ver\u00f6ffentlicht. Im Konsortium vertreten sind die Berner Fachhochschule BFH, die Verbindung der Schweizer \u00c4rztinnen und \u00c4rzte FMH, pharmaSuisse, HCI Solutions, Interpharma und die Genossenschaft MIDATA.\r\n<h3>Sicherer elektronischer Impfausweis ist m\u00f6glich<\/h3>\r\nDie Studie zeigt auf: Ein sicherer elektronischer Impfausweis ist m\u00f6glich. Und der Mehrwert eines solchen w\u00e4re betr\u00e4chtlich: \u00abB\u00fcrgerinnen und B\u00fcrger erhalten so die Hoheit \u00fcber ihre Impfdaten. Sie allein entscheiden, wem sie diese zur Verf\u00fcgung stellen\u00bb, erkl\u00e4rt Professor Serge Bignens von der BFH und erg\u00e4nzt: \u00abGleichzeitig k\u00f6nnen sie besser informiert und sensibilisiert werden \u00fcber den Nutzen der Impfungen\u00bb. Dadurch k\u00f6nne man den eigenen Impfschutz besser steuern, was wiederum die \u00f6ffentliche Gesundheit steigert. Dar\u00fcber hinaus vereinfacht ein e-Impfdossier den Zugriff f\u00fcr \u00c4rztinnen, \u00c4rzte und Apotheker\/-innen auf den aktuellen Impfstatus, was wiederum auch erm\u00f6glicht, elektronische Impfempfehlungen abzurufen. Zuletzt k\u00f6nnen Forschende so anonymisierte Impfdaten nutzen, um neue Erkenntnisse und Zusammenh\u00e4nge zu entdecken. M\u00f6glich macht dies die Nutzung der Datenplattform der gemeinn\u00fctzigen Genossenschaft MIDATA.\r\n\r\nDie Schweiz ist bei der Nutzung von Gesundheitsdaten r\u00fcckst\u00e4ndig, das zeigen einschl\u00e4gige internationale Studien wie der digital health index der Bertelsmann-Stiftung, bei dem die Schweiz auf dem viertletzten Platz rangiert. Dabei haben die Erfahrungen der letzten Jahre noch einmal verdeutlicht, wie wichtig ein funktionierendes Gesundheitsdaten\u00f6kosysteme f\u00fcr die Gesellschaft ist. Schliesslich sind es auch Daten aus diesem \u00d6kosystem, die helfen, die Impfstoffe weiterzuentwickeln.\r\n<h3>Oberste Prinzipien: Robuster Datenschutz und Datenhoheit bei Patient\/-innen<\/h3>\r\nDie Machbarkeitsstudie wurde entlang gewisser Schl\u00fcsselprinzipien aufgezogen. Zentral ist neben der Datenhoheit der B\u00fcrgerinnen und B\u00fcrger auch der Datenschutz. Dieser hat im entwickelten Konzept oberste Priorit\u00e4t. Des Weiteren ist das Konzept \u00f6ffentlich und die Standards der vorgeschlagenen L\u00f6sung sind breit anwendbar, wodurch das Modell beliebig erweitert werden kann. Auch haben die Autor\/-innen sichergestellt, dass die vorgeschlagene L\u00f6sung mit anderen Initiativen kompatibel ist \u2013 insbesondere mit dem elektronischen Patientendossier (EPD). B\u00fcrgerinnen und B\u00fcrger k\u00f6nnen somit ihre Daten frei von einem Ort an den anderen verschieben. Ein weiterer zentraler Punkt: Der elektronische Impfausweis liesse sich rasch realisieren \u2013 sobald eine nachhaltige Finanzierung sichergestellt ist.\r\n<h3>Langfristige Finanzierung und Bau des Systems als n\u00e4chste Schritte<\/h3>\r\nEin Impfdaten\u00f6kosystem braucht finanzielle Mittel. Die Studie f\u00fchrt detailliert auf, welche Komponenten integriert, neu entwickelt, gewartet und betrieben werden m\u00fcssten. Der n\u00e4chste Schritt f\u00fcr die Umsetzung ist es, eine langfristige Finanzierung zu sichern. Danach kann das System gebaut und unterhalten werden. Hierzu braucht es private und \u00f6ffentliche Investitionen, da der e-Impfausweis den Patient*innen gratis zur Verf\u00fcgung stehen soll.\r\n\r\nDie vorgelegte Studie zeigt, dass f\u00fcr die Schweiz ein sicherer und breit abgest\u00fctzter elektronischer Impfausweis m\u00f6glich ist, explizit auch mit der technischen Machbarkeit einer Anbindung an ein EPD. Die Studie komme nach Ansicht der Verfasserinnen und Verfasser zum richtigen Zeitpunkt, denn sie sei auch f\u00fcr die Bundesverwaltung interessant. Diese arbeitet derzeit an der Einf\u00fchrung eines Impfausweises im EPD.\r\n\r\n<a href=\"http:\/\/www.bfh.ch\/\"><em>Weitere Informationen und Quelle<\/em><\/a>\n<p class=\"syndicated-attribution\">Dieser Beitrag erschien urspr\u00fcnglich auf m-q.ch - <a href=\"https:\/\/www.m-q.ch\/de\/sicherer-elektronischer-impfausweis-interessengemeinschaft-legt-konzept-vor\/\" target=\"_blank\">https:\/\/www.m-q.ch\/de\/sicherer-elektronischer-impfausweis-interessengemeinschaft-legt-konzept-vor\/<\/a><\/p>","protected":false},"excerpt":{"rendered":"<p>Es tut sich was in Sachen elektronischer Impfausweis. Nachdem aus Datenschutzgr\u00fcnden ein erster Versuch, durchgef\u00fchrte Impfungen digital zu verwalten, gescheitert ist, sollen Schweizerinnen und Schweizer erneut die M\u00f6glichkeit haben, ihre Impfdaten elektronisch zu erheben, zu verwalten und zu nutzen. Um das zu erm\u00f6glichen, hat ein breites Konsortium eine Machbarkeitsstudie ver\u00f6ffentlicht. Im Konsortium vertreten sind die [\u2026]<\/p>\n","protected":false},"author":8,"featured_media":0,"comment_status":"closed","ping_status":"closed","sticky":false,"template":"","format":"standard","meta":{"_acf_changed":false,"_yoast_wpseo_focuskw":"elektronischer Impfausweis","_yoast_wpseo_metadesc":"Ein breit abgest\u00fctztes Konsortium bringt Schwung in die Digitalisierung des Schweizer Gesundheitswesens und legt ein Konzept vor, wie die Schweiz einen sicheren elektronischen Impfausweis aufbauen kann \u2013 bei dem die B\u00fcrgerinnen und B\u00fcrger jederzeit die Datenhoheit haben.","articlekey":"","footnotes":""},"categories":[582],"tags":[3143,2891,3216,3217],"class_list":["post-13006","post","type-post","status-publish","format-standard","hentry","category-operational-excellence","tag-elektronischer-impfausweis","tag-elektronisches-patientendossier","tag-konzept","tag-sicherer"],"acf":[],"yoast_head":"<!-- This site is optimized with the Yoast SEO plugin v27.5 - https:\/\/yoast.com\/product\/yoast-seo-wordpress\/ -->\n<title>Sicherer elektronischer Impfausweis: Interessengemeinschaft legt Konzept vor - Organisator<\/title>\n<meta name=\"description\" content=\"Ein breit abgest\u00fctztes Konsortium bringt Schwung in die Digitalisierung des Schweizer Gesundheitswesens und legt ein Konzept vor, wie die Schweiz einen sicheren elektronischen Impfausweis aufbauen kann \u2013 bei dem die B\u00fcrgerinnen und B\u00fcrger jederzeit die Datenhoheit haben.\" \/>\n<meta name=\"robots\" content=\"index, follow, max-snippet:-1, max-image-preview:large, max-video-preview:-1\" \/>\n<link rel=\"canonical\" href=\"https:\/\/www.m-q.ch\/de\/sicherer-elektronischer-impfausweis-interessengemeinschaft-legt-konzept-vor\/\" \/>\n<meta property=\"og:locale\" content=\"de_DE\" \/>\n<meta property=\"og:type\" content=\"article\" \/>\n<meta property=\"og:title\" content=\"Sicherer elektronischer Impfausweis: Interessengemeinschaft legt Konzept vor - Organisator\" \/>\n<meta property=\"og:description\" content=\"Ein breit abgest\u00fctztes Konsortium bringt Schwung in die Digitalisierung des Schweizer Gesundheitswesens und legt ein Konzept vor, wie die Schweiz einen sicheren elektronischen Impfausweis aufbauen kann \u2013 bei dem die B\u00fcrgerinnen und B\u00fcrger jederzeit die Datenhoheit haben.\" \/>\n<meta property=\"og:url\" content=\"https:\/\/www.m-q.ch\/de\/sicherer-elektronischer-impfausweis-interessengemeinschaft-legt-konzept-vor\/\" \/>\n<meta property=\"og:site_name\" content=\"Organisator\" \/>\n<meta property=\"article:publisher\" content=\"https:\/\/www.facebook.com\/OrganisatorFachmagazin\" \/>\n<meta property=\"article:published_time\" content=\"2022-05-25T05:54:18+00:00\" \/>\n<meta property=\"article:modified_time\" content=\"2022-07-30T14:06:03+00:00\" \/>\n<meta property=\"og:image\" content=\"https:\/\/www.m-q.ch\/wp-content\/uploads\/2022\/05\/Sicherer-elektronischer-Impfausweis-Interessengemeinschaft-legt-Konzept-vor_MQ.jpg\" \/>\n<meta name=\"author\" content=\"galledia\" \/>\n<meta name=\"twitter:card\" content=\"summary_large_image\" \/>\n<meta name=\"twitter:creator\" content=\"@admin\" \/>\n<script type=\"application\/ld+json\" class=\"yoast-schema-graph\">{\"@context\":\"https:\\\/\\\/schema.org\",\"@graph\":[{\"@type\":\"Article\",\"@id\":\"https:\\\/\\\/www.m-q.ch\\\/de\\\/sicherer-elektronischer-impfausweis-interessengemeinschaft-legt-konzept-vor\\\/#article\",\"isPartOf\":{\"@id\":\"https:\\\/\\\/www.organisator.ch\\\/operational-excellence\\\/2022-05-25\\\/sicherer-elektronischer-impfausweis-interessengemeinschaft-legt-konzept-vor\\\/\"},\"author\":{\"name\":\"galledia\",\"@id\":\"https:\\\/\\\/www.organisator.ch\\\/#\\\/schema\\\/person\\\/4e51799071cd2dd1232ac003643ef5f0\"},\"headline\":\"Sicherer elektronischer Impfausweis: Interessengemeinschaft legt Konzept vor\",\"datePublished\":\"2022-05-25T05:54:18+00:00\",\"dateModified\":\"2022-07-30T14:06:03+00:00\",\"mainEntityOfPage\":{\"@id\":\"https:\\\/\\\/www.organisator.ch\\\/operational-excellence\\\/2022-05-25\\\/sicherer-elektronischer-impfausweis-interessengemeinschaft-legt-konzept-vor\\\/\"},\"wordCount\":596,\"publisher\":{\"@id\":\"https:\\\/\\\/www.organisator.ch\\\/#organization\"},\"image\":{\"@id\":\"https:\\\/\\\/www.m-q.ch\\\/de\\\/sicherer-elektronischer-impfausweis-interessengemeinschaft-legt-konzept-vor\\\/#primaryimage\"},\"thumbnailUrl\":\"https:\\\/\\\/www.m-q.ch\\\/wp-content\\\/uploads\\\/2022\\\/05\\\/Sicherer-elektronischer-Impfausweis-Interessengemeinschaft-legt-Konzept-vor_MQ.jpg\",\"keywords\":[\"elektronischer Impfausweis\",\"elektronisches Patientendossier\",\"Konzept\",\"Sicherer\"],\"articleSection\":[\"OPERATIONAL EXCELLENCE\"],\"inLanguage\":\"de\"},{\"@type\":\"WebPage\",\"@id\":\"https:\\\/\\\/www.organisator.ch\\\/operational-excellence\\\/2022-05-25\\\/sicherer-elektronischer-impfausweis-interessengemeinschaft-legt-konzept-vor\\\/\",\"url\":\"https:\\\/\\\/www.m-q.ch\\\/de\\\/sicherer-elektronischer-impfausweis-interessengemeinschaft-legt-konzept-vor\\\/\",\"name\":\"Sicherer elektronischer Impfausweis: Interessengemeinschaft legt Konzept vor - Organisator\",\"isPartOf\":{\"@id\":\"https:\\\/\\\/www.organisator.ch\\\/#website\"},\"primaryImageOfPage\":{\"@id\":\"https:\\\/\\\/www.m-q.ch\\\/de\\\/sicherer-elektronischer-impfausweis-interessengemeinschaft-legt-konzept-vor\\\/#primaryimage\"},\"image\":{\"@id\":\"https:\\\/\\\/www.m-q.ch\\\/de\\\/sicherer-elektronischer-impfausweis-interessengemeinschaft-legt-konzept-vor\\\/#primaryimage\"},\"thumbnailUrl\":\"https:\\\/\\\/www.m-q.ch\\\/wp-content\\\/uploads\\\/2022\\\/05\\\/Sicherer-elektronischer-Impfausweis-Interessengemeinschaft-legt-Konzept-vor_MQ.jpg\",\"datePublished\":\"2022-05-25T05:54:18+00:00\",\"dateModified\":\"2022-07-30T14:06:03+00:00\",\"description\":\"Ein breit abgest\u00fctztes Konsortium bringt Schwung in die Digitalisierung des Schweizer Gesundheitswesens und legt ein Konzept vor, wie die Schweiz einen sicheren elektronischen Impfausweis aufbauen kann \u2013 bei dem die B\u00fcrgerinnen und B\u00fcrger jederzeit die Datenhoheit haben.\",\"breadcrumb\":{\"@id\":\"https:\\\/\\\/www.m-q.ch\\\/de\\\/sicherer-elektronischer-impfausweis-interessengemeinschaft-legt-konzept-vor\\\/#breadcrumb\"},\"inLanguage\":\"de\",\"potentialAction\":[{\"@type\":\"ReadAction\",\"target\":[\"https:\\\/\\\/www.m-q.ch\\\/de\\\/sicherer-elektronischer-impfausweis-interessengemeinschaft-legt-konzept-vor\\\/\"]}]},{\"@type\":\"ImageObject\",\"inLanguage\":\"de\",\"@id\":\"https:\\\/\\\/www.m-q.ch\\\/de\\\/sicherer-elektronischer-impfausweis-interessengemeinschaft-legt-konzept-vor\\\/#primaryimage\",\"url\":\"https:\\\/\\\/www.m-q.ch\\\/wp-content\\\/uploads\\\/2022\\\/05\\\/Sicherer-elektronischer-Impfausweis-Interessengemeinschaft-legt-Konzept-vor_MQ.jpg\",\"contentUrl\":\"https:\\\/\\\/www.m-q.ch\\\/wp-content\\\/uploads\\\/2022\\\/05\\\/Sicherer-elektronischer-Impfausweis-Interessengemeinschaft-legt-Konzept-vor_MQ.jpg\"},{\"@type\":\"BreadcrumbList\",\"@id\":\"https:\\\/\\\/www.m-q.ch\\\/de\\\/sicherer-elektronischer-impfausweis-interessengemeinschaft-legt-konzept-vor\\\/#breadcrumb\",\"itemListElement\":[{\"@type\":\"ListItem\",\"position\":1,\"name\":\"Home\",\"item\":\"https:\\\/\\\/www.organisator.ch\\\/\"},{\"@type\":\"ListItem\",\"position\":2,\"name\":\"Sicherer elektronischer Impfausweis: Interessengemeinschaft legt Konzept vor\"}]},{\"@type\":\"WebSite\",\"@id\":\"https:\\\/\\\/www.organisator.ch\\\/#website\",\"url\":\"https:\\\/\\\/www.organisator.ch\\\/\",\"name\":\"Organisator\",\"description\":\"Kompetent. Praxisnah. Der ORGANISATOR bereitet in 10 Ausgaben pro Jahr die wesentlichen Themen f\u00fcr F\u00fchrungskr\u00e4fte von KMU auf.\",\"publisher\":{\"@id\":\"https:\\\/\\\/www.organisator.ch\\\/#organization\"},\"potentialAction\":[{\"@type\":\"SearchAction\",\"target\":{\"@type\":\"EntryPoint\",\"urlTemplate\":\"https:\\\/\\\/www.organisator.ch\\\/?s={search_term_string}\"},\"query-input\":{\"@type\":\"PropertyValueSpecification\",\"valueRequired\":true,\"valueName\":\"search_term_string\"}}],\"inLanguage\":\"de\"},{\"@type\":\"Organization\",\"@id\":\"https:\\\/\\\/www.organisator.ch\\\/#organization\",\"name\":\"Organisator\",\"url\":\"https:\\\/\\\/www.organisator.ch\\\/\",\"logo\":{\"@type\":\"ImageObject\",\"inLanguage\":\"de\",\"@id\":\"https:\\\/\\\/www.organisator.ch\\\/#\\\/schema\\\/logo\\\/image\\\/\",\"url\":\"https:\\\/\\\/www.organisator.ch\\\/wp-content\\\/uploads\\\/2022\\\/01\\\/Logo_Organisator_Website.png\",\"contentUrl\":\"https:\\\/\\\/www.organisator.ch\\\/wp-content\\\/uploads\\\/2022\\\/01\\\/Logo_Organisator_Website.png\",\"width\":800,\"height\":77,\"caption\":\"Organisator\"},\"image\":{\"@id\":\"https:\\\/\\\/www.organisator.ch\\\/#\\\/schema\\\/logo\\\/image\\\/\"},\"sameAs\":[\"https:\\\/\\\/www.facebook.com\\\/OrganisatorFachmagazin\",\"https:\\\/\\\/www.linkedin.com\\\/showcase\\\/organisator-das-magazin-fr-kmu\",\"https:\\\/\\\/www.xing.com\\\/news\\\/pages\\\/organisator-ch-695\",\"https:\\\/\\\/www.youtube.com\\\/channel\\\/UCGP2Sq0iWaZwT3BdIAQFYpw\"]},{\"@type\":\"Person\",\"@id\":\"https:\\\/\\\/www.organisator.ch\\\/#\\\/schema\\\/person\\\/4e51799071cd2dd1232ac003643ef5f0\",\"name\":\"galledia\",\"image\":{\"@type\":\"ImageObject\",\"inLanguage\":\"de\",\"@id\":\"https:\\\/\\\/secure.gravatar.com\\\/avatar\\\/78a7f90c01fc2bfc875782a0d4922b37cde2cf184ce347b91316d23cd7f69a36?s=96&d=mm&r=g\",\"url\":\"https:\\\/\\\/secure.gravatar.com\\\/avatar\\\/78a7f90c01fc2bfc875782a0d4922b37cde2cf184ce347b91316d23cd7f69a36?s=96&d=mm&r=g\",\"contentUrl\":\"https:\\\/\\\/secure.gravatar.com\\\/avatar\\\/78a7f90c01fc2bfc875782a0d4922b37cde2cf184ce347b91316d23cd7f69a36?s=96&d=mm&r=g\",\"caption\":\"galledia\"},\"sameAs\":[\"https:\\\/\\\/x.com\\\/admin\"],\"url\":\"https:\\\/\\\/www.organisator.ch\\\/de\\\/author\\\/galledia\\\/\"}]}<\/script>\n<!-- \/ Yoast SEO plugin. -->","yoast_head_json":{"title":"Sicherer elektronischer Impfausweis: Interessengemeinschaft legt Konzept vor - Organisator","description":"Ein breit abgest\u00fctztes Konsortium bringt Schwung in die Digitalisierung des Schweizer Gesundheitswesens und legt ein Konzept vor, wie die Schweiz einen sicheren elektronischen Impfausweis aufbauen kann \u2013 bei dem die B\u00fcrgerinnen und B\u00fcrger jederzeit die Datenhoheit haben.","robots":{"index":"index","follow":"follow","max-snippet":"max-snippet:-1","max-image-preview":"max-image-preview:large","max-video-preview":"max-video-preview:-1"},"canonical":"https:\/\/www.m-q.ch\/de\/sicherer-elektronischer-impfausweis-interessengemeinschaft-legt-konzept-vor\/","og_locale":"de_DE","og_type":"article","og_title":"Sicherer elektronischer Impfausweis: Interessengemeinschaft legt Konzept vor - Organisator","og_description":"Ein breit abgest\u00fctztes Konsortium bringt Schwung in die Digitalisierung des Schweizer Gesundheitswesens und legt ein Konzept vor, wie die Schweiz einen sicheren elektronischen Impfausweis aufbauen kann \u2013 bei dem die B\u00fcrgerinnen und B\u00fcrger jederzeit die Datenhoheit haben.","og_url":"https:\/\/www.m-q.ch\/de\/sicherer-elektronischer-impfausweis-interessengemeinschaft-legt-konzept-vor\/","og_site_name":"Organisator","article_publisher":"https:\/\/www.facebook.com\/OrganisatorFachmagazin","article_published_time":"2022-05-25T05:54:18+00:00","article_modified_time":"2022-07-30T14:06:03+00:00","og_image":[{"url":"https:\/\/www.m-q.ch\/wp-content\/uploads\/2022\/05\/Sicherer-elektronischer-Impfausweis-Interessengemeinschaft-legt-Konzept-vor_MQ.jpg","type":"","width":"","height":""}],"author":"galledia","twitter_card":"summary_large_image","twitter_creator":"@admin","schema":{"@context":"https:\/\/schema.org","@graph":[{"@type":"Article","@id":"https:\/\/www.m-q.ch\/de\/sicherer-elektronischer-impfausweis-interessengemeinschaft-legt-konzept-vor\/#article","isPartOf":{"@id":"https:\/\/www.organisator.ch\/operational-excellence\/2022-05-25\/sicherer-elektronischer-impfausweis-interessengemeinschaft-legt-konzept-vor\/"},"author":{"name":"galledia","@id":"https:\/\/www.organisator.ch\/#\/schema\/person\/4e51799071cd2dd1232ac003643ef5f0"},"headline":"Sicherer elektronischer Impfausweis: Interessengemeinschaft legt Konzept vor","datePublished":"2022-05-25T05:54:18+00:00","dateModified":"2022-07-30T14:06:03+00:00","mainEntityOfPage":{"@id":"https:\/\/www.organisator.ch\/operational-excellence\/2022-05-25\/sicherer-elektronischer-impfausweis-interessengemeinschaft-legt-konzept-vor\/"},"wordCount":596,"publisher":{"@id":"https:\/\/www.organisator.ch\/#organization"},"image":{"@id":"https:\/\/www.m-q.ch\/de\/sicherer-elektronischer-impfausweis-interessengemeinschaft-legt-konzept-vor\/#primaryimage"},"thumbnailUrl":"https:\/\/www.m-q.ch\/wp-content\/uploads\/2022\/05\/Sicherer-elektronischer-Impfausweis-Interessengemeinschaft-legt-Konzept-vor_MQ.jpg","keywords":["elektronischer Impfausweis","elektronisches Patientendossier","Konzept","Sicherer"],"articleSection":["OPERATIONAL EXCELLENCE"],"inLanguage":"de"},{"@type":"WebPage","@id":"https:\/\/www.organisator.ch\/operational-excellence\/2022-05-25\/sicherer-elektronischer-impfausweis-interessengemeinschaft-legt-konzept-vor\/","url":"https:\/\/www.m-q.ch\/de\/sicherer-elektronischer-impfausweis-interessengemeinschaft-legt-konzept-vor\/","name":"Sicherer elektronischer Impfausweis: Interessengemeinschaft legt Konzept vor - Organisator","isPartOf":{"@id":"https:\/\/www.organisator.ch\/#website"},"primaryImageOfPage":{"@id":"https:\/\/www.m-q.ch\/de\/sicherer-elektronischer-impfausweis-interessengemeinschaft-legt-konzept-vor\/#primaryimage"},"image":{"@id":"https:\/\/www.m-q.ch\/de\/sicherer-elektronischer-impfausweis-interessengemeinschaft-legt-konzept-vor\/#primaryimage"},"thumbnailUrl":"https:\/\/www.m-q.ch\/wp-content\/uploads\/2022\/05\/Sicherer-elektronischer-Impfausweis-Interessengemeinschaft-legt-Konzept-vor_MQ.jpg","datePublished":"2022-05-25T05:54:18+00:00","dateModified":"2022-07-30T14:06:03+00:00","description":"Ein breit abgest\u00fctztes Konsortium bringt Schwung in die Digitalisierung des Schweizer Gesundheitswesens und legt ein Konzept vor, wie die Schweiz einen sicheren elektronischen Impfausweis aufbauen kann \u2013 bei dem die B\u00fcrgerinnen und B\u00fcrger jederzeit die Datenhoheit haben.","breadcrumb":{"@id":"https:\/\/www.m-q.ch\/de\/sicherer-elektronischer-impfausweis-interessengemeinschaft-legt-konzept-vor\/#breadcrumb"},"inLanguage":"de","potentialAction":[{"@type":"ReadAction","target":["https:\/\/www.m-q.ch\/de\/sicherer-elektronischer-impfausweis-interessengemeinschaft-legt-konzept-vor\/"]}]},{"@type":"ImageObject","inLanguage":"de","@id":"https:\/\/www.m-q.ch\/de\/sicherer-elektronischer-impfausweis-interessengemeinschaft-legt-konzept-vor\/#primaryimage","url":"https:\/\/www.m-q.ch\/wp-content\/uploads\/2022\/05\/Sicherer-elektronischer-Impfausweis-Interessengemeinschaft-legt-Konzept-vor_MQ.jpg","contentUrl":"https:\/\/www.m-q.ch\/wp-content\/uploads\/2022\/05\/Sicherer-elektronischer-Impfausweis-Interessengemeinschaft-legt-Konzept-vor_MQ.jpg"},{"@type":"BreadcrumbList","@id":"https:\/\/www.m-q.ch\/de\/sicherer-elektronischer-impfausweis-interessengemeinschaft-legt-konzept-vor\/#breadcrumb","itemListElement":[{"@type":"ListItem","position":1,"name":"Home","item":"https:\/\/www.organisator.ch\/"},{"@type":"ListItem","position":2,"name":"Sicherer elektronischer Impfausweis: Interessengemeinschaft legt Konzept vor"}]},{"@type":"WebSite","@id":"https:\/\/www.organisator.ch\/#website","url":"https:\/\/www.organisator.ch\/","name":"Organisator","description":"Kompetent. Praxisnah. Der ORGANISATOR bereitet in 10 Ausgaben pro Jahr die wesentlichen Themen f\u00fcr F\u00fchrungskr\u00e4fte von KMU auf.","publisher":{"@id":"https:\/\/www.organisator.ch\/#organization"},"potentialAction":[{"@type":"SearchAction","target":{"@type":"EntryPoint","urlTemplate":"https:\/\/www.organisator.ch\/?s={search_term_string}"},"query-input":{"@type":"PropertyValueSpecification","valueRequired":true,"valueName":"search_term_string"}}],"inLanguage":"de"},{"@type":"Organization","@id":"https:\/\/www.organisator.ch\/#organization","name":"Organisator","url":"https:\/\/www.organisator.ch\/","logo":{"@type":"ImageObject","inLanguage":"de","@id":"https:\/\/www.organisator.ch\/#\/schema\/logo\/image\/","url":"https:\/\/www.organisator.ch\/wp-content\/uploads\/2022\/01\/Logo_Organisator_Website.png","contentUrl":"https:\/\/www.organisator.ch\/wp-content\/uploads\/2022\/01\/Logo_Organisator_Website.png","width":800,"height":77,"caption":"Organisator"},"image":{"@id":"https:\/\/www.organisator.ch\/#\/schema\/logo\/image\/"},"sameAs":["https:\/\/www.facebook.com\/OrganisatorFachmagazin","https:\/\/www.linkedin.com\/showcase\/organisator-das-magazin-fr-kmu","https:\/\/www.xing.com\/news\/pages\/organisator-ch-695","https:\/\/www.youtube.com\/channel\/UCGP2Sq0iWaZwT3BdIAQFYpw"]},{"@type":"Person","@id":"https:\/\/www.organisator.ch\/#\/schema\/person\/4e51799071cd2dd1232ac003643ef5f0","name":"galledia","image":{"@type":"ImageObject","inLanguage":"de","@id":"https:\/\/secure.gravatar.com\/avatar\/78a7f90c01fc2bfc875782a0d4922b37cde2cf184ce347b91316d23cd7f69a36?s=96&d=mm&r=g","url":"https:\/\/secure.gravatar.com\/avatar\/78a7f90c01fc2bfc875782a0d4922b37cde2cf184ce347b91316d23cd7f69a36?s=96&d=mm&r=g","contentUrl":"https:\/\/secure.gravatar.com\/avatar\/78a7f90c01fc2bfc875782a0d4922b37cde2cf184ce347b91316d23cd7f69a36?s=96&d=mm&r=g","caption":"galledia"},"sameAs":["https:\/\/x.com\/admin"],"url":"https:\/\/www.organisator.ch\/de\/author\/galledia\/"}]}},"_links":{"self":[{"href":"https:\/\/www.organisator.ch\/de\/wp-json\/wp\/v2\/posts\/13006","targetHints":{"allow":["GET"]}}],"collection":[{"href":"https:\/\/www.organisator.ch\/de\/wp-json\/wp\/v2\/posts"}],"about":[{"href":"https:\/\/www.organisator.ch\/de\/wp-json\/wp\/v2\/types\/post"}],"author":[{"embeddable":true,"href":"https:\/\/www.organisator.ch\/de\/wp-json\/wp\/v2\/users\/8"}],"replies":[{"embeddable":true,"href":"https:\/\/www.organisator.ch\/de\/wp-json\/wp\/v2\/comments?post=13006"}],"version-history":[{"count":4,"href":"https:\/\/www.organisator.ch\/de\/wp-json\/wp\/v2\/posts\/13006\/revisions"}],"predecessor-version":[{"id":15933,"href":"https:\/\/www.organisator.ch\/de\/wp-json\/wp\/v2\/posts\/13006\/revisions\/15933"}],"wp:attachment":[{"href":"https:\/\/www.organisator.ch\/de\/wp-json\/wp\/v2\/media?parent=13006"}],"wp:term":[{"taxonomy":"category","embeddable":true,"href":"https:\/\/www.organisator.ch\/de\/wp-json\/wp\/v2\/categories?post=13006"},{"taxonomy":"post_tag","embeddable":true,"href":"https:\/\/www.organisator.ch\/de\/wp-json\/wp\/v2\/tags?post=13006"}],"curies":[{"name":"wp","href":"https:\/\/api.w.org\/{rel}","templated":true}]}}