{"id":13041,"date":"2022-05-31T03:35:27","date_gmt":"2022-05-31T01:35:27","guid":{"rendered":"https:\/\/www.organisator.ch\/?p=13041"},"modified":"2022-05-30T13:52:13","modified_gmt":"2022-05-30T11:52:13","slug":"lohntransparenz-nur-jedes-dritte-unternehmen-will-loehne-publik-machen","status":"publish","type":"post","link":"https:\/\/www.organisator.ch\/de\/human-resources\/2022-05-31\/lohntransparenz-nur-jedes-dritte-unternehmen-will-loehne-publik-machen\/","title":{"rendered":"Lohntransparenz: Nur jedes dritte Unternehmen will L\u00f6hne publik machen"},"content":{"rendered":"<figure id=\"attachment_13042\" aria-describedby=\"caption-attachment-13042\" style=\"width: 680px\" class=\"wp-caption alignnone\"><img loading=\"lazy\" decoding=\"async\" class=\"size-full wp-image-13042\" src=\"https:\/\/www.organisator.ch\/wp-content\/uploads\/2022\/05\/Lohntransparenz-Nur-jedes-dritte-Unternehmen-will-Loehne-publik-machen_Organisator.jpg\" alt=\"\" width=\"680\" height=\"454\" srcset=\"https:\/\/www.organisator.ch\/wp-content\/uploads\/2022\/05\/Lohntransparenz-Nur-jedes-dritte-Unternehmen-will-Loehne-publik-machen_Organisator.jpg 680w, https:\/\/www.organisator.ch\/wp-content\/uploads\/2022\/05\/Lohntransparenz-Nur-jedes-dritte-Unternehmen-will-Loehne-publik-machen_Organisator-18x12.jpg 18w, https:\/\/www.organisator.ch\/wp-content\/uploads\/2022\/05\/Lohntransparenz-Nur-jedes-dritte-Unternehmen-will-Loehne-publik-machen_Organisator-262x175.jpg 262w, https:\/\/www.organisator.ch\/wp-content\/uploads\/2022\/05\/Lohntransparenz-Nur-jedes-dritte-Unternehmen-will-Loehne-publik-machen_Organisator-524x350.jpg 524w, https:\/\/www.organisator.ch\/wp-content\/uploads\/2022\/05\/Lohntransparenz-Nur-jedes-dritte-Unternehmen-will-Loehne-publik-machen_Organisator-300x200.jpg 300w\" sizes=\"auto, (max-width: 680px) 100vw, 680px\" \/><figcaption id=\"caption-attachment-13042\" class=\"wp-caption-text\">L\u00f6hne transparent machen will ein Grossteil der Schweizer Unternehmen nach wie vor nicht. (Bild: Unsplash.com)<\/figcaption><\/figure>\n<p>Auch wenn Lohntransparenz in der Schweiz immer mehr gef\u00f6rdert und von Jobsuchenden gew\u00fcnscht wird, so hat die JobCloud-Studie in Zusammenarbeit mit dem LINK-Institut ergeben, dass 61% der befragten Unternehmen aktuell nicht bereit sind, die L\u00f6hne ihrer Mitarbeitenden \u00f6ffentlich kundzutun. Insgesamt w\u00e4re erst ein Drittel der Unternehmen zu diesem Schritt bereit. Grossunternehmen\u00a0und Mikrounternehmen zeigen mehr Bereitschaft in diese Richtung. \u00abF\u00fcr grosse Unternehmen ist es wohl einfacher, weil sie strukturierte Lohnprozesse haben, etwa in Form von definierten Lohnb\u00e4ndern\u00bb erkl\u00e4rt Davide Villa, CEO von JobCloud.<\/p>\n<h3>Sich differenzieren durch Lohntransparenz<\/h3>\n<p>Sprechen sich Unternehmen gegen transparente Sal\u00e4re aus, dann tun dies gem\u00e4ss der Umfrage gut 60% deshalb, weil auch innerhalb des Unternehmens noch keine Lohntransparenz gew\u00e4hrleistet ist. Knapp 30% sind dagegen, weil die L\u00f6hne der Mitarbeitenden sehr unterschiedlich sind. \u00abUnternehmen, die ihre L\u00f6hne transparent kommunizieren, k\u00f6nnen sich im Rekrutierungsprozess von anderen Arbeitgebern abheben und so mehr passende Bewerbungen erhalten. Ein Vorteil von Lohntransparenz im Stelleninserat besteht darin, dass sich nur Kandidatinnen oder Kandidaten bewerben, die mit dem angegebenen Lohn einverstanden sind\u00bb, so Villa weiter.<\/p>\n<h3>Du-Kultur in immer mehr Unternehmen<\/h3>\n<p>Ein Bereich der Studie besch\u00e4ftigt sich mit der Firmenkultur und wie der Umgang unter den Mitarbeitenden ist. Hier scheint sich eine informelle Du-Kultur immer mehr durchzusetzen. Insgesamt gaben drei Viertel an, dass im Unternehmen eine Du-Kultur gepflegt wird, wobei sich ein deutlicher kultureller Unterschied zwischen der Deutsch- und der Westschweiz zeigt: Ist in der Deutschschweiz bei 81% das Du \u00fcblich, so sind es auf der anderen Seite des R\u00f6stigrabens \u00abnur\u00bb 62%. In der Westschweiz wird dabei viel eher nach Hierarchielevel unterschieden \u2013 so sagen 27% aus, es h\u00e4nge von der Hierarchiestufe ab, w\u00e4hrend das nur bei 11% in der Deutschschweiz eine Rolle spielt. Am wenigstens verbreitet ist die Du-Kultur bei Grossunternehmen (70%), bei kleinen Unternehmen ist sie dagegen am st\u00e4rksten verbreitet (81% bei Micro- und 84% bei Klein-Unternehmen).<\/p>\n<h3>Employer Branding auch f\u00fcr kleine Unternehmen ein Thema<\/h3>\n<p>Die Studie zeigt ausserdem, dass Employer Branding zwar stark von Unternehmen genutzt wird, aber noch nicht das volle Potenzial ausgesch\u00f6pft ist. Knapp die H\u00e4lfte der befragten Personalverantwortlichen gibt an, dass Employer Branding f\u00fcr die Rekrutierung wichtig oder sehr wichtig ist. Mit steigender Unternehmensgr\u00f6sse erh\u00f6ht sich dieser Wert. Im Gegensatz dazu messen 19% der Befragten der eigenen Arbeitgeber-Marke keinen oder kaum einen Stellenwert bei. W\u00e4hrend bei grossen und mittleren Unternehmen Employer Branding vor allem von der HR-Abteilung betreut wird, ist dies bei kleinen Unternehmen ein Management-Thema. \u00abVor allem in Zeiten von Fachkr\u00e4ftemangel sollten auch kleine Unternehmen versuchen, sich durch eine Employer-Branding-Strategie als attraktive Arbeitgeber zu positionieren\u00bb, empfiehlt Villa abschliessend.<\/p>\n<p><em>Quelle: <a href=\"http:\/\/www.jobcloud.ch\">www.jobcloud.ch<\/a><\/em><\/p>\n","protected":false},"excerpt":{"rendered":"<p>Auch wenn Lohntransparenz in der Schweiz immer mehr gef\u00f6rdert und von Jobsuchenden gew\u00fcnscht wird, so hat die JobCloud-Studie in Zusammenarbeit mit dem LINK-Institut ergeben, dass 61% der befragten Unternehmen aktuell nicht bereit sind, die L\u00f6hne ihrer Mitarbeitenden \u00f6ffentlich kundzutun. Insgesamt w\u00e4re erst ein Drittel der Unternehmen zu diesem Schritt bereit. Grossunternehmen\u00a0und Mikrounternehmen zeigen mehr Bereitschaft [&hellip;]<\/p>\n","protected":false},"author":4,"featured_media":13042,"comment_status":"closed","ping_status":"closed","sticky":false,"template":"","format":"standard","meta":{"_acf_changed":false,"_yoast_wpseo_focuskw":"Lohntransparenz","_yoast_wpseo_metadesc":"Employer Branding ist ein wichtiges Instrument bei der Personalgewinnung. Nur jedes dritte Unternehmen spricht sich f\u00fcr Lohntransparenz aus.","articlekey":"","footnotes":""},"categories":[579],"tags":[254,329,335,459],"class_list":["post-13041","post","type-post","status-publish","format-standard","has-post-thumbnail","hentry","category-human-resources","tag-hrm","tag-loehne","tag-management-und-unternehmensfuehrung","tag-studie"],"acf":[],"yoast_head":"<!-- This site is optimized with the Yoast SEO plugin v27.5 - https:\/\/yoast.com\/product\/yoast-seo-wordpress\/ -->\n<title>Lohntransparenz: Nur jedes dritte Unternehmen will L\u00f6hne publik machen - Organisator<\/title>\n<meta name=\"description\" content=\"Employer Branding ist ein wichtiges Instrument bei der Personalgewinnung. Nur jedes dritte Unternehmen spricht sich f\u00fcr Lohntransparenz aus.\" \/>\n<meta name=\"robots\" content=\"index, follow, max-snippet:-1, max-image-preview:large, max-video-preview:-1\" \/>\n<link rel=\"canonical\" href=\"https:\/\/www.organisator.ch\/de\/human-resources\/2022-05-31\/lohntransparenz-nur-jedes-dritte-unternehmen-will-loehne-publik-machen\/\" \/>\n<meta property=\"og:locale\" content=\"de_DE\" \/>\n<meta property=\"og:type\" content=\"article\" \/>\n<meta property=\"og:title\" content=\"Lohntransparenz: Nur jedes dritte Unternehmen will L\u00f6hne publik machen\" \/>\n<meta property=\"og:description\" content=\"Employer Branding ist ein wichtiges Instrument bei der Personalgewinnung. Nur jedes dritte Unternehmen spricht sich f\u00fcr Lohntransparenz aus.\" \/>\n<meta property=\"og:url\" content=\"https:\/\/www.organisator.ch\/de\/human-resources\/2022-05-31\/lohntransparenz-nur-jedes-dritte-unternehmen-will-loehne-publik-machen\/\" \/>\n<meta property=\"og:site_name\" content=\"Organisator\" \/>\n<meta property=\"article:publisher\" content=\"https:\/\/www.facebook.com\/OrganisatorFachmagazin\" \/>\n<meta property=\"article:published_time\" content=\"2022-05-31T01:35:27+00:00\" \/>\n<meta property=\"og:image\" content=\"https:\/\/www.organisator.ch\/wp-content\/uploads\/2022\/05\/Lohntransparenz-Nur-jedes-dritte-Unternehmen-will-Loehne-publik-machen_Organisator.jpg\" \/>\n\t<meta property=\"og:image:width\" content=\"680\" \/>\n\t<meta property=\"og:image:height\" content=\"454\" \/>\n\t<meta property=\"og:image:type\" content=\"image\/jpeg\" \/>\n<meta name=\"author\" content=\"thomas.berner\" \/>\n<meta name=\"twitter:card\" content=\"summary_large_image\" \/>\n<meta name=\"twitter:title\" content=\"#Lohntransparenz: Nur jedes dritte #Unternehmen will L\u00f6hne publik machen\" \/>\n<meta name=\"twitter:description\" content=\"#EmployerBranding ist ein wichtiges Instrument bei der #Personalgewinnung. Nur jedes dritte Unternehmen spricht sich f\u00fcr #Lohntransparenz aus.\" \/>\n<meta name=\"twitter:image\" content=\"https:\/\/www.organisator.ch\/wp-content\/uploads\/2022\/05\/Lohntransparenz-Nur-jedes-dritte-Unternehmen-will-Loehne-publik-machen_Organisator.jpg\" \/>\n<script type=\"application\/ld+json\" class=\"yoast-schema-graph\">{\"@context\":\"https:\\\/\\\/schema.org\",\"@graph\":[{\"@type\":\"Article\",\"@id\":\"https:\\\/\\\/www.organisator.ch\\\/human-resources\\\/2022-05-31\\\/lohntransparenz-nur-jedes-dritte-unternehmen-will-loehne-publik-machen\\\/#article\",\"isPartOf\":{\"@id\":\"https:\\\/\\\/www.organisator.ch\\\/human-resources\\\/2022-05-31\\\/lohntransparenz-nur-jedes-dritte-unternehmen-will-loehne-publik-machen\\\/\"},\"author\":{\"name\":\"thomas.berner\",\"@id\":\"https:\\\/\\\/www.organisator.ch\\\/#\\\/schema\\\/person\\\/6f650f90b2842cd4c0cc334b4e36f67e\"},\"headline\":\"Lohntransparenz: Nur jedes dritte Unternehmen will L\u00f6hne publik machen\",\"datePublished\":\"2022-05-31T01:35:27+00:00\",\"mainEntityOfPage\":{\"@id\":\"https:\\\/\\\/www.organisator.ch\\\/human-resources\\\/2022-05-31\\\/lohntransparenz-nur-jedes-dritte-unternehmen-will-loehne-publik-machen\\\/\"},\"wordCount\":471,\"publisher\":{\"@id\":\"https:\\\/\\\/www.organisator.ch\\\/#organization\"},\"image\":{\"@id\":\"https:\\\/\\\/www.organisator.ch\\\/human-resources\\\/2022-05-31\\\/lohntransparenz-nur-jedes-dritte-unternehmen-will-loehne-publik-machen\\\/#primaryimage\"},\"thumbnailUrl\":\"https:\\\/\\\/www.organisator.ch\\\/wp-content\\\/uploads\\\/2022\\\/05\\\/Lohntransparenz-Nur-jedes-dritte-Unternehmen-will-Loehne-publik-machen_Organisator.jpg\",\"keywords\":[\"HRM\",\"L\u00f6hne\",\"Management und Unternehmensf\u00fchrung\",\"Studie\"],\"articleSection\":[\"HUMAN RESOURCES\"],\"inLanguage\":\"de\"},{\"@type\":\"WebPage\",\"@id\":\"https:\\\/\\\/www.organisator.ch\\\/human-resources\\\/2022-05-31\\\/lohntransparenz-nur-jedes-dritte-unternehmen-will-loehne-publik-machen\\\/\",\"url\":\"https:\\\/\\\/www.organisator.ch\\\/human-resources\\\/2022-05-31\\\/lohntransparenz-nur-jedes-dritte-unternehmen-will-loehne-publik-machen\\\/\",\"name\":\"Lohntransparenz: Nur jedes dritte Unternehmen will L\u00f6hne publik machen - Organisator\",\"isPartOf\":{\"@id\":\"https:\\\/\\\/www.organisator.ch\\\/#website\"},\"primaryImageOfPage\":{\"@id\":\"https:\\\/\\\/www.organisator.ch\\\/human-resources\\\/2022-05-31\\\/lohntransparenz-nur-jedes-dritte-unternehmen-will-loehne-publik-machen\\\/#primaryimage\"},\"image\":{\"@id\":\"https:\\\/\\\/www.organisator.ch\\\/human-resources\\\/2022-05-31\\\/lohntransparenz-nur-jedes-dritte-unternehmen-will-loehne-publik-machen\\\/#primaryimage\"},\"thumbnailUrl\":\"https:\\\/\\\/www.organisator.ch\\\/wp-content\\\/uploads\\\/2022\\\/05\\\/Lohntransparenz-Nur-jedes-dritte-Unternehmen-will-Loehne-publik-machen_Organisator.jpg\",\"datePublished\":\"2022-05-31T01:35:27+00:00\",\"description\":\"Employer Branding ist ein wichtiges Instrument bei der Personalgewinnung. Nur jedes dritte Unternehmen spricht sich f\u00fcr Lohntransparenz aus.\",\"breadcrumb\":{\"@id\":\"https:\\\/\\\/www.organisator.ch\\\/human-resources\\\/2022-05-31\\\/lohntransparenz-nur-jedes-dritte-unternehmen-will-loehne-publik-machen\\\/#breadcrumb\"},\"inLanguage\":\"de\",\"potentialAction\":[{\"@type\":\"ReadAction\",\"target\":[\"https:\\\/\\\/www.organisator.ch\\\/human-resources\\\/2022-05-31\\\/lohntransparenz-nur-jedes-dritte-unternehmen-will-loehne-publik-machen\\\/\"]}]},{\"@type\":\"ImageObject\",\"inLanguage\":\"de\",\"@id\":\"https:\\\/\\\/www.organisator.ch\\\/human-resources\\\/2022-05-31\\\/lohntransparenz-nur-jedes-dritte-unternehmen-will-loehne-publik-machen\\\/#primaryimage\",\"url\":\"https:\\\/\\\/www.organisator.ch\\\/wp-content\\\/uploads\\\/2022\\\/05\\\/Lohntransparenz-Nur-jedes-dritte-Unternehmen-will-Loehne-publik-machen_Organisator.jpg\",\"contentUrl\":\"https:\\\/\\\/www.organisator.ch\\\/wp-content\\\/uploads\\\/2022\\\/05\\\/Lohntransparenz-Nur-jedes-dritte-Unternehmen-will-Loehne-publik-machen_Organisator.jpg\",\"width\":680,\"height\":454,\"caption\":\"L\u00f6hne transparent machen will ein Grossteil der Schweizer Unternehmen nach wie vor nicht. (Bild: Unsplash.com)\"},{\"@type\":\"BreadcrumbList\",\"@id\":\"https:\\\/\\\/www.organisator.ch\\\/human-resources\\\/2022-05-31\\\/lohntransparenz-nur-jedes-dritte-unternehmen-will-loehne-publik-machen\\\/#breadcrumb\",\"itemListElement\":[{\"@type\":\"ListItem\",\"position\":1,\"name\":\"Home\",\"item\":\"https:\\\/\\\/www.organisator.ch\\\/\"},{\"@type\":\"ListItem\",\"position\":2,\"name\":\"Lohntransparenz: Nur jedes dritte Unternehmen will L\u00f6hne publik machen\"}]},{\"@type\":\"WebSite\",\"@id\":\"https:\\\/\\\/www.organisator.ch\\\/#website\",\"url\":\"https:\\\/\\\/www.organisator.ch\\\/\",\"name\":\"Organisator\",\"description\":\"Kompetent. Praxisnah. Der ORGANISATOR bereitet in 10 Ausgaben pro Jahr die wesentlichen Themen f\u00fcr F\u00fchrungskr\u00e4fte von KMU auf.\",\"publisher\":{\"@id\":\"https:\\\/\\\/www.organisator.ch\\\/#organization\"},\"potentialAction\":[{\"@type\":\"SearchAction\",\"target\":{\"@type\":\"EntryPoint\",\"urlTemplate\":\"https:\\\/\\\/www.organisator.ch\\\/?s={search_term_string}\"},\"query-input\":{\"@type\":\"PropertyValueSpecification\",\"valueRequired\":true,\"valueName\":\"search_term_string\"}}],\"inLanguage\":\"de\"},{\"@type\":\"Organization\",\"@id\":\"https:\\\/\\\/www.organisator.ch\\\/#organization\",\"name\":\"Organisator\",\"url\":\"https:\\\/\\\/www.organisator.ch\\\/\",\"logo\":{\"@type\":\"ImageObject\",\"inLanguage\":\"de\",\"@id\":\"https:\\\/\\\/www.organisator.ch\\\/#\\\/schema\\\/logo\\\/image\\\/\",\"url\":\"https:\\\/\\\/www.organisator.ch\\\/wp-content\\\/uploads\\\/2022\\\/01\\\/Logo_Organisator_Website.png\",\"contentUrl\":\"https:\\\/\\\/www.organisator.ch\\\/wp-content\\\/uploads\\\/2022\\\/01\\\/Logo_Organisator_Website.png\",\"width\":800,\"height\":77,\"caption\":\"Organisator\"},\"image\":{\"@id\":\"https:\\\/\\\/www.organisator.ch\\\/#\\\/schema\\\/logo\\\/image\\\/\"},\"sameAs\":[\"https:\\\/\\\/www.facebook.com\\\/OrganisatorFachmagazin\",\"https:\\\/\\\/www.linkedin.com\\\/showcase\\\/organisator-das-magazin-fr-kmu\",\"https:\\\/\\\/www.xing.com\\\/news\\\/pages\\\/organisator-ch-695\",\"https:\\\/\\\/www.youtube.com\\\/channel\\\/UCGP2Sq0iWaZwT3BdIAQFYpw\"]},{\"@type\":\"Person\",\"@id\":\"https:\\\/\\\/www.organisator.ch\\\/#\\\/schema\\\/person\\\/6f650f90b2842cd4c0cc334b4e36f67e\",\"name\":\"thomas.berner\",\"image\":{\"@type\":\"ImageObject\",\"inLanguage\":\"de\",\"@id\":\"https:\\\/\\\/secure.gravatar.com\\\/avatar\\\/ac5001d2a36cb6c6cd3e50789007ffca834b477b74a2144564522e944eabff61?s=96&d=mm&r=g\",\"url\":\"https:\\\/\\\/secure.gravatar.com\\\/avatar\\\/ac5001d2a36cb6c6cd3e50789007ffca834b477b74a2144564522e944eabff61?s=96&d=mm&r=g\",\"contentUrl\":\"https:\\\/\\\/secure.gravatar.com\\\/avatar\\\/ac5001d2a36cb6c6cd3e50789007ffca834b477b74a2144564522e944eabff61?s=96&d=mm&r=g\",\"caption\":\"thomas.berner\"},\"url\":\"https:\\\/\\\/www.organisator.ch\\\/de\\\/author\\\/thomas-berner\\\/\"}]}<\/script>\n<!-- \/ Yoast SEO plugin. -->","yoast_head_json":{"title":"Lohntransparenz: Nur jedes dritte Unternehmen will L\u00f6hne publik machen - Organisator","description":"Employer Branding ist ein wichtiges Instrument bei der Personalgewinnung. Nur jedes dritte Unternehmen spricht sich f\u00fcr Lohntransparenz aus.","robots":{"index":"index","follow":"follow","max-snippet":"max-snippet:-1","max-image-preview":"max-image-preview:large","max-video-preview":"max-video-preview:-1"},"canonical":"https:\/\/www.organisator.ch\/de\/human-resources\/2022-05-31\/lohntransparenz-nur-jedes-dritte-unternehmen-will-loehne-publik-machen\/","og_locale":"de_DE","og_type":"article","og_title":"Lohntransparenz: Nur jedes dritte Unternehmen will L\u00f6hne publik machen","og_description":"Employer Branding ist ein wichtiges Instrument bei der Personalgewinnung. Nur jedes dritte Unternehmen spricht sich f\u00fcr Lohntransparenz aus.","og_url":"https:\/\/www.organisator.ch\/de\/human-resources\/2022-05-31\/lohntransparenz-nur-jedes-dritte-unternehmen-will-loehne-publik-machen\/","og_site_name":"Organisator","article_publisher":"https:\/\/www.facebook.com\/OrganisatorFachmagazin","article_published_time":"2022-05-31T01:35:27+00:00","og_image":[{"width":680,"height":454,"url":"https:\/\/www.organisator.ch\/wp-content\/uploads\/2022\/05\/Lohntransparenz-Nur-jedes-dritte-Unternehmen-will-Loehne-publik-machen_Organisator.jpg","type":"image\/jpeg"}],"author":"thomas.berner","twitter_card":"summary_large_image","twitter_title":"#Lohntransparenz: Nur jedes dritte #Unternehmen will L\u00f6hne publik machen","twitter_description":"#EmployerBranding ist ein wichtiges Instrument bei der #Personalgewinnung. Nur jedes dritte Unternehmen spricht sich f\u00fcr #Lohntransparenz aus.","twitter_image":"https:\/\/www.organisator.ch\/wp-content\/uploads\/2022\/05\/Lohntransparenz-Nur-jedes-dritte-Unternehmen-will-Loehne-publik-machen_Organisator.jpg","schema":{"@context":"https:\/\/schema.org","@graph":[{"@type":"Article","@id":"https:\/\/www.organisator.ch\/human-resources\/2022-05-31\/lohntransparenz-nur-jedes-dritte-unternehmen-will-loehne-publik-machen\/#article","isPartOf":{"@id":"https:\/\/www.organisator.ch\/human-resources\/2022-05-31\/lohntransparenz-nur-jedes-dritte-unternehmen-will-loehne-publik-machen\/"},"author":{"name":"thomas.berner","@id":"https:\/\/www.organisator.ch\/#\/schema\/person\/6f650f90b2842cd4c0cc334b4e36f67e"},"headline":"Lohntransparenz: Nur jedes dritte Unternehmen will L\u00f6hne publik machen","datePublished":"2022-05-31T01:35:27+00:00","mainEntityOfPage":{"@id":"https:\/\/www.organisator.ch\/human-resources\/2022-05-31\/lohntransparenz-nur-jedes-dritte-unternehmen-will-loehne-publik-machen\/"},"wordCount":471,"publisher":{"@id":"https:\/\/www.organisator.ch\/#organization"},"image":{"@id":"https:\/\/www.organisator.ch\/human-resources\/2022-05-31\/lohntransparenz-nur-jedes-dritte-unternehmen-will-loehne-publik-machen\/#primaryimage"},"thumbnailUrl":"https:\/\/www.organisator.ch\/wp-content\/uploads\/2022\/05\/Lohntransparenz-Nur-jedes-dritte-Unternehmen-will-Loehne-publik-machen_Organisator.jpg","keywords":["HRM","L\u00f6hne","Management und Unternehmensf\u00fchrung","Studie"],"articleSection":["HUMAN RESOURCES"],"inLanguage":"de"},{"@type":"WebPage","@id":"https:\/\/www.organisator.ch\/human-resources\/2022-05-31\/lohntransparenz-nur-jedes-dritte-unternehmen-will-loehne-publik-machen\/","url":"https:\/\/www.organisator.ch\/human-resources\/2022-05-31\/lohntransparenz-nur-jedes-dritte-unternehmen-will-loehne-publik-machen\/","name":"Lohntransparenz: Nur jedes dritte Unternehmen will L\u00f6hne publik machen - Organisator","isPartOf":{"@id":"https:\/\/www.organisator.ch\/#website"},"primaryImageOfPage":{"@id":"https:\/\/www.organisator.ch\/human-resources\/2022-05-31\/lohntransparenz-nur-jedes-dritte-unternehmen-will-loehne-publik-machen\/#primaryimage"},"image":{"@id":"https:\/\/www.organisator.ch\/human-resources\/2022-05-31\/lohntransparenz-nur-jedes-dritte-unternehmen-will-loehne-publik-machen\/#primaryimage"},"thumbnailUrl":"https:\/\/www.organisator.ch\/wp-content\/uploads\/2022\/05\/Lohntransparenz-Nur-jedes-dritte-Unternehmen-will-Loehne-publik-machen_Organisator.jpg","datePublished":"2022-05-31T01:35:27+00:00","description":"Employer Branding ist ein wichtiges Instrument bei der Personalgewinnung. Nur jedes dritte Unternehmen spricht sich f\u00fcr Lohntransparenz aus.","breadcrumb":{"@id":"https:\/\/www.organisator.ch\/human-resources\/2022-05-31\/lohntransparenz-nur-jedes-dritte-unternehmen-will-loehne-publik-machen\/#breadcrumb"},"inLanguage":"de","potentialAction":[{"@type":"ReadAction","target":["https:\/\/www.organisator.ch\/human-resources\/2022-05-31\/lohntransparenz-nur-jedes-dritte-unternehmen-will-loehne-publik-machen\/"]}]},{"@type":"ImageObject","inLanguage":"de","@id":"https:\/\/www.organisator.ch\/human-resources\/2022-05-31\/lohntransparenz-nur-jedes-dritte-unternehmen-will-loehne-publik-machen\/#primaryimage","url":"https:\/\/www.organisator.ch\/wp-content\/uploads\/2022\/05\/Lohntransparenz-Nur-jedes-dritte-Unternehmen-will-Loehne-publik-machen_Organisator.jpg","contentUrl":"https:\/\/www.organisator.ch\/wp-content\/uploads\/2022\/05\/Lohntransparenz-Nur-jedes-dritte-Unternehmen-will-Loehne-publik-machen_Organisator.jpg","width":680,"height":454,"caption":"L\u00f6hne transparent machen will ein Grossteil der Schweizer Unternehmen nach wie vor nicht. (Bild: Unsplash.com)"},{"@type":"BreadcrumbList","@id":"https:\/\/www.organisator.ch\/human-resources\/2022-05-31\/lohntransparenz-nur-jedes-dritte-unternehmen-will-loehne-publik-machen\/#breadcrumb","itemListElement":[{"@type":"ListItem","position":1,"name":"Home","item":"https:\/\/www.organisator.ch\/"},{"@type":"ListItem","position":2,"name":"Lohntransparenz: Nur jedes dritte Unternehmen will L\u00f6hne publik machen"}]},{"@type":"WebSite","@id":"https:\/\/www.organisator.ch\/#website","url":"https:\/\/www.organisator.ch\/","name":"Organisator","description":"Kompetent. Praxisnah. Der ORGANISATOR bereitet in 10 Ausgaben pro Jahr die wesentlichen Themen f\u00fcr F\u00fchrungskr\u00e4fte von KMU auf.","publisher":{"@id":"https:\/\/www.organisator.ch\/#organization"},"potentialAction":[{"@type":"SearchAction","target":{"@type":"EntryPoint","urlTemplate":"https:\/\/www.organisator.ch\/?s={search_term_string}"},"query-input":{"@type":"PropertyValueSpecification","valueRequired":true,"valueName":"search_term_string"}}],"inLanguage":"de"},{"@type":"Organization","@id":"https:\/\/www.organisator.ch\/#organization","name":"Organisator","url":"https:\/\/www.organisator.ch\/","logo":{"@type":"ImageObject","inLanguage":"de","@id":"https:\/\/www.organisator.ch\/#\/schema\/logo\/image\/","url":"https:\/\/www.organisator.ch\/wp-content\/uploads\/2022\/01\/Logo_Organisator_Website.png","contentUrl":"https:\/\/www.organisator.ch\/wp-content\/uploads\/2022\/01\/Logo_Organisator_Website.png","width":800,"height":77,"caption":"Organisator"},"image":{"@id":"https:\/\/www.organisator.ch\/#\/schema\/logo\/image\/"},"sameAs":["https:\/\/www.facebook.com\/OrganisatorFachmagazin","https:\/\/www.linkedin.com\/showcase\/organisator-das-magazin-fr-kmu","https:\/\/www.xing.com\/news\/pages\/organisator-ch-695","https:\/\/www.youtube.com\/channel\/UCGP2Sq0iWaZwT3BdIAQFYpw"]},{"@type":"Person","@id":"https:\/\/www.organisator.ch\/#\/schema\/person\/6f650f90b2842cd4c0cc334b4e36f67e","name":"thomas.berner","image":{"@type":"ImageObject","inLanguage":"de","@id":"https:\/\/secure.gravatar.com\/avatar\/ac5001d2a36cb6c6cd3e50789007ffca834b477b74a2144564522e944eabff61?s=96&d=mm&r=g","url":"https:\/\/secure.gravatar.com\/avatar\/ac5001d2a36cb6c6cd3e50789007ffca834b477b74a2144564522e944eabff61?s=96&d=mm&r=g","contentUrl":"https:\/\/secure.gravatar.com\/avatar\/ac5001d2a36cb6c6cd3e50789007ffca834b477b74a2144564522e944eabff61?s=96&d=mm&r=g","caption":"thomas.berner"},"url":"https:\/\/www.organisator.ch\/de\/author\/thomas-berner\/"}]}},"_links":{"self":[{"href":"https:\/\/www.organisator.ch\/de\/wp-json\/wp\/v2\/posts\/13041","targetHints":{"allow":["GET"]}}],"collection":[{"href":"https:\/\/www.organisator.ch\/de\/wp-json\/wp\/v2\/posts"}],"about":[{"href":"https:\/\/www.organisator.ch\/de\/wp-json\/wp\/v2\/types\/post"}],"author":[{"embeddable":true,"href":"https:\/\/www.organisator.ch\/de\/wp-json\/wp\/v2\/users\/4"}],"replies":[{"embeddable":true,"href":"https:\/\/www.organisator.ch\/de\/wp-json\/wp\/v2\/comments?post=13041"}],"version-history":[{"count":1,"href":"https:\/\/www.organisator.ch\/de\/wp-json\/wp\/v2\/posts\/13041\/revisions"}],"predecessor-version":[{"id":13043,"href":"https:\/\/www.organisator.ch\/de\/wp-json\/wp\/v2\/posts\/13041\/revisions\/13043"}],"wp:featuredmedia":[{"embeddable":true,"href":"https:\/\/www.organisator.ch\/de\/wp-json\/wp\/v2\/media\/13042"}],"wp:attachment":[{"href":"https:\/\/www.organisator.ch\/de\/wp-json\/wp\/v2\/media?parent=13041"}],"wp:term":[{"taxonomy":"category","embeddable":true,"href":"https:\/\/www.organisator.ch\/de\/wp-json\/wp\/v2\/categories?post=13041"},{"taxonomy":"post_tag","embeddable":true,"href":"https:\/\/www.organisator.ch\/de\/wp-json\/wp\/v2\/tags?post=13041"}],"curies":[{"name":"wp","href":"https:\/\/api.w.org\/{rel}","templated":true}]}}