{"id":13057,"date":"2022-05-31T13:19:45","date_gmt":"2022-05-31T11:19:45","guid":{"rendered":"https:\/\/www.werbewoche.ch\/?p=172119"},"modified":"2022-07-28T15:34:23","modified_gmt":"2022-07-28T13:34:23","slug":"stefan-schoebi-wird-ceo-von-stiftungschweiz","status":"publish","type":"post","link":"https:\/\/www.organisator.ch\/de\/marketing\/2022-05-31\/stefan-schoebi-wird-ceo-von-stiftungschweiz\/","title":{"rendered":"Stefan Sch\u00f6bi wird CEO von StiftungSchweiz"},"content":{"rendered":"<figure id=\"attachment_172123\" class=\"wp-caption alignnone\" style=\"width: 1200px\" aria-describedby=\"caption-attachment-172123\"><img class=\"alignnone wp-image-172123 size-full\" src=\"https:\/\/www.werbewoche.ch\/wp-content\/uploads\/2022\/05\/schoebi1200.png\" alt=\"Stefan Sch\u00f6bi wird CEO von StiftungSchweiz\" width=\"1200\" height=\"755\" \/><figcaption id=\"caption-attachment-172123\" class=\"wp-caption-text\">Stefan Sch\u00f6bi, CEO StiftungSchweiz ab 1. November 2022 (Foto: Z\u00fcrcher Kantonalbank, Flavio Pinton).<\/figcaption><\/figure>\r\nStiftungSchweiz, die gro\u0308sste Philanthropie-Plattform der Schweiz, engagiert sich f\u00fcr eine digitale und zukunftsweisende Philanthropie. \u00abWir freuen uns, mit Stefan Sch\u00f6bi eine starke unternehmerische Pers\u00f6nlichkeit und einen ausgewiesenen Kenner des Stiftungs- und Philanthropiesektors engagieren zu k\u00f6nnen\u00bb, sagt Christoph Weber, Verwaltungsratspr\u00e4sident von StiftungSchweiz. \u00abStefan Sch\u00f6bi bringt viel Erfahrung im Aufbau von Multistakeholder-Plattformen und digitalen Businessmodellen mit. Er ist die ideale Person, um die n\u00e4chste Etappe von StiftungSchweiz zu gestalten.\u00bb Stefan Sch\u00f6bi tritt seinen Posten als CEO von StiftungSchweiz am 1. November 2022 an. \u00abIch freue mich ausserordentlich, dass wir mit Stefan Sch\u00f6bi eine erfahrene und profilierte Pers\u00f6nlichkeit gewinnen konnten\u00bb meint Peter Buss. \u00abEr wird StiftungSchweiz zusammen mit unserem engagierten Team als breit aufgestelltes und f\u00fchrendes Oekosystem der Philanthropie erfolgreich weiterentwickeln.\u00bb\r\n\r\nDie letzten neun Jahre hat Sch\u00f6bi den Migros-Pionierfonds aufgebaut und geleitet. Seit 2019 ist er Mitglied der Direktionsleitung Gesellschaft &amp; Kultur des Migros-Genossenschafts-Bundes und seit 2021 Leiter des nationalen gesellschaftlichen Engagements der Migros-Gruppe. Von 2008 bis 2012 war er Marketing-Chef der Z\u00fcrcher Hochschule der K\u00fcnste. Sch\u00f6bi hat in Z\u00fcrich, Berlin und Wien Literatur studiert und zur Z\u00fcrcher Wirtschaftsgeschichte promoviert. Er besitzt ein MBA in Marketing und Zertifikate der INSEAD und der Universit\u00e4t Stanford. Der 1977 geborene Schweizer ist Vater von zwei Buben.\r\n<h3><strong>Konsortium<\/strong> <strong>mit<\/strong> <strong>neun<\/strong> <strong>F\u00f6rderstiftungen<\/strong><\/h3>\r\nGleichzeitig mit dem CEO-Wechsel erwirbt ein Stiftungskonsortium eine Minderheitsbeteiligung an StiftungSchweiz. Das Konsortium erg\u00e4nzt die Z\u00fcrcher Kantonalbank, die vor vier Jahren wichtige Aktion\u00e4rin der Plattform wurde. \u00abDer Philanthropiesektor wird digitaler und vernetzter. StiftungSchweiz hilft mit, ihn sichtbarer, zug\u00e4nglicher und wirksamer zu machen. Mit unserem Einstieg m\u00f6chten wir ein starkes Zeichen f\u00fcr das Engagement des Sektors f\u00fcr eine zukunftsorientierte Entwicklung setzen\u00bb, sagt Dr. Pascale Vonmont, Direktorin der Gebert R\u00fcf Stiftung. Dem Konsortium geh\u00f6ren folgende F\u00f6rderstiftungen an: Age-Stiftung, Arcanum Stiftung, Ernst G\u00f6hner Stiftung, Gebert R\u00fcf Stiftung, Green Leaves Foundation, Minerva Stiftung, Stiftung Mercator Schweiz und Velux Stiftung. Die Fondation Botnar wird das Konsortium als Technologiepartnerin unterst\u00fctzen. Das Konsortium wird von SwissFoundations, dem Verband der Schweizer F\u00f6rderstiftungen, koordiniert. \u00abStiftungSchweiz und die Z\u00fcrcher Kantonalbank verbindet eine langj\u00e4hrige erfolgreiche Zusammenarbeit. Die Beteiligung des Stiftungskonsortiums wird StiftungSchweiz als bedeutende Plattform im Philanthropiesektor st\u00e4rken und zugleich wichtige Impulse f\u00fcr die zuk\u00fcnftige Entwicklung geben\u00bb, sagt Martin Scholl, CEO der Z\u00fcrcher Kantonalbank.\r\n<figure id=\"attachment_172121\" class=\"wp-caption alignnone\" style=\"width: 1200px\" aria-describedby=\"caption-attachment-172121\"><img class=\"alignnone wp-image-172121 size-full\" src=\"https:\/\/www.werbewoche.ch\/wp-content\/uploads\/2022\/05\/gruppenbildstiftungch1200.png\" alt=\"StiftungSchweiz\" width=\"1200\" height=\"779\" \/><figcaption id=\"caption-attachment-172121\" class=\"wp-caption-text\">(v.l.n.r.) Christoph Weber (VR-Pr\u00e4sident), Stefan Sch\u00f6bi, Peter Buss (jetziger CEO) (Foto: Z\u00fcrcher Kantonalbank, Flavio Pinton).<\/figcaption><\/figure>","protected":false},"excerpt":{"rendered":"<p>StiftungSchweiz, die gro\u0308sste Philanthropie-Plattform der Schweiz, engagiert sich f\u00fcr eine digitale und zukunftsweisende Philanthropie. \u00abWir freuen uns, mit Stefan Sch\u00f6bi eine starke unternehmerische Pers\u00f6nlichkeit und einen ausgewiesenen Kenner des Stiftungs- und Philanthropiesektors engagieren zu k\u00f6nnen\u00bb, sagt Christoph Weber, Verwaltungsratspr\u00e4sident von StiftungSchweiz. \u00abStefan Sch\u00f6bi bringt viel Erfahrung im Aufbau von Multistakeholder-Plattformen und digitalen Businessmodellen mit. Er [\u2026]<\/p>\n","protected":false},"author":8,"featured_media":0,"comment_status":"closed","ping_status":"closed","sticky":false,"template":"","format":"standard","meta":{"_acf_changed":false,"_yoast_wpseo_focuskw":"StiftungSchweiz","_yoast_wpseo_metadesc":"Der Verwaltungsrat von StiftungSchweiz hat Stefan Sch\u00f6bi zum neuen CEO ernannt. Er folgt auf Peter Buss, der die Plattform vor zehn Jahren gegr\u00fcndet hat.","articlekey":"","footnotes":""},"categories":[29],"tags":[904,3131,2901],"class_list":["post-13057","post","type-post","status-publish","format-standard","hentry","category-marketing","tag-ceo","tag-stefan-schoebi","tag-stiftungschweiz"],"acf":[],"yoast_head":"<!-- This site is optimized with the Yoast SEO plugin v27.5 - https:\/\/yoast.com\/product\/yoast-seo-wordpress\/ -->\n<title>Stefan Sch\u00f6bi wird CEO von StiftungSchweiz - Organisator<\/title>\n<meta name=\"description\" content=\"Der Verwaltungsrat von StiftungSchweiz hat Stefan Sch\u00f6bi zum neuen CEO ernannt. Er folgt auf Peter Buss, der die Plattform vor zehn Jahren gegr\u00fcndet hat.\" \/>\n<meta name=\"robots\" content=\"index, follow, max-snippet:-1, max-image-preview:large, max-video-preview:-1\" \/>\n<link rel=\"canonical\" href=\"https:\/\/www.werbewoche.ch\/de\/marketing\/2022-05-31\/stefan-schoebi-wird-neuer-ceo-von-stiftungschweiz\/\" \/>\n<meta property=\"og:locale\" content=\"de_DE\" \/>\n<meta property=\"og:type\" content=\"article\" \/>\n<meta property=\"og:title\" content=\"Stefan Sch\u00f6bi wird CEO von StiftungSchweiz - Organisator\" \/>\n<meta property=\"og:description\" content=\"Der Verwaltungsrat von StiftungSchweiz hat Stefan Sch\u00f6bi zum neuen CEO ernannt. Er folgt auf Peter Buss, der die Plattform vor zehn Jahren gegr\u00fcndet hat.\" \/>\n<meta property=\"og:url\" content=\"https:\/\/www.werbewoche.ch\/de\/marketing\/2022-05-31\/stefan-schoebi-wird-neuer-ceo-von-stiftungschweiz\/\" \/>\n<meta property=\"og:site_name\" content=\"Organisator\" \/>\n<meta property=\"article:publisher\" content=\"https:\/\/www.facebook.com\/OrganisatorFachmagazin\" \/>\n<meta property=\"article:published_time\" content=\"2022-05-31T11:19:45+00:00\" \/>\n<meta property=\"article:modified_time\" content=\"2022-07-28T13:34:23+00:00\" \/>\n<meta property=\"og:image\" content=\"https:\/\/www.werbewoche.ch\/wp-content\/uploads\/2022\/05\/schoebi1200.png\" \/>\n<meta name=\"author\" content=\"galledia\" \/>\n<meta name=\"twitter:card\" content=\"summary_large_image\" \/>\n<meta name=\"twitter:creator\" content=\"@admin\" \/>\n<script type=\"application\/ld+json\" class=\"yoast-schema-graph\">{\"@context\":\"https:\\\/\\\/schema.org\",\"@graph\":[{\"@type\":\"Article\",\"@id\":\"https:\\\/\\\/www.werbewoche.ch\\\/de\\\/marketing\\\/2022-05-31\\\/stefan-schoebi-wird-neuer-ceo-von-stiftungschweiz\\\/#article\",\"isPartOf\":{\"@id\":\"https:\\\/\\\/www.organisator.ch\\\/marketing\\\/2022-05-31\\\/stefan-schoebi-wird-ceo-von-stiftungschweiz\\\/\"},\"author\":{\"name\":\"galledia\",\"@id\":\"https:\\\/\\\/www.organisator.ch\\\/#\\\/schema\\\/person\\\/4e51799071cd2dd1232ac003643ef5f0\"},\"headline\":\"Stefan Sch\u00f6bi wird CEO von StiftungSchweiz\",\"datePublished\":\"2022-05-31T11:19:45+00:00\",\"dateModified\":\"2022-07-28T13:34:23+00:00\",\"mainEntityOfPage\":{\"@id\":\"https:\\\/\\\/www.organisator.ch\\\/marketing\\\/2022-05-31\\\/stefan-schoebi-wird-ceo-von-stiftungschweiz\\\/\"},\"wordCount\":431,\"publisher\":{\"@id\":\"https:\\\/\\\/www.organisator.ch\\\/#organization\"},\"image\":{\"@id\":\"https:\\\/\\\/www.werbewoche.ch\\\/de\\\/marketing\\\/2022-05-31\\\/stefan-schoebi-wird-neuer-ceo-von-stiftungschweiz\\\/#primaryimage\"},\"thumbnailUrl\":\"https:\\\/\\\/www.werbewoche.ch\\\/wp-content\\\/uploads\\\/2022\\\/05\\\/schoebi1200.png\",\"keywords\":[\"CEO\",\"Stefan Sch\u00f6bi\",\"StiftungSchweiz\"],\"articleSection\":[\"MARKETING\"],\"inLanguage\":\"de\"},{\"@type\":\"WebPage\",\"@id\":\"https:\\\/\\\/www.organisator.ch\\\/marketing\\\/2022-05-31\\\/stefan-schoebi-wird-ceo-von-stiftungschweiz\\\/\",\"url\":\"https:\\\/\\\/www.werbewoche.ch\\\/de\\\/marketing\\\/2022-05-31\\\/stefan-schoebi-wird-neuer-ceo-von-stiftungschweiz\\\/\",\"name\":\"Stefan Sch\u00f6bi wird CEO von StiftungSchweiz - Organisator\",\"isPartOf\":{\"@id\":\"https:\\\/\\\/www.organisator.ch\\\/#website\"},\"primaryImageOfPage\":{\"@id\":\"https:\\\/\\\/www.werbewoche.ch\\\/de\\\/marketing\\\/2022-05-31\\\/stefan-schoebi-wird-neuer-ceo-von-stiftungschweiz\\\/#primaryimage\"},\"image\":{\"@id\":\"https:\\\/\\\/www.werbewoche.ch\\\/de\\\/marketing\\\/2022-05-31\\\/stefan-schoebi-wird-neuer-ceo-von-stiftungschweiz\\\/#primaryimage\"},\"thumbnailUrl\":\"https:\\\/\\\/www.werbewoche.ch\\\/wp-content\\\/uploads\\\/2022\\\/05\\\/schoebi1200.png\",\"datePublished\":\"2022-05-31T11:19:45+00:00\",\"dateModified\":\"2022-07-28T13:34:23+00:00\",\"description\":\"Der Verwaltungsrat von StiftungSchweiz hat Stefan Sch\u00f6bi zum neuen CEO ernannt. Er folgt auf Peter Buss, der die Plattform vor zehn Jahren gegr\u00fcndet hat.\",\"breadcrumb\":{\"@id\":\"https:\\\/\\\/www.werbewoche.ch\\\/de\\\/marketing\\\/2022-05-31\\\/stefan-schoebi-wird-neuer-ceo-von-stiftungschweiz\\\/#breadcrumb\"},\"inLanguage\":\"de\",\"potentialAction\":[{\"@type\":\"ReadAction\",\"target\":[\"https:\\\/\\\/www.werbewoche.ch\\\/de\\\/marketing\\\/2022-05-31\\\/stefan-schoebi-wird-neuer-ceo-von-stiftungschweiz\\\/\"]}]},{\"@type\":\"ImageObject\",\"inLanguage\":\"de\",\"@id\":\"https:\\\/\\\/www.werbewoche.ch\\\/de\\\/marketing\\\/2022-05-31\\\/stefan-schoebi-wird-neuer-ceo-von-stiftungschweiz\\\/#primaryimage\",\"url\":\"https:\\\/\\\/www.werbewoche.ch\\\/wp-content\\\/uploads\\\/2022\\\/05\\\/schoebi1200.png\",\"contentUrl\":\"https:\\\/\\\/www.werbewoche.ch\\\/wp-content\\\/uploads\\\/2022\\\/05\\\/schoebi1200.png\"},{\"@type\":\"BreadcrumbList\",\"@id\":\"https:\\\/\\\/www.werbewoche.ch\\\/de\\\/marketing\\\/2022-05-31\\\/stefan-schoebi-wird-neuer-ceo-von-stiftungschweiz\\\/#breadcrumb\",\"itemListElement\":[{\"@type\":\"ListItem\",\"position\":1,\"name\":\"Home\",\"item\":\"https:\\\/\\\/www.organisator.ch\\\/\"},{\"@type\":\"ListItem\",\"position\":2,\"name\":\"Stefan Sch\u00f6bi wird CEO von StiftungSchweiz\"}]},{\"@type\":\"WebSite\",\"@id\":\"https:\\\/\\\/www.organisator.ch\\\/#website\",\"url\":\"https:\\\/\\\/www.organisator.ch\\\/\",\"name\":\"Organisator\",\"description\":\"Kompetent. Praxisnah. Der ORGANISATOR bereitet in 10 Ausgaben pro Jahr die wesentlichen Themen f\u00fcr F\u00fchrungskr\u00e4fte von KMU auf.\",\"publisher\":{\"@id\":\"https:\\\/\\\/www.organisator.ch\\\/#organization\"},\"potentialAction\":[{\"@type\":\"SearchAction\",\"target\":{\"@type\":\"EntryPoint\",\"urlTemplate\":\"https:\\\/\\\/www.organisator.ch\\\/?s={search_term_string}\"},\"query-input\":{\"@type\":\"PropertyValueSpecification\",\"valueRequired\":true,\"valueName\":\"search_term_string\"}}],\"inLanguage\":\"de\"},{\"@type\":\"Organization\",\"@id\":\"https:\\\/\\\/www.organisator.ch\\\/#organization\",\"name\":\"Organisator\",\"url\":\"https:\\\/\\\/www.organisator.ch\\\/\",\"logo\":{\"@type\":\"ImageObject\",\"inLanguage\":\"de\",\"@id\":\"https:\\\/\\\/www.organisator.ch\\\/#\\\/schema\\\/logo\\\/image\\\/\",\"url\":\"https:\\\/\\\/www.organisator.ch\\\/wp-content\\\/uploads\\\/2022\\\/01\\\/Logo_Organisator_Website.png\",\"contentUrl\":\"https:\\\/\\\/www.organisator.ch\\\/wp-content\\\/uploads\\\/2022\\\/01\\\/Logo_Organisator_Website.png\",\"width\":800,\"height\":77,\"caption\":\"Organisator\"},\"image\":{\"@id\":\"https:\\\/\\\/www.organisator.ch\\\/#\\\/schema\\\/logo\\\/image\\\/\"},\"sameAs\":[\"https:\\\/\\\/www.facebook.com\\\/OrganisatorFachmagazin\",\"https:\\\/\\\/www.linkedin.com\\\/showcase\\\/organisator-das-magazin-fr-kmu\",\"https:\\\/\\\/www.xing.com\\\/news\\\/pages\\\/organisator-ch-695\",\"https:\\\/\\\/www.youtube.com\\\/channel\\\/UCGP2Sq0iWaZwT3BdIAQFYpw\"]},{\"@type\":\"Person\",\"@id\":\"https:\\\/\\\/www.organisator.ch\\\/#\\\/schema\\\/person\\\/4e51799071cd2dd1232ac003643ef5f0\",\"name\":\"galledia\",\"image\":{\"@type\":\"ImageObject\",\"inLanguage\":\"de\",\"@id\":\"https:\\\/\\\/secure.gravatar.com\\\/avatar\\\/78a7f90c01fc2bfc875782a0d4922b37cde2cf184ce347b91316d23cd7f69a36?s=96&d=mm&r=g\",\"url\":\"https:\\\/\\\/secure.gravatar.com\\\/avatar\\\/78a7f90c01fc2bfc875782a0d4922b37cde2cf184ce347b91316d23cd7f69a36?s=96&d=mm&r=g\",\"contentUrl\":\"https:\\\/\\\/secure.gravatar.com\\\/avatar\\\/78a7f90c01fc2bfc875782a0d4922b37cde2cf184ce347b91316d23cd7f69a36?s=96&d=mm&r=g\",\"caption\":\"galledia\"},\"sameAs\":[\"https:\\\/\\\/x.com\\\/admin\"],\"url\":\"https:\\\/\\\/www.organisator.ch\\\/de\\\/author\\\/galledia\\\/\"}]}<\/script>\n<!-- \/ Yoast SEO plugin. -->","yoast_head_json":{"title":"Stefan Sch\u00f6bi wird CEO von StiftungSchweiz - Organisator","description":"Der Verwaltungsrat von StiftungSchweiz hat Stefan Sch\u00f6bi zum neuen CEO ernannt. Er folgt auf Peter Buss, der die Plattform vor zehn Jahren gegr\u00fcndet hat.","robots":{"index":"index","follow":"follow","max-snippet":"max-snippet:-1","max-image-preview":"max-image-preview:large","max-video-preview":"max-video-preview:-1"},"canonical":"https:\/\/www.werbewoche.ch\/de\/marketing\/2022-05-31\/stefan-schoebi-wird-neuer-ceo-von-stiftungschweiz\/","og_locale":"de_DE","og_type":"article","og_title":"Stefan Sch\u00f6bi wird CEO von StiftungSchweiz - Organisator","og_description":"Der Verwaltungsrat von StiftungSchweiz hat Stefan Sch\u00f6bi zum neuen CEO ernannt. Er folgt auf Peter Buss, der die Plattform vor zehn Jahren gegr\u00fcndet hat.","og_url":"https:\/\/www.werbewoche.ch\/de\/marketing\/2022-05-31\/stefan-schoebi-wird-neuer-ceo-von-stiftungschweiz\/","og_site_name":"Organisator","article_publisher":"https:\/\/www.facebook.com\/OrganisatorFachmagazin","article_published_time":"2022-05-31T11:19:45+00:00","article_modified_time":"2022-07-28T13:34:23+00:00","og_image":[{"url":"https:\/\/www.werbewoche.ch\/wp-content\/uploads\/2022\/05\/schoebi1200.png","type":"","width":"","height":""}],"author":"galledia","twitter_card":"summary_large_image","twitter_creator":"@admin","schema":{"@context":"https:\/\/schema.org","@graph":[{"@type":"Article","@id":"https:\/\/www.werbewoche.ch\/de\/marketing\/2022-05-31\/stefan-schoebi-wird-neuer-ceo-von-stiftungschweiz\/#article","isPartOf":{"@id":"https:\/\/www.organisator.ch\/marketing\/2022-05-31\/stefan-schoebi-wird-ceo-von-stiftungschweiz\/"},"author":{"name":"galledia","@id":"https:\/\/www.organisator.ch\/#\/schema\/person\/4e51799071cd2dd1232ac003643ef5f0"},"headline":"Stefan Sch\u00f6bi wird CEO von StiftungSchweiz","datePublished":"2022-05-31T11:19:45+00:00","dateModified":"2022-07-28T13:34:23+00:00","mainEntityOfPage":{"@id":"https:\/\/www.organisator.ch\/marketing\/2022-05-31\/stefan-schoebi-wird-ceo-von-stiftungschweiz\/"},"wordCount":431,"publisher":{"@id":"https:\/\/www.organisator.ch\/#organization"},"image":{"@id":"https:\/\/www.werbewoche.ch\/de\/marketing\/2022-05-31\/stefan-schoebi-wird-neuer-ceo-von-stiftungschweiz\/#primaryimage"},"thumbnailUrl":"https:\/\/www.werbewoche.ch\/wp-content\/uploads\/2022\/05\/schoebi1200.png","keywords":["CEO","Stefan Sch\u00f6bi","StiftungSchweiz"],"articleSection":["MARKETING"],"inLanguage":"de"},{"@type":"WebPage","@id":"https:\/\/www.organisator.ch\/marketing\/2022-05-31\/stefan-schoebi-wird-ceo-von-stiftungschweiz\/","url":"https:\/\/www.werbewoche.ch\/de\/marketing\/2022-05-31\/stefan-schoebi-wird-neuer-ceo-von-stiftungschweiz\/","name":"Stefan Sch\u00f6bi wird CEO von StiftungSchweiz - Organisator","isPartOf":{"@id":"https:\/\/www.organisator.ch\/#website"},"primaryImageOfPage":{"@id":"https:\/\/www.werbewoche.ch\/de\/marketing\/2022-05-31\/stefan-schoebi-wird-neuer-ceo-von-stiftungschweiz\/#primaryimage"},"image":{"@id":"https:\/\/www.werbewoche.ch\/de\/marketing\/2022-05-31\/stefan-schoebi-wird-neuer-ceo-von-stiftungschweiz\/#primaryimage"},"thumbnailUrl":"https:\/\/www.werbewoche.ch\/wp-content\/uploads\/2022\/05\/schoebi1200.png","datePublished":"2022-05-31T11:19:45+00:00","dateModified":"2022-07-28T13:34:23+00:00","description":"Der Verwaltungsrat von StiftungSchweiz hat Stefan Sch\u00f6bi zum neuen CEO ernannt. Er folgt auf Peter Buss, der die Plattform vor zehn Jahren gegr\u00fcndet hat.","breadcrumb":{"@id":"https:\/\/www.werbewoche.ch\/de\/marketing\/2022-05-31\/stefan-schoebi-wird-neuer-ceo-von-stiftungschweiz\/#breadcrumb"},"inLanguage":"de","potentialAction":[{"@type":"ReadAction","target":["https:\/\/www.werbewoche.ch\/de\/marketing\/2022-05-31\/stefan-schoebi-wird-neuer-ceo-von-stiftungschweiz\/"]}]},{"@type":"ImageObject","inLanguage":"de","@id":"https:\/\/www.werbewoche.ch\/de\/marketing\/2022-05-31\/stefan-schoebi-wird-neuer-ceo-von-stiftungschweiz\/#primaryimage","url":"https:\/\/www.werbewoche.ch\/wp-content\/uploads\/2022\/05\/schoebi1200.png","contentUrl":"https:\/\/www.werbewoche.ch\/wp-content\/uploads\/2022\/05\/schoebi1200.png"},{"@type":"BreadcrumbList","@id":"https:\/\/www.werbewoche.ch\/de\/marketing\/2022-05-31\/stefan-schoebi-wird-neuer-ceo-von-stiftungschweiz\/#breadcrumb","itemListElement":[{"@type":"ListItem","position":1,"name":"Home","item":"https:\/\/www.organisator.ch\/"},{"@type":"ListItem","position":2,"name":"Stefan Sch\u00f6bi wird CEO von StiftungSchweiz"}]},{"@type":"WebSite","@id":"https:\/\/www.organisator.ch\/#website","url":"https:\/\/www.organisator.ch\/","name":"Organisator","description":"Kompetent. Praxisnah. Der ORGANISATOR bereitet in 10 Ausgaben pro Jahr die wesentlichen Themen f\u00fcr F\u00fchrungskr\u00e4fte von KMU auf.","publisher":{"@id":"https:\/\/www.organisator.ch\/#organization"},"potentialAction":[{"@type":"SearchAction","target":{"@type":"EntryPoint","urlTemplate":"https:\/\/www.organisator.ch\/?s={search_term_string}"},"query-input":{"@type":"PropertyValueSpecification","valueRequired":true,"valueName":"search_term_string"}}],"inLanguage":"de"},{"@type":"Organization","@id":"https:\/\/www.organisator.ch\/#organization","name":"Organisator","url":"https:\/\/www.organisator.ch\/","logo":{"@type":"ImageObject","inLanguage":"de","@id":"https:\/\/www.organisator.ch\/#\/schema\/logo\/image\/","url":"https:\/\/www.organisator.ch\/wp-content\/uploads\/2022\/01\/Logo_Organisator_Website.png","contentUrl":"https:\/\/www.organisator.ch\/wp-content\/uploads\/2022\/01\/Logo_Organisator_Website.png","width":800,"height":77,"caption":"Organisator"},"image":{"@id":"https:\/\/www.organisator.ch\/#\/schema\/logo\/image\/"},"sameAs":["https:\/\/www.facebook.com\/OrganisatorFachmagazin","https:\/\/www.linkedin.com\/showcase\/organisator-das-magazin-fr-kmu","https:\/\/www.xing.com\/news\/pages\/organisator-ch-695","https:\/\/www.youtube.com\/channel\/UCGP2Sq0iWaZwT3BdIAQFYpw"]},{"@type":"Person","@id":"https:\/\/www.organisator.ch\/#\/schema\/person\/4e51799071cd2dd1232ac003643ef5f0","name":"galledia","image":{"@type":"ImageObject","inLanguage":"de","@id":"https:\/\/secure.gravatar.com\/avatar\/78a7f90c01fc2bfc875782a0d4922b37cde2cf184ce347b91316d23cd7f69a36?s=96&d=mm&r=g","url":"https:\/\/secure.gravatar.com\/avatar\/78a7f90c01fc2bfc875782a0d4922b37cde2cf184ce347b91316d23cd7f69a36?s=96&d=mm&r=g","contentUrl":"https:\/\/secure.gravatar.com\/avatar\/78a7f90c01fc2bfc875782a0d4922b37cde2cf184ce347b91316d23cd7f69a36?s=96&d=mm&r=g","caption":"galledia"},"sameAs":["https:\/\/x.com\/admin"],"url":"https:\/\/www.organisator.ch\/de\/author\/galledia\/"}]}},"_links":{"self":[{"href":"https:\/\/www.organisator.ch\/de\/wp-json\/wp\/v2\/posts\/13057","targetHints":{"allow":["GET"]}}],"collection":[{"href":"https:\/\/www.organisator.ch\/de\/wp-json\/wp\/v2\/posts"}],"about":[{"href":"https:\/\/www.organisator.ch\/de\/wp-json\/wp\/v2\/types\/post"}],"author":[{"embeddable":true,"href":"https:\/\/www.organisator.ch\/de\/wp-json\/wp\/v2\/users\/8"}],"replies":[{"embeddable":true,"href":"https:\/\/www.organisator.ch\/de\/wp-json\/wp\/v2\/comments?post=13057"}],"version-history":[{"count":4,"href":"https:\/\/www.organisator.ch\/de\/wp-json\/wp\/v2\/posts\/13057\/revisions"}],"predecessor-version":[{"id":15907,"href":"https:\/\/www.organisator.ch\/de\/wp-json\/wp\/v2\/posts\/13057\/revisions\/15907"}],"wp:attachment":[{"href":"https:\/\/www.organisator.ch\/de\/wp-json\/wp\/v2\/media?parent=13057"}],"wp:term":[{"taxonomy":"category","embeddable":true,"href":"https:\/\/www.organisator.ch\/de\/wp-json\/wp\/v2\/categories?post=13057"},{"taxonomy":"post_tag","embeddable":true,"href":"https:\/\/www.organisator.ch\/de\/wp-json\/wp\/v2\/tags?post=13057"}],"curies":[{"name":"wp","href":"https:\/\/api.w.org\/{rel}","templated":true}]}}