{"id":131,"date":"2016-02-10T15:59:10","date_gmt":"2016-02-10T14:59:10","guid":{"rendered":"http:\/\/dev.organisator.ch\/?p=131"},"modified":"2016-02-10T15:59:10","modified_gmt":"2016-02-10T14:59:10","slug":"19-annual-global-ceo-survey","status":"publish","type":"post","link":"https:\/\/www.organisator.ch\/de\/allgemein\/2016-02-10\/19-annual-global-ceo-survey\/","title":{"rendered":"19. Annual Global CEO Survey"},"content":{"rendered":"<figure id=\"attachment_132\" aria-describedby=\"caption-attachment-132\" style=\"width: 680px\" class=\"wp-caption alignnone\"><img loading=\"lazy\" decoding=\"async\" class=\"size-medium wp-image-132\" src=\"https:\/\/organisator.ch\/wp-content\/uploads\/2016\/12\/19.-Annual-Global-CEO-Survey-organisator.jpg\" alt=\"\" width=\"680\" height=\"452\" srcset=\"https:\/\/www.organisator.ch\/wp-content\/uploads\/2016\/12\/19.-Annual-Global-CEO-Survey-organisator.jpg 750w, https:\/\/www.organisator.ch\/wp-content\/uploads\/2016\/12\/19.-Annual-Global-CEO-Survey-organisator-680x452.jpg 680w, https:\/\/www.organisator.ch\/wp-content\/uploads\/2016\/12\/19.-Annual-Global-CEO-Survey-organisator-16x12.jpg 16w, https:\/\/www.organisator.ch\/wp-content\/uploads\/2016\/12\/19.-Annual-Global-CEO-Survey-organisator-264x175.jpg 264w, https:\/\/www.organisator.ch\/wp-content\/uploads\/2016\/12\/19.-Annual-Global-CEO-Survey-organisator-527x350.jpg 527w, https:\/\/www.organisator.ch\/wp-content\/uploads\/2016\/12\/19.-Annual-Global-CEO-Survey-organisator-300x199.jpg 300w\" sizes=\"auto, (max-width: 680px) 100vw, 680px\" \/><figcaption id=\"caption-attachment-132\" class=\"wp-caption-text\">Viele CEOs gehen von einem positiven Wachstum f\u00fcr 2016 aus. 25 Prozent der Manager zeigen weniger rosige Aussichten. Mehr dar\u00fcber im aktuellen CEO Survey.<\/figcaption><\/figure>\n<p>Bereiche der Wirtschaftswelt waren auch schon einfacher zu koordinieren. Hierf\u00fcr spricht zumindest die p\u00fcnktlich ums Weltwirtschaftsforums in Davos (WEF) erscheinende Studie. Zurezit bekunden die f\u00fchrenden Wirtschaftstreiber gravierende Ver\u00e4nderungen im Marktstrukturen, eine Abkehr der Globalisierung hin zu einer so genannten multi-polaren Welt. Tats\u00e4chlich brechen ganze Wirtschaftszweige von sich mehr und mehr integrierenden Volkswirtschaften und politischen Unionen weg, weil regionale Wirtschaftbl\u00f6cke, unterschiedliche Rechtssysteme, Werte und Freiheitsbegriffe neu verhandelt werden.<\/p>\n<p>Die Globalisierung sei zwar \u201cnicht tot\u201d, so PwC res\u00fcmierend, aber die Unsicherheiten und Risiken unter den Wirtschaftsf\u00fchrern h\u00e4tten zugenommen und liessen jene extremen multi-polaren Entwicklungen und konservative Mentalti\u00e4ten hervortreten.<\/p>\n<p><strong>Ursachenbew\u00e4ltigung <\/strong><\/p>\n<p>Politisch gesehen, zeigt die Studie eigentlich nichts \u00dcberraschendes. Interessant wird es jedoch, wenn man Studienergebnisse in einzelne Betrachtungen miteinbezieht. Die neue Studie unterstreicht, dass die Manager zwar die gestiegenen Unsicherheiten und Gefahren zu erkennen scheinen \u2013 aber die zentrale Ursachen f\u00fcr aktuelle Entwicklungen sind nicht so einfach zu bewerkstelligen. Einige f\u00fchrende Manager w\u00fcrden sogar auf typische Probleme ihre Gesch\u00e4fte ausrichten, Probleme, die sie nun schon seit vielen Jahren in den Vordergrund r\u00fccken.<\/p>\n<p>Gibt es jedoch noch andere Antworten auf wirtschaftliche Instabilit\u00e4t? PwC zeigt jedenfalls eine interessante \u00dcbersicht, die den Einfluss der Wirtschaft auf die Politik abbildet. Anhand von ausf\u00fchrlichen Statistiken und Charts sorgt die Studie nicht zuletzt daf\u00fcr, dass sie Manager um zwei wichtige Parameter nicht herum kommen: Wachstum und Stabilit\u00e4t.<\/p>\n<p>Die eigentlichen Schl\u00fcsselergebnisse finden Sie unter <a href=\"http:\/\/www.pwc.com\/ceosurvey\" target=\"_blank\" data-cke-saved-href=\"http:\/\/www.pwc.com\/ceosurvey\" rel=\"noopener\">www.pwc.com\/ceosurvey<\/a><\/p>\n<p>&nbsp;<\/p>\n","protected":false},"excerpt":{"rendered":"<p>Bereiche der Wirtschaftswelt waren auch schon einfacher zu koordinieren. Hierf\u00fcr spricht zumindest die p\u00fcnktlich ums Weltwirtschaftsforums in Davos (WEF) erscheinende Studie. Zurezit bekunden die f\u00fchrenden Wirtschaftstreiber gravierende Ver\u00e4nderungen im Marktstrukturen, eine Abkehr der Globalisierung hin zu einer so genannten multi-polaren Welt. Tats\u00e4chlich brechen ganze Wirtschaftszweige von sich mehr und mehr integrierenden Volkswirtschaften und politischen Unionen [&hellip;]<\/p>\n","protected":false},"author":1,"featured_media":132,"comment_status":"open","ping_status":"open","sticky":false,"template":"","format":"standard","meta":{"_acf_changed":false,"_yoast_wpseo_focuskw":"CEO Survey","_yoast_wpseo_metadesc":"Eben erschienen die Schl\u00fcsselergebnisse des \"19th Annual Global CEO Survey\". Rund 1'400 CEOs, \u00e4usserten gegen\u00fcber der PwC besorgt \u00fcber Bedrohungen.","articlekey":"","footnotes":""},"categories":[1],"tags":[459],"class_list":["post-131","post","type-post","status-publish","format-standard","has-post-thumbnail","hentry","category-allgemein","tag-studie"],"acf":[],"yoast_head":"<!-- This site is optimized with the Yoast SEO plugin v27.5 - https:\/\/yoast.com\/product\/yoast-seo-wordpress\/ -->\n<title>19. Annual Global CEO Survey - Organisator<\/title>\n<meta name=\"description\" content=\"Eben erschienen die Schl\u00fcsselergebnisse des &quot;19th Annual Global CEO Survey&quot;. Rund 1&#039;400 CEOs, \u00e4usserten gegen\u00fcber der PwC besorgt \u00fcber Bedrohungen.\" \/>\n<meta name=\"robots\" content=\"index, follow, max-snippet:-1, max-image-preview:large, max-video-preview:-1\" \/>\n<link rel=\"canonical\" href=\"https:\/\/www.organisator.ch\/de\/allgemein\/2016-02-10\/19-annual-global-ceo-survey\/\" \/>\n<meta property=\"og:locale\" content=\"de_DE\" \/>\n<meta property=\"og:type\" content=\"article\" \/>\n<meta property=\"og:title\" content=\"19. Annual Global CEO Survey\" \/>\n<meta property=\"og:description\" content=\"Eliten der Welt zeigten sich nicht nur am Weltwirtschaftsforum besortgt dar\u00fcber, wie komplex - sprich &quot;multi-polar&quot; - sich die Welt entwickeln k\u00f6nnte. Rund 1&#039;400 CEOs, respektive Manager, \u00e4usserten ebenso gegen\u00fcber der Wirtschaftspr\u00fcfungsgesellschaft PwC besorgt \u00fcber herrschende Bedrohungen. Eben erschienen die Schl\u00fcsselergebnisse des &quot;19th Annual Global CEO Survey&quot;.\" \/>\n<meta property=\"og:url\" content=\"https:\/\/www.organisator.ch\/de\/allgemein\/2016-02-10\/19-annual-global-ceo-survey\/\" \/>\n<meta property=\"og:site_name\" content=\"Organisator\" \/>\n<meta property=\"article:publisher\" content=\"https:\/\/www.facebook.com\/OrganisatorFachmagazin\" \/>\n<meta property=\"article:published_time\" content=\"2016-02-10T14:59:10+00:00\" \/>\n<meta name=\"author\" content=\"admin\" \/>\n<meta name=\"twitter:card\" content=\"summary_large_image\" \/>\n<meta name=\"twitter:image\" content=\"https:\/\/www.organisator.ch\/wp-content\/uploads\/2016\/12\/19.-Annual-Global-CEO-Survey-organisator.jpg\" \/>\n<script type=\"application\/ld+json\" class=\"yoast-schema-graph\">{\"@context\":\"https:\\\/\\\/schema.org\",\"@graph\":[{\"@type\":\"Article\",\"@id\":\"https:\\\/\\\/www.organisator.ch\\\/de\\\/allgemein\\\/2016-02-10\\\/19-annual-global-ceo-survey\\\/#article\",\"isPartOf\":{\"@id\":\"https:\\\/\\\/www.organisator.ch\\\/de\\\/allgemein\\\/2016-02-10\\\/19-annual-global-ceo-survey\\\/\"},\"author\":{\"name\":\"admin\",\"@id\":\"https:\\\/\\\/www.organisator.ch\\\/#\\\/schema\\\/person\\\/aa2bace6c5c5aad60102004a50c4eb1c\"},\"headline\":\"19. Annual Global CEO Survey\",\"datePublished\":\"2016-02-10T14:59:10+00:00\",\"mainEntityOfPage\":{\"@id\":\"https:\\\/\\\/www.organisator.ch\\\/de\\\/allgemein\\\/2016-02-10\\\/19-annual-global-ceo-survey\\\/\"},\"wordCount\":284,\"commentCount\":0,\"publisher\":{\"@id\":\"https:\\\/\\\/www.organisator.ch\\\/#organization\"},\"image\":{\"@id\":\"https:\\\/\\\/www.organisator.ch\\\/de\\\/allgemein\\\/2016-02-10\\\/19-annual-global-ceo-survey\\\/#primaryimage\"},\"thumbnailUrl\":\"https:\\\/\\\/www.organisator.ch\\\/wp-content\\\/uploads\\\/2016\\\/12\\\/19.-Annual-Global-CEO-Survey-organisator.jpg\",\"keywords\":[\"Studie\"],\"inLanguage\":\"de\"},{\"@type\":\"WebPage\",\"@id\":\"https:\\\/\\\/www.organisator.ch\\\/de\\\/allgemein\\\/2016-02-10\\\/19-annual-global-ceo-survey\\\/\",\"url\":\"https:\\\/\\\/www.organisator.ch\\\/de\\\/allgemein\\\/2016-02-10\\\/19-annual-global-ceo-survey\\\/\",\"name\":\"19. Annual Global CEO Survey - Organisator\",\"isPartOf\":{\"@id\":\"https:\\\/\\\/www.organisator.ch\\\/#website\"},\"primaryImageOfPage\":{\"@id\":\"https:\\\/\\\/www.organisator.ch\\\/de\\\/allgemein\\\/2016-02-10\\\/19-annual-global-ceo-survey\\\/#primaryimage\"},\"image\":{\"@id\":\"https:\\\/\\\/www.organisator.ch\\\/de\\\/allgemein\\\/2016-02-10\\\/19-annual-global-ceo-survey\\\/#primaryimage\"},\"thumbnailUrl\":\"https:\\\/\\\/www.organisator.ch\\\/wp-content\\\/uploads\\\/2016\\\/12\\\/19.-Annual-Global-CEO-Survey-organisator.jpg\",\"datePublished\":\"2016-02-10T14:59:10+00:00\",\"description\":\"Eben erschienen die Schl\u00fcsselergebnisse des \\\"19th Annual Global CEO Survey\\\". Rund 1'400 CEOs, \u00e4usserten gegen\u00fcber der PwC besorgt \u00fcber Bedrohungen.\",\"breadcrumb\":{\"@id\":\"https:\\\/\\\/www.organisator.ch\\\/de\\\/allgemein\\\/2016-02-10\\\/19-annual-global-ceo-survey\\\/#breadcrumb\"},\"inLanguage\":\"de\",\"potentialAction\":[{\"@type\":\"ReadAction\",\"target\":[\"https:\\\/\\\/www.organisator.ch\\\/de\\\/allgemein\\\/2016-02-10\\\/19-annual-global-ceo-survey\\\/\"]}]},{\"@type\":\"ImageObject\",\"inLanguage\":\"de\",\"@id\":\"https:\\\/\\\/www.organisator.ch\\\/de\\\/allgemein\\\/2016-02-10\\\/19-annual-global-ceo-survey\\\/#primaryimage\",\"url\":\"https:\\\/\\\/www.organisator.ch\\\/wp-content\\\/uploads\\\/2016\\\/12\\\/19.-Annual-Global-CEO-Survey-organisator.jpg\",\"contentUrl\":\"https:\\\/\\\/www.organisator.ch\\\/wp-content\\\/uploads\\\/2016\\\/12\\\/19.-Annual-Global-CEO-Survey-organisator.jpg\",\"width\":750,\"height\":498,\"caption\":\"Viele CEOs gehen von einem positiven Wachstum f\u00fcr 2016 aus. 25 Prozent der Manager zeigen weniger rosige Aussichten. Mehr dar\u00fcber im aktuellen CEO Survey.\"},{\"@type\":\"BreadcrumbList\",\"@id\":\"https:\\\/\\\/www.organisator.ch\\\/de\\\/allgemein\\\/2016-02-10\\\/19-annual-global-ceo-survey\\\/#breadcrumb\",\"itemListElement\":[{\"@type\":\"ListItem\",\"position\":1,\"name\":\"Home\",\"item\":\"https:\\\/\\\/www.organisator.ch\\\/\"},{\"@type\":\"ListItem\",\"position\":2,\"name\":\"19. Annual Global CEO Survey\"}]},{\"@type\":\"WebSite\",\"@id\":\"https:\\\/\\\/www.organisator.ch\\\/#website\",\"url\":\"https:\\\/\\\/www.organisator.ch\\\/\",\"name\":\"Organisator\",\"description\":\"Kompetent. Praxisnah. Der ORGANISATOR bereitet in 10 Ausgaben pro Jahr die wesentlichen Themen f\u00fcr F\u00fchrungskr\u00e4fte von KMU auf.\",\"publisher\":{\"@id\":\"https:\\\/\\\/www.organisator.ch\\\/#organization\"},\"potentialAction\":[{\"@type\":\"SearchAction\",\"target\":{\"@type\":\"EntryPoint\",\"urlTemplate\":\"https:\\\/\\\/www.organisator.ch\\\/?s={search_term_string}\"},\"query-input\":{\"@type\":\"PropertyValueSpecification\",\"valueRequired\":true,\"valueName\":\"search_term_string\"}}],\"inLanguage\":\"de\"},{\"@type\":\"Organization\",\"@id\":\"https:\\\/\\\/www.organisator.ch\\\/#organization\",\"name\":\"Organisator\",\"url\":\"https:\\\/\\\/www.organisator.ch\\\/\",\"logo\":{\"@type\":\"ImageObject\",\"inLanguage\":\"de\",\"@id\":\"https:\\\/\\\/www.organisator.ch\\\/#\\\/schema\\\/logo\\\/image\\\/\",\"url\":\"https:\\\/\\\/www.organisator.ch\\\/wp-content\\\/uploads\\\/2022\\\/01\\\/Logo_Organisator_Website.png\",\"contentUrl\":\"https:\\\/\\\/www.organisator.ch\\\/wp-content\\\/uploads\\\/2022\\\/01\\\/Logo_Organisator_Website.png\",\"width\":800,\"height\":77,\"caption\":\"Organisator\"},\"image\":{\"@id\":\"https:\\\/\\\/www.organisator.ch\\\/#\\\/schema\\\/logo\\\/image\\\/\"},\"sameAs\":[\"https:\\\/\\\/www.facebook.com\\\/OrganisatorFachmagazin\",\"https:\\\/\\\/www.linkedin.com\\\/showcase\\\/organisator-das-magazin-fr-kmu\",\"https:\\\/\\\/www.xing.com\\\/news\\\/pages\\\/organisator-ch-695\",\"https:\\\/\\\/www.youtube.com\\\/channel\\\/UCGP2Sq0iWaZwT3BdIAQFYpw\"]},{\"@type\":\"Person\",\"@id\":\"https:\\\/\\\/www.organisator.ch\\\/#\\\/schema\\\/person\\\/aa2bace6c5c5aad60102004a50c4eb1c\",\"name\":\"admin\",\"image\":{\"@type\":\"ImageObject\",\"inLanguage\":\"de\",\"@id\":\"https:\\\/\\\/secure.gravatar.com\\\/avatar\\\/ae2f4d718e6c49043e314ce431e7e645d646302a24a5ef5a8bc8e3f5a032e319?s=96&d=mm&r=g\",\"url\":\"https:\\\/\\\/secure.gravatar.com\\\/avatar\\\/ae2f4d718e6c49043e314ce431e7e645d646302a24a5ef5a8bc8e3f5a032e319?s=96&d=mm&r=g\",\"contentUrl\":\"https:\\\/\\\/secure.gravatar.com\\\/avatar\\\/ae2f4d718e6c49043e314ce431e7e645d646302a24a5ef5a8bc8e3f5a032e319?s=96&d=mm&r=g\",\"caption\":\"admin\"},\"sameAs\":[\"https:\\\/\\\/www.organisator.ch\"],\"url\":\"https:\\\/\\\/www.organisator.ch\\\/de\\\/author\\\/admin\\\/\"}]}<\/script>\n<!-- \/ Yoast SEO plugin. -->","yoast_head_json":{"title":"19. Annual Global CEO Survey - Organisator","description":"Eben erschienen die Schl\u00fcsselergebnisse des \"19th Annual Global CEO Survey\". Rund 1'400 CEOs, \u00e4usserten gegen\u00fcber der PwC besorgt \u00fcber Bedrohungen.","robots":{"index":"index","follow":"follow","max-snippet":"max-snippet:-1","max-image-preview":"max-image-preview:large","max-video-preview":"max-video-preview:-1"},"canonical":"https:\/\/www.organisator.ch\/de\/allgemein\/2016-02-10\/19-annual-global-ceo-survey\/","og_locale":"de_DE","og_type":"article","og_title":"19. Annual Global CEO Survey","og_description":"Eliten der Welt zeigten sich nicht nur am Weltwirtschaftsforum besortgt dar\u00fcber, wie komplex - sprich \"multi-polar\" - sich die Welt entwickeln k\u00f6nnte. Rund 1'400 CEOs, respektive Manager, \u00e4usserten ebenso gegen\u00fcber der Wirtschaftspr\u00fcfungsgesellschaft PwC besorgt \u00fcber herrschende Bedrohungen. Eben erschienen die Schl\u00fcsselergebnisse des \"19th Annual Global CEO Survey\".","og_url":"https:\/\/www.organisator.ch\/de\/allgemein\/2016-02-10\/19-annual-global-ceo-survey\/","og_site_name":"Organisator","article_publisher":"https:\/\/www.facebook.com\/OrganisatorFachmagazin","article_published_time":"2016-02-10T14:59:10+00:00","author":"admin","twitter_card":"summary_large_image","twitter_image":"https:\/\/www.organisator.ch\/wp-content\/uploads\/2016\/12\/19.-Annual-Global-CEO-Survey-organisator.jpg","schema":{"@context":"https:\/\/schema.org","@graph":[{"@type":"Article","@id":"https:\/\/www.organisator.ch\/de\/allgemein\/2016-02-10\/19-annual-global-ceo-survey\/#article","isPartOf":{"@id":"https:\/\/www.organisator.ch\/de\/allgemein\/2016-02-10\/19-annual-global-ceo-survey\/"},"author":{"name":"admin","@id":"https:\/\/www.organisator.ch\/#\/schema\/person\/aa2bace6c5c5aad60102004a50c4eb1c"},"headline":"19. Annual Global CEO Survey","datePublished":"2016-02-10T14:59:10+00:00","mainEntityOfPage":{"@id":"https:\/\/www.organisator.ch\/de\/allgemein\/2016-02-10\/19-annual-global-ceo-survey\/"},"wordCount":284,"commentCount":0,"publisher":{"@id":"https:\/\/www.organisator.ch\/#organization"},"image":{"@id":"https:\/\/www.organisator.ch\/de\/allgemein\/2016-02-10\/19-annual-global-ceo-survey\/#primaryimage"},"thumbnailUrl":"https:\/\/www.organisator.ch\/wp-content\/uploads\/2016\/12\/19.-Annual-Global-CEO-Survey-organisator.jpg","keywords":["Studie"],"inLanguage":"de"},{"@type":"WebPage","@id":"https:\/\/www.organisator.ch\/de\/allgemein\/2016-02-10\/19-annual-global-ceo-survey\/","url":"https:\/\/www.organisator.ch\/de\/allgemein\/2016-02-10\/19-annual-global-ceo-survey\/","name":"19. Annual Global CEO Survey - Organisator","isPartOf":{"@id":"https:\/\/www.organisator.ch\/#website"},"primaryImageOfPage":{"@id":"https:\/\/www.organisator.ch\/de\/allgemein\/2016-02-10\/19-annual-global-ceo-survey\/#primaryimage"},"image":{"@id":"https:\/\/www.organisator.ch\/de\/allgemein\/2016-02-10\/19-annual-global-ceo-survey\/#primaryimage"},"thumbnailUrl":"https:\/\/www.organisator.ch\/wp-content\/uploads\/2016\/12\/19.-Annual-Global-CEO-Survey-organisator.jpg","datePublished":"2016-02-10T14:59:10+00:00","description":"Eben erschienen die Schl\u00fcsselergebnisse des \"19th Annual Global CEO Survey\". Rund 1'400 CEOs, \u00e4usserten gegen\u00fcber der PwC besorgt \u00fcber Bedrohungen.","breadcrumb":{"@id":"https:\/\/www.organisator.ch\/de\/allgemein\/2016-02-10\/19-annual-global-ceo-survey\/#breadcrumb"},"inLanguage":"de","potentialAction":[{"@type":"ReadAction","target":["https:\/\/www.organisator.ch\/de\/allgemein\/2016-02-10\/19-annual-global-ceo-survey\/"]}]},{"@type":"ImageObject","inLanguage":"de","@id":"https:\/\/www.organisator.ch\/de\/allgemein\/2016-02-10\/19-annual-global-ceo-survey\/#primaryimage","url":"https:\/\/www.organisator.ch\/wp-content\/uploads\/2016\/12\/19.-Annual-Global-CEO-Survey-organisator.jpg","contentUrl":"https:\/\/www.organisator.ch\/wp-content\/uploads\/2016\/12\/19.-Annual-Global-CEO-Survey-organisator.jpg","width":750,"height":498,"caption":"Viele CEOs gehen von einem positiven Wachstum f\u00fcr 2016 aus. 25 Prozent der Manager zeigen weniger rosige Aussichten. Mehr dar\u00fcber im aktuellen CEO Survey."},{"@type":"BreadcrumbList","@id":"https:\/\/www.organisator.ch\/de\/allgemein\/2016-02-10\/19-annual-global-ceo-survey\/#breadcrumb","itemListElement":[{"@type":"ListItem","position":1,"name":"Home","item":"https:\/\/www.organisator.ch\/"},{"@type":"ListItem","position":2,"name":"19. Annual Global CEO Survey"}]},{"@type":"WebSite","@id":"https:\/\/www.organisator.ch\/#website","url":"https:\/\/www.organisator.ch\/","name":"Organisator","description":"Kompetent. Praxisnah. Der ORGANISATOR bereitet in 10 Ausgaben pro Jahr die wesentlichen Themen f\u00fcr F\u00fchrungskr\u00e4fte von KMU auf.","publisher":{"@id":"https:\/\/www.organisator.ch\/#organization"},"potentialAction":[{"@type":"SearchAction","target":{"@type":"EntryPoint","urlTemplate":"https:\/\/www.organisator.ch\/?s={search_term_string}"},"query-input":{"@type":"PropertyValueSpecification","valueRequired":true,"valueName":"search_term_string"}}],"inLanguage":"de"},{"@type":"Organization","@id":"https:\/\/www.organisator.ch\/#organization","name":"Organisator","url":"https:\/\/www.organisator.ch\/","logo":{"@type":"ImageObject","inLanguage":"de","@id":"https:\/\/www.organisator.ch\/#\/schema\/logo\/image\/","url":"https:\/\/www.organisator.ch\/wp-content\/uploads\/2022\/01\/Logo_Organisator_Website.png","contentUrl":"https:\/\/www.organisator.ch\/wp-content\/uploads\/2022\/01\/Logo_Organisator_Website.png","width":800,"height":77,"caption":"Organisator"},"image":{"@id":"https:\/\/www.organisator.ch\/#\/schema\/logo\/image\/"},"sameAs":["https:\/\/www.facebook.com\/OrganisatorFachmagazin","https:\/\/www.linkedin.com\/showcase\/organisator-das-magazin-fr-kmu","https:\/\/www.xing.com\/news\/pages\/organisator-ch-695","https:\/\/www.youtube.com\/channel\/UCGP2Sq0iWaZwT3BdIAQFYpw"]},{"@type":"Person","@id":"https:\/\/www.organisator.ch\/#\/schema\/person\/aa2bace6c5c5aad60102004a50c4eb1c","name":"admin","image":{"@type":"ImageObject","inLanguage":"de","@id":"https:\/\/secure.gravatar.com\/avatar\/ae2f4d718e6c49043e314ce431e7e645d646302a24a5ef5a8bc8e3f5a032e319?s=96&d=mm&r=g","url":"https:\/\/secure.gravatar.com\/avatar\/ae2f4d718e6c49043e314ce431e7e645d646302a24a5ef5a8bc8e3f5a032e319?s=96&d=mm&r=g","contentUrl":"https:\/\/secure.gravatar.com\/avatar\/ae2f4d718e6c49043e314ce431e7e645d646302a24a5ef5a8bc8e3f5a032e319?s=96&d=mm&r=g","caption":"admin"},"sameAs":["https:\/\/www.organisator.ch"],"url":"https:\/\/www.organisator.ch\/de\/author\/admin\/"}]}},"_links":{"self":[{"href":"https:\/\/www.organisator.ch\/de\/wp-json\/wp\/v2\/posts\/131","targetHints":{"allow":["GET"]}}],"collection":[{"href":"https:\/\/www.organisator.ch\/de\/wp-json\/wp\/v2\/posts"}],"about":[{"href":"https:\/\/www.organisator.ch\/de\/wp-json\/wp\/v2\/types\/post"}],"author":[{"embeddable":true,"href":"https:\/\/www.organisator.ch\/de\/wp-json\/wp\/v2\/users\/1"}],"replies":[{"embeddable":true,"href":"https:\/\/www.organisator.ch\/de\/wp-json\/wp\/v2\/comments?post=131"}],"version-history":[{"count":0,"href":"https:\/\/www.organisator.ch\/de\/wp-json\/wp\/v2\/posts\/131\/revisions"}],"wp:featuredmedia":[{"embeddable":true,"href":"https:\/\/www.organisator.ch\/de\/wp-json\/wp\/v2\/media\/132"}],"wp:attachment":[{"href":"https:\/\/www.organisator.ch\/de\/wp-json\/wp\/v2\/media?parent=131"}],"wp:term":[{"taxonomy":"category","embeddable":true,"href":"https:\/\/www.organisator.ch\/de\/wp-json\/wp\/v2\/categories?post=131"},{"taxonomy":"post_tag","embeddable":true,"href":"https:\/\/www.organisator.ch\/de\/wp-json\/wp\/v2\/tags?post=131"}],"curies":[{"name":"wp","href":"https:\/\/api.w.org\/{rel}","templated":true}]}}