{"id":1320,"date":"2017-10-31T16:16:14","date_gmt":"2017-10-31T15:16:14","guid":{"rendered":"https:\/\/www.umweltperspektiven.ch\/?p=1320"},"modified":"2022-02-09T11:10:10","modified_gmt":"2022-02-09T10:10:10","slug":"5-swiss-green-economy-symposium-wirtschaftsfaktor-nachhaltigkeit","status":"publish","type":"post","link":"https:\/\/www.organisator.ch\/de\/sustainability\/2017-10-31\/5-swiss-green-economy-symposium-wirtschaftsfaktor-nachhaltigkeit\/","title":{"rendered":"5. Swiss Green Economy Symposium \u00fcber Nachhaltigkeit"},"content":{"rendered":"<figure id=\"attachment_1321\" aria-describedby=\"caption-attachment-1321\" style=\"width: 680px\" class=\"wp-caption alignnone\"><img loading=\"lazy\" decoding=\"async\" class=\"size-medium wp-image-1321\" src=\"\/\/www.umweltperspektiven.ch\/wp-content\/uploads\/2017\/10\/5-Swiss-Green-Economy-Symposium-Wirtschaftsfaktor-Nachhaltigkeit-up-umweltperspektiven.jpg\" alt=\"\" width=\"680\" height=\"453\" srcset=\"https:\/\/www.organisator.ch\/wp-content\/uploads\/2017\/10\/5-Swiss-Green-Economy-Symposium-Wirtschaftsfaktor-Nachhaltigkeit-up-umweltperspektiven.jpg 1200w, https:\/\/www.organisator.ch\/wp-content\/uploads\/2017\/10\/5-Swiss-Green-Economy-Symposium-Wirtschaftsfaktor-Nachhaltigkeit-up-umweltperspektiven-680x453.jpg 680w, https:\/\/www.organisator.ch\/wp-content\/uploads\/2017\/10\/5-Swiss-Green-Economy-Symposium-Wirtschaftsfaktor-Nachhaltigkeit-up-umweltperspektiven-1024x683.jpg 1024w, https:\/\/www.organisator.ch\/wp-content\/uploads\/2017\/10\/5-Swiss-Green-Economy-Symposium-Wirtschaftsfaktor-Nachhaltigkeit-up-umweltperspektiven-768x512.jpg 768w, https:\/\/www.organisator.ch\/wp-content\/uploads\/2017\/10\/5-Swiss-Green-Economy-Symposium-Wirtschaftsfaktor-Nachhaltigkeit-up-umweltperspektiven-18x12.jpg 18w, https:\/\/www.organisator.ch\/wp-content\/uploads\/2017\/10\/5-Swiss-Green-Economy-Symposium-Wirtschaftsfaktor-Nachhaltigkeit-up-umweltperspektiven-263x175.jpg 263w, https:\/\/www.organisator.ch\/wp-content\/uploads\/2017\/10\/5-Swiss-Green-Economy-Symposium-Wirtschaftsfaktor-Nachhaltigkeit-up-umweltperspektiven-525x350.jpg 525w, https:\/\/www.organisator.ch\/wp-content\/uploads\/2017\/10\/5-Swiss-Green-Economy-Symposium-Wirtschaftsfaktor-Nachhaltigkeit-up-umweltperspektiven-920x613.jpg 920w, https:\/\/www.organisator.ch\/wp-content\/uploads\/2017\/10\/5-Swiss-Green-Economy-Symposium-Wirtschaftsfaktor-Nachhaltigkeit-up-umweltperspektiven-300x200.jpg 300w\" sizes=\"auto, (max-width: 680px) 100vw, 680px\" \/><figcaption id=\"caption-attachment-1321\" class=\"wp-caption-text\">Am 5. Swiss Green Economy Symposium vom 30. Oktober 2017 versammelt sich mehr als 900 Teilnehmende und Changemaker im Kongresshaus Liebestrasse in Winterthur. (Bild: zVg)<\/figcaption><\/figure>\n<p>Vertr\u00e4gt sich \u00fcberhaupt Nachhaltigkeit erfolgreiches und profitables Wirtschaften? Ein wichtiger Motor f\u00fcr die Implementierung von Nachhaltigkeit sind die Sustainable Development Goals (SDG) der UNO. Diese 17 Ziele sollen bis 2030 von allen UNO-Mitgliedsstaaten erreicht werden. Botschafter Michael Gerber, Sonderbeauftragter des Bundesrats f\u00fcr globale nachhaltige Entwicklung, unterstrich, dass bereits ein Viertel der Schweizer Unternehmen mit diesen Zielen arbeiten w\u00fcrden. Denn sie lohnen sich:<\/p>\n<p>12 Billionen Dollar bis 2030 k\u00f6nnte die Wirtschaft mit der Umsetzung verdienen, betonte er. Dante Pesce, Mitglied der Human-Rights-Arbeitsgruppe der UNO und Nachhaltigkeitsexperte an der Universit\u00e4t von Valparaiso (Chile) erl\u00e4uterte den Zusammenhang mit den Menschenrechten, deren Implementierung in die ganze Wertsch\u00f6pfungskette die Businessperformance steigere. Ein offener Handel, der sich auf Nachhaltigkeit fokussiert, sei auch ein profitabler Handel, so Christian Ewert, Generaldirektor der Foreign Trade Association zu den Zuh\u00f6renden.<\/p>\n<p><strong>Nachhaltiges Investment?<\/strong><\/p>\n<p>Ewert seine Organisation erh\u00e4lt einen neuen Namen: Sie heisst ab 2018 &#8222;amfori&#8220; und steht f\u00fcr einen verantwortungsbewussten Handel. Sie will nichts mehr, als \u00d6konomie, \u00d6kologie und soziales Bewusstsein im globalen Handel verankern. Bei der Finanzierung von nachhaltigem Wirtschaften sieht Jean-Daniel Gerber, Pr\u00e4sident von Swiss Sustainable Finance, noch grossen Handlungsbedarf. &#8222;Noch gibt es keine einheitliche Definition, was ein nachhaltiges Investment \u00fcberhaupt ist!&#8220;<\/p>\n<p>Neben finanziellen Aspekten f\u00e4llt insbesondere auch der Digitalit\u00e4t eine grosse Rolle zu. Siegfried Gerlach, Siemens-CEO der Schweiz, erl\u00e4uterte die vier Hebel seines Konzerns: Energieeffizienz, dezentrale Energieversorgung, Einsatz von gr\u00fcnem Strom und die Modernisierung der eigenen Fahr-zeugflotte. Bis 2030 will der Konzern dank smarter Technik C0\u00b2-neutral arbeiten.<\/p>\n<p><strong>Grenzen der Nachhaltigkeit <\/strong><\/p>\n<p>Die Digitalisierung ver\u00e4ndere die Arbeitswelt stark, betonte Hans C. Werner, Mitglied der Gesch\u00e4ftsleitung Swisscom und mahnte die Bereitschaft zu einer permanenten Ver\u00e4nderung und dem \u00dcberschreiten der eigenen Grenzen an. Hierf\u00fcr bed\u00fcrfe es einer fortgesetzten Weiterbildung mit einem kurzen Zeithorizont und vor allem auch einer ausgepr\u00e4gten Neugierde auf Neues. Auch in der Smart Changemaker Debatte mit Denise Fessler, CEO InnoPark Schweiz, Simona Scarpaleggia, CEO IKEA Schweiz und Max Schachinger, CEO Schachinger Logistik Holding, ging es um die pers\u00f6nliche Einstellung, die inneren Ver\u00e4nderungen, die letztlich zu einer nachhaltigen Umformung der Organisation f\u00fchren.<\/p>\n<p>&#8222;Ich reflektiere mehr als fr\u00fcher \u00fcber meine pers\u00f6nliche Verantwortung&#8220;, beschrieb Denise Fessler ihr ver\u00e4ndertes Bewusstsein.<\/p>\n<p>Kulturwandel, Zusammenarbeit, Wissenstransfer &#8211; das waren die wichtigsten Stichworte von Botschafter Raymund Furrer, der beleuchtete, was die Schweiz heute schon mit Vorbildcharakter unternimmt, um Tourismusdestinationen wie zum Beispiel Indonesien nachhaltiger zu machen. Um eine offene Unternehmenskultur ging es im Gespr\u00e4ch zwischen Moderatorin Sonja Hasler (SRF) und Peter Gehler, Kommunikationsverantwortlicher des Pharmaunternehmens Siegfried. Er betonte, dass dies f\u00fcr ein Unternehmen mit einer weltweiten Aufstellung eine Pflicht und Selbstverst\u00e4ndlichkeit sein m\u00fcsse, wenn man in diesen Strukturen arbeiten wolle.<\/p>\n<p>Die Winterthurer Stadtr\u00e4tin Barbara G\u00fcnthard-Maier brachte das gemeinsame Verst\u00e4ndnis aller Teilnehmer auf den Punkt: &#8222;Smart sein heisst, den Kindern eine intakte Umwelt zu hinterlassen.&#8220;<\/p>\n<p><em>Das 6. Swiss Green Economy Symposium findet bereits am 4. September 2018 in Winterthur statt<\/em>.<\/p>\n<p><a href=\"\/\/www.sges.ch\">www.sges.ch<\/a><\/p>\n<p>&nbsp;<\/p>\n<p>&nbsp;<\/p>\n","protected":false},"excerpt":{"rendered":"<p>Vertr\u00e4gt sich \u00fcberhaupt Nachhaltigkeit erfolgreiches und profitables Wirtschaften? Ein wichtiger Motor f\u00fcr die Implementierung von Nachhaltigkeit sind die Sustainable Development Goals (SDG) der UNO. Diese 17 Ziele sollen bis 2030 von allen UNO-Mitgliedsstaaten erreicht werden. Botschafter Michael Gerber, Sonderbeauftragter des Bundesrats f\u00fcr globale nachhaltige Entwicklung, unterstrich, dass bereits ein Viertel der Schweizer Unternehmen mit diesen [&hellip;]<\/p>\n","protected":false},"author":5,"featured_media":1321,"comment_status":"open","ping_status":"open","sticky":false,"template":"","format":"standard","meta":{"_acf_changed":false,"_yoast_wpseo_focuskw":"Nachhaltigkeit","_yoast_wpseo_metadesc":"Nachhaltigkeit hat sich zu einem bedeutenden Wirtschaftsfaktor entwickelt, so das Ergebnis des 5. Swiss Green Economy Symposium in Winterthur.","articlekey":"","footnotes":""},"categories":[580],"tags":[157,1175,221,1315,1750],"class_list":["post-1320","post","type-post","status-publish","format-standard","has-post-thumbnail","hentry","category-sustainability","tag-digitalitaet","tag-finance","tag-forum","tag-green-economy-forum","tag-nachaltigkeit"],"acf":[],"yoast_head":"<!-- This site is optimized with the Yoast SEO plugin v27.4 - https:\/\/yoast.com\/product\/yoast-seo-wordpress\/ -->\n<title>5. Swiss Green Economy Symposium \u00fcber Nachhaltigkeit - Organisator<\/title>\n<meta name=\"description\" content=\"Nachhaltigkeit hat sich zu einem bedeutenden Wirtschaftsfaktor entwickelt, so das Ergebnis des 5. Swiss Green Economy Symposium in Winterthur.\" \/>\n<meta name=\"robots\" content=\"index, follow, max-snippet:-1, max-image-preview:large, max-video-preview:-1\" \/>\n<link rel=\"canonical\" href=\"https:\/\/www.organisator.ch\/de\/sustainability\/2017-10-31\/5-swiss-green-economy-symposium-wirtschaftsfaktor-nachhaltigkeit\/\" \/>\n<meta property=\"og:locale\" content=\"de_DE\" \/>\n<meta property=\"og:type\" content=\"article\" \/>\n<meta property=\"og:title\" content=\"5. Swiss Green Economy Symposium \u00fcber Nachhaltigkeit - Organisator\" \/>\n<meta property=\"og:description\" content=\"Nachhaltigkeit hat sich zu einem bedeutenden Wirtschaftsfaktor entwickelt, so das Ergebnis des 5. Swiss Green Economy Symposium in Winterthur.\" \/>\n<meta property=\"og:url\" content=\"https:\/\/www.organisator.ch\/de\/sustainability\/2017-10-31\/5-swiss-green-economy-symposium-wirtschaftsfaktor-nachhaltigkeit\/\" \/>\n<meta property=\"og:site_name\" content=\"Organisator\" \/>\n<meta property=\"article:publisher\" content=\"https:\/\/www.facebook.com\/OrganisatorFachmagazin\" \/>\n<meta property=\"article:published_time\" content=\"2017-10-31T15:16:14+00:00\" \/>\n<meta property=\"article:modified_time\" content=\"2022-02-09T10:10:10+00:00\" \/>\n<meta property=\"og:image\" content=\"https:\/\/www.organisator.ch\/wp-content\/uploads\/2017\/10\/5-Swiss-Green-Economy-Symposium-Wirtschaftsfaktor-Nachhaltigkeit-up-umweltperspektiven.jpg\" \/>\n\t<meta property=\"og:image:width\" content=\"1200\" \/>\n\t<meta property=\"og:image:height\" content=\"800\" \/>\n\t<meta property=\"og:image:type\" content=\"image\/jpeg\" \/>\n<meta name=\"author\" content=\"michael.merz\" \/>\n<meta name=\"twitter:card\" content=\"summary_large_image\" \/>\n<script type=\"application\/ld+json\" class=\"yoast-schema-graph\">{\"@context\":\"https:\\\/\\\/schema.org\",\"@graph\":[{\"@type\":\"Article\",\"@id\":\"https:\\\/\\\/www.organisator.ch\\\/sustainability\\\/2017-10-31\\\/5-swiss-green-economy-symposium-wirtschaftsfaktor-nachhaltigkeit\\\/#article\",\"isPartOf\":{\"@id\":\"https:\\\/\\\/www.organisator.ch\\\/sustainability\\\/2017-10-31\\\/5-swiss-green-economy-symposium-wirtschaftsfaktor-nachhaltigkeit\\\/\"},\"author\":{\"name\":\"michael.merz\",\"@id\":\"https:\\\/\\\/www.organisator.ch\\\/#\\\/schema\\\/person\\\/134708ca9321c57b0362cceb7948ffbd\"},\"headline\":\"5. Swiss Green Economy Symposium \u00fcber Nachhaltigkeit\",\"datePublished\":\"2017-10-31T15:16:14+00:00\",\"dateModified\":\"2022-02-09T10:10:10+00:00\",\"mainEntityOfPage\":{\"@id\":\"https:\\\/\\\/www.organisator.ch\\\/sustainability\\\/2017-10-31\\\/5-swiss-green-economy-symposium-wirtschaftsfaktor-nachhaltigkeit\\\/\"},\"wordCount\":528,\"commentCount\":0,\"publisher\":{\"@id\":\"https:\\\/\\\/www.organisator.ch\\\/#organization\"},\"image\":{\"@id\":\"https:\\\/\\\/www.organisator.ch\\\/sustainability\\\/2017-10-31\\\/5-swiss-green-economy-symposium-wirtschaftsfaktor-nachhaltigkeit\\\/#primaryimage\"},\"thumbnailUrl\":\"https:\\\/\\\/www.organisator.ch\\\/wp-content\\\/uploads\\\/2017\\\/10\\\/5-Swiss-Green-Economy-Symposium-Wirtschaftsfaktor-Nachhaltigkeit-up-umweltperspektiven.jpg\",\"keywords\":[\"Digitalit\u00e4t\",\"Finance\",\"Forum\",\"Green Economy Forum\",\"Nachaltigkeit\"],\"articleSection\":[\"SUSTAINABILITY\"],\"inLanguage\":\"de\"},{\"@type\":\"WebPage\",\"@id\":\"https:\\\/\\\/www.organisator.ch\\\/sustainability\\\/2017-10-31\\\/5-swiss-green-economy-symposium-wirtschaftsfaktor-nachhaltigkeit\\\/\",\"url\":\"https:\\\/\\\/www.organisator.ch\\\/sustainability\\\/2017-10-31\\\/5-swiss-green-economy-symposium-wirtschaftsfaktor-nachhaltigkeit\\\/\",\"name\":\"5. Swiss Green Economy Symposium \u00fcber Nachhaltigkeit - Organisator\",\"isPartOf\":{\"@id\":\"https:\\\/\\\/www.organisator.ch\\\/#website\"},\"primaryImageOfPage\":{\"@id\":\"https:\\\/\\\/www.organisator.ch\\\/sustainability\\\/2017-10-31\\\/5-swiss-green-economy-symposium-wirtschaftsfaktor-nachhaltigkeit\\\/#primaryimage\"},\"image\":{\"@id\":\"https:\\\/\\\/www.organisator.ch\\\/sustainability\\\/2017-10-31\\\/5-swiss-green-economy-symposium-wirtschaftsfaktor-nachhaltigkeit\\\/#primaryimage\"},\"thumbnailUrl\":\"https:\\\/\\\/www.organisator.ch\\\/wp-content\\\/uploads\\\/2017\\\/10\\\/5-Swiss-Green-Economy-Symposium-Wirtschaftsfaktor-Nachhaltigkeit-up-umweltperspektiven.jpg\",\"datePublished\":\"2017-10-31T15:16:14+00:00\",\"dateModified\":\"2022-02-09T10:10:10+00:00\",\"description\":\"Nachhaltigkeit hat sich zu einem bedeutenden Wirtschaftsfaktor entwickelt, so das Ergebnis des 5. Swiss Green Economy Symposium in Winterthur.\",\"breadcrumb\":{\"@id\":\"https:\\\/\\\/www.organisator.ch\\\/sustainability\\\/2017-10-31\\\/5-swiss-green-economy-symposium-wirtschaftsfaktor-nachhaltigkeit\\\/#breadcrumb\"},\"inLanguage\":\"de\",\"potentialAction\":[{\"@type\":\"ReadAction\",\"target\":[\"https:\\\/\\\/www.organisator.ch\\\/sustainability\\\/2017-10-31\\\/5-swiss-green-economy-symposium-wirtschaftsfaktor-nachhaltigkeit\\\/\"]}]},{\"@type\":\"ImageObject\",\"inLanguage\":\"de\",\"@id\":\"https:\\\/\\\/www.organisator.ch\\\/sustainability\\\/2017-10-31\\\/5-swiss-green-economy-symposium-wirtschaftsfaktor-nachhaltigkeit\\\/#primaryimage\",\"url\":\"https:\\\/\\\/www.organisator.ch\\\/wp-content\\\/uploads\\\/2017\\\/10\\\/5-Swiss-Green-Economy-Symposium-Wirtschaftsfaktor-Nachhaltigkeit-up-umweltperspektiven.jpg\",\"contentUrl\":\"https:\\\/\\\/www.organisator.ch\\\/wp-content\\\/uploads\\\/2017\\\/10\\\/5-Swiss-Green-Economy-Symposium-Wirtschaftsfaktor-Nachhaltigkeit-up-umweltperspektiven.jpg\",\"width\":1200,\"height\":800,\"caption\":\"Am 5. Swiss Green Economy Symposium vom 30. Oktober 2017 versammelt sich mehr als 900 Teilnehmende und Changemaker im Kongresshaus Liebestrasse in Winterthur.\"},{\"@type\":\"BreadcrumbList\",\"@id\":\"https:\\\/\\\/www.organisator.ch\\\/sustainability\\\/2017-10-31\\\/5-swiss-green-economy-symposium-wirtschaftsfaktor-nachhaltigkeit\\\/#breadcrumb\",\"itemListElement\":[{\"@type\":\"ListItem\",\"position\":1,\"name\":\"Home\",\"item\":\"https:\\\/\\\/www.organisator.ch\\\/\"},{\"@type\":\"ListItem\",\"position\":2,\"name\":\"5. Swiss Green Economy Symposium \u00fcber Nachhaltigkeit\"}]},{\"@type\":\"WebSite\",\"@id\":\"https:\\\/\\\/www.organisator.ch\\\/#website\",\"url\":\"https:\\\/\\\/www.organisator.ch\\\/\",\"name\":\"Organisator\",\"description\":\"Kompetent. Praxisnah. Der ORGANISATOR bereitet in 10 Ausgaben pro Jahr die wesentlichen Themen f\u00fcr F\u00fchrungskr\u00e4fte von KMU auf.\",\"publisher\":{\"@id\":\"https:\\\/\\\/www.organisator.ch\\\/#organization\"},\"potentialAction\":[{\"@type\":\"SearchAction\",\"target\":{\"@type\":\"EntryPoint\",\"urlTemplate\":\"https:\\\/\\\/www.organisator.ch\\\/?s={search_term_string}\"},\"query-input\":{\"@type\":\"PropertyValueSpecification\",\"valueRequired\":true,\"valueName\":\"search_term_string\"}}],\"inLanguage\":\"de\"},{\"@type\":\"Organization\",\"@id\":\"https:\\\/\\\/www.organisator.ch\\\/#organization\",\"name\":\"Organisator\",\"url\":\"https:\\\/\\\/www.organisator.ch\\\/\",\"logo\":{\"@type\":\"ImageObject\",\"inLanguage\":\"de\",\"@id\":\"https:\\\/\\\/www.organisator.ch\\\/#\\\/schema\\\/logo\\\/image\\\/\",\"url\":\"https:\\\/\\\/www.organisator.ch\\\/wp-content\\\/uploads\\\/2022\\\/01\\\/Logo_Organisator_Website.png\",\"contentUrl\":\"https:\\\/\\\/www.organisator.ch\\\/wp-content\\\/uploads\\\/2022\\\/01\\\/Logo_Organisator_Website.png\",\"width\":800,\"height\":77,\"caption\":\"Organisator\"},\"image\":{\"@id\":\"https:\\\/\\\/www.organisator.ch\\\/#\\\/schema\\\/logo\\\/image\\\/\"},\"sameAs\":[\"https:\\\/\\\/www.facebook.com\\\/OrganisatorFachmagazin\",\"https:\\\/\\\/www.linkedin.com\\\/showcase\\\/organisator-das-magazin-fr-kmu\",\"https:\\\/\\\/www.xing.com\\\/news\\\/pages\\\/organisator-ch-695\",\"https:\\\/\\\/www.youtube.com\\\/channel\\\/UCGP2Sq0iWaZwT3BdIAQFYpw\"]},{\"@type\":\"Person\",\"@id\":\"https:\\\/\\\/www.organisator.ch\\\/#\\\/schema\\\/person\\\/134708ca9321c57b0362cceb7948ffbd\",\"name\":\"michael.merz\",\"image\":{\"@type\":\"ImageObject\",\"inLanguage\":\"de\",\"@id\":\"https:\\\/\\\/secure.gravatar.com\\\/avatar\\\/?s=96&d=mm&r=g\",\"url\":\"https:\\\/\\\/secure.gravatar.com\\\/avatar\\\/?s=96&d=mm&r=g\",\"contentUrl\":\"https:\\\/\\\/secure.gravatar.com\\\/avatar\\\/?s=96&d=mm&r=g\",\"caption\":\"michael.merz\"},\"url\":\"https:\\\/\\\/www.organisator.ch\\\/de\\\/author\\\/michael-merz\\\/\"}]}<\/script>\n<!-- \/ Yoast SEO plugin. -->","yoast_head_json":{"title":"5. Swiss Green Economy Symposium \u00fcber Nachhaltigkeit - Organisator","description":"Nachhaltigkeit hat sich zu einem bedeutenden Wirtschaftsfaktor entwickelt, so das Ergebnis des 5. Swiss Green Economy Symposium in Winterthur.","robots":{"index":"index","follow":"follow","max-snippet":"max-snippet:-1","max-image-preview":"max-image-preview:large","max-video-preview":"max-video-preview:-1"},"canonical":"https:\/\/www.organisator.ch\/de\/sustainability\/2017-10-31\/5-swiss-green-economy-symposium-wirtschaftsfaktor-nachhaltigkeit\/","og_locale":"de_DE","og_type":"article","og_title":"5. Swiss Green Economy Symposium \u00fcber Nachhaltigkeit - Organisator","og_description":"Nachhaltigkeit hat sich zu einem bedeutenden Wirtschaftsfaktor entwickelt, so das Ergebnis des 5. Swiss Green Economy Symposium in Winterthur.","og_url":"https:\/\/www.organisator.ch\/de\/sustainability\/2017-10-31\/5-swiss-green-economy-symposium-wirtschaftsfaktor-nachhaltigkeit\/","og_site_name":"Organisator","article_publisher":"https:\/\/www.facebook.com\/OrganisatorFachmagazin","article_published_time":"2017-10-31T15:16:14+00:00","article_modified_time":"2022-02-09T10:10:10+00:00","og_image":[{"width":1200,"height":800,"url":"https:\/\/www.organisator.ch\/wp-content\/uploads\/2017\/10\/5-Swiss-Green-Economy-Symposium-Wirtschaftsfaktor-Nachhaltigkeit-up-umweltperspektiven.jpg","type":"image\/jpeg"}],"author":"michael.merz","twitter_card":"summary_large_image","schema":{"@context":"https:\/\/schema.org","@graph":[{"@type":"Article","@id":"https:\/\/www.organisator.ch\/sustainability\/2017-10-31\/5-swiss-green-economy-symposium-wirtschaftsfaktor-nachhaltigkeit\/#article","isPartOf":{"@id":"https:\/\/www.organisator.ch\/sustainability\/2017-10-31\/5-swiss-green-economy-symposium-wirtschaftsfaktor-nachhaltigkeit\/"},"author":{"name":"michael.merz","@id":"https:\/\/www.organisator.ch\/#\/schema\/person\/134708ca9321c57b0362cceb7948ffbd"},"headline":"5. Swiss Green Economy Symposium \u00fcber Nachhaltigkeit","datePublished":"2017-10-31T15:16:14+00:00","dateModified":"2022-02-09T10:10:10+00:00","mainEntityOfPage":{"@id":"https:\/\/www.organisator.ch\/sustainability\/2017-10-31\/5-swiss-green-economy-symposium-wirtschaftsfaktor-nachhaltigkeit\/"},"wordCount":528,"commentCount":0,"publisher":{"@id":"https:\/\/www.organisator.ch\/#organization"},"image":{"@id":"https:\/\/www.organisator.ch\/sustainability\/2017-10-31\/5-swiss-green-economy-symposium-wirtschaftsfaktor-nachhaltigkeit\/#primaryimage"},"thumbnailUrl":"https:\/\/www.organisator.ch\/wp-content\/uploads\/2017\/10\/5-Swiss-Green-Economy-Symposium-Wirtschaftsfaktor-Nachhaltigkeit-up-umweltperspektiven.jpg","keywords":["Digitalit\u00e4t","Finance","Forum","Green Economy Forum","Nachaltigkeit"],"articleSection":["SUSTAINABILITY"],"inLanguage":"de"},{"@type":"WebPage","@id":"https:\/\/www.organisator.ch\/sustainability\/2017-10-31\/5-swiss-green-economy-symposium-wirtschaftsfaktor-nachhaltigkeit\/","url":"https:\/\/www.organisator.ch\/sustainability\/2017-10-31\/5-swiss-green-economy-symposium-wirtschaftsfaktor-nachhaltigkeit\/","name":"5. Swiss Green Economy Symposium \u00fcber Nachhaltigkeit - Organisator","isPartOf":{"@id":"https:\/\/www.organisator.ch\/#website"},"primaryImageOfPage":{"@id":"https:\/\/www.organisator.ch\/sustainability\/2017-10-31\/5-swiss-green-economy-symposium-wirtschaftsfaktor-nachhaltigkeit\/#primaryimage"},"image":{"@id":"https:\/\/www.organisator.ch\/sustainability\/2017-10-31\/5-swiss-green-economy-symposium-wirtschaftsfaktor-nachhaltigkeit\/#primaryimage"},"thumbnailUrl":"https:\/\/www.organisator.ch\/wp-content\/uploads\/2017\/10\/5-Swiss-Green-Economy-Symposium-Wirtschaftsfaktor-Nachhaltigkeit-up-umweltperspektiven.jpg","datePublished":"2017-10-31T15:16:14+00:00","dateModified":"2022-02-09T10:10:10+00:00","description":"Nachhaltigkeit hat sich zu einem bedeutenden Wirtschaftsfaktor entwickelt, so das Ergebnis des 5. Swiss Green Economy Symposium in Winterthur.","breadcrumb":{"@id":"https:\/\/www.organisator.ch\/sustainability\/2017-10-31\/5-swiss-green-economy-symposium-wirtschaftsfaktor-nachhaltigkeit\/#breadcrumb"},"inLanguage":"de","potentialAction":[{"@type":"ReadAction","target":["https:\/\/www.organisator.ch\/sustainability\/2017-10-31\/5-swiss-green-economy-symposium-wirtschaftsfaktor-nachhaltigkeit\/"]}]},{"@type":"ImageObject","inLanguage":"de","@id":"https:\/\/www.organisator.ch\/sustainability\/2017-10-31\/5-swiss-green-economy-symposium-wirtschaftsfaktor-nachhaltigkeit\/#primaryimage","url":"https:\/\/www.organisator.ch\/wp-content\/uploads\/2017\/10\/5-Swiss-Green-Economy-Symposium-Wirtschaftsfaktor-Nachhaltigkeit-up-umweltperspektiven.jpg","contentUrl":"https:\/\/www.organisator.ch\/wp-content\/uploads\/2017\/10\/5-Swiss-Green-Economy-Symposium-Wirtschaftsfaktor-Nachhaltigkeit-up-umweltperspektiven.jpg","width":1200,"height":800,"caption":"Am 5. Swiss Green Economy Symposium vom 30. Oktober 2017 versammelt sich mehr als 900 Teilnehmende und Changemaker im Kongresshaus Liebestrasse in Winterthur."},{"@type":"BreadcrumbList","@id":"https:\/\/www.organisator.ch\/sustainability\/2017-10-31\/5-swiss-green-economy-symposium-wirtschaftsfaktor-nachhaltigkeit\/#breadcrumb","itemListElement":[{"@type":"ListItem","position":1,"name":"Home","item":"https:\/\/www.organisator.ch\/"},{"@type":"ListItem","position":2,"name":"5. Swiss Green Economy Symposium \u00fcber Nachhaltigkeit"}]},{"@type":"WebSite","@id":"https:\/\/www.organisator.ch\/#website","url":"https:\/\/www.organisator.ch\/","name":"Organisator","description":"Kompetent. Praxisnah. Der ORGANISATOR bereitet in 10 Ausgaben pro Jahr die wesentlichen Themen f\u00fcr F\u00fchrungskr\u00e4fte von KMU auf.","publisher":{"@id":"https:\/\/www.organisator.ch\/#organization"},"potentialAction":[{"@type":"SearchAction","target":{"@type":"EntryPoint","urlTemplate":"https:\/\/www.organisator.ch\/?s={search_term_string}"},"query-input":{"@type":"PropertyValueSpecification","valueRequired":true,"valueName":"search_term_string"}}],"inLanguage":"de"},{"@type":"Organization","@id":"https:\/\/www.organisator.ch\/#organization","name":"Organisator","url":"https:\/\/www.organisator.ch\/","logo":{"@type":"ImageObject","inLanguage":"de","@id":"https:\/\/www.organisator.ch\/#\/schema\/logo\/image\/","url":"https:\/\/www.organisator.ch\/wp-content\/uploads\/2022\/01\/Logo_Organisator_Website.png","contentUrl":"https:\/\/www.organisator.ch\/wp-content\/uploads\/2022\/01\/Logo_Organisator_Website.png","width":800,"height":77,"caption":"Organisator"},"image":{"@id":"https:\/\/www.organisator.ch\/#\/schema\/logo\/image\/"},"sameAs":["https:\/\/www.facebook.com\/OrganisatorFachmagazin","https:\/\/www.linkedin.com\/showcase\/organisator-das-magazin-fr-kmu","https:\/\/www.xing.com\/news\/pages\/organisator-ch-695","https:\/\/www.youtube.com\/channel\/UCGP2Sq0iWaZwT3BdIAQFYpw"]},{"@type":"Person","@id":"https:\/\/www.organisator.ch\/#\/schema\/person\/134708ca9321c57b0362cceb7948ffbd","name":"michael.merz","image":{"@type":"ImageObject","inLanguage":"de","@id":"https:\/\/secure.gravatar.com\/avatar\/?s=96&d=mm&r=g","url":"https:\/\/secure.gravatar.com\/avatar\/?s=96&d=mm&r=g","contentUrl":"https:\/\/secure.gravatar.com\/avatar\/?s=96&d=mm&r=g","caption":"michael.merz"},"url":"https:\/\/www.organisator.ch\/de\/author\/michael-merz\/"}]}},"_links":{"self":[{"href":"https:\/\/www.organisator.ch\/de\/wp-json\/wp\/v2\/posts\/1320","targetHints":{"allow":["GET"]}}],"collection":[{"href":"https:\/\/www.organisator.ch\/de\/wp-json\/wp\/v2\/posts"}],"about":[{"href":"https:\/\/www.organisator.ch\/de\/wp-json\/wp\/v2\/types\/post"}],"author":[{"embeddable":true,"href":"https:\/\/www.organisator.ch\/de\/wp-json\/wp\/v2\/users\/5"}],"replies":[{"embeddable":true,"href":"https:\/\/www.organisator.ch\/de\/wp-json\/wp\/v2\/comments?post=1320"}],"version-history":[{"count":1,"href":"https:\/\/www.organisator.ch\/de\/wp-json\/wp\/v2\/posts\/1320\/revisions"}],"predecessor-version":[{"id":10932,"href":"https:\/\/www.organisator.ch\/de\/wp-json\/wp\/v2\/posts\/1320\/revisions\/10932"}],"wp:featuredmedia":[{"embeddable":true,"href":"https:\/\/www.organisator.ch\/de\/wp-json\/wp\/v2\/media\/1321"}],"wp:attachment":[{"href":"https:\/\/www.organisator.ch\/de\/wp-json\/wp\/v2\/media?parent=1320"}],"wp:term":[{"taxonomy":"category","embeddable":true,"href":"https:\/\/www.organisator.ch\/de\/wp-json\/wp\/v2\/categories?post=1320"},{"taxonomy":"post_tag","embeddable":true,"href":"https:\/\/www.organisator.ch\/de\/wp-json\/wp\/v2\/tags?post=1320"}],"curies":[{"name":"wp","href":"https:\/\/api.w.org\/{rel}","templated":true}]}}