{"id":1323,"date":"2017-01-12T12:50:07","date_gmt":"2017-01-12T11:50:07","guid":{"rendered":"https:\/\/organisator.ch\/?p=1323"},"modified":"2017-01-12T12:50:07","modified_gmt":"2017-01-12T11:50:07","slug":"europa-forum-luzern-the-new-global-race-15-mai-2017","status":"publish","type":"post","link":"https:\/\/www.organisator.ch\/de\/allgemein\/2017-01-12\/europa-forum-luzern-the-new-global-race-15-mai-2017\/","title":{"rendered":"Europa Forum Luzern: \u00abThe New Global Race\u00bb 15. Mai 2017"},"content":{"rendered":"<p><img loading=\"lazy\" decoding=\"async\" class=\"alignnone size-medium wp-image-1331\" src=\"https:\/\/organisator.ch\/wp-content\/uploads\/2017\/01\/Europaforum-Lucerne-1.jpg\" alt=\"\" width=\"680\" height=\"321\" srcset=\"https:\/\/www.organisator.ch\/wp-content\/uploads\/2017\/01\/Europaforum-Lucerne-1.jpg 753w, https:\/\/www.organisator.ch\/wp-content\/uploads\/2017\/01\/Europaforum-Lucerne-1-680x321.jpg 680w, https:\/\/www.organisator.ch\/wp-content\/uploads\/2017\/01\/Europaforum-Lucerne-1-16x8.jpg 16w, https:\/\/www.organisator.ch\/wp-content\/uploads\/2017\/01\/Europaforum-Lucerne-1-371x175.jpg 371w, https:\/\/www.organisator.ch\/wp-content\/uploads\/2017\/01\/Europaforum-Lucerne-1-742x350.jpg 742w, https:\/\/www.organisator.ch\/wp-content\/uploads\/2017\/01\/Europaforum-Lucerne-1-300x141.jpg 300w\" sizes=\"auto, (max-width: 680px) 100vw, 680px\" \/><\/p>\n<h2>Wirtschafts-Symposium:<\/h2>\n<p>13.00 bis 17.30 Uhr &#8211; inkl. Mittags-Imbiss und Netzwerk-Ap\u00e9ro<\/p>\n<ul style=\"list-style-type: circle;\">\n<li><strong>Jan Atteslander<\/strong>, Mitglied der Gesch\u00e4ftsleitung Economiesuisse<\/li>\n<li><strong>Steven Erlanger<\/strong>, London Bureau Chief of The New York Times Company<\/li>\n<li><strong>Barbara Kux<\/strong>, Verwaltungsr\u00e4tin bei Firmenich, Engie, Henkel, Total, Umicore, ehemalige Spitzenmanagerin globaler Konzerne<\/li>\n<li><strong>Martina Larkin<\/strong>, Head of Europe and Eurasia, Member of the Executive Committee, World Economic Forum WEF<\/li>\n<li><strong>Klaus Lorenz<\/strong>, General Manager Heberlein<\/li>\n<li><strong>Martin Naville<\/strong>, CEO Swiss-American Chamber of Commerce<\/li>\n<li><strong>Rada Rodriguez<\/strong>, Vorsitzende der Gesch\u00e4ftsf\u00fchrung, Schneider Electric<\/li>\n<li><strong>Christoph M. Schmidt<\/strong>, Vorsitzender des Sachverst\u00e4ndigenrates zur Begutachtung der gesamtwirtschaftlichen Entwicklung (Wirtschaftsweiser)<\/li>\n<li><strong>Zeno Staub<\/strong>, CEO Bank Vontobel<\/li>\n<li><strong>Daniel Vasella<\/strong>, ehem. CEO und VR-Pr\u00e4sident, Novartis<\/li>\n<\/ul>\n<p>&nbsp;<\/p>\n<h2>\u00d6ffentliche Veranstaltung:<\/h2>\n<p>18.45 &#8211; 20.30 Uhr<\/p>\n<ul style=\"list-style-type: circle;\">\n<li><strong>Edwin Eichler<\/strong>, VR-Pr\u00e4sident Schmolz + Bickenbach<\/li>\n<li><strong>Jan-Egbert Sturm<\/strong>, Professor und Direktor KOF Konjunkturforschungsstelle, ETH Z\u00fcrich<\/li>\n<\/ul>\n<p>&nbsp;<\/p>\n<h2>VIP Networking-Dinner<\/h2>\n<p>ab 20.30<\/p>\n<p><a href=\"http:\/\/www.europaforum.ch\/\" target=\"_blank\" rel=\"noopener\">Weitere Informationen und Anmeldungen &gt;&gt;&gt;<\/a><\/p>\n<p>&nbsp;<\/p>\n<p>&nbsp;<\/p>\n","protected":false},"excerpt":{"rendered":"<p>Wirtschafts-Symposium: 13.00 bis 17.30 Uhr &#8211; inkl. Mittags-Imbiss und Netzwerk-Ap\u00e9ro Jan Atteslander, Mitglied der Gesch\u00e4ftsleitung Economiesuisse Steven Erlanger, London Bureau Chief of The New York Times Company Barbara Kux, Verwaltungsr\u00e4tin bei Firmenich, Engie, Henkel, Total, Umicore, ehemalige Spitzenmanagerin globaler Konzerne Martina Larkin, Head of Europe and Eurasia, Member of the Executive Committee, World Economic Forum [&hellip;]<\/p>\n","protected":false},"author":3,"featured_media":1347,"comment_status":"open","ping_status":"open","sticky":false,"template":"","format":"standard","meta":{"_acf_changed":false,"_yoast_wpseo_focuskw":"Europa Forum","_yoast_wpseo_metadesc":"Lernen Sie am kommenden Europa Forum, mit welchen konkreten Ver\u00e4nderungen Schweizer Unternehmen in Zukunft rechnen m\u00fcssen","articlekey":"","footnotes":""},"categories":[1],"tags":[502],"class_list":["post-1323","post","type-post","status-publish","format-standard","has-post-thumbnail","hentry","category-allgemein","tag-veranstaltungen"],"acf":[],"yoast_head":"<!-- This site is optimized with the Yoast SEO plugin v27.5 - https:\/\/yoast.com\/product\/yoast-seo-wordpress\/ -->\n<title>Europa Forum Luzern: \u00abThe New Global Race\u00bb 15. Mai 2017 - Organisator<\/title>\n<meta name=\"description\" content=\"Lernen Sie am kommenden Europa Forum, mit welchen konkreten Ver\u00e4nderungen Schweizer Unternehmen in Zukunft rechnen m\u00fcssen\" \/>\n<meta name=\"robots\" content=\"index, follow, max-snippet:-1, max-image-preview:large, max-video-preview:-1\" \/>\n<link rel=\"canonical\" href=\"https:\/\/www.organisator.ch\/de\/allgemein\/2017-01-12\/europa-forum-luzern-the-new-global-race-15-mai-2017\/\" \/>\n<meta property=\"og:locale\" content=\"de_DE\" \/>\n<meta property=\"og:type\" content=\"article\" \/>\n<meta property=\"og:title\" content=\"Europa Forum Luzern: \u00abThe New Global Race\u00bb 15. Mai 2017 - Organisator\" \/>\n<meta property=\"og:description\" content=\"Lernen Sie am kommenden Europa Forum, mit welchen konkreten Ver\u00e4nderungen Schweizer Unternehmen in Zukunft rechnen m\u00fcssen\" \/>\n<meta property=\"og:url\" content=\"https:\/\/www.organisator.ch\/de\/allgemein\/2017-01-12\/europa-forum-luzern-the-new-global-race-15-mai-2017\/\" \/>\n<meta property=\"og:site_name\" content=\"Organisator\" \/>\n<meta property=\"article:publisher\" content=\"https:\/\/www.facebook.com\/OrganisatorFachmagazin\" \/>\n<meta property=\"article:published_time\" content=\"2017-01-12T11:50:07+00:00\" \/>\n<meta property=\"og:image\" content=\"https:\/\/www.organisator.ch\/wp-content\/uploads\/2017\/01\/Europa-Forum-KKL-Luzern.jpg\" \/>\n\t<meta property=\"og:image:width\" content=\"434\" \/>\n\t<meta property=\"og:image:height\" content=\"316\" \/>\n\t<meta property=\"og:image:type\" content=\"image\/jpeg\" \/>\n<meta name=\"author\" content=\"rolf.gubelmann\" \/>\n<meta name=\"twitter:card\" content=\"summary_large_image\" \/>\n<script type=\"application\/ld+json\" class=\"yoast-schema-graph\">{\"@context\":\"https:\\\/\\\/schema.org\",\"@graph\":[{\"@type\":\"Article\",\"@id\":\"https:\\\/\\\/www.organisator.ch\\\/en\\\/general\\\/2017-01-12\\\/europa-forum-luzern-the-new-global-race-15-mai-2017\\\/#article\",\"isPartOf\":{\"@id\":\"https:\\\/\\\/www.organisator.ch\\\/en\\\/general\\\/2017-01-12\\\/europa-forum-luzern-the-new-global-race-15-mai-2017\\\/\"},\"author\":{\"name\":\"rolf.gubelmann\",\"@id\":\"https:\\\/\\\/www.organisator.ch\\\/#\\\/schema\\\/person\\\/45f08e8c06c66547e93a857ae1cb42e6\"},\"headline\":\"Europa Forum Luzern: \u00abThe New Global Race\u00bb 15. Mai 2017\",\"datePublished\":\"2017-01-12T11:50:07+00:00\",\"mainEntityOfPage\":{\"@id\":\"https:\\\/\\\/www.organisator.ch\\\/en\\\/general\\\/2017-01-12\\\/europa-forum-luzern-the-new-global-race-15-mai-2017\\\/\"},\"wordCount\":146,\"commentCount\":0,\"publisher\":{\"@id\":\"https:\\\/\\\/www.organisator.ch\\\/#organization\"},\"image\":{\"@id\":\"https:\\\/\\\/www.organisator.ch\\\/en\\\/general\\\/2017-01-12\\\/europa-forum-luzern-the-new-global-race-15-mai-2017\\\/#primaryimage\"},\"thumbnailUrl\":\"https:\\\/\\\/www.organisator.ch\\\/wp-content\\\/uploads\\\/2017\\\/01\\\/Europa-Forum-KKL-Luzern.jpg\",\"keywords\":[\"Veranstaltungen\"],\"inLanguage\":\"de\"},{\"@type\":\"WebPage\",\"@id\":\"https:\\\/\\\/www.organisator.ch\\\/en\\\/general\\\/2017-01-12\\\/europa-forum-luzern-the-new-global-race-15-mai-2017\\\/\",\"url\":\"https:\\\/\\\/www.organisator.ch\\\/en\\\/general\\\/2017-01-12\\\/europa-forum-luzern-the-new-global-race-15-mai-2017\\\/\",\"name\":\"Europa Forum Luzern: \u00abThe New Global Race\u00bb 15. Mai 2017 - Organisator\",\"isPartOf\":{\"@id\":\"https:\\\/\\\/www.organisator.ch\\\/#website\"},\"primaryImageOfPage\":{\"@id\":\"https:\\\/\\\/www.organisator.ch\\\/en\\\/general\\\/2017-01-12\\\/europa-forum-luzern-the-new-global-race-15-mai-2017\\\/#primaryimage\"},\"image\":{\"@id\":\"https:\\\/\\\/www.organisator.ch\\\/en\\\/general\\\/2017-01-12\\\/europa-forum-luzern-the-new-global-race-15-mai-2017\\\/#primaryimage\"},\"thumbnailUrl\":\"https:\\\/\\\/www.organisator.ch\\\/wp-content\\\/uploads\\\/2017\\\/01\\\/Europa-Forum-KKL-Luzern.jpg\",\"datePublished\":\"2017-01-12T11:50:07+00:00\",\"description\":\"Lernen Sie am kommenden Europa Forum, mit welchen konkreten Ver\u00e4nderungen Schweizer Unternehmen in Zukunft rechnen m\u00fcssen\",\"breadcrumb\":{\"@id\":\"https:\\\/\\\/www.organisator.ch\\\/en\\\/general\\\/2017-01-12\\\/europa-forum-luzern-the-new-global-race-15-mai-2017\\\/#breadcrumb\"},\"inLanguage\":\"de\",\"potentialAction\":[{\"@type\":\"ReadAction\",\"target\":[\"https:\\\/\\\/www.organisator.ch\\\/en\\\/general\\\/2017-01-12\\\/europa-forum-luzern-the-new-global-race-15-mai-2017\\\/\"]}]},{\"@type\":\"ImageObject\",\"inLanguage\":\"de\",\"@id\":\"https:\\\/\\\/www.organisator.ch\\\/en\\\/general\\\/2017-01-12\\\/europa-forum-luzern-the-new-global-race-15-mai-2017\\\/#primaryimage\",\"url\":\"https:\\\/\\\/www.organisator.ch\\\/wp-content\\\/uploads\\\/2017\\\/01\\\/Europa-Forum-KKL-Luzern.jpg\",\"contentUrl\":\"https:\\\/\\\/www.organisator.ch\\\/wp-content\\\/uploads\\\/2017\\\/01\\\/Europa-Forum-KKL-Luzern.jpg\",\"width\":434,\"height\":316},{\"@type\":\"BreadcrumbList\",\"@id\":\"https:\\\/\\\/www.organisator.ch\\\/en\\\/general\\\/2017-01-12\\\/europa-forum-luzern-the-new-global-race-15-mai-2017\\\/#breadcrumb\",\"itemListElement\":[{\"@type\":\"ListItem\",\"position\":1,\"name\":\"Home\",\"item\":\"https:\\\/\\\/www.organisator.ch\\\/\"},{\"@type\":\"ListItem\",\"position\":2,\"name\":\"Europa Forum Luzern: \u00abThe New Global Race\u00bb 15. Mai 2017\"}]},{\"@type\":\"WebSite\",\"@id\":\"https:\\\/\\\/www.organisator.ch\\\/#website\",\"url\":\"https:\\\/\\\/www.organisator.ch\\\/\",\"name\":\"Organisator\",\"description\":\"Kompetent. Praxisnah. Der ORGANISATOR bereitet in 10 Ausgaben pro Jahr die wesentlichen Themen f\u00fcr F\u00fchrungskr\u00e4fte von KMU auf.\",\"publisher\":{\"@id\":\"https:\\\/\\\/www.organisator.ch\\\/#organization\"},\"potentialAction\":[{\"@type\":\"SearchAction\",\"target\":{\"@type\":\"EntryPoint\",\"urlTemplate\":\"https:\\\/\\\/www.organisator.ch\\\/?s={search_term_string}\"},\"query-input\":{\"@type\":\"PropertyValueSpecification\",\"valueRequired\":true,\"valueName\":\"search_term_string\"}}],\"inLanguage\":\"de\"},{\"@type\":\"Organization\",\"@id\":\"https:\\\/\\\/www.organisator.ch\\\/#organization\",\"name\":\"Organisator\",\"url\":\"https:\\\/\\\/www.organisator.ch\\\/\",\"logo\":{\"@type\":\"ImageObject\",\"inLanguage\":\"de\",\"@id\":\"https:\\\/\\\/www.organisator.ch\\\/#\\\/schema\\\/logo\\\/image\\\/\",\"url\":\"https:\\\/\\\/www.organisator.ch\\\/wp-content\\\/uploads\\\/2022\\\/01\\\/Logo_Organisator_Website.png\",\"contentUrl\":\"https:\\\/\\\/www.organisator.ch\\\/wp-content\\\/uploads\\\/2022\\\/01\\\/Logo_Organisator_Website.png\",\"width\":800,\"height\":77,\"caption\":\"Organisator\"},\"image\":{\"@id\":\"https:\\\/\\\/www.organisator.ch\\\/#\\\/schema\\\/logo\\\/image\\\/\"},\"sameAs\":[\"https:\\\/\\\/www.facebook.com\\\/OrganisatorFachmagazin\",\"https:\\\/\\\/www.linkedin.com\\\/showcase\\\/organisator-das-magazin-fr-kmu\",\"https:\\\/\\\/www.xing.com\\\/news\\\/pages\\\/organisator-ch-695\",\"https:\\\/\\\/www.youtube.com\\\/channel\\\/UCGP2Sq0iWaZwT3BdIAQFYpw\"]},{\"@type\":\"Person\",\"@id\":\"https:\\\/\\\/www.organisator.ch\\\/#\\\/schema\\\/person\\\/45f08e8c06c66547e93a857ae1cb42e6\",\"name\":\"rolf.gubelmann\",\"image\":{\"@type\":\"ImageObject\",\"inLanguage\":\"de\",\"@id\":\"https:\\\/\\\/secure.gravatar.com\\\/avatar\\\/?s=96&d=mm&r=g\",\"url\":\"https:\\\/\\\/secure.gravatar.com\\\/avatar\\\/?s=96&d=mm&r=g\",\"contentUrl\":\"https:\\\/\\\/secure.gravatar.com\\\/avatar\\\/?s=96&d=mm&r=g\",\"caption\":\"rolf.gubelmann\"},\"url\":\"https:\\\/\\\/www.organisator.ch\\\/de\\\/author\\\/rolf-gubelmann\\\/\"}]}<\/script>\n<!-- \/ Yoast SEO plugin. -->","yoast_head_json":{"title":"Europa Forum Luzern: \u00abThe New Global Race\u00bb 15. Mai 2017 - Organisator","description":"Lernen Sie am kommenden Europa Forum, mit welchen konkreten Ver\u00e4nderungen Schweizer Unternehmen in Zukunft rechnen m\u00fcssen","robots":{"index":"index","follow":"follow","max-snippet":"max-snippet:-1","max-image-preview":"max-image-preview:large","max-video-preview":"max-video-preview:-1"},"canonical":"https:\/\/www.organisator.ch\/de\/allgemein\/2017-01-12\/europa-forum-luzern-the-new-global-race-15-mai-2017\/","og_locale":"de_DE","og_type":"article","og_title":"Europa Forum Luzern: \u00abThe New Global Race\u00bb 15. Mai 2017 - Organisator","og_description":"Lernen Sie am kommenden Europa Forum, mit welchen konkreten Ver\u00e4nderungen Schweizer Unternehmen in Zukunft rechnen m\u00fcssen","og_url":"https:\/\/www.organisator.ch\/de\/allgemein\/2017-01-12\/europa-forum-luzern-the-new-global-race-15-mai-2017\/","og_site_name":"Organisator","article_publisher":"https:\/\/www.facebook.com\/OrganisatorFachmagazin","article_published_time":"2017-01-12T11:50:07+00:00","og_image":[{"width":434,"height":316,"url":"https:\/\/www.organisator.ch\/wp-content\/uploads\/2017\/01\/Europa-Forum-KKL-Luzern.jpg","type":"image\/jpeg"}],"author":"rolf.gubelmann","twitter_card":"summary_large_image","schema":{"@context":"https:\/\/schema.org","@graph":[{"@type":"Article","@id":"https:\/\/www.organisator.ch\/en\/general\/2017-01-12\/europa-forum-luzern-the-new-global-race-15-mai-2017\/#article","isPartOf":{"@id":"https:\/\/www.organisator.ch\/en\/general\/2017-01-12\/europa-forum-luzern-the-new-global-race-15-mai-2017\/"},"author":{"name":"rolf.gubelmann","@id":"https:\/\/www.organisator.ch\/#\/schema\/person\/45f08e8c06c66547e93a857ae1cb42e6"},"headline":"Europa Forum Luzern: \u00abThe New Global Race\u00bb 15. Mai 2017","datePublished":"2017-01-12T11:50:07+00:00","mainEntityOfPage":{"@id":"https:\/\/www.organisator.ch\/en\/general\/2017-01-12\/europa-forum-luzern-the-new-global-race-15-mai-2017\/"},"wordCount":146,"commentCount":0,"publisher":{"@id":"https:\/\/www.organisator.ch\/#organization"},"image":{"@id":"https:\/\/www.organisator.ch\/en\/general\/2017-01-12\/europa-forum-luzern-the-new-global-race-15-mai-2017\/#primaryimage"},"thumbnailUrl":"https:\/\/www.organisator.ch\/wp-content\/uploads\/2017\/01\/Europa-Forum-KKL-Luzern.jpg","keywords":["Veranstaltungen"],"inLanguage":"de"},{"@type":"WebPage","@id":"https:\/\/www.organisator.ch\/en\/general\/2017-01-12\/europa-forum-luzern-the-new-global-race-15-mai-2017\/","url":"https:\/\/www.organisator.ch\/en\/general\/2017-01-12\/europa-forum-luzern-the-new-global-race-15-mai-2017\/","name":"Europa Forum Luzern: \u00abThe New Global Race\u00bb 15. Mai 2017 - Organisator","isPartOf":{"@id":"https:\/\/www.organisator.ch\/#website"},"primaryImageOfPage":{"@id":"https:\/\/www.organisator.ch\/en\/general\/2017-01-12\/europa-forum-luzern-the-new-global-race-15-mai-2017\/#primaryimage"},"image":{"@id":"https:\/\/www.organisator.ch\/en\/general\/2017-01-12\/europa-forum-luzern-the-new-global-race-15-mai-2017\/#primaryimage"},"thumbnailUrl":"https:\/\/www.organisator.ch\/wp-content\/uploads\/2017\/01\/Europa-Forum-KKL-Luzern.jpg","datePublished":"2017-01-12T11:50:07+00:00","description":"Lernen Sie am kommenden Europa Forum, mit welchen konkreten Ver\u00e4nderungen Schweizer Unternehmen in Zukunft rechnen m\u00fcssen","breadcrumb":{"@id":"https:\/\/www.organisator.ch\/en\/general\/2017-01-12\/europa-forum-luzern-the-new-global-race-15-mai-2017\/#breadcrumb"},"inLanguage":"de","potentialAction":[{"@type":"ReadAction","target":["https:\/\/www.organisator.ch\/en\/general\/2017-01-12\/europa-forum-luzern-the-new-global-race-15-mai-2017\/"]}]},{"@type":"ImageObject","inLanguage":"de","@id":"https:\/\/www.organisator.ch\/en\/general\/2017-01-12\/europa-forum-luzern-the-new-global-race-15-mai-2017\/#primaryimage","url":"https:\/\/www.organisator.ch\/wp-content\/uploads\/2017\/01\/Europa-Forum-KKL-Luzern.jpg","contentUrl":"https:\/\/www.organisator.ch\/wp-content\/uploads\/2017\/01\/Europa-Forum-KKL-Luzern.jpg","width":434,"height":316},{"@type":"BreadcrumbList","@id":"https:\/\/www.organisator.ch\/en\/general\/2017-01-12\/europa-forum-luzern-the-new-global-race-15-mai-2017\/#breadcrumb","itemListElement":[{"@type":"ListItem","position":1,"name":"Home","item":"https:\/\/www.organisator.ch\/"},{"@type":"ListItem","position":2,"name":"Europa Forum Luzern: \u00abThe New Global Race\u00bb 15. Mai 2017"}]},{"@type":"WebSite","@id":"https:\/\/www.organisator.ch\/#website","url":"https:\/\/www.organisator.ch\/","name":"Organisator","description":"Kompetent. Praxisnah. Der ORGANISATOR bereitet in 10 Ausgaben pro Jahr die wesentlichen Themen f\u00fcr F\u00fchrungskr\u00e4fte von KMU auf.","publisher":{"@id":"https:\/\/www.organisator.ch\/#organization"},"potentialAction":[{"@type":"SearchAction","target":{"@type":"EntryPoint","urlTemplate":"https:\/\/www.organisator.ch\/?s={search_term_string}"},"query-input":{"@type":"PropertyValueSpecification","valueRequired":true,"valueName":"search_term_string"}}],"inLanguage":"de"},{"@type":"Organization","@id":"https:\/\/www.organisator.ch\/#organization","name":"Organisator","url":"https:\/\/www.organisator.ch\/","logo":{"@type":"ImageObject","inLanguage":"de","@id":"https:\/\/www.organisator.ch\/#\/schema\/logo\/image\/","url":"https:\/\/www.organisator.ch\/wp-content\/uploads\/2022\/01\/Logo_Organisator_Website.png","contentUrl":"https:\/\/www.organisator.ch\/wp-content\/uploads\/2022\/01\/Logo_Organisator_Website.png","width":800,"height":77,"caption":"Organisator"},"image":{"@id":"https:\/\/www.organisator.ch\/#\/schema\/logo\/image\/"},"sameAs":["https:\/\/www.facebook.com\/OrganisatorFachmagazin","https:\/\/www.linkedin.com\/showcase\/organisator-das-magazin-fr-kmu","https:\/\/www.xing.com\/news\/pages\/organisator-ch-695","https:\/\/www.youtube.com\/channel\/UCGP2Sq0iWaZwT3BdIAQFYpw"]},{"@type":"Person","@id":"https:\/\/www.organisator.ch\/#\/schema\/person\/45f08e8c06c66547e93a857ae1cb42e6","name":"rolf.gubelmann","image":{"@type":"ImageObject","inLanguage":"de","@id":"https:\/\/secure.gravatar.com\/avatar\/?s=96&d=mm&r=g","url":"https:\/\/secure.gravatar.com\/avatar\/?s=96&d=mm&r=g","contentUrl":"https:\/\/secure.gravatar.com\/avatar\/?s=96&d=mm&r=g","caption":"rolf.gubelmann"},"url":"https:\/\/www.organisator.ch\/de\/author\/rolf-gubelmann\/"}]}},"_links":{"self":[{"href":"https:\/\/www.organisator.ch\/de\/wp-json\/wp\/v2\/posts\/1323","targetHints":{"allow":["GET"]}}],"collection":[{"href":"https:\/\/www.organisator.ch\/de\/wp-json\/wp\/v2\/posts"}],"about":[{"href":"https:\/\/www.organisator.ch\/de\/wp-json\/wp\/v2\/types\/post"}],"author":[{"embeddable":true,"href":"https:\/\/www.organisator.ch\/de\/wp-json\/wp\/v2\/users\/3"}],"replies":[{"embeddable":true,"href":"https:\/\/www.organisator.ch\/de\/wp-json\/wp\/v2\/comments?post=1323"}],"version-history":[{"count":0,"href":"https:\/\/www.organisator.ch\/de\/wp-json\/wp\/v2\/posts\/1323\/revisions"}],"wp:featuredmedia":[{"embeddable":true,"href":"https:\/\/www.organisator.ch\/de\/wp-json\/wp\/v2\/media\/1347"}],"wp:attachment":[{"href":"https:\/\/www.organisator.ch\/de\/wp-json\/wp\/v2\/media?parent=1323"}],"wp:term":[{"taxonomy":"category","embeddable":true,"href":"https:\/\/www.organisator.ch\/de\/wp-json\/wp\/v2\/categories?post=1323"},{"taxonomy":"post_tag","embeddable":true,"href":"https:\/\/www.organisator.ch\/de\/wp-json\/wp\/v2\/tags?post=1323"}],"curies":[{"name":"wp","href":"https:\/\/api.w.org\/{rel}","templated":true}]}}