{"id":13410,"date":"2022-06-08T10:24:34","date_gmt":"2022-06-08T08:24:34","guid":{"rendered":"https:\/\/www.organisator.ch\/?p=13410"},"modified":"2022-06-08T10:24:34","modified_gmt":"2022-06-08T08:24:34","slug":"brennpunkt-supply-chain-neubeurteilung-der-logistik-notwendig","status":"publish","type":"post","link":"https:\/\/www.organisator.ch\/de\/operational-excellence\/2022-06-08\/brennpunkt-supply-chain-neubeurteilung-der-logistik-notwendig\/","title":{"rendered":"Brennpunkt Supply Chain: Neubeurteilung der Logistik notwendig"},"content":{"rendered":"<figure id=\"attachment_13411\" aria-describedby=\"caption-attachment-13411\" style=\"width: 925px\" class=\"wp-caption alignnone\"><img loading=\"lazy\" decoding=\"async\" class=\"size-full wp-image-13411\" src=\"https:\/\/www.organisator.ch\/wp-content\/uploads\/2022\/06\/Organisator-Brennpunkt-Supply-Chain-Neubeurteilung-der-Logistik-notwendig.jpg\" alt=\"\" width=\"925\" height=\"668\" srcset=\"https:\/\/www.organisator.ch\/wp-content\/uploads\/2022\/06\/Organisator-Brennpunkt-Supply-Chain-Neubeurteilung-der-Logistik-notwendig.jpg 925w, https:\/\/www.organisator.ch\/wp-content\/uploads\/2022\/06\/Organisator-Brennpunkt-Supply-Chain-Neubeurteilung-der-Logistik-notwendig-680x491.jpg 680w, https:\/\/www.organisator.ch\/wp-content\/uploads\/2022\/06\/Organisator-Brennpunkt-Supply-Chain-Neubeurteilung-der-Logistik-notwendig-768x555.jpg 768w, https:\/\/www.organisator.ch\/wp-content\/uploads\/2022\/06\/Organisator-Brennpunkt-Supply-Chain-Neubeurteilung-der-Logistik-notwendig-18x12.jpg 18w, https:\/\/www.organisator.ch\/wp-content\/uploads\/2022\/06\/Organisator-Brennpunkt-Supply-Chain-Neubeurteilung-der-Logistik-notwendig-242x175.jpg 242w, https:\/\/www.organisator.ch\/wp-content\/uploads\/2022\/06\/Organisator-Brennpunkt-Supply-Chain-Neubeurteilung-der-Logistik-notwendig-485x350.jpg 485w, https:\/\/www.organisator.ch\/wp-content\/uploads\/2022\/06\/Organisator-Brennpunkt-Supply-Chain-Neubeurteilung-der-Logistik-notwendig-920x664.jpg 920w, https:\/\/www.organisator.ch\/wp-content\/uploads\/2022\/06\/Organisator-Brennpunkt-Supply-Chain-Neubeurteilung-der-Logistik-notwendig-300x217.jpg 300w\" sizes=\"auto, (max-width: 925px) 100vw, 925px\" \/><figcaption id=\"caption-attachment-13411\" class=\"wp-caption-text\">Patrick K\u00f6pfli, seit 15 Jahren Gesch\u00e4ftsleiter von Prologist AG.<br \/>Bild: PROLOGIST AG<\/figcaption><\/figure>\n<p>Logistik ist in aller Munde: F\u00fcr viele wurde ihre Bedeutung erst recht w\u00e4hrend der Pandemie offensichtlich, als Lieferketten unterbrochen wurden. Die Bedeutung der Logistik wird gem\u00e4ss Patrick K\u00f6pfli, Gesch\u00e4ftsleiter von Prologist AG, noch zunehmen. Die Digitalisierung wird Prozesse beschleunigen \u2013 etwas, was sein Unternehmen schon l\u00e4ngst erkannt hat.<\/p>\n<h3>Herr K\u00f6pfli, wie hat sich die Logistikbranche in den drei Jahrzehnten des Bestehens von Prologist AG ver\u00e4ndert?<\/h3>\n<p>PATRICK K\u00d6PFLI: 30 Jahre sind eine sehr lange Zeit. Damals, beim Start 1992 durch meinen Vater Stephan K\u00f6pfli, da gab es praktisch noch kein Internet, nur wenig Mobiltelefone, und die Logistik lief unbemerkt ab, fast nur im Hintergrund der Wirtschaft. Pers\u00f6nlich f\u00fchre ich das Unternehmen nun seit 15 Jahren. Was wir sehen, ist ein rasanter Wandel, der die Branche gepr\u00e4gt hat und es immer noch tut. Der Wandel bedurfte f\u00fcr die Logistiker stets einer Anpassung ihrer Strategie, damit sie f\u00fcr die Kundenbed\u00fcrfnisse bereit waren. Diese Weiterentwicklung mit Globalisierung, Digitalisierung und Erweiterung der Wertsch\u00f6pfungsketten f\u00fchrt uns heute wieder zu lokalen Leistungsschwerpunkten, vor allem f\u00fcr umfassende, individuelle Logistikl\u00f6sungen. Dies umfasst alles von Wareneingang, Lagerung, Kommissionierung \u00fcber Komponentenmontage, Verpacken bis zur Versandbereitstellung und zur Organisation und Disposition der Transporte. Wir nennen das Logistik 360 Grad \u2013 heute meist integriert in zertifizierte und individualisierte Kundenprozesse.<\/p>\n<h3>Welche Ver\u00e4nderungen wogen besonders schwer, gerade f\u00fcr einen kleinen Logistikdienstleister wie Prologist?<\/h3>\n<p>F\u00fcr uns als Kleinstunternehmen sind die Kunden mit ihren Bed\u00fcrfnissen eine enorme Herausforderung, aber eben auch wirklich eine grosse Chance. Sitzen doch sie wie wir im gleichen Boot und sind in Wirtschaft und Politik, mit all ihren Herausforderungen, quasi eingebettet. Sie haben schon recht: Die Zeiten waren nicht immer einfach. Grosse Auftragsschwankungen, laufend steigende Kosten, die Vorinvestitionen in unsere Lagerinfrastrukturen, Auf und Ab in Marktund W\u00e4hrungssituationen, dann Handelskriege \u2013 und mitten in diesen Verwerfungen finden wir uns mit unseren eigenen. Aber wirklich schwerwiegend und entscheidend war und ist immer mehr die Digitalisierung. F\u00fcr uns ist es kein neuer Trend. Wir pflegen dieses Thema quasi schleichend seit nun eben 30 Jahren. Die Logistikprozesse, besonders die Informationen dar\u00fcber, sind f\u00fcr den Kunden von jeher von grosser Bedeutung. Diese Daten, zu nutzbaren Informationen aufbereitet, erleichtern unseren Kunden das Managen ihrer Logistik. Dies sicherzustellen ist f\u00fcr uns eine Pflicht. Fr\u00fcher gen\u00fcgten monatliche Reports aus dem Lagerverwaltungssystem, dann wurden sie w\u00f6chentlich und sp\u00e4ter t\u00e4glich verlangt und genutzt. Entwicklung, Anspr\u00fcche, die technologische Machbarkeit und schliesslich der Nutzen, diese Informationen im Sekundentakt abrufen zu k\u00f6nnen, brachten uns zum heutigen Stand der Digitalisierung. Und das geht weiter so. Aber unsere Mitarbeitenden braucht es zum Gl\u00fcck immer noch. Denn nur mit einem individuellen, pers\u00f6nlichen Engagement, um allenfalls technische Schnittstellen im Prozess zu \u00fcberbr\u00fccken, gelingt eine \u00abLogistikdigitalisierung 360 Grad\u00bb.<\/p>\n<h3>Wie geht Ihr Unternehmen derzeit mit unterbrochenen Lieferketten um?<\/h3>\n<p>Generell ist nicht von einer Entspannung auszugehen, eher von einer weiteren Versch\u00e4rfung der aktuellen Situation. Rohstoff-, Energieund Transportkosten entlang unserer Logistikwertsch\u00f6pfungskette sind massiv gestiegen. Und da sind noch die unterbrochenen Lieferketten und die noch nicht abgeklungene Pandemie \u2013 und schon sind die Auswirkungen des Krieges und internationale Spannungen unsere neue Herausforderung. Aktives, schnelles Antizipieren und vorsichtige Planung in Investitionen und \u2013 sehr wichtig \u2013 eine intensive Kommunikation mit unseren Kunden sind unsere Schwerpunkte, um diese schwierigen Zeiten zu meistern.<\/p>\n<h3>Welche Unterst\u00fctzung kann Prologist Kunden f\u00fcr mehr Stabilit\u00e4t in ihrer Logistik bieten?<\/h3>\n<p>Die Logistik steht mehr denn je im Brennpunkt von Supply Chain. Es sind nicht nur Produkte, die aufgrund von Lieferengp\u00e4ssen nicht mehr hergestellt werden k\u00f6nnen, auch die Wartung und Reparatur von Maschinen und Fahrzeugen ist eingeschr\u00e4nkt. Eine Neubeurteilung der Logistik ist deshalb notwendig und sie zeigt, dass ein Teil der Risiken wie Engp\u00e4sse, Verwerfungen in Transportketten oder gar Fabrikationsunterbr\u00fcche mit verbesserter Planung f\u00fcr Lager- und Warenmanagement, gr\u00f6sseren Lagerbest\u00e4nden und flexibleren, individuellen Logistik-Services ein wenig ausgeglichen werden kann. Mit diesen Zusatzleistungen unterst\u00fctzen wir bisherige und neue Kunden eben auch in diesen Zeiten.<\/p>\n<h3>Ihre Tipps an Logistikkunden: Worauf muss derzeit besonders geachtet werden?<\/h3>\n<p>Aus Sicht der Logistik erweitert beispielsweise die Digitalisierung die Produktpalette und f\u00fcgt neue Funktionen hinzu. Darauf sollten unsere Kunden achten. Stand fr\u00fcher das physische Produkt im Fokus, steigt der Dienstleistungsanteil am Produkt mit generellen Produkte-Services und den neuen M\u00f6glichkeiten der Digitalisierung. Traditionelle Produktionsunternehmen m\u00fcssen sich diesen Ver\u00e4nderungen anpassen, um eben wiederum ihre Kunden zu begeistern und ihre Marktposition zu sichern. Wir von der Logistik k\u00f6nnen da mit spezifischen Services diese Kundenherausforderung proaktiv angehen und so deren Logistikprozesse besser und schneller einbinden.<\/p>\n<h3>Wie sieht denn die Zukunft der Logistik aus?<\/h3>\n<p>In Logistik und Supply Chain greifen bis in wohl 20 Jahren unterschiedliche Faktoren. Bestimmte Standards werden etabliert bleiben und einige neue Themen werden sich durchsetzen. Auch dann dominieren Standard-Seecontainer und Europaletten weiter die physische Logistik. Ebenso werden Papier und Karton sowie Plastik weiterhin eingesetzt. Zunehmen wird wohl ein orchestrierter Datenaustausch, um Prognosef\u00e4higkeiten und autonome Entscheidungen entlang der gesamten Supply Chain zu erm\u00f6glichen und damit Vorteile f\u00fcr alle Akteure zu erzielen. Kunden werden verst\u00e4rkt eine gr\u00fcne Logistik einfordern. Nachhaltigkeit wird zum kritischen Erfolgsfaktor f\u00fcr Unternehmen werden \u2013 die R\u00fcckf\u00fchrungslogistik steht ja schon heute im Fokus.<\/p>\n<h3>Was sind die unternehmerischen Ziele von Prologist AG f\u00fcr die folgenden Monate und Jahre?<\/h3>\n<p>Wir streben danach, massgeschneidert unseren Kunden den bestm\u00f6glichen, individuellen Service f\u00fcr Logistik und Technik zu bieten. Das heisst denn auch, eine stabile und sichere Logistikbasis mit allen Funktionalit\u00e4ten, auch durch schwierige Zeiten hindurch, sicherzustellen. Diese Sicherheit und die Verl\u00e4sslichkeit sind Qualit\u00e4ten, die unsere Kunden sehr sch\u00e4tzen. Wir sind dann so eine Art \u00abzuverl\u00e4ssiger Puffer\u00bb f\u00fcr ihre Wertsch\u00f6pfungsketten. Das sind unsere t\u00e4glichen Ziele und es ist uns wichtig, einen Mehrwert direkt in unsere LogistikServices zu integrieren. Dies umfasst auch den nahtlosen Transfer in die Digitalisierung, in alle Teilprozesse unserer Infrastrukturen und, wo immer m\u00f6glich, in die Kundenprojekte.<\/p>\n<h2>Prologist AG<\/h2>\n<p>Prologist ist seit 1992 ein Dienstleister f\u00fcr umfassende Logistik- und Technikl\u00f6sungen, die praktisch alle Bed\u00fcrfnisse und Perspektiven abdecken k\u00f6nnen. Inzwischen konnte das Unternehmen \u00fcber 200 erfolgreiche Logistikprojekte umsetzen in Bereichen wie IT-unterst\u00fctzte Lagersysteme, Reverse Logistics, Ersatzteillogistik, IT-Rollouts und anderem mehr.<br \/>\n&gt; <a href=\"https:\/\/www.prologist.ch\/\">www.prologist.ch<\/a><\/p>\n","protected":false},"excerpt":{"rendered":"<p>Logistik ist in aller Munde: F\u00fcr viele wurde ihre Bedeutung erst recht w\u00e4hrend der Pandemie offensichtlich, als Lieferketten unterbrochen wurden. Die Bedeutung der Logistik wird gem\u00e4ss Patrick K\u00f6pfli, Gesch\u00e4ftsleiter von Prologist AG, noch zunehmen. Die Digitalisierung wird Prozesse beschleunigen \u2013 etwas, was sein Unternehmen schon l\u00e4ngst erkannt hat. Herr K\u00f6pfli, wie hat sich die Logistikbranche [&hellip;]<\/p>\n","protected":false},"author":1,"featured_media":13411,"comment_status":"closed","ping_status":"closed","sticky":false,"template":"","format":"standard","meta":{"_acf_changed":false,"_yoast_wpseo_focuskw":"Brennpunkt Supply Chain","_yoast_wpseo_metadesc":"Brennpunkt Supply Chain: \u00dcber Logistik gestern, heute und morgen unterhielten wir uns mit Patrick K\u00f6pfli von Prologist AG.","articlekey":"","footnotes":""},"categories":[582],"tags":[2910,328,462,492],"class_list":["post-13410","post","type-post","status-publish","format-standard","has-post-thumbnail","hentry","category-operational-excellence","tag-ausgabe-5-6-2022","tag-logistik","tag-supply-chain-management","tag-unternehmen"],"acf":[],"yoast_head":"<!-- This site is optimized with the Yoast SEO plugin v27.5 - https:\/\/yoast.com\/product\/yoast-seo-wordpress\/ -->\n<title>Brennpunkt Supply Chain: Neubeurteilung der Logistik notwendig - Organisator<\/title>\n<meta name=\"description\" content=\"Brennpunkt Supply Chain: \u00dcber Logistik gestern, heute und morgen unterhielten wir uns mit Patrick K\u00f6pfli von Prologist AG.\" \/>\n<meta name=\"robots\" content=\"index, follow, max-snippet:-1, max-image-preview:large, max-video-preview:-1\" \/>\n<link rel=\"canonical\" href=\"https:\/\/www.organisator.ch\/de\/operational-excellence\/2022-06-08\/brennpunkt-supply-chain-neubeurteilung-der-logistik-notwendig\/\" \/>\n<meta property=\"og:locale\" content=\"de_DE\" \/>\n<meta property=\"og:type\" content=\"article\" \/>\n<meta property=\"og:title\" content=\"Brennpunkt Supply Chain: Neubeurteilung der Logistik notwendig - Organisator\" \/>\n<meta property=\"og:description\" content=\"Brennpunkt Supply Chain: \u00dcber Logistik gestern, heute und morgen unterhielten wir uns mit Patrick K\u00f6pfli von Prologist AG.\" \/>\n<meta property=\"og:url\" content=\"https:\/\/www.organisator.ch\/de\/operational-excellence\/2022-06-08\/brennpunkt-supply-chain-neubeurteilung-der-logistik-notwendig\/\" \/>\n<meta property=\"og:site_name\" content=\"Organisator\" \/>\n<meta property=\"article:publisher\" content=\"https:\/\/www.facebook.com\/OrganisatorFachmagazin\" \/>\n<meta property=\"article:published_time\" content=\"2022-06-08T08:24:34+00:00\" \/>\n<meta property=\"og:image\" content=\"https:\/\/www.organisator.ch\/wp-content\/uploads\/2022\/06\/Organisator-Brennpunkt-Supply-Chain-Neubeurteilung-der-Logistik-notwendig.jpg\" \/>\n\t<meta property=\"og:image:width\" content=\"925\" \/>\n\t<meta property=\"og:image:height\" content=\"668\" \/>\n\t<meta property=\"og:image:type\" content=\"image\/jpeg\" \/>\n<meta name=\"author\" content=\"admin\" \/>\n<meta name=\"twitter:card\" content=\"summary_large_image\" \/>\n<script type=\"application\/ld+json\" class=\"yoast-schema-graph\">{\"@context\":\"https:\\\/\\\/schema.org\",\"@graph\":[{\"@type\":\"Article\",\"@id\":\"https:\\\/\\\/www.organisator.ch\\\/operational-excellence\\\/2022-06-08\\\/brennpunkt-supply-chain-neubeurteilung-der-logistik-notwendig\\\/#article\",\"isPartOf\":{\"@id\":\"https:\\\/\\\/www.organisator.ch\\\/operational-excellence\\\/2022-06-08\\\/brennpunkt-supply-chain-neubeurteilung-der-logistik-notwendig\\\/\"},\"author\":{\"name\":\"admin\",\"@id\":\"https:\\\/\\\/www.organisator.ch\\\/#\\\/schema\\\/person\\\/aa2bace6c5c5aad60102004a50c4eb1c\"},\"headline\":\"Brennpunkt Supply Chain: Neubeurteilung der Logistik notwendig\",\"datePublished\":\"2022-06-08T08:24:34+00:00\",\"mainEntityOfPage\":{\"@id\":\"https:\\\/\\\/www.organisator.ch\\\/operational-excellence\\\/2022-06-08\\\/brennpunkt-supply-chain-neubeurteilung-der-logistik-notwendig\\\/\"},\"wordCount\":1072,\"publisher\":{\"@id\":\"https:\\\/\\\/www.organisator.ch\\\/#organization\"},\"image\":{\"@id\":\"https:\\\/\\\/www.organisator.ch\\\/operational-excellence\\\/2022-06-08\\\/brennpunkt-supply-chain-neubeurteilung-der-logistik-notwendig\\\/#primaryimage\"},\"thumbnailUrl\":\"https:\\\/\\\/www.organisator.ch\\\/wp-content\\\/uploads\\\/2022\\\/06\\\/Organisator-Brennpunkt-Supply-Chain-Neubeurteilung-der-Logistik-notwendig.jpg\",\"keywords\":[\"Ausgabe 5-6\\\/2022\",\"Logistik\",\"Supply Chain Management\",\"Unternehmen\"],\"articleSection\":[\"OPERATIONAL EXCELLENCE\"],\"inLanguage\":\"de\"},{\"@type\":\"WebPage\",\"@id\":\"https:\\\/\\\/www.organisator.ch\\\/operational-excellence\\\/2022-06-08\\\/brennpunkt-supply-chain-neubeurteilung-der-logistik-notwendig\\\/\",\"url\":\"https:\\\/\\\/www.organisator.ch\\\/operational-excellence\\\/2022-06-08\\\/brennpunkt-supply-chain-neubeurteilung-der-logistik-notwendig\\\/\",\"name\":\"Brennpunkt Supply Chain: Neubeurteilung der Logistik notwendig - Organisator\",\"isPartOf\":{\"@id\":\"https:\\\/\\\/www.organisator.ch\\\/#website\"},\"primaryImageOfPage\":{\"@id\":\"https:\\\/\\\/www.organisator.ch\\\/operational-excellence\\\/2022-06-08\\\/brennpunkt-supply-chain-neubeurteilung-der-logistik-notwendig\\\/#primaryimage\"},\"image\":{\"@id\":\"https:\\\/\\\/www.organisator.ch\\\/operational-excellence\\\/2022-06-08\\\/brennpunkt-supply-chain-neubeurteilung-der-logistik-notwendig\\\/#primaryimage\"},\"thumbnailUrl\":\"https:\\\/\\\/www.organisator.ch\\\/wp-content\\\/uploads\\\/2022\\\/06\\\/Organisator-Brennpunkt-Supply-Chain-Neubeurteilung-der-Logistik-notwendig.jpg\",\"datePublished\":\"2022-06-08T08:24:34+00:00\",\"description\":\"Brennpunkt Supply Chain: \u00dcber Logistik gestern, heute und morgen unterhielten wir uns mit Patrick K\u00f6pfli von Prologist AG.\",\"breadcrumb\":{\"@id\":\"https:\\\/\\\/www.organisator.ch\\\/operational-excellence\\\/2022-06-08\\\/brennpunkt-supply-chain-neubeurteilung-der-logistik-notwendig\\\/#breadcrumb\"},\"inLanguage\":\"de\",\"potentialAction\":[{\"@type\":\"ReadAction\",\"target\":[\"https:\\\/\\\/www.organisator.ch\\\/operational-excellence\\\/2022-06-08\\\/brennpunkt-supply-chain-neubeurteilung-der-logistik-notwendig\\\/\"]}]},{\"@type\":\"ImageObject\",\"inLanguage\":\"de\",\"@id\":\"https:\\\/\\\/www.organisator.ch\\\/operational-excellence\\\/2022-06-08\\\/brennpunkt-supply-chain-neubeurteilung-der-logistik-notwendig\\\/#primaryimage\",\"url\":\"https:\\\/\\\/www.organisator.ch\\\/wp-content\\\/uploads\\\/2022\\\/06\\\/Organisator-Brennpunkt-Supply-Chain-Neubeurteilung-der-Logistik-notwendig.jpg\",\"contentUrl\":\"https:\\\/\\\/www.organisator.ch\\\/wp-content\\\/uploads\\\/2022\\\/06\\\/Organisator-Brennpunkt-Supply-Chain-Neubeurteilung-der-Logistik-notwendig.jpg\",\"width\":925,\"height\":668,\"caption\":\"Patrick K\u00f6pfli, seit 15 Jahren Gesch\u00e4ftsleiter von Prologist AG. Bild: PROLOGIST AG\"},{\"@type\":\"BreadcrumbList\",\"@id\":\"https:\\\/\\\/www.organisator.ch\\\/operational-excellence\\\/2022-06-08\\\/brennpunkt-supply-chain-neubeurteilung-der-logistik-notwendig\\\/#breadcrumb\",\"itemListElement\":[{\"@type\":\"ListItem\",\"position\":1,\"name\":\"Home\",\"item\":\"https:\\\/\\\/www.organisator.ch\\\/\"},{\"@type\":\"ListItem\",\"position\":2,\"name\":\"Brennpunkt Supply Chain: Neubeurteilung der Logistik notwendig\"}]},{\"@type\":\"WebSite\",\"@id\":\"https:\\\/\\\/www.organisator.ch\\\/#website\",\"url\":\"https:\\\/\\\/www.organisator.ch\\\/\",\"name\":\"Organisator\",\"description\":\"Kompetent. Praxisnah. Der ORGANISATOR bereitet in 10 Ausgaben pro Jahr die wesentlichen Themen f\u00fcr F\u00fchrungskr\u00e4fte von KMU auf.\",\"publisher\":{\"@id\":\"https:\\\/\\\/www.organisator.ch\\\/#organization\"},\"potentialAction\":[{\"@type\":\"SearchAction\",\"target\":{\"@type\":\"EntryPoint\",\"urlTemplate\":\"https:\\\/\\\/www.organisator.ch\\\/?s={search_term_string}\"},\"query-input\":{\"@type\":\"PropertyValueSpecification\",\"valueRequired\":true,\"valueName\":\"search_term_string\"}}],\"inLanguage\":\"de\"},{\"@type\":\"Organization\",\"@id\":\"https:\\\/\\\/www.organisator.ch\\\/#organization\",\"name\":\"Organisator\",\"url\":\"https:\\\/\\\/www.organisator.ch\\\/\",\"logo\":{\"@type\":\"ImageObject\",\"inLanguage\":\"de\",\"@id\":\"https:\\\/\\\/www.organisator.ch\\\/#\\\/schema\\\/logo\\\/image\\\/\",\"url\":\"https:\\\/\\\/www.organisator.ch\\\/wp-content\\\/uploads\\\/2022\\\/01\\\/Logo_Organisator_Website.png\",\"contentUrl\":\"https:\\\/\\\/www.organisator.ch\\\/wp-content\\\/uploads\\\/2022\\\/01\\\/Logo_Organisator_Website.png\",\"width\":800,\"height\":77,\"caption\":\"Organisator\"},\"image\":{\"@id\":\"https:\\\/\\\/www.organisator.ch\\\/#\\\/schema\\\/logo\\\/image\\\/\"},\"sameAs\":[\"https:\\\/\\\/www.facebook.com\\\/OrganisatorFachmagazin\",\"https:\\\/\\\/www.linkedin.com\\\/showcase\\\/organisator-das-magazin-fr-kmu\",\"https:\\\/\\\/www.xing.com\\\/news\\\/pages\\\/organisator-ch-695\",\"https:\\\/\\\/www.youtube.com\\\/channel\\\/UCGP2Sq0iWaZwT3BdIAQFYpw\"]},{\"@type\":\"Person\",\"@id\":\"https:\\\/\\\/www.organisator.ch\\\/#\\\/schema\\\/person\\\/aa2bace6c5c5aad60102004a50c4eb1c\",\"name\":\"admin\",\"image\":{\"@type\":\"ImageObject\",\"inLanguage\":\"de\",\"@id\":\"https:\\\/\\\/secure.gravatar.com\\\/avatar\\\/ae2f4d718e6c49043e314ce431e7e645d646302a24a5ef5a8bc8e3f5a032e319?s=96&d=mm&r=g\",\"url\":\"https:\\\/\\\/secure.gravatar.com\\\/avatar\\\/ae2f4d718e6c49043e314ce431e7e645d646302a24a5ef5a8bc8e3f5a032e319?s=96&d=mm&r=g\",\"contentUrl\":\"https:\\\/\\\/secure.gravatar.com\\\/avatar\\\/ae2f4d718e6c49043e314ce431e7e645d646302a24a5ef5a8bc8e3f5a032e319?s=96&d=mm&r=g\",\"caption\":\"admin\"},\"sameAs\":[\"https:\\\/\\\/www.organisator.ch\"],\"url\":\"https:\\\/\\\/www.organisator.ch\\\/de\\\/author\\\/admin\\\/\"}]}<\/script>\n<!-- \/ Yoast SEO plugin. -->","yoast_head_json":{"title":"Brennpunkt Supply Chain: Neubeurteilung der Logistik notwendig - Organisator","description":"Brennpunkt Supply Chain: \u00dcber Logistik gestern, heute und morgen unterhielten wir uns mit Patrick K\u00f6pfli von Prologist AG.","robots":{"index":"index","follow":"follow","max-snippet":"max-snippet:-1","max-image-preview":"max-image-preview:large","max-video-preview":"max-video-preview:-1"},"canonical":"https:\/\/www.organisator.ch\/de\/operational-excellence\/2022-06-08\/brennpunkt-supply-chain-neubeurteilung-der-logistik-notwendig\/","og_locale":"de_DE","og_type":"article","og_title":"Brennpunkt Supply Chain: Neubeurteilung der Logistik notwendig - Organisator","og_description":"Brennpunkt Supply Chain: \u00dcber Logistik gestern, heute und morgen unterhielten wir uns mit Patrick K\u00f6pfli von Prologist AG.","og_url":"https:\/\/www.organisator.ch\/de\/operational-excellence\/2022-06-08\/brennpunkt-supply-chain-neubeurteilung-der-logistik-notwendig\/","og_site_name":"Organisator","article_publisher":"https:\/\/www.facebook.com\/OrganisatorFachmagazin","article_published_time":"2022-06-08T08:24:34+00:00","og_image":[{"width":925,"height":668,"url":"https:\/\/www.organisator.ch\/wp-content\/uploads\/2022\/06\/Organisator-Brennpunkt-Supply-Chain-Neubeurteilung-der-Logistik-notwendig.jpg","type":"image\/jpeg"}],"author":"admin","twitter_card":"summary_large_image","schema":{"@context":"https:\/\/schema.org","@graph":[{"@type":"Article","@id":"https:\/\/www.organisator.ch\/operational-excellence\/2022-06-08\/brennpunkt-supply-chain-neubeurteilung-der-logistik-notwendig\/#article","isPartOf":{"@id":"https:\/\/www.organisator.ch\/operational-excellence\/2022-06-08\/brennpunkt-supply-chain-neubeurteilung-der-logistik-notwendig\/"},"author":{"name":"admin","@id":"https:\/\/www.organisator.ch\/#\/schema\/person\/aa2bace6c5c5aad60102004a50c4eb1c"},"headline":"Brennpunkt Supply Chain: Neubeurteilung der Logistik notwendig","datePublished":"2022-06-08T08:24:34+00:00","mainEntityOfPage":{"@id":"https:\/\/www.organisator.ch\/operational-excellence\/2022-06-08\/brennpunkt-supply-chain-neubeurteilung-der-logistik-notwendig\/"},"wordCount":1072,"publisher":{"@id":"https:\/\/www.organisator.ch\/#organization"},"image":{"@id":"https:\/\/www.organisator.ch\/operational-excellence\/2022-06-08\/brennpunkt-supply-chain-neubeurteilung-der-logistik-notwendig\/#primaryimage"},"thumbnailUrl":"https:\/\/www.organisator.ch\/wp-content\/uploads\/2022\/06\/Organisator-Brennpunkt-Supply-Chain-Neubeurteilung-der-Logistik-notwendig.jpg","keywords":["Ausgabe 5-6\/2022","Logistik","Supply Chain Management","Unternehmen"],"articleSection":["OPERATIONAL EXCELLENCE"],"inLanguage":"de"},{"@type":"WebPage","@id":"https:\/\/www.organisator.ch\/operational-excellence\/2022-06-08\/brennpunkt-supply-chain-neubeurteilung-der-logistik-notwendig\/","url":"https:\/\/www.organisator.ch\/operational-excellence\/2022-06-08\/brennpunkt-supply-chain-neubeurteilung-der-logistik-notwendig\/","name":"Brennpunkt Supply Chain: Neubeurteilung der Logistik notwendig - Organisator","isPartOf":{"@id":"https:\/\/www.organisator.ch\/#website"},"primaryImageOfPage":{"@id":"https:\/\/www.organisator.ch\/operational-excellence\/2022-06-08\/brennpunkt-supply-chain-neubeurteilung-der-logistik-notwendig\/#primaryimage"},"image":{"@id":"https:\/\/www.organisator.ch\/operational-excellence\/2022-06-08\/brennpunkt-supply-chain-neubeurteilung-der-logistik-notwendig\/#primaryimage"},"thumbnailUrl":"https:\/\/www.organisator.ch\/wp-content\/uploads\/2022\/06\/Organisator-Brennpunkt-Supply-Chain-Neubeurteilung-der-Logistik-notwendig.jpg","datePublished":"2022-06-08T08:24:34+00:00","description":"Brennpunkt Supply Chain: \u00dcber Logistik gestern, heute und morgen unterhielten wir uns mit Patrick K\u00f6pfli von Prologist AG.","breadcrumb":{"@id":"https:\/\/www.organisator.ch\/operational-excellence\/2022-06-08\/brennpunkt-supply-chain-neubeurteilung-der-logistik-notwendig\/#breadcrumb"},"inLanguage":"de","potentialAction":[{"@type":"ReadAction","target":["https:\/\/www.organisator.ch\/operational-excellence\/2022-06-08\/brennpunkt-supply-chain-neubeurteilung-der-logistik-notwendig\/"]}]},{"@type":"ImageObject","inLanguage":"de","@id":"https:\/\/www.organisator.ch\/operational-excellence\/2022-06-08\/brennpunkt-supply-chain-neubeurteilung-der-logistik-notwendig\/#primaryimage","url":"https:\/\/www.organisator.ch\/wp-content\/uploads\/2022\/06\/Organisator-Brennpunkt-Supply-Chain-Neubeurteilung-der-Logistik-notwendig.jpg","contentUrl":"https:\/\/www.organisator.ch\/wp-content\/uploads\/2022\/06\/Organisator-Brennpunkt-Supply-Chain-Neubeurteilung-der-Logistik-notwendig.jpg","width":925,"height":668,"caption":"Patrick K\u00f6pfli, seit 15 Jahren Gesch\u00e4ftsleiter von Prologist AG. Bild: PROLOGIST AG"},{"@type":"BreadcrumbList","@id":"https:\/\/www.organisator.ch\/operational-excellence\/2022-06-08\/brennpunkt-supply-chain-neubeurteilung-der-logistik-notwendig\/#breadcrumb","itemListElement":[{"@type":"ListItem","position":1,"name":"Home","item":"https:\/\/www.organisator.ch\/"},{"@type":"ListItem","position":2,"name":"Brennpunkt Supply Chain: Neubeurteilung der Logistik notwendig"}]},{"@type":"WebSite","@id":"https:\/\/www.organisator.ch\/#website","url":"https:\/\/www.organisator.ch\/","name":"Organisator","description":"Kompetent. Praxisnah. Der ORGANISATOR bereitet in 10 Ausgaben pro Jahr die wesentlichen Themen f\u00fcr F\u00fchrungskr\u00e4fte von KMU auf.","publisher":{"@id":"https:\/\/www.organisator.ch\/#organization"},"potentialAction":[{"@type":"SearchAction","target":{"@type":"EntryPoint","urlTemplate":"https:\/\/www.organisator.ch\/?s={search_term_string}"},"query-input":{"@type":"PropertyValueSpecification","valueRequired":true,"valueName":"search_term_string"}}],"inLanguage":"de"},{"@type":"Organization","@id":"https:\/\/www.organisator.ch\/#organization","name":"Organisator","url":"https:\/\/www.organisator.ch\/","logo":{"@type":"ImageObject","inLanguage":"de","@id":"https:\/\/www.organisator.ch\/#\/schema\/logo\/image\/","url":"https:\/\/www.organisator.ch\/wp-content\/uploads\/2022\/01\/Logo_Organisator_Website.png","contentUrl":"https:\/\/www.organisator.ch\/wp-content\/uploads\/2022\/01\/Logo_Organisator_Website.png","width":800,"height":77,"caption":"Organisator"},"image":{"@id":"https:\/\/www.organisator.ch\/#\/schema\/logo\/image\/"},"sameAs":["https:\/\/www.facebook.com\/OrganisatorFachmagazin","https:\/\/www.linkedin.com\/showcase\/organisator-das-magazin-fr-kmu","https:\/\/www.xing.com\/news\/pages\/organisator-ch-695","https:\/\/www.youtube.com\/channel\/UCGP2Sq0iWaZwT3BdIAQFYpw"]},{"@type":"Person","@id":"https:\/\/www.organisator.ch\/#\/schema\/person\/aa2bace6c5c5aad60102004a50c4eb1c","name":"admin","image":{"@type":"ImageObject","inLanguage":"de","@id":"https:\/\/secure.gravatar.com\/avatar\/ae2f4d718e6c49043e314ce431e7e645d646302a24a5ef5a8bc8e3f5a032e319?s=96&d=mm&r=g","url":"https:\/\/secure.gravatar.com\/avatar\/ae2f4d718e6c49043e314ce431e7e645d646302a24a5ef5a8bc8e3f5a032e319?s=96&d=mm&r=g","contentUrl":"https:\/\/secure.gravatar.com\/avatar\/ae2f4d718e6c49043e314ce431e7e645d646302a24a5ef5a8bc8e3f5a032e319?s=96&d=mm&r=g","caption":"admin"},"sameAs":["https:\/\/www.organisator.ch"],"url":"https:\/\/www.organisator.ch\/de\/author\/admin\/"}]}},"_links":{"self":[{"href":"https:\/\/www.organisator.ch\/de\/wp-json\/wp\/v2\/posts\/13410","targetHints":{"allow":["GET"]}}],"collection":[{"href":"https:\/\/www.organisator.ch\/de\/wp-json\/wp\/v2\/posts"}],"about":[{"href":"https:\/\/www.organisator.ch\/de\/wp-json\/wp\/v2\/types\/post"}],"author":[{"embeddable":true,"href":"https:\/\/www.organisator.ch\/de\/wp-json\/wp\/v2\/users\/1"}],"replies":[{"embeddable":true,"href":"https:\/\/www.organisator.ch\/de\/wp-json\/wp\/v2\/comments?post=13410"}],"version-history":[{"count":2,"href":"https:\/\/www.organisator.ch\/de\/wp-json\/wp\/v2\/posts\/13410\/revisions"}],"predecessor-version":[{"id":13901,"href":"https:\/\/www.organisator.ch\/de\/wp-json\/wp\/v2\/posts\/13410\/revisions\/13901"}],"wp:featuredmedia":[{"embeddable":true,"href":"https:\/\/www.organisator.ch\/de\/wp-json\/wp\/v2\/media\/13411"}],"wp:attachment":[{"href":"https:\/\/www.organisator.ch\/de\/wp-json\/wp\/v2\/media?parent=13410"}],"wp:term":[{"taxonomy":"category","embeddable":true,"href":"https:\/\/www.organisator.ch\/de\/wp-json\/wp\/v2\/categories?post=13410"},{"taxonomy":"post_tag","embeddable":true,"href":"https:\/\/www.organisator.ch\/de\/wp-json\/wp\/v2\/tags?post=13410"}],"curies":[{"name":"wp","href":"https:\/\/api.w.org\/{rel}","templated":true}]}}