{"id":1352,"date":"2017-01-12T17:02:00","date_gmt":"2017-01-12T16:02:00","guid":{"rendered":"https:\/\/organisator.ch\/?p=1352"},"modified":"2017-01-12T17:02:00","modified_gmt":"2017-01-12T16:02:00","slug":"alpensymposium-2017-trumputin-brexit-und-populismus","status":"publish","type":"post","link":"https:\/\/www.organisator.ch\/de\/allgemein\/2017-01-12\/alpensymposium-2017-trumputin-brexit-und-populismus\/","title":{"rendered":"Alpensymposium 2017: Trumputin, Brexit und Populismus"},"content":{"rendered":"<figure id=\"attachment_1355\" aria-describedby=\"caption-attachment-1355\" style=\"width: 640px\" class=\"wp-caption alignnone\"><img loading=\"lazy\" decoding=\"async\" class=\"size-full wp-image-1355\" src=\"https:\/\/www.organisator.ch\/wp-content\/uploads\/2017\/01\/Alpensymposium-2017-Trumputin-Brexit-und-Populismus_Organisator.jpg\" alt=\"\" width=\"640\" height=\"475\" srcset=\"https:\/\/www.organisator.ch\/wp-content\/uploads\/2017\/01\/Alpensymposium-2017-Trumputin-Brexit-und-Populismus_Organisator.jpg 640w, https:\/\/www.organisator.ch\/wp-content\/uploads\/2017\/01\/Alpensymposium-2017-Trumputin-Brexit-und-Populismus_Organisator-16x12.jpg 16w, https:\/\/www.organisator.ch\/wp-content\/uploads\/2017\/01\/Alpensymposium-2017-Trumputin-Brexit-und-Populismus_Organisator-236x175.jpg 236w, https:\/\/www.organisator.ch\/wp-content\/uploads\/2017\/01\/Alpensymposium-2017-Trumputin-Brexit-und-Populismus_Organisator-472x350.jpg 472w, https:\/\/www.organisator.ch\/wp-content\/uploads\/2017\/01\/Alpensymposium-2017-Trumputin-Brexit-und-Populismus_Organisator-300x223.jpg 300w\" sizes=\"auto, (max-width: 640px) 100vw, 640px\" \/><figcaption id=\"caption-attachment-1355\" class=\"wp-caption-text\">Sorgte f\u00fcr angeregte Diskussionen am Alpensymposium: Guy Verhofstadt (Foto: thb)<\/figcaption><\/figure>\n<p>In den Referaten und Diskussionen von hochrangigen Vertretern aus Politik, Wirtschaft, Sport und Gesellschaft dominierten vor ausverkauftem Haus globale Themen wie der frisch gew\u00e4hlte US-Pr\u00e4sident Donald Trump, Putin, China, Europa mit Brexit und die weltweiten populistischen Trends. Ein Highlight zum Abschluss bot der neue FC Bayern Pr\u00e4sident Uli Hoeness, der im Interview mit Moderator Stephan Klapproth in emphatischer Manier \u00fcber pers\u00f6nliche und berufliche Erfolge und Misserfolge sowie seine F\u00fchrungsstrategie beim f\u00fchrenden deutschen Fussballclub zu berichten wusste.<\/p>\n<figure id=\"attachment_1357\" aria-describedby=\"caption-attachment-1357\" style=\"width: 640px\" class=\"wp-caption alignnone\"><img loading=\"lazy\" decoding=\"async\" class=\"size-full wp-image-1357\" src=\"https:\/\/www.organisator.ch\/wp-content\/uploads\/2017\/01\/Alpensymposium-2017-Trumputin-Brexit-und-Populismus-3_Organisator.jpg\" alt=\"\" width=\"640\" height=\"425\" srcset=\"https:\/\/www.organisator.ch\/wp-content\/uploads\/2017\/01\/Alpensymposium-2017-Trumputin-Brexit-und-Populismus-3_Organisator.jpg 640w, https:\/\/www.organisator.ch\/wp-content\/uploads\/2017\/01\/Alpensymposium-2017-Trumputin-Brexit-und-Populismus-3_Organisator-16x12.jpg 16w, https:\/\/www.organisator.ch\/wp-content\/uploads\/2017\/01\/Alpensymposium-2017-Trumputin-Brexit-und-Populismus-3_Organisator-264x175.jpg 264w, https:\/\/www.organisator.ch\/wp-content\/uploads\/2017\/01\/Alpensymposium-2017-Trumputin-Brexit-und-Populismus-3_Organisator-527x350.jpg 527w, https:\/\/www.organisator.ch\/wp-content\/uploads\/2017\/01\/Alpensymposium-2017-Trumputin-Brexit-und-Populismus-3_Organisator-300x199.jpg 300w\" sizes=\"auto, (max-width: 640px) 100vw, 640px\" \/><figcaption id=\"caption-attachment-1357\" class=\"wp-caption-text\">Uli Hoeness auf die Frage, was ihn denn mit 65 noch antreibe: &#8222;Wenn ein Amerikaner mit 71 noch Pr\u00e4sident werden kann, kann ich auch Pr\u00e4sident eines Vereins sein.&#8220; (Foto: thb)<\/figcaption><\/figure>\n<h2>Europa muss sich neu finden<\/h2>\n<p>Die Schweiz muss sich mitten in einem Europa im Umbruch, einer ungewissen politischen und wirtschaftlichen Entwicklung in den USA und China und im Zeitalter einer rasanten Digitalisierung neu zurecht finden. Darin waren sich die Referentinnen und Referenten am 15. Alpensymposium in Interlaken einig. Der belgische Politiker Guy Verhofstadt, Brexit-Chefunterh\u00e4ndler und Kandidat f\u00fcr das Pr\u00e4sidium des Europ\u00e4ischen Parlaments sorgte sich als \u00fcberzeugter Europ\u00e4er, dass es in der EU keine einheitliche Sicht der Entwicklungen gibt. Und er\u00a0gestand offen:\u00a0\u201eUnsere Institutionen in Europa sind nicht geschaffen f\u00fcr Krisensituationen!\u201c \u00a0Den Ausstieg Grossbritanniens sah Verhofstadt \u201eals Mutter aller Scheidungen&#8220;, allerdings auch als grosse Chance die EU als Institution neu zu erfinden. In der gegenw\u00e4rtigen Situation und mit Trump als US-Pr\u00e4sident sei eine Neuorganisation nicht nur eine M\u00f6glichkeit, sondern ein Notwendigkeit, forderte der engagierte Politiker.<\/p>\n<p>F\u00fcr den bekannten Nahost-Korrespondenten Ulrich Tilgner hat das Scheitern des Westens im Nahen Osten mit US-Interventionen, verbunden mit der dortigen Flucht in Traditionen und Vergangenheit den Terrorismus gest\u00e4rkt und die Entstehung des Islamischen Staates (IS) gef\u00f6rdert. Er machte deutlich, dass die fundamentalistische Missionierung und die damit verbundenen terroristischen Ideologien durch Saudiarabien finanziert werden. Nach Tilgners Einsch\u00e4tzung ist der Terrorismus denn auch nicht durch milit\u00e4rische Mittel zu bek\u00e4mpfen, sondern nur mit \u00f6konomischer und politischer Hilfe vor Ort. Insbesondere wirft er der Administration Obama vor, \u201edie Lektion nicht verstanden\u201c zu haben. Er habe zu h\u00e4ufig auf die falschen Partner gesetzt,\u00a0denn Partnerschaften mit Regierungen von Staaten, wo der Terrorismus Fuss fasst,\u00a0seien Partnerschaften mit genau denjenigen, die den Terrorismus erst hervorbringen, so Tilgner.<\/p>\n<h2>Pr\u00e4sidiale Einmannshow und Abkehr von Europa<\/h2>\n<p>Der SRF-Moderator und ehemalige US-Korrespondent Arthur H. Honegger zeichnete angesichts der Pr\u00e4sidentschaft Donald Trumps ein d\u00fcsteres Bild. Seine W\u00e4hler wollten, dass es kracht und die Einmannshow, die er offensichtlich auch als Pr\u00e4sident abziehen wolle, habe bereits jetzt das Vertrauen in die Institutionen ersch\u00fcttert. \u201eIch bin nicht sonderlich optimistisch, was die n\u00e4chsten vier Jahre angeht\u201c, so Honegger. F\u00fcr den B\u00f6rsen- und Finanzspezialisten Dirk M\u00fcller war die Wahl Trumps alles andere als ein Unfall. Die B\u00f6rse sei nicht ungl\u00fccklich \u00fcber die Wahl. Chancen sah M\u00fcller in den angek\u00fcndigten Steuerverg\u00fcnstigungen und staatlichen Investitionen, die das erste Halbjahr 2017 bestimmen w\u00fcrden. US-Firmen sollen mit tiefen Steuern gelockt werden, ihre im Ausland parkierten Milliarden nach Amerika zur\u00fcckzubringen. Grosse Risiken sah er allerdings im globalen Vormarsch der Nationalisten als Reaktion auf die Globalisierung sowie einem hohen Inflationsrisiko und steigenden Zinsen bereits im zweiten Halbjahr.<\/p>\n<p>Auch die Vorsitzende der economiesuisse-Gesch\u00e4ftsleitung Monika R\u00fchl bef\u00fcrchtet eine Abkehr der USA von Europa und die Tendenz zum politischen Populismus einhergehend mit wirtschaftlichem Protektionismus. Sie machte deutlich, dass angesichts von Brexit auch die Schweiz betroffen w\u00e4re, wenn es im wichtigen Handelspartner Grossbritannien zu einer Strukturkrise und einem konjunkturellen Einbruch komme. F\u00fcr eine starke Schweizer Wirtschaft forderte R\u00fchl ein Ja zur Steuerreform, stabile Beziehungen zur EU und eine tragbare L\u00f6sung in der Altersvorsorge.<\/p>\n<p>Optimistischer zeigte sich der ehemalige regierende Berliner B\u00fcrgermeister Klaus Wowereit. Er zeigte sich zufrieden mit seiner 14j\u00e4hrigen Regierungszeit in Berlin. Von einer hohen Verschuldung und einer \u00fcberall vorherrschenden Subventionsmentalit\u00e4t habe er es \u00fcber ein radikales Programm und kreativen Menschen dazu gebracht, dass Berlin heute angesichts finanzieller \u00dcbersch\u00fcssen aus eigener Kraft investieren k\u00f6nne. F\u00fcr die Entwicklung von gr\u00f6sseren Gemeinwesen sei es wichtig, eine Gesellschaft zu formieren, die freiheitlich ist. Wenn man Diskriminierung zulasse, werde man die kreativen Kr\u00e4fte nicht bekommen.<\/p>\n<h2>Weitere Magic Moments am Alpensymposium<\/h2>\n<p>Unter dem Motto \u201eThink big. Create future.&#8220; hat der Organisator Oliver Stoldt zum 15. Mal unternehmerisch denkende Menschen eingeladen, ihre Ideen vor einem begeisterten Publikum aus Wirtschaft und Gesellschaft zu pr\u00e4sentieren. Eine gewaltige Ladung an Swissness pr\u00e4sentierten die passionierte Unternehmerin C\u00e9line Renaud, der Sunrise CEO Olaf Swantee, der Gr\u00fcnder und CEO von pom+, Dr. Peter Staub, und der CSS-Verwaltungsrat Hans K\u00fcnzle am Unternehmenstalk. Der erfolgreiche Fotograf und Philantrop Hannes Schmid, der den Marlboro Man schuf, Hunderte von Pop- und Rockstars fotografierte und hyperrealistisch malt, zeigte eine eindr\u00fcckliche Schau seines Schaffens.<\/p>\n<figure id=\"attachment_1356\" aria-describedby=\"caption-attachment-1356\" style=\"width: 640px\" class=\"wp-caption alignnone\"><img loading=\"lazy\" decoding=\"async\" class=\"size-full wp-image-1356\" src=\"https:\/\/www.organisator.ch\/wp-content\/uploads\/2017\/01\/Alpensymposium-2017-Trumputin-Brexit-und-Populismus-2_Organisator.jpg\" alt=\"\" width=\"640\" height=\"245\" srcset=\"https:\/\/www.organisator.ch\/wp-content\/uploads\/2017\/01\/Alpensymposium-2017-Trumputin-Brexit-und-Populismus-2_Organisator.jpg 640w, https:\/\/www.organisator.ch\/wp-content\/uploads\/2017\/01\/Alpensymposium-2017-Trumputin-Brexit-und-Populismus-2_Organisator-16x6.jpg 16w, https:\/\/www.organisator.ch\/wp-content\/uploads\/2017\/01\/Alpensymposium-2017-Trumputin-Brexit-und-Populismus-2_Organisator-375x144.jpg 375w, https:\/\/www.organisator.ch\/wp-content\/uploads\/2017\/01\/Alpensymposium-2017-Trumputin-Brexit-und-Populismus-2_Organisator-300x115.jpg 300w\" sizes=\"auto, (max-width: 640px) 100vw, 640px\" \/><figcaption id=\"caption-attachment-1356\" class=\"wp-caption-text\">Unternehmer-Talk am Alpensymposium mit Peter Staub, C\u00e9line Renaud, Olaf Swantee und Hans K\u00fcnzle. (Foto: thb)<\/figcaption><\/figure>\n<p>Das Alpensymposium bot auch in der Jubil\u00e4umsausgabe beste Gelegenheiten f\u00fcr wertvolle pers\u00f6nliche Kontakte, Gesch\u00e4fte, Client Relations und gesellschaftliche Pr\u00e4senz. Organisator Oliver Stoldt und Konferenzleiterin Janin Heukamp gelangen an der innovativen Tagung zahlreiche \u201eMagic Moments&#8220; mit dem Innovationsstrategen Anders S\u00f6rman-Nilsson oder\u00a0der erfolgreichen Profilerin Suzanne Grieger-Langer. Sie hat sich zur Aufgabe gemacht, in Unternehmen die wahren &#8222;Pfeifen&#8220; auszumachen.\u00a0Schmunzeln musste das Publikum etwa \u00fcber den folgenden Dialog zwischen\u00a0Moderator Stephan\u00a0Klapproth und der Referentin: Klapproth: \u201eWo ist der Pfeifenquotient am h\u00f6chsten?\u201c \u2013 Grieger-Langer: \u201eBei Beh\u00f6rden und Konzernen.\u201c \u2013 Klapproth: \u201e50:50?\u201c \u2013 Grieger-Langer: \u201eKein Kommentar.\u201c\u00a0Ferner rief\u00a0whatchado-Gr\u00fcnder Ali Mahlodji dazu auf, in die heute 15-j\u00e4hrigen zu investieren. Denn diese\u00a0sind in 10 Jahren die neuen Erwachsenen und m\u00fcssten dereinst unsere Probleme l\u00f6sen. Und nicht zuletzt beeindruckten am diesj\u00e4hrigen Alpensymposium\u00a0auch\u00a0die beiden Sportler Silvan Zurbriggen und Joey Kelly mit ihren Berichten dar\u00fcber, wie sich Ziele mit Willen und eiserner Disziplin erreichen lassen.<\/p>\n<p><em><a href=\"http:\/\/www.alpensymposium.ch\">Link<\/a> zur Veranstaltung<\/em><\/p>\n<p>&nbsp;<\/p>\n","protected":false},"excerpt":{"rendered":"<p>In den Referaten und Diskussionen von hochrangigen Vertretern aus Politik, Wirtschaft, Sport und Gesellschaft dominierten vor ausverkauftem Haus globale Themen wie der frisch gew\u00e4hlte US-Pr\u00e4sident Donald Trump, Putin, China, Europa mit Brexit und die weltweiten populistischen Trends. Ein Highlight zum Abschluss bot der neue FC Bayern Pr\u00e4sident Uli Hoeness, der im Interview mit Moderator Stephan [&hellip;]<\/p>\n","protected":false},"author":4,"featured_media":1355,"comment_status":"open","ping_status":"open","sticky":false,"template":"","format":"standard","meta":{"_acf_changed":false,"_yoast_wpseo_focuskw":"Alpensymposium","_yoast_wpseo_metadesc":"Die Ungewissheit \u00fcber die zuk\u00fcnftigen politischen und wirtschaftlichen Entwicklungen in und deren langfristige Auswirkungen pr\u00e4gten das 15. Alpensymposium.","articlekey":"","footnotes":""},"categories":[1],"tags":[386,469,502,508],"class_list":["post-1352","post","type-post","status-publish","format-standard","has-post-thumbnail","hentry","category-allgemein","tag-politik","tag-tagungen-events","tag-veranstaltungen","tag-vermischtes"],"acf":[],"yoast_head":"<!-- This site is optimized with the Yoast SEO plugin v27.4 - https:\/\/yoast.com\/product\/yoast-seo-wordpress\/ -->\n<title>Alpensymposium 2017: Trumputin, Brexit und Populismus - Organisator<\/title>\n<meta name=\"description\" content=\"Die Ungewissheit \u00fcber die zuk\u00fcnftigen politischen und wirtschaftlichen Entwicklungen in und deren langfristige Auswirkungen pr\u00e4gten das 15. Alpensymposium.\" \/>\n<meta name=\"robots\" content=\"index, follow, max-snippet:-1, max-image-preview:large, max-video-preview:-1\" \/>\n<link rel=\"canonical\" href=\"https:\/\/www.organisator.ch\/de\/allgemein\/2017-01-12\/alpensymposium-2017-trumputin-brexit-und-populismus\/\" \/>\n<meta property=\"og:locale\" content=\"de_DE\" \/>\n<meta property=\"og:type\" content=\"article\" \/>\n<meta property=\"og:title\" content=\"Alpensymposium 2017: Trumputin, Brexit und Populismus - Organisator\" \/>\n<meta property=\"og:description\" content=\"Die Ungewissheit \u00fcber die zuk\u00fcnftigen politischen und wirtschaftlichen Entwicklungen in und deren langfristige Auswirkungen pr\u00e4gten das 15. Alpensymposium.\" \/>\n<meta property=\"og:url\" content=\"https:\/\/www.organisator.ch\/de\/allgemein\/2017-01-12\/alpensymposium-2017-trumputin-brexit-und-populismus\/\" \/>\n<meta property=\"og:site_name\" content=\"Organisator\" \/>\n<meta property=\"article:publisher\" content=\"https:\/\/www.facebook.com\/OrganisatorFachmagazin\" \/>\n<meta property=\"article:published_time\" content=\"2017-01-12T16:02:00+00:00\" \/>\n<meta property=\"og:image\" content=\"https:\/\/www.organisator.ch\/wp-content\/uploads\/2017\/01\/Alpensymposium-2017-Trumputin-Brexit-und-Populismus_Organisator.jpg\" \/>\n\t<meta property=\"og:image:width\" content=\"640\" \/>\n\t<meta property=\"og:image:height\" content=\"475\" \/>\n\t<meta property=\"og:image:type\" content=\"image\/jpeg\" \/>\n<meta name=\"author\" content=\"thomas.berner\" \/>\n<meta name=\"twitter:card\" content=\"summary_large_image\" \/>\n<script type=\"application\/ld+json\" class=\"yoast-schema-graph\">{\"@context\":\"https:\\\/\\\/schema.org\",\"@graph\":[{\"@type\":\"Article\",\"@id\":\"https:\\\/\\\/www.organisator.ch\\\/de\\\/allgemein\\\/2017-01-12\\\/alpensymposium-2017-trumputin-brexit-und-populismus\\\/#article\",\"isPartOf\":{\"@id\":\"https:\\\/\\\/www.organisator.ch\\\/de\\\/allgemein\\\/2017-01-12\\\/alpensymposium-2017-trumputin-brexit-und-populismus\\\/\"},\"author\":{\"name\":\"thomas.berner\",\"@id\":\"https:\\\/\\\/www.organisator.ch\\\/#\\\/schema\\\/person\\\/6f650f90b2842cd4c0cc334b4e36f67e\"},\"headline\":\"Alpensymposium 2017: Trumputin, Brexit und Populismus\",\"datePublished\":\"2017-01-12T16:02:00+00:00\",\"mainEntityOfPage\":{\"@id\":\"https:\\\/\\\/www.organisator.ch\\\/de\\\/allgemein\\\/2017-01-12\\\/alpensymposium-2017-trumputin-brexit-und-populismus\\\/\"},\"wordCount\":1027,\"commentCount\":0,\"publisher\":{\"@id\":\"https:\\\/\\\/www.organisator.ch\\\/#organization\"},\"image\":{\"@id\":\"https:\\\/\\\/www.organisator.ch\\\/de\\\/allgemein\\\/2017-01-12\\\/alpensymposium-2017-trumputin-brexit-und-populismus\\\/#primaryimage\"},\"thumbnailUrl\":\"https:\\\/\\\/www.organisator.ch\\\/wp-content\\\/uploads\\\/2017\\\/01\\\/Alpensymposium-2017-Trumputin-Brexit-und-Populismus_Organisator.jpg\",\"keywords\":[\"Politik\",\"Tagungen &amp; Events\",\"Veranstaltungen\",\"Vermischtes\"],\"inLanguage\":\"de\"},{\"@type\":\"WebPage\",\"@id\":\"https:\\\/\\\/www.organisator.ch\\\/de\\\/allgemein\\\/2017-01-12\\\/alpensymposium-2017-trumputin-brexit-und-populismus\\\/\",\"url\":\"https:\\\/\\\/www.organisator.ch\\\/de\\\/allgemein\\\/2017-01-12\\\/alpensymposium-2017-trumputin-brexit-und-populismus\\\/\",\"name\":\"Alpensymposium 2017: Trumputin, Brexit und Populismus - Organisator\",\"isPartOf\":{\"@id\":\"https:\\\/\\\/www.organisator.ch\\\/#website\"},\"primaryImageOfPage\":{\"@id\":\"https:\\\/\\\/www.organisator.ch\\\/de\\\/allgemein\\\/2017-01-12\\\/alpensymposium-2017-trumputin-brexit-und-populismus\\\/#primaryimage\"},\"image\":{\"@id\":\"https:\\\/\\\/www.organisator.ch\\\/de\\\/allgemein\\\/2017-01-12\\\/alpensymposium-2017-trumputin-brexit-und-populismus\\\/#primaryimage\"},\"thumbnailUrl\":\"https:\\\/\\\/www.organisator.ch\\\/wp-content\\\/uploads\\\/2017\\\/01\\\/Alpensymposium-2017-Trumputin-Brexit-und-Populismus_Organisator.jpg\",\"datePublished\":\"2017-01-12T16:02:00+00:00\",\"description\":\"Die Ungewissheit \u00fcber die zuk\u00fcnftigen politischen und wirtschaftlichen Entwicklungen in und deren langfristige Auswirkungen pr\u00e4gten das 15. Alpensymposium.\",\"breadcrumb\":{\"@id\":\"https:\\\/\\\/www.organisator.ch\\\/de\\\/allgemein\\\/2017-01-12\\\/alpensymposium-2017-trumputin-brexit-und-populismus\\\/#breadcrumb\"},\"inLanguage\":\"de\",\"potentialAction\":[{\"@type\":\"ReadAction\",\"target\":[\"https:\\\/\\\/www.organisator.ch\\\/de\\\/allgemein\\\/2017-01-12\\\/alpensymposium-2017-trumputin-brexit-und-populismus\\\/\"]}]},{\"@type\":\"ImageObject\",\"inLanguage\":\"de\",\"@id\":\"https:\\\/\\\/www.organisator.ch\\\/de\\\/allgemein\\\/2017-01-12\\\/alpensymposium-2017-trumputin-brexit-und-populismus\\\/#primaryimage\",\"url\":\"https:\\\/\\\/www.organisator.ch\\\/wp-content\\\/uploads\\\/2017\\\/01\\\/Alpensymposium-2017-Trumputin-Brexit-und-Populismus_Organisator.jpg\",\"contentUrl\":\"https:\\\/\\\/www.organisator.ch\\\/wp-content\\\/uploads\\\/2017\\\/01\\\/Alpensymposium-2017-Trumputin-Brexit-und-Populismus_Organisator.jpg\",\"width\":640,\"height\":475,\"caption\":\"Sorgte f\u00fcr angeregte Diskussionen am Alpensymposium: Guy Verhofstadt (Foto: thb)\"},{\"@type\":\"BreadcrumbList\",\"@id\":\"https:\\\/\\\/www.organisator.ch\\\/de\\\/allgemein\\\/2017-01-12\\\/alpensymposium-2017-trumputin-brexit-und-populismus\\\/#breadcrumb\",\"itemListElement\":[{\"@type\":\"ListItem\",\"position\":1,\"name\":\"Home\",\"item\":\"https:\\\/\\\/www.organisator.ch\\\/\"},{\"@type\":\"ListItem\",\"position\":2,\"name\":\"Alpensymposium 2017: Trumputin, Brexit und Populismus\"}]},{\"@type\":\"WebSite\",\"@id\":\"https:\\\/\\\/www.organisator.ch\\\/#website\",\"url\":\"https:\\\/\\\/www.organisator.ch\\\/\",\"name\":\"Organisator\",\"description\":\"Kompetent. Praxisnah. Der ORGANISATOR bereitet in 10 Ausgaben pro Jahr die wesentlichen Themen f\u00fcr F\u00fchrungskr\u00e4fte von KMU auf.\",\"publisher\":{\"@id\":\"https:\\\/\\\/www.organisator.ch\\\/#organization\"},\"potentialAction\":[{\"@type\":\"SearchAction\",\"target\":{\"@type\":\"EntryPoint\",\"urlTemplate\":\"https:\\\/\\\/www.organisator.ch\\\/?s={search_term_string}\"},\"query-input\":{\"@type\":\"PropertyValueSpecification\",\"valueRequired\":true,\"valueName\":\"search_term_string\"}}],\"inLanguage\":\"de\"},{\"@type\":\"Organization\",\"@id\":\"https:\\\/\\\/www.organisator.ch\\\/#organization\",\"name\":\"Organisator\",\"url\":\"https:\\\/\\\/www.organisator.ch\\\/\",\"logo\":{\"@type\":\"ImageObject\",\"inLanguage\":\"de\",\"@id\":\"https:\\\/\\\/www.organisator.ch\\\/#\\\/schema\\\/logo\\\/image\\\/\",\"url\":\"https:\\\/\\\/www.organisator.ch\\\/wp-content\\\/uploads\\\/2022\\\/01\\\/Logo_Organisator_Website.png\",\"contentUrl\":\"https:\\\/\\\/www.organisator.ch\\\/wp-content\\\/uploads\\\/2022\\\/01\\\/Logo_Organisator_Website.png\",\"width\":800,\"height\":77,\"caption\":\"Organisator\"},\"image\":{\"@id\":\"https:\\\/\\\/www.organisator.ch\\\/#\\\/schema\\\/logo\\\/image\\\/\"},\"sameAs\":[\"https:\\\/\\\/www.facebook.com\\\/OrganisatorFachmagazin\",\"https:\\\/\\\/www.linkedin.com\\\/showcase\\\/organisator-das-magazin-fr-kmu\",\"https:\\\/\\\/www.xing.com\\\/news\\\/pages\\\/organisator-ch-695\",\"https:\\\/\\\/www.youtube.com\\\/channel\\\/UCGP2Sq0iWaZwT3BdIAQFYpw\"]},{\"@type\":\"Person\",\"@id\":\"https:\\\/\\\/www.organisator.ch\\\/#\\\/schema\\\/person\\\/6f650f90b2842cd4c0cc334b4e36f67e\",\"name\":\"thomas.berner\",\"image\":{\"@type\":\"ImageObject\",\"inLanguage\":\"de\",\"@id\":\"https:\\\/\\\/secure.gravatar.com\\\/avatar\\\/ac5001d2a36cb6c6cd3e50789007ffca834b477b74a2144564522e944eabff61?s=96&d=mm&r=g\",\"url\":\"https:\\\/\\\/secure.gravatar.com\\\/avatar\\\/ac5001d2a36cb6c6cd3e50789007ffca834b477b74a2144564522e944eabff61?s=96&d=mm&r=g\",\"contentUrl\":\"https:\\\/\\\/secure.gravatar.com\\\/avatar\\\/ac5001d2a36cb6c6cd3e50789007ffca834b477b74a2144564522e944eabff61?s=96&d=mm&r=g\",\"caption\":\"thomas.berner\"},\"url\":\"https:\\\/\\\/www.organisator.ch\\\/de\\\/author\\\/thomas-berner\\\/\"}]}<\/script>\n<!-- \/ Yoast SEO plugin. -->","yoast_head_json":{"title":"Alpensymposium 2017: Trumputin, Brexit und Populismus - Organisator","description":"Die Ungewissheit \u00fcber die zuk\u00fcnftigen politischen und wirtschaftlichen Entwicklungen in und deren langfristige Auswirkungen pr\u00e4gten das 15. Alpensymposium.","robots":{"index":"index","follow":"follow","max-snippet":"max-snippet:-1","max-image-preview":"max-image-preview:large","max-video-preview":"max-video-preview:-1"},"canonical":"https:\/\/www.organisator.ch\/de\/allgemein\/2017-01-12\/alpensymposium-2017-trumputin-brexit-und-populismus\/","og_locale":"de_DE","og_type":"article","og_title":"Alpensymposium 2017: Trumputin, Brexit und Populismus - Organisator","og_description":"Die Ungewissheit \u00fcber die zuk\u00fcnftigen politischen und wirtschaftlichen Entwicklungen in und deren langfristige Auswirkungen pr\u00e4gten das 15. Alpensymposium.","og_url":"https:\/\/www.organisator.ch\/de\/allgemein\/2017-01-12\/alpensymposium-2017-trumputin-brexit-und-populismus\/","og_site_name":"Organisator","article_publisher":"https:\/\/www.facebook.com\/OrganisatorFachmagazin","article_published_time":"2017-01-12T16:02:00+00:00","og_image":[{"width":640,"height":475,"url":"https:\/\/www.organisator.ch\/wp-content\/uploads\/2017\/01\/Alpensymposium-2017-Trumputin-Brexit-und-Populismus_Organisator.jpg","type":"image\/jpeg"}],"author":"thomas.berner","twitter_card":"summary_large_image","schema":{"@context":"https:\/\/schema.org","@graph":[{"@type":"Article","@id":"https:\/\/www.organisator.ch\/de\/allgemein\/2017-01-12\/alpensymposium-2017-trumputin-brexit-und-populismus\/#article","isPartOf":{"@id":"https:\/\/www.organisator.ch\/de\/allgemein\/2017-01-12\/alpensymposium-2017-trumputin-brexit-und-populismus\/"},"author":{"name":"thomas.berner","@id":"https:\/\/www.organisator.ch\/#\/schema\/person\/6f650f90b2842cd4c0cc334b4e36f67e"},"headline":"Alpensymposium 2017: Trumputin, Brexit und Populismus","datePublished":"2017-01-12T16:02:00+00:00","mainEntityOfPage":{"@id":"https:\/\/www.organisator.ch\/de\/allgemein\/2017-01-12\/alpensymposium-2017-trumputin-brexit-und-populismus\/"},"wordCount":1027,"commentCount":0,"publisher":{"@id":"https:\/\/www.organisator.ch\/#organization"},"image":{"@id":"https:\/\/www.organisator.ch\/de\/allgemein\/2017-01-12\/alpensymposium-2017-trumputin-brexit-und-populismus\/#primaryimage"},"thumbnailUrl":"https:\/\/www.organisator.ch\/wp-content\/uploads\/2017\/01\/Alpensymposium-2017-Trumputin-Brexit-und-Populismus_Organisator.jpg","keywords":["Politik","Tagungen &amp; Events","Veranstaltungen","Vermischtes"],"inLanguage":"de"},{"@type":"WebPage","@id":"https:\/\/www.organisator.ch\/de\/allgemein\/2017-01-12\/alpensymposium-2017-trumputin-brexit-und-populismus\/","url":"https:\/\/www.organisator.ch\/de\/allgemein\/2017-01-12\/alpensymposium-2017-trumputin-brexit-und-populismus\/","name":"Alpensymposium 2017: Trumputin, Brexit und Populismus - Organisator","isPartOf":{"@id":"https:\/\/www.organisator.ch\/#website"},"primaryImageOfPage":{"@id":"https:\/\/www.organisator.ch\/de\/allgemein\/2017-01-12\/alpensymposium-2017-trumputin-brexit-und-populismus\/#primaryimage"},"image":{"@id":"https:\/\/www.organisator.ch\/de\/allgemein\/2017-01-12\/alpensymposium-2017-trumputin-brexit-und-populismus\/#primaryimage"},"thumbnailUrl":"https:\/\/www.organisator.ch\/wp-content\/uploads\/2017\/01\/Alpensymposium-2017-Trumputin-Brexit-und-Populismus_Organisator.jpg","datePublished":"2017-01-12T16:02:00+00:00","description":"Die Ungewissheit \u00fcber die zuk\u00fcnftigen politischen und wirtschaftlichen Entwicklungen in und deren langfristige Auswirkungen pr\u00e4gten das 15. Alpensymposium.","breadcrumb":{"@id":"https:\/\/www.organisator.ch\/de\/allgemein\/2017-01-12\/alpensymposium-2017-trumputin-brexit-und-populismus\/#breadcrumb"},"inLanguage":"de","potentialAction":[{"@type":"ReadAction","target":["https:\/\/www.organisator.ch\/de\/allgemein\/2017-01-12\/alpensymposium-2017-trumputin-brexit-und-populismus\/"]}]},{"@type":"ImageObject","inLanguage":"de","@id":"https:\/\/www.organisator.ch\/de\/allgemein\/2017-01-12\/alpensymposium-2017-trumputin-brexit-und-populismus\/#primaryimage","url":"https:\/\/www.organisator.ch\/wp-content\/uploads\/2017\/01\/Alpensymposium-2017-Trumputin-Brexit-und-Populismus_Organisator.jpg","contentUrl":"https:\/\/www.organisator.ch\/wp-content\/uploads\/2017\/01\/Alpensymposium-2017-Trumputin-Brexit-und-Populismus_Organisator.jpg","width":640,"height":475,"caption":"Sorgte f\u00fcr angeregte Diskussionen am Alpensymposium: Guy Verhofstadt (Foto: thb)"},{"@type":"BreadcrumbList","@id":"https:\/\/www.organisator.ch\/de\/allgemein\/2017-01-12\/alpensymposium-2017-trumputin-brexit-und-populismus\/#breadcrumb","itemListElement":[{"@type":"ListItem","position":1,"name":"Home","item":"https:\/\/www.organisator.ch\/"},{"@type":"ListItem","position":2,"name":"Alpensymposium 2017: Trumputin, Brexit und Populismus"}]},{"@type":"WebSite","@id":"https:\/\/www.organisator.ch\/#website","url":"https:\/\/www.organisator.ch\/","name":"Organisator","description":"Kompetent. Praxisnah. Der ORGANISATOR bereitet in 10 Ausgaben pro Jahr die wesentlichen Themen f\u00fcr F\u00fchrungskr\u00e4fte von KMU auf.","publisher":{"@id":"https:\/\/www.organisator.ch\/#organization"},"potentialAction":[{"@type":"SearchAction","target":{"@type":"EntryPoint","urlTemplate":"https:\/\/www.organisator.ch\/?s={search_term_string}"},"query-input":{"@type":"PropertyValueSpecification","valueRequired":true,"valueName":"search_term_string"}}],"inLanguage":"de"},{"@type":"Organization","@id":"https:\/\/www.organisator.ch\/#organization","name":"Organisator","url":"https:\/\/www.organisator.ch\/","logo":{"@type":"ImageObject","inLanguage":"de","@id":"https:\/\/www.organisator.ch\/#\/schema\/logo\/image\/","url":"https:\/\/www.organisator.ch\/wp-content\/uploads\/2022\/01\/Logo_Organisator_Website.png","contentUrl":"https:\/\/www.organisator.ch\/wp-content\/uploads\/2022\/01\/Logo_Organisator_Website.png","width":800,"height":77,"caption":"Organisator"},"image":{"@id":"https:\/\/www.organisator.ch\/#\/schema\/logo\/image\/"},"sameAs":["https:\/\/www.facebook.com\/OrganisatorFachmagazin","https:\/\/www.linkedin.com\/showcase\/organisator-das-magazin-fr-kmu","https:\/\/www.xing.com\/news\/pages\/organisator-ch-695","https:\/\/www.youtube.com\/channel\/UCGP2Sq0iWaZwT3BdIAQFYpw"]},{"@type":"Person","@id":"https:\/\/www.organisator.ch\/#\/schema\/person\/6f650f90b2842cd4c0cc334b4e36f67e","name":"thomas.berner","image":{"@type":"ImageObject","inLanguage":"de","@id":"https:\/\/secure.gravatar.com\/avatar\/ac5001d2a36cb6c6cd3e50789007ffca834b477b74a2144564522e944eabff61?s=96&d=mm&r=g","url":"https:\/\/secure.gravatar.com\/avatar\/ac5001d2a36cb6c6cd3e50789007ffca834b477b74a2144564522e944eabff61?s=96&d=mm&r=g","contentUrl":"https:\/\/secure.gravatar.com\/avatar\/ac5001d2a36cb6c6cd3e50789007ffca834b477b74a2144564522e944eabff61?s=96&d=mm&r=g","caption":"thomas.berner"},"url":"https:\/\/www.organisator.ch\/de\/author\/thomas-berner\/"}]}},"_links":{"self":[{"href":"https:\/\/www.organisator.ch\/de\/wp-json\/wp\/v2\/posts\/1352","targetHints":{"allow":["GET"]}}],"collection":[{"href":"https:\/\/www.organisator.ch\/de\/wp-json\/wp\/v2\/posts"}],"about":[{"href":"https:\/\/www.organisator.ch\/de\/wp-json\/wp\/v2\/types\/post"}],"author":[{"embeddable":true,"href":"https:\/\/www.organisator.ch\/de\/wp-json\/wp\/v2\/users\/4"}],"replies":[{"embeddable":true,"href":"https:\/\/www.organisator.ch\/de\/wp-json\/wp\/v2\/comments?post=1352"}],"version-history":[{"count":0,"href":"https:\/\/www.organisator.ch\/de\/wp-json\/wp\/v2\/posts\/1352\/revisions"}],"wp:featuredmedia":[{"embeddable":true,"href":"https:\/\/www.organisator.ch\/de\/wp-json\/wp\/v2\/media\/1355"}],"wp:attachment":[{"href":"https:\/\/www.organisator.ch\/de\/wp-json\/wp\/v2\/media?parent=1352"}],"wp:term":[{"taxonomy":"category","embeddable":true,"href":"https:\/\/www.organisator.ch\/de\/wp-json\/wp\/v2\/categories?post=1352"},{"taxonomy":"post_tag","embeddable":true,"href":"https:\/\/www.organisator.ch\/de\/wp-json\/wp\/v2\/tags?post=1352"}],"curies":[{"name":"wp","href":"https:\/\/api.w.org\/{rel}","templated":true}]}}