{"id":13705,"date":"2022-06-07T18:10:58","date_gmt":"2022-06-07T16:10:58","guid":{"rendered":"https:\/\/www.organisator.ch\/?p=13705"},"modified":"2022-06-15T10:51:40","modified_gmt":"2022-06-15T08:51:40","slug":"schweizer-ethikpreis-zeichnet-vier-projekte-aus","status":"publish","type":"post","link":"https:\/\/www.organisator.ch\/de\/sustainability\/2022-06-07\/schweizer-ethikpreis-zeichnet-vier-projekte-aus\/","title":{"rendered":"Schweizer Ethikpreis zeichnet vier Projekte aus"},"content":{"rendered":"<figure id=\"attachment_13707\" class=\"wp-caption alignnone\" style=\"width: 680px;\" aria-describedby=\"caption-attachment-13707\"><img class=\"size-full wp-image-13707\" src=\"https:\/\/www.organisator.ch\/wp-content\/uploads\/2022\/06\/Schweizer-Ethikpreis-zeichnet-vier-Projekte-aus_Organisator.jpg\" sizes=\"(max-width: 680px) 100vw, 680px\" srcset=\"https:\/\/www.organisator.ch\/wp-content\/uploads\/2022\/06\/Schweizer-Ethikpreis-zeichnet-vier-Projekte-aus_Organisator.jpg 680w, https:\/\/www.organisator.ch\/wp-content\/uploads\/2022\/06\/Schweizer-Ethikpreis-zeichnet-vier-Projekte-aus_Organisator-15x12.jpg 15w, https:\/\/www.organisator.ch\/wp-content\/uploads\/2022\/06\/Schweizer-Ethikpreis-zeichnet-vier-Projekte-aus_Organisator-217x175.jpg 217w, https:\/\/www.organisator.ch\/wp-content\/uploads\/2022\/06\/Schweizer-Ethikpreis-zeichnet-vier-Projekte-aus_Organisator-434x350.jpg 434w, https:\/\/www.organisator.ch\/wp-content\/uploads\/2022\/06\/Schweizer-Ethikpreis-zeichnet-vier-Projekte-aus_Organisator-300x242.jpg 300w\" alt=\"\" width=\"680\" height=\"549\" \/><figcaption id=\"caption-attachment-13707\" class=\"wp-caption-text\">Das Unternehmen Wepot aus Villeneuve gewinnt den Schweizer Ethikpreis zusammen mit zwei anderen Organisationen. Ein viertes Projekt erh\u00e4lt den \u201eCoup de Coeur\u201c der Studierenden der HEIG-VD. (Bild: HEIG-VD \/ Prix Ethique)<\/figcaption><\/figure>\r\nDer 2005 von der Haute \u00c9cole d\u2019Ing\u00e9nierie et de Gestion du canton de Vaud (HEIG-VD) ins Leben gerufene Schweizer Ethikpreis ist ein unabh\u00e4ngiger Preis, der die Integration der Unternehmensethik und der nachhaltigen Entwicklung in die Strategie von Unternehmen sowie \u00f6ffentlichen und privaten Organisationen f\u00f6rdert. Der Preis zeichnet jedes Jahr Projekte aus, die von anderen \u00fcbernommen oder nachgeahmt werden k\u00f6nnen, mit dem Ziel, diese strategischen Ans\u00e4tze zu popularisieren und konkrete Best Practices zu etablieren.\r\n<h3>Schweizer Ethikpreis zum 17. Mal vergeben<\/h3>\r\nDie beiden Jurys des Schweizer Ethikpreises \u2013 die Jury aus Vertretern von Berufs-, Wirtschafts- und Vereinskreisen und die Studentenjury \u2013 haben ihre Urteile nun gef\u00e4llt. Die Preistr\u00e4ger der 17. Ausgabe des Wettbewerbs sind das Unternehmen Wepot, die Alternative Bank Schweiz, der Verein Mes mains t\u2018accompagnent und das Unternehmen Bloom Biorenewables. Sie wurden f\u00fcr ihr Engagement in den Bereichen Unternehmensethik und nachhaltige Entwicklung ausgezeichnet.\r\n<h3>Alte Technologie revolutioniert<\/h3>\r\nWepot hat sich zum Ziel gesetzt, die Bew\u00e4sserung von Pflanzen mithilfe einer jahrtausendealten Technologie zu revolutionieren. 2018 verhalf das Unternehmen der Olla, der Bew\u00e4sserung mit Kr\u00fcgen, zu einem Comeback. Diese Technik besteht darin, Tont\u00f6pfe mit Wasser zu f\u00fcllen und neben den Pflanzen einzugraben. Der por\u00f6se Ton l\u00e4sst das Wasser langsam durch die W\u00e4nde in die Erde sickern, sodass sich die Pflanze ganz nach Bedarf das Wasser holen kann, das sie ben\u00f6tigt. Dieses System bietet eine Autonomie von zehn Tagen, spart bis zu 70 % Wasser und vermeidet gleichzeitig Wasserstress, da sich die Pflanze selbst reguliert. Das Unternehmen beruht auf einer zirkul\u00e4ren, lokalen und sozialen Wirtschaft.\r\n<h3>Bank, die ethische Werte in den Vordergrund stellt<\/h3>\r\nDie Alternative Bank Schweiz AG (ABS) wurde 1990 gegr\u00fcndet. Sie unterscheidet sich von anderen Bankinstituten, indem sie ethische Werte in den Vordergrund stellt und auf Gewinnmaximierung verzichtet. Sie investiert die Gelder ihrer Kundschaft in soziale und \u00f6kologische Unternehmen und Projekte, die eine positive Wirkung auf die Gesellschaft und die Umwelt erzielen m\u00fcssen. Um zu zeigen, wof\u00fcr das Geld, das sie erh\u00e4lt, verwendet wird, ver\u00f6ffentlicht die ABS eine Liste aller vergebenen Kredite.\r\n<h3>Begleitung f\u00fcr Sterbende und Trauernde<\/h3>\r\nDer Verein Mes mains t\u2019accompagnent (Meine H\u00e4nde begleiten dich) unterst\u00fctzt \u00e4ltere, sterbende, trauernde, kranke und behinderte Menschen sowie deren pflegende Angeh\u00f6rige mit Worten und Ber\u00fchrungen. Die Organisation besucht diese Menschen in Pflegeheimen, Einrichtungen, Spit\u00e4lern oder zu Hause. Die Therapeutinnen und Therapeuten sind f\u00fcr die Begleitung von am Lebensende stehenden Menschen ausgebildet und von den Zusatzversicherungen zugelassen.\r\n<h3>Alternative zu Erd\u00f6l: Der \u00abCoup de Coeur\u00bb der Studierenden<\/h3>\r\nBloom Biorenewables SA ist ein Startup-Unternehmen, das aus der ETHL hervorgegangen ist. Es hat sich zum Ziel gesetzt, Biomasse mithilfe nachhaltiger und effizienter Technologien, welche die Herstellung leistungsstarker und wettbewerbsf\u00e4higer Produkte aus pflanzlichen Nebenprodukten erm\u00f6glichen, zu einer echten Alternative zum Erd\u00f6l zu machen. Damit reagiert das Unternehmen auf den Bedarf der Industrie, die ihre Abh\u00e4ngigkeit von fossilen Ressourcen in M\u00e4rkten wie denjenigen f\u00fcr Parf\u00fcms, Verpackungen und Baustoffe verringern m\u00f6chte.\r\n\r\n<em>Weitere Informationen: <a href=\"http:\/\/www.prixethique.ch\/\">www.prixethique.ch<\/a><\/em>\r\n\r\nThe post <a href=\"https:\/\/www.organisator.ch\/de\/sustainability\/2022-06-07\/schweizer-ethikpreis-zeichnet-vier-projekte-aus\/\" rel=\"nofollow\">Schweizer Ethikpreis zeichnet vier Projekte aus<\/a> appeared first on <a href=\"https:\/\/www.organisator.ch\/de\" rel=\"nofollow\">Organisator<\/a>.","protected":false},"excerpt":{"rendered":"<p>Der 2005 von der Haute \u00c9cole d\u2019Ing\u00e9nierie et de Gestion du canton de Vaud (HEIG-VD) ins Leben gerufene Schweizer Ethikpreis ist ein unabh\u00e4ngiger Preis, der die Integration der Unternehmensethik und der nachhaltigen Entwicklung in die Strategie von Unternehmen sowie \u00f6ffentlichen und privaten Organisationen f\u00f6rdert. Der Preis zeichnet jedes Jahr Projekte aus, die von anderen \u00fcbernommen [\u2026]<\/p>\n<p>The post <a rel=\"nofollow\" href=\"https:\/\/www.organisator.ch\/de\/sustainability\/2022-06-07\/schweizer-ethikpreis-zeichnet-vier-projekte-aus\/\">Schweizer Ethikpreis zeichnet vier Projekte aus<\/a> appeared first on <a rel=\"nofollow\" href=\"https:\/\/www.organisator.ch\/de\">Organisator<\/a>.<\/p>\n","protected":false},"author":4,"featured_media":0,"comment_status":"closed","ping_status":"closed","sticky":false,"template":"","format":"standard","meta":{"_acf_changed":false,"_yoast_wpseo_focuskw":"Schweizer Ethikpreis","_yoast_wpseo_metadesc":"Vier Projekte werden mit dem Schweizer Ethikpreis ausgezeichnet, davon auch eines mit dem \u00abCoup de Coeur\u00bb von Studierenden der HEIG-VD.","articlekey":"","footnotes":""},"categories":[580],"tags":[66,358,492],"class_list":["post-13705","post","type-post","status-publish","format-standard","hentry","category-sustainability","tag-awards","tag-nachhaltige-wirtschaft","tag-unternehmen"],"acf":[],"yoast_head":"<!-- This site is optimized with the Yoast SEO plugin v27.5 - https:\/\/yoast.com\/product\/yoast-seo-wordpress\/ -->\n<title>Schweizer Ethikpreis zeichnet vier Projekte aus - Organisator<\/title>\n<meta name=\"description\" content=\"Vier Projekte werden mit dem Schweizer Ethikpreis ausgezeichnet, davon auch eines mit dem \u00abCoup de Coeur\u00bb von Studierenden der HEIG-VD.\" \/>\n<meta name=\"robots\" content=\"index, follow, max-snippet:-1, max-image-preview:large, max-video-preview:-1\" \/>\n<link rel=\"canonical\" href=\"https:\/\/www.organisator.ch\/de\/sustainability\/2022-06-07\/schweizer-ethikpreis-zeichnet-vier-projekte-aus\/\" \/>\n<meta property=\"og:locale\" content=\"de_DE\" \/>\n<meta property=\"og:type\" content=\"article\" \/>\n<meta property=\"og:title\" content=\"Schweizer Ethikpreis zeichnet vier Projekte aus\" \/>\n<meta property=\"og:description\" content=\"Vier Projekte werden mit dem Schweizer Ethikpreis ausgezeichnet, davon auch eines mit dem \u00abCoup de Coeur\u00bb von Studierenden der HEIG-VD.\" \/>\n<meta property=\"og:url\" content=\"https:\/\/www.organisator.ch\/de\/sustainability\/2022-06-07\/schweizer-ethikpreis-zeichnet-vier-projekte-aus\/\" \/>\n<meta property=\"og:site_name\" content=\"Organisator\" \/>\n<meta property=\"article:publisher\" content=\"https:\/\/www.facebook.com\/OrganisatorFachmagazin\" \/>\n<meta property=\"article:published_time\" content=\"2022-06-07T16:10:58+00:00\" \/>\n<meta property=\"article:modified_time\" content=\"2022-06-15T08:51:40+00:00\" \/>\n<meta property=\"og:image\" content=\"https:\/\/www.organisator.ch\/wp-content\/uploads\/2022\/06\/Schweizer-Ethikpreis-zeichnet-vier-Projekte-aus_Organisator.jpg\" \/>\n\t<meta property=\"og:image:width\" content=\"680\" \/>\n\t<meta property=\"og:image:height\" content=\"549\" \/>\n\t<meta property=\"og:image:type\" content=\"image\/jpeg\" \/>\n<meta name=\"author\" content=\"thomas.berner\" \/>\n<meta name=\"twitter:card\" content=\"summary_large_image\" \/>\n<meta name=\"twitter:title\" content=\"Schweizer #Ethikpreis zeichnet vier #Projekte aus\" \/>\n<meta name=\"twitter:description\" content=\"Vier #Projekte werden mit dem Schweizer #Ethikpreis ausgezeichnet, davon auch eines mit dem \u00abCoup de Coeur\u00bb von Studierenden der #HEIG-VD.\" \/>\n<meta name=\"twitter:image\" content=\"https:\/\/www.organisator.ch\/wp-content\/uploads\/2022\/06\/Schweizer-Ethikpreis-zeichnet-vier-Projekte-aus_Organisator.jpg\" \/>\n<script type=\"application\/ld+json\" class=\"yoast-schema-graph\">{\"@context\":\"https:\\\/\\\/schema.org\",\"@graph\":[{\"@type\":\"Article\",\"@id\":\"https:\\\/\\\/www.organisator.ch\\\/sustainability\\\/2022-06-07\\\/schweizer-ethikpreis-zeichnet-vier-projekte-aus\\\/#article\",\"isPartOf\":{\"@id\":\"https:\\\/\\\/www.organisator.ch\\\/sustainability\\\/2022-06-07\\\/schweizer-ethikpreis-zeichnet-vier-projekte-aus\\\/\"},\"author\":{\"name\":\"thomas.berner\",\"@id\":\"https:\\\/\\\/www.organisator.ch\\\/#\\\/schema\\\/person\\\/6f650f90b2842cd4c0cc334b4e36f67e\"},\"headline\":\"Schweizer Ethikpreis zeichnet vier Projekte aus\",\"datePublished\":\"2022-06-07T16:10:58+00:00\",\"dateModified\":\"2022-06-15T08:51:40+00:00\",\"mainEntityOfPage\":{\"@id\":\"https:\\\/\\\/www.organisator.ch\\\/sustainability\\\/2022-06-07\\\/schweizer-ethikpreis-zeichnet-vier-projekte-aus\\\/\"},\"wordCount\":555,\"publisher\":{\"@id\":\"https:\\\/\\\/www.organisator.ch\\\/#organization\"},\"image\":{\"@id\":\"https:\\\/\\\/www.organisator.ch\\\/sustainability\\\/2022-06-07\\\/schweizer-ethikpreis-zeichnet-vier-projekte-aus\\\/#primaryimage\"},\"thumbnailUrl\":\"https:\\\/\\\/www.organisator.ch\\\/wp-content\\\/uploads\\\/2022\\\/06\\\/Schweizer-Ethikpreis-zeichnet-vier-Projekte-aus_Organisator.jpg\",\"keywords\":[\"Awards\",\"Nachhaltige Wirtschaft\",\"Unternehmen\"],\"articleSection\":[\"SUSTAINABILITY\"],\"inLanguage\":\"de\"},{\"@type\":\"WebPage\",\"@id\":\"https:\\\/\\\/www.organisator.ch\\\/sustainability\\\/2022-06-07\\\/schweizer-ethikpreis-zeichnet-vier-projekte-aus\\\/\",\"url\":\"https:\\\/\\\/www.organisator.ch\\\/sustainability\\\/2022-06-07\\\/schweizer-ethikpreis-zeichnet-vier-projekte-aus\\\/\",\"name\":\"Schweizer Ethikpreis zeichnet vier Projekte aus - Organisator\",\"isPartOf\":{\"@id\":\"https:\\\/\\\/www.organisator.ch\\\/#website\"},\"primaryImageOfPage\":{\"@id\":\"https:\\\/\\\/www.organisator.ch\\\/sustainability\\\/2022-06-07\\\/schweizer-ethikpreis-zeichnet-vier-projekte-aus\\\/#primaryimage\"},\"image\":{\"@id\":\"https:\\\/\\\/www.organisator.ch\\\/sustainability\\\/2022-06-07\\\/schweizer-ethikpreis-zeichnet-vier-projekte-aus\\\/#primaryimage\"},\"thumbnailUrl\":\"https:\\\/\\\/www.organisator.ch\\\/wp-content\\\/uploads\\\/2022\\\/06\\\/Schweizer-Ethikpreis-zeichnet-vier-Projekte-aus_Organisator.jpg\",\"datePublished\":\"2022-06-07T16:10:58+00:00\",\"dateModified\":\"2022-06-15T08:51:40+00:00\",\"description\":\"Vier Projekte werden mit dem Schweizer Ethikpreis ausgezeichnet, davon auch eines mit dem \u00abCoup de Coeur\u00bb von Studierenden der HEIG-VD.\",\"breadcrumb\":{\"@id\":\"https:\\\/\\\/www.organisator.ch\\\/sustainability\\\/2022-06-07\\\/schweizer-ethikpreis-zeichnet-vier-projekte-aus\\\/#breadcrumb\"},\"inLanguage\":\"de\",\"potentialAction\":[{\"@type\":\"ReadAction\",\"target\":[\"https:\\\/\\\/www.organisator.ch\\\/sustainability\\\/2022-06-07\\\/schweizer-ethikpreis-zeichnet-vier-projekte-aus\\\/\"]}]},{\"@type\":\"ImageObject\",\"inLanguage\":\"de\",\"@id\":\"https:\\\/\\\/www.organisator.ch\\\/sustainability\\\/2022-06-07\\\/schweizer-ethikpreis-zeichnet-vier-projekte-aus\\\/#primaryimage\",\"url\":\"https:\\\/\\\/www.organisator.ch\\\/wp-content\\\/uploads\\\/2022\\\/06\\\/Schweizer-Ethikpreis-zeichnet-vier-Projekte-aus_Organisator.jpg\",\"contentUrl\":\"https:\\\/\\\/www.organisator.ch\\\/wp-content\\\/uploads\\\/2022\\\/06\\\/Schweizer-Ethikpreis-zeichnet-vier-Projekte-aus_Organisator.jpg\"},{\"@type\":\"BreadcrumbList\",\"@id\":\"https:\\\/\\\/www.organisator.ch\\\/sustainability\\\/2022-06-07\\\/schweizer-ethikpreis-zeichnet-vier-projekte-aus\\\/#breadcrumb\",\"itemListElement\":[{\"@type\":\"ListItem\",\"position\":1,\"name\":\"Home\",\"item\":\"https:\\\/\\\/www.organisator.ch\\\/\"},{\"@type\":\"ListItem\",\"position\":2,\"name\":\"Schweizer Ethikpreis zeichnet vier Projekte aus\"}]},{\"@type\":\"WebSite\",\"@id\":\"https:\\\/\\\/www.organisator.ch\\\/#website\",\"url\":\"https:\\\/\\\/www.organisator.ch\\\/\",\"name\":\"Organisator\",\"description\":\"Kompetent. Praxisnah. Der ORGANISATOR bereitet in 10 Ausgaben pro Jahr die wesentlichen Themen f\u00fcr F\u00fchrungskr\u00e4fte von KMU auf.\",\"publisher\":{\"@id\":\"https:\\\/\\\/www.organisator.ch\\\/#organization\"},\"potentialAction\":[{\"@type\":\"SearchAction\",\"target\":{\"@type\":\"EntryPoint\",\"urlTemplate\":\"https:\\\/\\\/www.organisator.ch\\\/?s={search_term_string}\"},\"query-input\":{\"@type\":\"PropertyValueSpecification\",\"valueRequired\":true,\"valueName\":\"search_term_string\"}}],\"inLanguage\":\"de\"},{\"@type\":\"Organization\",\"@id\":\"https:\\\/\\\/www.organisator.ch\\\/#organization\",\"name\":\"Organisator\",\"url\":\"https:\\\/\\\/www.organisator.ch\\\/\",\"logo\":{\"@type\":\"ImageObject\",\"inLanguage\":\"de\",\"@id\":\"https:\\\/\\\/www.organisator.ch\\\/#\\\/schema\\\/logo\\\/image\\\/\",\"url\":\"https:\\\/\\\/www.organisator.ch\\\/wp-content\\\/uploads\\\/2022\\\/01\\\/Logo_Organisator_Website.png\",\"contentUrl\":\"https:\\\/\\\/www.organisator.ch\\\/wp-content\\\/uploads\\\/2022\\\/01\\\/Logo_Organisator_Website.png\",\"width\":800,\"height\":77,\"caption\":\"Organisator\"},\"image\":{\"@id\":\"https:\\\/\\\/www.organisator.ch\\\/#\\\/schema\\\/logo\\\/image\\\/\"},\"sameAs\":[\"https:\\\/\\\/www.facebook.com\\\/OrganisatorFachmagazin\",\"https:\\\/\\\/www.linkedin.com\\\/showcase\\\/organisator-das-magazin-fr-kmu\",\"https:\\\/\\\/www.xing.com\\\/news\\\/pages\\\/organisator-ch-695\",\"https:\\\/\\\/www.youtube.com\\\/channel\\\/UCGP2Sq0iWaZwT3BdIAQFYpw\"]},{\"@type\":\"Person\",\"@id\":\"https:\\\/\\\/www.organisator.ch\\\/#\\\/schema\\\/person\\\/6f650f90b2842cd4c0cc334b4e36f67e\",\"name\":\"thomas.berner\",\"image\":{\"@type\":\"ImageObject\",\"inLanguage\":\"de\",\"@id\":\"https:\\\/\\\/secure.gravatar.com\\\/avatar\\\/ac5001d2a36cb6c6cd3e50789007ffca834b477b74a2144564522e944eabff61?s=96&d=mm&r=g\",\"url\":\"https:\\\/\\\/secure.gravatar.com\\\/avatar\\\/ac5001d2a36cb6c6cd3e50789007ffca834b477b74a2144564522e944eabff61?s=96&d=mm&r=g\",\"contentUrl\":\"https:\\\/\\\/secure.gravatar.com\\\/avatar\\\/ac5001d2a36cb6c6cd3e50789007ffca834b477b74a2144564522e944eabff61?s=96&d=mm&r=g\",\"caption\":\"thomas.berner\"},\"url\":\"https:\\\/\\\/www.organisator.ch\\\/de\\\/author\\\/thomas-berner\\\/\"}]}<\/script>\n<!-- \/ Yoast SEO plugin. -->","yoast_head_json":{"title":"Schweizer Ethikpreis zeichnet vier Projekte aus - Organisator","description":"Vier Projekte werden mit dem Schweizer Ethikpreis ausgezeichnet, davon auch eines mit dem \u00abCoup de Coeur\u00bb von Studierenden der HEIG-VD.","robots":{"index":"index","follow":"follow","max-snippet":"max-snippet:-1","max-image-preview":"max-image-preview:large","max-video-preview":"max-video-preview:-1"},"canonical":"https:\/\/www.organisator.ch\/de\/sustainability\/2022-06-07\/schweizer-ethikpreis-zeichnet-vier-projekte-aus\/","og_locale":"de_DE","og_type":"article","og_title":"Schweizer Ethikpreis zeichnet vier Projekte aus","og_description":"Vier Projekte werden mit dem Schweizer Ethikpreis ausgezeichnet, davon auch eines mit dem \u00abCoup de Coeur\u00bb von Studierenden der HEIG-VD.","og_url":"https:\/\/www.organisator.ch\/de\/sustainability\/2022-06-07\/schweizer-ethikpreis-zeichnet-vier-projekte-aus\/","og_site_name":"Organisator","article_publisher":"https:\/\/www.facebook.com\/OrganisatorFachmagazin","article_published_time":"2022-06-07T16:10:58+00:00","article_modified_time":"2022-06-15T08:51:40+00:00","og_image":[{"width":680,"height":549,"url":"https:\/\/www.organisator.ch\/wp-content\/uploads\/2022\/06\/Schweizer-Ethikpreis-zeichnet-vier-Projekte-aus_Organisator.jpg","type":"image\/jpeg"}],"author":"thomas.berner","twitter_card":"summary_large_image","twitter_title":"Schweizer #Ethikpreis zeichnet vier #Projekte aus","twitter_description":"Vier #Projekte werden mit dem Schweizer #Ethikpreis ausgezeichnet, davon auch eines mit dem \u00abCoup de Coeur\u00bb von Studierenden der #HEIG-VD.","twitter_image":"https:\/\/www.organisator.ch\/wp-content\/uploads\/2022\/06\/Schweizer-Ethikpreis-zeichnet-vier-Projekte-aus_Organisator.jpg","schema":{"@context":"https:\/\/schema.org","@graph":[{"@type":"Article","@id":"https:\/\/www.organisator.ch\/sustainability\/2022-06-07\/schweizer-ethikpreis-zeichnet-vier-projekte-aus\/#article","isPartOf":{"@id":"https:\/\/www.organisator.ch\/sustainability\/2022-06-07\/schweizer-ethikpreis-zeichnet-vier-projekte-aus\/"},"author":{"name":"thomas.berner","@id":"https:\/\/www.organisator.ch\/#\/schema\/person\/6f650f90b2842cd4c0cc334b4e36f67e"},"headline":"Schweizer Ethikpreis zeichnet vier Projekte aus","datePublished":"2022-06-07T16:10:58+00:00","dateModified":"2022-06-15T08:51:40+00:00","mainEntityOfPage":{"@id":"https:\/\/www.organisator.ch\/sustainability\/2022-06-07\/schweizer-ethikpreis-zeichnet-vier-projekte-aus\/"},"wordCount":555,"publisher":{"@id":"https:\/\/www.organisator.ch\/#organization"},"image":{"@id":"https:\/\/www.organisator.ch\/sustainability\/2022-06-07\/schweizer-ethikpreis-zeichnet-vier-projekte-aus\/#primaryimage"},"thumbnailUrl":"https:\/\/www.organisator.ch\/wp-content\/uploads\/2022\/06\/Schweizer-Ethikpreis-zeichnet-vier-Projekte-aus_Organisator.jpg","keywords":["Awards","Nachhaltige Wirtschaft","Unternehmen"],"articleSection":["SUSTAINABILITY"],"inLanguage":"de"},{"@type":"WebPage","@id":"https:\/\/www.organisator.ch\/sustainability\/2022-06-07\/schweizer-ethikpreis-zeichnet-vier-projekte-aus\/","url":"https:\/\/www.organisator.ch\/sustainability\/2022-06-07\/schweizer-ethikpreis-zeichnet-vier-projekte-aus\/","name":"Schweizer Ethikpreis zeichnet vier Projekte aus - Organisator","isPartOf":{"@id":"https:\/\/www.organisator.ch\/#website"},"primaryImageOfPage":{"@id":"https:\/\/www.organisator.ch\/sustainability\/2022-06-07\/schweizer-ethikpreis-zeichnet-vier-projekte-aus\/#primaryimage"},"image":{"@id":"https:\/\/www.organisator.ch\/sustainability\/2022-06-07\/schweizer-ethikpreis-zeichnet-vier-projekte-aus\/#primaryimage"},"thumbnailUrl":"https:\/\/www.organisator.ch\/wp-content\/uploads\/2022\/06\/Schweizer-Ethikpreis-zeichnet-vier-Projekte-aus_Organisator.jpg","datePublished":"2022-06-07T16:10:58+00:00","dateModified":"2022-06-15T08:51:40+00:00","description":"Vier Projekte werden mit dem Schweizer Ethikpreis ausgezeichnet, davon auch eines mit dem \u00abCoup de Coeur\u00bb von Studierenden der HEIG-VD.","breadcrumb":{"@id":"https:\/\/www.organisator.ch\/sustainability\/2022-06-07\/schweizer-ethikpreis-zeichnet-vier-projekte-aus\/#breadcrumb"},"inLanguage":"de","potentialAction":[{"@type":"ReadAction","target":["https:\/\/www.organisator.ch\/sustainability\/2022-06-07\/schweizer-ethikpreis-zeichnet-vier-projekte-aus\/"]}]},{"@type":"ImageObject","inLanguage":"de","@id":"https:\/\/www.organisator.ch\/sustainability\/2022-06-07\/schweizer-ethikpreis-zeichnet-vier-projekte-aus\/#primaryimage","url":"https:\/\/www.organisator.ch\/wp-content\/uploads\/2022\/06\/Schweizer-Ethikpreis-zeichnet-vier-Projekte-aus_Organisator.jpg","contentUrl":"https:\/\/www.organisator.ch\/wp-content\/uploads\/2022\/06\/Schweizer-Ethikpreis-zeichnet-vier-Projekte-aus_Organisator.jpg"},{"@type":"BreadcrumbList","@id":"https:\/\/www.organisator.ch\/sustainability\/2022-06-07\/schweizer-ethikpreis-zeichnet-vier-projekte-aus\/#breadcrumb","itemListElement":[{"@type":"ListItem","position":1,"name":"Home","item":"https:\/\/www.organisator.ch\/"},{"@type":"ListItem","position":2,"name":"Schweizer Ethikpreis zeichnet vier Projekte aus"}]},{"@type":"WebSite","@id":"https:\/\/www.organisator.ch\/#website","url":"https:\/\/www.organisator.ch\/","name":"Organisator","description":"Kompetent. Praxisnah. Der ORGANISATOR bereitet in 10 Ausgaben pro Jahr die wesentlichen Themen f\u00fcr F\u00fchrungskr\u00e4fte von KMU auf.","publisher":{"@id":"https:\/\/www.organisator.ch\/#organization"},"potentialAction":[{"@type":"SearchAction","target":{"@type":"EntryPoint","urlTemplate":"https:\/\/www.organisator.ch\/?s={search_term_string}"},"query-input":{"@type":"PropertyValueSpecification","valueRequired":true,"valueName":"search_term_string"}}],"inLanguage":"de"},{"@type":"Organization","@id":"https:\/\/www.organisator.ch\/#organization","name":"Organisator","url":"https:\/\/www.organisator.ch\/","logo":{"@type":"ImageObject","inLanguage":"de","@id":"https:\/\/www.organisator.ch\/#\/schema\/logo\/image\/","url":"https:\/\/www.organisator.ch\/wp-content\/uploads\/2022\/01\/Logo_Organisator_Website.png","contentUrl":"https:\/\/www.organisator.ch\/wp-content\/uploads\/2022\/01\/Logo_Organisator_Website.png","width":800,"height":77,"caption":"Organisator"},"image":{"@id":"https:\/\/www.organisator.ch\/#\/schema\/logo\/image\/"},"sameAs":["https:\/\/www.facebook.com\/OrganisatorFachmagazin","https:\/\/www.linkedin.com\/showcase\/organisator-das-magazin-fr-kmu","https:\/\/www.xing.com\/news\/pages\/organisator-ch-695","https:\/\/www.youtube.com\/channel\/UCGP2Sq0iWaZwT3BdIAQFYpw"]},{"@type":"Person","@id":"https:\/\/www.organisator.ch\/#\/schema\/person\/6f650f90b2842cd4c0cc334b4e36f67e","name":"thomas.berner","image":{"@type":"ImageObject","inLanguage":"de","@id":"https:\/\/secure.gravatar.com\/avatar\/ac5001d2a36cb6c6cd3e50789007ffca834b477b74a2144564522e944eabff61?s=96&d=mm&r=g","url":"https:\/\/secure.gravatar.com\/avatar\/ac5001d2a36cb6c6cd3e50789007ffca834b477b74a2144564522e944eabff61?s=96&d=mm&r=g","contentUrl":"https:\/\/secure.gravatar.com\/avatar\/ac5001d2a36cb6c6cd3e50789007ffca834b477b74a2144564522e944eabff61?s=96&d=mm&r=g","caption":"thomas.berner"},"url":"https:\/\/www.organisator.ch\/de\/author\/thomas-berner\/"}]}},"_links":{"self":[{"href":"https:\/\/www.organisator.ch\/de\/wp-json\/wp\/v2\/posts\/13705","targetHints":{"allow":["GET"]}}],"collection":[{"href":"https:\/\/www.organisator.ch\/de\/wp-json\/wp\/v2\/posts"}],"about":[{"href":"https:\/\/www.organisator.ch\/de\/wp-json\/wp\/v2\/types\/post"}],"author":[{"embeddable":true,"href":"https:\/\/www.organisator.ch\/de\/wp-json\/wp\/v2\/users\/4"}],"replies":[{"embeddable":true,"href":"https:\/\/www.organisator.ch\/de\/wp-json\/wp\/v2\/comments?post=13705"}],"version-history":[{"count":6,"href":"https:\/\/www.organisator.ch\/de\/wp-json\/wp\/v2\/posts\/13705\/revisions"}],"predecessor-version":[{"id":14240,"href":"https:\/\/www.organisator.ch\/de\/wp-json\/wp\/v2\/posts\/13705\/revisions\/14240"}],"wp:attachment":[{"href":"https:\/\/www.organisator.ch\/de\/wp-json\/wp\/v2\/media?parent=13705"}],"wp:term":[{"taxonomy":"category","embeddable":true,"href":"https:\/\/www.organisator.ch\/de\/wp-json\/wp\/v2\/categories?post=13705"},{"taxonomy":"post_tag","embeddable":true,"href":"https:\/\/www.organisator.ch\/de\/wp-json\/wp\/v2\/tags?post=13705"}],"curies":[{"name":"wp","href":"https:\/\/api.w.org\/{rel}","templated":true}]}}