{"id":1384,"date":"2017-01-19T10:41:11","date_gmt":"2017-01-19T09:41:11","guid":{"rendered":"https:\/\/organisator.ch\/?p=1384"},"modified":"2017-01-19T10:41:11","modified_gmt":"2017-01-19T09:41:11","slug":"bexio-uebernimmt-elohna","status":"publish","type":"post","link":"https:\/\/www.organisator.ch\/de\/management\/it\/2017-01-19\/bexio-uebernimmt-elohna\/","title":{"rendered":"bexio \u00fcbernimmt Elohna"},"content":{"rendered":"<figure id=\"attachment_1388\" aria-describedby=\"caption-attachment-1388\" style=\"width: 640px\" class=\"wp-caption alignnone\"><img loading=\"lazy\" decoding=\"async\" class=\"size-full wp-image-1388\" src=\"https:\/\/www.organisator.ch\/wp-content\/uploads\/2017\/01\/bexio-uebernimmt-Elohna_Organisator.jpg\" alt=\"\" width=\"640\" height=\"427\" srcset=\"https:\/\/www.organisator.ch\/wp-content\/uploads\/2017\/01\/bexio-uebernimmt-Elohna_Organisator.jpg 640w, https:\/\/www.organisator.ch\/wp-content\/uploads\/2017\/01\/bexio-uebernimmt-Elohna_Organisator-16x12.jpg 16w, https:\/\/www.organisator.ch\/wp-content\/uploads\/2017\/01\/bexio-uebernimmt-Elohna_Organisator-262x175.jpg 262w, https:\/\/www.organisator.ch\/wp-content\/uploads\/2017\/01\/bexio-uebernimmt-Elohna_Organisator-525x350.jpg 525w, https:\/\/www.organisator.ch\/wp-content\/uploads\/2017\/01\/bexio-uebernimmt-Elohna_Organisator-300x200.jpg 300w\" sizes=\"auto, (max-width: 640px) 100vw, 640px\" \/><figcaption id=\"caption-attachment-1388\" class=\"wp-caption-text\">Jeremias Meier, Gr\u00fcnder von bexio, f\u00fcgt mit der \u00dcbernahme der Elohna GmbH der Erfolgsstory seines Unternehmens ein neues Kapitel hinzu. (Archivbild Organisator)<\/figcaption><\/figure>\n<p align=\"LEFT\">bexio ist eine Anbieterin von webbasierter Business Software f\u00fcr KMU. Das Unternehmen mit Sitz in Rapperswil\u00a0\u00fcbernimmt nun die Elohna GmbH aus Berlin. Elohna entwickelt und vermarktet eine cloudbasierte Lohnbuchhaltung speziell f\u00fcr Schweizer KMU.\u00a0Das Unternehmen\u00a0wurde 2016 von den Doodle-Gr\u00fcndern Myke N\u00e4f und Paul Sevin\u00e7 initiiert, um die umst\u00e4ndliche Lohnbuchhaltung mit Excel-Tabellen durch moderne Online-Software zu ersetzen. \u00dcber den Kaufpreis wurde Stillschweigen vereinbart; die Elohna-Gr\u00fcnder werden mit der \u00dcbernahme zu Aktion\u00e4ren von bexio.<\/p>\n<p align=\"LEFT\">Dieser Schritt ist ein weiteres\u00a0Kapitel in der\u00a0Wachstums-Story des Schweizer Softwareunternehmens,\u00a0das\u00a0im\u00a0vergangenen September am &#8222;Top 100 Startup&#8220;-Award die Auszeichnung als bestes Software-Startup einheimsen konnte. Inzwischen z\u00e4hlt\u00a0bexio AG\u00a050 Mitarbeitende, und\u00a0mehr als 8000 Unternehmen arbeiten mit der Business Software. Mit der Lohnbuchhaltung\u00a0sollen es bald noch deutlich mehr werden: &#8222;Lohnbuchhaltung mit Excel war gestern. Dank bexio k\u00f6nnen nun noch mehr Unternehmerinnen und Unternehmer vom modernen Webservice profitieren&#8220;, freut sich Myke N\u00e4f, Initiant von Elohna. Gem\u00e4ss seinem Kollegen Paul Sevin\u00e7 w\u00fcrden die beiden Unternehmen perfekt zusammenpassen: &#8222;Beide sind einfach zu bedienende Software und dank Cloud immer erreichbar, was ideal ist f\u00fcr KMU.&#8220;<\/p>\n<p align=\"LEFT\">Marius Kreis, Mitgr\u00fcnder von Elohna und neuer Leiter der Niederlassung in Berlin: &#8222;Wir haben zahlreiche gemeinsame Kunden, die von der Kooperation profitieren werden.&#8220; Und Jeremias Meier, Mitgr\u00fcnder und Gesch\u00e4ftsf\u00fchrer von bexio, f\u00fcgt hinzu: &#8222;Ich bin beeindruckt, in welchem Tempo das Elohna-Team ein tolles Produkt entwickelt hat und freue mich sehr auf die weitere Zusammenarbeit. Sch\u00f6n, dass die Lohnbuchhaltung und das gesamte Team nun ein Teil unserer L\u00f6sung sind.&#8220; Besonders freut er sich, einen der h\u00e4ufigsten W\u00fcnsche von bexio-Kunden zu erf\u00fcllen: &#8222;Mit der Integration von Lohnbuchhaltung in die Buchhaltungssoftware machen wir Kleinunternehmern das Leben nochmals leichter und erweitern damit unsere Plattform.&#8220;<\/p>\n<p><a href=\"http:\/\/www.bexio.com\"><em>Weitere\u00a0Informationen<\/em><\/a><\/p>\n","protected":false},"excerpt":{"rendered":"<p>bexio ist eine Anbieterin von webbasierter Business Software f\u00fcr KMU. Das Unternehmen mit Sitz in Rapperswil\u00a0\u00fcbernimmt nun die Elohna GmbH aus Berlin. Elohna entwickelt und vermarktet eine cloudbasierte Lohnbuchhaltung speziell f\u00fcr Schweizer KMU.\u00a0Das Unternehmen\u00a0wurde 2016 von den Doodle-Gr\u00fcndern Myke N\u00e4f und Paul Sevin\u00e7 initiiert, um die umst\u00e4ndliche Lohnbuchhaltung mit Excel-Tabellen durch moderne Online-Software zu ersetzen. [&hellip;]<\/p>\n","protected":false},"author":4,"featured_media":1388,"comment_status":"open","ping_status":"open","sticky":false,"template":"","format":"standard","meta":{"_acf_changed":false,"_yoast_wpseo_focuskw":"bexio","_yoast_wpseo_metadesc":"bexio ist eine Anbieterin von webbasierter Business Software f\u00fcr KMU. Das Unternehmen mit Sitz in Rapperswil \u00fcbernimmt nun die Elohna GmbH aus Berlin.","articlekey":"","footnotes":""},"categories":[27],"tags":[202,290,393,492],"class_list":["post-1384","post","type-post","status-publish","format-standard","has-post-thumbnail","hentry","category-it","tag-finanzenrecht","tag-itbusiness-software","tag-produkte","tag-unternehmen"],"acf":[],"yoast_head":"<!-- This site is optimized with the Yoast SEO plugin v27.5 - https:\/\/yoast.com\/product\/yoast-seo-wordpress\/ -->\n<title>bexio \u00fcbernimmt Elohna - Organisator<\/title>\n<meta name=\"description\" content=\"bexio ist eine Anbieterin von webbasierter Business Software f\u00fcr KMU. Das Unternehmen mit Sitz in Rapperswil \u00fcbernimmt nun die Elohna GmbH aus Berlin.\" \/>\n<meta name=\"robots\" content=\"index, follow, max-snippet:-1, max-image-preview:large, max-video-preview:-1\" \/>\n<link rel=\"canonical\" href=\"https:\/\/www.organisator.ch\/de\/management\/it\/2017-01-19\/bexio-uebernimmt-elohna\/\" \/>\n<meta property=\"og:locale\" content=\"de_DE\" \/>\n<meta property=\"og:type\" content=\"article\" \/>\n<meta property=\"og:title\" content=\"bexio \u00fcbernimmt Elohna - Organisator\" \/>\n<meta property=\"og:description\" content=\"bexio ist eine Anbieterin von webbasierter Business Software f\u00fcr KMU. Das Unternehmen mit Sitz in Rapperswil \u00fcbernimmt nun die Elohna GmbH aus Berlin.\" \/>\n<meta property=\"og:url\" content=\"https:\/\/www.organisator.ch\/de\/management\/it\/2017-01-19\/bexio-uebernimmt-elohna\/\" \/>\n<meta property=\"og:site_name\" content=\"Organisator\" \/>\n<meta property=\"article:publisher\" content=\"https:\/\/www.facebook.com\/OrganisatorFachmagazin\" \/>\n<meta property=\"article:published_time\" content=\"2017-01-19T09:41:11+00:00\" \/>\n<meta property=\"og:image\" content=\"https:\/\/www.organisator.ch\/wp-content\/uploads\/2017\/01\/bexio-uebernimmt-Elohna_Organisator.jpg\" \/>\n\t<meta property=\"og:image:width\" content=\"640\" \/>\n\t<meta property=\"og:image:height\" content=\"427\" \/>\n\t<meta property=\"og:image:type\" content=\"image\/jpeg\" \/>\n<meta name=\"author\" content=\"thomas.berner\" \/>\n<meta name=\"twitter:card\" content=\"summary_large_image\" \/>\n<script type=\"application\/ld+json\" class=\"yoast-schema-graph\">{\"@context\":\"https:\\\/\\\/schema.org\",\"@graph\":[{\"@type\":\"Article\",\"@id\":\"https:\\\/\\\/www.organisator.ch\\\/management\\\/it\\\/2017-01-19\\\/bexio-uebernimmt-elohna\\\/#article\",\"isPartOf\":{\"@id\":\"https:\\\/\\\/www.organisator.ch\\\/management\\\/it\\\/2017-01-19\\\/bexio-uebernimmt-elohna\\\/\"},\"author\":{\"name\":\"thomas.berner\",\"@id\":\"https:\\\/\\\/www.organisator.ch\\\/#\\\/schema\\\/person\\\/6f650f90b2842cd4c0cc334b4e36f67e\"},\"headline\":\"bexio \u00fcbernimmt Elohna\",\"datePublished\":\"2017-01-19T09:41:11+00:00\",\"mainEntityOfPage\":{\"@id\":\"https:\\\/\\\/www.organisator.ch\\\/management\\\/it\\\/2017-01-19\\\/bexio-uebernimmt-elohna\\\/\"},\"wordCount\":335,\"commentCount\":0,\"publisher\":{\"@id\":\"https:\\\/\\\/www.organisator.ch\\\/#organization\"},\"image\":{\"@id\":\"https:\\\/\\\/www.organisator.ch\\\/management\\\/it\\\/2017-01-19\\\/bexio-uebernimmt-elohna\\\/#primaryimage\"},\"thumbnailUrl\":\"https:\\\/\\\/www.organisator.ch\\\/wp-content\\\/uploads\\\/2017\\\/01\\\/bexio-uebernimmt-Elohna_Organisator.jpg\",\"keywords\":[\"Finanzen\\\/Recht\",\"IT&amp;Business Software\",\"Produkte\",\"Unternehmen\"],\"articleSection\":[\"IT\"],\"inLanguage\":\"de\"},{\"@type\":\"WebPage\",\"@id\":\"https:\\\/\\\/www.organisator.ch\\\/management\\\/it\\\/2017-01-19\\\/bexio-uebernimmt-elohna\\\/\",\"url\":\"https:\\\/\\\/www.organisator.ch\\\/management\\\/it\\\/2017-01-19\\\/bexio-uebernimmt-elohna\\\/\",\"name\":\"bexio \u00fcbernimmt Elohna - Organisator\",\"isPartOf\":{\"@id\":\"https:\\\/\\\/www.organisator.ch\\\/#website\"},\"primaryImageOfPage\":{\"@id\":\"https:\\\/\\\/www.organisator.ch\\\/management\\\/it\\\/2017-01-19\\\/bexio-uebernimmt-elohna\\\/#primaryimage\"},\"image\":{\"@id\":\"https:\\\/\\\/www.organisator.ch\\\/management\\\/it\\\/2017-01-19\\\/bexio-uebernimmt-elohna\\\/#primaryimage\"},\"thumbnailUrl\":\"https:\\\/\\\/www.organisator.ch\\\/wp-content\\\/uploads\\\/2017\\\/01\\\/bexio-uebernimmt-Elohna_Organisator.jpg\",\"datePublished\":\"2017-01-19T09:41:11+00:00\",\"description\":\"bexio ist eine Anbieterin von webbasierter Business Software f\u00fcr KMU. Das Unternehmen mit Sitz in Rapperswil \u00fcbernimmt nun die Elohna GmbH aus Berlin.\",\"breadcrumb\":{\"@id\":\"https:\\\/\\\/www.organisator.ch\\\/management\\\/it\\\/2017-01-19\\\/bexio-uebernimmt-elohna\\\/#breadcrumb\"},\"inLanguage\":\"de\",\"potentialAction\":[{\"@type\":\"ReadAction\",\"target\":[\"https:\\\/\\\/www.organisator.ch\\\/management\\\/it\\\/2017-01-19\\\/bexio-uebernimmt-elohna\\\/\"]}]},{\"@type\":\"ImageObject\",\"inLanguage\":\"de\",\"@id\":\"https:\\\/\\\/www.organisator.ch\\\/management\\\/it\\\/2017-01-19\\\/bexio-uebernimmt-elohna\\\/#primaryimage\",\"url\":\"https:\\\/\\\/www.organisator.ch\\\/wp-content\\\/uploads\\\/2017\\\/01\\\/bexio-uebernimmt-Elohna_Organisator.jpg\",\"contentUrl\":\"https:\\\/\\\/www.organisator.ch\\\/wp-content\\\/uploads\\\/2017\\\/01\\\/bexio-uebernimmt-Elohna_Organisator.jpg\",\"width\":640,\"height\":427,\"caption\":\"Jeremias Meier, Gr\u00fcnder von bexio, f\u00fcgt der Erfolgsstory seines Unternehmens ein neues Kapitel hinzu. (Archivbild Organisator)\"},{\"@type\":\"BreadcrumbList\",\"@id\":\"https:\\\/\\\/www.organisator.ch\\\/management\\\/it\\\/2017-01-19\\\/bexio-uebernimmt-elohna\\\/#breadcrumb\",\"itemListElement\":[{\"@type\":\"ListItem\",\"position\":1,\"name\":\"Home\",\"item\":\"https:\\\/\\\/www.organisator.ch\\\/\"},{\"@type\":\"ListItem\",\"position\":2,\"name\":\"bexio \u00fcbernimmt Elohna\"}]},{\"@type\":\"WebSite\",\"@id\":\"https:\\\/\\\/www.organisator.ch\\\/#website\",\"url\":\"https:\\\/\\\/www.organisator.ch\\\/\",\"name\":\"Organisator\",\"description\":\"Kompetent. Praxisnah. Der ORGANISATOR bereitet in 10 Ausgaben pro Jahr die wesentlichen Themen f\u00fcr F\u00fchrungskr\u00e4fte von KMU auf.\",\"publisher\":{\"@id\":\"https:\\\/\\\/www.organisator.ch\\\/#organization\"},\"potentialAction\":[{\"@type\":\"SearchAction\",\"target\":{\"@type\":\"EntryPoint\",\"urlTemplate\":\"https:\\\/\\\/www.organisator.ch\\\/?s={search_term_string}\"},\"query-input\":{\"@type\":\"PropertyValueSpecification\",\"valueRequired\":true,\"valueName\":\"search_term_string\"}}],\"inLanguage\":\"de\"},{\"@type\":\"Organization\",\"@id\":\"https:\\\/\\\/www.organisator.ch\\\/#organization\",\"name\":\"Organisator\",\"url\":\"https:\\\/\\\/www.organisator.ch\\\/\",\"logo\":{\"@type\":\"ImageObject\",\"inLanguage\":\"de\",\"@id\":\"https:\\\/\\\/www.organisator.ch\\\/#\\\/schema\\\/logo\\\/image\\\/\",\"url\":\"https:\\\/\\\/www.organisator.ch\\\/wp-content\\\/uploads\\\/2022\\\/01\\\/Logo_Organisator_Website.png\",\"contentUrl\":\"https:\\\/\\\/www.organisator.ch\\\/wp-content\\\/uploads\\\/2022\\\/01\\\/Logo_Organisator_Website.png\",\"width\":800,\"height\":77,\"caption\":\"Organisator\"},\"image\":{\"@id\":\"https:\\\/\\\/www.organisator.ch\\\/#\\\/schema\\\/logo\\\/image\\\/\"},\"sameAs\":[\"https:\\\/\\\/www.facebook.com\\\/OrganisatorFachmagazin\",\"https:\\\/\\\/www.linkedin.com\\\/showcase\\\/organisator-das-magazin-fr-kmu\",\"https:\\\/\\\/www.xing.com\\\/news\\\/pages\\\/organisator-ch-695\",\"https:\\\/\\\/www.youtube.com\\\/channel\\\/UCGP2Sq0iWaZwT3BdIAQFYpw\"]},{\"@type\":\"Person\",\"@id\":\"https:\\\/\\\/www.organisator.ch\\\/#\\\/schema\\\/person\\\/6f650f90b2842cd4c0cc334b4e36f67e\",\"name\":\"thomas.berner\",\"image\":{\"@type\":\"ImageObject\",\"inLanguage\":\"de\",\"@id\":\"https:\\\/\\\/secure.gravatar.com\\\/avatar\\\/ac5001d2a36cb6c6cd3e50789007ffca834b477b74a2144564522e944eabff61?s=96&d=mm&r=g\",\"url\":\"https:\\\/\\\/secure.gravatar.com\\\/avatar\\\/ac5001d2a36cb6c6cd3e50789007ffca834b477b74a2144564522e944eabff61?s=96&d=mm&r=g\",\"contentUrl\":\"https:\\\/\\\/secure.gravatar.com\\\/avatar\\\/ac5001d2a36cb6c6cd3e50789007ffca834b477b74a2144564522e944eabff61?s=96&d=mm&r=g\",\"caption\":\"thomas.berner\"},\"url\":\"https:\\\/\\\/www.organisator.ch\\\/de\\\/author\\\/thomas-berner\\\/\"}]}<\/script>\n<!-- \/ Yoast SEO plugin. -->","yoast_head_json":{"title":"bexio \u00fcbernimmt Elohna - Organisator","description":"bexio ist eine Anbieterin von webbasierter Business Software f\u00fcr KMU. Das Unternehmen mit Sitz in Rapperswil \u00fcbernimmt nun die Elohna GmbH aus Berlin.","robots":{"index":"index","follow":"follow","max-snippet":"max-snippet:-1","max-image-preview":"max-image-preview:large","max-video-preview":"max-video-preview:-1"},"canonical":"https:\/\/www.organisator.ch\/de\/management\/it\/2017-01-19\/bexio-uebernimmt-elohna\/","og_locale":"de_DE","og_type":"article","og_title":"bexio \u00fcbernimmt Elohna - Organisator","og_description":"bexio ist eine Anbieterin von webbasierter Business Software f\u00fcr KMU. Das Unternehmen mit Sitz in Rapperswil \u00fcbernimmt nun die Elohna GmbH aus Berlin.","og_url":"https:\/\/www.organisator.ch\/de\/management\/it\/2017-01-19\/bexio-uebernimmt-elohna\/","og_site_name":"Organisator","article_publisher":"https:\/\/www.facebook.com\/OrganisatorFachmagazin","article_published_time":"2017-01-19T09:41:11+00:00","og_image":[{"width":640,"height":427,"url":"https:\/\/www.organisator.ch\/wp-content\/uploads\/2017\/01\/bexio-uebernimmt-Elohna_Organisator.jpg","type":"image\/jpeg"}],"author":"thomas.berner","twitter_card":"summary_large_image","schema":{"@context":"https:\/\/schema.org","@graph":[{"@type":"Article","@id":"https:\/\/www.organisator.ch\/management\/it\/2017-01-19\/bexio-uebernimmt-elohna\/#article","isPartOf":{"@id":"https:\/\/www.organisator.ch\/management\/it\/2017-01-19\/bexio-uebernimmt-elohna\/"},"author":{"name":"thomas.berner","@id":"https:\/\/www.organisator.ch\/#\/schema\/person\/6f650f90b2842cd4c0cc334b4e36f67e"},"headline":"bexio \u00fcbernimmt Elohna","datePublished":"2017-01-19T09:41:11+00:00","mainEntityOfPage":{"@id":"https:\/\/www.organisator.ch\/management\/it\/2017-01-19\/bexio-uebernimmt-elohna\/"},"wordCount":335,"commentCount":0,"publisher":{"@id":"https:\/\/www.organisator.ch\/#organization"},"image":{"@id":"https:\/\/www.organisator.ch\/management\/it\/2017-01-19\/bexio-uebernimmt-elohna\/#primaryimage"},"thumbnailUrl":"https:\/\/www.organisator.ch\/wp-content\/uploads\/2017\/01\/bexio-uebernimmt-Elohna_Organisator.jpg","keywords":["Finanzen\/Recht","IT&amp;Business Software","Produkte","Unternehmen"],"articleSection":["IT"],"inLanguage":"de"},{"@type":"WebPage","@id":"https:\/\/www.organisator.ch\/management\/it\/2017-01-19\/bexio-uebernimmt-elohna\/","url":"https:\/\/www.organisator.ch\/management\/it\/2017-01-19\/bexio-uebernimmt-elohna\/","name":"bexio \u00fcbernimmt Elohna - Organisator","isPartOf":{"@id":"https:\/\/www.organisator.ch\/#website"},"primaryImageOfPage":{"@id":"https:\/\/www.organisator.ch\/management\/it\/2017-01-19\/bexio-uebernimmt-elohna\/#primaryimage"},"image":{"@id":"https:\/\/www.organisator.ch\/management\/it\/2017-01-19\/bexio-uebernimmt-elohna\/#primaryimage"},"thumbnailUrl":"https:\/\/www.organisator.ch\/wp-content\/uploads\/2017\/01\/bexio-uebernimmt-Elohna_Organisator.jpg","datePublished":"2017-01-19T09:41:11+00:00","description":"bexio ist eine Anbieterin von webbasierter Business Software f\u00fcr KMU. Das Unternehmen mit Sitz in Rapperswil \u00fcbernimmt nun die Elohna GmbH aus Berlin.","breadcrumb":{"@id":"https:\/\/www.organisator.ch\/management\/it\/2017-01-19\/bexio-uebernimmt-elohna\/#breadcrumb"},"inLanguage":"de","potentialAction":[{"@type":"ReadAction","target":["https:\/\/www.organisator.ch\/management\/it\/2017-01-19\/bexio-uebernimmt-elohna\/"]}]},{"@type":"ImageObject","inLanguage":"de","@id":"https:\/\/www.organisator.ch\/management\/it\/2017-01-19\/bexio-uebernimmt-elohna\/#primaryimage","url":"https:\/\/www.organisator.ch\/wp-content\/uploads\/2017\/01\/bexio-uebernimmt-Elohna_Organisator.jpg","contentUrl":"https:\/\/www.organisator.ch\/wp-content\/uploads\/2017\/01\/bexio-uebernimmt-Elohna_Organisator.jpg","width":640,"height":427,"caption":"Jeremias Meier, Gr\u00fcnder von bexio, f\u00fcgt der Erfolgsstory seines Unternehmens ein neues Kapitel hinzu. (Archivbild Organisator)"},{"@type":"BreadcrumbList","@id":"https:\/\/www.organisator.ch\/management\/it\/2017-01-19\/bexio-uebernimmt-elohna\/#breadcrumb","itemListElement":[{"@type":"ListItem","position":1,"name":"Home","item":"https:\/\/www.organisator.ch\/"},{"@type":"ListItem","position":2,"name":"bexio \u00fcbernimmt Elohna"}]},{"@type":"WebSite","@id":"https:\/\/www.organisator.ch\/#website","url":"https:\/\/www.organisator.ch\/","name":"Organisator","description":"Kompetent. Praxisnah. Der ORGANISATOR bereitet in 10 Ausgaben pro Jahr die wesentlichen Themen f\u00fcr F\u00fchrungskr\u00e4fte von KMU auf.","publisher":{"@id":"https:\/\/www.organisator.ch\/#organization"},"potentialAction":[{"@type":"SearchAction","target":{"@type":"EntryPoint","urlTemplate":"https:\/\/www.organisator.ch\/?s={search_term_string}"},"query-input":{"@type":"PropertyValueSpecification","valueRequired":true,"valueName":"search_term_string"}}],"inLanguage":"de"},{"@type":"Organization","@id":"https:\/\/www.organisator.ch\/#organization","name":"Organisator","url":"https:\/\/www.organisator.ch\/","logo":{"@type":"ImageObject","inLanguage":"de","@id":"https:\/\/www.organisator.ch\/#\/schema\/logo\/image\/","url":"https:\/\/www.organisator.ch\/wp-content\/uploads\/2022\/01\/Logo_Organisator_Website.png","contentUrl":"https:\/\/www.organisator.ch\/wp-content\/uploads\/2022\/01\/Logo_Organisator_Website.png","width":800,"height":77,"caption":"Organisator"},"image":{"@id":"https:\/\/www.organisator.ch\/#\/schema\/logo\/image\/"},"sameAs":["https:\/\/www.facebook.com\/OrganisatorFachmagazin","https:\/\/www.linkedin.com\/showcase\/organisator-das-magazin-fr-kmu","https:\/\/www.xing.com\/news\/pages\/organisator-ch-695","https:\/\/www.youtube.com\/channel\/UCGP2Sq0iWaZwT3BdIAQFYpw"]},{"@type":"Person","@id":"https:\/\/www.organisator.ch\/#\/schema\/person\/6f650f90b2842cd4c0cc334b4e36f67e","name":"thomas.berner","image":{"@type":"ImageObject","inLanguage":"de","@id":"https:\/\/secure.gravatar.com\/avatar\/ac5001d2a36cb6c6cd3e50789007ffca834b477b74a2144564522e944eabff61?s=96&d=mm&r=g","url":"https:\/\/secure.gravatar.com\/avatar\/ac5001d2a36cb6c6cd3e50789007ffca834b477b74a2144564522e944eabff61?s=96&d=mm&r=g","contentUrl":"https:\/\/secure.gravatar.com\/avatar\/ac5001d2a36cb6c6cd3e50789007ffca834b477b74a2144564522e944eabff61?s=96&d=mm&r=g","caption":"thomas.berner"},"url":"https:\/\/www.organisator.ch\/de\/author\/thomas-berner\/"}]}},"_links":{"self":[{"href":"https:\/\/www.organisator.ch\/de\/wp-json\/wp\/v2\/posts\/1384","targetHints":{"allow":["GET"]}}],"collection":[{"href":"https:\/\/www.organisator.ch\/de\/wp-json\/wp\/v2\/posts"}],"about":[{"href":"https:\/\/www.organisator.ch\/de\/wp-json\/wp\/v2\/types\/post"}],"author":[{"embeddable":true,"href":"https:\/\/www.organisator.ch\/de\/wp-json\/wp\/v2\/users\/4"}],"replies":[{"embeddable":true,"href":"https:\/\/www.organisator.ch\/de\/wp-json\/wp\/v2\/comments?post=1384"}],"version-history":[{"count":0,"href":"https:\/\/www.organisator.ch\/de\/wp-json\/wp\/v2\/posts\/1384\/revisions"}],"wp:featuredmedia":[{"embeddable":true,"href":"https:\/\/www.organisator.ch\/de\/wp-json\/wp\/v2\/media\/1388"}],"wp:attachment":[{"href":"https:\/\/www.organisator.ch\/de\/wp-json\/wp\/v2\/media?parent=1384"}],"wp:term":[{"taxonomy":"category","embeddable":true,"href":"https:\/\/www.organisator.ch\/de\/wp-json\/wp\/v2\/categories?post=1384"},{"taxonomy":"post_tag","embeddable":true,"href":"https:\/\/www.organisator.ch\/de\/wp-json\/wp\/v2\/tags?post=1384"}],"curies":[{"name":"wp","href":"https:\/\/api.w.org\/{rel}","templated":true}]}}